{"id":50188,"date":"2025-04-20T20:22:00","date_gmt":"2025-04-20T18:22:00","guid":{"rendered":"https:\/\/weisetech.dev\/fc-barcelona-noticias\/en\/barcelona-vs-mallorca-flick-possible-rotations-fcbn_312238_102\/"},"modified":"2026-03-27T11:32:35","modified_gmt":"2026-03-27T10:32:35","slug":"barcelona-vs-mallorca-flick-possible-rotations-fcbn_312238_102","status":"publish","type":"post","link":"https:\/\/www.fcbarcelonanoticias.com\/en\/laliga\/barcelona-vs-mallorca-flick-possible-rotations-fcbn_312238_102.html","title":{"rendered":"What changes is Hansi Flick preparing for Bar\u00e7a against Mallorca?"},"content":{"rendered":"<h2 class=\"wp-block-heading\">Hansi Flick will make several rotations in his XI for the Bar\u00e7a-Mallorca match. The match, prior to the Copa del Rey final, looks ideal to give some starters a rest<\/h2>  \r\n<div class=\"article-addons\">\r\n    <a href=\"https:\/\/www.fcbarcelonanoticias.com\/en\/calendar-fc-barcelona.html\"\r\n       target=\"_self\"\r\n       title=\"Calendar of FC Barcelona\"\r\n       class=\"blue-gredient-btn\">\r\n       \r\n        Calendar of FC Barcelona    <\/a>\r\n<\/div>   <p>Hansi Flick&#8217;s FC Barcelona faces Mallorca this Tuesday for matchday 33 of LaLiga. <strong>The Azulgrana team will not be able to count on Robert Lewandowski and Alejandro Balde<\/strong>, who join Marc Casad\u00f3, Ter Stegen, and Marc Bernal in the Azulgrana infirmary.<\/p>  <p><strong>Just four days before the Copa del Rey final<\/strong> against Real Madrid (Saturday the 26th at 10:00 PM), the match against the Balearic team seems ideal for Flick to give several of his starters a rest.<\/p>  <p><a data-external=\"0\" data-intl-links-en=\"https:\/\/www.fcbarcelonanoticias.com\/en\/laliga\/this-is-how-laliga-2024-25-standings-are-going_312103_102.html\" data-intl-links-es=\"https:\/\/www.fcbarcelonanoticias.com\/laliga\/asi-marcha-clasificacion-laliga-2024-25_312103_102.html\" href=\"https:\/\/www.fcbarcelonanoticias.com\/en\/laliga\/this-is-how-laliga-2024-25-standings-are-going_312103_102.html\" rel=\"follow\" target=\"_self\" title=\"As\u00ed est\u00e1 la clasificaci\u00f3n de LaLiga tras la remontada del Bar\u00e7a ante el Celta\">Bar\u00e7a maintains a solid advantage over Madrid in La Liga<\/a> (7 points, for now) and continues to depend on itself to be champion. In addition, they will face a Mallorca also hit by absences, with up to 6 absences due to injuries and suspensions.<\/p>  <h2>Which Bar\u00e7a starters could rest against Mallorca?<\/h2>  <p>The three undisputed players who could stay on the bench on Tuesday are <strong>Pau Cubars\u00ed, I\u00f1igo Mart\u00ednez, and Frenkie de Jong<\/strong>. The Dutchman and the Basque player had a complicated afternoon on Saturday against Celta, showing some exhaustion. The &#8216;2&#8217; was a substitute against Legan\u00e9s and Girona, playing only 10 minutes in each match.<\/p>  <p>Others who accumulate a significant amount of minutes are <strong>Jules Kound\u00e9 and Pedri<\/strong>. The Canary Islander (3,919 minutes in 50 matches) rested last week in Dortmund, but his absence weighed too heavily on the Cul\u00e9 performance.<\/p>  <p><a data-external=\"0\" data-intl-links-en=\"https:\/\/www.fcbarcelonanoticias.com\/en\/fc-barcelona\/kounde-the-iron-man-of-barca-who-breaks-records_312234_102.html\" data-intl-links-es=\"https:\/\/www.fcbarcelonanoticias.com\/fc-barcelona\/record-kounde-86-partidos-consecutivos-fc-barcelona_312234_102.html\" href=\"https:\/\/www.fcbarcelonanoticias.com\/en\/fc-barcelona\/kounde-the-iron-man-of-barca-who-breaks-records_312234_102.html\" rel=\"follow\" target=\"_self\" title=\"La asombrosa resistencia de Kound\u00e9: Un r\u00e9cord que desaf\u00eda lo imposible\">Kound\u00e9, on the other hand, has played practically everything this year<\/a> (he leads the squad in minutes played, with 4,261&#8242;), but just as with the &#8216;8&#8217;, Flick does not have a reliable replacement for his position.<\/p>  <h2>New opportunity for Ferran Torres and Dani Olmo<\/h2>  <p>In principle, <strong>Dani Olmo and Ferran Torres<\/strong> should start on Tuesday. The attacking midfielder was key against Celta, with a goal and a penalty provoked that were fundamental for Bar\u00e7a&#8217;s comeback in the last half hour of the match.<\/p>  <p><strong>The &#8216;Shark&#8217; also did his thing in the first half, scoring the partial 1-0<\/strong>. Flick put the Valencian in place of Lamine Yamal and the &#8216;7&#8217; responded with his 17th goal of the season.<\/p>  <p>Without Robert Lewandowski available, <strong>Ferran will be the team&#8217;s center forward<\/strong>, a role he has played well in La Liga and Copa this 2025. Torres, for now, is the top scorer of the Copa del Rey, with 5 goals in 4 matches.<\/p>  <p>In addition, the player from Foios already scored against Mallorca in the first leg, the first of the 5 Cul\u00e9 goals in the &#8216;manita&#8217; at Son Moix (1-5).&nbsp;<\/p>  <h2>Araujo, Eric, and Gavi aim for the XI against Mallorca<\/h2>  <div class=\"media media-image\" data-ck-asset-wrapper=\"\"> <div class=\"media-item\"> <img loading=\"lazy\" decoding=\"async\" alt=\"Gavi, in the preview of a Bar\u00e7a match\" data-id=\"1476023\" data-resize=\"null\" height=\"675\" src=\"https:\/\/www.fcbarcelonanoticias.com\/wp-content\/uploads\/sites\/2\/2025\/04\/fcbn-2806ec72fa2d43d7243a70af3d341d91.jpeg\" title=\"Gavi, in the preview of a Bar\u00e7a match\" width=\"1200\"><div class=\"media-title\">Gavi, in the preview of a Bar\u00e7a match<\/div> <\/div> <\/div>  <p>Similarly, <strong>Ronald Araujo, Eric Garc\u00eda, and Gavi<\/strong> will have a new opportunity against Mallorca. The Andalusian and the &#8216;charr\u00faa&#8217; did not have a good night in Dortmund, so they were substitutes against Celta.<\/p>  <p>Eric, for his part, started against Legan\u00e9s (0-1) and had played the last 20&#8242; against Dortmund. On Saturday, he came on at the end for Pau Cubars\u00ed, while Gavi was chosen to replace Lewandowski after his injury in the 78th minute.<\/p>  <p>In the case of Araujo, he played three consecutive matches as a starter in the absence of I\u00f1igo Mart\u00ednez against Girona, Betis, and Legan\u00e9s. However, after the return of the Basque player, he has returned to being a substitute.&nbsp;<\/p>  <h2>The possible lineup of Bar\u00e7a against Mallorca<\/h2>  <ul> <li> <strong>Possible XI of Bar\u00e7a against Mallorca<\/strong>: Szcezny; Kound\u00e9, Araujo, Eric Garc\u00eda, Gerard Mart\u00edn; Gavi, Pedri; Dani Olmo, Lamine, Raphinha; Ferran.<\/li> \t<li> <strong>The lineup of Bar\u00e7a in the first leg against Mallorca<\/strong>: I\u00f1aki Pe\u00f1a, Kound\u00e9, Cubars\u00ed, I\u00f1igo, Balde; Casad\u00f3, Pedri; Olmo, Lamine, Raphinha; Ferran.<\/li> \t<li> <strong>Goals of Mallorca 1-5 FC Barcelona<\/strong>: Ferran Torres (min. 12); Raphinha (min. 56, p.); Raphinha (min. 74); Frenkie de Jong (min. 79); Pau V\u00edctor (min. 84).<\/li> <\/ul> <ul> <li>\ud83d\udccc&nbsp;<strong>Follow the match live&nbsp;<a data-external=\"0\" data-intl-links-en=\"https:\/\/www.fcbarcelonanoticias.com\/en\/tags\/fc-barcelona-vs-mallorca\" data-intl-links-es=\"https:\/\/www.fcbarcelonanoticias.com\/tags\/fc-barcelona-vs-mallorca\" href=\"https:\/\/www.fcbarcelonanoticias.com\/en\/tags\/fc-barcelona-vs-mallorca.html\" rel=\"follow\" target=\"_self\" title=\"FC Barcelona vs RCD Mallorca\">FC Barcelona vs Mallorca<\/a>&nbsp;on FCBN and find out everything&nbsp;don&#8217;t miss anything!<\/strong> <\/li> <\/ul> ","protected":false},"excerpt":{"rendered":"<p>Hansi Flick will make several rotations in his XI for the Bar\u00e7a-Mallorca match. The match, prior to the Copa del Rey final, looks ideal to give some starters a rest Hansi Flick&#8217;s FC Barcelona faces Mallorca this Tuesday for matchday 33 of LaLiga. The Azulgrana team will not be able to count on Robert Lewandowski [&hellip;]<\/p>\n","protected":false},"author":347,"featured_media":50189,"comment_status":"closed","ping_status":"open","sticky":false,"template":"","format":"standard","meta":{"_acf_changed":false,"inline_featured_image":false,"_nextfly_llmd_date_locked":false,"footnotes":""},"categories":[114,448],"tags":[201,45,87],"class_list":["post-50188","post","type-post","status-publish","format-standard","has-post-thumbnail","hentry","category-laliga","category-laliga-2","tag-lineups","tag-fc-barcelona-vs-mallorca","tag-hansi-flick"],"acf":[],"yoast_head":"<!-- This site is optimized with the Yoast SEO plugin v27.3 - https:\/\/yoast.com\/product\/yoast-seo-wordpress\/ -->\n<title>Bar\u00e7a vs Mallorca: Flick&#039;s possible rotations | FCBN<\/title>\n<meta name=\"description\" content=\"Bar\u00e7a will face Mallorca with their sights set on the Copa del Rey final. Discover the changes that Hansi Flick is planning!\" \/>\n<meta name=\"robots\" content=\"index, follow, max-snippet:-1, max-image-preview:large, max-video-preview:-1\" \/>\n<link rel=\"canonical\" href=\"https:\/\/www.fcbarcelonanoticias.com\/en\/laliga\/barcelona-vs-mallorca-flick-possible-rotations-fcbn_312238_102.html\" \/>\n<meta property=\"og:locale\" content=\"en_US\" \/>\n<meta property=\"og:type\" content=\"article\" \/>\n<meta property=\"og:title\" content=\"Bar\u00e7a vs Mallorca: Flick&#039;s possible rotations | FCBN\" \/>\n<meta property=\"og:description\" content=\"Bar\u00e7a will face Mallorca with their sights set on the Copa del Rey final. Discover the changes that Hansi Flick is planning!\" \/>\n<meta property=\"og:url\" content=\"https:\/\/www.fcbarcelonanoticias.com\/en\/laliga\/barcelona-vs-mallorca-flick-possible-rotations-fcbn_312238_102.html\" \/>\n<meta property=\"og:site_name\" content=\"EN - FC Barcelona Noticias\" \/>\n<meta property=\"article:published_time\" content=\"2025-04-20T18:22:00+00:00\" \/>\n<meta property=\"article:modified_time\" content=\"2026-03-27T10:32:35+00:00\" \/>\n<meta property=\"og:image\" content=\"https:\/\/www.fcbarcelonanoticias.com\/en\/wp-content\/uploads\/sites\/2\/2025\/04\/dani-olmo-v-mallorca.jpeg\" \/>\n\t<meta property=\"og:image:width\" content=\"1200\" \/>\n\t<meta property=\"og:image:height\" content=\"675\" \/>\n\t<meta property=\"og:image:type\" content=\"image\/jpeg\" \/>\n<meta name=\"author\" content=\"Andr\u00e9s Quiroz\" \/>\n<meta name=\"twitter:card\" content=\"summary_large_image\" \/>\n<meta name=\"twitter:label1\" content=\"Written by\" \/>\n\t<meta name=\"twitter:data1\" content=\"Andr\u00e9s Quiroz\" \/>\n\t<meta name=\"twitter:label2\" content=\"Est. reading time\" \/>\n\t<meta name=\"twitter:data2\" content=\"3 minutes\" \/>\n<script type=\"application\/ld+json\" class=\"yoast-schema-graph\">{\"@context\":\"https:\\\/\\\/schema.org\",\"@graph\":[{\"@type\":\"Article\",\"@id\":\"https:\\\/\\\/www.fcbarcelonanoticias.com\\\/en\\\/laliga\\\/barcelona-vs-mallorca-flick-possible-rotations-fcbn_312238_102.html#article\",\"isPartOf\":{\"@id\":\"https:\\\/\\\/www.fcbarcelonanoticias.com\\\/en\\\/laliga\\\/barcelona-vs-mallorca-flick-possible-rotations-fcbn_312238_102.html\"},\"author\":{\"name\":\"Andr\u00e9s Quiroz\",\"@id\":\"https:\\\/\\\/www.fcbarcelonanoticias.com\\\/en\\\/#\\\/schema\\\/person\\\/c2cd9f6fa1af5c0d0eccd0fefa575c88\"},\"headline\":\"What changes is Hansi Flick preparing for Bar\u00e7a against Mallorca?\",\"datePublished\":\"2025-04-20T18:22:00+00:00\",\"dateModified\":\"2026-03-27T10:32:35+00:00\",\"mainEntityOfPage\":{\"@id\":\"https:\\\/\\\/www.fcbarcelonanoticias.com\\\/en\\\/laliga\\\/barcelona-vs-mallorca-flick-possible-rotations-fcbn_312238_102.html\"},\"wordCount\":681,\"image\":{\"@id\":\"https:\\\/\\\/www.fcbarcelonanoticias.com\\\/en\\\/laliga\\\/barcelona-vs-mallorca-flick-possible-rotations-fcbn_312238_102.html#primaryimage\"},\"thumbnailUrl\":\"https:\\\/\\\/www.fcbarcelonanoticias.com\\\/en\\\/wp-content\\\/uploads\\\/sites\\\/2\\\/2025\\\/04\\\/dani-olmo-v-mallorca.jpeg\",\"keywords\":[\"FC Barcelona Lineups\",\"FC Barcelona vs RCD Mallorca\",\"Hansi Flick\"],\"articleSection\":[\"LaLiga\",\"LaLiga\"],\"inLanguage\":\"en-US\"},{\"@type\":\"WebPage\",\"@id\":\"https:\\\/\\\/www.fcbarcelonanoticias.com\\\/en\\\/laliga\\\/barcelona-vs-mallorca-flick-possible-rotations-fcbn_312238_102.html\",\"url\":\"https:\\\/\\\/www.fcbarcelonanoticias.com\\\/en\\\/laliga\\\/barcelona-vs-mallorca-flick-possible-rotations-fcbn_312238_102.html\",\"name\":\"Bar\u00e7a vs Mallorca: Flick's possible rotations | FCBN\",\"isPartOf\":{\"@id\":\"https:\\\/\\\/www.fcbarcelonanoticias.com\\\/en\\\/#website\"},\"primaryImageOfPage\":{\"@id\":\"https:\\\/\\\/www.fcbarcelonanoticias.com\\\/en\\\/laliga\\\/barcelona-vs-mallorca-flick-possible-rotations-fcbn_312238_102.html#primaryimage\"},\"image\":{\"@id\":\"https:\\\/\\\/www.fcbarcelonanoticias.com\\\/en\\\/laliga\\\/barcelona-vs-mallorca-flick-possible-rotations-fcbn_312238_102.html#primaryimage\"},\"thumbnailUrl\":\"https:\\\/\\\/www.fcbarcelonanoticias.com\\\/en\\\/wp-content\\\/uploads\\\/sites\\\/2\\\/2025\\\/04\\\/dani-olmo-v-mallorca.jpeg\",\"datePublished\":\"2025-04-20T18:22:00+00:00\",\"dateModified\":\"2026-03-27T10:32:35+00:00\",\"author\":{\"@id\":\"https:\\\/\\\/www.fcbarcelonanoticias.com\\\/en\\\/#\\\/schema\\\/person\\\/c2cd9f6fa1af5c0d0eccd0fefa575c88\"},\"description\":\"Bar\u00e7a will face Mallorca with their sights set on the Copa del Rey final. Discover the changes that Hansi Flick is planning!\",\"breadcrumb\":{\"@id\":\"https:\\\/\\\/www.fcbarcelonanoticias.com\\\/en\\\/laliga\\\/barcelona-vs-mallorca-flick-possible-rotations-fcbn_312238_102.html#breadcrumb\"},\"inLanguage\":\"en-US\",\"potentialAction\":[{\"@type\":\"ReadAction\",\"target\":[\"https:\\\/\\\/www.fcbarcelonanoticias.com\\\/en\\\/laliga\\\/barcelona-vs-mallorca-flick-possible-rotations-fcbn_312238_102.html\"]}]},{\"@type\":\"ImageObject\",\"inLanguage\":\"en-US\",\"@id\":\"https:\\\/\\\/www.fcbarcelonanoticias.com\\\/en\\\/laliga\\\/barcelona-vs-mallorca-flick-possible-rotations-fcbn_312238_102.html#primaryimage\",\"url\":\"https:\\\/\\\/www.fcbarcelonanoticias.com\\\/en\\\/wp-content\\\/uploads\\\/sites\\\/2\\\/2025\\\/04\\\/dani-olmo-v-mallorca.jpeg\",\"contentUrl\":\"https:\\\/\\\/www.fcbarcelonanoticias.com\\\/en\\\/wp-content\\\/uploads\\\/sites\\\/2\\\/2025\\\/04\\\/dani-olmo-v-mallorca.jpeg\",\"width\":1200,\"height\":675},{\"@type\":\"BreadcrumbList\",\"@id\":\"https:\\\/\\\/www.fcbarcelonanoticias.com\\\/en\\\/laliga\\\/barcelona-vs-mallorca-flick-possible-rotations-fcbn_312238_102.html#breadcrumb\",\"itemListElement\":[{\"@type\":\"ListItem\",\"position\":1,\"name\":\"Portada\",\"item\":\"https:\\\/\\\/www.fcbarcelonanoticias.com\\\/en\\\/\"},{\"@type\":\"ListItem\",\"position\":2,\"name\":\"What changes is Hansi Flick preparing for Bar\u00e7a against Mallorca?\"}]},{\"@type\":\"WebSite\",\"@id\":\"https:\\\/\\\/www.fcbarcelonanoticias.com\\\/en\\\/#website\",\"url\":\"https:\\\/\\\/www.fcbarcelonanoticias.com\\\/en\\\/\",\"name\":\"EN - FC Barcelona Noticias\",\"description\":\"\",\"potentialAction\":[{\"@type\":\"SearchAction\",\"target\":{\"@type\":\"EntryPoint\",\"urlTemplate\":\"https:\\\/\\\/www.fcbarcelonanoticias.com\\\/en\\\/?s={search_term_string}\"},\"query-input\":{\"@type\":\"PropertyValueSpecification\",\"valueRequired\":true,\"valueName\":\"search_term_string\"}}],\"inLanguage\":\"en-US\"},{\"@type\":\"Person\",\"@id\":\"https:\\\/\\\/www.fcbarcelonanoticias.com\\\/en\\\/#\\\/schema\\\/person\\\/c2cd9f6fa1af5c0d0eccd0fefa575c88\",\"name\":\"Andr\u00e9s Quiroz\",\"image\":{\"@type\":\"ImageObject\",\"inLanguage\":\"en-US\",\"@id\":\"https:\\\/\\\/secure.gravatar.com\\\/avatar\\\/?s=96&d=mm&r=g\",\"url\":\"https:\\\/\\\/secure.gravatar.com\\\/avatar\\\/?s=96&d=mm&r=g\",\"contentUrl\":\"https:\\\/\\\/secure.gravatar.com\\\/avatar\\\/?s=96&d=mm&r=g\",\"caption\":\"Andr\u00e9s Quiroz\"},\"description\":\"Licenciado en Periodismo por la Universidad de los Andes. Me encargo de analizar y compartir los contenidos m\u00e1s destacados de la\u00a0actualidad del F\u00fatbol Club Barcelona, Mercado de Fichajes y F\u00fatbol Internacional en FCBN. La informaci\u00f3n es poder, pero tambi\u00e9n conocimiento.\",\"url\":\"https:\\\/\\\/www.fcbarcelonanoticias.com\\\/en\\\/fc-barcelona\\\/andres-quiroz_17_115.html\"}]}<\/script>\n<!-- \/ Yoast SEO plugin. -->","yoast_head_json":{"title":"Bar\u00e7a vs Mallorca: Flick's possible rotations | FCBN","description":"Bar\u00e7a will face Mallorca with their sights set on the Copa del Rey final. Discover the changes that Hansi Flick is planning!","robots":{"index":"index","follow":"follow","max-snippet":"max-snippet:-1","max-image-preview":"max-image-preview:large","max-video-preview":"max-video-preview:-1"},"canonical":"https:\/\/www.fcbarcelonanoticias.com\/en\/laliga\/barcelona-vs-mallorca-flick-possible-rotations-fcbn_312238_102.html","og_locale":"en_US","og_type":"article","og_title":"Bar\u00e7a vs Mallorca: Flick's possible rotations | FCBN","og_description":"Bar\u00e7a will face Mallorca with their sights set on the Copa del Rey final. Discover the changes that Hansi Flick is planning!","og_url":"https:\/\/www.fcbarcelonanoticias.com\/en\/laliga\/barcelona-vs-mallorca-flick-possible-rotations-fcbn_312238_102.html","og_site_name":"EN - FC Barcelona Noticias","article_published_time":"2025-04-20T18:22:00+00:00","article_modified_time":"2026-03-27T10:32:35+00:00","og_image":[{"width":1200,"height":675,"url":"https:\/\/www.fcbarcelonanoticias.com\/en\/wp-content\/uploads\/sites\/2\/2025\/04\/dani-olmo-v-mallorca.jpeg","type":"image\/jpeg"}],"author":"Andr\u00e9s Quiroz","twitter_card":"summary_large_image","twitter_misc":{"Written by":"Andr\u00e9s Quiroz","Est. reading time":"3 minutes"},"schema":{"@context":"https:\/\/schema.org","@graph":[{"@type":"Article","@id":"https:\/\/www.fcbarcelonanoticias.com\/en\/laliga\/barcelona-vs-mallorca-flick-possible-rotations-fcbn_312238_102.html#article","isPartOf":{"@id":"https:\/\/www.fcbarcelonanoticias.com\/en\/laliga\/barcelona-vs-mallorca-flick-possible-rotations-fcbn_312238_102.html"},"author":{"name":"Andr\u00e9s Quiroz","@id":"https:\/\/www.fcbarcelonanoticias.com\/en\/#\/schema\/person\/c2cd9f6fa1af5c0d0eccd0fefa575c88"},"headline":"What changes is Hansi Flick preparing for Bar\u00e7a against Mallorca?","datePublished":"2025-04-20T18:22:00+00:00","dateModified":"2026-03-27T10:32:35+00:00","mainEntityOfPage":{"@id":"https:\/\/www.fcbarcelonanoticias.com\/en\/laliga\/barcelona-vs-mallorca-flick-possible-rotations-fcbn_312238_102.html"},"wordCount":681,"image":{"@id":"https:\/\/www.fcbarcelonanoticias.com\/en\/laliga\/barcelona-vs-mallorca-flick-possible-rotations-fcbn_312238_102.html#primaryimage"},"thumbnailUrl":"https:\/\/www.fcbarcelonanoticias.com\/en\/wp-content\/uploads\/sites\/2\/2025\/04\/dani-olmo-v-mallorca.jpeg","keywords":["FC Barcelona Lineups","FC Barcelona vs RCD Mallorca","Hansi Flick"],"articleSection":["LaLiga","LaLiga"],"inLanguage":"en-US"},{"@type":"WebPage","@id":"https:\/\/www.fcbarcelonanoticias.com\/en\/laliga\/barcelona-vs-mallorca-flick-possible-rotations-fcbn_312238_102.html","url":"https:\/\/www.fcbarcelonanoticias.com\/en\/laliga\/barcelona-vs-mallorca-flick-possible-rotations-fcbn_312238_102.html","name":"Bar\u00e7a vs Mallorca: Flick's possible rotations | FCBN","isPartOf":{"@id":"https:\/\/www.fcbarcelonanoticias.com\/en\/#website"},"primaryImageOfPage":{"@id":"https:\/\/www.fcbarcelonanoticias.com\/en\/laliga\/barcelona-vs-mallorca-flick-possible-rotations-fcbn_312238_102.html#primaryimage"},"image":{"@id":"https:\/\/www.fcbarcelonanoticias.com\/en\/laliga\/barcelona-vs-mallorca-flick-possible-rotations-fcbn_312238_102.html#primaryimage"},"thumbnailUrl":"https:\/\/www.fcbarcelonanoticias.com\/en\/wp-content\/uploads\/sites\/2\/2025\/04\/dani-olmo-v-mallorca.jpeg","datePublished":"2025-04-20T18:22:00+00:00","dateModified":"2026-03-27T10:32:35+00:00","author":{"@id":"https:\/\/www.fcbarcelonanoticias.com\/en\/#\/schema\/person\/c2cd9f6fa1af5c0d0eccd0fefa575c88"},"description":"Bar\u00e7a will face Mallorca with their sights set on the Copa del Rey final. Discover the changes that Hansi Flick is planning!","breadcrumb":{"@id":"https:\/\/www.fcbarcelonanoticias.com\/en\/laliga\/barcelona-vs-mallorca-flick-possible-rotations-fcbn_312238_102.html#breadcrumb"},"inLanguage":"en-US","potentialAction":[{"@type":"ReadAction","target":["https:\/\/www.fcbarcelonanoticias.com\/en\/laliga\/barcelona-vs-mallorca-flick-possible-rotations-fcbn_312238_102.html"]}]},{"@type":"ImageObject","inLanguage":"en-US","@id":"https:\/\/www.fcbarcelonanoticias.com\/en\/laliga\/barcelona-vs-mallorca-flick-possible-rotations-fcbn_312238_102.html#primaryimage","url":"https:\/\/www.fcbarcelonanoticias.com\/en\/wp-content\/uploads\/sites\/2\/2025\/04\/dani-olmo-v-mallorca.jpeg","contentUrl":"https:\/\/www.fcbarcelonanoticias.com\/en\/wp-content\/uploads\/sites\/2\/2025\/04\/dani-olmo-v-mallorca.jpeg","width":1200,"height":675},{"@type":"BreadcrumbList","@id":"https:\/\/www.fcbarcelonanoticias.com\/en\/laliga\/barcelona-vs-mallorca-flick-possible-rotations-fcbn_312238_102.html#breadcrumb","itemListElement":[{"@type":"ListItem","position":1,"name":"Portada","item":"https:\/\/www.fcbarcelonanoticias.com\/en\/"},{"@type":"ListItem","position":2,"name":"What changes is Hansi Flick preparing for Bar\u00e7a against Mallorca?"}]},{"@type":"WebSite","@id":"https:\/\/www.fcbarcelonanoticias.com\/en\/#website","url":"https:\/\/www.fcbarcelonanoticias.com\/en\/","name":"EN - FC Barcelona Noticias","description":"","potentialAction":[{"@type":"SearchAction","target":{"@type":"EntryPoint","urlTemplate":"https:\/\/www.fcbarcelonanoticias.com\/en\/?s={search_term_string}"},"query-input":{"@type":"PropertyValueSpecification","valueRequired":true,"valueName":"search_term_string"}}],"inLanguage":"en-US"},{"@type":"Person","@id":"https:\/\/www.fcbarcelonanoticias.com\/en\/#\/schema\/person\/c2cd9f6fa1af5c0d0eccd0fefa575c88","name":"Andr\u00e9s Quiroz","image":{"@type":"ImageObject","inLanguage":"en-US","@id":"https:\/\/secure.gravatar.com\/avatar\/?s=96&d=mm&r=g","url":"https:\/\/secure.gravatar.com\/avatar\/?s=96&d=mm&r=g","contentUrl":"https:\/\/secure.gravatar.com\/avatar\/?s=96&d=mm&r=g","caption":"Andr\u00e9s Quiroz"},"description":"Licenciado en Periodismo por la Universidad de los Andes. Me encargo de analizar y compartir los contenidos m\u00e1s destacados de la\u00a0actualidad del F\u00fatbol Club Barcelona, Mercado de Fichajes y F\u00fatbol Internacional en FCBN. La informaci\u00f3n es poder, pero tambi\u00e9n conocimiento.","url":"https:\/\/www.fcbarcelonanoticias.com\/en\/fc-barcelona\/andres-quiroz_17_115.html"}]}},"_links":{"self":[{"href":"https:\/\/www.fcbarcelonanoticias.com\/en\/wp-json\/wp\/v2\/posts\/50188","targetHints":{"allow":["GET"]}}],"collection":[{"href":"https:\/\/www.fcbarcelonanoticias.com\/en\/wp-json\/wp\/v2\/posts"}],"about":[{"href":"https:\/\/www.fcbarcelonanoticias.com\/en\/wp-json\/wp\/v2\/types\/post"}],"author":[{"embeddable":true,"href":"https:\/\/www.fcbarcelonanoticias.com\/en\/wp-json\/wp\/v2\/users\/347"}],"replies":[{"embeddable":true,"href":"https:\/\/www.fcbarcelonanoticias.com\/en\/wp-json\/wp\/v2\/comments?post=50188"}],"version-history":[{"count":2,"href":"https:\/\/www.fcbarcelonanoticias.com\/en\/wp-json\/wp\/v2\/posts\/50188\/revisions"}],"predecessor-version":[{"id":159023,"href":"https:\/\/www.fcbarcelonanoticias.com\/en\/wp-json\/wp\/v2\/posts\/50188\/revisions\/159023"}],"wp:featuredmedia":[{"embeddable":true,"href":"https:\/\/www.fcbarcelonanoticias.com\/en\/wp-json\/wp\/v2\/media\/50189"}],"wp:attachment":[{"href":"https:\/\/www.fcbarcelonanoticias.com\/en\/wp-json\/wp\/v2\/media?parent=50188"}],"wp:term":[{"taxonomy":"category","embeddable":true,"href":"https:\/\/www.fcbarcelonanoticias.com\/en\/wp-json\/wp\/v2\/categories?post=50188"},{"taxonomy":"post_tag","embeddable":true,"href":"https:\/\/www.fcbarcelonanoticias.com\/en\/wp-json\/wp\/v2\/tags?post=50188"}],"curies":[{"name":"wp","href":"https:\/\/api.w.org\/{rel}","templated":true}]}}