{"id":50243,"date":"2026-01-24T18:01:00","date_gmt":"2026-01-24T17:01:00","guid":{"rendered":"https:\/\/weisetech.dev\/fc-barcelona-noticias\/en\/barcelona-vs-oviedo-probable-lineups-and-absences-laliga_315824_102\/"},"modified":"2026-03-27T11:39:06","modified_gmt":"2026-03-27T10:39:06","slug":"barcelona-vs-oviedo-probable-lineups-and-absences-laliga_315824_102","status":"publish","type":"post","link":"https:\/\/www.fcbarcelonanoticias.com\/en\/laliga\/barcelona-vs-oviedo-probable-lineups-and-absences-laliga_315824_102.html","title":{"rendered":"Barcelona vs Oviedo: probable lineups and absentees for the LaLiga match"},"content":{"rendered":"<h2 class=\"wp-block-heading\">Barcelona and Oviedo face each other this Sunday for matchday 21 of LaLiga at the Spotify Camp Nou. We review the possible lineups and absences of both teams<\/h2>  \r\n<div class=\"article-addons\">\r\n    <a href=\"https:\/\/www.fcbarcelonanoticias.com\/en\/calendar-fc-barcelona.html\"\r\n       target=\"_self\"\r\n       title=\"Calendar of FC Barcelona\"\r\n       class=\"blue-gredient-btn\">\r\n       \r\n        Calendar of FC Barcelona    <\/a>\r\n<\/div>   <p><a data-external=\"0\" data-intl-links-en=\"https:\/\/www.fcbarcelonanoticias.com\/en\/laliga\/barcelona-vs-oviedo-live-and-online-when-and-where-to-watch_315822_102.html\" data-intl-links-es=\"https:\/\/www.fcbarcelonanoticias.com\/laliga\/barcelona-vs-oviedo-directo-online-cuando-donde-ver-partido-laliga-tv_315822_102.html\" href=\"https:\/\/www.fcbarcelonanoticias.com\/en\/laliga\/barcelona-vs-oviedo-live-and-online-when-and-where-to-watch_315822_102.html\" rel=\"follow\" target=\"_self\" title=\"Barcelona vs Oviedo en directo y online: cu\u00e1ndo y d\u00f3nde ver el partido de LaLiga en TV\">FC Barcelona and Real Oviedo<\/a> will face each other this Sunday in the <strong>2025-26 LaLiga EA Sports<\/strong> at Spotify Camp Nou (16:15 CEST), for the twenty-first matchday of the tournament. Hansi Flick&#8217;s team arrives with four players out due to injury for the first home game of the year.<\/p>  <p>We review the <strong>possible starting lineup, the substitute bench, and the injured and suspended players for Hansi Flick&#8217;s Barcelona<\/strong> for the match against Real Oviedo. Complete analysis!<\/p>  <h2>Possible Bar\u00e7a Starting XI against Oviedo<\/h2>  <ol> <li>(#13, P) Joan Garc\u00eda<\/li> \t<li>(#02) Joao Cancelo<\/li> \t<li>(#04) Ronald Araujo<\/li> \t<li>(#05) Pau Cubars\u00ed<\/li> \t<li>(#18) Gerard Mart\u00edn<\/li> \t<li>(#21) Frenkie de Jong<\/li> \t<li>(#20) Dani Olmo<\/li> \t<li>(#16) Ferm\u00edn L\u00f3pez<\/li> \t<li>(#10) Lamine Yamal<\/li> \t<li>(#11) Raphinha<\/li> \t<li>(#09) Robert Lewandowski<\/li> <\/ol> <p><strong>Bar\u00e7a Bench (substitute players)<\/strong><\/p>  <ol> <li>(#25, G) Szczesny<\/li> \t<li>(#31, G) Diego Kochen<\/li> \t<li>(#03) Alejandro Balde<\/li> \t<li>(#14) Marcus Rashford<\/li> \t<li>(#17) Marc Casad\u00f3<\/li> \t<li>(#19) Roony Bardghji<\/li> \t<li>(#22) Marc Bernal<\/li> \t<li>(#23) Jules Kound\u00e9<\/li> \t<li>(#24) Eric Garc\u00eda<\/li> \t<li>(#26) Jofre Torrents<\/li> \t<li>(#41) Juan Hern\u00e1ndez<\/li> \t<li>(#43) Toomy Marqu\u00e9s<\/li> <\/ol> <p><strong>Injured Bar\u00e7a Players<\/strong><\/p>  <ol> <li>(#06) Gavi<\/li> \t<li>(#07) Ferran Torres<\/li> \t<li>(#08) Pedri<\/li> \t<li>(#15) Andreas Christensen<\/li> <\/ol> <p><strong>Sanctioned Bar\u00e7a players:<\/strong><\/p>  <ol> <li>None.<\/li> <\/ol> <h2>Flick&#8217;s Potential Surprises and Tactical Variations Against Real Oviedo<\/h2>  <div class=\"media media-image\" data-ck-asset-wrapper=\"\"> <div class=\"media-item\"> <img loading=\"lazy\" decoding=\"async\" alt=\"Ronald Araujo and Pau Cubars\u00ed during Oviedo-Bar\u00e7a (1-3)\" data-id=\"1539727\" data-resize=\"9\" height=\"732\" src=\"https:\/\/www.fcbarcelonanoticias.com\/wp-content\/uploads\/sites\/2\/2026\/01\/fcbn-8bb87248a1894271feed02376604b3a8.jpeg\" title=\"Ronald Araujo and Pau Cubars\u00ed during Oviedo-Bar\u00e7a (1-3)\" width=\"1300\"><div class=\"media-title\">Ronald Araujo and Pau Cubars\u00ed during Oviedo-Bar\u00e7a (1-3)<\/div> <\/div> <\/div>  <p>In principle, **Hansi Flick** plans to make several adjustments to his XI against Slavia Prague. **Pedri and Ferran Torres** are out due to injury. Therefore, <a data-external=\"0\" data-intl-links-en=\"https:\/\/www.fcbarcelonanoticias.com\/en\/champions-league\/dani-olmo-once-again-responded-as-substitute-with-great-goal_315820_102.html\" data-intl-links-es=\"https:\/\/www.fcbarcelonanoticias.com\/champions-league\/dani-olmo-volvio-responder-como-revulsivo-con-golazo_315820_102.html\" href=\"https:\/\/www.fcbarcelonanoticias.com\/en\/champions-league\/dani-olmo-once-again-responded-as-substitute-with-great-goal_315820_102.html\" rel=\"follow\" target=\"_self\" title=\"Dani Olmo volvi\u00f3 a responder como revulsivo con un golazo\">Dani Olmo<\/a> could take the &#8216;8&#8217; position alongside **Frenkie de Jong**, while **Ronald Araujo** and **Joao Cancelo** are set to be in the XI, forming an unprecedented defense with Pau Cubars\u00ed and Alejandro Balde<\/p>  <p><strong>Goalkeeping and defense<\/strong><\/p>  <ul> <li> \t<p><strong>Joan Garc\u00eda&nbsp;<\/strong>will be in goal, while <a data-external=\"0\" data-intl-links-en=\"https:\/\/www.fcbarcelonanoticias.com\/en\/laliga\/bitter-re-debut-for-joao-cancelo-with-barca-in-laliga_315790_102.html\" data-intl-links-es=\"https:\/\/www.fcbarcelonanoticias.com\/laliga\/amargo-redebut-joao-cancelo-con-barca-laliga_315790_102.html\" href=\"https:\/\/www.fcbarcelonanoticias.com\/en\/laliga\/bitter-re-debut-for-joao-cancelo-with-barca-in-laliga_315790_102.html\" rel=\"follow\" target=\"_self\" title=\"Amargo 'redebut' para Joao Cancelo con el Bar\u00e7a en LaLiga\">Joao Cancelo<\/a> and Gerard Mart\u00edn are poised to be the full-backs. In the center of defense, <strong>Ronald Araujo<\/strong><b>&nbsp;and Pau Cubars\u00ed<\/b>&nbsp;are expected to return to the core. This would allow Eric Garc\u00eda, Jules Kound\u00e9, and Alejandro Balde a rest day. Szczesny and Kochen will be the substitute goalkeepers.<\/p> \t<\/li> <\/ul> <p><strong>Midfield:<\/strong><\/p>  <ul> <li> \t<p>As a pivot, <strong>Frenkie de Jong<\/strong> is set to be <strong>Dani Olmo<\/strong>&#8216;s partner in midfield, while <b>Ferm\u00edn L\u00f3pez<\/b> would be the team&#8217;s attacking midfielder. Marc Casad\u00f3 and Marc Bernal return to the bench. Dro Fern\u00e1ndez is ruled out due to his imminent departure. Pedri is out injured.<\/p> \t<\/li> <\/ul> <p><strong>Forward:<\/strong><\/p>  <ul> <li> \t<p>In attack, <strong>Lamine Yamal<\/strong> and <b>Raphinha<\/b> would complete the Blaugrana attack alongside <strong>Robert Lewandowski<\/strong>, while Roony Bardghji would return to the bench along with Marcus Rashford. Ferran Torres is out due to injury.<\/p> \t<\/li> <\/ul> <h2>Bar\u00e7a Absences: Which players will miss the match against Oviedo due to injury?<\/h2>  <p>Currently, only three players are out due to significant injuries. Pablo Gavi continues his recovery from knee surgery and could return to action by the end of February. Andreas Christensen suffered a partial cruciate ligament tear before the trip to Villarreal and is expected to be out for four or more months<\/p>  <p><a data-external=\"0\" data-intl-links-en=\"https:\/\/www.fcbarcelonanoticias.com\/en\/fc-barcelona\/ferran-torres-ko-how-many-games-will-he-miss-with-barcelona_315801_102.html\" data-intl-links-es=\"https:\/\/www.fcbarcelonanoticias.com\/fc-barcelona\/ferran-torres-lesionado-cuando-volvera-jugar-con-barcelona_315801_102.html\" href=\"https:\/\/www.fcbarcelonanoticias.com\/en\/fc-barcelona\/ferran-torres-ko-how-many-games-will-he-miss-with-barcelona_315801_102.html\" rel=\"follow\" target=\"_self\" title=\"Ferran Torres lesionado: \u00bfcu\u00e1ndo volver\u00e1 a jugar con el Barcelona?\">Ferran Torres<\/a>, for his part, suffered an **injury to the semimembranosus muscle in his right leg** during the league match against Real Sociedad (2-1) and will be out for at least another week. <a data-external=\"0\" data-intl-links-en=\"https:\/\/www.fcbarcelonanoticias.com\/en\/champions-league\/alarm-in-barcelona-pedri-leaves-injured-in-prague_315817_102.html\" data-intl-links-es=\"https:\/\/www.fcbarcelonanoticias.com\/champions-league\/alarma-en-barcelona-pedri-gonzalez-marcha-lesionado-slavia_315817_102.html\" href=\"https:\/\/www.fcbarcelonanoticias.com\/en\/champions-league\/alarm-in-barcelona-pedri-leaves-injured-in-prague_315817_102.html\" rel=\"follow\" target=\"_self\" title=\"Alarma en Barcelona: Pedri Gonz\u00e1lez se marcha lesionado ante el Slavia\">Pedri Gonz\u00e1lez<\/a>, for his part, will spend a month in the infirmary after suffering an injury to his right hamstring on Wednesday against Slavia Prague (2-4).<\/p>  <h2>Possible Real Oviedo Lineup Against Barcelona<\/h2>  <ul> <li> <strong>Probable XI<\/strong>: Escandell; Ahijado, Costas, , Eric Bailly;&nbsp;Allhassane, Colombatto, Sibo; Alberto Reina, Chaira, Brekalo;&nbsp;Fede Vi\u00f1as.<\/li> \t<li> <strong>Probable bench<\/strong>: Moldovan (GK), Calvo, Carmo, Luengo, L\u00f3pez, Fonseca, Dedonker, Cazorla, Ilic,&nbsp;Agud\u00edn, Borbas, For\u00e9s.<\/li> \t<li> <strong>Injured<\/strong>: Ovie Ejaria.<\/li> \t<li> <strong>Suspended<\/strong>: None.<\/li> <\/ul> <p>For their part, Oviedo arrive at the Camp Nou in a very complex situation. Guillermo Almada&#8217;s team is last in the table and has gone almost four months without a win in the League (<strong>1-2 against Valencia on September 30<\/strong>), with a streak of 13 games (7 draws and 6 losses) without a win and boasting the worst offense in the tournament (only 11 goals in 20 matchdays).<\/p>  <p>In principle, the Asturians will come out with **Aar\u00f3n Escandell** in goal and the usual full-backs, Lucas Ahijado and Rahin Allhassane. Captain **David Costas** and the experienced **Eric Bailly** would be in the center of defense, while the Sibo-Colombatto duo should remain in the defensive double pivot.<\/p>  <p>As attacking midfielder will be **Alberto Reina**, while Chaira and Brekalo could be the wingers. **Fede Vi\u00f1as will be the &#8216;9&#8217;** of a team that will visit the cul\u00e9 temple for the first time in 25 years, since May 27, 2001 (a 0-1&nbsp;victory). In 83 encounters between the two, the balance favors Bar\u00e7a with 47 wins, 12 draws, and 24 losses<\/p>  <ul> <li>\ud83d\udccc&nbsp;<strong>Follow the match live <a data-external=\"0\" data-intl-links-en=\"https:\/\/www.fcbarcelonanoticias.com\/en\/tags\/fc-barcelona-vs-oviedo-news-matches-and-results\" data-intl-links-es=\"https:\/\/www.fcbarcelonanoticias.com\/tags\/fc-barcelona-vs-real-oviedo\" href=\"https:\/\/www.fcbarcelonanoticias.com\/en\/tags\/fc-barcelona-vs-oviedo-news-matches-and-results.html\" rel=\"follow\" target=\"_self\" title=\"FC Barcelona vs Real Oviedo\">FC Barcelona vs Real Oviedo<\/a> on FC Barcelona Noticias and find out everything, don&#8217;t miss a thing!<\/strong> <\/li> <\/ul> ","protected":false},"excerpt":{"rendered":"<p>Barcelona and Oviedo face each other this Sunday for matchday 21 of LaLiga at the Spotify Camp Nou. We review the possible lineups and absences of both teams FC Barcelona and Real Oviedo will face each other this Sunday in the 2025-26 LaLiga EA Sports at Spotify Camp Nou (16:15 CEST), for the twenty-first matchday [&hellip;]<\/p>\n","protected":false},"author":353,"featured_media":50245,"comment_status":"closed","ping_status":"open","sticky":false,"template":"","format":"standard","meta":{"_acf_changed":false,"inline_featured_image":false,"_nextfly_llmd_date_locked":false,"footnotes":""},"categories":[114,448],"tags":[201,78,87,136],"class_list":["post-50243","post","type-post","status-publish","format-standard","has-post-thumbnail","hentry","category-laliga","category-laliga-2","tag-lineups","tag-fc-barcelona-vs-oviedo-news-matches-and-results","tag-hansi-flick","tag-injured"],"acf":[],"yoast_head":"<!-- This site is optimized with the Yoast SEO plugin v27.3 - https:\/\/yoast.com\/product\/yoast-seo-wordpress\/ -->\n<title>Barcelona vs Oviedo: probable lineups and absences for the LaLiga match<\/title>\n<meta name=\"description\" content=\"Barcelona and Oviedo face each other this Sunday for LaLiga Matchday 21 at the Spotify Camp Nou. We review the possible lineups and absences of both teams\" \/>\n<meta name=\"robots\" content=\"index, follow, max-snippet:-1, max-image-preview:large, max-video-preview:-1\" \/>\n<link rel=\"canonical\" href=\"https:\/\/www.fcbarcelonanoticias.com\/en\/laliga\/barcelona-vs-oviedo-probable-lineups-and-absences-laliga_315824_102.html\" \/>\n<meta property=\"og:locale\" content=\"en_US\" \/>\n<meta property=\"og:type\" content=\"article\" \/>\n<meta property=\"og:title\" content=\"Barcelona vs Oviedo: probable lineups and absences for the LaLiga match\" \/>\n<meta property=\"og:description\" content=\"Barcelona and Oviedo face each other this Sunday for LaLiga Matchday 21 at the Spotify Camp Nou. We review the possible lineups and absences of both teams\" \/>\n<meta property=\"og:url\" content=\"https:\/\/www.fcbarcelonanoticias.com\/en\/laliga\/barcelona-vs-oviedo-probable-lineups-and-absences-laliga_315824_102.html\" \/>\n<meta property=\"og:site_name\" content=\"EN - FC Barcelona Noticias\" \/>\n<meta property=\"article:published_time\" content=\"2026-01-24T17:01:00+00:00\" \/>\n<meta property=\"article:modified_time\" content=\"2026-03-27T10:39:06+00:00\" \/>\n<meta property=\"og:image\" content=\"https:\/\/www.fcbarcelonanoticias.com\/en\/wp-content\/uploads\/sites\/2\/2026\/01\/alineaciones-probables-barcelona-v-oviedo-laliga-25-26.jpeg\" \/>\n\t<meta property=\"og:image:width\" content=\"1300\" \/>\n\t<meta property=\"og:image:height\" content=\"732\" \/>\n\t<meta property=\"og:image:type\" content=\"image\/jpeg\" \/>\n<meta name=\"author\" content=\"FC Barcelona Noticias\" \/>\n<meta name=\"twitter:card\" content=\"summary_large_image\" \/>\n<meta name=\"twitter:label1\" content=\"Written by\" \/>\n\t<meta name=\"twitter:data1\" content=\"FC Barcelona Noticias\" \/>\n\t<meta name=\"twitter:label2\" content=\"Est. reading time\" \/>\n\t<meta name=\"twitter:data2\" content=\"4 minutes\" \/>\n<script type=\"application\/ld+json\" class=\"yoast-schema-graph\">{\"@context\":\"https:\\\/\\\/schema.org\",\"@graph\":[{\"@type\":\"Article\",\"@id\":\"https:\\\/\\\/www.fcbarcelonanoticias.com\\\/en\\\/laliga\\\/barcelona-vs-oviedo-probable-lineups-and-absences-laliga_315824_102.html#article\",\"isPartOf\":{\"@id\":\"https:\\\/\\\/www.fcbarcelonanoticias.com\\\/en\\\/laliga\\\/barcelona-vs-oviedo-probable-lineups-and-absences-laliga_315824_102.html\"},\"author\":{\"name\":\"FC Barcelona Noticias\",\"@id\":\"https:\\\/\\\/www.fcbarcelonanoticias.com\\\/en\\\/#\\\/schema\\\/person\\\/0f2810101d27606974cdb8edb54fa54b\"},\"headline\":\"Barcelona vs Oviedo: probable lineups and absentees for the LaLiga match\",\"datePublished\":\"2026-01-24T17:01:00+00:00\",\"dateModified\":\"2026-03-27T10:39:06+00:00\",\"mainEntityOfPage\":{\"@id\":\"https:\\\/\\\/www.fcbarcelonanoticias.com\\\/en\\\/laliga\\\/barcelona-vs-oviedo-probable-lineups-and-absences-laliga_315824_102.html\"},\"wordCount\":792,\"image\":{\"@id\":\"https:\\\/\\\/www.fcbarcelonanoticias.com\\\/en\\\/laliga\\\/barcelona-vs-oviedo-probable-lineups-and-absences-laliga_315824_102.html#primaryimage\"},\"thumbnailUrl\":\"https:\\\/\\\/www.fcbarcelonanoticias.com\\\/en\\\/wp-content\\\/uploads\\\/sites\\\/2\\\/2026\\\/01\\\/alineaciones-probables-barcelona-v-oviedo-laliga-25-26.jpeg\",\"keywords\":[\"FC Barcelona Lineups\",\"FC Barcelona vs Real Oviedo\",\"Hansi Flick\",\"injured\"],\"articleSection\":[\"LaLiga\",\"LaLiga\"],\"inLanguage\":\"en-US\"},{\"@type\":\"WebPage\",\"@id\":\"https:\\\/\\\/www.fcbarcelonanoticias.com\\\/en\\\/laliga\\\/barcelona-vs-oviedo-probable-lineups-and-absences-laliga_315824_102.html\",\"url\":\"https:\\\/\\\/www.fcbarcelonanoticias.com\\\/en\\\/laliga\\\/barcelona-vs-oviedo-probable-lineups-and-absences-laliga_315824_102.html\",\"name\":\"Barcelona vs Oviedo: probable lineups and absences for the LaLiga match\",\"isPartOf\":{\"@id\":\"https:\\\/\\\/www.fcbarcelonanoticias.com\\\/en\\\/#website\"},\"primaryImageOfPage\":{\"@id\":\"https:\\\/\\\/www.fcbarcelonanoticias.com\\\/en\\\/laliga\\\/barcelona-vs-oviedo-probable-lineups-and-absences-laliga_315824_102.html#primaryimage\"},\"image\":{\"@id\":\"https:\\\/\\\/www.fcbarcelonanoticias.com\\\/en\\\/laliga\\\/barcelona-vs-oviedo-probable-lineups-and-absences-laliga_315824_102.html#primaryimage\"},\"thumbnailUrl\":\"https:\\\/\\\/www.fcbarcelonanoticias.com\\\/en\\\/wp-content\\\/uploads\\\/sites\\\/2\\\/2026\\\/01\\\/alineaciones-probables-barcelona-v-oviedo-laliga-25-26.jpeg\",\"datePublished\":\"2026-01-24T17:01:00+00:00\",\"dateModified\":\"2026-03-27T10:39:06+00:00\",\"author\":{\"@id\":\"https:\\\/\\\/www.fcbarcelonanoticias.com\\\/en\\\/#\\\/schema\\\/person\\\/0f2810101d27606974cdb8edb54fa54b\"},\"description\":\"Barcelona and Oviedo face each other this Sunday for LaLiga Matchday 21 at the Spotify Camp Nou. We review the possible lineups and absences of both teams\",\"breadcrumb\":{\"@id\":\"https:\\\/\\\/www.fcbarcelonanoticias.com\\\/en\\\/laliga\\\/barcelona-vs-oviedo-probable-lineups-and-absences-laliga_315824_102.html#breadcrumb\"},\"inLanguage\":\"en-US\",\"potentialAction\":[{\"@type\":\"ReadAction\",\"target\":[\"https:\\\/\\\/www.fcbarcelonanoticias.com\\\/en\\\/laliga\\\/barcelona-vs-oviedo-probable-lineups-and-absences-laliga_315824_102.html\"]}]},{\"@type\":\"ImageObject\",\"inLanguage\":\"en-US\",\"@id\":\"https:\\\/\\\/www.fcbarcelonanoticias.com\\\/en\\\/laliga\\\/barcelona-vs-oviedo-probable-lineups-and-absences-laliga_315824_102.html#primaryimage\",\"url\":\"https:\\\/\\\/www.fcbarcelonanoticias.com\\\/en\\\/wp-content\\\/uploads\\\/sites\\\/2\\\/2026\\\/01\\\/alineaciones-probables-barcelona-v-oviedo-laliga-25-26.jpeg\",\"contentUrl\":\"https:\\\/\\\/www.fcbarcelonanoticias.com\\\/en\\\/wp-content\\\/uploads\\\/sites\\\/2\\\/2026\\\/01\\\/alineaciones-probables-barcelona-v-oviedo-laliga-25-26.jpeg\",\"width\":1300,\"height\":732},{\"@type\":\"BreadcrumbList\",\"@id\":\"https:\\\/\\\/www.fcbarcelonanoticias.com\\\/en\\\/laliga\\\/barcelona-vs-oviedo-probable-lineups-and-absences-laliga_315824_102.html#breadcrumb\",\"itemListElement\":[{\"@type\":\"ListItem\",\"position\":1,\"name\":\"Portada\",\"item\":\"https:\\\/\\\/www.fcbarcelonanoticias.com\\\/en\\\/\"},{\"@type\":\"ListItem\",\"position\":2,\"name\":\"Barcelona vs Oviedo: probable lineups and absentees for the LaLiga match\"}]},{\"@type\":\"WebSite\",\"@id\":\"https:\\\/\\\/www.fcbarcelonanoticias.com\\\/en\\\/#website\",\"url\":\"https:\\\/\\\/www.fcbarcelonanoticias.com\\\/en\\\/\",\"name\":\"EN - FC Barcelona Noticias\",\"description\":\"\",\"potentialAction\":[{\"@type\":\"SearchAction\",\"target\":{\"@type\":\"EntryPoint\",\"urlTemplate\":\"https:\\\/\\\/www.fcbarcelonanoticias.com\\\/en\\\/?s={search_term_string}\"},\"query-input\":{\"@type\":\"PropertyValueSpecification\",\"valueRequired\":true,\"valueName\":\"search_term_string\"}}],\"inLanguage\":\"en-US\"},{\"@type\":\"Person\",\"@id\":\"https:\\\/\\\/www.fcbarcelonanoticias.com\\\/en\\\/#\\\/schema\\\/person\\\/0f2810101d27606974cdb8edb54fa54b\",\"name\":\"FC Barcelona Noticias\",\"image\":{\"@type\":\"ImageObject\",\"inLanguage\":\"en-US\",\"@id\":\"https:\\\/\\\/secure.gravatar.com\\\/avatar\\\/?s=96&d=mm&r=g\",\"url\":\"https:\\\/\\\/secure.gravatar.com\\\/avatar\\\/?s=96&d=mm&r=g\",\"contentUrl\":\"https:\\\/\\\/secure.gravatar.com\\\/avatar\\\/?s=96&d=mm&r=g\",\"caption\":\"FC Barcelona Noticias\"},\"url\":\"https:\\\/\\\/www.fcbarcelonanoticias.com\\\/en\\\/fc-barcelona\\\/fcbn-writing-fc-barcelona-news_6_115.html\"}]}<\/script>\n<!-- \/ Yoast SEO plugin. -->","yoast_head_json":{"title":"Barcelona vs Oviedo: probable lineups and absences for the LaLiga match","description":"Barcelona and Oviedo face each other this Sunday for LaLiga Matchday 21 at the Spotify Camp Nou. We review the possible lineups and absences of both teams","robots":{"index":"index","follow":"follow","max-snippet":"max-snippet:-1","max-image-preview":"max-image-preview:large","max-video-preview":"max-video-preview:-1"},"canonical":"https:\/\/www.fcbarcelonanoticias.com\/en\/laliga\/barcelona-vs-oviedo-probable-lineups-and-absences-laliga_315824_102.html","og_locale":"en_US","og_type":"article","og_title":"Barcelona vs Oviedo: probable lineups and absences for the LaLiga match","og_description":"Barcelona and Oviedo face each other this Sunday for LaLiga Matchday 21 at the Spotify Camp Nou. We review the possible lineups and absences of both teams","og_url":"https:\/\/www.fcbarcelonanoticias.com\/en\/laliga\/barcelona-vs-oviedo-probable-lineups-and-absences-laliga_315824_102.html","og_site_name":"EN - FC Barcelona Noticias","article_published_time":"2026-01-24T17:01:00+00:00","article_modified_time":"2026-03-27T10:39:06+00:00","og_image":[{"width":1300,"height":732,"url":"https:\/\/www.fcbarcelonanoticias.com\/en\/wp-content\/uploads\/sites\/2\/2026\/01\/alineaciones-probables-barcelona-v-oviedo-laliga-25-26.jpeg","type":"image\/jpeg"}],"author":"FC Barcelona Noticias","twitter_card":"summary_large_image","twitter_misc":{"Written by":"FC Barcelona Noticias","Est. reading time":"4 minutes"},"schema":{"@context":"https:\/\/schema.org","@graph":[{"@type":"Article","@id":"https:\/\/www.fcbarcelonanoticias.com\/en\/laliga\/barcelona-vs-oviedo-probable-lineups-and-absences-laliga_315824_102.html#article","isPartOf":{"@id":"https:\/\/www.fcbarcelonanoticias.com\/en\/laliga\/barcelona-vs-oviedo-probable-lineups-and-absences-laliga_315824_102.html"},"author":{"name":"FC Barcelona Noticias","@id":"https:\/\/www.fcbarcelonanoticias.com\/en\/#\/schema\/person\/0f2810101d27606974cdb8edb54fa54b"},"headline":"Barcelona vs Oviedo: probable lineups and absentees for the LaLiga match","datePublished":"2026-01-24T17:01:00+00:00","dateModified":"2026-03-27T10:39:06+00:00","mainEntityOfPage":{"@id":"https:\/\/www.fcbarcelonanoticias.com\/en\/laliga\/barcelona-vs-oviedo-probable-lineups-and-absences-laliga_315824_102.html"},"wordCount":792,"image":{"@id":"https:\/\/www.fcbarcelonanoticias.com\/en\/laliga\/barcelona-vs-oviedo-probable-lineups-and-absences-laliga_315824_102.html#primaryimage"},"thumbnailUrl":"https:\/\/www.fcbarcelonanoticias.com\/en\/wp-content\/uploads\/sites\/2\/2026\/01\/alineaciones-probables-barcelona-v-oviedo-laliga-25-26.jpeg","keywords":["FC Barcelona Lineups","FC Barcelona vs Real Oviedo","Hansi Flick","injured"],"articleSection":["LaLiga","LaLiga"],"inLanguage":"en-US"},{"@type":"WebPage","@id":"https:\/\/www.fcbarcelonanoticias.com\/en\/laliga\/barcelona-vs-oviedo-probable-lineups-and-absences-laliga_315824_102.html","url":"https:\/\/www.fcbarcelonanoticias.com\/en\/laliga\/barcelona-vs-oviedo-probable-lineups-and-absences-laliga_315824_102.html","name":"Barcelona vs Oviedo: probable lineups and absences for the LaLiga match","isPartOf":{"@id":"https:\/\/www.fcbarcelonanoticias.com\/en\/#website"},"primaryImageOfPage":{"@id":"https:\/\/www.fcbarcelonanoticias.com\/en\/laliga\/barcelona-vs-oviedo-probable-lineups-and-absences-laliga_315824_102.html#primaryimage"},"image":{"@id":"https:\/\/www.fcbarcelonanoticias.com\/en\/laliga\/barcelona-vs-oviedo-probable-lineups-and-absences-laliga_315824_102.html#primaryimage"},"thumbnailUrl":"https:\/\/www.fcbarcelonanoticias.com\/en\/wp-content\/uploads\/sites\/2\/2026\/01\/alineaciones-probables-barcelona-v-oviedo-laliga-25-26.jpeg","datePublished":"2026-01-24T17:01:00+00:00","dateModified":"2026-03-27T10:39:06+00:00","author":{"@id":"https:\/\/www.fcbarcelonanoticias.com\/en\/#\/schema\/person\/0f2810101d27606974cdb8edb54fa54b"},"description":"Barcelona and Oviedo face each other this Sunday for LaLiga Matchday 21 at the Spotify Camp Nou. We review the possible lineups and absences of both teams","breadcrumb":{"@id":"https:\/\/www.fcbarcelonanoticias.com\/en\/laliga\/barcelona-vs-oviedo-probable-lineups-and-absences-laliga_315824_102.html#breadcrumb"},"inLanguage":"en-US","potentialAction":[{"@type":"ReadAction","target":["https:\/\/www.fcbarcelonanoticias.com\/en\/laliga\/barcelona-vs-oviedo-probable-lineups-and-absences-laliga_315824_102.html"]}]},{"@type":"ImageObject","inLanguage":"en-US","@id":"https:\/\/www.fcbarcelonanoticias.com\/en\/laliga\/barcelona-vs-oviedo-probable-lineups-and-absences-laliga_315824_102.html#primaryimage","url":"https:\/\/www.fcbarcelonanoticias.com\/en\/wp-content\/uploads\/sites\/2\/2026\/01\/alineaciones-probables-barcelona-v-oviedo-laliga-25-26.jpeg","contentUrl":"https:\/\/www.fcbarcelonanoticias.com\/en\/wp-content\/uploads\/sites\/2\/2026\/01\/alineaciones-probables-barcelona-v-oviedo-laliga-25-26.jpeg","width":1300,"height":732},{"@type":"BreadcrumbList","@id":"https:\/\/www.fcbarcelonanoticias.com\/en\/laliga\/barcelona-vs-oviedo-probable-lineups-and-absences-laliga_315824_102.html#breadcrumb","itemListElement":[{"@type":"ListItem","position":1,"name":"Portada","item":"https:\/\/www.fcbarcelonanoticias.com\/en\/"},{"@type":"ListItem","position":2,"name":"Barcelona vs Oviedo: probable lineups and absentees for the LaLiga match"}]},{"@type":"WebSite","@id":"https:\/\/www.fcbarcelonanoticias.com\/en\/#website","url":"https:\/\/www.fcbarcelonanoticias.com\/en\/","name":"EN - FC Barcelona Noticias","description":"","potentialAction":[{"@type":"SearchAction","target":{"@type":"EntryPoint","urlTemplate":"https:\/\/www.fcbarcelonanoticias.com\/en\/?s={search_term_string}"},"query-input":{"@type":"PropertyValueSpecification","valueRequired":true,"valueName":"search_term_string"}}],"inLanguage":"en-US"},{"@type":"Person","@id":"https:\/\/www.fcbarcelonanoticias.com\/en\/#\/schema\/person\/0f2810101d27606974cdb8edb54fa54b","name":"FC Barcelona Noticias","image":{"@type":"ImageObject","inLanguage":"en-US","@id":"https:\/\/secure.gravatar.com\/avatar\/?s=96&d=mm&r=g","url":"https:\/\/secure.gravatar.com\/avatar\/?s=96&d=mm&r=g","contentUrl":"https:\/\/secure.gravatar.com\/avatar\/?s=96&d=mm&r=g","caption":"FC Barcelona Noticias"},"url":"https:\/\/www.fcbarcelonanoticias.com\/en\/fc-barcelona\/fcbn-writing-fc-barcelona-news_6_115.html"}]}},"_links":{"self":[{"href":"https:\/\/www.fcbarcelonanoticias.com\/en\/wp-json\/wp\/v2\/posts\/50243","targetHints":{"allow":["GET"]}}],"collection":[{"href":"https:\/\/www.fcbarcelonanoticias.com\/en\/wp-json\/wp\/v2\/posts"}],"about":[{"href":"https:\/\/www.fcbarcelonanoticias.com\/en\/wp-json\/wp\/v2\/types\/post"}],"author":[{"embeddable":true,"href":"https:\/\/www.fcbarcelonanoticias.com\/en\/wp-json\/wp\/v2\/users\/353"}],"replies":[{"embeddable":true,"href":"https:\/\/www.fcbarcelonanoticias.com\/en\/wp-json\/wp\/v2\/comments?post=50243"}],"version-history":[{"count":4,"href":"https:\/\/www.fcbarcelonanoticias.com\/en\/wp-json\/wp\/v2\/posts\/50243\/revisions"}],"predecessor-version":[{"id":160893,"href":"https:\/\/www.fcbarcelonanoticias.com\/en\/wp-json\/wp\/v2\/posts\/50243\/revisions\/160893"}],"wp:featuredmedia":[{"embeddable":true,"href":"https:\/\/www.fcbarcelonanoticias.com\/en\/wp-json\/wp\/v2\/media\/50245"}],"wp:attachment":[{"href":"https:\/\/www.fcbarcelonanoticias.com\/en\/wp-json\/wp\/v2\/media?parent=50243"}],"wp:term":[{"taxonomy":"category","embeddable":true,"href":"https:\/\/www.fcbarcelonanoticias.com\/en\/wp-json\/wp\/v2\/categories?post=50243"},{"taxonomy":"post_tag","embeddable":true,"href":"https:\/\/www.fcbarcelonanoticias.com\/en\/wp-json\/wp\/v2\/tags?post=50243"}],"curies":[{"name":"wp","href":"https:\/\/api.w.org\/{rel}","templated":true}]}}