{"id":50411,"date":"2025-11-01T15:52:00","date_gmt":"2025-11-01T14:52:00","guid":{"rendered":"https:\/\/weisetech.dev\/fc-barcelona-noticias\/en\/barcelona-will-have-debutant-referee-against-elche-in-liga_315155_102\/"},"modified":"2025-11-01T15:52:00","modified_gmt":"2025-11-01T14:52:00","slug":"barcelona-will-have-debutant-referee-against-elche-in-liga_315155_102","status":"publish","type":"post","link":"https:\/\/www.fcbarcelonanoticias.com\/en\/laliga\/barcelona-will-have-debutant-referee-against-elche-in-liga_315155_102.html","title":{"rendered":"LaLiga assigns a debuting referee for the Bar\u00e7a-Elche match of MD11"},"content":{"rendered":"<h2 class=\"wp-block-heading\">The RFEF confirmed Miguel Sesma Espinosa as the main referee for the Barcelona-Elche match. Pablo Gonz\u00e1lez Fuertes will be in charge of VAR at Montju\u00efc, for matchday 11 of LaLiga<\/h2>  \r\n<div class=\"article-addons\">\r\n    <a href=\"https:\/\/www.fcbarcelonanoticias.com\/en\/calendar-fc-barcelona.html\"\r\n       target=\"_self\"\r\n       title=\"Calendar of FC Barcelona\"\r\n       class=\"blue-gredient-btn\">\r\n       \r\n        Calendar of FC Barcelona    <\/a>\r\n<\/div>   <p><strong>FC Barcelona<\/strong> hosts <strong>Elche<\/strong> this Sunday (18:30 CEST) for matchday 11 of LaLiga, and will do so with <strong>Miguel Sesma Espinosa<\/strong> as the referee. The referee from La Rioja was appointed by the <a data-external=\"1\" href=\"https:\/\/rfef.es\/en\/es\/noticias\/designaciones-estos-son-los-arbitros-para-los-partidos-del-domingo-2-de-noviembre-de-la\" rel=\"nofollow\" target=\"_blank\" title=\"Designaciones arbitrales - J11 de LaLiga 25\/26\">Technical Committee of Referees (CTA)<\/a> along with <strong>Pablo Gonz\u00e1lez Fuertes<\/strong> (VAR).<\/p>  <p>For Sesma Espinosa, <strong>Sunday&#8217;s match will be his first time refereeing Bar\u00e7a<\/strong>. The 30-year-old referee was promoted to the First Division this season and has only officiated 6 previous matches as the main referee in the top tier of Spanish football, none against the Azulgrana team or Real Madrid.<\/p>  <p><strong>However, he has been the referee for Elche in 6 matches<\/strong>, with a balance of 5 wins and 1 draw favorable to the Elche team. This season, Sesma Espinosa was the main referee in the &#8216;franjiverdes&#8217; victory against Oviedo (1-0) on matchday 5, on September 21.<\/p>  <h2>Gonz\u00e1lez Fuertes: A familiar face will be in charge of VAR<\/h2>  <p>Much better known is the name of the person in charge of VAR in the Bar\u00e7a-Elche match. Pablo Gonz\u00e1lez Fuertes will be in charge of the VOR room in Montju\u00efc, as he was in the 2025 Copa del Rey final. <a data-external=\"0\" data-intl-links-en=\"https:\/\/www.fcbarcelonanoticias.com\/en\/copa-del-rey\/barca-3-2-madrid-32nd-copa-rey-and-treble-on-the-way_312339_102.html\" data-intl-links-es=\"https:\/\/www.fcbarcelonanoticias.com\/copa-del-rey\/barca-campeon-copa-contra-madrid-arbitros-var-y-por-triplete_312339_102.html\" href=\"https:\/\/www.fcbarcelonanoticias.com\/en\/copa-del-rey\/barca-3-2-madrid-32nd-copa-rey-and-treble-on-the-way_312339_102.html\" rel=\"follow\" target=\"_self\" title=\"El Bar\u00e7a: campe\u00f3n de Copa contra el Real Madrid, los \u00e1rbitros, el VAR \u00a1Y a por el triplete!\">The man from Asturias was the VAR in the Cl\u00e1sico<\/a> that ended with a Bar\u00e7a victory in extra time.<\/p>  <p>That day he had a key intervention near the end, urging <strong>De Burgos Bengoetxea<\/strong> to overturn a penalty by Ra\u00fal Asencio on Raphinha in stoppage time. His last match as Bar\u00e7a&#8217;s main referee was the victory against Athletic (0-3) on matchday 38 of last season.<\/p>  <h2>Bar\u00e7a Must Return to Winning Ways Against Elche<\/h2>  <p>For Barcelona, the match against Elche comes at a complicated point in the season. <strong>The team has lost two of its last three matches in La Liga<\/strong> and needs to win to stay in the fight for the lead. Villarreal&#8217;s victory against Rayo has relegated the &#8216;Cul\u00e9s&#8217;, momentarily, to third place in the standings, 1 point below the &#8216;Yellow Submarine&#8217;.<\/p>  <p>Although the season has just begun, <strong>Hansi Flick&#8217;s team cannot afford to lose more ground<\/strong> against a Real Madrid that took a 5-point lead after their victory in the Cl\u00e1sico. The &#8216;merengues&#8217; host Valencia on Saturday.<\/p>  <ul> <li>\ud83d\udc49 Follow the complete coverage of <strong><a data-external=\"0\" data-intl-links-en=\"https:\/\/www.fcbarcelonanoticias.com\/en\/laliga.html\" data-intl-links-es=\"https:\/\/www.fcbarcelonanoticias.com\/laliga.html\" href=\"https:\/\/www.fcbarcelonanoticias.com\/en\/laliga.html\" rel=\"follow\" target=\"_self\" title=\"LaLiga\">LaLiga EA Sports 2025-26<\/a><\/strong> in FC Barcelona Noticias<\/li> <\/ul> ","protected":false},"excerpt":{"rendered":"<p>The RFEF confirmed Miguel Sesma Espinosa as the main referee for the Barcelona-Elche match. Pablo Gonz\u00e1lez Fuertes will be in charge of VAR at Montju\u00efc, for matchday 11 of LaLiga FC Barcelona hosts Elche this Sunday (18:30 CEST) for matchday 11 of LaLiga, and will do so with Miguel Sesma Espinosa as the referee. The [&hellip;]<\/p>\n","protected":false},"author":347,"featured_media":50413,"comment_status":"closed","ping_status":"open","sticky":false,"template":"","format":"standard","meta":{"_acf_changed":false,"inline_featured_image":false,"_nextfly_llmd_date_locked":false,"footnotes":""},"categories":[448,114],"tags":[347,190,194],"class_list":["post-50411","post","type-post","status-publish","format-standard","has-post-thumbnail","hentry","category-laliga-2","category-laliga","tag-elche-cf","tag-referees","tag-var"],"acf":[],"yoast_head":"<!-- This site is optimized with the Yoast SEO plugin v27.3 - https:\/\/yoast.com\/product\/yoast-seo-wordpress\/ -->\n<title>Barcelona will have a debutant referee against Elche in La Liga<\/title>\n<meta name=\"description\" content=\"The RFEF confirmed Miguel Sesma Espinosa as the main referee for the Barcelona-Elche match. Pablo Gonz\u00e1lez Fuertes will be in charge of VAR at Montju\u00efc\" \/>\n<meta name=\"robots\" content=\"index, follow, max-snippet:-1, max-image-preview:large, max-video-preview:-1\" \/>\n<link rel=\"canonical\" href=\"https:\/\/www.fcbarcelonanoticias.com\/en\/laliga\/barcelona-will-have-debutant-referee-against-elche-in-liga_315155_102.html\" \/>\n<meta property=\"og:locale\" content=\"en_US\" \/>\n<meta property=\"og:type\" content=\"article\" \/>\n<meta property=\"og:title\" content=\"Barcelona will have a debutant referee against Elche in La Liga\" \/>\n<meta property=\"og:description\" content=\"The RFEF confirmed Miguel Sesma Espinosa as the main referee for the Barcelona-Elche match. Pablo Gonz\u00e1lez Fuertes will be in charge of VAR at Montju\u00efc\" \/>\n<meta property=\"og:url\" content=\"https:\/\/www.fcbarcelonanoticias.com\/en\/laliga\/barcelona-will-have-debutant-referee-against-elche-in-liga_315155_102.html\" \/>\n<meta property=\"og:site_name\" content=\"EN - FC Barcelona Noticias\" \/>\n<meta property=\"article:published_time\" content=\"2025-11-01T14:52:00+00:00\" \/>\n<meta property=\"og:image\" content=\"https:\/\/www.fcbarcelonanoticias.com\/en\/wp-content\/uploads\/sites\/2\/2025\/11\/miguel-sesma-laliga-25-26.webp\" \/>\n\t<meta property=\"og:image:width\" content=\"1200\" \/>\n\t<meta property=\"og:image:height\" content=\"675\" \/>\n\t<meta property=\"og:image:type\" content=\"image\/webp\" \/>\n<meta name=\"author\" content=\"Andr\u00e9s Quiroz\" \/>\n<meta name=\"twitter:card\" content=\"summary_large_image\" \/>\n<meta name=\"twitter:label1\" content=\"Written by\" \/>\n\t<meta name=\"twitter:data1\" content=\"Andr\u00e9s Quiroz\" \/>\n\t<meta name=\"twitter:label2\" content=\"Est. reading time\" \/>\n\t<meta name=\"twitter:data2\" content=\"2 minutes\" \/>\n<script type=\"application\/ld+json\" class=\"yoast-schema-graph\">{\"@context\":\"https:\\\/\\\/schema.org\",\"@graph\":[{\"@type\":\"Article\",\"@id\":\"https:\\\/\\\/www.fcbarcelonanoticias.com\\\/en\\\/laliga\\\/barcelona-will-have-debutant-referee-against-elche-in-liga_315155_102.html#article\",\"isPartOf\":{\"@id\":\"https:\\\/\\\/www.fcbarcelonanoticias.com\\\/en\\\/laliga\\\/barcelona-will-have-debutant-referee-against-elche-in-liga_315155_102.html\"},\"author\":{\"name\":\"Andr\u00e9s Quiroz\",\"@id\":\"https:\\\/\\\/www.fcbarcelonanoticias.com\\\/en\\\/#\\\/schema\\\/person\\\/c2cd9f6fa1af5c0d0eccd0fefa575c88\"},\"headline\":\"LaLiga assigns a debuting referee for the Bar\u00e7a-Elche match of MD11\",\"datePublished\":\"2025-11-01T14:52:00+00:00\",\"mainEntityOfPage\":{\"@id\":\"https:\\\/\\\/www.fcbarcelonanoticias.com\\\/en\\\/laliga\\\/barcelona-will-have-debutant-referee-against-elche-in-liga_315155_102.html\"},\"wordCount\":420,\"image\":{\"@id\":\"https:\\\/\\\/www.fcbarcelonanoticias.com\\\/en\\\/laliga\\\/barcelona-will-have-debutant-referee-against-elche-in-liga_315155_102.html#primaryimage\"},\"thumbnailUrl\":\"https:\\\/\\\/www.fcbarcelonanoticias.com\\\/en\\\/wp-content\\\/uploads\\\/sites\\\/2\\\/2025\\\/11\\\/miguel-sesma-laliga-25-26.webp\",\"keywords\":[\"Elche CF\",\"Referees\",\"VAR\"],\"articleSection\":[\"LaLiga\",\"LaLiga\"],\"inLanguage\":\"en-US\"},{\"@type\":\"WebPage\",\"@id\":\"https:\\\/\\\/www.fcbarcelonanoticias.com\\\/en\\\/laliga\\\/barcelona-will-have-debutant-referee-against-elche-in-liga_315155_102.html\",\"url\":\"https:\\\/\\\/www.fcbarcelonanoticias.com\\\/en\\\/laliga\\\/barcelona-will-have-debutant-referee-against-elche-in-liga_315155_102.html\",\"name\":\"Barcelona will have a debutant referee against Elche in La Liga\",\"isPartOf\":{\"@id\":\"https:\\\/\\\/www.fcbarcelonanoticias.com\\\/en\\\/#website\"},\"primaryImageOfPage\":{\"@id\":\"https:\\\/\\\/www.fcbarcelonanoticias.com\\\/en\\\/laliga\\\/barcelona-will-have-debutant-referee-against-elche-in-liga_315155_102.html#primaryimage\"},\"image\":{\"@id\":\"https:\\\/\\\/www.fcbarcelonanoticias.com\\\/en\\\/laliga\\\/barcelona-will-have-debutant-referee-against-elche-in-liga_315155_102.html#primaryimage\"},\"thumbnailUrl\":\"https:\\\/\\\/www.fcbarcelonanoticias.com\\\/en\\\/wp-content\\\/uploads\\\/sites\\\/2\\\/2025\\\/11\\\/miguel-sesma-laliga-25-26.webp\",\"datePublished\":\"2025-11-01T14:52:00+00:00\",\"author\":{\"@id\":\"https:\\\/\\\/www.fcbarcelonanoticias.com\\\/en\\\/#\\\/schema\\\/person\\\/c2cd9f6fa1af5c0d0eccd0fefa575c88\"},\"description\":\"The RFEF confirmed Miguel Sesma Espinosa as the main referee for the Barcelona-Elche match. Pablo Gonz\u00e1lez Fuertes will be in charge of VAR at Montju\u00efc\",\"breadcrumb\":{\"@id\":\"https:\\\/\\\/www.fcbarcelonanoticias.com\\\/en\\\/laliga\\\/barcelona-will-have-debutant-referee-against-elche-in-liga_315155_102.html#breadcrumb\"},\"inLanguage\":\"en-US\",\"potentialAction\":[{\"@type\":\"ReadAction\",\"target\":[\"https:\\\/\\\/www.fcbarcelonanoticias.com\\\/en\\\/laliga\\\/barcelona-will-have-debutant-referee-against-elche-in-liga_315155_102.html\"]}]},{\"@type\":\"ImageObject\",\"inLanguage\":\"en-US\",\"@id\":\"https:\\\/\\\/www.fcbarcelonanoticias.com\\\/en\\\/laliga\\\/barcelona-will-have-debutant-referee-against-elche-in-liga_315155_102.html#primaryimage\",\"url\":\"https:\\\/\\\/www.fcbarcelonanoticias.com\\\/en\\\/wp-content\\\/uploads\\\/sites\\\/2\\\/2025\\\/11\\\/miguel-sesma-laliga-25-26.webp\",\"contentUrl\":\"https:\\\/\\\/www.fcbarcelonanoticias.com\\\/en\\\/wp-content\\\/uploads\\\/sites\\\/2\\\/2025\\\/11\\\/miguel-sesma-laliga-25-26.webp\",\"width\":1200,\"height\":675},{\"@type\":\"BreadcrumbList\",\"@id\":\"https:\\\/\\\/www.fcbarcelonanoticias.com\\\/en\\\/laliga\\\/barcelona-will-have-debutant-referee-against-elche-in-liga_315155_102.html#breadcrumb\",\"itemListElement\":[{\"@type\":\"ListItem\",\"position\":1,\"name\":\"Portada\",\"item\":\"https:\\\/\\\/www.fcbarcelonanoticias.com\\\/en\\\/\"},{\"@type\":\"ListItem\",\"position\":2,\"name\":\"LaLiga assigns a debuting referee for the Bar\u00e7a-Elche match of MD11\"}]},{\"@type\":\"WebSite\",\"@id\":\"https:\\\/\\\/www.fcbarcelonanoticias.com\\\/en\\\/#website\",\"url\":\"https:\\\/\\\/www.fcbarcelonanoticias.com\\\/en\\\/\",\"name\":\"EN - FC Barcelona Noticias\",\"description\":\"\",\"potentialAction\":[{\"@type\":\"SearchAction\",\"target\":{\"@type\":\"EntryPoint\",\"urlTemplate\":\"https:\\\/\\\/www.fcbarcelonanoticias.com\\\/en\\\/?s={search_term_string}\"},\"query-input\":{\"@type\":\"PropertyValueSpecification\",\"valueRequired\":true,\"valueName\":\"search_term_string\"}}],\"inLanguage\":\"en-US\"},{\"@type\":\"Person\",\"@id\":\"https:\\\/\\\/www.fcbarcelonanoticias.com\\\/en\\\/#\\\/schema\\\/person\\\/c2cd9f6fa1af5c0d0eccd0fefa575c88\",\"name\":\"Andr\u00e9s Quiroz\",\"image\":{\"@type\":\"ImageObject\",\"inLanguage\":\"en-US\",\"@id\":\"https:\\\/\\\/secure.gravatar.com\\\/avatar\\\/?s=96&d=mm&r=g\",\"url\":\"https:\\\/\\\/secure.gravatar.com\\\/avatar\\\/?s=96&d=mm&r=g\",\"contentUrl\":\"https:\\\/\\\/secure.gravatar.com\\\/avatar\\\/?s=96&d=mm&r=g\",\"caption\":\"Andr\u00e9s Quiroz\"},\"description\":\"Licenciado en Periodismo por la Universidad de los Andes. Me encargo de analizar y compartir los contenidos m\u00e1s destacados de la\u00a0actualidad del F\u00fatbol Club Barcelona, Mercado de Fichajes y F\u00fatbol Internacional en FCBN. La informaci\u00f3n es poder, pero tambi\u00e9n conocimiento.\",\"url\":\"https:\\\/\\\/www.fcbarcelonanoticias.com\\\/en\\\/fc-barcelona\\\/andres-quiroz_17_115.html\"}]}<\/script>\n<!-- \/ Yoast SEO plugin. -->","yoast_head_json":{"title":"Barcelona will have a debutant referee against Elche in La Liga","description":"The RFEF confirmed Miguel Sesma Espinosa as the main referee for the Barcelona-Elche match. Pablo Gonz\u00e1lez Fuertes will be in charge of VAR at Montju\u00efc","robots":{"index":"index","follow":"follow","max-snippet":"max-snippet:-1","max-image-preview":"max-image-preview:large","max-video-preview":"max-video-preview:-1"},"canonical":"https:\/\/www.fcbarcelonanoticias.com\/en\/laliga\/barcelona-will-have-debutant-referee-against-elche-in-liga_315155_102.html","og_locale":"en_US","og_type":"article","og_title":"Barcelona will have a debutant referee against Elche in La Liga","og_description":"The RFEF confirmed Miguel Sesma Espinosa as the main referee for the Barcelona-Elche match. Pablo Gonz\u00e1lez Fuertes will be in charge of VAR at Montju\u00efc","og_url":"https:\/\/www.fcbarcelonanoticias.com\/en\/laliga\/barcelona-will-have-debutant-referee-against-elche-in-liga_315155_102.html","og_site_name":"EN - FC Barcelona Noticias","article_published_time":"2025-11-01T14:52:00+00:00","og_image":[{"width":1200,"height":675,"url":"https:\/\/www.fcbarcelonanoticias.com\/en\/wp-content\/uploads\/sites\/2\/2025\/11\/miguel-sesma-laliga-25-26.webp","type":"image\/webp"}],"author":"Andr\u00e9s Quiroz","twitter_card":"summary_large_image","twitter_misc":{"Written by":"Andr\u00e9s Quiroz","Est. reading time":"2 minutes"},"schema":{"@context":"https:\/\/schema.org","@graph":[{"@type":"Article","@id":"https:\/\/www.fcbarcelonanoticias.com\/en\/laliga\/barcelona-will-have-debutant-referee-against-elche-in-liga_315155_102.html#article","isPartOf":{"@id":"https:\/\/www.fcbarcelonanoticias.com\/en\/laliga\/barcelona-will-have-debutant-referee-against-elche-in-liga_315155_102.html"},"author":{"name":"Andr\u00e9s Quiroz","@id":"https:\/\/www.fcbarcelonanoticias.com\/en\/#\/schema\/person\/c2cd9f6fa1af5c0d0eccd0fefa575c88"},"headline":"LaLiga assigns a debuting referee for the Bar\u00e7a-Elche match of MD11","datePublished":"2025-11-01T14:52:00+00:00","mainEntityOfPage":{"@id":"https:\/\/www.fcbarcelonanoticias.com\/en\/laliga\/barcelona-will-have-debutant-referee-against-elche-in-liga_315155_102.html"},"wordCount":420,"image":{"@id":"https:\/\/www.fcbarcelonanoticias.com\/en\/laliga\/barcelona-will-have-debutant-referee-against-elche-in-liga_315155_102.html#primaryimage"},"thumbnailUrl":"https:\/\/www.fcbarcelonanoticias.com\/en\/wp-content\/uploads\/sites\/2\/2025\/11\/miguel-sesma-laliga-25-26.webp","keywords":["Elche CF","Referees","VAR"],"articleSection":["LaLiga","LaLiga"],"inLanguage":"en-US"},{"@type":"WebPage","@id":"https:\/\/www.fcbarcelonanoticias.com\/en\/laliga\/barcelona-will-have-debutant-referee-against-elche-in-liga_315155_102.html","url":"https:\/\/www.fcbarcelonanoticias.com\/en\/laliga\/barcelona-will-have-debutant-referee-against-elche-in-liga_315155_102.html","name":"Barcelona will have a debutant referee against Elche in La Liga","isPartOf":{"@id":"https:\/\/www.fcbarcelonanoticias.com\/en\/#website"},"primaryImageOfPage":{"@id":"https:\/\/www.fcbarcelonanoticias.com\/en\/laliga\/barcelona-will-have-debutant-referee-against-elche-in-liga_315155_102.html#primaryimage"},"image":{"@id":"https:\/\/www.fcbarcelonanoticias.com\/en\/laliga\/barcelona-will-have-debutant-referee-against-elche-in-liga_315155_102.html#primaryimage"},"thumbnailUrl":"https:\/\/www.fcbarcelonanoticias.com\/en\/wp-content\/uploads\/sites\/2\/2025\/11\/miguel-sesma-laliga-25-26.webp","datePublished":"2025-11-01T14:52:00+00:00","author":{"@id":"https:\/\/www.fcbarcelonanoticias.com\/en\/#\/schema\/person\/c2cd9f6fa1af5c0d0eccd0fefa575c88"},"description":"The RFEF confirmed Miguel Sesma Espinosa as the main referee for the Barcelona-Elche match. Pablo Gonz\u00e1lez Fuertes will be in charge of VAR at Montju\u00efc","breadcrumb":{"@id":"https:\/\/www.fcbarcelonanoticias.com\/en\/laliga\/barcelona-will-have-debutant-referee-against-elche-in-liga_315155_102.html#breadcrumb"},"inLanguage":"en-US","potentialAction":[{"@type":"ReadAction","target":["https:\/\/www.fcbarcelonanoticias.com\/en\/laliga\/barcelona-will-have-debutant-referee-against-elche-in-liga_315155_102.html"]}]},{"@type":"ImageObject","inLanguage":"en-US","@id":"https:\/\/www.fcbarcelonanoticias.com\/en\/laliga\/barcelona-will-have-debutant-referee-against-elche-in-liga_315155_102.html#primaryimage","url":"https:\/\/www.fcbarcelonanoticias.com\/en\/wp-content\/uploads\/sites\/2\/2025\/11\/miguel-sesma-laliga-25-26.webp","contentUrl":"https:\/\/www.fcbarcelonanoticias.com\/en\/wp-content\/uploads\/sites\/2\/2025\/11\/miguel-sesma-laliga-25-26.webp","width":1200,"height":675},{"@type":"BreadcrumbList","@id":"https:\/\/www.fcbarcelonanoticias.com\/en\/laliga\/barcelona-will-have-debutant-referee-against-elche-in-liga_315155_102.html#breadcrumb","itemListElement":[{"@type":"ListItem","position":1,"name":"Portada","item":"https:\/\/www.fcbarcelonanoticias.com\/en\/"},{"@type":"ListItem","position":2,"name":"LaLiga assigns a debuting referee for the Bar\u00e7a-Elche match of MD11"}]},{"@type":"WebSite","@id":"https:\/\/www.fcbarcelonanoticias.com\/en\/#website","url":"https:\/\/www.fcbarcelonanoticias.com\/en\/","name":"EN - FC Barcelona Noticias","description":"","potentialAction":[{"@type":"SearchAction","target":{"@type":"EntryPoint","urlTemplate":"https:\/\/www.fcbarcelonanoticias.com\/en\/?s={search_term_string}"},"query-input":{"@type":"PropertyValueSpecification","valueRequired":true,"valueName":"search_term_string"}}],"inLanguage":"en-US"},{"@type":"Person","@id":"https:\/\/www.fcbarcelonanoticias.com\/en\/#\/schema\/person\/c2cd9f6fa1af5c0d0eccd0fefa575c88","name":"Andr\u00e9s Quiroz","image":{"@type":"ImageObject","inLanguage":"en-US","@id":"https:\/\/secure.gravatar.com\/avatar\/?s=96&d=mm&r=g","url":"https:\/\/secure.gravatar.com\/avatar\/?s=96&d=mm&r=g","contentUrl":"https:\/\/secure.gravatar.com\/avatar\/?s=96&d=mm&r=g","caption":"Andr\u00e9s Quiroz"},"description":"Licenciado en Periodismo por la Universidad de los Andes. Me encargo de analizar y compartir los contenidos m\u00e1s destacados de la\u00a0actualidad del F\u00fatbol Club Barcelona, Mercado de Fichajes y F\u00fatbol Internacional en FCBN. La informaci\u00f3n es poder, pero tambi\u00e9n conocimiento.","url":"https:\/\/www.fcbarcelonanoticias.com\/en\/fc-barcelona\/andres-quiroz_17_115.html"}]}},"_links":{"self":[{"href":"https:\/\/www.fcbarcelonanoticias.com\/en\/wp-json\/wp\/v2\/posts\/50411","targetHints":{"allow":["GET"]}}],"collection":[{"href":"https:\/\/www.fcbarcelonanoticias.com\/en\/wp-json\/wp\/v2\/posts"}],"about":[{"href":"https:\/\/www.fcbarcelonanoticias.com\/en\/wp-json\/wp\/v2\/types\/post"}],"author":[{"embeddable":true,"href":"https:\/\/www.fcbarcelonanoticias.com\/en\/wp-json\/wp\/v2\/users\/347"}],"replies":[{"embeddable":true,"href":"https:\/\/www.fcbarcelonanoticias.com\/en\/wp-json\/wp\/v2\/comments?post=50411"}],"version-history":[{"count":1,"href":"https:\/\/www.fcbarcelonanoticias.com\/en\/wp-json\/wp\/v2\/posts\/50411\/revisions"}],"predecessor-version":[{"id":50412,"href":"https:\/\/www.fcbarcelonanoticias.com\/en\/wp-json\/wp\/v2\/posts\/50411\/revisions\/50412"}],"wp:featuredmedia":[{"embeddable":true,"href":"https:\/\/www.fcbarcelonanoticias.com\/en\/wp-json\/wp\/v2\/media\/50413"}],"wp:attachment":[{"href":"https:\/\/www.fcbarcelonanoticias.com\/en\/wp-json\/wp\/v2\/media?parent=50411"}],"wp:term":[{"taxonomy":"category","embeddable":true,"href":"https:\/\/www.fcbarcelonanoticias.com\/en\/wp-json\/wp\/v2\/categories?post=50411"},{"taxonomy":"post_tag","embeddable":true,"href":"https:\/\/www.fcbarcelonanoticias.com\/en\/wp-json\/wp\/v2\/tags?post=50411"}],"curies":[{"name":"wp","href":"https:\/\/api.w.org\/{rel}","templated":true}]}}