{"id":50474,"date":"2026-01-19T01:45:00","date_gmt":"2026-01-19T00:45:00","guid":{"rendered":"https:\/\/weisetech.dev\/fc-barcelona-noticias\/en\/bitter-re-debut-for-joao-cancelo-with-barca-in-laliga_315790_102\/"},"modified":"2026-01-19T01:46:00","modified_gmt":"2026-01-19T00:46:00","slug":"bitter-re-debut-for-joao-cancelo-with-barca-in-laliga_315790_102","status":"publish","type":"post","link":"https:\/\/www.fcbarcelonanoticias.com\/en\/laliga\/bitter-re-debut-for-joao-cancelo-with-barca-in-laliga_315790_102.html","title":{"rendered":"Bitter &#8216;re-debut&#8217; for Joao Cancelo with Bar\u00e7a in LaLiga"},"content":{"rendered":"<h2 class=\"wp-block-heading\">Joao Cancelo played 28 minutes in Bar\u00e7a&#8217;s defeat against Real Sociedad (2-1). On his return to LaLiga with the blaugrana team, the full-back could not celebrate a new victory for the Catalans<\/h2>  \r\n<div class=\"article-addons\">\r\n    <a href=\"https:\/\/www.fcbarcelonanoticias.com\/en\/calendar-fc-barcelona.html\"\r\n       target=\"_self\"\r\n       title=\"Calendar of FC Barcelona\"\r\n       class=\"blue-gredient-btn\">\r\n       \r\n        Calendar of FC Barcelona    <\/a>\r\n<\/div>   <p><a data-external=\"0\" data-intl-links-en=\"https:\/\/www.fcbarcelonanoticias.com\/en\/laliga\/real-sociedad-2-1-fc-barcelona-laliga-25-26-summary_315787_102.html\" data-intl-links-es=\"https:\/\/www.fcbarcelonanoticias.com\/laliga\/resumen-real-sociedad-2-1-fc-barcelona-laliga-25-26_315787_102.html\" href=\"https:\/\/www.fcbarcelonanoticias.com\/en\/laliga\/real-sociedad-2-1-fc-barcelona-laliga-25-26-summary_315787_102.html\" rel=\"follow\" target=\"_self\" title=\"Resumen del Real Sociedad 2-1 FC Barcelona - LaLiga 25\/26\">FC Barcelona could not overcome Real Sociedad at Anoeta (2-1)<\/a> in a match where the Catalan team was clearly superior, but a lack of finishing, bad luck in front of goal, and <a data-external=\"0\" data-intl-links-en=\"https:\/\/www.fcbarcelonanoticias.com\/en\/laliga\/del-cerro-grande-causes-stir-in-var-2-barca-goals-disallowed_315785_102.html\" data-intl-links-es=\"https:\/\/www.fcbarcelonanoticias.com\/laliga\/del-cerro-grande-lia-var-dos-goles-anulados-barca-convalidado-real-sociedad_315785_102.html\" href=\"https:\/\/www.fcbarcelonanoticias.com\/en\/laliga\/del-cerro-grande-causes-stir-in-var-2-barca-goals-disallowed_315785_102.html\" rel=\"follow\" target=\"_self\" title=\"Del Cerro Grande la l\u00eda en el VAR: dos goles anulados al Bar\u00e7a y uno convalidado a la Real Sociedad\">refereeing controversies<\/a> combined in favor of the San Sebastian side. In the official &#8216;re-debut&#8217; of <strong>Joao Cancelo<\/strong> in a Blaugrana shirt, Bar\u00e7a ended a streak of 11 victories, 9 of them in LaLiga.<\/p>  <p>The Portuguese full-back <a data-external=\"0\" data-intl-links-en=\"https:\/\/www.fcbarcelonanoticias.com\/en\/laliga\/joao-cancelo-registered-with-laliga-with-barca-first-team_315761_102.html\" data-intl-links-es=\"https:\/\/www.fcbarcelonanoticias.com\/laliga\/joao-cancelo-inscrito-laliga-con-primer-equipo-barca_315761_102.html\" href=\"https:\/\/www.fcbarcelonanoticias.com\/en\/laliga\/joao-cancelo-registered-with-laliga-with-barca-first-team_315761_102.html\" rel=\"follow\" target=\"_self\" title=\"Joao Cancelo registered with LaLiga with the Bar\u00e7a first team\">was registered with the number &#8216;2&#8217; shirt<\/a> this week and, after remaining on the bench on Thursday <a data-external=\"0\" data-intl-links-en=\"https:\/\/www.fcbarcelonanoticias.com\/en\/copa-del-rey\/racing-0-2-barcelona-copa-del-rey-2025-26-summary_315763_102.html\" data-intl-links-es=\"https:\/\/www.fcbarcelonanoticias.com\/copa-del-rey\/resumen-racing-santander-0-2-fc-barcelona-copa-del-rey-2025-26_315763_102.html\" href=\"https:\/\/www.fcbarcelonanoticias.com\/en\/copa-del-rey\/racing-0-2-barcelona-copa-del-rey-2025-26-summary_315763_102.html\" rel=\"follow\" target=\"_self\" title=\"Summary of Racing Santander 0-2 FC Barcelona - Copa del Rey 2025-26\">against Racing (0-2)<\/a>, he added his first 28 minutes of the season after coming on for <strong>Alejandro Balde<\/strong> in the 62nd minute<\/p>  <p>The Portuguese player started as a left-back, spending most of his time in the opponent&#8217;s half with a Bar\u00e7a team pushing for an equalizer. After Jules Kound\u00e9&#8217;s departure and Gerard Mart\u00edn&#8217;s entry in the 85th minute, he moved to the right side of an improvised defense, with Frenkie de Jong as a center-back alongside Eric Garc\u00eda<\/p>  <h2>Cancelo was close to getting his first assist with Bar\u00e7a<\/h2>  <p>In general terms, Cancelo had a good performance on his return to the Blaugrana squad, although he was somewhat imprecise in his passing. The player from Barreiro **completed 14 out of 18 passes (78%), one dribble, and 6 defensive actions** in the 28 minutes he was on the field.<\/p>  <p>**Before Kound\u00e9&#8217;s departure, Joao served a perfect cross from the left that allowed the Frenchman to anticipate with a header. Unfortunately for the Cules, the shot went directly to the crossbar and, from there, into the hands of \u00c1lex Remiro, the MVP of the match with 8 saves and a notable performance.<\/p>  <h2>Joao Cancelo: Satisfied with his debut, but sad about the defeat<\/h2>  <p>After the match at Anoeta, Joao Cancelo spoke with &#8216;DAZN&#8217; about his feelings after his &#8216;re-debut&#8217; with Barcelona. The 31-year-old defender expressed his satisfaction with his first minutes and valued the opportunity to play under <a data-external=\"0\" data-intl-links-en=\"https:\/\/www.fcbarcelonanoticias.com\/en\/laliga\/flick-backs-de-jong-over-criticism-of-gil-manzano_315789_102.html\" data-intl-links-es=\"https:\/\/www.fcbarcelonanoticias.com\/laliga\/hansi-flick-respalda-frenkie-de-jong-por-criticas-gil-manzano_315789_102.html\" href=\"https:\/\/www.fcbarcelonanoticias.com\/en\/laliga\/flick-backs-de-jong-over-criticism-of-gil-manzano_315789_102.html\" rel=\"follow\" target=\"_self\" title=\"Hansi Flick respalda a Frenkie de Jong por sus cr\u00edticas a Gil Manzano\">Hansi Flick<\/a>.<\/p>  <p>&#8220;Flick has asked me for overflow and one-on-one. **Although I&#8217;ve missed some passes, I think I entered the game well**,&#8221; the player from Barreiro began. Regarding his role on the field, he added: &#8220;**They want versatility because I can play on both wings** and my experience to help the younger players.&#8221;<\/p>  <p>Finally, regarding the result, he believes it does not reflect the course of the match. &#8220;<strong>We were better and created many chances, but football is like that and, sometimes, these things happen<\/strong>. They defended well and scored two good goals,&#8221; Cancelo pointed out<\/p> ","protected":false},"excerpt":{"rendered":"<p>Joao Cancelo played 28 minutes in Bar\u00e7a&#8217;s defeat against Real Sociedad (2-1). On his return to LaLiga with the blaugrana team, the full-back could not celebrate a new victory for the Catalans FC Barcelona could not overcome Real Sociedad at Anoeta (2-1) in a match where the Catalan team was clearly superior, but a lack [&hellip;]<\/p>\n","protected":false},"author":353,"featured_media":50480,"comment_status":"closed","ping_status":"open","sticky":false,"template":"","format":"standard","meta":{"_acf_changed":false,"inline_featured_image":false,"_nextfly_llmd_date_locked":false,"footnotes":""},"categories":[448,114],"tags":[83,196,157],"class_list":["post-50474","post","type-post","status-publish","format-standard","has-post-thumbnail","hentry","category-laliga-2","category-laliga","tag-fc-barcelona-vs-real-sociedad","tag-joao-cancelo","tag-statistics"],"acf":[],"yoast_head":"<!-- This site is optimized with the Yoast SEO plugin v27.3 - https:\/\/yoast.com\/product\/yoast-seo-wordpress\/ -->\n<title>Bitter &#039;re-debut&#039; for Joao Cancelo with Bar\u00e7a in LaLiga<\/title>\n<meta name=\"description\" content=\"Joao Cancelo played 28 minutes in Bar\u00e7a&#039;s defeat against Real Sociedad (2-1). This is how the Portuguese player fared in his return to LaLiga with the blaugrana team\" \/>\n<meta name=\"robots\" content=\"index, follow, max-snippet:-1, max-image-preview:large, max-video-preview:-1\" \/>\n<link rel=\"canonical\" href=\"https:\/\/www.fcbarcelonanoticias.com\/en\/laliga\/bitter-re-debut-for-joao-cancelo-with-barca-in-laliga_315790_102.html\" \/>\n<meta property=\"og:locale\" content=\"en_US\" \/>\n<meta property=\"og:type\" content=\"article\" \/>\n<meta property=\"og:title\" content=\"Bitter &#039;re-debut&#039; for Joao Cancelo with Bar\u00e7a in LaLiga\" \/>\n<meta property=\"og:description\" content=\"Joao Cancelo played 28 minutes in Bar\u00e7a&#039;s defeat against Real Sociedad (2-1). This is how the Portuguese player fared in his return to LaLiga with the blaugrana team\" \/>\n<meta property=\"og:url\" content=\"https:\/\/www.fcbarcelonanoticias.com\/en\/laliga\/bitter-re-debut-for-joao-cancelo-with-barca-in-laliga_315790_102.html\" \/>\n<meta property=\"og:site_name\" content=\"EN - FC Barcelona Noticias\" \/>\n<meta property=\"article:published_time\" content=\"2026-01-19T00:45:00+00:00\" \/>\n<meta property=\"article:modified_time\" content=\"2026-01-19T00:46:00+00:00\" \/>\n<meta property=\"og:image\" content=\"https:\/\/www.fcbarcelonanoticias.com\/en\/wp-content\/uploads\/sites\/2\/2026\/01\/joao-cancelo-v-real-sociedad-laliga-25-26.jpeg\" \/>\n\t<meta property=\"og:image:width\" content=\"1300\" \/>\n\t<meta property=\"og:image:height\" content=\"732\" \/>\n\t<meta property=\"og:image:type\" content=\"image\/jpeg\" \/>\n<meta name=\"author\" content=\"FC Barcelona Noticias\" \/>\n<meta name=\"twitter:card\" content=\"summary_large_image\" \/>\n<meta name=\"twitter:label1\" content=\"Written by\" \/>\n\t<meta name=\"twitter:data1\" content=\"FC Barcelona Noticias\" \/>\n\t<meta name=\"twitter:label2\" content=\"Est. reading time\" \/>\n\t<meta name=\"twitter:data2\" content=\"2 minutes\" \/>\n<script type=\"application\/ld+json\" class=\"yoast-schema-graph\">{\"@context\":\"https:\\\/\\\/schema.org\",\"@graph\":[{\"@type\":\"Article\",\"@id\":\"https:\\\/\\\/www.fcbarcelonanoticias.com\\\/en\\\/laliga\\\/bitter-re-debut-for-joao-cancelo-with-barca-in-laliga_315790_102.html#article\",\"isPartOf\":{\"@id\":\"https:\\\/\\\/www.fcbarcelonanoticias.com\\\/en\\\/laliga\\\/bitter-re-debut-for-joao-cancelo-with-barca-in-laliga_315790_102.html\"},\"author\":{\"name\":\"FC Barcelona Noticias\",\"@id\":\"https:\\\/\\\/www.fcbarcelonanoticias.com\\\/en\\\/#\\\/schema\\\/person\\\/0f2810101d27606974cdb8edb54fa54b\"},\"headline\":\"Bitter &#8216;re-debut&#8217; for Joao Cancelo with Bar\u00e7a in LaLiga\",\"datePublished\":\"2026-01-19T00:45:00+00:00\",\"dateModified\":\"2026-01-19T00:46:00+00:00\",\"mainEntityOfPage\":{\"@id\":\"https:\\\/\\\/www.fcbarcelonanoticias.com\\\/en\\\/laliga\\\/bitter-re-debut-for-joao-cancelo-with-barca-in-laliga_315790_102.html\"},\"wordCount\":459,\"image\":{\"@id\":\"https:\\\/\\\/www.fcbarcelonanoticias.com\\\/en\\\/laliga\\\/bitter-re-debut-for-joao-cancelo-with-barca-in-laliga_315790_102.html#primaryimage\"},\"thumbnailUrl\":\"https:\\\/\\\/www.fcbarcelonanoticias.com\\\/en\\\/wp-content\\\/uploads\\\/sites\\\/2\\\/2026\\\/01\\\/joao-cancelo-v-real-sociedad-laliga-25-26.jpeg\",\"keywords\":[\"FC Barcelona vs Real Sociedad\",\"Joao Cancelo\",\"Statistics\"],\"articleSection\":[\"LaLiga\",\"LaLiga\"],\"inLanguage\":\"en-US\"},{\"@type\":\"WebPage\",\"@id\":\"https:\\\/\\\/www.fcbarcelonanoticias.com\\\/en\\\/laliga\\\/bitter-re-debut-for-joao-cancelo-with-barca-in-laliga_315790_102.html\",\"url\":\"https:\\\/\\\/www.fcbarcelonanoticias.com\\\/en\\\/laliga\\\/bitter-re-debut-for-joao-cancelo-with-barca-in-laliga_315790_102.html\",\"name\":\"Bitter 're-debut' for Joao Cancelo with Bar\u00e7a in LaLiga\",\"isPartOf\":{\"@id\":\"https:\\\/\\\/www.fcbarcelonanoticias.com\\\/en\\\/#website\"},\"primaryImageOfPage\":{\"@id\":\"https:\\\/\\\/www.fcbarcelonanoticias.com\\\/en\\\/laliga\\\/bitter-re-debut-for-joao-cancelo-with-barca-in-laliga_315790_102.html#primaryimage\"},\"image\":{\"@id\":\"https:\\\/\\\/www.fcbarcelonanoticias.com\\\/en\\\/laliga\\\/bitter-re-debut-for-joao-cancelo-with-barca-in-laliga_315790_102.html#primaryimage\"},\"thumbnailUrl\":\"https:\\\/\\\/www.fcbarcelonanoticias.com\\\/en\\\/wp-content\\\/uploads\\\/sites\\\/2\\\/2026\\\/01\\\/joao-cancelo-v-real-sociedad-laliga-25-26.jpeg\",\"datePublished\":\"2026-01-19T00:45:00+00:00\",\"dateModified\":\"2026-01-19T00:46:00+00:00\",\"author\":{\"@id\":\"https:\\\/\\\/www.fcbarcelonanoticias.com\\\/en\\\/#\\\/schema\\\/person\\\/0f2810101d27606974cdb8edb54fa54b\"},\"description\":\"Joao Cancelo played 28 minutes in Bar\u00e7a's defeat against Real Sociedad (2-1). This is how the Portuguese player fared in his return to LaLiga with the blaugrana team\",\"breadcrumb\":{\"@id\":\"https:\\\/\\\/www.fcbarcelonanoticias.com\\\/en\\\/laliga\\\/bitter-re-debut-for-joao-cancelo-with-barca-in-laliga_315790_102.html#breadcrumb\"},\"inLanguage\":\"en-US\",\"potentialAction\":[{\"@type\":\"ReadAction\",\"target\":[\"https:\\\/\\\/www.fcbarcelonanoticias.com\\\/en\\\/laliga\\\/bitter-re-debut-for-joao-cancelo-with-barca-in-laliga_315790_102.html\"]}]},{\"@type\":\"ImageObject\",\"inLanguage\":\"en-US\",\"@id\":\"https:\\\/\\\/www.fcbarcelonanoticias.com\\\/en\\\/laliga\\\/bitter-re-debut-for-joao-cancelo-with-barca-in-laliga_315790_102.html#primaryimage\",\"url\":\"https:\\\/\\\/www.fcbarcelonanoticias.com\\\/en\\\/wp-content\\\/uploads\\\/sites\\\/2\\\/2026\\\/01\\\/joao-cancelo-v-real-sociedad-laliga-25-26.jpeg\",\"contentUrl\":\"https:\\\/\\\/www.fcbarcelonanoticias.com\\\/en\\\/wp-content\\\/uploads\\\/sites\\\/2\\\/2026\\\/01\\\/joao-cancelo-v-real-sociedad-laliga-25-26.jpeg\",\"width\":1300,\"height\":732},{\"@type\":\"BreadcrumbList\",\"@id\":\"https:\\\/\\\/www.fcbarcelonanoticias.com\\\/en\\\/laliga\\\/bitter-re-debut-for-joao-cancelo-with-barca-in-laliga_315790_102.html#breadcrumb\",\"itemListElement\":[{\"@type\":\"ListItem\",\"position\":1,\"name\":\"Portada\",\"item\":\"https:\\\/\\\/www.fcbarcelonanoticias.com\\\/en\\\/\"},{\"@type\":\"ListItem\",\"position\":2,\"name\":\"Bitter &#8216;re-debut&#8217; for Joao Cancelo with Bar\u00e7a in LaLiga\"}]},{\"@type\":\"WebSite\",\"@id\":\"https:\\\/\\\/www.fcbarcelonanoticias.com\\\/en\\\/#website\",\"url\":\"https:\\\/\\\/www.fcbarcelonanoticias.com\\\/en\\\/\",\"name\":\"EN - FC Barcelona Noticias\",\"description\":\"\",\"potentialAction\":[{\"@type\":\"SearchAction\",\"target\":{\"@type\":\"EntryPoint\",\"urlTemplate\":\"https:\\\/\\\/www.fcbarcelonanoticias.com\\\/en\\\/?s={search_term_string}\"},\"query-input\":{\"@type\":\"PropertyValueSpecification\",\"valueRequired\":true,\"valueName\":\"search_term_string\"}}],\"inLanguage\":\"en-US\"},{\"@type\":\"Person\",\"@id\":\"https:\\\/\\\/www.fcbarcelonanoticias.com\\\/en\\\/#\\\/schema\\\/person\\\/0f2810101d27606974cdb8edb54fa54b\",\"name\":\"FC Barcelona Noticias\",\"image\":{\"@type\":\"ImageObject\",\"inLanguage\":\"en-US\",\"@id\":\"https:\\\/\\\/secure.gravatar.com\\\/avatar\\\/?s=96&d=mm&r=g\",\"url\":\"https:\\\/\\\/secure.gravatar.com\\\/avatar\\\/?s=96&d=mm&r=g\",\"contentUrl\":\"https:\\\/\\\/secure.gravatar.com\\\/avatar\\\/?s=96&d=mm&r=g\",\"caption\":\"FC Barcelona Noticias\"},\"url\":\"https:\\\/\\\/www.fcbarcelonanoticias.com\\\/en\\\/fc-barcelona\\\/fcbn-writing-fc-barcelona-news_6_115.html\"}]}<\/script>\n<!-- \/ Yoast SEO plugin. -->","yoast_head_json":{"title":"Bitter 're-debut' for Joao Cancelo with Bar\u00e7a in LaLiga","description":"Joao Cancelo played 28 minutes in Bar\u00e7a's defeat against Real Sociedad (2-1). This is how the Portuguese player fared in his return to LaLiga with the blaugrana team","robots":{"index":"index","follow":"follow","max-snippet":"max-snippet:-1","max-image-preview":"max-image-preview:large","max-video-preview":"max-video-preview:-1"},"canonical":"https:\/\/www.fcbarcelonanoticias.com\/en\/laliga\/bitter-re-debut-for-joao-cancelo-with-barca-in-laliga_315790_102.html","og_locale":"en_US","og_type":"article","og_title":"Bitter 're-debut' for Joao Cancelo with Bar\u00e7a in LaLiga","og_description":"Joao Cancelo played 28 minutes in Bar\u00e7a's defeat against Real Sociedad (2-1). This is how the Portuguese player fared in his return to LaLiga with the blaugrana team","og_url":"https:\/\/www.fcbarcelonanoticias.com\/en\/laliga\/bitter-re-debut-for-joao-cancelo-with-barca-in-laliga_315790_102.html","og_site_name":"EN - FC Barcelona Noticias","article_published_time":"2026-01-19T00:45:00+00:00","article_modified_time":"2026-01-19T00:46:00+00:00","og_image":[{"width":1300,"height":732,"url":"https:\/\/www.fcbarcelonanoticias.com\/en\/wp-content\/uploads\/sites\/2\/2026\/01\/joao-cancelo-v-real-sociedad-laliga-25-26.jpeg","type":"image\/jpeg"}],"author":"FC Barcelona Noticias","twitter_card":"summary_large_image","twitter_misc":{"Written by":"FC Barcelona Noticias","Est. reading time":"2 minutes"},"schema":{"@context":"https:\/\/schema.org","@graph":[{"@type":"Article","@id":"https:\/\/www.fcbarcelonanoticias.com\/en\/laliga\/bitter-re-debut-for-joao-cancelo-with-barca-in-laliga_315790_102.html#article","isPartOf":{"@id":"https:\/\/www.fcbarcelonanoticias.com\/en\/laliga\/bitter-re-debut-for-joao-cancelo-with-barca-in-laliga_315790_102.html"},"author":{"name":"FC Barcelona Noticias","@id":"https:\/\/www.fcbarcelonanoticias.com\/en\/#\/schema\/person\/0f2810101d27606974cdb8edb54fa54b"},"headline":"Bitter &#8216;re-debut&#8217; for Joao Cancelo with Bar\u00e7a in LaLiga","datePublished":"2026-01-19T00:45:00+00:00","dateModified":"2026-01-19T00:46:00+00:00","mainEntityOfPage":{"@id":"https:\/\/www.fcbarcelonanoticias.com\/en\/laliga\/bitter-re-debut-for-joao-cancelo-with-barca-in-laliga_315790_102.html"},"wordCount":459,"image":{"@id":"https:\/\/www.fcbarcelonanoticias.com\/en\/laliga\/bitter-re-debut-for-joao-cancelo-with-barca-in-laliga_315790_102.html#primaryimage"},"thumbnailUrl":"https:\/\/www.fcbarcelonanoticias.com\/en\/wp-content\/uploads\/sites\/2\/2026\/01\/joao-cancelo-v-real-sociedad-laliga-25-26.jpeg","keywords":["FC Barcelona vs Real Sociedad","Joao Cancelo","Statistics"],"articleSection":["LaLiga","LaLiga"],"inLanguage":"en-US"},{"@type":"WebPage","@id":"https:\/\/www.fcbarcelonanoticias.com\/en\/laliga\/bitter-re-debut-for-joao-cancelo-with-barca-in-laliga_315790_102.html","url":"https:\/\/www.fcbarcelonanoticias.com\/en\/laliga\/bitter-re-debut-for-joao-cancelo-with-barca-in-laliga_315790_102.html","name":"Bitter 're-debut' for Joao Cancelo with Bar\u00e7a in LaLiga","isPartOf":{"@id":"https:\/\/www.fcbarcelonanoticias.com\/en\/#website"},"primaryImageOfPage":{"@id":"https:\/\/www.fcbarcelonanoticias.com\/en\/laliga\/bitter-re-debut-for-joao-cancelo-with-barca-in-laliga_315790_102.html#primaryimage"},"image":{"@id":"https:\/\/www.fcbarcelonanoticias.com\/en\/laliga\/bitter-re-debut-for-joao-cancelo-with-barca-in-laliga_315790_102.html#primaryimage"},"thumbnailUrl":"https:\/\/www.fcbarcelonanoticias.com\/en\/wp-content\/uploads\/sites\/2\/2026\/01\/joao-cancelo-v-real-sociedad-laliga-25-26.jpeg","datePublished":"2026-01-19T00:45:00+00:00","dateModified":"2026-01-19T00:46:00+00:00","author":{"@id":"https:\/\/www.fcbarcelonanoticias.com\/en\/#\/schema\/person\/0f2810101d27606974cdb8edb54fa54b"},"description":"Joao Cancelo played 28 minutes in Bar\u00e7a's defeat against Real Sociedad (2-1). This is how the Portuguese player fared in his return to LaLiga with the blaugrana team","breadcrumb":{"@id":"https:\/\/www.fcbarcelonanoticias.com\/en\/laliga\/bitter-re-debut-for-joao-cancelo-with-barca-in-laliga_315790_102.html#breadcrumb"},"inLanguage":"en-US","potentialAction":[{"@type":"ReadAction","target":["https:\/\/www.fcbarcelonanoticias.com\/en\/laliga\/bitter-re-debut-for-joao-cancelo-with-barca-in-laliga_315790_102.html"]}]},{"@type":"ImageObject","inLanguage":"en-US","@id":"https:\/\/www.fcbarcelonanoticias.com\/en\/laliga\/bitter-re-debut-for-joao-cancelo-with-barca-in-laliga_315790_102.html#primaryimage","url":"https:\/\/www.fcbarcelonanoticias.com\/en\/wp-content\/uploads\/sites\/2\/2026\/01\/joao-cancelo-v-real-sociedad-laliga-25-26.jpeg","contentUrl":"https:\/\/www.fcbarcelonanoticias.com\/en\/wp-content\/uploads\/sites\/2\/2026\/01\/joao-cancelo-v-real-sociedad-laliga-25-26.jpeg","width":1300,"height":732},{"@type":"BreadcrumbList","@id":"https:\/\/www.fcbarcelonanoticias.com\/en\/laliga\/bitter-re-debut-for-joao-cancelo-with-barca-in-laliga_315790_102.html#breadcrumb","itemListElement":[{"@type":"ListItem","position":1,"name":"Portada","item":"https:\/\/www.fcbarcelonanoticias.com\/en\/"},{"@type":"ListItem","position":2,"name":"Bitter &#8216;re-debut&#8217; for Joao Cancelo with Bar\u00e7a in LaLiga"}]},{"@type":"WebSite","@id":"https:\/\/www.fcbarcelonanoticias.com\/en\/#website","url":"https:\/\/www.fcbarcelonanoticias.com\/en\/","name":"EN - FC Barcelona Noticias","description":"","potentialAction":[{"@type":"SearchAction","target":{"@type":"EntryPoint","urlTemplate":"https:\/\/www.fcbarcelonanoticias.com\/en\/?s={search_term_string}"},"query-input":{"@type":"PropertyValueSpecification","valueRequired":true,"valueName":"search_term_string"}}],"inLanguage":"en-US"},{"@type":"Person","@id":"https:\/\/www.fcbarcelonanoticias.com\/en\/#\/schema\/person\/0f2810101d27606974cdb8edb54fa54b","name":"FC Barcelona Noticias","image":{"@type":"ImageObject","inLanguage":"en-US","@id":"https:\/\/secure.gravatar.com\/avatar\/?s=96&d=mm&r=g","url":"https:\/\/secure.gravatar.com\/avatar\/?s=96&d=mm&r=g","contentUrl":"https:\/\/secure.gravatar.com\/avatar\/?s=96&d=mm&r=g","caption":"FC Barcelona Noticias"},"url":"https:\/\/www.fcbarcelonanoticias.com\/en\/fc-barcelona\/fcbn-writing-fc-barcelona-news_6_115.html"}]}},"_links":{"self":[{"href":"https:\/\/www.fcbarcelonanoticias.com\/en\/wp-json\/wp\/v2\/posts\/50474","targetHints":{"allow":["GET"]}}],"collection":[{"href":"https:\/\/www.fcbarcelonanoticias.com\/en\/wp-json\/wp\/v2\/posts"}],"about":[{"href":"https:\/\/www.fcbarcelonanoticias.com\/en\/wp-json\/wp\/v2\/types\/post"}],"author":[{"embeddable":true,"href":"https:\/\/www.fcbarcelonanoticias.com\/en\/wp-json\/wp\/v2\/users\/353"}],"replies":[{"embeddable":true,"href":"https:\/\/www.fcbarcelonanoticias.com\/en\/wp-json\/wp\/v2\/comments?post=50474"}],"version-history":[{"count":1,"href":"https:\/\/www.fcbarcelonanoticias.com\/en\/wp-json\/wp\/v2\/posts\/50474\/revisions"}],"predecessor-version":[{"id":50479,"href":"https:\/\/www.fcbarcelonanoticias.com\/en\/wp-json\/wp\/v2\/posts\/50474\/revisions\/50479"}],"wp:featuredmedia":[{"embeddable":true,"href":"https:\/\/www.fcbarcelonanoticias.com\/en\/wp-json\/wp\/v2\/media\/50480"}],"wp:attachment":[{"href":"https:\/\/www.fcbarcelonanoticias.com\/en\/wp-json\/wp\/v2\/media?parent=50474"}],"wp:term":[{"taxonomy":"category","embeddable":true,"href":"https:\/\/www.fcbarcelonanoticias.com\/en\/wp-json\/wp\/v2\/categories?post=50474"},{"taxonomy":"post_tag","embeddable":true,"href":"https:\/\/www.fcbarcelonanoticias.com\/en\/wp-json\/wp\/v2\/tags?post=50474"}],"curies":[{"name":"wp","href":"https:\/\/api.w.org\/{rel}","templated":true}]}}