{"id":50536,"date":"2022-12-31T08:09:00","date_gmt":"2022-12-31T07:09:00","guid":{"rendered":"https:\/\/weisetech.dev\/fc-barcelona-noticias\/en\/brutal-rajada-valladolid-against-arbitration_288158_102\/"},"modified":"2022-12-31T08:09:00","modified_gmt":"2022-12-31T07:09:00","slug":"brutal-rajada-valladolid-against-arbitration_288158_102","status":"publish","type":"post","link":"https:\/\/www.fcbarcelonanoticias.com\/en\/laliga\/brutal-rajada-valladolid-against-arbitration_288158_102.html","title":{"rendered":"Brutal &#8216;crack&#8217; of Valladolid against arbitration"},"content":{"rendered":"<h2 class=\"wp-block-heading\">Jos\u00e9 Rojo Mart\u00edn, better known as Pacheta, has appeared before the press notably angry after the refereeing of Munuera Montero and Gil Manzano against Real Madrid<\/h2>  \r\n<div class=\"article-addons\">\r\n    <a href=\"https:\/\/www.fcbarcelonanoticias.com\/en\/calendar-fc-barcelona.html\"\r\n       target=\"_self\"\r\n       title=\"Calendar of FC Barcelona\"\r\n       class=\"blue-gredient-btn\">\r\n       \r\n        Calendar of FC Barcelona    <\/a>\r\n<\/div>   <p>The trainer of the <a data-external=\"0\" data-intl-links-en=\"https:\/\/www.fcbarcelonanoticias.com\/en\/tags\/valladolid\" data-intl-links-es=\"https:\/\/www.fcbarcelonanoticias.com\/tags\/valladolid\" href=\"https:\/\/www.fcbarcelonanoticias.com\/en\/tags\/valladolid.html\" rel=\"follow\" target=\"_self\" title=\"Valladolid\">Real Valladolid<\/a>, Jos\u00e9 Red Mart\u00edn, better known like Pacheta,<strong> has appeared in front of the media in the back press conference to the defeat (0-2) in front of the <a data-external=\"0\" data-intl-links-en=\"https:\/\/www.fcbarcelonanoticias.com\/en\/real-madrid\" data-intl-links-es=\"https:\/\/www.fcbarcelonanoticias.com\/real-madrid\" href=\"https:\/\/www.fcbarcelonanoticias.com\/en\/football-soccer\/real-madrid.html\" rel=\"follow\" target=\"_self\" title=\"Real Madrid\">Real Madrid<\/a> with an enojo quite remarkable<\/strong>. This because of the circumstances in which it bent the party in favour of the group merengue during the final minutes of the meeting.<\/p>  <p>And it is that the arbitration of Munuera Montero beside the decisions of Gil Manzano in the VAR gave a lot of cloth that cut in the denouement of the commitment.<strong> To the Pucela earned him a penalti against to the 83&#8242; minutes by an unnatural hand more than questionable<\/strong>, added to the expulsion of Sergio Le\u00f3n and to the cautions of Javier S\u00e1nchez and Joaqu\u00edn Fern\u00e1ndez.<\/p>  <p>Karim Benzema marked the so much that opened the tin from and later the goal that sentenced the visit of the picture capitalino before the aggregated time. The technician burgal\u00e9s attended in front of the press after the occurred and did not hide his point of view. <strong>&#8220;I am tired, am outraged. That gives him in the hand? And in Saint Mam\u00e9s also and no the pitan<\/strong>&#8220;, exclaimed against the referees.<\/p>  <p>&#8220;That piten all the hands and know by where go.<strong> But for real it knows the people what is hand in unnatural position? But if you jump with four and are unbalanced<\/strong>.<strong> <\/strong>I speak of just things&#8221;, aimed, just before signalling that to the team vallisoletano no him pitan in equality of conditions. <strong>&#8220;That me piten the same to me, that to me no me it pitan. And now I have to me callar? As I do not go me to callar&#8221;<\/strong>, concluded.<\/p>  <h3>Same leading<\/h3>  <p>Again the judge Gil Manzano is under the eye of the criticism, although this time by his performance in front of the VAR. <strong>It is important to remember that the pacense was protagonist in the expulsion of Robert Lewandowski in front of the Osasuna<\/strong>, what derived in a sanction of three parties that finds in measure cautelar of face to the next days.<\/p> ","protected":false},"excerpt":{"rendered":"<p>Jos\u00e9 Rojo Mart\u00edn, better known as Pacheta, has appeared before the press notably angry after the refereeing of Munuera Montero and Gil Manzano against Real Madrid The trainer of the Real Valladolid, Jos\u00e9 Red Mart\u00edn, better known like Pacheta, has appeared in front of the media in the back press conference to the defeat (0-2) [&hellip;]<\/p>\n","protected":false},"author":0,"featured_media":50538,"comment_status":"closed","ping_status":"open","sticky":false,"template":"","format":"standard","meta":{"_acf_changed":false,"inline_featured_image":false,"_nextfly_llmd_date_locked":false,"footnotes":""},"categories":[448,114],"tags":[190,86],"class_list":["post-50536","post","type-post","status-publish","format-standard","has-post-thumbnail","hentry","category-laliga-2","category-laliga","tag-referees","tag-valladolid"],"acf":[],"yoast_head":"<!-- This site is optimized with the Yoast SEO plugin v27.3 - https:\/\/yoast.com\/product\/yoast-seo-wordpress\/ -->\n<title>Brutal &#039;crack&#039; of Valladolid against arbitration<\/title>\n<meta name=\"description\" content=\"Jos\u00e9 Rojo Mart\u00edn, better known as Pacheta, has appeared before the press notably angry after the refereeing of Munuera Montero and Gil Manzano against Real Madrid\" \/>\n<meta name=\"robots\" content=\"index, follow, max-snippet:-1, max-image-preview:large, max-video-preview:-1\" \/>\n<link rel=\"canonical\" href=\"https:\/\/www.fcbarcelonanoticias.com\/en\/laliga\/brutal-rajada-valladolid-against-arbitration_288158_102.html\" \/>\n<meta property=\"og:locale\" content=\"en_US\" \/>\n<meta property=\"og:type\" content=\"article\" \/>\n<meta property=\"og:title\" content=\"Brutal &#039;crack&#039; of Valladolid against arbitration\" \/>\n<meta property=\"og:description\" content=\"Jos\u00e9 Rojo Mart\u00edn, better known as Pacheta, has appeared before the press notably angry after the refereeing of Munuera Montero and Gil Manzano against Real Madrid\" \/>\n<meta property=\"og:url\" content=\"https:\/\/www.fcbarcelonanoticias.com\/en\/laliga\/brutal-rajada-valladolid-against-arbitration_288158_102.html\" \/>\n<meta property=\"og:site_name\" content=\"EN - FC Barcelona Noticias\" \/>\n<meta property=\"article:published_time\" content=\"2022-12-31T07:09:00+00:00\" \/>\n<meta property=\"og:image\" content=\"https:\/\/www.fcbarcelonanoticias.com\/en\/wp-content\/uploads\/sites\/2\/2022\/12\/arbitro-en-el-valladolid-madrid.jpeg\" \/>\n\t<meta property=\"og:image:width\" content=\"1300\" \/>\n\t<meta property=\"og:image:height\" content=\"750\" \/>\n\t<meta property=\"og:image:type\" content=\"image\/jpeg\" \/>\n<meta name=\"twitter:card\" content=\"summary_large_image\" \/>\n<meta name=\"twitter:label1\" content=\"Est. reading time\" \/>\n\t<meta name=\"twitter:data1\" content=\"2 minutes\" \/>\n<script type=\"application\/ld+json\" class=\"yoast-schema-graph\">{\"@context\":\"https:\\\/\\\/schema.org\",\"@graph\":[{\"@type\":\"Article\",\"@id\":\"https:\\\/\\\/www.fcbarcelonanoticias.com\\\/en\\\/laliga\\\/brutal-rajada-valladolid-against-arbitration_288158_102.html#article\",\"isPartOf\":{\"@id\":\"https:\\\/\\\/www.fcbarcelonanoticias.com\\\/en\\\/laliga\\\/brutal-rajada-valladolid-against-arbitration_288158_102.html\"},\"author\":{\"name\":\"\",\"@id\":\"\"},\"headline\":\"Brutal &#8216;crack&#8217; of Valladolid against arbitration\",\"datePublished\":\"2022-12-31T07:09:00+00:00\",\"mainEntityOfPage\":{\"@id\":\"https:\\\/\\\/www.fcbarcelonanoticias.com\\\/en\\\/laliga\\\/brutal-rajada-valladolid-against-arbitration_288158_102.html\"},\"wordCount\":389,\"image\":{\"@id\":\"https:\\\/\\\/www.fcbarcelonanoticias.com\\\/en\\\/laliga\\\/brutal-rajada-valladolid-against-arbitration_288158_102.html#primaryimage\"},\"thumbnailUrl\":\"https:\\\/\\\/www.fcbarcelonanoticias.com\\\/en\\\/wp-content\\\/uploads\\\/sites\\\/2\\\/2022\\\/12\\\/arbitro-en-el-valladolid-madrid.jpeg\",\"keywords\":[\"Referees\",\"Valladolid\"],\"articleSection\":[\"LaLiga\",\"LaLiga\"],\"inLanguage\":\"en-US\"},{\"@type\":\"WebPage\",\"@id\":\"https:\\\/\\\/www.fcbarcelonanoticias.com\\\/en\\\/laliga\\\/brutal-rajada-valladolid-against-arbitration_288158_102.html\",\"url\":\"https:\\\/\\\/www.fcbarcelonanoticias.com\\\/en\\\/laliga\\\/brutal-rajada-valladolid-against-arbitration_288158_102.html\",\"name\":\"Brutal 'crack' of Valladolid against arbitration\",\"isPartOf\":{\"@id\":\"https:\\\/\\\/www.fcbarcelonanoticias.com\\\/en\\\/#website\"},\"primaryImageOfPage\":{\"@id\":\"https:\\\/\\\/www.fcbarcelonanoticias.com\\\/en\\\/laliga\\\/brutal-rajada-valladolid-against-arbitration_288158_102.html#primaryimage\"},\"image\":{\"@id\":\"https:\\\/\\\/www.fcbarcelonanoticias.com\\\/en\\\/laliga\\\/brutal-rajada-valladolid-against-arbitration_288158_102.html#primaryimage\"},\"thumbnailUrl\":\"https:\\\/\\\/www.fcbarcelonanoticias.com\\\/en\\\/wp-content\\\/uploads\\\/sites\\\/2\\\/2022\\\/12\\\/arbitro-en-el-valladolid-madrid.jpeg\",\"datePublished\":\"2022-12-31T07:09:00+00:00\",\"author\":{\"@id\":\"\"},\"description\":\"Jos\u00e9 Rojo Mart\u00edn, better known as Pacheta, has appeared before the press notably angry after the refereeing of Munuera Montero and Gil Manzano against Real Madrid\",\"breadcrumb\":{\"@id\":\"https:\\\/\\\/www.fcbarcelonanoticias.com\\\/en\\\/laliga\\\/brutal-rajada-valladolid-against-arbitration_288158_102.html#breadcrumb\"},\"inLanguage\":\"en-US\",\"potentialAction\":[{\"@type\":\"ReadAction\",\"target\":[\"https:\\\/\\\/www.fcbarcelonanoticias.com\\\/en\\\/laliga\\\/brutal-rajada-valladolid-against-arbitration_288158_102.html\"]}]},{\"@type\":\"ImageObject\",\"inLanguage\":\"en-US\",\"@id\":\"https:\\\/\\\/www.fcbarcelonanoticias.com\\\/en\\\/laliga\\\/brutal-rajada-valladolid-against-arbitration_288158_102.html#primaryimage\",\"url\":\"https:\\\/\\\/www.fcbarcelonanoticias.com\\\/en\\\/wp-content\\\/uploads\\\/sites\\\/2\\\/2022\\\/12\\\/arbitro-en-el-valladolid-madrid.jpeg\",\"contentUrl\":\"https:\\\/\\\/www.fcbarcelonanoticias.com\\\/en\\\/wp-content\\\/uploads\\\/sites\\\/2\\\/2022\\\/12\\\/arbitro-en-el-valladolid-madrid.jpeg\",\"width\":1300,\"height\":750},{\"@type\":\"BreadcrumbList\",\"@id\":\"https:\\\/\\\/www.fcbarcelonanoticias.com\\\/en\\\/laliga\\\/brutal-rajada-valladolid-against-arbitration_288158_102.html#breadcrumb\",\"itemListElement\":[{\"@type\":\"ListItem\",\"position\":1,\"name\":\"Portada\",\"item\":\"https:\\\/\\\/www.fcbarcelonanoticias.com\\\/en\\\/\"},{\"@type\":\"ListItem\",\"position\":2,\"name\":\"Brutal &#8216;crack&#8217; of Valladolid against arbitration\"}]},{\"@type\":\"WebSite\",\"@id\":\"https:\\\/\\\/www.fcbarcelonanoticias.com\\\/en\\\/#website\",\"url\":\"https:\\\/\\\/www.fcbarcelonanoticias.com\\\/en\\\/\",\"name\":\"EN - FC Barcelona Noticias\",\"description\":\"\",\"potentialAction\":[{\"@type\":\"SearchAction\",\"target\":{\"@type\":\"EntryPoint\",\"urlTemplate\":\"https:\\\/\\\/www.fcbarcelonanoticias.com\\\/en\\\/?s={search_term_string}\"},\"query-input\":{\"@type\":\"PropertyValueSpecification\",\"valueRequired\":true,\"valueName\":\"search_term_string\"}}],\"inLanguage\":\"en-US\"}]}<\/script>\n<!-- \/ Yoast SEO plugin. -->","yoast_head_json":{"title":"Brutal 'crack' of Valladolid against arbitration","description":"Jos\u00e9 Rojo Mart\u00edn, better known as Pacheta, has appeared before the press notably angry after the refereeing of Munuera Montero and Gil Manzano against Real Madrid","robots":{"index":"index","follow":"follow","max-snippet":"max-snippet:-1","max-image-preview":"max-image-preview:large","max-video-preview":"max-video-preview:-1"},"canonical":"https:\/\/www.fcbarcelonanoticias.com\/en\/laliga\/brutal-rajada-valladolid-against-arbitration_288158_102.html","og_locale":"en_US","og_type":"article","og_title":"Brutal 'crack' of Valladolid against arbitration","og_description":"Jos\u00e9 Rojo Mart\u00edn, better known as Pacheta, has appeared before the press notably angry after the refereeing of Munuera Montero and Gil Manzano against Real Madrid","og_url":"https:\/\/www.fcbarcelonanoticias.com\/en\/laliga\/brutal-rajada-valladolid-against-arbitration_288158_102.html","og_site_name":"EN - FC Barcelona Noticias","article_published_time":"2022-12-31T07:09:00+00:00","og_image":[{"width":1300,"height":750,"url":"https:\/\/www.fcbarcelonanoticias.com\/en\/wp-content\/uploads\/sites\/2\/2022\/12\/arbitro-en-el-valladolid-madrid.jpeg","type":"image\/jpeg"}],"twitter_card":"summary_large_image","twitter_misc":{"Est. reading time":"2 minutes"},"schema":{"@context":"https:\/\/schema.org","@graph":[{"@type":"Article","@id":"https:\/\/www.fcbarcelonanoticias.com\/en\/laliga\/brutal-rajada-valladolid-against-arbitration_288158_102.html#article","isPartOf":{"@id":"https:\/\/www.fcbarcelonanoticias.com\/en\/laliga\/brutal-rajada-valladolid-against-arbitration_288158_102.html"},"author":{"name":"","@id":""},"headline":"Brutal &#8216;crack&#8217; of Valladolid against arbitration","datePublished":"2022-12-31T07:09:00+00:00","mainEntityOfPage":{"@id":"https:\/\/www.fcbarcelonanoticias.com\/en\/laliga\/brutal-rajada-valladolid-against-arbitration_288158_102.html"},"wordCount":389,"image":{"@id":"https:\/\/www.fcbarcelonanoticias.com\/en\/laliga\/brutal-rajada-valladolid-against-arbitration_288158_102.html#primaryimage"},"thumbnailUrl":"https:\/\/www.fcbarcelonanoticias.com\/en\/wp-content\/uploads\/sites\/2\/2022\/12\/arbitro-en-el-valladolid-madrid.jpeg","keywords":["Referees","Valladolid"],"articleSection":["LaLiga","LaLiga"],"inLanguage":"en-US"},{"@type":"WebPage","@id":"https:\/\/www.fcbarcelonanoticias.com\/en\/laliga\/brutal-rajada-valladolid-against-arbitration_288158_102.html","url":"https:\/\/www.fcbarcelonanoticias.com\/en\/laliga\/brutal-rajada-valladolid-against-arbitration_288158_102.html","name":"Brutal 'crack' of Valladolid against arbitration","isPartOf":{"@id":"https:\/\/www.fcbarcelonanoticias.com\/en\/#website"},"primaryImageOfPage":{"@id":"https:\/\/www.fcbarcelonanoticias.com\/en\/laliga\/brutal-rajada-valladolid-against-arbitration_288158_102.html#primaryimage"},"image":{"@id":"https:\/\/www.fcbarcelonanoticias.com\/en\/laliga\/brutal-rajada-valladolid-against-arbitration_288158_102.html#primaryimage"},"thumbnailUrl":"https:\/\/www.fcbarcelonanoticias.com\/en\/wp-content\/uploads\/sites\/2\/2022\/12\/arbitro-en-el-valladolid-madrid.jpeg","datePublished":"2022-12-31T07:09:00+00:00","author":{"@id":""},"description":"Jos\u00e9 Rojo Mart\u00edn, better known as Pacheta, has appeared before the press notably angry after the refereeing of Munuera Montero and Gil Manzano against Real Madrid","breadcrumb":{"@id":"https:\/\/www.fcbarcelonanoticias.com\/en\/laliga\/brutal-rajada-valladolid-against-arbitration_288158_102.html#breadcrumb"},"inLanguage":"en-US","potentialAction":[{"@type":"ReadAction","target":["https:\/\/www.fcbarcelonanoticias.com\/en\/laliga\/brutal-rajada-valladolid-against-arbitration_288158_102.html"]}]},{"@type":"ImageObject","inLanguage":"en-US","@id":"https:\/\/www.fcbarcelonanoticias.com\/en\/laliga\/brutal-rajada-valladolid-against-arbitration_288158_102.html#primaryimage","url":"https:\/\/www.fcbarcelonanoticias.com\/en\/wp-content\/uploads\/sites\/2\/2022\/12\/arbitro-en-el-valladolid-madrid.jpeg","contentUrl":"https:\/\/www.fcbarcelonanoticias.com\/en\/wp-content\/uploads\/sites\/2\/2022\/12\/arbitro-en-el-valladolid-madrid.jpeg","width":1300,"height":750},{"@type":"BreadcrumbList","@id":"https:\/\/www.fcbarcelonanoticias.com\/en\/laliga\/brutal-rajada-valladolid-against-arbitration_288158_102.html#breadcrumb","itemListElement":[{"@type":"ListItem","position":1,"name":"Portada","item":"https:\/\/www.fcbarcelonanoticias.com\/en\/"},{"@type":"ListItem","position":2,"name":"Brutal &#8216;crack&#8217; of Valladolid against arbitration"}]},{"@type":"WebSite","@id":"https:\/\/www.fcbarcelonanoticias.com\/en\/#website","url":"https:\/\/www.fcbarcelonanoticias.com\/en\/","name":"EN - FC Barcelona Noticias","description":"","potentialAction":[{"@type":"SearchAction","target":{"@type":"EntryPoint","urlTemplate":"https:\/\/www.fcbarcelonanoticias.com\/en\/?s={search_term_string}"},"query-input":{"@type":"PropertyValueSpecification","valueRequired":true,"valueName":"search_term_string"}}],"inLanguage":"en-US"}]}},"_links":{"self":[{"href":"https:\/\/www.fcbarcelonanoticias.com\/en\/wp-json\/wp\/v2\/posts\/50536","targetHints":{"allow":["GET"]}}],"collection":[{"href":"https:\/\/www.fcbarcelonanoticias.com\/en\/wp-json\/wp\/v2\/posts"}],"about":[{"href":"https:\/\/www.fcbarcelonanoticias.com\/en\/wp-json\/wp\/v2\/types\/post"}],"replies":[{"embeddable":true,"href":"https:\/\/www.fcbarcelonanoticias.com\/en\/wp-json\/wp\/v2\/comments?post=50536"}],"version-history":[{"count":1,"href":"https:\/\/www.fcbarcelonanoticias.com\/en\/wp-json\/wp\/v2\/posts\/50536\/revisions"}],"predecessor-version":[{"id":50537,"href":"https:\/\/www.fcbarcelonanoticias.com\/en\/wp-json\/wp\/v2\/posts\/50536\/revisions\/50537"}],"wp:featuredmedia":[{"embeddable":true,"href":"https:\/\/www.fcbarcelonanoticias.com\/en\/wp-json\/wp\/v2\/media\/50538"}],"wp:attachment":[{"href":"https:\/\/www.fcbarcelonanoticias.com\/en\/wp-json\/wp\/v2\/media?parent=50536"}],"wp:term":[{"taxonomy":"category","embeddable":true,"href":"https:\/\/www.fcbarcelonanoticias.com\/en\/wp-json\/wp\/v2\/categories?post=50536"},{"taxonomy":"post_tag","embeddable":true,"href":"https:\/\/www.fcbarcelonanoticias.com\/en\/wp-json\/wp\/v2\/tags?post=50536"}],"curies":[{"name":"wp","href":"https:\/\/api.w.org\/{rel}","templated":true}]}}