{"id":50599,"date":"2024-08-27T23:33:00","date_gmt":"2024-08-27T21:33:00","guid":{"rendered":"https:\/\/weisetech.dev\/fc-barcelona-noticias\/en\/blow-to-the-table-comeback-for-the-leader-of-barca-led-by-debutant-dani-olmo-1-2_306843_102\/"},"modified":"2024-08-28T02:54:00","modified_gmt":"2024-08-28T00:54:00","slug":"blow-to-the-table-comeback-for-the-leader-of-barca-led-by-debutant-dani-olmo-1-2_306843_102","status":"publish","type":"post","link":"https:\/\/www.fcbarcelonanoticias.com\/en\/laliga\/blow-to-the-table-comeback-for-the-leader-of-barca-led-by-debutant-dani-olmo-1-2_306843_102.html","title":{"rendered":"A blow to the table! A comeback for the leader of a Bar\u00e7a led by debutant Dani Olmo (1-2)"},"content":{"rendered":"<h2 class=\"wp-block-heading\">FC Barcelona made a statement against Rayo Vallecano by turning things around in a match that had become complicated for them very early on. The Blaugrana recovered from the home team&#8217;s opening goal and in the second half, led by Olmo and Pedri, turned the game around to take the lead with 9 out of 9 points<\/h2>  \r\n<div class=\"article-addons\">\r\n    <a href=\"https:\/\/www.fcbarcelonanoticias.com\/en\/calendar-fc-barcelona.html\"\r\n       target=\"_self\"\r\n       title=\"Calendar of FC Barcelona\"\r\n       class=\"blue-gredient-btn\">\r\n       \r\n        Calendar of FC Barcelona    <\/a>\r\n<\/div>   <p>The Ray began tremendously &#8216;mand\u00f3n&#8217; the party in front of a Bar\u00e7a that was more than warned of the intensity and of the quality of the venues. Still like this, the Barcelona went out excessively &#8216;slept&#8217; and finished it paying. The ones of I\u00f1igo P\u00e9rez, that home always grow and that never argue the have the possession and look for the goal, <strong>atosigaron in the first minutes to the cul\u00e9s, showing in a brief &#8216;trailer&#8217; what was for arriving.<\/strong><\/p>  <p>After a pair of arrivals with some danger to the area of the Catalans, the vallecanos connected a good played by the right that finish in the first goal of the crash in the 9&#8242;. Jorge of Fruits had metres to run, raised the head, put a good centre raso to the heart of the area and <strong>Unai L\u00f3pez, that already marked him to the Barcelona the past season, defined in front of Ter Stegen by the first stick with a shot in which it seemed that the germano could do more<\/strong>.<\/p>  <h2>Lamine, the only resource of an inoperable Bar\u00e7a in the 1\u00aa part<\/h2>  <p><strong>Lamine Yamal, the best of the cul\u00e9s in the first part, could empatar only three minutes afterwards<\/strong>, but his shot after a magic &#8216;pipe&#8217; to generate the shot was blocked by a defence. Still like this, the canterano did not leave to try it and went the big generator of his team every time that it arrived him the ball. No a lot afterwards it looked for to cause a penalti in front of which Soto Degree no &#8216;hammered&#8217; and also propici\u00f3 a very high shot of Ferran Torres after a played personal his.<\/p>  <p>The Bar\u00e7a took the controls of the party after the 1-0, but to the ones of Flick cost them enough generate football and danger, further of the &#8216;highlights&#8217; of the mentioned Yamal. The &#8217;19&#8217;, in fact, went back to test luck in the minute 37 with a powerful shot of out of the area after recortar that finish cutting across in two times C\u00e1rdenas. <strong>The one of Rocafonda did not leave to try it, but until this moment this was not being sufficient so that the barcelonistas empataran.<\/strong><\/p>  <p>The rest arrived with the victory rayista and the Barcelona went to the changing rooms with a lot that speak and a lot that correct. Hansi Had to give him a wash of important face to his team to give him the turn to a meeting that complicated from very soon. <strong>Dani Elm was the solution offered by the germano in the intermediate and the egarense jumped to the field by Ferran Torres<\/strong> to try go to by the triumph in Vallecas.<\/p>  <h2>Dani Elm revolutionised to the Bar\u00e7a in the 2\u00aa part<\/h2>  <p><strong>Practically in the first balloon that touched Elm, caused a penalti more than controversial that neither Soto Degree neither the VAR wanted to see<\/strong>. The one of Terrassa planted between lines, of mediapunta, displacing to Raphinha to the left-handed extreme where in theory moved Ferran in the first part. This retouching seated him quite well to the Bar\u00e7a, that practically arrived more in the first 5 minutes of the second half that in all the first time.<\/p>  <p>The ex of the Leipzig revolutionised entirely the duel and in the 58&#8242;, shortly after a good occasion of Raphinha with a fault that went by little, commanded a &#8216;ca\u00f1onazo&#8217; to the crossbar that almost empata the crash. The Barcelona picture was playing better, was much looser with ball and the feeling was that the goal was alone question of time. And then, as it expected , <strong>it arrived the wished 1-1 of Pedri, that finished fantastically with the left-handed a good pass of Raphinha in a played that he same initiated.<\/strong><\/p>  <h2>Controversial goal cancelled and traced back final of the Barcelona<\/h2>  <p>The Bar\u00e7a was being better and every time was going to more, so it was not any surprise that in the minute 71, Lewandowski, quite disappeared in all the party, marked the target of the traced back after manufacturing space in the second stick and define to perfection to the second stick. The Pole celebrated his fourth so much beside all his mates, but while the Ray protested a possible fault to Pep Chavarr\u00eda, that hurt in the floor. <strong>The VAR decided that the referee had to see the action in the screen and this finish sanctioning lacking of Kound\u00e9 by a pisot\u00f3n that seemed involuntary<\/strong>, but that it was sufficient to leave to the barcelonistas without the 2-1.<\/p>  <p>Nevertheless, the cul\u00e9s were being very upper and with the &#8216;plus&#8217; of Elm grieve took 7 minutes in marking, this time of indisputable form, the second goal of the meeting. The own Dani topped in his debut with a finish fantastic with the left from inside the area after a good pass of Lamine. <strong>The egarense was the hero of the traced back and did useless the effort of the Ray and of Soto Big for leaving to the Barcelona without victory.<\/strong><\/p>  <h3>Technical index card of the party: Ray Vallecano 1-2 FC Barcelona<\/h3>  <ul> <li> <strong>Ray Vallecano:<\/strong> C\u00e1rdenas; Pacha Espino, Lejeune, Mumin, Balliu; Unai L\u00f3pez (Pate Ciss, min 55), \u00d3scar Valent\u00edn, Of Fruits (Gumbau, min 65), \u00c1lvaro Garc\u00eda (Embarba, min 55); Isi Palaz\u00f3n and Camel (Ntecka, min 65).<\/li> \t<li> <strong>FC Barcelona:<\/strong> Ter Stegen; Kound\u00e9, Cubars\u00ed, I\u00f1igo, Gerard Mart\u00edn (Balde, min 65); Bernal, Pedri (Ferm\u00edn, min 91), Raphinha; Ferran (Dani Elm, min 45), Lewandowski and Lamine Yamal (Pau V\u00edctor, min 96).<\/li> \t<li> <strong>Referee:<\/strong> Soto Degree.<\/li> \t<li> <strong>Incidences:<\/strong> corresponding Party to the Day 3 of LaLiga EA Sports 2024-25<\/li> \t<li> <strong>Goals of the party:<\/strong> 1-0, Unai L\u00f3pez; 1-1, Pedri; 1-2, Dani Elm.<\/li> <\/ul> <h4>News stood out of the Ray Vallecano-FC Barcelona<\/h4>  <ul> <li> <strong>Next party:<\/strong><a data-external=\"0\" data-intl-links-en=\"https:\/\/www.fcbarcelonanoticias.com\/en\/laliga-calendar.html\" data-intl-links-es=\"https:\/\/www.fcbarcelonanoticias.com\/laliga-calendario.html\" href=\"https:\/\/www.fcbarcelonanoticias.com\/en\/laliga-calendar.html\" rel=\"follow\" target=\"_self\" title=\"LaLiga - Calendario y resultados\"> FC Barcelona-Valladolid. Day 4 of LaLiga EA Sports 24\/25<\/a> <\/li> \t<li> <strong>Video summary: <\/strong>Ray Vallecano 1-0 FC Barcelona. Day 3 of LaLiga EA Sports 24\/25<\/li> <\/ul> ","protected":false},"excerpt":{"rendered":"<p>FC Barcelona made a statement against Rayo Vallecano by turning things around in a match that had become complicated for them very early on. The Blaugrana recovered from the home team&#8217;s opening goal and in the second half, led by Olmo and Pedri, turned the game around to take the lead with 9 out of [&hellip;]<\/p>\n","protected":false},"author":359,"featured_media":50600,"comment_status":"closed","ping_status":"open","sticky":false,"template":"","format":"standard","meta":{"_acf_changed":false,"inline_featured_image":false,"_nextfly_llmd_date_locked":false,"footnotes":""},"categories":[448,114],"tags":[180,84],"class_list":["post-50599","post","type-post","status-publish","format-standard","has-post-thumbnail","hentry","category-laliga-2","category-laliga","tag-fc-barcelona-results","tag-rayo-vallecano"],"acf":[],"yoast_head":"<!-- This site is optimized with the Yoast SEO plugin v27.3 - https:\/\/yoast.com\/product\/yoast-seo-wordpress\/ -->\n<title>A blow to the table! A comeback for the leader of a Bar\u00e7a led by debutant Dani Olmo (1-2)<\/title>\n<meta name=\"description\" content=\"FC Barcelona made a statement against Rayo Vallecano by turning things around in a match that had become complicated for them very early on. The Blaugrana recovered from the home team&#039;s opening goal and in the second half, led by Olmo and Pedri, turned the game around to take the lead with 9 out of 9 points\" \/>\n<meta name=\"robots\" content=\"index, follow, max-snippet:-1, max-image-preview:large, max-video-preview:-1\" \/>\n<link rel=\"canonical\" href=\"https:\/\/www.fcbarcelonanoticias.com\/en\/laliga\/blow-to-the-table-comeback-for-the-leader-of-barca-led-by-debutant-dani-olmo-1-2_306843_102.html\" \/>\n<meta property=\"og:locale\" content=\"en_US\" \/>\n<meta property=\"og:type\" content=\"article\" \/>\n<meta property=\"og:title\" content=\"A blow to the table! A comeback for the leader of a Bar\u00e7a led by debutant Dani Olmo (1-2)\" \/>\n<meta property=\"og:description\" content=\"FC Barcelona made a statement against Rayo Vallecano by turning things around in a match that had become complicated for them very early on. The Blaugrana recovered from the home team&#039;s opening goal and in the second half, led by Olmo and Pedri, turned the game around to take the lead with 9 out of 9 points\" \/>\n<meta property=\"og:url\" content=\"https:\/\/www.fcbarcelonanoticias.com\/en\/laliga\/blow-to-the-table-comeback-for-the-leader-of-barca-led-by-debutant-dani-olmo-1-2_306843_102.html\" \/>\n<meta property=\"og:site_name\" content=\"EN - FC Barcelona Noticias\" \/>\n<meta property=\"article:published_time\" content=\"2024-08-27T21:33:00+00:00\" \/>\n<meta property=\"article:modified_time\" content=\"2024-08-28T00:54:00+00:00\" \/>\n<meta property=\"og:image\" content=\"https:\/\/www.fcbarcelonanoticias.com\/en\/wp-content\/uploads\/sites\/2\/2024\/08\/cronica-rayo-barcelona.jpeg\" \/>\n\t<meta property=\"og:image:width\" content=\"1200\" \/>\n\t<meta property=\"og:image:height\" content=\"675\" \/>\n\t<meta property=\"og:image:type\" content=\"image\/jpeg\" \/>\n<meta name=\"author\" content=\"Eduardo Mart\u00edn Santos\" \/>\n<meta name=\"twitter:card\" content=\"summary_large_image\" \/>\n<meta name=\"twitter:label1\" content=\"Written by\" \/>\n\t<meta name=\"twitter:data1\" content=\"Eduardo Mart\u00edn Santos\" \/>\n\t<meta name=\"twitter:label2\" content=\"Est. reading time\" \/>\n\t<meta name=\"twitter:data2\" content=\"5 minutes\" \/>\n<script type=\"application\/ld+json\" class=\"yoast-schema-graph\">{\"@context\":\"https:\\\/\\\/schema.org\",\"@graph\":[{\"@type\":\"Article\",\"@id\":\"https:\\\/\\\/www.fcbarcelonanoticias.com\\\/en\\\/laliga\\\/blow-to-the-table-comeback-for-the-leader-of-barca-led-by-debutant-dani-olmo-1-2_306843_102.html#article\",\"isPartOf\":{\"@id\":\"https:\\\/\\\/www.fcbarcelonanoticias.com\\\/en\\\/laliga\\\/blow-to-the-table-comeback-for-the-leader-of-barca-led-by-debutant-dani-olmo-1-2_306843_102.html\"},\"author\":{\"name\":\"Eduardo Mart\u00edn Santos\",\"@id\":\"https:\\\/\\\/www.fcbarcelonanoticias.com\\\/en\\\/#\\\/schema\\\/person\\\/4bdbc782ba6060d3f7005b61e97fb753\"},\"headline\":\"A blow to the table! A comeback for the leader of a Bar\u00e7a led by debutant Dani Olmo (1-2)\",\"datePublished\":\"2024-08-27T21:33:00+00:00\",\"dateModified\":\"2024-08-28T00:54:00+00:00\",\"mainEntityOfPage\":{\"@id\":\"https:\\\/\\\/www.fcbarcelonanoticias.com\\\/en\\\/laliga\\\/blow-to-the-table-comeback-for-the-leader-of-barca-led-by-debutant-dani-olmo-1-2_306843_102.html\"},\"wordCount\":1052,\"image\":{\"@id\":\"https:\\\/\\\/www.fcbarcelonanoticias.com\\\/en\\\/laliga\\\/blow-to-the-table-comeback-for-the-leader-of-barca-led-by-debutant-dani-olmo-1-2_306843_102.html#primaryimage\"},\"thumbnailUrl\":\"https:\\\/\\\/www.fcbarcelonanoticias.com\\\/en\\\/wp-content\\\/uploads\\\/sites\\\/2\\\/2024\\\/08\\\/cronica-rayo-barcelona.jpeg\",\"keywords\":[\"FC Barcelona Results\",\"Rayo Vallecano\"],\"articleSection\":[\"LaLiga\",\"LaLiga\"],\"inLanguage\":\"en-US\"},{\"@type\":\"WebPage\",\"@id\":\"https:\\\/\\\/www.fcbarcelonanoticias.com\\\/en\\\/laliga\\\/blow-to-the-table-comeback-for-the-leader-of-barca-led-by-debutant-dani-olmo-1-2_306843_102.html\",\"url\":\"https:\\\/\\\/www.fcbarcelonanoticias.com\\\/en\\\/laliga\\\/blow-to-the-table-comeback-for-the-leader-of-barca-led-by-debutant-dani-olmo-1-2_306843_102.html\",\"name\":\"A blow to the table! A comeback for the leader of a Bar\u00e7a led by debutant Dani Olmo (1-2)\",\"isPartOf\":{\"@id\":\"https:\\\/\\\/www.fcbarcelonanoticias.com\\\/en\\\/#website\"},\"primaryImageOfPage\":{\"@id\":\"https:\\\/\\\/www.fcbarcelonanoticias.com\\\/en\\\/laliga\\\/blow-to-the-table-comeback-for-the-leader-of-barca-led-by-debutant-dani-olmo-1-2_306843_102.html#primaryimage\"},\"image\":{\"@id\":\"https:\\\/\\\/www.fcbarcelonanoticias.com\\\/en\\\/laliga\\\/blow-to-the-table-comeback-for-the-leader-of-barca-led-by-debutant-dani-olmo-1-2_306843_102.html#primaryimage\"},\"thumbnailUrl\":\"https:\\\/\\\/www.fcbarcelonanoticias.com\\\/en\\\/wp-content\\\/uploads\\\/sites\\\/2\\\/2024\\\/08\\\/cronica-rayo-barcelona.jpeg\",\"datePublished\":\"2024-08-27T21:33:00+00:00\",\"dateModified\":\"2024-08-28T00:54:00+00:00\",\"author\":{\"@id\":\"https:\\\/\\\/www.fcbarcelonanoticias.com\\\/en\\\/#\\\/schema\\\/person\\\/4bdbc782ba6060d3f7005b61e97fb753\"},\"description\":\"FC Barcelona made a statement against Rayo Vallecano by turning things around in a match that had become complicated for them very early on. The Blaugrana recovered from the home team's opening goal and in the second half, led by Olmo and Pedri, turned the game around to take the lead with 9 out of 9 points\",\"breadcrumb\":{\"@id\":\"https:\\\/\\\/www.fcbarcelonanoticias.com\\\/en\\\/laliga\\\/blow-to-the-table-comeback-for-the-leader-of-barca-led-by-debutant-dani-olmo-1-2_306843_102.html#breadcrumb\"},\"inLanguage\":\"en-US\",\"potentialAction\":[{\"@type\":\"ReadAction\",\"target\":[\"https:\\\/\\\/www.fcbarcelonanoticias.com\\\/en\\\/laliga\\\/blow-to-the-table-comeback-for-the-leader-of-barca-led-by-debutant-dani-olmo-1-2_306843_102.html\"]}]},{\"@type\":\"ImageObject\",\"inLanguage\":\"en-US\",\"@id\":\"https:\\\/\\\/www.fcbarcelonanoticias.com\\\/en\\\/laliga\\\/blow-to-the-table-comeback-for-the-leader-of-barca-led-by-debutant-dani-olmo-1-2_306843_102.html#primaryimage\",\"url\":\"https:\\\/\\\/www.fcbarcelonanoticias.com\\\/en\\\/wp-content\\\/uploads\\\/sites\\\/2\\\/2024\\\/08\\\/cronica-rayo-barcelona.jpeg\",\"contentUrl\":\"https:\\\/\\\/www.fcbarcelonanoticias.com\\\/en\\\/wp-content\\\/uploads\\\/sites\\\/2\\\/2024\\\/08\\\/cronica-rayo-barcelona.jpeg\",\"width\":1200,\"height\":675},{\"@type\":\"BreadcrumbList\",\"@id\":\"https:\\\/\\\/www.fcbarcelonanoticias.com\\\/en\\\/laliga\\\/blow-to-the-table-comeback-for-the-leader-of-barca-led-by-debutant-dani-olmo-1-2_306843_102.html#breadcrumb\",\"itemListElement\":[{\"@type\":\"ListItem\",\"position\":1,\"name\":\"Portada\",\"item\":\"https:\\\/\\\/www.fcbarcelonanoticias.com\\\/en\\\/\"},{\"@type\":\"ListItem\",\"position\":2,\"name\":\"A blow to the table! A comeback for the leader of a Bar\u00e7a led by debutant Dani Olmo (1-2)\"}]},{\"@type\":\"WebSite\",\"@id\":\"https:\\\/\\\/www.fcbarcelonanoticias.com\\\/en\\\/#website\",\"url\":\"https:\\\/\\\/www.fcbarcelonanoticias.com\\\/en\\\/\",\"name\":\"EN - FC Barcelona Noticias\",\"description\":\"\",\"potentialAction\":[{\"@type\":\"SearchAction\",\"target\":{\"@type\":\"EntryPoint\",\"urlTemplate\":\"https:\\\/\\\/www.fcbarcelonanoticias.com\\\/en\\\/?s={search_term_string}\"},\"query-input\":{\"@type\":\"PropertyValueSpecification\",\"valueRequired\":true,\"valueName\":\"search_term_string\"}}],\"inLanguage\":\"en-US\"},{\"@type\":\"Person\",\"@id\":\"https:\\\/\\\/www.fcbarcelonanoticias.com\\\/en\\\/#\\\/schema\\\/person\\\/4bdbc782ba6060d3f7005b61e97fb753\",\"name\":\"Eduardo Mart\u00edn Santos\",\"image\":{\"@type\":\"ImageObject\",\"inLanguage\":\"en-US\",\"@id\":\"https:\\\/\\\/secure.gravatar.com\\\/avatar\\\/?s=96&d=mm&r=g\",\"url\":\"https:\\\/\\\/secure.gravatar.com\\\/avatar\\\/?s=96&d=mm&r=g\",\"contentUrl\":\"https:\\\/\\\/secure.gravatar.com\\\/avatar\\\/?s=96&d=mm&r=g\",\"caption\":\"Eduardo Mart\u00edn Santos\"},\"url\":\"https:\\\/\\\/www.fcbarcelonanoticias.com\\\/en\\\/eduardo-martin_3_115.html\"}]}<\/script>\n<!-- \/ Yoast SEO plugin. -->","yoast_head_json":{"title":"A blow to the table! A comeback for the leader of a Bar\u00e7a led by debutant Dani Olmo (1-2)","description":"FC Barcelona made a statement against Rayo Vallecano by turning things around in a match that had become complicated for them very early on. The Blaugrana recovered from the home team's opening goal and in the second half, led by Olmo and Pedri, turned the game around to take the lead with 9 out of 9 points","robots":{"index":"index","follow":"follow","max-snippet":"max-snippet:-1","max-image-preview":"max-image-preview:large","max-video-preview":"max-video-preview:-1"},"canonical":"https:\/\/www.fcbarcelonanoticias.com\/en\/laliga\/blow-to-the-table-comeback-for-the-leader-of-barca-led-by-debutant-dani-olmo-1-2_306843_102.html","og_locale":"en_US","og_type":"article","og_title":"A blow to the table! A comeback for the leader of a Bar\u00e7a led by debutant Dani Olmo (1-2)","og_description":"FC Barcelona made a statement against Rayo Vallecano by turning things around in a match that had become complicated for them very early on. The Blaugrana recovered from the home team's opening goal and in the second half, led by Olmo and Pedri, turned the game around to take the lead with 9 out of 9 points","og_url":"https:\/\/www.fcbarcelonanoticias.com\/en\/laliga\/blow-to-the-table-comeback-for-the-leader-of-barca-led-by-debutant-dani-olmo-1-2_306843_102.html","og_site_name":"EN - FC Barcelona Noticias","article_published_time":"2024-08-27T21:33:00+00:00","article_modified_time":"2024-08-28T00:54:00+00:00","og_image":[{"width":1200,"height":675,"url":"https:\/\/www.fcbarcelonanoticias.com\/en\/wp-content\/uploads\/sites\/2\/2024\/08\/cronica-rayo-barcelona.jpeg","type":"image\/jpeg"}],"author":"Eduardo Mart\u00edn Santos","twitter_card":"summary_large_image","twitter_misc":{"Written by":"Eduardo Mart\u00edn Santos","Est. reading time":"5 minutes"},"schema":{"@context":"https:\/\/schema.org","@graph":[{"@type":"Article","@id":"https:\/\/www.fcbarcelonanoticias.com\/en\/laliga\/blow-to-the-table-comeback-for-the-leader-of-barca-led-by-debutant-dani-olmo-1-2_306843_102.html#article","isPartOf":{"@id":"https:\/\/www.fcbarcelonanoticias.com\/en\/laliga\/blow-to-the-table-comeback-for-the-leader-of-barca-led-by-debutant-dani-olmo-1-2_306843_102.html"},"author":{"name":"Eduardo Mart\u00edn Santos","@id":"https:\/\/www.fcbarcelonanoticias.com\/en\/#\/schema\/person\/4bdbc782ba6060d3f7005b61e97fb753"},"headline":"A blow to the table! A comeback for the leader of a Bar\u00e7a led by debutant Dani Olmo (1-2)","datePublished":"2024-08-27T21:33:00+00:00","dateModified":"2024-08-28T00:54:00+00:00","mainEntityOfPage":{"@id":"https:\/\/www.fcbarcelonanoticias.com\/en\/laliga\/blow-to-the-table-comeback-for-the-leader-of-barca-led-by-debutant-dani-olmo-1-2_306843_102.html"},"wordCount":1052,"image":{"@id":"https:\/\/www.fcbarcelonanoticias.com\/en\/laliga\/blow-to-the-table-comeback-for-the-leader-of-barca-led-by-debutant-dani-olmo-1-2_306843_102.html#primaryimage"},"thumbnailUrl":"https:\/\/www.fcbarcelonanoticias.com\/en\/wp-content\/uploads\/sites\/2\/2024\/08\/cronica-rayo-barcelona.jpeg","keywords":["FC Barcelona Results","Rayo Vallecano"],"articleSection":["LaLiga","LaLiga"],"inLanguage":"en-US"},{"@type":"WebPage","@id":"https:\/\/www.fcbarcelonanoticias.com\/en\/laliga\/blow-to-the-table-comeback-for-the-leader-of-barca-led-by-debutant-dani-olmo-1-2_306843_102.html","url":"https:\/\/www.fcbarcelonanoticias.com\/en\/laliga\/blow-to-the-table-comeback-for-the-leader-of-barca-led-by-debutant-dani-olmo-1-2_306843_102.html","name":"A blow to the table! A comeback for the leader of a Bar\u00e7a led by debutant Dani Olmo (1-2)","isPartOf":{"@id":"https:\/\/www.fcbarcelonanoticias.com\/en\/#website"},"primaryImageOfPage":{"@id":"https:\/\/www.fcbarcelonanoticias.com\/en\/laliga\/blow-to-the-table-comeback-for-the-leader-of-barca-led-by-debutant-dani-olmo-1-2_306843_102.html#primaryimage"},"image":{"@id":"https:\/\/www.fcbarcelonanoticias.com\/en\/laliga\/blow-to-the-table-comeback-for-the-leader-of-barca-led-by-debutant-dani-olmo-1-2_306843_102.html#primaryimage"},"thumbnailUrl":"https:\/\/www.fcbarcelonanoticias.com\/en\/wp-content\/uploads\/sites\/2\/2024\/08\/cronica-rayo-barcelona.jpeg","datePublished":"2024-08-27T21:33:00+00:00","dateModified":"2024-08-28T00:54:00+00:00","author":{"@id":"https:\/\/www.fcbarcelonanoticias.com\/en\/#\/schema\/person\/4bdbc782ba6060d3f7005b61e97fb753"},"description":"FC Barcelona made a statement against Rayo Vallecano by turning things around in a match that had become complicated for them very early on. The Blaugrana recovered from the home team's opening goal and in the second half, led by Olmo and Pedri, turned the game around to take the lead with 9 out of 9 points","breadcrumb":{"@id":"https:\/\/www.fcbarcelonanoticias.com\/en\/laliga\/blow-to-the-table-comeback-for-the-leader-of-barca-led-by-debutant-dani-olmo-1-2_306843_102.html#breadcrumb"},"inLanguage":"en-US","potentialAction":[{"@type":"ReadAction","target":["https:\/\/www.fcbarcelonanoticias.com\/en\/laliga\/blow-to-the-table-comeback-for-the-leader-of-barca-led-by-debutant-dani-olmo-1-2_306843_102.html"]}]},{"@type":"ImageObject","inLanguage":"en-US","@id":"https:\/\/www.fcbarcelonanoticias.com\/en\/laliga\/blow-to-the-table-comeback-for-the-leader-of-barca-led-by-debutant-dani-olmo-1-2_306843_102.html#primaryimage","url":"https:\/\/www.fcbarcelonanoticias.com\/en\/wp-content\/uploads\/sites\/2\/2024\/08\/cronica-rayo-barcelona.jpeg","contentUrl":"https:\/\/www.fcbarcelonanoticias.com\/en\/wp-content\/uploads\/sites\/2\/2024\/08\/cronica-rayo-barcelona.jpeg","width":1200,"height":675},{"@type":"BreadcrumbList","@id":"https:\/\/www.fcbarcelonanoticias.com\/en\/laliga\/blow-to-the-table-comeback-for-the-leader-of-barca-led-by-debutant-dani-olmo-1-2_306843_102.html#breadcrumb","itemListElement":[{"@type":"ListItem","position":1,"name":"Portada","item":"https:\/\/www.fcbarcelonanoticias.com\/en\/"},{"@type":"ListItem","position":2,"name":"A blow to the table! A comeback for the leader of a Bar\u00e7a led by debutant Dani Olmo (1-2)"}]},{"@type":"WebSite","@id":"https:\/\/www.fcbarcelonanoticias.com\/en\/#website","url":"https:\/\/www.fcbarcelonanoticias.com\/en\/","name":"EN - FC Barcelona Noticias","description":"","potentialAction":[{"@type":"SearchAction","target":{"@type":"EntryPoint","urlTemplate":"https:\/\/www.fcbarcelonanoticias.com\/en\/?s={search_term_string}"},"query-input":{"@type":"PropertyValueSpecification","valueRequired":true,"valueName":"search_term_string"}}],"inLanguage":"en-US"},{"@type":"Person","@id":"https:\/\/www.fcbarcelonanoticias.com\/en\/#\/schema\/person\/4bdbc782ba6060d3f7005b61e97fb753","name":"Eduardo Mart\u00edn Santos","image":{"@type":"ImageObject","inLanguage":"en-US","@id":"https:\/\/secure.gravatar.com\/avatar\/?s=96&d=mm&r=g","url":"https:\/\/secure.gravatar.com\/avatar\/?s=96&d=mm&r=g","contentUrl":"https:\/\/secure.gravatar.com\/avatar\/?s=96&d=mm&r=g","caption":"Eduardo Mart\u00edn Santos"},"url":"https:\/\/www.fcbarcelonanoticias.com\/en\/eduardo-martin_3_115.html"}]}},"_links":{"self":[{"href":"https:\/\/www.fcbarcelonanoticias.com\/en\/wp-json\/wp\/v2\/posts\/50599","targetHints":{"allow":["GET"]}}],"collection":[{"href":"https:\/\/www.fcbarcelonanoticias.com\/en\/wp-json\/wp\/v2\/posts"}],"about":[{"href":"https:\/\/www.fcbarcelonanoticias.com\/en\/wp-json\/wp\/v2\/types\/post"}],"author":[{"embeddable":true,"href":"https:\/\/www.fcbarcelonanoticias.com\/en\/wp-json\/wp\/v2\/users\/359"}],"replies":[{"embeddable":true,"href":"https:\/\/www.fcbarcelonanoticias.com\/en\/wp-json\/wp\/v2\/comments?post=50599"}],"version-history":[{"count":1,"href":"https:\/\/www.fcbarcelonanoticias.com\/en\/wp-json\/wp\/v2\/posts\/50599\/revisions"}],"predecessor-version":[{"id":116056,"href":"https:\/\/www.fcbarcelonanoticias.com\/en\/wp-json\/wp\/v2\/posts\/50599\/revisions\/116056"}],"wp:featuredmedia":[{"embeddable":true,"href":"https:\/\/www.fcbarcelonanoticias.com\/en\/wp-json\/wp\/v2\/media\/50600"}],"wp:attachment":[{"href":"https:\/\/www.fcbarcelonanoticias.com\/en\/wp-json\/wp\/v2\/media?parent=50599"}],"wp:term":[{"taxonomy":"category","embeddable":true,"href":"https:\/\/www.fcbarcelonanoticias.com\/en\/wp-json\/wp\/v2\/categories?post=50599"},{"taxonomy":"post_tag","embeddable":true,"href":"https:\/\/www.fcbarcelonanoticias.com\/en\/wp-json\/wp\/v2\/tags?post=50599"}],"curies":[{"name":"wp","href":"https:\/\/api.w.org\/{rel}","templated":true}]}}