{"id":50783,"date":"2023-02-27T10:16:00","date_gmt":"2023-02-27T09:16:00","guid":{"rendered":"https:\/\/weisetech.dev\/fc-barcelona-noticias\/en\/calendar-fc-barcelona-real-madrid-with-laliga-in-play_290022_102\/"},"modified":"2023-02-27T12:49:00","modified_gmt":"2023-02-27T11:49:00","slug":"calendar-fc-barcelona-real-madrid-with-laliga-in-play_290022_102","status":"publish","type":"post","link":"https:\/\/www.fcbarcelonanoticias.com\/en\/laliga\/calendar-fc-barcelona-real-madrid-with-laliga-in-play_290022_102.html","title":{"rendered":"The FC Barcelona and Real Madrid calendar with LaLiga at stake"},"content":{"rendered":"<h2 class=\"wp-block-heading\">This season&#8217;s calendar put the Clasico back at a time when it could define the title a little, or on the contrary, leave it totally open.<\/h2>  \r\n<div class=\"article-addons\">\r\n    <a href=\"https:\/\/www.fcbarcelonanoticias.com\/en\/calendar-fc-barcelona.html\"\r\n       target=\"_self\"\r\n       title=\"Calendar of FC Barcelona\"\r\n       class=\"blue-gredient-btn\">\r\n       \r\n        Calendar of FC Barcelona    <\/a>\r\n<\/div>   <p>FC Barcelona and Real Madrid <a data-external=\"0\" data-intl-links-en=\"https:\/\/www.fcbarcelonanoticias.com\/en\/laliga\/this-laliga-in-day-23-barcelona-loses-opportunity-gold_290006_102.html\" data-intl-links-es=\"https:\/\/www.fcbarcelonanoticias.com\/laliga\/esta-laliga-en-jornada-23-barcelona-pierde-oportunidad-oro_290006_102.html\" href=\"https:\/\/www.fcbarcelonanoticias.com\/en\/laliga\/this-laliga-in-day-23-barcelona-loses-opportunity-gold_290006_102.html\" rel=\"follow\" target=\"_self\" title=\"As\u00ed est\u00e1 LaLiga en la jornada 23: El Bar\u00e7a pierde una oportunidad de oro\">are the only two candidates to contest LaLiga<\/a> of here to the end, or until the white team can follow the rhythm that the ones of Xavi have imposed in the tournament. The club merengue is following an almost identical rhythm to the of the past season when it was champion, <strong>but this has them to 7 points of a Bar\u00e7a that forgave this Sunday in Almer\u00eda the opportunity to move away to 10 units.<\/strong><\/p>  <p>With this panorama, and the Classical of turn in LaLiga in little more than 20 days, both teams will have to contest 15 parties more to complete the campaign in the Spanish championship. In the half of all this, and beginning this Thursday, <a data-external=\"0\" data-intl-links-en=\"https:\/\/www.fcbarcelonanoticias.com\/en\/copa-del-rey\/official-dates-times-round-trip-drink-between-barca-madrid_289167_102.html\" data-intl-links-es=\"https:\/\/www.fcbarcelonanoticias.com\/copa-del-rey\/oficial-fechas-horarios-ida-vuelta-copa-entre-barca-madrid_289167_102.html\" href=\"https:\/\/www.fcbarcelonanoticias.com\/en\/copa-del-rey\/official-dates-times-round-trip-drink-between-barca-madrid_289167_102.html\" rel=\"follow\" target=\"_self\" title=\"OFICIAL: Fechas y horarios para la ida y vuelta de Copa entre Bar\u00e7a y Madrid\">will be the eliminatory to double party in the semifinal of the Glass of Rey<\/a>, <strong>as well as the turn of eighth and more than likely classification to chambers of the Madrid in Champions.<\/strong><\/p>  <p>By these two last points, and already with the Bar\u00e7a without European competition, will be important that both clubs can begin to stage where his rival could leave points on the way. <strong>In first instance, the next three parties of both teams, and with the gone of the Glass in half, do not seem at all simple<\/strong> and could mean that this difference of 7 points expanded definitively, or turn to reduce .<\/p>  <p>The next weekend the ones of Xavi will receive in the Camp Nou to Valencia CF that changed of trainer and is, once again, in his mission to be still in the maximum category of the Spanish football. It will do it without his trainer and with a Gavi that will fulfil day of sanction,<strong> as well as the drops of Pedri and Demb\u00e9l\u00e9, the one who is in his final phase of recovery. <\/strong>By his part, the Madrid will have a complicated visit to the Real Betis in the Villamar\u00edn.<\/p>  <p>In the previous to the third duel of this small list, which will confront them to both in Barcelona, the cul\u00e9s will have to visit Saint Mam\u00e9s and there the white team confronting to the Espanyol like venue could await a tie to arrive to the Classical of the next 19 March to only 5 points. <strong>All this conditions to the ones of Xavi to go back to his best version, especially of visitor, where great two defeats to the thread if we take into account the Europe League.<\/strong><\/p>  <p>After the Classical, the Barcelona team will have three much handier meetings, just before receiving to the Athletic of Madrid of Simeone. Already thinking in one differentiates average of 7 or 8 points between both teams, <strong>the Bar\u00e7a could ensure the title of League in the Day 36 visiting to the Real Valladolid, or in the case to be less points between cul\u00e9s and merengues, the crash in front of the Mallorca like venue in the following day would define everything. <\/strong><\/p>  <h4>Calendar FC Barcelona<\/h4>  <ul> <li>J.24 vs Valencia (Local)<\/li> \t<li>J. 25 vs Athletic Club (Visitor)<\/li> \t<li>J.26 vs Real Madrid (Local)<\/li> \t<li>J. 27 vs Elche (Visitor)<\/li> \t<li>J. 28 vs Girona (Local)<\/li> \t<li>J. 29 vs Getafe (Visitor)<\/li> \t<li>J.30 vs Athletic of Madrid (Local)<\/li> \t<li>J.31 vs Ray Vallecano (Visitor)<\/li> \t<li>J.32 vs Real Betis (Local)<\/li> \t<li>J.33 vs Osasuna (Local)<\/li> \t<li>J.34 vs Espanyol (Visitor)<\/li> \t<li>J.35 vs Real Sociedad (Local)<\/li> \t<li>J.36 vs Real Valladolid (Visitor)<\/li> \t<li>J.37 vs Mallorca (Local)<\/li> \t<li>J.38 vs Celtic of Vigo (Visitor)<\/li> <\/ul> <h4>Calendar Real Madrid<\/h4>  <ul> <li>J.24 vs Betis (Visitor)<\/li> \t<li>J. 25 vs Espanyol (Local)<\/li> \t<li>J.26 vs Barcelona (Visitor)<\/li> \t<li>J. 27 vs Real Valladolid (Local)<\/li> \t<li>J. 28 vs Villarreal (Local)<\/li> \t<li>J. 29 vs C\u00e1diz (Visitor)<\/li> \t<li>J.30 vs Celtic (Local)<\/li> \t<li>J.31 vs Girona (Visitor)<\/li> \t<li>J.32 vs Almer\u00eda (Local)<\/li> \t<li>J.33 vs Real Sociedad (Visitor)<\/li> \t<li>J.34 vs Getafe (Local)<\/li> \t<li>J.35 vs Valencia (Visitor)<\/li> \t<li>J.36 vs Ray Vallecano (Local)<\/li> \t<li>J.37 vs Seville (Visitor)<\/li> \t<li>J.38 vs Athletic Club (Local)<\/li> <\/ul> ","protected":false},"excerpt":{"rendered":"<p>This season&#8217;s calendar put the Clasico back at a time when it could define the title a little, or on the contrary, leave it totally open. FC Barcelona and Real Madrid are the only two candidates to contest LaLiga of here to the end, or until the white team can follow the rhythm that the [&hellip;]<\/p>\n","protected":false},"author":345,"featured_media":26052,"comment_status":"closed","ping_status":"open","sticky":false,"template":"","format":"standard","meta":{"_acf_changed":false,"inline_featured_image":false,"_nextfly_llmd_date_locked":false,"footnotes":""},"categories":[448,114],"tags":[81,53,80,48],"class_list":["post-50783","post","type-post","status-publish","format-standard","has-post-thumbnail","hentry","category-laliga-2","category-laliga","tag-athletic-de-bilbao","tag-el-clasico","tag-valencia-cf","tag-xavi-hernandez"],"acf":[],"yoast_head":"<!-- This site is optimized with the Yoast SEO plugin v27.3 - https:\/\/yoast.com\/product\/yoast-seo-wordpress\/ -->\n<title>The FC Barcelona and Real Madrid calendar with LaLiga at stake<\/title>\n<meta name=\"description\" content=\"This season&#039;s calendar put the Clasico back at a time when it could define the title a little, or on the contrary, leave it totally open.\" \/>\n<meta name=\"robots\" content=\"index, follow, max-snippet:-1, max-image-preview:large, max-video-preview:-1\" \/>\n<link rel=\"canonical\" href=\"https:\/\/www.fcbarcelonanoticias.com\/en\/laliga\/calendar-fc-barcelona-real-madrid-with-laliga-in-play_290022_102.html\" \/>\n<meta property=\"og:locale\" content=\"en_US\" \/>\n<meta property=\"og:type\" content=\"article\" \/>\n<meta property=\"og:title\" content=\"The FC Barcelona and Real Madrid calendar with LaLiga at stake\" \/>\n<meta property=\"og:description\" content=\"This season&#039;s calendar put the Clasico back at a time when it could define the title a little, or on the contrary, leave it totally open.\" \/>\n<meta property=\"og:url\" content=\"https:\/\/www.fcbarcelonanoticias.com\/en\/laliga\/calendar-fc-barcelona-real-madrid-with-laliga-in-play_290022_102.html\" \/>\n<meta property=\"og:site_name\" content=\"EN - FC Barcelona Noticias\" \/>\n<meta property=\"article:published_time\" content=\"2023-02-27T09:16:00+00:00\" \/>\n<meta property=\"article:modified_time\" content=\"2023-02-27T11:49:00+00:00\" \/>\n<meta property=\"og:image\" content=\"https:\/\/www.fcbarcelonanoticias.com\/en\/wp-content\/uploads\/sites\/2\/2022\/08\/lewandowski-en-el-clasico-ante-el-madrid.jpeg\" \/>\n\t<meta property=\"og:image:width\" content=\"1300\" \/>\n\t<meta property=\"og:image:height\" content=\"732\" \/>\n\t<meta property=\"og:image:type\" content=\"image\/jpeg\" \/>\n<meta name=\"author\" content=\"Carlos Montenegro\" \/>\n<meta name=\"twitter:card\" content=\"summary_large_image\" \/>\n<meta name=\"twitter:label1\" content=\"Written by\" \/>\n\t<meta name=\"twitter:data1\" content=\"Carlos Montenegro\" \/>\n\t<meta name=\"twitter:label2\" content=\"Est. reading time\" \/>\n\t<meta name=\"twitter:data2\" content=\"3 minutes\" \/>\n<script type=\"application\/ld+json\" class=\"yoast-schema-graph\">{\"@context\":\"https:\\\/\\\/schema.org\",\"@graph\":[{\"@type\":\"Article\",\"@id\":\"https:\\\/\\\/www.fcbarcelonanoticias.com\\\/en\\\/laliga\\\/calendar-fc-barcelona-real-madrid-with-laliga-in-play_290022_102.html#article\",\"isPartOf\":{\"@id\":\"https:\\\/\\\/www.fcbarcelonanoticias.com\\\/en\\\/laliga\\\/calendar-fc-barcelona-real-madrid-with-laliga-in-play_290022_102.html\"},\"author\":{\"name\":\"Carlos Montenegro\",\"@id\":\"https:\\\/\\\/www.fcbarcelonanoticias.com\\\/en\\\/#\\\/schema\\\/person\\\/aa1d038709c262cb247e240f6b39bbf5\"},\"headline\":\"The FC Barcelona and Real Madrid calendar with LaLiga at stake\",\"datePublished\":\"2023-02-27T09:16:00+00:00\",\"dateModified\":\"2023-02-27T11:49:00+00:00\",\"mainEntityOfPage\":{\"@id\":\"https:\\\/\\\/www.fcbarcelonanoticias.com\\\/en\\\/laliga\\\/calendar-fc-barcelona-real-madrid-with-laliga-in-play_290022_102.html\"},\"wordCount\":669,\"image\":{\"@id\":\"https:\\\/\\\/www.fcbarcelonanoticias.com\\\/en\\\/laliga\\\/calendar-fc-barcelona-real-madrid-with-laliga-in-play_290022_102.html#primaryimage\"},\"thumbnailUrl\":\"https:\\\/\\\/www.fcbarcelonanoticias.com\\\/en\\\/wp-content\\\/uploads\\\/sites\\\/2\\\/2022\\\/08\\\/lewandowski-en-el-clasico-ante-el-madrid.jpeg\",\"keywords\":[\"Athletic de Bilbao\",\"El Cl\u00e1sico\",\"Valencia CF\",\"Xavi Hern\u00e1ndez\"],\"articleSection\":[\"LaLiga\",\"LaLiga\"],\"inLanguage\":\"en-US\"},{\"@type\":\"WebPage\",\"@id\":\"https:\\\/\\\/www.fcbarcelonanoticias.com\\\/en\\\/laliga\\\/calendar-fc-barcelona-real-madrid-with-laliga-in-play_290022_102.html\",\"url\":\"https:\\\/\\\/www.fcbarcelonanoticias.com\\\/en\\\/laliga\\\/calendar-fc-barcelona-real-madrid-with-laliga-in-play_290022_102.html\",\"name\":\"The FC Barcelona and Real Madrid calendar with LaLiga at stake\",\"isPartOf\":{\"@id\":\"https:\\\/\\\/www.fcbarcelonanoticias.com\\\/en\\\/#website\"},\"primaryImageOfPage\":{\"@id\":\"https:\\\/\\\/www.fcbarcelonanoticias.com\\\/en\\\/laliga\\\/calendar-fc-barcelona-real-madrid-with-laliga-in-play_290022_102.html#primaryimage\"},\"image\":{\"@id\":\"https:\\\/\\\/www.fcbarcelonanoticias.com\\\/en\\\/laliga\\\/calendar-fc-barcelona-real-madrid-with-laliga-in-play_290022_102.html#primaryimage\"},\"thumbnailUrl\":\"https:\\\/\\\/www.fcbarcelonanoticias.com\\\/en\\\/wp-content\\\/uploads\\\/sites\\\/2\\\/2022\\\/08\\\/lewandowski-en-el-clasico-ante-el-madrid.jpeg\",\"datePublished\":\"2023-02-27T09:16:00+00:00\",\"dateModified\":\"2023-02-27T11:49:00+00:00\",\"author\":{\"@id\":\"https:\\\/\\\/www.fcbarcelonanoticias.com\\\/en\\\/#\\\/schema\\\/person\\\/aa1d038709c262cb247e240f6b39bbf5\"},\"description\":\"This season's calendar put the Clasico back at a time when it could define the title a little, or on the contrary, leave it totally open.\",\"breadcrumb\":{\"@id\":\"https:\\\/\\\/www.fcbarcelonanoticias.com\\\/en\\\/laliga\\\/calendar-fc-barcelona-real-madrid-with-laliga-in-play_290022_102.html#breadcrumb\"},\"inLanguage\":\"en-US\",\"potentialAction\":[{\"@type\":\"ReadAction\",\"target\":[\"https:\\\/\\\/www.fcbarcelonanoticias.com\\\/en\\\/laliga\\\/calendar-fc-barcelona-real-madrid-with-laliga-in-play_290022_102.html\"]}]},{\"@type\":\"ImageObject\",\"inLanguage\":\"en-US\",\"@id\":\"https:\\\/\\\/www.fcbarcelonanoticias.com\\\/en\\\/laliga\\\/calendar-fc-barcelona-real-madrid-with-laliga-in-play_290022_102.html#primaryimage\",\"url\":\"https:\\\/\\\/www.fcbarcelonanoticias.com\\\/en\\\/wp-content\\\/uploads\\\/sites\\\/2\\\/2022\\\/08\\\/lewandowski-en-el-clasico-ante-el-madrid.jpeg\",\"contentUrl\":\"https:\\\/\\\/www.fcbarcelonanoticias.com\\\/en\\\/wp-content\\\/uploads\\\/sites\\\/2\\\/2022\\\/08\\\/lewandowski-en-el-clasico-ante-el-madrid.jpeg\",\"width\":1300,\"height\":732},{\"@type\":\"BreadcrumbList\",\"@id\":\"https:\\\/\\\/www.fcbarcelonanoticias.com\\\/en\\\/laliga\\\/calendar-fc-barcelona-real-madrid-with-laliga-in-play_290022_102.html#breadcrumb\",\"itemListElement\":[{\"@type\":\"ListItem\",\"position\":1,\"name\":\"Portada\",\"item\":\"https:\\\/\\\/www.fcbarcelonanoticias.com\\\/en\\\/\"},{\"@type\":\"ListItem\",\"position\":2,\"name\":\"The FC Barcelona and Real Madrid calendar with LaLiga at stake\"}]},{\"@type\":\"WebSite\",\"@id\":\"https:\\\/\\\/www.fcbarcelonanoticias.com\\\/en\\\/#website\",\"url\":\"https:\\\/\\\/www.fcbarcelonanoticias.com\\\/en\\\/\",\"name\":\"EN - FC Barcelona Noticias\",\"description\":\"\",\"potentialAction\":[{\"@type\":\"SearchAction\",\"target\":{\"@type\":\"EntryPoint\",\"urlTemplate\":\"https:\\\/\\\/www.fcbarcelonanoticias.com\\\/en\\\/?s={search_term_string}\"},\"query-input\":{\"@type\":\"PropertyValueSpecification\",\"valueRequired\":true,\"valueName\":\"search_term_string\"}}],\"inLanguage\":\"en-US\"},{\"@type\":\"Person\",\"@id\":\"https:\\\/\\\/www.fcbarcelonanoticias.com\\\/en\\\/#\\\/schema\\\/person\\\/aa1d038709c262cb247e240f6b39bbf5\",\"name\":\"Carlos Montenegro\",\"image\":{\"@type\":\"ImageObject\",\"inLanguage\":\"en-US\",\"@id\":\"https:\\\/\\\/secure.gravatar.com\\\/avatar\\\/?s=96&d=mm&r=g\",\"url\":\"https:\\\/\\\/secure.gravatar.com\\\/avatar\\\/?s=96&d=mm&r=g\",\"contentUrl\":\"https:\\\/\\\/secure.gravatar.com\\\/avatar\\\/?s=96&d=mm&r=g\",\"caption\":\"Carlos Montenegro\"},\"url\":\"https:\\\/\\\/www.fcbarcelonanoticias.com\\\/en\\\/carlos-montenegro_20_115.html\"}]}<\/script>\n<!-- \/ Yoast SEO plugin. -->","yoast_head_json":{"title":"The FC Barcelona and Real Madrid calendar with LaLiga at stake","description":"This season's calendar put the Clasico back at a time when it could define the title a little, or on the contrary, leave it totally open.","robots":{"index":"index","follow":"follow","max-snippet":"max-snippet:-1","max-image-preview":"max-image-preview:large","max-video-preview":"max-video-preview:-1"},"canonical":"https:\/\/www.fcbarcelonanoticias.com\/en\/laliga\/calendar-fc-barcelona-real-madrid-with-laliga-in-play_290022_102.html","og_locale":"en_US","og_type":"article","og_title":"The FC Barcelona and Real Madrid calendar with LaLiga at stake","og_description":"This season's calendar put the Clasico back at a time when it could define the title a little, or on the contrary, leave it totally open.","og_url":"https:\/\/www.fcbarcelonanoticias.com\/en\/laliga\/calendar-fc-barcelona-real-madrid-with-laliga-in-play_290022_102.html","og_site_name":"EN - FC Barcelona Noticias","article_published_time":"2023-02-27T09:16:00+00:00","article_modified_time":"2023-02-27T11:49:00+00:00","og_image":[{"width":1300,"height":732,"url":"https:\/\/www.fcbarcelonanoticias.com\/en\/wp-content\/uploads\/sites\/2\/2022\/08\/lewandowski-en-el-clasico-ante-el-madrid.jpeg","type":"image\/jpeg"}],"author":"Carlos Montenegro","twitter_card":"summary_large_image","twitter_misc":{"Written by":"Carlos Montenegro","Est. reading time":"3 minutes"},"schema":{"@context":"https:\/\/schema.org","@graph":[{"@type":"Article","@id":"https:\/\/www.fcbarcelonanoticias.com\/en\/laliga\/calendar-fc-barcelona-real-madrid-with-laliga-in-play_290022_102.html#article","isPartOf":{"@id":"https:\/\/www.fcbarcelonanoticias.com\/en\/laliga\/calendar-fc-barcelona-real-madrid-with-laliga-in-play_290022_102.html"},"author":{"name":"Carlos Montenegro","@id":"https:\/\/www.fcbarcelonanoticias.com\/en\/#\/schema\/person\/aa1d038709c262cb247e240f6b39bbf5"},"headline":"The FC Barcelona and Real Madrid calendar with LaLiga at stake","datePublished":"2023-02-27T09:16:00+00:00","dateModified":"2023-02-27T11:49:00+00:00","mainEntityOfPage":{"@id":"https:\/\/www.fcbarcelonanoticias.com\/en\/laliga\/calendar-fc-barcelona-real-madrid-with-laliga-in-play_290022_102.html"},"wordCount":669,"image":{"@id":"https:\/\/www.fcbarcelonanoticias.com\/en\/laliga\/calendar-fc-barcelona-real-madrid-with-laliga-in-play_290022_102.html#primaryimage"},"thumbnailUrl":"https:\/\/www.fcbarcelonanoticias.com\/en\/wp-content\/uploads\/sites\/2\/2022\/08\/lewandowski-en-el-clasico-ante-el-madrid.jpeg","keywords":["Athletic de Bilbao","El Cl\u00e1sico","Valencia CF","Xavi Hern\u00e1ndez"],"articleSection":["LaLiga","LaLiga"],"inLanguage":"en-US"},{"@type":"WebPage","@id":"https:\/\/www.fcbarcelonanoticias.com\/en\/laliga\/calendar-fc-barcelona-real-madrid-with-laliga-in-play_290022_102.html","url":"https:\/\/www.fcbarcelonanoticias.com\/en\/laliga\/calendar-fc-barcelona-real-madrid-with-laliga-in-play_290022_102.html","name":"The FC Barcelona and Real Madrid calendar with LaLiga at stake","isPartOf":{"@id":"https:\/\/www.fcbarcelonanoticias.com\/en\/#website"},"primaryImageOfPage":{"@id":"https:\/\/www.fcbarcelonanoticias.com\/en\/laliga\/calendar-fc-barcelona-real-madrid-with-laliga-in-play_290022_102.html#primaryimage"},"image":{"@id":"https:\/\/www.fcbarcelonanoticias.com\/en\/laliga\/calendar-fc-barcelona-real-madrid-with-laliga-in-play_290022_102.html#primaryimage"},"thumbnailUrl":"https:\/\/www.fcbarcelonanoticias.com\/en\/wp-content\/uploads\/sites\/2\/2022\/08\/lewandowski-en-el-clasico-ante-el-madrid.jpeg","datePublished":"2023-02-27T09:16:00+00:00","dateModified":"2023-02-27T11:49:00+00:00","author":{"@id":"https:\/\/www.fcbarcelonanoticias.com\/en\/#\/schema\/person\/aa1d038709c262cb247e240f6b39bbf5"},"description":"This season's calendar put the Clasico back at a time when it could define the title a little, or on the contrary, leave it totally open.","breadcrumb":{"@id":"https:\/\/www.fcbarcelonanoticias.com\/en\/laliga\/calendar-fc-barcelona-real-madrid-with-laliga-in-play_290022_102.html#breadcrumb"},"inLanguage":"en-US","potentialAction":[{"@type":"ReadAction","target":["https:\/\/www.fcbarcelonanoticias.com\/en\/laliga\/calendar-fc-barcelona-real-madrid-with-laliga-in-play_290022_102.html"]}]},{"@type":"ImageObject","inLanguage":"en-US","@id":"https:\/\/www.fcbarcelonanoticias.com\/en\/laliga\/calendar-fc-barcelona-real-madrid-with-laliga-in-play_290022_102.html#primaryimage","url":"https:\/\/www.fcbarcelonanoticias.com\/en\/wp-content\/uploads\/sites\/2\/2022\/08\/lewandowski-en-el-clasico-ante-el-madrid.jpeg","contentUrl":"https:\/\/www.fcbarcelonanoticias.com\/en\/wp-content\/uploads\/sites\/2\/2022\/08\/lewandowski-en-el-clasico-ante-el-madrid.jpeg","width":1300,"height":732},{"@type":"BreadcrumbList","@id":"https:\/\/www.fcbarcelonanoticias.com\/en\/laliga\/calendar-fc-barcelona-real-madrid-with-laliga-in-play_290022_102.html#breadcrumb","itemListElement":[{"@type":"ListItem","position":1,"name":"Portada","item":"https:\/\/www.fcbarcelonanoticias.com\/en\/"},{"@type":"ListItem","position":2,"name":"The FC Barcelona and Real Madrid calendar with LaLiga at stake"}]},{"@type":"WebSite","@id":"https:\/\/www.fcbarcelonanoticias.com\/en\/#website","url":"https:\/\/www.fcbarcelonanoticias.com\/en\/","name":"EN - FC Barcelona Noticias","description":"","potentialAction":[{"@type":"SearchAction","target":{"@type":"EntryPoint","urlTemplate":"https:\/\/www.fcbarcelonanoticias.com\/en\/?s={search_term_string}"},"query-input":{"@type":"PropertyValueSpecification","valueRequired":true,"valueName":"search_term_string"}}],"inLanguage":"en-US"},{"@type":"Person","@id":"https:\/\/www.fcbarcelonanoticias.com\/en\/#\/schema\/person\/aa1d038709c262cb247e240f6b39bbf5","name":"Carlos Montenegro","image":{"@type":"ImageObject","inLanguage":"en-US","@id":"https:\/\/secure.gravatar.com\/avatar\/?s=96&d=mm&r=g","url":"https:\/\/secure.gravatar.com\/avatar\/?s=96&d=mm&r=g","contentUrl":"https:\/\/secure.gravatar.com\/avatar\/?s=96&d=mm&r=g","caption":"Carlos Montenegro"},"url":"https:\/\/www.fcbarcelonanoticias.com\/en\/carlos-montenegro_20_115.html"}]}},"_links":{"self":[{"href":"https:\/\/www.fcbarcelonanoticias.com\/en\/wp-json\/wp\/v2\/posts\/50783","targetHints":{"allow":["GET"]}}],"collection":[{"href":"https:\/\/www.fcbarcelonanoticias.com\/en\/wp-json\/wp\/v2\/posts"}],"about":[{"href":"https:\/\/www.fcbarcelonanoticias.com\/en\/wp-json\/wp\/v2\/types\/post"}],"author":[{"embeddable":true,"href":"https:\/\/www.fcbarcelonanoticias.com\/en\/wp-json\/wp\/v2\/users\/345"}],"replies":[{"embeddable":true,"href":"https:\/\/www.fcbarcelonanoticias.com\/en\/wp-json\/wp\/v2\/comments?post=50783"}],"version-history":[{"count":1,"href":"https:\/\/www.fcbarcelonanoticias.com\/en\/wp-json\/wp\/v2\/posts\/50783\/revisions"}],"predecessor-version":[{"id":116090,"href":"https:\/\/www.fcbarcelonanoticias.com\/en\/wp-json\/wp\/v2\/posts\/50783\/revisions\/116090"}],"wp:featuredmedia":[{"embeddable":true,"href":"https:\/\/www.fcbarcelonanoticias.com\/en\/wp-json\/wp\/v2\/media\/26052"}],"wp:attachment":[{"href":"https:\/\/www.fcbarcelonanoticias.com\/en\/wp-json\/wp\/v2\/media?parent=50783"}],"wp:term":[{"taxonomy":"category","embeddable":true,"href":"https:\/\/www.fcbarcelonanoticias.com\/en\/wp-json\/wp\/v2\/categories?post=50783"},{"taxonomy":"post_tag","embeddable":true,"href":"https:\/\/www.fcbarcelonanoticias.com\/en\/wp-json\/wp\/v2\/tags?post=50783"}],"curies":[{"name":"wp","href":"https:\/\/api.w.org\/{rel}","templated":true}]}}