{"id":5080,"date":"2024-04-10T01:42:00","date_gmt":"2024-04-09T23:42:00","guid":{"rendered":"https:\/\/weisetech.dev\/fc-barcelona-noticias\/en\/jude-bellingham-missing-combat-when-madrid-needed-most_302473_102\/"},"modified":"2024-04-10T01:42:00","modified_gmt":"2024-04-09T23:42:00","slug":"jude-bellingham-missing-combat-when-madrid-needed-most_302473_102","status":"publish","type":"post","link":"https:\/\/www.fcbarcelonanoticias.com\/en\/champions-league\/jude-bellingham-missing-combat-when-madrid-needed-most_302473_102.html","title":{"rendered":"Jude Bellingham, missing in combat when Madrid needed him most"},"content":{"rendered":"<h2 class=\"wp-block-heading\">Jude Bellingham disappointed in Real Madrid&#8217;s most important game of the season so far. The Englishman was missing against Manchester City (3-3) in 90 minutes where he was isolated and lost in Carlo Ancelotti&#8217;s scheme<\/h2>  \r\n<div class=\"article-addons\">\r\n    <a href=\"https:\/\/www.fcbarcelonanoticias.com\/en\/calendar-fc-barcelona.html\"\r\n       target=\"_self\"\r\n       title=\"Calendar of FC Barcelona\"\r\n       class=\"blue-gredient-btn\">\r\n       \r\n        Calendar of FC Barcelona    <\/a>\r\n<\/div>   <p>The <a data-external=\"0\" data-intl-links-en=\"https:\/\/www.fcbarcelonanoticias.com\/en\/champions-league\/ode-football-madrid-city-eliminatory-totally-open-etihad-3-3_302466_102.html\" data-intl-links-es=\"https:\/\/www.fcbarcelonanoticias.com\/champions-league\/oda-futbol-madrid-city-eliminatoria-totalmente-abierta-etihad-3-3_302466_102.html\" href=\"https:\/\/www.fcbarcelonanoticias.com\/en\/champions-league\/ode-football-madrid-city-eliminatory-totally-open-etihad-3-3_302466_102.html\" rel=\"follow\" target=\"_self\" title=\"Oda al f\u00fatbol de Madrid y City y eliminatoria totalmente abierta para el Etihad (3-3)\">Real Madrid equalised home in front of the Manchester City (3-3)<\/a> in a night for the forget of Jude Bellingham. In spite of the frantic rhythm that, by moments, imper\u00f3 on the lawn, the international English grieve had incidence in the game, <strong>prejudiced by a plan of game of Carlo Ancelotti that dumped all the danger &#8216;merengue&#8217; to the sides<\/strong>, mainly leftwards with the tandem Vinicius-Rodrygo.<\/p>  <p>Further of some destello of quality, with a pair of dribblings and pipes near of the half of the field, the one of Stourbridge completed a quite grey party, far of the arch and with little participation in the rival area. <strong>The complete English 27 of 31 passes (87 %), but hardly tested with a shot diverted<\/strong> and only could take out a fault to the rivals.<\/p>  <p>In principle, <strong>the &#8216;5&#8217; outlined like the &#8216;false 9&#8217; of the team, a work that recay\u00f3 in &#8216;Vini&#8217;<\/strong>. In the complement, the &#8216;7&#8217; returned to his natural position like left-handed extreme, but the wear and the fault of ideas isolated even more to the ex footballer of the Borussia Dortmund. The only positive of the day for the &#8216;pichichi&#8217; of LaLiga was to finish the party without cards, since a yellow had left him out of the duel of turn in Manchester the next week.<\/p>  <h2>Ancelotti, &#8216;satisfied&#8217; with the party of Bellingham and the Madrid<\/h2>  <p>In the press conference post party, the Italian technician referred to the performance of the mediocentro English. <strong>&#8220;The work that have done at the front has been very good, have worked very well. They have not had (the City) the freshness that are used to to have usually. His work (the one of Bellingham) has allowed us have a good control of the party&#8221;<\/strong>, explained on the work of the &#8216;5&#8217;. And it is that, unlike other meetings, Jude was more far of the area, giving a hand to Camavinga in the high pressure that tried to exert the Madrid.<\/p>  <p>In this sense, &#8216;Carletto&#8217; admitted his inconformidad by the tie with a sentence that denotes resignation with a positivist mask. <strong>&#8220;What wanted to was to take a small advantage, but have to be satisfied. We have competed and if we do it also in the turn can happen&#8221;<\/strong>, puntualiz\u00f3 the one of Reggiolo. For the the &#8216;merengues&#8217;, the turn will be very hard because of the obligation to win to advance to &#8216;semis&#8217;, a mission that will have to face <a data-external=\"0\" data-intl-links-en=\"https:\/\/www.fcbarcelonanoticias.com\/en\/champions-league\/only-cayo-tchouameni-vinicius-bellingham-camavinga-salvaron-they-will-be-back_302469_102.html\" data-intl-links-es=\"https:\/\/www.fcbarcelonanoticias.com\/champions-league\/solo-cayo-tchouameni-vinicius-bellingham-camavinga-salvaron-estaran-vuelta_302469_102.html\" href=\"https:\/\/www.fcbarcelonanoticias.com\/en\/champions-league\/only-cayo-tchouameni-vinicius-bellingham-camavinga-salvaron-they-will-be-back_302469_102.html\" rel=\"follow\" target=\"_self\" title=\"\u00a1Solo cay\u00f3 Tchouam\u00e9ni! Vinicius, Bellingham y Camavinga se 'salvaron' y estar\u00e1n en la vuelta\">without Aur\u00e9lien Tchouam\u00e9ni (drop by sanction)<\/a>.<\/p> ","protected":false},"excerpt":{"rendered":"<p>Jude Bellingham disappointed in Real Madrid&#8217;s most important game of the season so far. The Englishman was missing against Manchester City (3-3) in 90 minutes where he was isolated and lost in Carlo Ancelotti&#8217;s scheme The Real Madrid equalised home in front of the Manchester City (3-3) in a night for the forget of Jude [&hellip;]<\/p>\n","protected":false},"author":347,"featured_media":5081,"comment_status":"closed","ping_status":"open","sticky":false,"template":"","format":"standard","meta":{"_acf_changed":false,"inline_featured_image":false,"_nextfly_llmd_date_locked":false,"footnotes":""},"categories":[112,447],"tags":[97],"class_list":["post-5080","post","type-post","status-publish","format-standard","has-post-thumbnail","hentry","category-champions-league","category-champions-league-2","tag-manchester-city"],"acf":[],"yoast_head":"<!-- This site is optimized with the Yoast SEO plugin v27.3 - https:\/\/yoast.com\/product\/yoast-seo-wordpress\/ -->\n<title>Jude Bellingham, missing in combat when Madrid needed him most<\/title>\n<meta name=\"description\" content=\"Jude Bellingham disappointed in Real Madrid&#039;s most important game of the season so far. The Englishman was missing against Manchester City (3-3) in 90 minutes where he was isolated and lost in Carlo Ancelotti&#039;s scheme\" \/>\n<meta name=\"robots\" content=\"index, follow, max-snippet:-1, max-image-preview:large, max-video-preview:-1\" \/>\n<link rel=\"canonical\" href=\"https:\/\/www.fcbarcelonanoticias.com\/en\/champions-league\/jude-bellingham-missing-combat-when-madrid-needed-most_302473_102.html\" \/>\n<meta property=\"og:locale\" content=\"en_US\" \/>\n<meta property=\"og:type\" content=\"article\" \/>\n<meta property=\"og:title\" content=\"Jude Bellingham, missing in combat when Madrid needed him most\" \/>\n<meta property=\"og:description\" content=\"Jude Bellingham disappointed in Real Madrid&#039;s most important game of the season so far. The Englishman was missing against Manchester City (3-3) in 90 minutes where he was isolated and lost in Carlo Ancelotti&#039;s scheme\" \/>\n<meta property=\"og:url\" content=\"https:\/\/www.fcbarcelonanoticias.com\/en\/champions-league\/jude-bellingham-missing-combat-when-madrid-needed-most_302473_102.html\" \/>\n<meta property=\"og:site_name\" content=\"EN - FC Barcelona Noticias\" \/>\n<meta property=\"article:published_time\" content=\"2024-04-09T23:42:00+00:00\" \/>\n<meta property=\"og:image\" content=\"https:\/\/www.fcbarcelonanoticias.com\/en\/wp-content\/uploads\/sites\/2\/2024\/04\/jude-bellingham-v-manchester-city.jpeg\" \/>\n\t<meta property=\"og:image:width\" content=\"1300\" \/>\n\t<meta property=\"og:image:height\" content=\"732\" \/>\n\t<meta property=\"og:image:type\" content=\"image\/jpeg\" \/>\n<meta name=\"author\" content=\"Andr\u00e9s Quiroz\" \/>\n<meta name=\"twitter:card\" content=\"summary_large_image\" \/>\n<meta name=\"twitter:label1\" content=\"Written by\" \/>\n\t<meta name=\"twitter:data1\" content=\"Andr\u00e9s Quiroz\" \/>\n\t<meta name=\"twitter:label2\" content=\"Est. reading time\" \/>\n\t<meta name=\"twitter:data2\" content=\"2 minutes\" \/>\n<script type=\"application\/ld+json\" class=\"yoast-schema-graph\">{\"@context\":\"https:\\\/\\\/schema.org\",\"@graph\":[{\"@type\":\"Article\",\"@id\":\"https:\\\/\\\/www.fcbarcelonanoticias.com\\\/en\\\/champions-league\\\/jude-bellingham-missing-combat-when-madrid-needed-most_302473_102.html#article\",\"isPartOf\":{\"@id\":\"https:\\\/\\\/www.fcbarcelonanoticias.com\\\/en\\\/champions-league\\\/jude-bellingham-missing-combat-when-madrid-needed-most_302473_102.html\"},\"author\":{\"name\":\"Andr\u00e9s Quiroz\",\"@id\":\"https:\\\/\\\/www.fcbarcelonanoticias.com\\\/en\\\/#\\\/schema\\\/person\\\/c2cd9f6fa1af5c0d0eccd0fefa575c88\"},\"headline\":\"Jude Bellingham, missing in combat when Madrid needed him most\",\"datePublished\":\"2024-04-09T23:42:00+00:00\",\"mainEntityOfPage\":{\"@id\":\"https:\\\/\\\/www.fcbarcelonanoticias.com\\\/en\\\/champions-league\\\/jude-bellingham-missing-combat-when-madrid-needed-most_302473_102.html\"},\"wordCount\":455,\"image\":{\"@id\":\"https:\\\/\\\/www.fcbarcelonanoticias.com\\\/en\\\/champions-league\\\/jude-bellingham-missing-combat-when-madrid-needed-most_302473_102.html#primaryimage\"},\"thumbnailUrl\":\"https:\\\/\\\/www.fcbarcelonanoticias.com\\\/en\\\/wp-content\\\/uploads\\\/sites\\\/2\\\/2024\\\/04\\\/jude-bellingham-v-manchester-city.jpeg\",\"keywords\":[\"Manchester City\"],\"articleSection\":[\"Champions League\",\"Champions League\"],\"inLanguage\":\"en-US\"},{\"@type\":\"WebPage\",\"@id\":\"https:\\\/\\\/www.fcbarcelonanoticias.com\\\/en\\\/champions-league\\\/jude-bellingham-missing-combat-when-madrid-needed-most_302473_102.html\",\"url\":\"https:\\\/\\\/www.fcbarcelonanoticias.com\\\/en\\\/champions-league\\\/jude-bellingham-missing-combat-when-madrid-needed-most_302473_102.html\",\"name\":\"Jude Bellingham, missing in combat when Madrid needed him most\",\"isPartOf\":{\"@id\":\"https:\\\/\\\/www.fcbarcelonanoticias.com\\\/en\\\/#website\"},\"primaryImageOfPage\":{\"@id\":\"https:\\\/\\\/www.fcbarcelonanoticias.com\\\/en\\\/champions-league\\\/jude-bellingham-missing-combat-when-madrid-needed-most_302473_102.html#primaryimage\"},\"image\":{\"@id\":\"https:\\\/\\\/www.fcbarcelonanoticias.com\\\/en\\\/champions-league\\\/jude-bellingham-missing-combat-when-madrid-needed-most_302473_102.html#primaryimage\"},\"thumbnailUrl\":\"https:\\\/\\\/www.fcbarcelonanoticias.com\\\/en\\\/wp-content\\\/uploads\\\/sites\\\/2\\\/2024\\\/04\\\/jude-bellingham-v-manchester-city.jpeg\",\"datePublished\":\"2024-04-09T23:42:00+00:00\",\"author\":{\"@id\":\"https:\\\/\\\/www.fcbarcelonanoticias.com\\\/en\\\/#\\\/schema\\\/person\\\/c2cd9f6fa1af5c0d0eccd0fefa575c88\"},\"description\":\"Jude Bellingham disappointed in Real Madrid's most important game of the season so far. The Englishman was missing against Manchester City (3-3) in 90 minutes where he was isolated and lost in Carlo Ancelotti's scheme\",\"breadcrumb\":{\"@id\":\"https:\\\/\\\/www.fcbarcelonanoticias.com\\\/en\\\/champions-league\\\/jude-bellingham-missing-combat-when-madrid-needed-most_302473_102.html#breadcrumb\"},\"inLanguage\":\"en-US\",\"potentialAction\":[{\"@type\":\"ReadAction\",\"target\":[\"https:\\\/\\\/www.fcbarcelonanoticias.com\\\/en\\\/champions-league\\\/jude-bellingham-missing-combat-when-madrid-needed-most_302473_102.html\"]}]},{\"@type\":\"ImageObject\",\"inLanguage\":\"en-US\",\"@id\":\"https:\\\/\\\/www.fcbarcelonanoticias.com\\\/en\\\/champions-league\\\/jude-bellingham-missing-combat-when-madrid-needed-most_302473_102.html#primaryimage\",\"url\":\"https:\\\/\\\/www.fcbarcelonanoticias.com\\\/en\\\/wp-content\\\/uploads\\\/sites\\\/2\\\/2024\\\/04\\\/jude-bellingham-v-manchester-city.jpeg\",\"contentUrl\":\"https:\\\/\\\/www.fcbarcelonanoticias.com\\\/en\\\/wp-content\\\/uploads\\\/sites\\\/2\\\/2024\\\/04\\\/jude-bellingham-v-manchester-city.jpeg\",\"width\":1300,\"height\":732},{\"@type\":\"BreadcrumbList\",\"@id\":\"https:\\\/\\\/www.fcbarcelonanoticias.com\\\/en\\\/champions-league\\\/jude-bellingham-missing-combat-when-madrid-needed-most_302473_102.html#breadcrumb\",\"itemListElement\":[{\"@type\":\"ListItem\",\"position\":1,\"name\":\"Portada\",\"item\":\"https:\\\/\\\/www.fcbarcelonanoticias.com\\\/en\\\/\"},{\"@type\":\"ListItem\",\"position\":2,\"name\":\"Jude Bellingham, missing in combat when Madrid needed him most\"}]},{\"@type\":\"WebSite\",\"@id\":\"https:\\\/\\\/www.fcbarcelonanoticias.com\\\/en\\\/#website\",\"url\":\"https:\\\/\\\/www.fcbarcelonanoticias.com\\\/en\\\/\",\"name\":\"EN - FC Barcelona Noticias\",\"description\":\"\",\"potentialAction\":[{\"@type\":\"SearchAction\",\"target\":{\"@type\":\"EntryPoint\",\"urlTemplate\":\"https:\\\/\\\/www.fcbarcelonanoticias.com\\\/en\\\/?s={search_term_string}\"},\"query-input\":{\"@type\":\"PropertyValueSpecification\",\"valueRequired\":true,\"valueName\":\"search_term_string\"}}],\"inLanguage\":\"en-US\"},{\"@type\":\"Person\",\"@id\":\"https:\\\/\\\/www.fcbarcelonanoticias.com\\\/en\\\/#\\\/schema\\\/person\\\/c2cd9f6fa1af5c0d0eccd0fefa575c88\",\"name\":\"Andr\u00e9s Quiroz\",\"image\":{\"@type\":\"ImageObject\",\"inLanguage\":\"en-US\",\"@id\":\"https:\\\/\\\/secure.gravatar.com\\\/avatar\\\/?s=96&d=mm&r=g\",\"url\":\"https:\\\/\\\/secure.gravatar.com\\\/avatar\\\/?s=96&d=mm&r=g\",\"contentUrl\":\"https:\\\/\\\/secure.gravatar.com\\\/avatar\\\/?s=96&d=mm&r=g\",\"caption\":\"Andr\u00e9s Quiroz\"},\"description\":\"Licenciado en Periodismo por la Universidad de los Andes. Me encargo de analizar y compartir los contenidos m\u00e1s destacados de la\u00a0actualidad del F\u00fatbol Club Barcelona, Mercado de Fichajes y F\u00fatbol Internacional en FCBN. La informaci\u00f3n es poder, pero tambi\u00e9n conocimiento.\",\"url\":\"https:\\\/\\\/www.fcbarcelonanoticias.com\\\/en\\\/fc-barcelona\\\/andres-quiroz_17_115.html\"}]}<\/script>\n<!-- \/ Yoast SEO plugin. -->","yoast_head_json":{"title":"Jude Bellingham, missing in combat when Madrid needed him most","description":"Jude Bellingham disappointed in Real Madrid's most important game of the season so far. The Englishman was missing against Manchester City (3-3) in 90 minutes where he was isolated and lost in Carlo Ancelotti's scheme","robots":{"index":"index","follow":"follow","max-snippet":"max-snippet:-1","max-image-preview":"max-image-preview:large","max-video-preview":"max-video-preview:-1"},"canonical":"https:\/\/www.fcbarcelonanoticias.com\/en\/champions-league\/jude-bellingham-missing-combat-when-madrid-needed-most_302473_102.html","og_locale":"en_US","og_type":"article","og_title":"Jude Bellingham, missing in combat when Madrid needed him most","og_description":"Jude Bellingham disappointed in Real Madrid's most important game of the season so far. The Englishman was missing against Manchester City (3-3) in 90 minutes where he was isolated and lost in Carlo Ancelotti's scheme","og_url":"https:\/\/www.fcbarcelonanoticias.com\/en\/champions-league\/jude-bellingham-missing-combat-when-madrid-needed-most_302473_102.html","og_site_name":"EN - FC Barcelona Noticias","article_published_time":"2024-04-09T23:42:00+00:00","og_image":[{"width":1300,"height":732,"url":"https:\/\/www.fcbarcelonanoticias.com\/en\/wp-content\/uploads\/sites\/2\/2024\/04\/jude-bellingham-v-manchester-city.jpeg","type":"image\/jpeg"}],"author":"Andr\u00e9s Quiroz","twitter_card":"summary_large_image","twitter_misc":{"Written by":"Andr\u00e9s Quiroz","Est. reading time":"2 minutes"},"schema":{"@context":"https:\/\/schema.org","@graph":[{"@type":"Article","@id":"https:\/\/www.fcbarcelonanoticias.com\/en\/champions-league\/jude-bellingham-missing-combat-when-madrid-needed-most_302473_102.html#article","isPartOf":{"@id":"https:\/\/www.fcbarcelonanoticias.com\/en\/champions-league\/jude-bellingham-missing-combat-when-madrid-needed-most_302473_102.html"},"author":{"name":"Andr\u00e9s Quiroz","@id":"https:\/\/www.fcbarcelonanoticias.com\/en\/#\/schema\/person\/c2cd9f6fa1af5c0d0eccd0fefa575c88"},"headline":"Jude Bellingham, missing in combat when Madrid needed him most","datePublished":"2024-04-09T23:42:00+00:00","mainEntityOfPage":{"@id":"https:\/\/www.fcbarcelonanoticias.com\/en\/champions-league\/jude-bellingham-missing-combat-when-madrid-needed-most_302473_102.html"},"wordCount":455,"image":{"@id":"https:\/\/www.fcbarcelonanoticias.com\/en\/champions-league\/jude-bellingham-missing-combat-when-madrid-needed-most_302473_102.html#primaryimage"},"thumbnailUrl":"https:\/\/www.fcbarcelonanoticias.com\/en\/wp-content\/uploads\/sites\/2\/2024\/04\/jude-bellingham-v-manchester-city.jpeg","keywords":["Manchester City"],"articleSection":["Champions League","Champions League"],"inLanguage":"en-US"},{"@type":"WebPage","@id":"https:\/\/www.fcbarcelonanoticias.com\/en\/champions-league\/jude-bellingham-missing-combat-when-madrid-needed-most_302473_102.html","url":"https:\/\/www.fcbarcelonanoticias.com\/en\/champions-league\/jude-bellingham-missing-combat-when-madrid-needed-most_302473_102.html","name":"Jude Bellingham, missing in combat when Madrid needed him most","isPartOf":{"@id":"https:\/\/www.fcbarcelonanoticias.com\/en\/#website"},"primaryImageOfPage":{"@id":"https:\/\/www.fcbarcelonanoticias.com\/en\/champions-league\/jude-bellingham-missing-combat-when-madrid-needed-most_302473_102.html#primaryimage"},"image":{"@id":"https:\/\/www.fcbarcelonanoticias.com\/en\/champions-league\/jude-bellingham-missing-combat-when-madrid-needed-most_302473_102.html#primaryimage"},"thumbnailUrl":"https:\/\/www.fcbarcelonanoticias.com\/en\/wp-content\/uploads\/sites\/2\/2024\/04\/jude-bellingham-v-manchester-city.jpeg","datePublished":"2024-04-09T23:42:00+00:00","author":{"@id":"https:\/\/www.fcbarcelonanoticias.com\/en\/#\/schema\/person\/c2cd9f6fa1af5c0d0eccd0fefa575c88"},"description":"Jude Bellingham disappointed in Real Madrid's most important game of the season so far. The Englishman was missing against Manchester City (3-3) in 90 minutes where he was isolated and lost in Carlo Ancelotti's scheme","breadcrumb":{"@id":"https:\/\/www.fcbarcelonanoticias.com\/en\/champions-league\/jude-bellingham-missing-combat-when-madrid-needed-most_302473_102.html#breadcrumb"},"inLanguage":"en-US","potentialAction":[{"@type":"ReadAction","target":["https:\/\/www.fcbarcelonanoticias.com\/en\/champions-league\/jude-bellingham-missing-combat-when-madrid-needed-most_302473_102.html"]}]},{"@type":"ImageObject","inLanguage":"en-US","@id":"https:\/\/www.fcbarcelonanoticias.com\/en\/champions-league\/jude-bellingham-missing-combat-when-madrid-needed-most_302473_102.html#primaryimage","url":"https:\/\/www.fcbarcelonanoticias.com\/en\/wp-content\/uploads\/sites\/2\/2024\/04\/jude-bellingham-v-manchester-city.jpeg","contentUrl":"https:\/\/www.fcbarcelonanoticias.com\/en\/wp-content\/uploads\/sites\/2\/2024\/04\/jude-bellingham-v-manchester-city.jpeg","width":1300,"height":732},{"@type":"BreadcrumbList","@id":"https:\/\/www.fcbarcelonanoticias.com\/en\/champions-league\/jude-bellingham-missing-combat-when-madrid-needed-most_302473_102.html#breadcrumb","itemListElement":[{"@type":"ListItem","position":1,"name":"Portada","item":"https:\/\/www.fcbarcelonanoticias.com\/en\/"},{"@type":"ListItem","position":2,"name":"Jude Bellingham, missing in combat when Madrid needed him most"}]},{"@type":"WebSite","@id":"https:\/\/www.fcbarcelonanoticias.com\/en\/#website","url":"https:\/\/www.fcbarcelonanoticias.com\/en\/","name":"EN - FC Barcelona Noticias","description":"","potentialAction":[{"@type":"SearchAction","target":{"@type":"EntryPoint","urlTemplate":"https:\/\/www.fcbarcelonanoticias.com\/en\/?s={search_term_string}"},"query-input":{"@type":"PropertyValueSpecification","valueRequired":true,"valueName":"search_term_string"}}],"inLanguage":"en-US"},{"@type":"Person","@id":"https:\/\/www.fcbarcelonanoticias.com\/en\/#\/schema\/person\/c2cd9f6fa1af5c0d0eccd0fefa575c88","name":"Andr\u00e9s Quiroz","image":{"@type":"ImageObject","inLanguage":"en-US","@id":"https:\/\/secure.gravatar.com\/avatar\/?s=96&d=mm&r=g","url":"https:\/\/secure.gravatar.com\/avatar\/?s=96&d=mm&r=g","contentUrl":"https:\/\/secure.gravatar.com\/avatar\/?s=96&d=mm&r=g","caption":"Andr\u00e9s Quiroz"},"description":"Licenciado en Periodismo por la Universidad de los Andes. Me encargo de analizar y compartir los contenidos m\u00e1s destacados de la\u00a0actualidad del F\u00fatbol Club Barcelona, Mercado de Fichajes y F\u00fatbol Internacional en FCBN. La informaci\u00f3n es poder, pero tambi\u00e9n conocimiento.","url":"https:\/\/www.fcbarcelonanoticias.com\/en\/fc-barcelona\/andres-quiroz_17_115.html"}]}},"_links":{"self":[{"href":"https:\/\/www.fcbarcelonanoticias.com\/en\/wp-json\/wp\/v2\/posts\/5080","targetHints":{"allow":["GET"]}}],"collection":[{"href":"https:\/\/www.fcbarcelonanoticias.com\/en\/wp-json\/wp\/v2\/posts"}],"about":[{"href":"https:\/\/www.fcbarcelonanoticias.com\/en\/wp-json\/wp\/v2\/types\/post"}],"author":[{"embeddable":true,"href":"https:\/\/www.fcbarcelonanoticias.com\/en\/wp-json\/wp\/v2\/users\/347"}],"replies":[{"embeddable":true,"href":"https:\/\/www.fcbarcelonanoticias.com\/en\/wp-json\/wp\/v2\/comments?post=5080"}],"version-history":[{"count":1,"href":"https:\/\/www.fcbarcelonanoticias.com\/en\/wp-json\/wp\/v2\/posts\/5080\/revisions"}],"predecessor-version":[{"id":102403,"href":"https:\/\/www.fcbarcelonanoticias.com\/en\/wp-json\/wp\/v2\/posts\/5080\/revisions\/102403"}],"wp:featuredmedia":[{"embeddable":true,"href":"https:\/\/www.fcbarcelonanoticias.com\/en\/wp-json\/wp\/v2\/media\/5081"}],"wp:attachment":[{"href":"https:\/\/www.fcbarcelonanoticias.com\/en\/wp-json\/wp\/v2\/media?parent=5080"}],"wp:term":[{"taxonomy":"category","embeddable":true,"href":"https:\/\/www.fcbarcelonanoticias.com\/en\/wp-json\/wp\/v2\/categories?post=5080"},{"taxonomy":"post_tag","embeddable":true,"href":"https:\/\/www.fcbarcelonanoticias.com\/en\/wp-json\/wp\/v2\/tags?post=5080"}],"curies":[{"name":"wp","href":"https:\/\/api.w.org\/{rel}","templated":true}]}}