{"id":51012,"date":"2025-10-26T19:50:00","date_gmt":"2025-10-26T18:50:00","guid":{"rendered":"https:\/\/weisetech.dev\/fc-barcelona-noticias\/en\/carvajal-vinicius-went-after-lamine-yamal-after-clasico_315122_102\/"},"modified":"2025-10-26T19:50:00","modified_gmt":"2025-10-26T18:50:00","slug":"carvajal-vinicius-went-after-lamine-yamal-after-clasico_315122_102","status":"publish","type":"post","link":"https:\/\/www.fcbarcelonanoticias.com\/en\/laliga\/carvajal-vinicius-went-after-lamine-yamal-after-clasico_315122_102.html","title":{"rendered":"Carvajal and Vinicius lose their cool and confront Lamine Yamal"},"content":{"rendered":"<h2 class=\"wp-block-heading\">El Cl\u00e1sico ended in scandal with a brawl between Real Madrid and FC Barcelona players. Carvajal and Vinicius confronted Lamine Yamal, sparking a scuffle that required police intervention.<\/h2>  \r\n<div class=\"article-addons\">\r\n    <a href=\"https:\/\/www.fcbarcelonanoticias.com\/en\/calendar-fc-barcelona.html\"\r\n       target=\"_self\"\r\n       title=\"Calendar of FC Barcelona\"\r\n       class=\"blue-gredient-btn\">\r\n       \r\n        Calendar of FC Barcelona    <\/a>\r\n<\/div>   <p>The <strong><a data-external=\"0\" data-intl-links-en=\"https:\/\/www.fcbarcelonanoticias.com\/en\/tags\/fc-barcelona-vs-real-madrid\" data-intl-links-es=\"https:\/\/www.fcbarcelonanoticias.com\/tags\/fc-barcelona-vs-real-madrid\" href=\"https:\/\/www.fcbarcelonanoticias.com\/en\/tags\/fc-barcelona-vs-real-madrid.html\" rel=\"follow\" target=\"_self\" title=\"FC Barcelona vs Real Madrid\">Cl\u00e1sico between Real Madrid and FC Barcelona<\/a><\/strong> not only resulted in a <strong>controversial victory<\/strong> for the Whites, but also a disgraceful ending with a brawl after the final whistle. The tensions accumulated during the 90 minutes exploded when several <strong>Real Madrid<\/strong> players went directly to <strong>Lamine Yamal<\/strong>, triggering a situation that forced the police to intervene.<\/p>  <p>It all started with <strong>Dani Carvajal<\/strong>, who confronted the young Bar\u00e7a player about statements made before the match in which <strong>Lamine had referred to the &#8220;robberies&#8221; and the refereeing complaints from Madrid<\/strong>. The Real Madrid full-back, who shares the national team with the Bar\u00e7a youth player, rebuked him for his words, making a gesture with his hand that further inflamed tempers.<\/p>  <ul> <li> <strong>VIDEO:<\/strong> What happened with Lamine Yamal at the end of the Madrid-Bar\u00e7a match<\/li> <\/ul> <div data-oembed-url=\"https:\/\/x.com\/MovistarFutbol\/status\/1967328751663857874\"> <blockquote align=\"center\" class=\"twitter-tweet\" data-dnt=\"true\"> <blockquote class=\"twitter-tweet\"> <p dir=\"ltr\" lang=\"es\">What happened with Lamine Yamal at the end of ELCL\u00c1SICO \ud83e\uddd0<a href=\"https:\/\/twitter.com\/en\/hashtag\/LALIGAenDAZN?src=hash&amp;ref_src=twsrc%5Etfw\">#LALIGAenDAZN<\/a> \u26bd <a href=\"https:\/\/t.co\/en\/oGWG0x908u\">pic.twitter.com\/oGWG0x908u<\/a><\/p> \u2014 DAZN Espa\u00f1a (@DAZN_ES) <a href=\"https:\/\/twitter.com\/en\/DAZN_ES\/status\/1982508910230516063?ref_src=twsrc%5Etfw\">October 26, 2025<\/a> <\/blockquote>  <\/blockquote> <\/div>  <h2>Madrid-Bar\u00e7a: High-Voltage Finale at the Bernab\u00e9u<\/h2>  <p><strong>Carvajal<\/strong> was not alone. <strong>Courtois and Vinicius<\/strong> joined his action, also reproaching Bar\u00e7a&#8217;s 10 with words and gestures that were completely out of place. The Bar\u00e7a players, far from leaving their teammate alone, responded with the same force.<\/p>  <p>Players like <strong>Ronald Araujo, Ferran Torres, and Ferm\u00edn L\u00f3pez<\/strong> quickly intervened to defend Lamine, generating a melee of shoves and shouts in the middle of the field.<\/p>  <p>The <strong>images captured by television<\/strong> showed a critical situation, with players from both teams trying to stop a brawl that was escalating. In an attempt to calm tempers, non-rostered players such as <strong>R\u00fcdiger, Alaba, and Raphinha<\/strong> also appeared, but the presence of <strong>Vinicius<\/strong>, who reignited the fuse with shouts from a distance, revived the conflict.<\/p>  <h2>Police had to separate Bar\u00e7a and Real Madrid players<\/h2>  <p>When it seemed the situation was calming down, <strong>Vinicius arranged to meet Lamine in the tunnel to the locker rooms<\/strong>, which reignited the tension. Stadium security, along with the police present, had to act to separate the players and prevent the confrontation from escalating.<\/p>  <ul> <li> <strong>VIDEO:<\/strong> Vinicius&#8217;s gesture to Lamine Yamal at the end of EL CL\u00c1SICO<\/li> <\/ul> <div data-oembed-url=\"https:\/\/x.com\/MovistarFutbol\/status\/1967328751663857874\"> <blockquote align=\"center\" class=\"twitter-tweet\" data-dnt=\"true\"> <p dir=\"ltr\" lang=\"es\">&#8220;SPEAK NOW&#8221; \ud83d\udde3\ufe0f<br><br> Vinicius&#8217; gesture to Lamine Yamal at the end of <a href=\"https:\/\/twitter.com\/en\/hashtag\/ELCL%C3%81SICO?src=hash&amp;ref_src=twsrc%5Etfw\">#ELCL\u00c1SICO<\/a><a href=\"https:\/\/twitter.com\/en\/hashtag\/LALIGAenDAZN?src=hash&amp;ref_src=twsrc%5Etfw\">#LALIGAenDAZN<\/a> \u26bd <a href=\"https:\/\/t.co\/en\/DleBEowqc0\">pic.twitter.com\/DleBEowqc0<\/a><\/p> \u2014 DAZN Espa\u00f1a (@DAZN_ES) <a href=\"https:\/\/twitter.com\/en\/DAZN_ES\/status\/1982499940040413190?ref_src=twsrc%5Etfw\">October 26, 2025<\/a> <\/blockquote>  <\/div>  <p>The <strong>atmosphere at the Santiago Bernab\u00e9u was stifling<\/strong> in the minutes that followed, with a <strong>victory heavily protested by FC Barcelona<\/strong>, who came to the Cl\u00e1sico with <strong>seven significant absentees<\/strong>. <strong><a data-external=\"0\" data-intl-links-en=\"https:\/\/www.fcbarcelonanoticias.com\/en\/laliga\/huijsen-elbow-on-cubarsi-in-bellingham-goal_315119_102.html\" data-intl-links-es=\"https:\/\/www.fcbarcelonanoticias.com\/laliga\/huijsen-codazo-cubarsi-gol-bellingham-clasico-polemica_315119_102.html\" href=\"https:\/\/www.fcbarcelonanoticias.com\/en\/laliga\/huijsen-elbow-on-cubarsi-in-bellingham-goal_315119_102.html\" rel=\"follow\" target=\"_self\" title=\"\u00bfCodazo de Huijsen a Cubars\u00ed en el gol de Bellingham?\">Bellingham&#8217;s decisive goal was shrouded in controversy due to a possible prior foul by Huijsen on Cubars\u00ed<\/a><\/strong>, and this context of tension carried over to the end of the match.<\/p>  <h2>Lamine, involuntary protagonist of the post-match<\/h2>  <p><strong><a data-external=\"0\" data-intl-links-en=\"https:\/\/www.fcbarcelonanoticias.com\/en\/tags\/lamine-yamal\" data-intl-links-es=\"https:\/\/www.fcbarcelonanoticias.com\/tags\/lamine-yamal\" href=\"https:\/\/www.fcbarcelonanoticias.com\/en\/player\/lamine-yamal.html\" rel=\"follow\" target=\"_self\" title=\"Lamine Yamal\">Lamine Yamal<\/a><\/strong>, at just 18 years old, became the focus of &#8216;merengue&#8217; anger. His growing media prominence and his words before the clash have had a boomerang effect, although the youth player lived up to expectations and did not respond to the provocations with violence or insults at any time.<\/p>  <p>The Bar\u00e7a club has not yet issued any official statement, although within the dressing room environment it is understood that <strong>Carvajal&#8217;s attitude was completely out of place<\/strong>. <strong>Bar\u00e7a<\/strong> hopes that <strong>LaLiga will review the images<\/strong> and act accordingly, considering that the Real Madrid captain&#8217;s behavior does not conform to the regulations or the respect between national team colleagues.<\/p>  <h2>A Cl\u00e1sico Marked by Controversy<\/h2>  <p>The tension experienced at the end of the match is just another reflection of the charged atmosphere that has surrounded every Cl\u00e1sico in recent years. Crossed statements, <strong><a data-external=\"0\" data-intl-links-en=\"https:\/\/www.fcbarcelonanoticias.com\/en\/tags\/referees\" data-intl-links-es=\"https:\/\/www.fcbarcelonanoticias.com\/tags\/arbitros\" href=\"https:\/\/www.fcbarcelonanoticias.com\/en\/tags\/referees.html\" rel=\"follow\" target=\"_self\" title=\"\u00c1rbitros\">controversial refereeing decisions<\/a><\/strong>, and an increasingly heated rivalry have turned every duel between <strong>Real Madrid and Bar\u00e7a<\/strong> into a pressure cooker.<\/p>  <p>On this occasion, the spotlight has fallen on <strong>Lamine Yamal<\/strong>, who continues to accumulate experience in highly demanding scenarios. The forward, one of the biggest stars in world football, left the Cl\u00e1sico with a new demonstration of what he represents today: a <strong>sporting&#8230; and also media threat to Real Madrid<\/strong>.<\/p>  <p>It remains to be seen whether LaLiga or the Competition Committee will act ex officio, as the images are clear and tensions continue to rise. For the moment, <strong>el Cl\u00e1sico leaves much more than a result: it leaves open wounds.<\/strong><\/p> ","protected":false},"excerpt":{"rendered":"<p>El Cl\u00e1sico ended in scandal with a brawl between Real Madrid and FC Barcelona players. Carvajal and Vinicius confronted Lamine Yamal, sparking a scuffle that required police intervention. The Cl\u00e1sico between Real Madrid and FC Barcelona not only resulted in a controversial victory for the Whites, but also a disgraceful ending with a brawl after [&hellip;]<\/p>\n","protected":false},"author":353,"featured_media":116108,"comment_status":"closed","ping_status":"open","sticky":false,"template":"","format":"standard","meta":{"_acf_changed":false,"inline_featured_image":false,"_nextfly_llmd_date_locked":false,"footnotes":""},"categories":[448,114],"tags":[46,465,147,172,175],"class_list":["post-51012","post","type-post","status-publish","format-standard","has-post-thumbnail","hentry","category-laliga-2","category-laliga","tag-fc-barcelona-vs-real-madrid","tag-lamine-yamal-2","tag-lamine-yamal","tag-videos","tag-viral"],"acf":[],"yoast_head":"<!-- This site is optimized with the Yoast SEO plugin v27.3 - https:\/\/yoast.com\/product\/yoast-seo-wordpress\/ -->\n<title>Carvajal and Vinicius went after Lamine Yamal after El Cl\u00e1sico<\/title>\n<meta name=\"description\" content=\"Carvajal, Vinicius, and Courtois confronted Lamine Yamal after El Cl\u00e1sico. Bar\u00e7a responded, and a scuffle broke out, requiring police intervention. Find out more here.\" \/>\n<meta name=\"robots\" content=\"index, follow, max-snippet:-1, max-image-preview:large, max-video-preview:-1\" \/>\n<link rel=\"canonical\" href=\"https:\/\/www.fcbarcelonanoticias.com\/en\/laliga\/carvajal-vinicius-went-after-lamine-yamal-after-clasico_315122_102.html\" \/>\n<meta property=\"og:locale\" content=\"en_US\" \/>\n<meta property=\"og:type\" content=\"article\" \/>\n<meta property=\"og:title\" content=\"Carvajal and Vinicius went after Lamine Yamal after El Cl\u00e1sico\" \/>\n<meta property=\"og:description\" content=\"Carvajal, Vinicius, and Courtois confronted Lamine Yamal after El Cl\u00e1sico. Bar\u00e7a responded, and a scuffle broke out, requiring police intervention. Find out more here.\" \/>\n<meta property=\"og:url\" content=\"https:\/\/www.fcbarcelonanoticias.com\/en\/laliga\/carvajal-vinicius-went-after-lamine-yamal-after-clasico_315122_102.html\" \/>\n<meta property=\"og:site_name\" content=\"EN - FC Barcelona Noticias\" \/>\n<meta property=\"article:published_time\" content=\"2025-10-26T18:50:00+00:00\" \/>\n<meta property=\"og:image\" content=\"https:\/\/www.fcbarcelonanoticias.com\/en\/wp-content\/uploads\/sites\/2\/2025\/10\/carvajal-y-vinicius-se-encararon-con-lamine-yamal-6.webp\" \/>\n\t<meta property=\"og:image:width\" content=\"1200\" \/>\n\t<meta property=\"og:image:height\" content=\"675\" \/>\n\t<meta property=\"og:image:type\" content=\"image\/webp\" \/>\n<meta name=\"author\" content=\"FC Barcelona Noticias\" \/>\n<meta name=\"twitter:card\" content=\"summary_large_image\" \/>\n<meta name=\"twitter:label1\" content=\"Written by\" \/>\n\t<meta name=\"twitter:data1\" content=\"FC Barcelona Noticias\" \/>\n\t<meta name=\"twitter:label2\" content=\"Est. reading time\" \/>\n\t<meta name=\"twitter:data2\" content=\"4 minutes\" \/>\n<script type=\"application\/ld+json\" class=\"yoast-schema-graph\">{\"@context\":\"https:\\\/\\\/schema.org\",\"@graph\":[{\"@type\":\"Article\",\"@id\":\"https:\\\/\\\/www.fcbarcelonanoticias.com\\\/en\\\/laliga\\\/carvajal-vinicius-went-after-lamine-yamal-after-clasico_315122_102.html#article\",\"isPartOf\":{\"@id\":\"https:\\\/\\\/www.fcbarcelonanoticias.com\\\/en\\\/laliga\\\/carvajal-vinicius-went-after-lamine-yamal-after-clasico_315122_102.html\"},\"author\":{\"name\":\"FC Barcelona Noticias\",\"@id\":\"https:\\\/\\\/www.fcbarcelonanoticias.com\\\/en\\\/#\\\/schema\\\/person\\\/0f2810101d27606974cdb8edb54fa54b\"},\"headline\":\"Carvajal and Vinicius lose their cool and confront Lamine Yamal\",\"datePublished\":\"2025-10-26T18:50:00+00:00\",\"mainEntityOfPage\":{\"@id\":\"https:\\\/\\\/www.fcbarcelonanoticias.com\\\/en\\\/laliga\\\/carvajal-vinicius-went-after-lamine-yamal-after-clasico_315122_102.html\"},\"wordCount\":750,\"image\":{\"@id\":\"https:\\\/\\\/www.fcbarcelonanoticias.com\\\/en\\\/laliga\\\/carvajal-vinicius-went-after-lamine-yamal-after-clasico_315122_102.html#primaryimage\"},\"thumbnailUrl\":\"https:\\\/\\\/www.fcbarcelonanoticias.com\\\/en\\\/wp-content\\\/uploads\\\/sites\\\/2\\\/2025\\\/10\\\/carvajal-y-vinicius-se-encararon-con-lamine-yamal-6.webp\",\"keywords\":[\"FC Barcelona vs Real Madrid\",\"Lamine Yamal\",\"Lamine Yamal\",\"Videos\",\"Viral\"],\"articleSection\":[\"LaLiga\",\"LaLiga\"],\"inLanguage\":\"en-US\"},{\"@type\":\"WebPage\",\"@id\":\"https:\\\/\\\/www.fcbarcelonanoticias.com\\\/en\\\/laliga\\\/carvajal-vinicius-went-after-lamine-yamal-after-clasico_315122_102.html\",\"url\":\"https:\\\/\\\/www.fcbarcelonanoticias.com\\\/en\\\/laliga\\\/carvajal-vinicius-went-after-lamine-yamal-after-clasico_315122_102.html\",\"name\":\"Carvajal and Vinicius went after Lamine Yamal after El Cl\u00e1sico\",\"isPartOf\":{\"@id\":\"https:\\\/\\\/www.fcbarcelonanoticias.com\\\/en\\\/#website\"},\"primaryImageOfPage\":{\"@id\":\"https:\\\/\\\/www.fcbarcelonanoticias.com\\\/en\\\/laliga\\\/carvajal-vinicius-went-after-lamine-yamal-after-clasico_315122_102.html#primaryimage\"},\"image\":{\"@id\":\"https:\\\/\\\/www.fcbarcelonanoticias.com\\\/en\\\/laliga\\\/carvajal-vinicius-went-after-lamine-yamal-after-clasico_315122_102.html#primaryimage\"},\"thumbnailUrl\":\"https:\\\/\\\/www.fcbarcelonanoticias.com\\\/en\\\/wp-content\\\/uploads\\\/sites\\\/2\\\/2025\\\/10\\\/carvajal-y-vinicius-se-encararon-con-lamine-yamal-6.webp\",\"datePublished\":\"2025-10-26T18:50:00+00:00\",\"author\":{\"@id\":\"https:\\\/\\\/www.fcbarcelonanoticias.com\\\/en\\\/#\\\/schema\\\/person\\\/0f2810101d27606974cdb8edb54fa54b\"},\"description\":\"Carvajal, Vinicius, and Courtois confronted Lamine Yamal after El Cl\u00e1sico. Bar\u00e7a responded, and a scuffle broke out, requiring police intervention. Find out more here.\",\"breadcrumb\":{\"@id\":\"https:\\\/\\\/www.fcbarcelonanoticias.com\\\/en\\\/laliga\\\/carvajal-vinicius-went-after-lamine-yamal-after-clasico_315122_102.html#breadcrumb\"},\"inLanguage\":\"en-US\",\"potentialAction\":[{\"@type\":\"ReadAction\",\"target\":[\"https:\\\/\\\/www.fcbarcelonanoticias.com\\\/en\\\/laliga\\\/carvajal-vinicius-went-after-lamine-yamal-after-clasico_315122_102.html\"]}]},{\"@type\":\"ImageObject\",\"inLanguage\":\"en-US\",\"@id\":\"https:\\\/\\\/www.fcbarcelonanoticias.com\\\/en\\\/laliga\\\/carvajal-vinicius-went-after-lamine-yamal-after-clasico_315122_102.html#primaryimage\",\"url\":\"https:\\\/\\\/www.fcbarcelonanoticias.com\\\/en\\\/wp-content\\\/uploads\\\/sites\\\/2\\\/2025\\\/10\\\/carvajal-y-vinicius-se-encararon-con-lamine-yamal-6.webp\",\"contentUrl\":\"https:\\\/\\\/www.fcbarcelonanoticias.com\\\/en\\\/wp-content\\\/uploads\\\/sites\\\/2\\\/2025\\\/10\\\/carvajal-y-vinicius-se-encararon-con-lamine-yamal-6.webp\",\"width\":1200,\"height\":675},{\"@type\":\"BreadcrumbList\",\"@id\":\"https:\\\/\\\/www.fcbarcelonanoticias.com\\\/en\\\/laliga\\\/carvajal-vinicius-went-after-lamine-yamal-after-clasico_315122_102.html#breadcrumb\",\"itemListElement\":[{\"@type\":\"ListItem\",\"position\":1,\"name\":\"Portada\",\"item\":\"https:\\\/\\\/www.fcbarcelonanoticias.com\\\/en\\\/\"},{\"@type\":\"ListItem\",\"position\":2,\"name\":\"Carvajal and Vinicius lose their cool and confront Lamine Yamal\"}]},{\"@type\":\"WebSite\",\"@id\":\"https:\\\/\\\/www.fcbarcelonanoticias.com\\\/en\\\/#website\",\"url\":\"https:\\\/\\\/www.fcbarcelonanoticias.com\\\/en\\\/\",\"name\":\"EN - FC Barcelona Noticias\",\"description\":\"\",\"potentialAction\":[{\"@type\":\"SearchAction\",\"target\":{\"@type\":\"EntryPoint\",\"urlTemplate\":\"https:\\\/\\\/www.fcbarcelonanoticias.com\\\/en\\\/?s={search_term_string}\"},\"query-input\":{\"@type\":\"PropertyValueSpecification\",\"valueRequired\":true,\"valueName\":\"search_term_string\"}}],\"inLanguage\":\"en-US\"},{\"@type\":\"Person\",\"@id\":\"https:\\\/\\\/www.fcbarcelonanoticias.com\\\/en\\\/#\\\/schema\\\/person\\\/0f2810101d27606974cdb8edb54fa54b\",\"name\":\"FC Barcelona Noticias\",\"image\":{\"@type\":\"ImageObject\",\"inLanguage\":\"en-US\",\"@id\":\"https:\\\/\\\/secure.gravatar.com\\\/avatar\\\/?s=96&d=mm&r=g\",\"url\":\"https:\\\/\\\/secure.gravatar.com\\\/avatar\\\/?s=96&d=mm&r=g\",\"contentUrl\":\"https:\\\/\\\/secure.gravatar.com\\\/avatar\\\/?s=96&d=mm&r=g\",\"caption\":\"FC Barcelona Noticias\"},\"url\":\"https:\\\/\\\/www.fcbarcelonanoticias.com\\\/en\\\/fc-barcelona\\\/fcbn-writing-fc-barcelona-news_6_115.html\"}]}<\/script>\n<!-- \/ Yoast SEO plugin. -->","yoast_head_json":{"title":"Carvajal and Vinicius went after Lamine Yamal after El Cl\u00e1sico","description":"Carvajal, Vinicius, and Courtois confronted Lamine Yamal after El Cl\u00e1sico. Bar\u00e7a responded, and a scuffle broke out, requiring police intervention. Find out more here.","robots":{"index":"index","follow":"follow","max-snippet":"max-snippet:-1","max-image-preview":"max-image-preview:large","max-video-preview":"max-video-preview:-1"},"canonical":"https:\/\/www.fcbarcelonanoticias.com\/en\/laliga\/carvajal-vinicius-went-after-lamine-yamal-after-clasico_315122_102.html","og_locale":"en_US","og_type":"article","og_title":"Carvajal and Vinicius went after Lamine Yamal after El Cl\u00e1sico","og_description":"Carvajal, Vinicius, and Courtois confronted Lamine Yamal after El Cl\u00e1sico. Bar\u00e7a responded, and a scuffle broke out, requiring police intervention. Find out more here.","og_url":"https:\/\/www.fcbarcelonanoticias.com\/en\/laliga\/carvajal-vinicius-went-after-lamine-yamal-after-clasico_315122_102.html","og_site_name":"EN - FC Barcelona Noticias","article_published_time":"2025-10-26T18:50:00+00:00","og_image":[{"width":1200,"height":675,"url":"https:\/\/www.fcbarcelonanoticias.com\/en\/wp-content\/uploads\/sites\/2\/2025\/10\/carvajal-y-vinicius-se-encararon-con-lamine-yamal-6.webp","type":"image\/webp"}],"author":"FC Barcelona Noticias","twitter_card":"summary_large_image","twitter_misc":{"Written by":"FC Barcelona Noticias","Est. reading time":"4 minutes"},"schema":{"@context":"https:\/\/schema.org","@graph":[{"@type":"Article","@id":"https:\/\/www.fcbarcelonanoticias.com\/en\/laliga\/carvajal-vinicius-went-after-lamine-yamal-after-clasico_315122_102.html#article","isPartOf":{"@id":"https:\/\/www.fcbarcelonanoticias.com\/en\/laliga\/carvajal-vinicius-went-after-lamine-yamal-after-clasico_315122_102.html"},"author":{"name":"FC Barcelona Noticias","@id":"https:\/\/www.fcbarcelonanoticias.com\/en\/#\/schema\/person\/0f2810101d27606974cdb8edb54fa54b"},"headline":"Carvajal and Vinicius lose their cool and confront Lamine Yamal","datePublished":"2025-10-26T18:50:00+00:00","mainEntityOfPage":{"@id":"https:\/\/www.fcbarcelonanoticias.com\/en\/laliga\/carvajal-vinicius-went-after-lamine-yamal-after-clasico_315122_102.html"},"wordCount":750,"image":{"@id":"https:\/\/www.fcbarcelonanoticias.com\/en\/laliga\/carvajal-vinicius-went-after-lamine-yamal-after-clasico_315122_102.html#primaryimage"},"thumbnailUrl":"https:\/\/www.fcbarcelonanoticias.com\/en\/wp-content\/uploads\/sites\/2\/2025\/10\/carvajal-y-vinicius-se-encararon-con-lamine-yamal-6.webp","keywords":["FC Barcelona vs Real Madrid","Lamine Yamal","Lamine Yamal","Videos","Viral"],"articleSection":["LaLiga","LaLiga"],"inLanguage":"en-US"},{"@type":"WebPage","@id":"https:\/\/www.fcbarcelonanoticias.com\/en\/laliga\/carvajal-vinicius-went-after-lamine-yamal-after-clasico_315122_102.html","url":"https:\/\/www.fcbarcelonanoticias.com\/en\/laliga\/carvajal-vinicius-went-after-lamine-yamal-after-clasico_315122_102.html","name":"Carvajal and Vinicius went after Lamine Yamal after El Cl\u00e1sico","isPartOf":{"@id":"https:\/\/www.fcbarcelonanoticias.com\/en\/#website"},"primaryImageOfPage":{"@id":"https:\/\/www.fcbarcelonanoticias.com\/en\/laliga\/carvajal-vinicius-went-after-lamine-yamal-after-clasico_315122_102.html#primaryimage"},"image":{"@id":"https:\/\/www.fcbarcelonanoticias.com\/en\/laliga\/carvajal-vinicius-went-after-lamine-yamal-after-clasico_315122_102.html#primaryimage"},"thumbnailUrl":"https:\/\/www.fcbarcelonanoticias.com\/en\/wp-content\/uploads\/sites\/2\/2025\/10\/carvajal-y-vinicius-se-encararon-con-lamine-yamal-6.webp","datePublished":"2025-10-26T18:50:00+00:00","author":{"@id":"https:\/\/www.fcbarcelonanoticias.com\/en\/#\/schema\/person\/0f2810101d27606974cdb8edb54fa54b"},"description":"Carvajal, Vinicius, and Courtois confronted Lamine Yamal after El Cl\u00e1sico. Bar\u00e7a responded, and a scuffle broke out, requiring police intervention. Find out more here.","breadcrumb":{"@id":"https:\/\/www.fcbarcelonanoticias.com\/en\/laliga\/carvajal-vinicius-went-after-lamine-yamal-after-clasico_315122_102.html#breadcrumb"},"inLanguage":"en-US","potentialAction":[{"@type":"ReadAction","target":["https:\/\/www.fcbarcelonanoticias.com\/en\/laliga\/carvajal-vinicius-went-after-lamine-yamal-after-clasico_315122_102.html"]}]},{"@type":"ImageObject","inLanguage":"en-US","@id":"https:\/\/www.fcbarcelonanoticias.com\/en\/laliga\/carvajal-vinicius-went-after-lamine-yamal-after-clasico_315122_102.html#primaryimage","url":"https:\/\/www.fcbarcelonanoticias.com\/en\/wp-content\/uploads\/sites\/2\/2025\/10\/carvajal-y-vinicius-se-encararon-con-lamine-yamal-6.webp","contentUrl":"https:\/\/www.fcbarcelonanoticias.com\/en\/wp-content\/uploads\/sites\/2\/2025\/10\/carvajal-y-vinicius-se-encararon-con-lamine-yamal-6.webp","width":1200,"height":675},{"@type":"BreadcrumbList","@id":"https:\/\/www.fcbarcelonanoticias.com\/en\/laliga\/carvajal-vinicius-went-after-lamine-yamal-after-clasico_315122_102.html#breadcrumb","itemListElement":[{"@type":"ListItem","position":1,"name":"Portada","item":"https:\/\/www.fcbarcelonanoticias.com\/en\/"},{"@type":"ListItem","position":2,"name":"Carvajal and Vinicius lose their cool and confront Lamine Yamal"}]},{"@type":"WebSite","@id":"https:\/\/www.fcbarcelonanoticias.com\/en\/#website","url":"https:\/\/www.fcbarcelonanoticias.com\/en\/","name":"EN - FC Barcelona Noticias","description":"","potentialAction":[{"@type":"SearchAction","target":{"@type":"EntryPoint","urlTemplate":"https:\/\/www.fcbarcelonanoticias.com\/en\/?s={search_term_string}"},"query-input":{"@type":"PropertyValueSpecification","valueRequired":true,"valueName":"search_term_string"}}],"inLanguage":"en-US"},{"@type":"Person","@id":"https:\/\/www.fcbarcelonanoticias.com\/en\/#\/schema\/person\/0f2810101d27606974cdb8edb54fa54b","name":"FC Barcelona Noticias","image":{"@type":"ImageObject","inLanguage":"en-US","@id":"https:\/\/secure.gravatar.com\/avatar\/?s=96&d=mm&r=g","url":"https:\/\/secure.gravatar.com\/avatar\/?s=96&d=mm&r=g","contentUrl":"https:\/\/secure.gravatar.com\/avatar\/?s=96&d=mm&r=g","caption":"FC Barcelona Noticias"},"url":"https:\/\/www.fcbarcelonanoticias.com\/en\/fc-barcelona\/fcbn-writing-fc-barcelona-news_6_115.html"}]}},"_links":{"self":[{"href":"https:\/\/www.fcbarcelonanoticias.com\/en\/wp-json\/wp\/v2\/posts\/51012","targetHints":{"allow":["GET"]}}],"collection":[{"href":"https:\/\/www.fcbarcelonanoticias.com\/en\/wp-json\/wp\/v2\/posts"}],"about":[{"href":"https:\/\/www.fcbarcelonanoticias.com\/en\/wp-json\/wp\/v2\/types\/post"}],"author":[{"embeddable":true,"href":"https:\/\/www.fcbarcelonanoticias.com\/en\/wp-json\/wp\/v2\/users\/353"}],"replies":[{"embeddable":true,"href":"https:\/\/www.fcbarcelonanoticias.com\/en\/wp-json\/wp\/v2\/comments?post=51012"}],"version-history":[{"count":1,"href":"https:\/\/www.fcbarcelonanoticias.com\/en\/wp-json\/wp\/v2\/posts\/51012\/revisions"}],"predecessor-version":[{"id":116107,"href":"https:\/\/www.fcbarcelonanoticias.com\/en\/wp-json\/wp\/v2\/posts\/51012\/revisions\/116107"}],"wp:featuredmedia":[{"embeddable":true,"href":"https:\/\/www.fcbarcelonanoticias.com\/en\/wp-json\/wp\/v2\/media\/116108"}],"wp:attachment":[{"href":"https:\/\/www.fcbarcelonanoticias.com\/en\/wp-json\/wp\/v2\/media?parent=51012"}],"wp:term":[{"taxonomy":"category","embeddable":true,"href":"https:\/\/www.fcbarcelonanoticias.com\/en\/wp-json\/wp\/v2\/categories?post=51012"},{"taxonomy":"post_tag","embeddable":true,"href":"https:\/\/www.fcbarcelonanoticias.com\/en\/wp-json\/wp\/v2\/tags?post=51012"}],"curies":[{"name":"wp","href":"https:\/\/api.w.org\/{rel}","templated":true}]}}