{"id":5124,"date":"2023-10-04T23:24:00","date_gmt":"2023-10-04T21:24:00","guid":{"rendered":"https:\/\/weisetech.dev\/fc-barcelona-noticias\/en\/joao-felix-gundogan-balde-1x1-barca-suffera-victoria-porto_296775_102\/"},"modified":"2023-10-04T23:24:00","modified_gmt":"2023-10-04T21:24:00","slug":"joao-felix-gundogan-balde-1x1-barca-suffera-victoria-porto_296775_102","status":"publish","type":"post","link":"https:\/\/www.fcbarcelonanoticias.com\/en\/champions-league\/joao-felix-gundogan-balde-1x1-barca-suffera-victoria-porto_296775_102.html","title":{"rendered":"Joao F\u00e9lix, G\u00fcndogan, Balde&#8230; Bar\u00e7a&#8217;s 1&#215;1 in the long-suffering victory against Porto"},"content":{"rendered":"<h2 class=\"wp-block-heading\">FC Barcelona broke its bad streak as a visitor in the UEFA Champions League with a difficult victory against Porto (0-1). A goal from Ferran Torres was enough to secure the three points on a rather weak night for Xavi Hern\u00e1ndez&#8217;s team<\/h2>  \r\n<div class=\"article-addons\">\r\n    <a href=\"https:\/\/www.fcbarcelonanoticias.com\/en\/calendar-fc-barcelona.html\"\r\n       target=\"_self\"\r\n       title=\"Calendar of FC Barcelona\"\r\n       class=\"blue-gredient-btn\">\r\n       \r\n        Calendar of FC Barcelona    <\/a>\r\n<\/div>   <p>The beginning of the 2023\/24 has showed that this FC Barcelona also can throw of job to win parties. <a data-external=\"0\" data-intl-links-en=\"https:\/\/www.fcbarcelonanoticias.com\/en\/champions-league\/suffered-victory-of-grey-barca-in-the-hell-of-porto-0-1_296774_102.html\" data-intl-links-es=\"https:\/\/www.fcbarcelonanoticias.com\/champions-league\/sufrida-victoria-gris-barca-en-infierno-de-oporto-0-1_296774_102.html\" href=\"https:\/\/www.fcbarcelonanoticias.com\/en\/champions-league\/suffered-victory-of-grey-barca-in-the-hell-of-porto-0-1_296774_102.html\" rel=\"follow\" target=\"_self\" title=\"Sufrida victoria de un gris Bar\u00e7a en el infierno de&nbsp;Oporto&nbsp;(0-1)\">In front of the Port wine (0-1)<\/a>, the ones of Xavi Hern\u00e1ndez suffered more than the account to remain with the three points. <strong>The injury of Robert Lewandowski gave to Ferran Torres the possibility to get dressed of hero with a just goal before the rest<\/strong>. In the complement, Ter Stegen and Kound\u00e9 did the rest to save to a Bar\u00e7a in &#8216;way resistance&#8217;.<\/p>  <p>These are the notes of the Bar\u00e7a in his visit to the Port wine by the day 2 of the phase of groups of the Champions:<\/p>  <h3>Ter Stegen: MVP<\/h3>  <p>The German had little work in the first part, but exhibited his best version in the complement when the Port wine launched to by the tie. <strong>The &#8216;1&#8217; saved a hand manually against Wendell and took out a manotazo providencial<\/strong> after a finish of Galeno that looked for the left angle.<\/p>  <h3>Joao Cancel: Attentive<\/h3>  <p>The luso finish admonished the first part by a very early fault to Galeno. The side did not have more remedy that demolish to his rival after an error in exit of Kound\u00e9. <strong>In the complement, was very attentive in the mark and cut several dangerous attacks of the venues<\/strong>. Unlike other parties, Cancel participated little in attack. In the 77&#8242;, committed a hand penalti after a bad control in career, but the VAR saved him by a previous hand of Eust\u00e1quio.<\/p>  <h3>Ronald Ara\u00fajo: Extenuado<\/h3>  <p>The charr\u00faa had a lot work during all the party and noticed very tired in the complement. Still like this, <strong>it won the majority of individual duels that contested and was imperial by up<\/strong>. It saw a yellow in the first part for protesting.<\/p>  <h3>Jules Kound\u00e9: Salvador<\/h3>  <p>The Frenchman had a first part complicated, with some imprecisions that complicated to the Bar\u00e7a in exit. The night seemed even more grey when winning the yellow in the first rise of the Port wine after the rest, but <strong>had a remove saviour to Pepe when the forward went to finish hand manually against Ter Stegen<\/strong>. The action celebrated like a goal.<\/p>  <h3>Alejandro Balde: Cumplidor<\/h3>  <p>It played with the intensity that required the party and had some desborde interesting in attack during the first part. <strong>The side even gave a hand to profile changed<\/strong> to try speed up the exit cul\u00e9 when the centre of the field lacked ideas. In the complement, had quite work in the mark by his band.<\/p>  <h3>Oriol Romeu: Surpassed<\/h3>  <p>The mediocentro saw very uncomfortable as &#8216;5&#8217; and missed the help of Frenkie of Jong in the recovery, losing some balloon that the Port wine desaprovech\u00f3 to the against. <strong>Xavi warned his problems in the medullary and put to Sergi Roberto in his place in the 70&#8242;<\/strong>, a change that did not improve the performance of a Bar\u00e7a disappeared in all the second part.<\/p>  <h3>\u00cdlkay G\u00fcndogan: Asistidor<\/h3>  <p>The German was the best of the centre of the field in the first part. In addition to serving several corners that generated danger in the area, lusa, <strong>took advantage of an error in exit of Romario Bar\u00f3 to assist to Ferran<\/strong> in the played of the so much that cost the three points.<\/p>  <h3>Gavi: Expelled<\/h3>  <p>It finish the first part admonished by an agarr\u00f3n to Wendell. It participated very little in the creation and had a very complex party, of a lot brush physicist, as it is his habit. <strong>At the end, another fault on Wendell cost him the expulsion in the addition<\/strong>. A sensitive drop for a Bar\u00e7a that expects to have Pedri for the next day in front of the Shakhtar.<\/p>  <h3>Lamine Yamal: Missing<\/h3>  <p>Unlike other parties, the juvenile could not create so much danger by right in front of the fault of game cul\u00e9. <strong>In the 73&#8242;, Lamine left to the changing room and would not return more to the field<\/strong>. After seven minutes with ten, Xavi did not have more remedy that put to Marcos Alonso in his place to tie up the zero.<\/p>  <h3>Joao F\u00e9lix: Pitado<\/h3>  <p>The luso was terrblemente whistled in each balloon that touched and went the best of the Bar\u00e7a in attack in the first part. <strong>It tested to Diogo Coast with a finish dangerous in the 22&#8242; <\/strong>and was a constant threat for the defence of the &#8216;dragons&#8217;. In the complement disappeared like all the leading cul\u00e9 and was replaced by Ferm\u00edn in the 70&#8242;.<\/p>  <h3>Robert Lewadowski: Lesionado<\/h3>  <p>The Pole suffered a hit in the minute 20 by a hard entrance of Diego Carmo that the main did not sanction.<strong> Happened the half hour <a data-external=\"0\" data-intl-links-en=\"https:\/\/www.fcbarcelonanoticias.com\/en\/fc-barcelona\/it-alerts-lewandowski-the-9-was-lame-of-the-porto-barca_296771_102.html\" data-intl-links-es=\"https:\/\/www.fcbarcelonanoticias.com\/fc-barcelona\/alerta-lewandowski-9-se-fue-cojo-oporto-barca_296771_102.html\" href=\"https:\/\/www.fcbarcelonanoticias.com\/en\/fc-barcelona\/it-alerts-lewandowski-the-9-was-lame-of-the-porto-barca_296771_102.html\" rel=\"follow\" target=\"_self\" title=\"\u00a1Alerta Lewandowski! El '9' se fue 'cojo' del Oporto-Bar\u00e7a\">asked the change and left without being able to support his left foot<\/a><\/strong>. Another very sensitive drop for a Bar\u00e7a that also has to Raphinha in the infirmary.<\/p>  <h3>Ferran Torres: Goleador<\/h3>  <p>The &#8216;Shark&#8217; ingres\u00f3 in the 34&#8242; by Lewandowski and, in the 45+1&#8242;, converted the so much of the victory after taking advantage of a good assistance of G\u00fcndogan, previous defensive error of the Port wine. <strong>The one of Foios encar\u00f3 in the hand manually to Diogo Coast and defined very well of right, between the legs of the goalkeeper<\/strong>.<\/p>  <h3>Ferm\u00edn L\u00f3pez: Careless<\/h3>  <p>It replaced to Joao F\u00e9lix and hardly touched the balloon to try generate danger<strong>. With the Bar\u00e7a totally replegado, the mediocentro threw a hand to Sergi Roberto in the mark<\/strong> when worse happened it the cul\u00e9s.<\/p>  <h3>Sergi Roberto: Absent-minded<\/h3>  <p>The captain follows showing why Xavi gives him every time less minutes.<strong> It replaced to Oriol Romeu in the 70&#8242; and lost several duels<\/strong>. Besides, it was admonished before the end by a clear in a balloon divided.<\/p>  <h3>Marcos Alonso: Testimonial<\/h3>  <p><strong>Ingres\u00f3 By Lamine Yamal to ten minutes for the end<\/strong>, after the canterano did not return of the changing room. It threw a hand in defence with the Bar\u00e7a totally replegado.<\/p> ","protected":false},"excerpt":{"rendered":"<p>FC Barcelona broke its bad streak as a visitor in the UEFA Champions League with a difficult victory against Porto (0-1). A goal from Ferran Torres was enough to secure the three points on a rather weak night for Xavi Hern\u00e1ndez&#8217;s team The beginning of the 2023\/24 has showed that this FC Barcelona also can [&hellip;]<\/p>\n","protected":false},"author":347,"featured_media":5125,"comment_status":"closed","ping_status":"open","sticky":false,"template":"","format":"standard","meta":{"_acf_changed":false,"inline_featured_image":false,"_nextfly_llmd_date_locked":false,"footnotes":""},"categories":[112,447],"tags":[85,183],"class_list":["post-5124","post","type-post","status-publish","format-standard","has-post-thumbnail","hentry","category-champions-league","category-champions-league-2","tag-fc-oporto","tag-the-1x1"],"acf":[],"yoast_head":"<!-- This site is optimized with the Yoast SEO plugin v27.3 - https:\/\/yoast.com\/product\/yoast-seo-wordpress\/ -->\n<title>Joao F\u00e9lix, G\u00fcndogan, Balde... Bar\u00e7a&#039;s 1x1 in the long-suffering victory against Porto<\/title>\n<meta name=\"description\" content=\"FC Barcelona broke its bad streak as a visitor in the UEFA Champions League with a difficult victory against Porto (0-1). A goal from Ferran Torres was enough to secure the three points on a rather weak night for Xavi Hern\u00e1ndez&#039;s team\" \/>\n<meta name=\"robots\" content=\"index, follow, max-snippet:-1, max-image-preview:large, max-video-preview:-1\" \/>\n<link rel=\"canonical\" href=\"https:\/\/www.fcbarcelonanoticias.com\/en\/champions-league\/joao-felix-gundogan-balde-1x1-barca-suffera-victoria-porto_296775_102.html\" \/>\n<meta property=\"og:locale\" content=\"en_US\" \/>\n<meta property=\"og:type\" content=\"article\" \/>\n<meta property=\"og:title\" content=\"Joao F\u00e9lix, G\u00fcndogan, Balde... Bar\u00e7a&#039;s 1x1 in the long-suffering victory against Porto\" \/>\n<meta property=\"og:description\" content=\"FC Barcelona broke its bad streak as a visitor in the UEFA Champions League with a difficult victory against Porto (0-1). A goal from Ferran Torres was enough to secure the three points on a rather weak night for Xavi Hern\u00e1ndez&#039;s team\" \/>\n<meta property=\"og:url\" content=\"https:\/\/www.fcbarcelonanoticias.com\/en\/champions-league\/joao-felix-gundogan-balde-1x1-barca-suffera-victoria-porto_296775_102.html\" \/>\n<meta property=\"og:site_name\" content=\"EN - FC Barcelona Noticias\" \/>\n<meta property=\"article:published_time\" content=\"2023-10-04T21:24:00+00:00\" \/>\n<meta property=\"og:image\" content=\"https:\/\/www.fcbarcelonanoticias.com\/en\/wp-content\/uploads\/sites\/2\/2023\/10\/jugadores-fc-barcelona-v-oporto.jpeg\" \/>\n\t<meta property=\"og:image:width\" content=\"1300\" \/>\n\t<meta property=\"og:image:height\" content=\"732\" \/>\n\t<meta property=\"og:image:type\" content=\"image\/jpeg\" \/>\n<meta name=\"author\" content=\"Andr\u00e9s Quiroz\" \/>\n<meta name=\"twitter:card\" content=\"summary_large_image\" \/>\n<meta name=\"twitter:label1\" content=\"Written by\" \/>\n\t<meta name=\"twitter:data1\" content=\"Andr\u00e9s Quiroz\" \/>\n\t<meta name=\"twitter:label2\" content=\"Est. reading time\" \/>\n\t<meta name=\"twitter:data2\" content=\"5 minutes\" \/>\n<script type=\"application\/ld+json\" class=\"yoast-schema-graph\">{\"@context\":\"https:\\\/\\\/schema.org\",\"@graph\":[{\"@type\":\"Article\",\"@id\":\"https:\\\/\\\/www.fcbarcelonanoticias.com\\\/en\\\/champions-league\\\/joao-felix-gundogan-balde-1x1-barca-suffera-victoria-porto_296775_102.html#article\",\"isPartOf\":{\"@id\":\"https:\\\/\\\/www.fcbarcelonanoticias.com\\\/en\\\/champions-league\\\/joao-felix-gundogan-balde-1x1-barca-suffera-victoria-porto_296775_102.html\"},\"author\":{\"name\":\"Andr\u00e9s Quiroz\",\"@id\":\"https:\\\/\\\/www.fcbarcelonanoticias.com\\\/en\\\/#\\\/schema\\\/person\\\/c2cd9f6fa1af5c0d0eccd0fefa575c88\"},\"headline\":\"Joao F\u00e9lix, G\u00fcndogan, Balde&#8230; Bar\u00e7a&#8217;s 1&#215;1 in the long-suffering victory against Porto\",\"datePublished\":\"2023-10-04T21:24:00+00:00\",\"mainEntityOfPage\":{\"@id\":\"https:\\\/\\\/www.fcbarcelonanoticias.com\\\/en\\\/champions-league\\\/joao-felix-gundogan-balde-1x1-barca-suffera-victoria-porto_296775_102.html\"},\"wordCount\":1046,\"image\":{\"@id\":\"https:\\\/\\\/www.fcbarcelonanoticias.com\\\/en\\\/champions-league\\\/joao-felix-gundogan-balde-1x1-barca-suffera-victoria-porto_296775_102.html#primaryimage\"},\"thumbnailUrl\":\"https:\\\/\\\/www.fcbarcelonanoticias.com\\\/en\\\/wp-content\\\/uploads\\\/sites\\\/2\\\/2023\\\/10\\\/jugadores-fc-barcelona-v-oporto.jpeg\",\"keywords\":[\"FC Oporto\",\"The 1x1\"],\"articleSection\":[\"Champions League\",\"Champions League\"],\"inLanguage\":\"en-US\"},{\"@type\":\"WebPage\",\"@id\":\"https:\\\/\\\/www.fcbarcelonanoticias.com\\\/en\\\/champions-league\\\/joao-felix-gundogan-balde-1x1-barca-suffera-victoria-porto_296775_102.html\",\"url\":\"https:\\\/\\\/www.fcbarcelonanoticias.com\\\/en\\\/champions-league\\\/joao-felix-gundogan-balde-1x1-barca-suffera-victoria-porto_296775_102.html\",\"name\":\"Joao F\u00e9lix, G\u00fcndogan, Balde... Bar\u00e7a's 1x1 in the long-suffering victory against Porto\",\"isPartOf\":{\"@id\":\"https:\\\/\\\/www.fcbarcelonanoticias.com\\\/en\\\/#website\"},\"primaryImageOfPage\":{\"@id\":\"https:\\\/\\\/www.fcbarcelonanoticias.com\\\/en\\\/champions-league\\\/joao-felix-gundogan-balde-1x1-barca-suffera-victoria-porto_296775_102.html#primaryimage\"},\"image\":{\"@id\":\"https:\\\/\\\/www.fcbarcelonanoticias.com\\\/en\\\/champions-league\\\/joao-felix-gundogan-balde-1x1-barca-suffera-victoria-porto_296775_102.html#primaryimage\"},\"thumbnailUrl\":\"https:\\\/\\\/www.fcbarcelonanoticias.com\\\/en\\\/wp-content\\\/uploads\\\/sites\\\/2\\\/2023\\\/10\\\/jugadores-fc-barcelona-v-oporto.jpeg\",\"datePublished\":\"2023-10-04T21:24:00+00:00\",\"author\":{\"@id\":\"https:\\\/\\\/www.fcbarcelonanoticias.com\\\/en\\\/#\\\/schema\\\/person\\\/c2cd9f6fa1af5c0d0eccd0fefa575c88\"},\"description\":\"FC Barcelona broke its bad streak as a visitor in the UEFA Champions League with a difficult victory against Porto (0-1). A goal from Ferran Torres was enough to secure the three points on a rather weak night for Xavi Hern\u00e1ndez's team\",\"breadcrumb\":{\"@id\":\"https:\\\/\\\/www.fcbarcelonanoticias.com\\\/en\\\/champions-league\\\/joao-felix-gundogan-balde-1x1-barca-suffera-victoria-porto_296775_102.html#breadcrumb\"},\"inLanguage\":\"en-US\",\"potentialAction\":[{\"@type\":\"ReadAction\",\"target\":[\"https:\\\/\\\/www.fcbarcelonanoticias.com\\\/en\\\/champions-league\\\/joao-felix-gundogan-balde-1x1-barca-suffera-victoria-porto_296775_102.html\"]}]},{\"@type\":\"ImageObject\",\"inLanguage\":\"en-US\",\"@id\":\"https:\\\/\\\/www.fcbarcelonanoticias.com\\\/en\\\/champions-league\\\/joao-felix-gundogan-balde-1x1-barca-suffera-victoria-porto_296775_102.html#primaryimage\",\"url\":\"https:\\\/\\\/www.fcbarcelonanoticias.com\\\/en\\\/wp-content\\\/uploads\\\/sites\\\/2\\\/2023\\\/10\\\/jugadores-fc-barcelona-v-oporto.jpeg\",\"contentUrl\":\"https:\\\/\\\/www.fcbarcelonanoticias.com\\\/en\\\/wp-content\\\/uploads\\\/sites\\\/2\\\/2023\\\/10\\\/jugadores-fc-barcelona-v-oporto.jpeg\",\"width\":1300,\"height\":732},{\"@type\":\"BreadcrumbList\",\"@id\":\"https:\\\/\\\/www.fcbarcelonanoticias.com\\\/en\\\/champions-league\\\/joao-felix-gundogan-balde-1x1-barca-suffera-victoria-porto_296775_102.html#breadcrumb\",\"itemListElement\":[{\"@type\":\"ListItem\",\"position\":1,\"name\":\"Portada\",\"item\":\"https:\\\/\\\/www.fcbarcelonanoticias.com\\\/en\\\/\"},{\"@type\":\"ListItem\",\"position\":2,\"name\":\"Joao F\u00e9lix, G\u00fcndogan, Balde&#8230; Bar\u00e7a&#8217;s 1&#215;1 in the long-suffering victory against Porto\"}]},{\"@type\":\"WebSite\",\"@id\":\"https:\\\/\\\/www.fcbarcelonanoticias.com\\\/en\\\/#website\",\"url\":\"https:\\\/\\\/www.fcbarcelonanoticias.com\\\/en\\\/\",\"name\":\"EN - FC Barcelona Noticias\",\"description\":\"\",\"potentialAction\":[{\"@type\":\"SearchAction\",\"target\":{\"@type\":\"EntryPoint\",\"urlTemplate\":\"https:\\\/\\\/www.fcbarcelonanoticias.com\\\/en\\\/?s={search_term_string}\"},\"query-input\":{\"@type\":\"PropertyValueSpecification\",\"valueRequired\":true,\"valueName\":\"search_term_string\"}}],\"inLanguage\":\"en-US\"},{\"@type\":\"Person\",\"@id\":\"https:\\\/\\\/www.fcbarcelonanoticias.com\\\/en\\\/#\\\/schema\\\/person\\\/c2cd9f6fa1af5c0d0eccd0fefa575c88\",\"name\":\"Andr\u00e9s Quiroz\",\"image\":{\"@type\":\"ImageObject\",\"inLanguage\":\"en-US\",\"@id\":\"https:\\\/\\\/secure.gravatar.com\\\/avatar\\\/?s=96&d=mm&r=g\",\"url\":\"https:\\\/\\\/secure.gravatar.com\\\/avatar\\\/?s=96&d=mm&r=g\",\"contentUrl\":\"https:\\\/\\\/secure.gravatar.com\\\/avatar\\\/?s=96&d=mm&r=g\",\"caption\":\"Andr\u00e9s Quiroz\"},\"description\":\"Licenciado en Periodismo por la Universidad de los Andes. Me encargo de analizar y compartir los contenidos m\u00e1s destacados de la\u00a0actualidad del F\u00fatbol Club Barcelona, Mercado de Fichajes y F\u00fatbol Internacional en FCBN. La informaci\u00f3n es poder, pero tambi\u00e9n conocimiento.\",\"url\":\"https:\\\/\\\/www.fcbarcelonanoticias.com\\\/en\\\/fc-barcelona\\\/andres-quiroz_17_115.html\"}]}<\/script>\n<!-- \/ Yoast SEO plugin. -->","yoast_head_json":{"title":"Joao F\u00e9lix, G\u00fcndogan, Balde... Bar\u00e7a's 1x1 in the long-suffering victory against Porto","description":"FC Barcelona broke its bad streak as a visitor in the UEFA Champions League with a difficult victory against Porto (0-1). A goal from Ferran Torres was enough to secure the three points on a rather weak night for Xavi Hern\u00e1ndez's team","robots":{"index":"index","follow":"follow","max-snippet":"max-snippet:-1","max-image-preview":"max-image-preview:large","max-video-preview":"max-video-preview:-1"},"canonical":"https:\/\/www.fcbarcelonanoticias.com\/en\/champions-league\/joao-felix-gundogan-balde-1x1-barca-suffera-victoria-porto_296775_102.html","og_locale":"en_US","og_type":"article","og_title":"Joao F\u00e9lix, G\u00fcndogan, Balde... Bar\u00e7a's 1x1 in the long-suffering victory against Porto","og_description":"FC Barcelona broke its bad streak as a visitor in the UEFA Champions League with a difficult victory against Porto (0-1). A goal from Ferran Torres was enough to secure the three points on a rather weak night for Xavi Hern\u00e1ndez's team","og_url":"https:\/\/www.fcbarcelonanoticias.com\/en\/champions-league\/joao-felix-gundogan-balde-1x1-barca-suffera-victoria-porto_296775_102.html","og_site_name":"EN - FC Barcelona Noticias","article_published_time":"2023-10-04T21:24:00+00:00","og_image":[{"width":1300,"height":732,"url":"https:\/\/www.fcbarcelonanoticias.com\/en\/wp-content\/uploads\/sites\/2\/2023\/10\/jugadores-fc-barcelona-v-oporto.jpeg","type":"image\/jpeg"}],"author":"Andr\u00e9s Quiroz","twitter_card":"summary_large_image","twitter_misc":{"Written by":"Andr\u00e9s Quiroz","Est. reading time":"5 minutes"},"schema":{"@context":"https:\/\/schema.org","@graph":[{"@type":"Article","@id":"https:\/\/www.fcbarcelonanoticias.com\/en\/champions-league\/joao-felix-gundogan-balde-1x1-barca-suffera-victoria-porto_296775_102.html#article","isPartOf":{"@id":"https:\/\/www.fcbarcelonanoticias.com\/en\/champions-league\/joao-felix-gundogan-balde-1x1-barca-suffera-victoria-porto_296775_102.html"},"author":{"name":"Andr\u00e9s Quiroz","@id":"https:\/\/www.fcbarcelonanoticias.com\/en\/#\/schema\/person\/c2cd9f6fa1af5c0d0eccd0fefa575c88"},"headline":"Joao F\u00e9lix, G\u00fcndogan, Balde&#8230; Bar\u00e7a&#8217;s 1&#215;1 in the long-suffering victory against Porto","datePublished":"2023-10-04T21:24:00+00:00","mainEntityOfPage":{"@id":"https:\/\/www.fcbarcelonanoticias.com\/en\/champions-league\/joao-felix-gundogan-balde-1x1-barca-suffera-victoria-porto_296775_102.html"},"wordCount":1046,"image":{"@id":"https:\/\/www.fcbarcelonanoticias.com\/en\/champions-league\/joao-felix-gundogan-balde-1x1-barca-suffera-victoria-porto_296775_102.html#primaryimage"},"thumbnailUrl":"https:\/\/www.fcbarcelonanoticias.com\/en\/wp-content\/uploads\/sites\/2\/2023\/10\/jugadores-fc-barcelona-v-oporto.jpeg","keywords":["FC Oporto","The 1x1"],"articleSection":["Champions League","Champions League"],"inLanguage":"en-US"},{"@type":"WebPage","@id":"https:\/\/www.fcbarcelonanoticias.com\/en\/champions-league\/joao-felix-gundogan-balde-1x1-barca-suffera-victoria-porto_296775_102.html","url":"https:\/\/www.fcbarcelonanoticias.com\/en\/champions-league\/joao-felix-gundogan-balde-1x1-barca-suffera-victoria-porto_296775_102.html","name":"Joao F\u00e9lix, G\u00fcndogan, Balde... Bar\u00e7a's 1x1 in the long-suffering victory against Porto","isPartOf":{"@id":"https:\/\/www.fcbarcelonanoticias.com\/en\/#website"},"primaryImageOfPage":{"@id":"https:\/\/www.fcbarcelonanoticias.com\/en\/champions-league\/joao-felix-gundogan-balde-1x1-barca-suffera-victoria-porto_296775_102.html#primaryimage"},"image":{"@id":"https:\/\/www.fcbarcelonanoticias.com\/en\/champions-league\/joao-felix-gundogan-balde-1x1-barca-suffera-victoria-porto_296775_102.html#primaryimage"},"thumbnailUrl":"https:\/\/www.fcbarcelonanoticias.com\/en\/wp-content\/uploads\/sites\/2\/2023\/10\/jugadores-fc-barcelona-v-oporto.jpeg","datePublished":"2023-10-04T21:24:00+00:00","author":{"@id":"https:\/\/www.fcbarcelonanoticias.com\/en\/#\/schema\/person\/c2cd9f6fa1af5c0d0eccd0fefa575c88"},"description":"FC Barcelona broke its bad streak as a visitor in the UEFA Champions League with a difficult victory against Porto (0-1). A goal from Ferran Torres was enough to secure the three points on a rather weak night for Xavi Hern\u00e1ndez's team","breadcrumb":{"@id":"https:\/\/www.fcbarcelonanoticias.com\/en\/champions-league\/joao-felix-gundogan-balde-1x1-barca-suffera-victoria-porto_296775_102.html#breadcrumb"},"inLanguage":"en-US","potentialAction":[{"@type":"ReadAction","target":["https:\/\/www.fcbarcelonanoticias.com\/en\/champions-league\/joao-felix-gundogan-balde-1x1-barca-suffera-victoria-porto_296775_102.html"]}]},{"@type":"ImageObject","inLanguage":"en-US","@id":"https:\/\/www.fcbarcelonanoticias.com\/en\/champions-league\/joao-felix-gundogan-balde-1x1-barca-suffera-victoria-porto_296775_102.html#primaryimage","url":"https:\/\/www.fcbarcelonanoticias.com\/en\/wp-content\/uploads\/sites\/2\/2023\/10\/jugadores-fc-barcelona-v-oporto.jpeg","contentUrl":"https:\/\/www.fcbarcelonanoticias.com\/en\/wp-content\/uploads\/sites\/2\/2023\/10\/jugadores-fc-barcelona-v-oporto.jpeg","width":1300,"height":732},{"@type":"BreadcrumbList","@id":"https:\/\/www.fcbarcelonanoticias.com\/en\/champions-league\/joao-felix-gundogan-balde-1x1-barca-suffera-victoria-porto_296775_102.html#breadcrumb","itemListElement":[{"@type":"ListItem","position":1,"name":"Portada","item":"https:\/\/www.fcbarcelonanoticias.com\/en\/"},{"@type":"ListItem","position":2,"name":"Joao F\u00e9lix, G\u00fcndogan, Balde&#8230; Bar\u00e7a&#8217;s 1&#215;1 in the long-suffering victory against Porto"}]},{"@type":"WebSite","@id":"https:\/\/www.fcbarcelonanoticias.com\/en\/#website","url":"https:\/\/www.fcbarcelonanoticias.com\/en\/","name":"EN - FC Barcelona Noticias","description":"","potentialAction":[{"@type":"SearchAction","target":{"@type":"EntryPoint","urlTemplate":"https:\/\/www.fcbarcelonanoticias.com\/en\/?s={search_term_string}"},"query-input":{"@type":"PropertyValueSpecification","valueRequired":true,"valueName":"search_term_string"}}],"inLanguage":"en-US"},{"@type":"Person","@id":"https:\/\/www.fcbarcelonanoticias.com\/en\/#\/schema\/person\/c2cd9f6fa1af5c0d0eccd0fefa575c88","name":"Andr\u00e9s Quiroz","image":{"@type":"ImageObject","inLanguage":"en-US","@id":"https:\/\/secure.gravatar.com\/avatar\/?s=96&d=mm&r=g","url":"https:\/\/secure.gravatar.com\/avatar\/?s=96&d=mm&r=g","contentUrl":"https:\/\/secure.gravatar.com\/avatar\/?s=96&d=mm&r=g","caption":"Andr\u00e9s Quiroz"},"description":"Licenciado en Periodismo por la Universidad de los Andes. Me encargo de analizar y compartir los contenidos m\u00e1s destacados de la\u00a0actualidad del F\u00fatbol Club Barcelona, Mercado de Fichajes y F\u00fatbol Internacional en FCBN. La informaci\u00f3n es poder, pero tambi\u00e9n conocimiento.","url":"https:\/\/www.fcbarcelonanoticias.com\/en\/fc-barcelona\/andres-quiroz_17_115.html"}]}},"_links":{"self":[{"href":"https:\/\/www.fcbarcelonanoticias.com\/en\/wp-json\/wp\/v2\/posts\/5124","targetHints":{"allow":["GET"]}}],"collection":[{"href":"https:\/\/www.fcbarcelonanoticias.com\/en\/wp-json\/wp\/v2\/posts"}],"about":[{"href":"https:\/\/www.fcbarcelonanoticias.com\/en\/wp-json\/wp\/v2\/types\/post"}],"author":[{"embeddable":true,"href":"https:\/\/www.fcbarcelonanoticias.com\/en\/wp-json\/wp\/v2\/users\/347"}],"replies":[{"embeddable":true,"href":"https:\/\/www.fcbarcelonanoticias.com\/en\/wp-json\/wp\/v2\/comments?post=5124"}],"version-history":[{"count":1,"href":"https:\/\/www.fcbarcelonanoticias.com\/en\/wp-json\/wp\/v2\/posts\/5124\/revisions"}],"predecessor-version":[{"id":102376,"href":"https:\/\/www.fcbarcelonanoticias.com\/en\/wp-json\/wp\/v2\/posts\/5124\/revisions\/102376"}],"wp:featuredmedia":[{"embeddable":true,"href":"https:\/\/www.fcbarcelonanoticias.com\/en\/wp-json\/wp\/v2\/media\/5125"}],"wp:attachment":[{"href":"https:\/\/www.fcbarcelonanoticias.com\/en\/wp-json\/wp\/v2\/media?parent=5124"}],"wp:term":[{"taxonomy":"category","embeddable":true,"href":"https:\/\/www.fcbarcelonanoticias.com\/en\/wp-json\/wp\/v2\/categories?post=5124"},{"taxonomy":"post_tag","embeddable":true,"href":"https:\/\/www.fcbarcelonanoticias.com\/en\/wp-json\/wp\/v2\/tags?post=5124"}],"curies":[{"name":"wp","href":"https:\/\/api.w.org\/{rel}","templated":true}]}}