{"id":51349,"date":"2025-11-08T19:04:00","date_gmt":"2025-11-08T18:04:00","guid":{"rendered":"https:\/\/weisetech.dev\/fc-barcelona-noticias\/en\/celta-vs-barcelona-probable-lineups-and-absences-laliga_315218_102\/"},"modified":"2026-03-27T11:32:51","modified_gmt":"2026-03-27T10:32:51","slug":"celta-vs-barcelona-probable-lineups-and-absences-laliga_315218_102","status":"publish","type":"post","link":"https:\/\/www.fcbarcelonanoticias.com\/en\/laliga\/celta-vs-barcelona-probable-lineups-and-absences-laliga_315218_102.html","title":{"rendered":"Celta de Vigo vs FC Barcelona: probable lineups and absences for the league match"},"content":{"rendered":"<h2 class=\"wp-block-heading\">Celta and Barcelona face each other this Sunday on matchday 12 of LaLiga. Will Hansi Flick rotate in defense? We review the possible lineups and absences of both teams<\/h2>  \r\n<div class=\"article-addons\">\r\n    <a href=\"https:\/\/www.fcbarcelonanoticias.com\/en\/calendar-fc-barcelona.html\"\r\n       target=\"_self\"\r\n       title=\"Calendar of FC Barcelona\"\r\n       class=\"blue-gredient-btn\">\r\n       \r\n        Calendar of FC Barcelona    <\/a>\r\n<\/div>   <p><b>Celta de Vigo and FC Barcelona<\/b> face each other this Sunday in <strong>LaLiga EA Sports 2025\/26<\/strong> at the Bala\u00eddos Stadium (21:00 CEST), for the twelfth matchday of the tournament. Hansi Flick&#8217;s team arrives with five players out due to injury, awaiting confirmation of whether Jules Kound\u00e9 will be included in the squad.<\/p>  <p>We review the <strong>possible starting lineup, the substitute bench, and the injured and suspended players for Hansi Flick&#8217;s Barcelona<\/strong> for the match against Celta. Complete analysis!<\/p>  <h2>Possible Bar\u00e7a Starting XI against Celta<\/h2>  <ol> <li>(#25, P) Szczesny<\/li> \t<li>(#24) Eric Garc\u00eda<\/li> \t<li>(#04) Ronald Araujo<\/li> \t<li>(#05) Pau Cubars\u00ed<\/li> \t<li>(#03) Alejandro Balde<\/li> \t<li>(#17) Marc Casad\u00f3<\/li> \t<li>(#21) Frenkie de Jong<\/li> \t<li>(#16) Ferm\u00edn L\u00f3pez<\/li> \t<li>(#10) Lamine Yamal<\/li> \t<li>(#14) Marcus Rashford<\/li> \t<li>(#07) Ferran Torres<\/li> <\/ol> <p><strong>Bar\u00e7a Bench (substitute players)<\/strong><\/p>  <ol> <li>(#31, P) Diego Kochen<\/li> \t<li>(#33, P)&nbsp;Eder Aller<\/li> \t<li>(#09) Robert Lewandowski<\/li> \t<li>(#15) Andreas Christensen<\/li> \t<li>(#18) Gerard Mart\u00edn<\/li> \t<li>(#20) Dani Olmo<\/li> \t<li>(#22) Marc Bernal<\/li> \t<li>(#23) Jules Kound\u00e9<\/li> \t<li>(#26) Jofre Torrents<\/li> \t<li>(#27) Dro Fern\u00e1ndez<\/li> \t<li>(#28) Roony Bardghji<\/li> \t<li>(#29) Toni Fern\u00e1ndez<\/li> <\/ol> <p><strong>Injured Bar\u00e7a Players<\/strong><\/p>  <ol> <li>(#01, P) Marc-Andr\u00e9 ter Stegen<\/li> \t<li>(#06) Gavi<\/li> \t<li>(#08) Pedri<\/li> \t<li>(#11) Raphinha<\/li> \t<li>(#13, P) Joan Garc\u00eda<\/li> <\/ol> <h2>Flick&#8217;s Possible Surprises and Tactical Variations Against Celta<\/h2>  <p>In principle, Hansi Flick plans to make a couple of adjustments to his XI from matchday 11 against Elche (3-1), with Pau Cubars\u00ed back in the center of defense alongside Ronald Araujo. Furthermore, Eric Garc\u00eda is set to play at right-back instead of Kound\u00e9. The Frenchman is doubtful due to a knock sustained against Bruges.<\/p>  <p><strong>Goalkeeping and defense<\/strong><\/p>  <ul> <li> \t<p><strong>Wojciech Szczesny&nbsp;<\/strong>will be in goal, while Eric Garc\u00eda and Alejandro Balde would be the full-backs. In the center of defense, <strong>Ronald Araujo&nbsp;<\/strong>must partner <strong>Pau Cubars\u00ed<\/strong>, with Jules Kound\u00e9 nursing a minor injury. Jofre Torrents and Gerard Mart\u00edn will also be available.<\/p> \t<\/li> <\/ul> <p><strong>Midfield:<\/strong><\/p>  <ul> <li> \t<p>As a pivot, <strong>Marc Casad\u00f3&nbsp;<\/strong>is set to be Frenkie de Jong&#8217;s partner in midfield, while Ferm\u00edn would once again be the team&#8217;s attacking midfielder. Dani Olmo should get minutes in the second half, as should Marc Bernal.<\/p> \t<\/li> <\/ul> <p><strong>Forward:<\/strong><\/p>  <ul> <li> \t<p>In attack, <strong>Lamine Yamal<\/strong> and <strong>Marcus Rashford<\/strong> would complete the Blaugrana attack alongside <strong>Ferran Torres<\/strong>. The &#8216;Shark&#8217; will remain in the XI after scoring against Elche and Bruges. Lewandowski, Dro, and Toni Fern\u00e1ndez await minutes on the bench along with Roony Bardghji. Raphinha is still injured.<\/p> \t<\/li> <\/ul> <h2>Bar\u00e7a Absences: Which players will miss the Celta clash due to injury?<\/h2>  <div class=\"media media-image\" data-ck-asset-wrapper=\"\"> <div class=\"media-item\"> <img loading=\"lazy\" decoding=\"async\" alt=\"INJURED: This is Barcelona's infirmary against Celta\" data-id=\"1529958\" data-resize=\"9\" height=\"563\" src=\"https:\/\/www.fcbarcelonanoticias.com\/wp-content\/uploads\/sites\/2\/2025\/11\/fcbn-e29267deec82f520cf122a0da13bcf0d.webp\" title=\"INJURED: This is Barcelona's infirmary against Celta\" width=\"1000\"><div class=\"media-title\">INJURED: This is Barcelona&#8217;s infirmary against Celta<\/div> <\/div> <\/div>  <p>A total of five Bar\u00e7a players will be confirmed absentees due to physical problems. The club has once again lost Raphinha before El Cl\u00e1sico, once the Brazilian&#8217;s relapse from his right thigh injury was confirmed. In this regard, Rafa joins Pedri Gonz\u00e1lez as an offensive absence.The midfielder will be out for about a month with a left thigh injury. Joan Garc\u00eda, for his part, underwent surgery to treat a left meniscus injury. The return of the Sallent native is scheduled for mid-November, along with Raphinha.<\/p>  <p><a data-external=\"0\" data-intl-links-en=\"https:\/\/www.fcbarcelonanoticias.com\/en\/fc-barcelona\/gavi-breaks-down-ko-for-4-5-months-with-flick-barcelona_314804_102.html\" data-intl-links-es=\"https:\/\/www.fcbarcelonanoticias.com\/fc-barcelona\/gavi-sera-baja-hasta-2026-barcelona-confirma-peores-presagios_314804_102.html\" href=\"https:\/\/www.fcbarcelonanoticias.com\/en\/fc-barcelona\/gavi-breaks-down-ko-for-4-5-months-with-flick-barcelona_314804_102.html\" rel=\"follow\" target=\"_self\" title=\"Gavi ser\u00e1 baja hasta 2026: el Barcelona confirma los peores presagios\">Gavi<\/a>, on the other hand, underwent arthroscopy and, in the end, they had to operate on the medial meniscus of his right knee. Because of this, the &#8216;6&#8217; will be out for between four and five months, with February 2026 being the tentative date for his return. The latest absence is <strong><a data-external=\"0\" data-intl-links-en=\"https:\/\/www.fcbarcelonanoticias.com\/en\/fc-barcelona\/flick-is-honest-about-ter-stegen-future-at-barcelona-i-don-make-promises_314393_102.html\" data-intl-links-es=\"https:\/\/www.fcbarcelonanoticias.com\/fc-barcelona\/flick-ter-stegen-lamine-yamal-barca_314393_102.html\" href=\"https:\/\/www.fcbarcelonanoticias.com\/en\/fc-barcelona\/flick-is-honest-about-ter-stegen-future-at-barcelona-i-don-make-promises_314393_102.html\" rel=\"follow\" target=\"_self\" title=\"Flick se sincera sobre el futuro de Ter Stegen en el Barcelona: \u201cNo hago promesas\">Ter Stegen<\/a><\/strong>, who will be out of action, at least, until the end of November or the beginning of December<\/p>  <h2>Possible Celta lineup against Barcelona<\/h2>  <ul> <li> <strong>Probable XI<\/strong>: Radu; Mingueza, Aidoo, Alonso, Starfelt, Carreira; Beltr\u00e1n, Moriba; Zaragoza, Jutgl\u00e0 and Borja Iglesias.<\/li> \t<li> <strong>Bench<\/strong>: Villar (GK), Javi Rodr\u00edguez, Arroyo, Dami\u00e1n Rodr\u00edguez, Pablo Dur\u00e1n, Ristic, El-Abdellaoui, Rom\u00e1n, Sotelo, Aspas, Lago, Vidal, Ant\u00fanez, Mendoza.<\/li> \t<li> <strong>Injured<\/strong>: Javi Rueda, Williot Swedberg, Hugo \u00c1lvarez and Carlos Dom\u00ednguez.<\/li> \t<li> <strong>Suspended<\/strong>: None.<\/li> <\/ul> <p>For their part, Celta arrives at matchday 12 of LaLiga in very good form. Claudio Gir\u00e1ldez&#8217;s team has won 5 consecutive matches across the league, cup, and Europa League, although they also have four players out due to injury, with <strong>Hugo \u00c1lvarez and Carlos Dom\u00ednguez<\/strong> being the latest to join the Celta infirmary this week.<\/p>  <p>In principle, the Galician team will face Bar\u00e7a with Radu in goal and a three-man defense formed by Aidoo, Starfelt, and former Blaugrana defender <strong>Marcos Alonso<\/strong>. Also a former Bar\u00e7a youth player, <a data-external=\"0\" data-intl-links-en=\"https:\/\/www.fcbarcelonanoticias.com\/en\/transfers\/barcelona-could-lose-10-millions-because-of-mingueza_315005_102.html\" data-intl-links-es=\"https:\/\/www.fcbarcelonanoticias.com\/fichajes\/barcelona-podria-perder-10-millones-por-culpa-mingueza_315005_102.html\" href=\"https:\/\/www.fcbarcelonanoticias.com\/en\/transfers\/barcelona-could-lose-10-millions-because-of-mingueza_315005_102.html\" rel=\"follow\" target=\"_self\" title=\"El Barcelona podr\u00eda perder 10 M\u20ac por 'culpa' de Mingueza\">\u00d3scar Mingueza<\/a> and Sergio Carreira will be the wing-backs, while Fran Beltr\u00e1n and <a data-external=\"0\" data-intl-links-en=\"https:\/\/www.fcbarcelonanoticias.com\/en\/transfers\/celta-signs-ilaix-moriba-and-barca-charges-how-much-will-he-earn_313090_102.html\" data-intl-links-es=\"https:\/\/www.fcbarcelonanoticias.com\/fichajes\/celta- ficha-ilaix-moriba-barca-cobra-cuanto-ganara_313090_102.html\" href=\"https:\/\/www.fcbarcelonanoticias.com\/en\/transfers\/celta-signs-ilaix-moriba-and-barca-charges-how-much-will-he-earn_313090_102.html\" rel=\"follow\" target=\"_self\" title=\"Celta ficha a Ilaix Moriba y el Bar\u00e7a cobra: \u00bfcu\u00e1nto ganar\u00e1?\">Ilaix Moriba<\/a> will be in midfield.<\/p>  <p>Above, <strong>Bryan Zaragoza<\/strong> and <a data-external=\"0\" data-intl-links-en=\"https:\/\/www.fcbarcelonanoticias.com\/en\/transfers\/celta-signs-ferran-jutgla-how-much-does-fc-barcelona-receive_313216_102.html\" data-intl-links-es=\"https:\/\/www.fcbarcelonanoticias.com\/fichajes\/celta- ficha-ferran-jutgla-fc-barcelona-percibira-menos-esperado_313216_102.html\" href=\"https:\/\/www.fcbarcelonanoticias.com\/en\/transfers\/celta-signs-ferran-jutgla-how-much-does-fc-barcelona-receive_313216_102.html\" rel=\"follow\" target=\"_self\" title=\"El Celta ficha a Ferran Jutgl\u00e0: el Bar\u00e7a percibir\u00e1 menos de lo esperado\">Ferran Jutgl\u00e0<\/a> join the experienced <strong>Borja Iglesias<\/strong>. In total, Celta&#8217;s XI would have four former Bar\u00e7a players, with Jutgl\u00e0 being the latest to join the team. The Catalan forward has scored 2 goals in 9 league matches so far.<\/p>  <ul> <li>\ud83d\udc49 Follow the complete coverage of&nbsp;<strong><a data-external=\"0\" data-intl-links-en=\"https:\/\/www.fcbarcelonanoticias.com\/en\/laliga.html\" data-intl-links-es=\"https:\/\/www.fcbarcelonanoticias.com\/laliga.html\" href=\"https:\/\/www.fcbarcelonanoticias.com\/en\/laliga.html\" rel=\"follow\" target=\"_self\" title=\"LaLiga\">LaLiga EA Sports 2025-26<\/a><\/strong>&nbsp;on FC Barcelona Noticias<\/li> <\/ul> ","protected":false},"excerpt":{"rendered":"<p>Celta and Barcelona face each other this Sunday on matchday 12 of LaLiga. Will Hansi Flick rotate in defense? We review the possible lineups and absences of both teams Celta de Vigo and FC Barcelona face each other this Sunday in LaLiga EA Sports 2025\/26 at the Bala\u00eddos Stadium (21:00 CEST), for the twelfth matchday [&hellip;]<\/p>\n","protected":false},"author":347,"featured_media":116130,"comment_status":"closed","ping_status":"open","sticky":false,"template":"","format":"standard","meta":{"_acf_changed":false,"inline_featured_image":false,"_nextfly_llmd_date_locked":false,"footnotes":""},"categories":[448,114],"tags":[201,61,87],"class_list":["post-51349","post","type-post","status-publish","format-standard","has-post-thumbnail","hentry","category-laliga-2","category-laliga","tag-lineups","tag-fc-barcelona-vs-celta","tag-hansi-flick"],"acf":[],"yoast_head":"<!-- This site is optimized with the Yoast SEO plugin v27.3 - https:\/\/yoast.com\/product\/yoast-seo-wordpress\/ -->\n<title>Celta vs Barcelona: probable lineups and absences - LaLiga<\/title>\n<meta name=\"description\" content=\"Celta and Barcelona face each other this Sunday for matchday 12 of LaLiga. We review the possible lineups and absences of both teams\" \/>\n<meta name=\"robots\" content=\"index, follow, max-snippet:-1, max-image-preview:large, max-video-preview:-1\" \/>\n<link rel=\"canonical\" href=\"https:\/\/www.fcbarcelonanoticias.com\/en\/laliga\/celta-vs-barcelona-probable-lineups-and-absences-laliga_315218_102.html\" \/>\n<meta property=\"og:locale\" content=\"en_US\" \/>\n<meta property=\"og:type\" content=\"article\" \/>\n<meta property=\"og:title\" content=\"Celta vs Barcelona: probable lineups and absences - LaLiga\" \/>\n<meta property=\"og:description\" content=\"Celta and Barcelona face each other this Sunday for matchday 12 of LaLiga. We review the possible lineups and absences of both teams\" \/>\n<meta property=\"og:url\" content=\"https:\/\/www.fcbarcelonanoticias.com\/en\/laliga\/celta-vs-barcelona-probable-lineups-and-absences-laliga_315218_102.html\" \/>\n<meta property=\"og:site_name\" content=\"EN - FC Barcelona Noticias\" \/>\n<meta property=\"article:published_time\" content=\"2025-11-08T18:04:00+00:00\" \/>\n<meta property=\"article:modified_time\" content=\"2026-03-27T10:32:51+00:00\" \/>\n<meta property=\"og:image\" content=\"https:\/\/www.fcbarcelonanoticias.com\/en\/wp-content\/uploads\/sites\/2\/2025\/11\/alineacion-fc-barcelona-v-girona-laliga-4.webp\" \/>\n\t<meta property=\"og:image:width\" content=\"1200\" \/>\n\t<meta property=\"og:image:height\" content=\"675\" \/>\n\t<meta property=\"og:image:type\" content=\"image\/webp\" \/>\n<meta name=\"author\" content=\"Andr\u00e9s Quiroz\" \/>\n<meta name=\"twitter:card\" content=\"summary_large_image\" \/>\n<meta name=\"twitter:label1\" content=\"Written by\" \/>\n\t<meta name=\"twitter:data1\" content=\"Andr\u00e9s Quiroz\" \/>\n\t<meta name=\"twitter:label2\" content=\"Est. reading time\" \/>\n\t<meta name=\"twitter:data2\" content=\"4 minutes\" \/>\n<script type=\"application\/ld+json\" class=\"yoast-schema-graph\">{\"@context\":\"https:\\\/\\\/schema.org\",\"@graph\":[{\"@type\":\"Article\",\"@id\":\"https:\\\/\\\/www.fcbarcelonanoticias.com\\\/en\\\/laliga\\\/celta-vs-barcelona-probable-lineups-and-absences-laliga_315218_102.html#article\",\"isPartOf\":{\"@id\":\"https:\\\/\\\/www.fcbarcelonanoticias.com\\\/en\\\/laliga\\\/celta-vs-barcelona-probable-lineups-and-absences-laliga_315218_102.html\"},\"author\":{\"name\":\"Andr\u00e9s Quiroz\",\"@id\":\"https:\\\/\\\/www.fcbarcelonanoticias.com\\\/en\\\/#\\\/schema\\\/person\\\/c2cd9f6fa1af5c0d0eccd0fefa575c88\"},\"headline\":\"Celta de Vigo vs FC Barcelona: probable lineups and absences for the league match\",\"datePublished\":\"2025-11-08T18:04:00+00:00\",\"dateModified\":\"2026-03-27T10:32:51+00:00\",\"mainEntityOfPage\":{\"@id\":\"https:\\\/\\\/www.fcbarcelonanoticias.com\\\/en\\\/laliga\\\/celta-vs-barcelona-probable-lineups-and-absences-laliga_315218_102.html\"},\"wordCount\":817,\"image\":{\"@id\":\"https:\\\/\\\/www.fcbarcelonanoticias.com\\\/en\\\/laliga\\\/celta-vs-barcelona-probable-lineups-and-absences-laliga_315218_102.html#primaryimage\"},\"thumbnailUrl\":\"https:\\\/\\\/www.fcbarcelonanoticias.com\\\/en\\\/wp-content\\\/uploads\\\/sites\\\/2\\\/2025\\\/11\\\/alineacion-fc-barcelona-v-girona-laliga-4.webp\",\"keywords\":[\"FC Barcelona Lineups\",\"FC Barcelona vs Celta Vigo\",\"Hansi Flick\"],\"articleSection\":[\"LaLiga\",\"LaLiga\"],\"inLanguage\":\"en-US\"},{\"@type\":\"WebPage\",\"@id\":\"https:\\\/\\\/www.fcbarcelonanoticias.com\\\/en\\\/laliga\\\/celta-vs-barcelona-probable-lineups-and-absences-laliga_315218_102.html\",\"url\":\"https:\\\/\\\/www.fcbarcelonanoticias.com\\\/en\\\/laliga\\\/celta-vs-barcelona-probable-lineups-and-absences-laliga_315218_102.html\",\"name\":\"Celta vs Barcelona: probable lineups and absences - LaLiga\",\"isPartOf\":{\"@id\":\"https:\\\/\\\/www.fcbarcelonanoticias.com\\\/en\\\/#website\"},\"primaryImageOfPage\":{\"@id\":\"https:\\\/\\\/www.fcbarcelonanoticias.com\\\/en\\\/laliga\\\/celta-vs-barcelona-probable-lineups-and-absences-laliga_315218_102.html#primaryimage\"},\"image\":{\"@id\":\"https:\\\/\\\/www.fcbarcelonanoticias.com\\\/en\\\/laliga\\\/celta-vs-barcelona-probable-lineups-and-absences-laliga_315218_102.html#primaryimage\"},\"thumbnailUrl\":\"https:\\\/\\\/www.fcbarcelonanoticias.com\\\/en\\\/wp-content\\\/uploads\\\/sites\\\/2\\\/2025\\\/11\\\/alineacion-fc-barcelona-v-girona-laliga-4.webp\",\"datePublished\":\"2025-11-08T18:04:00+00:00\",\"dateModified\":\"2026-03-27T10:32:51+00:00\",\"author\":{\"@id\":\"https:\\\/\\\/www.fcbarcelonanoticias.com\\\/en\\\/#\\\/schema\\\/person\\\/c2cd9f6fa1af5c0d0eccd0fefa575c88\"},\"description\":\"Celta and Barcelona face each other this Sunday for matchday 12 of LaLiga. We review the possible lineups and absences of both teams\",\"breadcrumb\":{\"@id\":\"https:\\\/\\\/www.fcbarcelonanoticias.com\\\/en\\\/laliga\\\/celta-vs-barcelona-probable-lineups-and-absences-laliga_315218_102.html#breadcrumb\"},\"inLanguage\":\"en-US\",\"potentialAction\":[{\"@type\":\"ReadAction\",\"target\":[\"https:\\\/\\\/www.fcbarcelonanoticias.com\\\/en\\\/laliga\\\/celta-vs-barcelona-probable-lineups-and-absences-laliga_315218_102.html\"]}]},{\"@type\":\"ImageObject\",\"inLanguage\":\"en-US\",\"@id\":\"https:\\\/\\\/www.fcbarcelonanoticias.com\\\/en\\\/laliga\\\/celta-vs-barcelona-probable-lineups-and-absences-laliga_315218_102.html#primaryimage\",\"url\":\"https:\\\/\\\/www.fcbarcelonanoticias.com\\\/en\\\/wp-content\\\/uploads\\\/sites\\\/2\\\/2025\\\/11\\\/alineacion-fc-barcelona-v-girona-laliga-4.webp\",\"contentUrl\":\"https:\\\/\\\/www.fcbarcelonanoticias.com\\\/en\\\/wp-content\\\/uploads\\\/sites\\\/2\\\/2025\\\/11\\\/alineacion-fc-barcelona-v-girona-laliga-4.webp\",\"width\":1200,\"height\":675},{\"@type\":\"BreadcrumbList\",\"@id\":\"https:\\\/\\\/www.fcbarcelonanoticias.com\\\/en\\\/laliga\\\/celta-vs-barcelona-probable-lineups-and-absences-laliga_315218_102.html#breadcrumb\",\"itemListElement\":[{\"@type\":\"ListItem\",\"position\":1,\"name\":\"Portada\",\"item\":\"https:\\\/\\\/www.fcbarcelonanoticias.com\\\/en\\\/\"},{\"@type\":\"ListItem\",\"position\":2,\"name\":\"Celta de Vigo vs FC Barcelona: probable lineups and absences for the league match\"}]},{\"@type\":\"WebSite\",\"@id\":\"https:\\\/\\\/www.fcbarcelonanoticias.com\\\/en\\\/#website\",\"url\":\"https:\\\/\\\/www.fcbarcelonanoticias.com\\\/en\\\/\",\"name\":\"EN - FC Barcelona Noticias\",\"description\":\"\",\"potentialAction\":[{\"@type\":\"SearchAction\",\"target\":{\"@type\":\"EntryPoint\",\"urlTemplate\":\"https:\\\/\\\/www.fcbarcelonanoticias.com\\\/en\\\/?s={search_term_string}\"},\"query-input\":{\"@type\":\"PropertyValueSpecification\",\"valueRequired\":true,\"valueName\":\"search_term_string\"}}],\"inLanguage\":\"en-US\"},{\"@type\":\"Person\",\"@id\":\"https:\\\/\\\/www.fcbarcelonanoticias.com\\\/en\\\/#\\\/schema\\\/person\\\/c2cd9f6fa1af5c0d0eccd0fefa575c88\",\"name\":\"Andr\u00e9s Quiroz\",\"image\":{\"@type\":\"ImageObject\",\"inLanguage\":\"en-US\",\"@id\":\"https:\\\/\\\/secure.gravatar.com\\\/avatar\\\/?s=96&d=mm&r=g\",\"url\":\"https:\\\/\\\/secure.gravatar.com\\\/avatar\\\/?s=96&d=mm&r=g\",\"contentUrl\":\"https:\\\/\\\/secure.gravatar.com\\\/avatar\\\/?s=96&d=mm&r=g\",\"caption\":\"Andr\u00e9s Quiroz\"},\"description\":\"Licenciado en Periodismo por la Universidad de los Andes. Me encargo de analizar y compartir los contenidos m\u00e1s destacados de la\u00a0actualidad del F\u00fatbol Club Barcelona, Mercado de Fichajes y F\u00fatbol Internacional en FCBN. La informaci\u00f3n es poder, pero tambi\u00e9n conocimiento.\",\"url\":\"https:\\\/\\\/www.fcbarcelonanoticias.com\\\/en\\\/fc-barcelona\\\/andres-quiroz_17_115.html\"}]}<\/script>\n<!-- \/ Yoast SEO plugin. -->","yoast_head_json":{"title":"Celta vs Barcelona: probable lineups and absences - LaLiga","description":"Celta and Barcelona face each other this Sunday for matchday 12 of LaLiga. We review the possible lineups and absences of both teams","robots":{"index":"index","follow":"follow","max-snippet":"max-snippet:-1","max-image-preview":"max-image-preview:large","max-video-preview":"max-video-preview:-1"},"canonical":"https:\/\/www.fcbarcelonanoticias.com\/en\/laliga\/celta-vs-barcelona-probable-lineups-and-absences-laliga_315218_102.html","og_locale":"en_US","og_type":"article","og_title":"Celta vs Barcelona: probable lineups and absences - LaLiga","og_description":"Celta and Barcelona face each other this Sunday for matchday 12 of LaLiga. We review the possible lineups and absences of both teams","og_url":"https:\/\/www.fcbarcelonanoticias.com\/en\/laliga\/celta-vs-barcelona-probable-lineups-and-absences-laliga_315218_102.html","og_site_name":"EN - FC Barcelona Noticias","article_published_time":"2025-11-08T18:04:00+00:00","article_modified_time":"2026-03-27T10:32:51+00:00","og_image":[{"width":1200,"height":675,"url":"https:\/\/www.fcbarcelonanoticias.com\/en\/wp-content\/uploads\/sites\/2\/2025\/11\/alineacion-fc-barcelona-v-girona-laliga-4.webp","type":"image\/webp"}],"author":"Andr\u00e9s Quiroz","twitter_card":"summary_large_image","twitter_misc":{"Written by":"Andr\u00e9s Quiroz","Est. reading time":"4 minutes"},"schema":{"@context":"https:\/\/schema.org","@graph":[{"@type":"Article","@id":"https:\/\/www.fcbarcelonanoticias.com\/en\/laliga\/celta-vs-barcelona-probable-lineups-and-absences-laliga_315218_102.html#article","isPartOf":{"@id":"https:\/\/www.fcbarcelonanoticias.com\/en\/laliga\/celta-vs-barcelona-probable-lineups-and-absences-laliga_315218_102.html"},"author":{"name":"Andr\u00e9s Quiroz","@id":"https:\/\/www.fcbarcelonanoticias.com\/en\/#\/schema\/person\/c2cd9f6fa1af5c0d0eccd0fefa575c88"},"headline":"Celta de Vigo vs FC Barcelona: probable lineups and absences for the league match","datePublished":"2025-11-08T18:04:00+00:00","dateModified":"2026-03-27T10:32:51+00:00","mainEntityOfPage":{"@id":"https:\/\/www.fcbarcelonanoticias.com\/en\/laliga\/celta-vs-barcelona-probable-lineups-and-absences-laliga_315218_102.html"},"wordCount":817,"image":{"@id":"https:\/\/www.fcbarcelonanoticias.com\/en\/laliga\/celta-vs-barcelona-probable-lineups-and-absences-laliga_315218_102.html#primaryimage"},"thumbnailUrl":"https:\/\/www.fcbarcelonanoticias.com\/en\/wp-content\/uploads\/sites\/2\/2025\/11\/alineacion-fc-barcelona-v-girona-laliga-4.webp","keywords":["FC Barcelona Lineups","FC Barcelona vs Celta Vigo","Hansi Flick"],"articleSection":["LaLiga","LaLiga"],"inLanguage":"en-US"},{"@type":"WebPage","@id":"https:\/\/www.fcbarcelonanoticias.com\/en\/laliga\/celta-vs-barcelona-probable-lineups-and-absences-laliga_315218_102.html","url":"https:\/\/www.fcbarcelonanoticias.com\/en\/laliga\/celta-vs-barcelona-probable-lineups-and-absences-laliga_315218_102.html","name":"Celta vs Barcelona: probable lineups and absences - LaLiga","isPartOf":{"@id":"https:\/\/www.fcbarcelonanoticias.com\/en\/#website"},"primaryImageOfPage":{"@id":"https:\/\/www.fcbarcelonanoticias.com\/en\/laliga\/celta-vs-barcelona-probable-lineups-and-absences-laliga_315218_102.html#primaryimage"},"image":{"@id":"https:\/\/www.fcbarcelonanoticias.com\/en\/laliga\/celta-vs-barcelona-probable-lineups-and-absences-laliga_315218_102.html#primaryimage"},"thumbnailUrl":"https:\/\/www.fcbarcelonanoticias.com\/en\/wp-content\/uploads\/sites\/2\/2025\/11\/alineacion-fc-barcelona-v-girona-laliga-4.webp","datePublished":"2025-11-08T18:04:00+00:00","dateModified":"2026-03-27T10:32:51+00:00","author":{"@id":"https:\/\/www.fcbarcelonanoticias.com\/en\/#\/schema\/person\/c2cd9f6fa1af5c0d0eccd0fefa575c88"},"description":"Celta and Barcelona face each other this Sunday for matchday 12 of LaLiga. We review the possible lineups and absences of both teams","breadcrumb":{"@id":"https:\/\/www.fcbarcelonanoticias.com\/en\/laliga\/celta-vs-barcelona-probable-lineups-and-absences-laliga_315218_102.html#breadcrumb"},"inLanguage":"en-US","potentialAction":[{"@type":"ReadAction","target":["https:\/\/www.fcbarcelonanoticias.com\/en\/laliga\/celta-vs-barcelona-probable-lineups-and-absences-laliga_315218_102.html"]}]},{"@type":"ImageObject","inLanguage":"en-US","@id":"https:\/\/www.fcbarcelonanoticias.com\/en\/laliga\/celta-vs-barcelona-probable-lineups-and-absences-laliga_315218_102.html#primaryimage","url":"https:\/\/www.fcbarcelonanoticias.com\/en\/wp-content\/uploads\/sites\/2\/2025\/11\/alineacion-fc-barcelona-v-girona-laliga-4.webp","contentUrl":"https:\/\/www.fcbarcelonanoticias.com\/en\/wp-content\/uploads\/sites\/2\/2025\/11\/alineacion-fc-barcelona-v-girona-laliga-4.webp","width":1200,"height":675},{"@type":"BreadcrumbList","@id":"https:\/\/www.fcbarcelonanoticias.com\/en\/laliga\/celta-vs-barcelona-probable-lineups-and-absences-laliga_315218_102.html#breadcrumb","itemListElement":[{"@type":"ListItem","position":1,"name":"Portada","item":"https:\/\/www.fcbarcelonanoticias.com\/en\/"},{"@type":"ListItem","position":2,"name":"Celta de Vigo vs FC Barcelona: probable lineups and absences for the league match"}]},{"@type":"WebSite","@id":"https:\/\/www.fcbarcelonanoticias.com\/en\/#website","url":"https:\/\/www.fcbarcelonanoticias.com\/en\/","name":"EN - FC Barcelona Noticias","description":"","potentialAction":[{"@type":"SearchAction","target":{"@type":"EntryPoint","urlTemplate":"https:\/\/www.fcbarcelonanoticias.com\/en\/?s={search_term_string}"},"query-input":{"@type":"PropertyValueSpecification","valueRequired":true,"valueName":"search_term_string"}}],"inLanguage":"en-US"},{"@type":"Person","@id":"https:\/\/www.fcbarcelonanoticias.com\/en\/#\/schema\/person\/c2cd9f6fa1af5c0d0eccd0fefa575c88","name":"Andr\u00e9s Quiroz","image":{"@type":"ImageObject","inLanguage":"en-US","@id":"https:\/\/secure.gravatar.com\/avatar\/?s=96&d=mm&r=g","url":"https:\/\/secure.gravatar.com\/avatar\/?s=96&d=mm&r=g","contentUrl":"https:\/\/secure.gravatar.com\/avatar\/?s=96&d=mm&r=g","caption":"Andr\u00e9s Quiroz"},"description":"Licenciado en Periodismo por la Universidad de los Andes. Me encargo de analizar y compartir los contenidos m\u00e1s destacados de la\u00a0actualidad del F\u00fatbol Club Barcelona, Mercado de Fichajes y F\u00fatbol Internacional en FCBN. La informaci\u00f3n es poder, pero tambi\u00e9n conocimiento.","url":"https:\/\/www.fcbarcelonanoticias.com\/en\/fc-barcelona\/andres-quiroz_17_115.html"}]}},"_links":{"self":[{"href":"https:\/\/www.fcbarcelonanoticias.com\/en\/wp-json\/wp\/v2\/posts\/51349","targetHints":{"allow":["GET"]}}],"collection":[{"href":"https:\/\/www.fcbarcelonanoticias.com\/en\/wp-json\/wp\/v2\/posts"}],"about":[{"href":"https:\/\/www.fcbarcelonanoticias.com\/en\/wp-json\/wp\/v2\/types\/post"}],"author":[{"embeddable":true,"href":"https:\/\/www.fcbarcelonanoticias.com\/en\/wp-json\/wp\/v2\/users\/347"}],"replies":[{"embeddable":true,"href":"https:\/\/www.fcbarcelonanoticias.com\/en\/wp-json\/wp\/v2\/comments?post=51349"}],"version-history":[{"count":2,"href":"https:\/\/www.fcbarcelonanoticias.com\/en\/wp-json\/wp\/v2\/posts\/51349\/revisions"}],"predecessor-version":[{"id":159094,"href":"https:\/\/www.fcbarcelonanoticias.com\/en\/wp-json\/wp\/v2\/posts\/51349\/revisions\/159094"}],"wp:featuredmedia":[{"embeddable":true,"href":"https:\/\/www.fcbarcelonanoticias.com\/en\/wp-json\/wp\/v2\/media\/116130"}],"wp:attachment":[{"href":"https:\/\/www.fcbarcelonanoticias.com\/en\/wp-json\/wp\/v2\/media?parent=51349"}],"wp:term":[{"taxonomy":"category","embeddable":true,"href":"https:\/\/www.fcbarcelonanoticias.com\/en\/wp-json\/wp\/v2\/categories?post=51349"},{"taxonomy":"post_tag","embeddable":true,"href":"https:\/\/www.fcbarcelonanoticias.com\/en\/wp-json\/wp\/v2\/tags?post=51349"}],"curies":[{"name":"wp","href":"https:\/\/api.w.org\/{rel}","templated":true}]}}