{"id":52025,"date":"2023-11-30T20:32:00","date_gmt":"2023-11-30T19:32:00","guid":{"rendered":"https:\/\/weisetech.dev\/fc-barcelona-noticias\/en\/dardo-of-griezmann-to-joao-felix-before-the-barca-athletic_298601_102\/"},"modified":"2023-12-01T11:38:00","modified_gmt":"2023-12-01T10:38:00","slug":"dardo-of-griezmann-to-joao-felix-before-the-barca-athletic_298601_102","status":"publish","type":"post","link":"https:\/\/www.fcbarcelonanoticias.com\/en\/laliga\/dardo-of-griezmann-to-joao-felix-before-the-barca-athletic_298601_102.html","title":{"rendered":"&#8216;Dart&#8217; from Griezmann to Joao F\u00e9lix before Bar\u00e7a-Atl\u00e9tico"},"content":{"rendered":"<h2 class=\"wp-block-heading\">Antoine Griezmann has left some lapidary statements when talking about Joao F\u00e9lix and his time at Atl\u00e9tico de Madrid, in advance of the visit of the red and white team to FC Barcelona at the Estadi Ol\u00edmpic Llu\u00eds Compannys<\/h2>  \r\n<div class=\"article-addons\">\r\n    <a href=\"https:\/\/www.fcbarcelonanoticias.com\/en\/calendar-fc-barcelona.html\"\r\n       target=\"_self\"\r\n       title=\"Calendar of FC Barcelona\"\r\n       class=\"blue-gredient-btn\">\r\n       \r\n        Calendar of FC Barcelona    <\/a>\r\n<\/div>   <p>The Estadi Ol\u00edmpic Llu\u00eds Compannys will house, <a data-external=\"0\" data-intl-links-en=\"https:\/\/www.fcbarcelonanoticias.com\/en\/calendar-fc-barcelona-in-laliga.html\" data-intl-links-es=\"https:\/\/www.fcbarcelonanoticias.com\/calendario-fcbarcelona-laliga.html\" href=\"https:\/\/www.fcbarcelonanoticias.com\/en\/calendar-fc-barcelona-in-laliga.html\" rel=\"follow\" target=\"_self\" title=\"Calendario FC Barcelona LaLiga\">this Sunday from the 21:00 hours (9:00 PM CET),<\/a> one of the duels m\u00e1 &#8216;hot&#8217; of LaLiga. The Athletic of Madrid will visit to the Barcelona group in the corresponding party to the fifteenth day of the domestic championship and in a crash that will be decisive to define who remains with the third square of the classification. <strong>Both have 31 points, although to the &#8216;cochoneros&#8217; is missing them for contesting a clash. <\/strong><\/p>  <p>The true is that the previous of the clash has heated more than the account and from the Athletic have begun to command the first &#8216;darts&#8217; to the Bar\u00e7a. Further of the statements <a data-external=\"0\" data-intl-links-en=\"https:\/\/www.fcbarcelonanoticias.com\/en\/laliga\/oblak-wet-on-the-reunion-of-joao-felix-with-the-athletic_298599_102.html\" data-intl-links-es=\"https:\/\/www.fcbarcelonanoticias.com\/laliga\/oblak-se-moja-sobre-reencuentro-joao-felix-con-atletico_298599_102.html\" href=\"https:\/\/www.fcbarcelonanoticias.com\/en\/laliga\/oblak-wet-on-the-reunion-of-joao-felix-with-the-athletic_298599_102.html\" rel=\"follow\" target=\"_self\" title=\"Oblak se 'moja' sobre el reencuentro de Joao F\u00e9lix con el Atl\u00e9tico\">of Jan Oblak, on the impact that can have Antoine Griezmann and Joao F\u00e9lix<\/a>, have surprised the recent words of the international with France on the Portuguese, the one who is yielded in the picture blaugrana during this season.<\/p>  <h2>The words of Griezmann on Joao F\u00e9lix<\/h2>  <p>The &#8216;Principito&#8217;, that has turned into the leader and voice authorised of the changing room of the Athletic, has spoken on the fault of proof that had Joao F\u00e9lix in Madrid. And it is that it is not a secret for anybody that the attacker never could settle in the team of the &#8216;Cholo&#8217; Simeone by his true intermittence. Neither it achieved it during his cession in Chelsea and, now in the Bar\u00e7a, has been irregular: <strong>it Added 12 parties followed without seeing goal, before his goal against the Port wine. <\/strong><\/p>  <p>The true is that Griezmann has referred on the step of the Portuguese in the Athletic and aimed that &#8220;at the end when you arrive here know more or less how is the trainer, how is the team, and or join up you and work for this or do not go out you the things. <strong>Joao There were moments that did it very well, that worked very well, but it is necessary to be constant and the same arrived a moment where tired , no longer saw here <\/strong>and therefore it did the effort and the club also to leave him an exit&#8221;.<\/p>  <h2>Reunion between Griezmann and Joao F\u00e9lix<\/h2>  <p>Now, to the two players corresponds them coincide in the field, this time like rivals. They shared in the C\u00edvitas Metropolitan between 2021 and 2023, when it returned Griezmann of the Bar\u00e7a, and there are a lot of expectations on the performance of both in the party of this Sunday. They are called to get dressed of leaders and struggle by an essential victory. For the French, besides, would be a step forward in his attempt to turn into the maximum goleador of the history of the Athletic. <strong>It is to three targets to equalise the 173 of Luis Aragonese. <\/strong><\/p> ","protected":false},"excerpt":{"rendered":"<p>Antoine Griezmann has left some lapidary statements when talking about Joao F\u00e9lix and his time at Atl\u00e9tico de Madrid, in advance of the visit of the red and white team to FC Barcelona at the Estadi Ol\u00edmpic Llu\u00eds Compannys The Estadi Ol\u00edmpic Llu\u00eds Compannys will house, this Sunday from the 21:00 hours (9:00 PM CET), [&hellip;]<\/p>\n","protected":false},"author":0,"featured_media":28347,"comment_status":"closed","ping_status":"open","sticky":false,"template":"","format":"standard","meta":{"_acf_changed":false,"inline_featured_image":false,"_nextfly_llmd_date_locked":false,"footnotes":""},"categories":[114,448],"tags":[59,145,239],"class_list":["post-52025","post","type-post","status-publish","format-standard","has-post-thumbnail","hentry","category-laliga","category-laliga-2","tag-atletico-de-madrid","tag-griezmann","tag-joao-felix"],"acf":[],"yoast_head":"<!-- This site is optimized with the Yoast SEO plugin v27.3 - https:\/\/yoast.com\/product\/yoast-seo-wordpress\/ -->\n<title>&#039;Dardo&#039; of Griezmann to Joao F\u00e9lix before the Bar\u00e7a-Athletic<\/title>\n<meta name=\"description\" content=\"Antoine Griezmann has left some lapidarian statements to the hour to speak on Joao F\u00e9lix and his go through the Athletic of Madrid, in the previous of the visit of the group rojiblanco to the FC Barcelona in the Estadi Ol\u00edmpic Llu\u00eds Compannys\" \/>\n<meta name=\"robots\" content=\"index, follow, max-snippet:-1, max-image-preview:large, max-video-preview:-1\" \/>\n<link rel=\"canonical\" href=\"https:\/\/www.fcbarcelonanoticias.com\/en\/laliga\/dardo-of-griezmann-to-joao-felix-before-the-barca-athletic_298601_102.html\" \/>\n<meta property=\"og:locale\" content=\"en_US\" \/>\n<meta property=\"og:type\" content=\"article\" \/>\n<meta property=\"og:title\" content=\"&#039;Dardo&#039; of Griezmann to Joao F\u00e9lix before the Bar\u00e7a-Athletic\" \/>\n<meta property=\"og:description\" content=\"Antoine Griezmann has left some lapidarian statements to the hour to speak on Joao F\u00e9lix and his go through the Athletic of Madrid, in the previous of the visit of the group rojiblanco to the FC Barcelona in the Estadi Ol\u00edmpic Llu\u00eds Compannys\" \/>\n<meta property=\"og:url\" content=\"https:\/\/www.fcbarcelonanoticias.com\/en\/laliga\/dardo-of-griezmann-to-joao-felix-before-the-barca-athletic_298601_102.html\" \/>\n<meta property=\"og:site_name\" content=\"EN - FC Barcelona Noticias\" \/>\n<meta property=\"article:published_time\" content=\"2023-11-30T19:32:00+00:00\" \/>\n<meta property=\"article:modified_time\" content=\"2023-12-01T10:38:00+00:00\" \/>\n<meta property=\"og:image\" content=\"https:\/\/www.fcbarcelonanoticias.com\/en\/wp-content\/uploads\/sites\/2\/2024\/07\/joao-felix-y-antoine-griezmann-en-el-atletico-de-madrid.jpeg\" \/>\n\t<meta property=\"og:image:width\" content=\"1200\" \/>\n\t<meta property=\"og:image:height\" content=\"675\" \/>\n\t<meta property=\"og:image:type\" content=\"image\/jpeg\" \/>\n<meta name=\"twitter:card\" content=\"summary_large_image\" \/>\n<meta name=\"twitter:label1\" content=\"Est. reading time\" \/>\n\t<meta name=\"twitter:data1\" content=\"3 minutes\" \/>\n<script type=\"application\/ld+json\" class=\"yoast-schema-graph\">{\"@context\":\"https:\\\/\\\/schema.org\",\"@graph\":[{\"@type\":\"Article\",\"@id\":\"https:\\\/\\\/www.fcbarcelonanoticias.com\\\/en\\\/laliga\\\/dardo-of-griezmann-to-joao-felix-before-the-barca-athletic_298601_102.html#article\",\"isPartOf\":{\"@id\":\"https:\\\/\\\/www.fcbarcelonanoticias.com\\\/en\\\/laliga\\\/dardo-of-griezmann-to-joao-felix-before-the-barca-athletic_298601_102.html\"},\"author\":{\"name\":\"\",\"@id\":\"\"},\"headline\":\"&#8216;Dart&#8217; from Griezmann to Joao F\u00e9lix before Bar\u00e7a-Atl\u00e9tico\",\"datePublished\":\"2023-11-30T19:32:00+00:00\",\"dateModified\":\"2023-12-01T10:38:00+00:00\",\"mainEntityOfPage\":{\"@id\":\"https:\\\/\\\/www.fcbarcelonanoticias.com\\\/en\\\/laliga\\\/dardo-of-griezmann-to-joao-felix-before-the-barca-athletic_298601_102.html\"},\"wordCount\":515,\"image\":{\"@id\":\"https:\\\/\\\/www.fcbarcelonanoticias.com\\\/en\\\/laliga\\\/dardo-of-griezmann-to-joao-felix-before-the-barca-athletic_298601_102.html#primaryimage\"},\"thumbnailUrl\":\"https:\\\/\\\/www.fcbarcelonanoticias.com\\\/en\\\/wp-content\\\/uploads\\\/sites\\\/2\\\/2024\\\/07\\\/joao-felix-y-antoine-griezmann-en-el-atletico-de-madrid.jpeg\",\"keywords\":[\"Atl\u00e9tico de Madrid\",\"Griezmann\",\"Joao F\u00e9lix\"],\"articleSection\":[\"LaLiga\",\"LaLiga\"],\"inLanguage\":\"en-US\"},{\"@type\":\"WebPage\",\"@id\":\"https:\\\/\\\/www.fcbarcelonanoticias.com\\\/en\\\/laliga\\\/dardo-of-griezmann-to-joao-felix-before-the-barca-athletic_298601_102.html\",\"url\":\"https:\\\/\\\/www.fcbarcelonanoticias.com\\\/en\\\/laliga\\\/dardo-of-griezmann-to-joao-felix-before-the-barca-athletic_298601_102.html\",\"name\":\"'Dardo' of Griezmann to Joao F\u00e9lix before the Bar\u00e7a-Athletic\",\"isPartOf\":{\"@id\":\"https:\\\/\\\/www.fcbarcelonanoticias.com\\\/en\\\/#website\"},\"primaryImageOfPage\":{\"@id\":\"https:\\\/\\\/www.fcbarcelonanoticias.com\\\/en\\\/laliga\\\/dardo-of-griezmann-to-joao-felix-before-the-barca-athletic_298601_102.html#primaryimage\"},\"image\":{\"@id\":\"https:\\\/\\\/www.fcbarcelonanoticias.com\\\/en\\\/laliga\\\/dardo-of-griezmann-to-joao-felix-before-the-barca-athletic_298601_102.html#primaryimage\"},\"thumbnailUrl\":\"https:\\\/\\\/www.fcbarcelonanoticias.com\\\/en\\\/wp-content\\\/uploads\\\/sites\\\/2\\\/2024\\\/07\\\/joao-felix-y-antoine-griezmann-en-el-atletico-de-madrid.jpeg\",\"datePublished\":\"2023-11-30T19:32:00+00:00\",\"dateModified\":\"2023-12-01T10:38:00+00:00\",\"author\":{\"@id\":\"\"},\"description\":\"Antoine Griezmann has left some lapidarian statements to the hour to speak on Joao F\u00e9lix and his go through the Athletic of Madrid, in the previous of the visit of the group rojiblanco to the FC Barcelona in the Estadi Ol\u00edmpic Llu\u00eds Compannys\",\"breadcrumb\":{\"@id\":\"https:\\\/\\\/www.fcbarcelonanoticias.com\\\/en\\\/laliga\\\/dardo-of-griezmann-to-joao-felix-before-the-barca-athletic_298601_102.html#breadcrumb\"},\"inLanguage\":\"en-US\",\"potentialAction\":[{\"@type\":\"ReadAction\",\"target\":[\"https:\\\/\\\/www.fcbarcelonanoticias.com\\\/en\\\/laliga\\\/dardo-of-griezmann-to-joao-felix-before-the-barca-athletic_298601_102.html\"]}]},{\"@type\":\"ImageObject\",\"inLanguage\":\"en-US\",\"@id\":\"https:\\\/\\\/www.fcbarcelonanoticias.com\\\/en\\\/laliga\\\/dardo-of-griezmann-to-joao-felix-before-the-barca-athletic_298601_102.html#primaryimage\",\"url\":\"https:\\\/\\\/www.fcbarcelonanoticias.com\\\/en\\\/wp-content\\\/uploads\\\/sites\\\/2\\\/2024\\\/07\\\/joao-felix-y-antoine-griezmann-en-el-atletico-de-madrid.jpeg\",\"contentUrl\":\"https:\\\/\\\/www.fcbarcelonanoticias.com\\\/en\\\/wp-content\\\/uploads\\\/sites\\\/2\\\/2024\\\/07\\\/joao-felix-y-antoine-griezmann-en-el-atletico-de-madrid.jpeg\",\"width\":1200,\"height\":675},{\"@type\":\"BreadcrumbList\",\"@id\":\"https:\\\/\\\/www.fcbarcelonanoticias.com\\\/en\\\/laliga\\\/dardo-of-griezmann-to-joao-felix-before-the-barca-athletic_298601_102.html#breadcrumb\",\"itemListElement\":[{\"@type\":\"ListItem\",\"position\":1,\"name\":\"Portada\",\"item\":\"https:\\\/\\\/www.fcbarcelonanoticias.com\\\/en\\\/\"},{\"@type\":\"ListItem\",\"position\":2,\"name\":\"&#8216;Dart&#8217; from Griezmann to Joao F\u00e9lix before Bar\u00e7a-Atl\u00e9tico\"}]},{\"@type\":\"WebSite\",\"@id\":\"https:\\\/\\\/www.fcbarcelonanoticias.com\\\/en\\\/#website\",\"url\":\"https:\\\/\\\/www.fcbarcelonanoticias.com\\\/en\\\/\",\"name\":\"EN - FC Barcelona Noticias\",\"description\":\"\",\"potentialAction\":[{\"@type\":\"SearchAction\",\"target\":{\"@type\":\"EntryPoint\",\"urlTemplate\":\"https:\\\/\\\/www.fcbarcelonanoticias.com\\\/en\\\/?s={search_term_string}\"},\"query-input\":{\"@type\":\"PropertyValueSpecification\",\"valueRequired\":true,\"valueName\":\"search_term_string\"}}],\"inLanguage\":\"en-US\"}]}<\/script>\n<!-- \/ Yoast SEO plugin. -->","yoast_head_json":{"title":"'Dardo' of Griezmann to Joao F\u00e9lix before the Bar\u00e7a-Athletic","description":"Antoine Griezmann has left some lapidarian statements to the hour to speak on Joao F\u00e9lix and his go through the Athletic of Madrid, in the previous of the visit of the group rojiblanco to the FC Barcelona in the Estadi Ol\u00edmpic Llu\u00eds Compannys","robots":{"index":"index","follow":"follow","max-snippet":"max-snippet:-1","max-image-preview":"max-image-preview:large","max-video-preview":"max-video-preview:-1"},"canonical":"https:\/\/www.fcbarcelonanoticias.com\/en\/laliga\/dardo-of-griezmann-to-joao-felix-before-the-barca-athletic_298601_102.html","og_locale":"en_US","og_type":"article","og_title":"'Dardo' of Griezmann to Joao F\u00e9lix before the Bar\u00e7a-Athletic","og_description":"Antoine Griezmann has left some lapidarian statements to the hour to speak on Joao F\u00e9lix and his go through the Athletic of Madrid, in the previous of the visit of the group rojiblanco to the FC Barcelona in the Estadi Ol\u00edmpic Llu\u00eds Compannys","og_url":"https:\/\/www.fcbarcelonanoticias.com\/en\/laliga\/dardo-of-griezmann-to-joao-felix-before-the-barca-athletic_298601_102.html","og_site_name":"EN - FC Barcelona Noticias","article_published_time":"2023-11-30T19:32:00+00:00","article_modified_time":"2023-12-01T10:38:00+00:00","og_image":[{"width":1200,"height":675,"url":"https:\/\/www.fcbarcelonanoticias.com\/en\/wp-content\/uploads\/sites\/2\/2024\/07\/joao-felix-y-antoine-griezmann-en-el-atletico-de-madrid.jpeg","type":"image\/jpeg"}],"twitter_card":"summary_large_image","twitter_misc":{"Est. reading time":"3 minutes"},"schema":{"@context":"https:\/\/schema.org","@graph":[{"@type":"Article","@id":"https:\/\/www.fcbarcelonanoticias.com\/en\/laliga\/dardo-of-griezmann-to-joao-felix-before-the-barca-athletic_298601_102.html#article","isPartOf":{"@id":"https:\/\/www.fcbarcelonanoticias.com\/en\/laliga\/dardo-of-griezmann-to-joao-felix-before-the-barca-athletic_298601_102.html"},"author":{"name":"","@id":""},"headline":"&#8216;Dart&#8217; from Griezmann to Joao F\u00e9lix before Bar\u00e7a-Atl\u00e9tico","datePublished":"2023-11-30T19:32:00+00:00","dateModified":"2023-12-01T10:38:00+00:00","mainEntityOfPage":{"@id":"https:\/\/www.fcbarcelonanoticias.com\/en\/laliga\/dardo-of-griezmann-to-joao-felix-before-the-barca-athletic_298601_102.html"},"wordCount":515,"image":{"@id":"https:\/\/www.fcbarcelonanoticias.com\/en\/laliga\/dardo-of-griezmann-to-joao-felix-before-the-barca-athletic_298601_102.html#primaryimage"},"thumbnailUrl":"https:\/\/www.fcbarcelonanoticias.com\/en\/wp-content\/uploads\/sites\/2\/2024\/07\/joao-felix-y-antoine-griezmann-en-el-atletico-de-madrid.jpeg","keywords":["Atl\u00e9tico de Madrid","Griezmann","Joao F\u00e9lix"],"articleSection":["LaLiga","LaLiga"],"inLanguage":"en-US"},{"@type":"WebPage","@id":"https:\/\/www.fcbarcelonanoticias.com\/en\/laliga\/dardo-of-griezmann-to-joao-felix-before-the-barca-athletic_298601_102.html","url":"https:\/\/www.fcbarcelonanoticias.com\/en\/laliga\/dardo-of-griezmann-to-joao-felix-before-the-barca-athletic_298601_102.html","name":"'Dardo' of Griezmann to Joao F\u00e9lix before the Bar\u00e7a-Athletic","isPartOf":{"@id":"https:\/\/www.fcbarcelonanoticias.com\/en\/#website"},"primaryImageOfPage":{"@id":"https:\/\/www.fcbarcelonanoticias.com\/en\/laliga\/dardo-of-griezmann-to-joao-felix-before-the-barca-athletic_298601_102.html#primaryimage"},"image":{"@id":"https:\/\/www.fcbarcelonanoticias.com\/en\/laliga\/dardo-of-griezmann-to-joao-felix-before-the-barca-athletic_298601_102.html#primaryimage"},"thumbnailUrl":"https:\/\/www.fcbarcelonanoticias.com\/en\/wp-content\/uploads\/sites\/2\/2024\/07\/joao-felix-y-antoine-griezmann-en-el-atletico-de-madrid.jpeg","datePublished":"2023-11-30T19:32:00+00:00","dateModified":"2023-12-01T10:38:00+00:00","author":{"@id":""},"description":"Antoine Griezmann has left some lapidarian statements to the hour to speak on Joao F\u00e9lix and his go through the Athletic of Madrid, in the previous of the visit of the group rojiblanco to the FC Barcelona in the Estadi Ol\u00edmpic Llu\u00eds Compannys","breadcrumb":{"@id":"https:\/\/www.fcbarcelonanoticias.com\/en\/laliga\/dardo-of-griezmann-to-joao-felix-before-the-barca-athletic_298601_102.html#breadcrumb"},"inLanguage":"en-US","potentialAction":[{"@type":"ReadAction","target":["https:\/\/www.fcbarcelonanoticias.com\/en\/laliga\/dardo-of-griezmann-to-joao-felix-before-the-barca-athletic_298601_102.html"]}]},{"@type":"ImageObject","inLanguage":"en-US","@id":"https:\/\/www.fcbarcelonanoticias.com\/en\/laliga\/dardo-of-griezmann-to-joao-felix-before-the-barca-athletic_298601_102.html#primaryimage","url":"https:\/\/www.fcbarcelonanoticias.com\/en\/wp-content\/uploads\/sites\/2\/2024\/07\/joao-felix-y-antoine-griezmann-en-el-atletico-de-madrid.jpeg","contentUrl":"https:\/\/www.fcbarcelonanoticias.com\/en\/wp-content\/uploads\/sites\/2\/2024\/07\/joao-felix-y-antoine-griezmann-en-el-atletico-de-madrid.jpeg","width":1200,"height":675},{"@type":"BreadcrumbList","@id":"https:\/\/www.fcbarcelonanoticias.com\/en\/laliga\/dardo-of-griezmann-to-joao-felix-before-the-barca-athletic_298601_102.html#breadcrumb","itemListElement":[{"@type":"ListItem","position":1,"name":"Portada","item":"https:\/\/www.fcbarcelonanoticias.com\/en\/"},{"@type":"ListItem","position":2,"name":"&#8216;Dart&#8217; from Griezmann to Joao F\u00e9lix before Bar\u00e7a-Atl\u00e9tico"}]},{"@type":"WebSite","@id":"https:\/\/www.fcbarcelonanoticias.com\/en\/#website","url":"https:\/\/www.fcbarcelonanoticias.com\/en\/","name":"EN - FC Barcelona Noticias","description":"","potentialAction":[{"@type":"SearchAction","target":{"@type":"EntryPoint","urlTemplate":"https:\/\/www.fcbarcelonanoticias.com\/en\/?s={search_term_string}"},"query-input":{"@type":"PropertyValueSpecification","valueRequired":true,"valueName":"search_term_string"}}],"inLanguage":"en-US"}]}},"_links":{"self":[{"href":"https:\/\/www.fcbarcelonanoticias.com\/en\/wp-json\/wp\/v2\/posts\/52025","targetHints":{"allow":["GET"]}}],"collection":[{"href":"https:\/\/www.fcbarcelonanoticias.com\/en\/wp-json\/wp\/v2\/posts"}],"about":[{"href":"https:\/\/www.fcbarcelonanoticias.com\/en\/wp-json\/wp\/v2\/types\/post"}],"replies":[{"embeddable":true,"href":"https:\/\/www.fcbarcelonanoticias.com\/en\/wp-json\/wp\/v2\/comments?post=52025"}],"version-history":[{"count":1,"href":"https:\/\/www.fcbarcelonanoticias.com\/en\/wp-json\/wp\/v2\/posts\/52025\/revisions"}],"predecessor-version":[{"id":116276,"href":"https:\/\/www.fcbarcelonanoticias.com\/en\/wp-json\/wp\/v2\/posts\/52025\/revisions\/116276"}],"wp:featuredmedia":[{"embeddable":true,"href":"https:\/\/www.fcbarcelonanoticias.com\/en\/wp-json\/wp\/v2\/media\/28347"}],"wp:attachment":[{"href":"https:\/\/www.fcbarcelonanoticias.com\/en\/wp-json\/wp\/v2\/media?parent=52025"}],"wp:term":[{"taxonomy":"category","embeddable":true,"href":"https:\/\/www.fcbarcelonanoticias.com\/en\/wp-json\/wp\/v2\/categories?post=52025"},{"taxonomy":"post_tag","embeddable":true,"href":"https:\/\/www.fcbarcelonanoticias.com\/en\/wp-json\/wp\/v2\/tags?post=52025"}],"curies":[{"name":"wp","href":"https:\/\/api.w.org\/{rel}","templated":true}]}}