{"id":52069,"date":"2026-01-25T20:34:00","date_gmt":"2026-01-25T19:34:00","guid":{"rendered":"https:\/\/weisetech.dev\/fc-barcelona-noticias\/en\/dani-olmo-barca-mvp-against-oviedo-with-goal-and-an-assist_315839_102\/"},"modified":"2026-03-27T11:32:53","modified_gmt":"2026-03-27T10:32:53","slug":"dani-olmo-barca-mvp-against-oviedo-with-goal-and-an-assist_315839_102","status":"publish","type":"post","link":"https:\/\/www.fcbarcelonanoticias.com\/en\/laliga\/dani-olmo-barca-mvp-against-oviedo-with-goal-and-an-assist_315839_102.html","title":{"rendered":"Dani Olmo: Bar\u00e7a&#8217;s MVP against Oviedo with a goal and an assist"},"content":{"rendered":"<h2 class=\"wp-block-heading\">Dani Olmo was Bar\u00e7a&#8217;s standout player in LaLiga Matchday 21. The Terrassa native, a starter against Oviedo, scored the first goal that set the Blaugrana on their way to a rout. He also provided an assist to Lamine Yamal just before leaving the field<\/h2>  \r\n<div class=\"article-addons\">\r\n    <a href=\"https:\/\/www.fcbarcelonanoticias.com\/en\/calendar-fc-barcelona.html\"\r\n       target=\"_self\"\r\n       title=\"Calendar of FC Barcelona\"\r\n       class=\"blue-gredient-btn\">\r\n       \r\n        Calendar of FC Barcelona    <\/a>\r\n<\/div>   <p><a data-external=\"0\" data-intl-links-en=\"https:\/\/www.fcbarcelonanoticias.com\/en\/laliga\/barcelona-3-0-oviedo-laliga-leaders-show-their-striking-power_315835_102.html\" data-intl-links-es=\"https:\/\/www.fcbarcelonanoticias.com\/laliga\/barcelona-3-0-oviedo-lider-laliga-exhibe-pegada-ante-colista_315835_102.html\" href=\"https:\/\/www.fcbarcelonanoticias.com\/en\/laliga\/barcelona-3-0-oviedo-laliga-leaders-show-their-striking-power_315835_102.html\" rel=\"follow\" target=\"_self\" title=\"Barcelona 3-0 Oviedo: el l\u00edder de LaLiga exhibe su pegada ante el colista\">FC Barcelona thrashed Real Oviedo (3-0)<\/a> on matchday 21 of <strong>LaLiga EA Sports 2025\/26<\/strong> in the Catalan team&#8217;s return to Spotify Camp Nou. <strong>Dani Olmo<\/strong>, who was injured at the cul\u00e9 temple last December 2nd after scoring against <a data-external=\"0\" data-intl-links-en=\"https:\/\/www.fcbarcelonanoticias.com\/en\/laliga\/dani-olmo-penalty-drawn-goal-and-shoulder-injury_315401_102.html\" data-intl-links-es=\"https:\/\/www.fcbarcelonanoticias.com\/laliga\/dani-olmo-penalti-provocado-gol-lesion-hombro_315401_102.html\" href=\"https:\/\/www.fcbarcelonanoticias.com\/en\/laliga\/dani-olmo-penalty-drawn-goal-and-shoulder-injury_315401_102.html\" rel=\"follow\" target=\"_self\" title=\"Dani Olmo: penalti provocado, gol \u00a1y lesi\u00f3n en el hombro!\">Atl\u00e9tico de Madrid (3-1<\/a>), once again found the back of the net, this time on a perfect day for the Terrassa native<\/p>  <p>The &#8217;20&#8217; made it 1-0 in the 52nd minute, after two consecutive errors by the Oviedo defense, caused by the high press of Lamine Yamal and Raphinha. Dani took advantage of a loose ball inside the box to score with a cross shot, leaving the goalkeeper Aar\u00f3n Escandell, who had been the standout player for the Asturians until then, with no chance<\/p>  <h2>10 goals produced for Dani Olmo in 25\/26<\/h2>  <p>For Olmo, this was his seventh goal of the season, his sixth in the last 11 games with the Catalan team. The 27-year-old midfielder also capped off a great day with an assist for Lamine in the 73rd minute. A mid-height cross from the &#8217;20&#8217; allowed the Matar\u00f3 native to invent a fantastic overhead kick that sealed the league leaders&#8217; rout.<\/p>  <div class=\"media media-image\" data-ck-asset-wrapper=\"\"> <div class=\"media-item\"> <img loading=\"lazy\" decoding=\"async\" alt=\"Dani Olmo celebrating Bar\u00e7a's partial 1-0 lead against Oviedo\" data-id=\"1539895\" data-resize=\"9\" height=\"563\" src=\"https:\/\/www.fcbarcelonanoticias.com\/wp-content\/uploads\/sites\/2\/2026\/01\/fcbn-96bdc0bbbe80431435cc659e046a6ef2.jpeg\" title=\"Dani Olmo celebrating Bar\u00e7a's partial 1-0 lead against Oviedo\" width=\"1000\"><div class=\"media-title\">Dani Olmo celebrating Bar\u00e7a&#8217;s partial 1-0 lead against Oviedo<\/div> <\/div> <\/div>  <p>Just after Bar\u00e7a&#8217;s third goal, Hansi Flick brought on <strong>Marc Berrnal<\/strong> for Dani Olmo, who has now produced <strong>10 goals in 24 appearances (7G\/3A<\/strong>) this season. The Catalan footballer missed 5 league games, 2 Champions League games, and 1 Copa del Rey game due to injury, but he continues to respond to Flick&#8217;s trust at very opportune moments.<\/p>  <p>Against <a data-external=\"0\" data-intl-links-en=\"https:\/\/www.fcbarcelonanoticias.com\/en\/laliga\/dani-olmo-reappeared-with-great-goal-his-fifth-of-25-26_315668_102.html\" data-intl-links-es=\"https:\/\/www.fcbarcelonanoticias.com\/laliga\/dani-olmo-reaparece-con-golazo-encaminar-victoria-barcelona-cornella_315668_102.html\" href=\"https:\/\/www.fcbarcelonanoticias.com\/en\/laliga\/dani-olmo-reappeared-with-great-goal-his-fifth-of-25-26_315668_102.html\" rel=\"follow\" target=\"_self\" title=\"Dani Olmo reaparece con un golazo para encarrilar la victoria del Bar\u00e7a en Cornell\u00e0\">Espanyol<\/a>, on matchday 18, he also scored a great goal that paved the way for Bar\u00e7a&#8217;s victory in Cornell\u00e0. Against <a data-external=\"0\" data-intl-links-en=\"https:\/\/www.fcbarcelonanoticias.com\/en\/champions-league\/dani-olmo-once-again-responded-as-substitute-with-great-goal_315820_102.html\" data-intl-links-es=\"https:\/\/www.fcbarcelonanoticias.com\/champions-league\/dani-olmo-volvio-responder-como-revulsivo-con-golazo_315820_102.html\" href=\"https:\/\/www.fcbarcelonanoticias.com\/en\/champions-league\/dani-olmo-once-again-responded-as-substitute-with-great-goal_315820_102.html\" rel=\"follow\" target=\"_self\" title=\"Dani Olmo volvi\u00f3 a responder como revulsivo con un golazo\">Slavia Prague<\/a>, he had also scored an impressive goal right after coming on, which made it 2-3 in a very difficult match for the Catalans.<\/p>  <p>&#8220;He has improved a lot in the last two games, he scores, he assists, he controls&#8230; This is what I want from him,&#8221; Flick said about Olmo at the press conference after the victory against Oviedo. With Pedri injured, Dani will continue to have many opportunities in the next four weeks, during which Bar\u00e7a will play at least 6 key matches between the League, Cup, and Champions League.<\/p>  <h2>Dani Olmo&#8217;s records against Real Oviedo<\/h2>  <ol> <li> <strong>Minutes played<\/strong>: 75<\/li> \t<li> <strong>Goals<\/strong>: 1<\/li> \t<li> <strong>Assists<\/strong>: 1<\/li> \t<li> <strong>Chances created<\/strong>: 1<\/li> \t<li> <strong>Completed passes<\/strong>: 44 of 49 (90%)<\/li> \t<li> <strong>Duels won<\/strong>: 2 of 2 (100%)<\/li> \t<li> <strong>Defensive actions<\/strong>: 5<\/li> \t<li> <strong>Dribbles<\/strong>: 1<\/li> \t<li> <strong>Shots on target<\/strong>: 1 of 4 (25%)<\/li> \t<li> <strong>Balls recovered<\/strong>: 4<\/li> <\/ol> ","protected":false},"excerpt":{"rendered":"<p>Dani Olmo was Bar\u00e7a&#8217;s standout player in LaLiga Matchday 21. The Terrassa native, a starter against Oviedo, scored the first goal that set the Blaugrana on their way to a rout. He also provided an assist to Lamine Yamal just before leaving the field FC Barcelona thrashed Real Oviedo (3-0) on matchday 21 of LaLiga [&hellip;]<\/p>\n","protected":false},"author":347,"featured_media":52070,"comment_status":"closed","ping_status":"open","sticky":false,"template":"","format":"standard","meta":{"_acf_changed":false,"inline_featured_image":false,"_nextfly_llmd_date_locked":false,"footnotes":""},"categories":[448,114],"tags":[275,78,232],"class_list":["post-52069","post","type-post","status-publish","format-standard","has-post-thumbnail","hentry","category-laliga-2","category-laliga","tag-dani-olmo","tag-fc-barcelona-vs-oviedo-news-matches-and-results","tag-mvp"],"acf":[],"yoast_head":"<!-- This site is optimized with the Yoast SEO plugin v27.3 - https:\/\/yoast.com\/product\/yoast-seo-wordpress\/ -->\n<title>Dani Olmo: Bar\u00e7a&#039;s MVP against Oviedo with a goal and an assist<\/title>\n<meta name=\"description\" content=\"Dani Olmo was the star for Bar\u00e7a against Oviedo, scoring the first goal that set the Blaugrana on their way to a rout. He also provided an assist for Lamine Yamal\" \/>\n<meta name=\"robots\" content=\"index, follow, max-snippet:-1, max-image-preview:large, max-video-preview:-1\" \/>\n<link rel=\"canonical\" href=\"https:\/\/www.fcbarcelonanoticias.com\/en\/laliga\/dani-olmo-barca-mvp-against-oviedo-with-goal-and-an-assist_315839_102.html\" \/>\n<meta property=\"og:locale\" content=\"en_US\" \/>\n<meta property=\"og:type\" content=\"article\" \/>\n<meta property=\"og:title\" content=\"Dani Olmo: Bar\u00e7a&#039;s MVP against Oviedo with a goal and an assist\" \/>\n<meta property=\"og:description\" content=\"Dani Olmo was the star for Bar\u00e7a against Oviedo, scoring the first goal that set the Blaugrana on their way to a rout. He also provided an assist for Lamine Yamal\" \/>\n<meta property=\"og:url\" content=\"https:\/\/www.fcbarcelonanoticias.com\/en\/laliga\/dani-olmo-barca-mvp-against-oviedo-with-goal-and-an-assist_315839_102.html\" \/>\n<meta property=\"og:site_name\" content=\"EN - FC Barcelona Noticias\" \/>\n<meta property=\"article:published_time\" content=\"2026-01-25T19:34:00+00:00\" \/>\n<meta property=\"article:modified_time\" content=\"2026-03-27T10:32:53+00:00\" \/>\n<meta property=\"og:image\" content=\"https:\/\/www.fcbarcelonanoticias.com\/en\/wp-content\/uploads\/sites\/2\/2026\/01\/dani-olmo-v-real-oviedo-laliga-25-26-2.jpeg\" \/>\n\t<meta property=\"og:image:width\" content=\"1300\" \/>\n\t<meta property=\"og:image:height\" content=\"732\" \/>\n\t<meta property=\"og:image:type\" content=\"image\/jpeg\" \/>\n<meta name=\"author\" content=\"Andr\u00e9s Quiroz\" \/>\n<meta name=\"twitter:card\" content=\"summary_large_image\" \/>\n<meta name=\"twitter:label1\" content=\"Written by\" \/>\n\t<meta name=\"twitter:data1\" content=\"Andr\u00e9s Quiroz\" \/>\n\t<meta name=\"twitter:label2\" content=\"Est. reading time\" \/>\n\t<meta name=\"twitter:data2\" content=\"2 minutes\" \/>\n<script type=\"application\/ld+json\" class=\"yoast-schema-graph\">{\"@context\":\"https:\\\/\\\/schema.org\",\"@graph\":[{\"@type\":\"Article\",\"@id\":\"https:\\\/\\\/www.fcbarcelonanoticias.com\\\/en\\\/laliga\\\/dani-olmo-barca-mvp-against-oviedo-with-goal-and-an-assist_315839_102.html#article\",\"isPartOf\":{\"@id\":\"https:\\\/\\\/www.fcbarcelonanoticias.com\\\/en\\\/laliga\\\/dani-olmo-barca-mvp-against-oviedo-with-goal-and-an-assist_315839_102.html\"},\"author\":{\"name\":\"Andr\u00e9s Quiroz\",\"@id\":\"https:\\\/\\\/www.fcbarcelonanoticias.com\\\/en\\\/#\\\/schema\\\/person\\\/c2cd9f6fa1af5c0d0eccd0fefa575c88\"},\"headline\":\"Dani Olmo: Bar\u00e7a&#8217;s MVP against Oviedo with a goal and an assist\",\"datePublished\":\"2026-01-25T19:34:00+00:00\",\"dateModified\":\"2026-03-27T10:32:53+00:00\",\"mainEntityOfPage\":{\"@id\":\"https:\\\/\\\/www.fcbarcelonanoticias.com\\\/en\\\/laliga\\\/dani-olmo-barca-mvp-against-oviedo-with-goal-and-an-assist_315839_102.html\"},\"wordCount\":457,\"image\":{\"@id\":\"https:\\\/\\\/www.fcbarcelonanoticias.com\\\/en\\\/laliga\\\/dani-olmo-barca-mvp-against-oviedo-with-goal-and-an-assist_315839_102.html#primaryimage\"},\"thumbnailUrl\":\"https:\\\/\\\/www.fcbarcelonanoticias.com\\\/en\\\/wp-content\\\/uploads\\\/sites\\\/2\\\/2026\\\/01\\\/dani-olmo-v-real-oviedo-laliga-25-26-2.jpeg\",\"keywords\":[\"Dani Olmo\",\"FC Barcelona vs Real Oviedo\",\"MVP FC Barcelona\"],\"articleSection\":[\"LaLiga\",\"LaLiga\"],\"inLanguage\":\"en-US\"},{\"@type\":\"WebPage\",\"@id\":\"https:\\\/\\\/www.fcbarcelonanoticias.com\\\/en\\\/laliga\\\/dani-olmo-barca-mvp-against-oviedo-with-goal-and-an-assist_315839_102.html\",\"url\":\"https:\\\/\\\/www.fcbarcelonanoticias.com\\\/en\\\/laliga\\\/dani-olmo-barca-mvp-against-oviedo-with-goal-and-an-assist_315839_102.html\",\"name\":\"Dani Olmo: Bar\u00e7a's MVP against Oviedo with a goal and an assist\",\"isPartOf\":{\"@id\":\"https:\\\/\\\/www.fcbarcelonanoticias.com\\\/en\\\/#website\"},\"primaryImageOfPage\":{\"@id\":\"https:\\\/\\\/www.fcbarcelonanoticias.com\\\/en\\\/laliga\\\/dani-olmo-barca-mvp-against-oviedo-with-goal-and-an-assist_315839_102.html#primaryimage\"},\"image\":{\"@id\":\"https:\\\/\\\/www.fcbarcelonanoticias.com\\\/en\\\/laliga\\\/dani-olmo-barca-mvp-against-oviedo-with-goal-and-an-assist_315839_102.html#primaryimage\"},\"thumbnailUrl\":\"https:\\\/\\\/www.fcbarcelonanoticias.com\\\/en\\\/wp-content\\\/uploads\\\/sites\\\/2\\\/2026\\\/01\\\/dani-olmo-v-real-oviedo-laliga-25-26-2.jpeg\",\"datePublished\":\"2026-01-25T19:34:00+00:00\",\"dateModified\":\"2026-03-27T10:32:53+00:00\",\"author\":{\"@id\":\"https:\\\/\\\/www.fcbarcelonanoticias.com\\\/en\\\/#\\\/schema\\\/person\\\/c2cd9f6fa1af5c0d0eccd0fefa575c88\"},\"description\":\"Dani Olmo was the star for Bar\u00e7a against Oviedo, scoring the first goal that set the Blaugrana on their way to a rout. He also provided an assist for Lamine Yamal\",\"breadcrumb\":{\"@id\":\"https:\\\/\\\/www.fcbarcelonanoticias.com\\\/en\\\/laliga\\\/dani-olmo-barca-mvp-against-oviedo-with-goal-and-an-assist_315839_102.html#breadcrumb\"},\"inLanguage\":\"en-US\",\"potentialAction\":[{\"@type\":\"ReadAction\",\"target\":[\"https:\\\/\\\/www.fcbarcelonanoticias.com\\\/en\\\/laliga\\\/dani-olmo-barca-mvp-against-oviedo-with-goal-and-an-assist_315839_102.html\"]}]},{\"@type\":\"ImageObject\",\"inLanguage\":\"en-US\",\"@id\":\"https:\\\/\\\/www.fcbarcelonanoticias.com\\\/en\\\/laliga\\\/dani-olmo-barca-mvp-against-oviedo-with-goal-and-an-assist_315839_102.html#primaryimage\",\"url\":\"https:\\\/\\\/www.fcbarcelonanoticias.com\\\/en\\\/wp-content\\\/uploads\\\/sites\\\/2\\\/2026\\\/01\\\/dani-olmo-v-real-oviedo-laliga-25-26-2.jpeg\",\"contentUrl\":\"https:\\\/\\\/www.fcbarcelonanoticias.com\\\/en\\\/wp-content\\\/uploads\\\/sites\\\/2\\\/2026\\\/01\\\/dani-olmo-v-real-oviedo-laliga-25-26-2.jpeg\",\"width\":1300,\"height\":732},{\"@type\":\"BreadcrumbList\",\"@id\":\"https:\\\/\\\/www.fcbarcelonanoticias.com\\\/en\\\/laliga\\\/dani-olmo-barca-mvp-against-oviedo-with-goal-and-an-assist_315839_102.html#breadcrumb\",\"itemListElement\":[{\"@type\":\"ListItem\",\"position\":1,\"name\":\"Portada\",\"item\":\"https:\\\/\\\/www.fcbarcelonanoticias.com\\\/en\\\/\"},{\"@type\":\"ListItem\",\"position\":2,\"name\":\"Dani Olmo: Bar\u00e7a&#8217;s MVP against Oviedo with a goal and an assist\"}]},{\"@type\":\"WebSite\",\"@id\":\"https:\\\/\\\/www.fcbarcelonanoticias.com\\\/en\\\/#website\",\"url\":\"https:\\\/\\\/www.fcbarcelonanoticias.com\\\/en\\\/\",\"name\":\"EN - FC Barcelona Noticias\",\"description\":\"\",\"potentialAction\":[{\"@type\":\"SearchAction\",\"target\":{\"@type\":\"EntryPoint\",\"urlTemplate\":\"https:\\\/\\\/www.fcbarcelonanoticias.com\\\/en\\\/?s={search_term_string}\"},\"query-input\":{\"@type\":\"PropertyValueSpecification\",\"valueRequired\":true,\"valueName\":\"search_term_string\"}}],\"inLanguage\":\"en-US\"},{\"@type\":\"Person\",\"@id\":\"https:\\\/\\\/www.fcbarcelonanoticias.com\\\/en\\\/#\\\/schema\\\/person\\\/c2cd9f6fa1af5c0d0eccd0fefa575c88\",\"name\":\"Andr\u00e9s Quiroz\",\"image\":{\"@type\":\"ImageObject\",\"inLanguage\":\"en-US\",\"@id\":\"https:\\\/\\\/secure.gravatar.com\\\/avatar\\\/?s=96&d=mm&r=g\",\"url\":\"https:\\\/\\\/secure.gravatar.com\\\/avatar\\\/?s=96&d=mm&r=g\",\"contentUrl\":\"https:\\\/\\\/secure.gravatar.com\\\/avatar\\\/?s=96&d=mm&r=g\",\"caption\":\"Andr\u00e9s Quiroz\"},\"description\":\"Licenciado en Periodismo por la Universidad de los Andes. Me encargo de analizar y compartir los contenidos m\u00e1s destacados de la\u00a0actualidad del F\u00fatbol Club Barcelona, Mercado de Fichajes y F\u00fatbol Internacional en FCBN. La informaci\u00f3n es poder, pero tambi\u00e9n conocimiento.\",\"url\":\"https:\\\/\\\/www.fcbarcelonanoticias.com\\\/en\\\/fc-barcelona\\\/andres-quiroz_17_115.html\"}]}<\/script>\n<!-- \/ Yoast SEO plugin. -->","yoast_head_json":{"title":"Dani Olmo: Bar\u00e7a's MVP against Oviedo with a goal and an assist","description":"Dani Olmo was the star for Bar\u00e7a against Oviedo, scoring the first goal that set the Blaugrana on their way to a rout. He also provided an assist for Lamine Yamal","robots":{"index":"index","follow":"follow","max-snippet":"max-snippet:-1","max-image-preview":"max-image-preview:large","max-video-preview":"max-video-preview:-1"},"canonical":"https:\/\/www.fcbarcelonanoticias.com\/en\/laliga\/dani-olmo-barca-mvp-against-oviedo-with-goal-and-an-assist_315839_102.html","og_locale":"en_US","og_type":"article","og_title":"Dani Olmo: Bar\u00e7a's MVP against Oviedo with a goal and an assist","og_description":"Dani Olmo was the star for Bar\u00e7a against Oviedo, scoring the first goal that set the Blaugrana on their way to a rout. He also provided an assist for Lamine Yamal","og_url":"https:\/\/www.fcbarcelonanoticias.com\/en\/laliga\/dani-olmo-barca-mvp-against-oviedo-with-goal-and-an-assist_315839_102.html","og_site_name":"EN - FC Barcelona Noticias","article_published_time":"2026-01-25T19:34:00+00:00","article_modified_time":"2026-03-27T10:32:53+00:00","og_image":[{"width":1300,"height":732,"url":"https:\/\/www.fcbarcelonanoticias.com\/en\/wp-content\/uploads\/sites\/2\/2026\/01\/dani-olmo-v-real-oviedo-laliga-25-26-2.jpeg","type":"image\/jpeg"}],"author":"Andr\u00e9s Quiroz","twitter_card":"summary_large_image","twitter_misc":{"Written by":"Andr\u00e9s Quiroz","Est. reading time":"2 minutes"},"schema":{"@context":"https:\/\/schema.org","@graph":[{"@type":"Article","@id":"https:\/\/www.fcbarcelonanoticias.com\/en\/laliga\/dani-olmo-barca-mvp-against-oviedo-with-goal-and-an-assist_315839_102.html#article","isPartOf":{"@id":"https:\/\/www.fcbarcelonanoticias.com\/en\/laliga\/dani-olmo-barca-mvp-against-oviedo-with-goal-and-an-assist_315839_102.html"},"author":{"name":"Andr\u00e9s Quiroz","@id":"https:\/\/www.fcbarcelonanoticias.com\/en\/#\/schema\/person\/c2cd9f6fa1af5c0d0eccd0fefa575c88"},"headline":"Dani Olmo: Bar\u00e7a&#8217;s MVP against Oviedo with a goal and an assist","datePublished":"2026-01-25T19:34:00+00:00","dateModified":"2026-03-27T10:32:53+00:00","mainEntityOfPage":{"@id":"https:\/\/www.fcbarcelonanoticias.com\/en\/laliga\/dani-olmo-barca-mvp-against-oviedo-with-goal-and-an-assist_315839_102.html"},"wordCount":457,"image":{"@id":"https:\/\/www.fcbarcelonanoticias.com\/en\/laliga\/dani-olmo-barca-mvp-against-oviedo-with-goal-and-an-assist_315839_102.html#primaryimage"},"thumbnailUrl":"https:\/\/www.fcbarcelonanoticias.com\/en\/wp-content\/uploads\/sites\/2\/2026\/01\/dani-olmo-v-real-oviedo-laliga-25-26-2.jpeg","keywords":["Dani Olmo","FC Barcelona vs Real Oviedo","MVP FC Barcelona"],"articleSection":["LaLiga","LaLiga"],"inLanguage":"en-US"},{"@type":"WebPage","@id":"https:\/\/www.fcbarcelonanoticias.com\/en\/laliga\/dani-olmo-barca-mvp-against-oviedo-with-goal-and-an-assist_315839_102.html","url":"https:\/\/www.fcbarcelonanoticias.com\/en\/laliga\/dani-olmo-barca-mvp-against-oviedo-with-goal-and-an-assist_315839_102.html","name":"Dani Olmo: Bar\u00e7a's MVP against Oviedo with a goal and an assist","isPartOf":{"@id":"https:\/\/www.fcbarcelonanoticias.com\/en\/#website"},"primaryImageOfPage":{"@id":"https:\/\/www.fcbarcelonanoticias.com\/en\/laliga\/dani-olmo-barca-mvp-against-oviedo-with-goal-and-an-assist_315839_102.html#primaryimage"},"image":{"@id":"https:\/\/www.fcbarcelonanoticias.com\/en\/laliga\/dani-olmo-barca-mvp-against-oviedo-with-goal-and-an-assist_315839_102.html#primaryimage"},"thumbnailUrl":"https:\/\/www.fcbarcelonanoticias.com\/en\/wp-content\/uploads\/sites\/2\/2026\/01\/dani-olmo-v-real-oviedo-laliga-25-26-2.jpeg","datePublished":"2026-01-25T19:34:00+00:00","dateModified":"2026-03-27T10:32:53+00:00","author":{"@id":"https:\/\/www.fcbarcelonanoticias.com\/en\/#\/schema\/person\/c2cd9f6fa1af5c0d0eccd0fefa575c88"},"description":"Dani Olmo was the star for Bar\u00e7a against Oviedo, scoring the first goal that set the Blaugrana on their way to a rout. He also provided an assist for Lamine Yamal","breadcrumb":{"@id":"https:\/\/www.fcbarcelonanoticias.com\/en\/laliga\/dani-olmo-barca-mvp-against-oviedo-with-goal-and-an-assist_315839_102.html#breadcrumb"},"inLanguage":"en-US","potentialAction":[{"@type":"ReadAction","target":["https:\/\/www.fcbarcelonanoticias.com\/en\/laliga\/dani-olmo-barca-mvp-against-oviedo-with-goal-and-an-assist_315839_102.html"]}]},{"@type":"ImageObject","inLanguage":"en-US","@id":"https:\/\/www.fcbarcelonanoticias.com\/en\/laliga\/dani-olmo-barca-mvp-against-oviedo-with-goal-and-an-assist_315839_102.html#primaryimage","url":"https:\/\/www.fcbarcelonanoticias.com\/en\/wp-content\/uploads\/sites\/2\/2026\/01\/dani-olmo-v-real-oviedo-laliga-25-26-2.jpeg","contentUrl":"https:\/\/www.fcbarcelonanoticias.com\/en\/wp-content\/uploads\/sites\/2\/2026\/01\/dani-olmo-v-real-oviedo-laliga-25-26-2.jpeg","width":1300,"height":732},{"@type":"BreadcrumbList","@id":"https:\/\/www.fcbarcelonanoticias.com\/en\/laliga\/dani-olmo-barca-mvp-against-oviedo-with-goal-and-an-assist_315839_102.html#breadcrumb","itemListElement":[{"@type":"ListItem","position":1,"name":"Portada","item":"https:\/\/www.fcbarcelonanoticias.com\/en\/"},{"@type":"ListItem","position":2,"name":"Dani Olmo: Bar\u00e7a&#8217;s MVP against Oviedo with a goal and an assist"}]},{"@type":"WebSite","@id":"https:\/\/www.fcbarcelonanoticias.com\/en\/#website","url":"https:\/\/www.fcbarcelonanoticias.com\/en\/","name":"EN - FC Barcelona Noticias","description":"","potentialAction":[{"@type":"SearchAction","target":{"@type":"EntryPoint","urlTemplate":"https:\/\/www.fcbarcelonanoticias.com\/en\/?s={search_term_string}"},"query-input":{"@type":"PropertyValueSpecification","valueRequired":true,"valueName":"search_term_string"}}],"inLanguage":"en-US"},{"@type":"Person","@id":"https:\/\/www.fcbarcelonanoticias.com\/en\/#\/schema\/person\/c2cd9f6fa1af5c0d0eccd0fefa575c88","name":"Andr\u00e9s Quiroz","image":{"@type":"ImageObject","inLanguage":"en-US","@id":"https:\/\/secure.gravatar.com\/avatar\/?s=96&d=mm&r=g","url":"https:\/\/secure.gravatar.com\/avatar\/?s=96&d=mm&r=g","contentUrl":"https:\/\/secure.gravatar.com\/avatar\/?s=96&d=mm&r=g","caption":"Andr\u00e9s Quiroz"},"description":"Licenciado en Periodismo por la Universidad de los Andes. Me encargo de analizar y compartir los contenidos m\u00e1s destacados de la\u00a0actualidad del F\u00fatbol Club Barcelona, Mercado de Fichajes y F\u00fatbol Internacional en FCBN. La informaci\u00f3n es poder, pero tambi\u00e9n conocimiento.","url":"https:\/\/www.fcbarcelonanoticias.com\/en\/fc-barcelona\/andres-quiroz_17_115.html"}]}},"_links":{"self":[{"href":"https:\/\/www.fcbarcelonanoticias.com\/en\/wp-json\/wp\/v2\/posts\/52069","targetHints":{"allow":["GET"]}}],"collection":[{"href":"https:\/\/www.fcbarcelonanoticias.com\/en\/wp-json\/wp\/v2\/posts"}],"about":[{"href":"https:\/\/www.fcbarcelonanoticias.com\/en\/wp-json\/wp\/v2\/types\/post"}],"author":[{"embeddable":true,"href":"https:\/\/www.fcbarcelonanoticias.com\/en\/wp-json\/wp\/v2\/users\/347"}],"replies":[{"embeddable":true,"href":"https:\/\/www.fcbarcelonanoticias.com\/en\/wp-json\/wp\/v2\/comments?post=52069"}],"version-history":[{"count":2,"href":"https:\/\/www.fcbarcelonanoticias.com\/en\/wp-json\/wp\/v2\/posts\/52069\/revisions"}],"predecessor-version":[{"id":159106,"href":"https:\/\/www.fcbarcelonanoticias.com\/en\/wp-json\/wp\/v2\/posts\/52069\/revisions\/159106"}],"wp:featuredmedia":[{"embeddable":true,"href":"https:\/\/www.fcbarcelonanoticias.com\/en\/wp-json\/wp\/v2\/media\/52070"}],"wp:attachment":[{"href":"https:\/\/www.fcbarcelonanoticias.com\/en\/wp-json\/wp\/v2\/media?parent=52069"}],"wp:term":[{"taxonomy":"category","embeddable":true,"href":"https:\/\/www.fcbarcelonanoticias.com\/en\/wp-json\/wp\/v2\/categories?post=52069"},{"taxonomy":"post_tag","embeddable":true,"href":"https:\/\/www.fcbarcelonanoticias.com\/en\/wp-json\/wp\/v2\/tags?post=52069"}],"curies":[{"name":"wp","href":"https:\/\/api.w.org\/{rel}","templated":true}]}}