{"id":52077,"date":"2025-12-02T22:54:00","date_gmt":"2025-12-02T21:54:00","guid":{"rendered":"https:\/\/weisetech.dev\/fc-barcelona-noticias\/en\/dani-olmo-penalty-drawn-goal-and-shoulder-injury_315401_102\/"},"modified":"2025-12-03T01:24:00","modified_gmt":"2025-12-03T00:24:00","slug":"dani-olmo-penalty-drawn-goal-and-shoulder-injury_315401_102","status":"publish","type":"post","link":"https:\/\/www.fcbarcelonanoticias.com\/en\/laliga\/dani-olmo-penalty-drawn-goal-and-shoulder-injury_315401_102.html","title":{"rendered":"Dani Olmo: penalty drawn, goal, and a shoulder injury!"},"content":{"rendered":"<h2 class=\"wp-block-heading\">Dani Olmo sealed Bar\u00e7a&#8217;s comeback against Atl\u00e9tico with a beautiful goal in the 65th minute. Unfortunately, the Terrassa native injured his shoulder just after scoring<\/h2>  \r\n<div class=\"article-addons\">\r\n    <a href=\"https:\/\/www.fcbarcelonanoticias.com\/en\/calendar-fc-barcelona.html\"\r\n       target=\"_self\"\r\n       title=\"Calendar of FC Barcelona\"\r\n       class=\"blue-gredient-btn\">\r\n       \r\n        Calendar of FC Barcelona    <\/a>\r\n<\/div>   <p><strong>FC Barcelona<\/strong> regained the lead against <strong>Atl\u00e9tico de Madrid<\/strong> in an unfortunate play for <strong>Dani Olmo<\/strong>. The &#8217;20&#8217; finished off a good collective play by the Blaugrana with a notable, precise left-footed shot, unreachable for Oblak, but immediately afterward he suffered an injury to his left shoulder that forced him to leave the field.<\/p>  <p>The Terrassa native managed to position himself between the opposing defenders to line up and shoot a ball that Robert Lewandowski had missed. However, <strong>he fell on his shoulder after shooting<\/strong>, suffering an apparent dislocation.Olmo didn&#8217;t even celebrate the goal and immediately called for assistance from Bar\u00e7a&#8217;s doctors. Finally, **Marcus Rashford** came on in his place, while the attacking midfielder left with ice on the affected area and gestures of pain and frustration.<\/p>  <h2>Injury marred another great game from Dani Olmo<\/h2>  <p>In the first half, the 26-year-old player caused a penalty when the match was already 1-1, after Raphinha&#8217;s goal in the 26th minute, in response to \u00c1lex Baena&#8217;s initial strike.<\/p>  <p>In the 35th minute, Olmo drew a clear foul from <strong>Pablo Barrios<\/strong> that <a data-external=\"0\" data-intl-links-en=\"https:\/\/www.fcbarcelonanoticias.com\/en\/laliga\/ricardo-de-burgos-bengoetxea-referee-for-barca-atletico_315394_102.html\" data-intl-links-es=\"https:\/\/www.fcbarcelonanoticias.com\/laliga\/ricardo-de-burgos-bengoetxea-pitara-barcelona-atletico-este-martes_315394_102.html\" href=\"https:\/\/www.fcbarcelonanoticias.com\/en\/laliga\/ricardo-de-burgos-bengoetxea-referee-for-barca-atletico_315394_102.html\" rel=\"follow\" target=\"_self\" title=\"Ricardo de Burgos Bengoetxea pitar\u00e1 el Barcelona-Atl\u00e9tico este martes\">Ricardo de Burgos Bengoetxea<\/a> did not hesitate to award as a penalty. The VAR ratified the decision, but Lewandowski sent the shot soaring over the bar.<\/p>  <p>Dani Olmo <a data-external=\"0\" data-intl-links-en=\"https:\/\/www.fcbarcelonanoticias.com\/en\/laliga\/dani-olmo-brace-and-great-game-as-starter-in-barca-alaves_315377_102.html\" data-intl-links-es=\"https:\/\/www.fcbarcelonanoticias.com\/laliga\/dani-olmo-doblete-como-titular-confianza-alza-barca-alaves_315377_102.html\" href=\"https:\/\/www.fcbarcelonanoticias.com\/en\/laliga\/dani-olmo-brace-and-great-game-as-starter-in-barca-alaves_315377_102.html\" rel=\"follow\" target=\"_self\" title=\"Dani Olmo: doblete como titular y confianza en alza tras el Bar\u00e7a-Alav\u00e9s\">had scored a brace against Alav\u00e9s<\/a> on Saturday and seemed to be returning to his best form, taking advantage of Ferm\u00edn L\u00f3pez&#8217;s absence to occupy the position where he feels most comfortable: behind the &#8216;9&#8217; as an attacking midfielder.<\/p>  <p>Once again, an injury halts the Terrassa native, who has already suffered five physical setbacks since arriving at the club. For now, the &#8217;20&#8217; <strong>has scored 16 goals and provided 9 assists in 56 official matches<\/strong> for the Blaugrana team.<\/p>  <ul> <li>\ud83d\udc49 Follow the complete coverage of&nbsp;<a data-external=\"0\" data-intl-links-en=\"https:\/\/www.fcbarcelonanoticias.com\/en\/laliga\" data-intl-links-es=\"https:\/\/www.fcbarcelonanoticias.com\/laliga\" href=\"https:\/\/www.fcbarcelonanoticias.com\/en\/football-soccer\/laliga.html\" rel=\"follow\" target=\"_self\" title=\"LaLiga\">LaLiga EA Sports&nbsp;2025\/26<\/a>&nbsp;on FC Barcelona Noticias<\/li> <\/ul> ","protected":false},"excerpt":{"rendered":"<p>Dani Olmo sealed Bar\u00e7a&#8217;s comeback against Atl\u00e9tico with a beautiful goal in the 65th minute. Unfortunately, the Terrassa native injured his shoulder just after scoring FC Barcelona regained the lead against Atl\u00e9tico de Madrid in an unfortunate play for Dani Olmo. The &#8217;20&#8217; finished off a good collective play by the Blaugrana with a notable, [&hellip;]<\/p>\n","protected":false},"author":347,"featured_media":52078,"comment_status":"closed","ping_status":"open","sticky":false,"template":"","format":"standard","meta":{"_acf_changed":false,"inline_featured_image":false,"_nextfly_llmd_date_locked":false,"footnotes":""},"categories":[448,114],"tags":[275,58,136],"class_list":["post-52077","post","type-post","status-publish","format-standard","has-post-thumbnail","hentry","category-laliga-2","category-laliga","tag-dani-olmo","tag-fc-barcelona-vs-atletico-madrid-latest-match-news","tag-injured"],"acf":[],"yoast_head":"<!-- This site is optimized with the Yoast SEO plugin v27.3 - https:\/\/yoast.com\/product\/yoast-seo-wordpress\/ -->\n<title>Dani Olmo: penalty drawn, goal, and a shoulder injury!<\/title>\n<meta name=\"description\" content=\"Dani Olmo sealed Bar\u00e7a&#039;s comeback against Atl\u00e9tico with a beautiful goal in the 65th minute. Unfortunately, the Terrassa native injured his left shoulder\" \/>\n<meta name=\"robots\" content=\"index, follow, max-snippet:-1, max-image-preview:large, max-video-preview:-1\" \/>\n<link rel=\"canonical\" href=\"https:\/\/www.fcbarcelonanoticias.com\/en\/laliga\/dani-olmo-penalty-drawn-goal-and-shoulder-injury_315401_102.html\" \/>\n<meta property=\"og:locale\" content=\"en_US\" \/>\n<meta property=\"og:type\" content=\"article\" \/>\n<meta property=\"og:title\" content=\"Dani Olmo: penalty drawn, goal, and a shoulder injury!\" \/>\n<meta property=\"og:description\" content=\"Dani Olmo sealed Bar\u00e7a&#039;s comeback against Atl\u00e9tico with a beautiful goal in the 65th minute. Unfortunately, the Terrassa native injured his left shoulder\" \/>\n<meta property=\"og:url\" content=\"https:\/\/www.fcbarcelonanoticias.com\/en\/laliga\/dani-olmo-penalty-drawn-goal-and-shoulder-injury_315401_102.html\" \/>\n<meta property=\"og:site_name\" content=\"EN - FC Barcelona Noticias\" \/>\n<meta property=\"article:published_time\" content=\"2025-12-02T21:54:00+00:00\" \/>\n<meta property=\"article:modified_time\" content=\"2025-12-03T00:24:00+00:00\" \/>\n<meta property=\"og:image\" content=\"https:\/\/www.fcbarcelonanoticias.com\/en\/wp-content\/uploads\/sites\/2\/2025\/12\/dani-olmo-lesionado-v-atletico.jpeg\" \/>\n\t<meta property=\"og:image:width\" content=\"1200\" \/>\n\t<meta property=\"og:image:height\" content=\"675\" \/>\n\t<meta property=\"og:image:type\" content=\"image\/jpeg\" \/>\n<meta name=\"author\" content=\"Andr\u00e9s Quiroz\" \/>\n<meta name=\"twitter:card\" content=\"summary_large_image\" \/>\n<meta name=\"twitter:label1\" content=\"Written by\" \/>\n\t<meta name=\"twitter:data1\" content=\"Andr\u00e9s Quiroz\" \/>\n\t<meta name=\"twitter:label2\" content=\"Est. reading time\" \/>\n\t<meta name=\"twitter:data2\" content=\"2 minutes\" \/>\n<script type=\"application\/ld+json\" class=\"yoast-schema-graph\">{\"@context\":\"https:\\\/\\\/schema.org\",\"@graph\":[{\"@type\":\"Article\",\"@id\":\"https:\\\/\\\/www.fcbarcelonanoticias.com\\\/en\\\/laliga\\\/dani-olmo-penalty-drawn-goal-and-shoulder-injury_315401_102.html#article\",\"isPartOf\":{\"@id\":\"https:\\\/\\\/www.fcbarcelonanoticias.com\\\/en\\\/laliga\\\/dani-olmo-penalty-drawn-goal-and-shoulder-injury_315401_102.html\"},\"author\":{\"name\":\"Andr\u00e9s Quiroz\",\"@id\":\"https:\\\/\\\/www.fcbarcelonanoticias.com\\\/en\\\/#\\\/schema\\\/person\\\/c2cd9f6fa1af5c0d0eccd0fefa575c88\"},\"headline\":\"Dani Olmo: penalty drawn, goal, and a shoulder injury!\",\"datePublished\":\"2025-12-02T21:54:00+00:00\",\"dateModified\":\"2025-12-03T00:24:00+00:00\",\"mainEntityOfPage\":{\"@id\":\"https:\\\/\\\/www.fcbarcelonanoticias.com\\\/en\\\/laliga\\\/dani-olmo-penalty-drawn-goal-and-shoulder-injury_315401_102.html\"},\"wordCount\":342,\"image\":{\"@id\":\"https:\\\/\\\/www.fcbarcelonanoticias.com\\\/en\\\/laliga\\\/dani-olmo-penalty-drawn-goal-and-shoulder-injury_315401_102.html#primaryimage\"},\"thumbnailUrl\":\"https:\\\/\\\/www.fcbarcelonanoticias.com\\\/en\\\/wp-content\\\/uploads\\\/sites\\\/2\\\/2025\\\/12\\\/dani-olmo-lesionado-v-atletico.jpeg\",\"keywords\":[\"Dani Olmo\",\"FC Barcelona vs Atl\u00e9tico Madrid\",\"injured\"],\"articleSection\":[\"LaLiga\",\"LaLiga\"],\"inLanguage\":\"en-US\"},{\"@type\":\"WebPage\",\"@id\":\"https:\\\/\\\/www.fcbarcelonanoticias.com\\\/en\\\/laliga\\\/dani-olmo-penalty-drawn-goal-and-shoulder-injury_315401_102.html\",\"url\":\"https:\\\/\\\/www.fcbarcelonanoticias.com\\\/en\\\/laliga\\\/dani-olmo-penalty-drawn-goal-and-shoulder-injury_315401_102.html\",\"name\":\"Dani Olmo: penalty drawn, goal, and a shoulder injury!\",\"isPartOf\":{\"@id\":\"https:\\\/\\\/www.fcbarcelonanoticias.com\\\/en\\\/#website\"},\"primaryImageOfPage\":{\"@id\":\"https:\\\/\\\/www.fcbarcelonanoticias.com\\\/en\\\/laliga\\\/dani-olmo-penalty-drawn-goal-and-shoulder-injury_315401_102.html#primaryimage\"},\"image\":{\"@id\":\"https:\\\/\\\/www.fcbarcelonanoticias.com\\\/en\\\/laliga\\\/dani-olmo-penalty-drawn-goal-and-shoulder-injury_315401_102.html#primaryimage\"},\"thumbnailUrl\":\"https:\\\/\\\/www.fcbarcelonanoticias.com\\\/en\\\/wp-content\\\/uploads\\\/sites\\\/2\\\/2025\\\/12\\\/dani-olmo-lesionado-v-atletico.jpeg\",\"datePublished\":\"2025-12-02T21:54:00+00:00\",\"dateModified\":\"2025-12-03T00:24:00+00:00\",\"author\":{\"@id\":\"https:\\\/\\\/www.fcbarcelonanoticias.com\\\/en\\\/#\\\/schema\\\/person\\\/c2cd9f6fa1af5c0d0eccd0fefa575c88\"},\"description\":\"Dani Olmo sealed Bar\u00e7a's comeback against Atl\u00e9tico with a beautiful goal in the 65th minute. Unfortunately, the Terrassa native injured his left shoulder\",\"breadcrumb\":{\"@id\":\"https:\\\/\\\/www.fcbarcelonanoticias.com\\\/en\\\/laliga\\\/dani-olmo-penalty-drawn-goal-and-shoulder-injury_315401_102.html#breadcrumb\"},\"inLanguage\":\"en-US\",\"potentialAction\":[{\"@type\":\"ReadAction\",\"target\":[\"https:\\\/\\\/www.fcbarcelonanoticias.com\\\/en\\\/laliga\\\/dani-olmo-penalty-drawn-goal-and-shoulder-injury_315401_102.html\"]}]},{\"@type\":\"ImageObject\",\"inLanguage\":\"en-US\",\"@id\":\"https:\\\/\\\/www.fcbarcelonanoticias.com\\\/en\\\/laliga\\\/dani-olmo-penalty-drawn-goal-and-shoulder-injury_315401_102.html#primaryimage\",\"url\":\"https:\\\/\\\/www.fcbarcelonanoticias.com\\\/en\\\/wp-content\\\/uploads\\\/sites\\\/2\\\/2025\\\/12\\\/dani-olmo-lesionado-v-atletico.jpeg\",\"contentUrl\":\"https:\\\/\\\/www.fcbarcelonanoticias.com\\\/en\\\/wp-content\\\/uploads\\\/sites\\\/2\\\/2025\\\/12\\\/dani-olmo-lesionado-v-atletico.jpeg\",\"width\":1200,\"height\":675},{\"@type\":\"BreadcrumbList\",\"@id\":\"https:\\\/\\\/www.fcbarcelonanoticias.com\\\/en\\\/laliga\\\/dani-olmo-penalty-drawn-goal-and-shoulder-injury_315401_102.html#breadcrumb\",\"itemListElement\":[{\"@type\":\"ListItem\",\"position\":1,\"name\":\"Portada\",\"item\":\"https:\\\/\\\/www.fcbarcelonanoticias.com\\\/en\\\/\"},{\"@type\":\"ListItem\",\"position\":2,\"name\":\"Dani Olmo: penalty drawn, goal, and a shoulder injury!\"}]},{\"@type\":\"WebSite\",\"@id\":\"https:\\\/\\\/www.fcbarcelonanoticias.com\\\/en\\\/#website\",\"url\":\"https:\\\/\\\/www.fcbarcelonanoticias.com\\\/en\\\/\",\"name\":\"EN - FC Barcelona Noticias\",\"description\":\"\",\"potentialAction\":[{\"@type\":\"SearchAction\",\"target\":{\"@type\":\"EntryPoint\",\"urlTemplate\":\"https:\\\/\\\/www.fcbarcelonanoticias.com\\\/en\\\/?s={search_term_string}\"},\"query-input\":{\"@type\":\"PropertyValueSpecification\",\"valueRequired\":true,\"valueName\":\"search_term_string\"}}],\"inLanguage\":\"en-US\"},{\"@type\":\"Person\",\"@id\":\"https:\\\/\\\/www.fcbarcelonanoticias.com\\\/en\\\/#\\\/schema\\\/person\\\/c2cd9f6fa1af5c0d0eccd0fefa575c88\",\"name\":\"Andr\u00e9s Quiroz\",\"image\":{\"@type\":\"ImageObject\",\"inLanguage\":\"en-US\",\"@id\":\"https:\\\/\\\/secure.gravatar.com\\\/avatar\\\/?s=96&d=mm&r=g\",\"url\":\"https:\\\/\\\/secure.gravatar.com\\\/avatar\\\/?s=96&d=mm&r=g\",\"contentUrl\":\"https:\\\/\\\/secure.gravatar.com\\\/avatar\\\/?s=96&d=mm&r=g\",\"caption\":\"Andr\u00e9s Quiroz\"},\"description\":\"Licenciado en Periodismo por la Universidad de los Andes. Me encargo de analizar y compartir los contenidos m\u00e1s destacados de la\u00a0actualidad del F\u00fatbol Club Barcelona, Mercado de Fichajes y F\u00fatbol Internacional en FCBN. La informaci\u00f3n es poder, pero tambi\u00e9n conocimiento.\",\"url\":\"https:\\\/\\\/www.fcbarcelonanoticias.com\\\/en\\\/fc-barcelona\\\/andres-quiroz_17_115.html\"}]}<\/script>\n<!-- \/ Yoast SEO plugin. -->","yoast_head_json":{"title":"Dani Olmo: penalty drawn, goal, and a shoulder injury!","description":"Dani Olmo sealed Bar\u00e7a's comeback against Atl\u00e9tico with a beautiful goal in the 65th minute. Unfortunately, the Terrassa native injured his left shoulder","robots":{"index":"index","follow":"follow","max-snippet":"max-snippet:-1","max-image-preview":"max-image-preview:large","max-video-preview":"max-video-preview:-1"},"canonical":"https:\/\/www.fcbarcelonanoticias.com\/en\/laliga\/dani-olmo-penalty-drawn-goal-and-shoulder-injury_315401_102.html","og_locale":"en_US","og_type":"article","og_title":"Dani Olmo: penalty drawn, goal, and a shoulder injury!","og_description":"Dani Olmo sealed Bar\u00e7a's comeback against Atl\u00e9tico with a beautiful goal in the 65th minute. Unfortunately, the Terrassa native injured his left shoulder","og_url":"https:\/\/www.fcbarcelonanoticias.com\/en\/laliga\/dani-olmo-penalty-drawn-goal-and-shoulder-injury_315401_102.html","og_site_name":"EN - FC Barcelona Noticias","article_published_time":"2025-12-02T21:54:00+00:00","article_modified_time":"2025-12-03T00:24:00+00:00","og_image":[{"width":1200,"height":675,"url":"https:\/\/www.fcbarcelonanoticias.com\/en\/wp-content\/uploads\/sites\/2\/2025\/12\/dani-olmo-lesionado-v-atletico.jpeg","type":"image\/jpeg"}],"author":"Andr\u00e9s Quiroz","twitter_card":"summary_large_image","twitter_misc":{"Written by":"Andr\u00e9s Quiroz","Est. reading time":"2 minutes"},"schema":{"@context":"https:\/\/schema.org","@graph":[{"@type":"Article","@id":"https:\/\/www.fcbarcelonanoticias.com\/en\/laliga\/dani-olmo-penalty-drawn-goal-and-shoulder-injury_315401_102.html#article","isPartOf":{"@id":"https:\/\/www.fcbarcelonanoticias.com\/en\/laliga\/dani-olmo-penalty-drawn-goal-and-shoulder-injury_315401_102.html"},"author":{"name":"Andr\u00e9s Quiroz","@id":"https:\/\/www.fcbarcelonanoticias.com\/en\/#\/schema\/person\/c2cd9f6fa1af5c0d0eccd0fefa575c88"},"headline":"Dani Olmo: penalty drawn, goal, and a shoulder injury!","datePublished":"2025-12-02T21:54:00+00:00","dateModified":"2025-12-03T00:24:00+00:00","mainEntityOfPage":{"@id":"https:\/\/www.fcbarcelonanoticias.com\/en\/laliga\/dani-olmo-penalty-drawn-goal-and-shoulder-injury_315401_102.html"},"wordCount":342,"image":{"@id":"https:\/\/www.fcbarcelonanoticias.com\/en\/laliga\/dani-olmo-penalty-drawn-goal-and-shoulder-injury_315401_102.html#primaryimage"},"thumbnailUrl":"https:\/\/www.fcbarcelonanoticias.com\/en\/wp-content\/uploads\/sites\/2\/2025\/12\/dani-olmo-lesionado-v-atletico.jpeg","keywords":["Dani Olmo","FC Barcelona vs Atl\u00e9tico Madrid","injured"],"articleSection":["LaLiga","LaLiga"],"inLanguage":"en-US"},{"@type":"WebPage","@id":"https:\/\/www.fcbarcelonanoticias.com\/en\/laliga\/dani-olmo-penalty-drawn-goal-and-shoulder-injury_315401_102.html","url":"https:\/\/www.fcbarcelonanoticias.com\/en\/laliga\/dani-olmo-penalty-drawn-goal-and-shoulder-injury_315401_102.html","name":"Dani Olmo: penalty drawn, goal, and a shoulder injury!","isPartOf":{"@id":"https:\/\/www.fcbarcelonanoticias.com\/en\/#website"},"primaryImageOfPage":{"@id":"https:\/\/www.fcbarcelonanoticias.com\/en\/laliga\/dani-olmo-penalty-drawn-goal-and-shoulder-injury_315401_102.html#primaryimage"},"image":{"@id":"https:\/\/www.fcbarcelonanoticias.com\/en\/laliga\/dani-olmo-penalty-drawn-goal-and-shoulder-injury_315401_102.html#primaryimage"},"thumbnailUrl":"https:\/\/www.fcbarcelonanoticias.com\/en\/wp-content\/uploads\/sites\/2\/2025\/12\/dani-olmo-lesionado-v-atletico.jpeg","datePublished":"2025-12-02T21:54:00+00:00","dateModified":"2025-12-03T00:24:00+00:00","author":{"@id":"https:\/\/www.fcbarcelonanoticias.com\/en\/#\/schema\/person\/c2cd9f6fa1af5c0d0eccd0fefa575c88"},"description":"Dani Olmo sealed Bar\u00e7a's comeback against Atl\u00e9tico with a beautiful goal in the 65th minute. Unfortunately, the Terrassa native injured his left shoulder","breadcrumb":{"@id":"https:\/\/www.fcbarcelonanoticias.com\/en\/laliga\/dani-olmo-penalty-drawn-goal-and-shoulder-injury_315401_102.html#breadcrumb"},"inLanguage":"en-US","potentialAction":[{"@type":"ReadAction","target":["https:\/\/www.fcbarcelonanoticias.com\/en\/laliga\/dani-olmo-penalty-drawn-goal-and-shoulder-injury_315401_102.html"]}]},{"@type":"ImageObject","inLanguage":"en-US","@id":"https:\/\/www.fcbarcelonanoticias.com\/en\/laliga\/dani-olmo-penalty-drawn-goal-and-shoulder-injury_315401_102.html#primaryimage","url":"https:\/\/www.fcbarcelonanoticias.com\/en\/wp-content\/uploads\/sites\/2\/2025\/12\/dani-olmo-lesionado-v-atletico.jpeg","contentUrl":"https:\/\/www.fcbarcelonanoticias.com\/en\/wp-content\/uploads\/sites\/2\/2025\/12\/dani-olmo-lesionado-v-atletico.jpeg","width":1200,"height":675},{"@type":"BreadcrumbList","@id":"https:\/\/www.fcbarcelonanoticias.com\/en\/laliga\/dani-olmo-penalty-drawn-goal-and-shoulder-injury_315401_102.html#breadcrumb","itemListElement":[{"@type":"ListItem","position":1,"name":"Portada","item":"https:\/\/www.fcbarcelonanoticias.com\/en\/"},{"@type":"ListItem","position":2,"name":"Dani Olmo: penalty drawn, goal, and a shoulder injury!"}]},{"@type":"WebSite","@id":"https:\/\/www.fcbarcelonanoticias.com\/en\/#website","url":"https:\/\/www.fcbarcelonanoticias.com\/en\/","name":"EN - FC Barcelona Noticias","description":"","potentialAction":[{"@type":"SearchAction","target":{"@type":"EntryPoint","urlTemplate":"https:\/\/www.fcbarcelonanoticias.com\/en\/?s={search_term_string}"},"query-input":{"@type":"PropertyValueSpecification","valueRequired":true,"valueName":"search_term_string"}}],"inLanguage":"en-US"},{"@type":"Person","@id":"https:\/\/www.fcbarcelonanoticias.com\/en\/#\/schema\/person\/c2cd9f6fa1af5c0d0eccd0fefa575c88","name":"Andr\u00e9s Quiroz","image":{"@type":"ImageObject","inLanguage":"en-US","@id":"https:\/\/secure.gravatar.com\/avatar\/?s=96&d=mm&r=g","url":"https:\/\/secure.gravatar.com\/avatar\/?s=96&d=mm&r=g","contentUrl":"https:\/\/secure.gravatar.com\/avatar\/?s=96&d=mm&r=g","caption":"Andr\u00e9s Quiroz"},"description":"Licenciado en Periodismo por la Universidad de los Andes. Me encargo de analizar y compartir los contenidos m\u00e1s destacados de la\u00a0actualidad del F\u00fatbol Club Barcelona, Mercado de Fichajes y F\u00fatbol Internacional en FCBN. La informaci\u00f3n es poder, pero tambi\u00e9n conocimiento.","url":"https:\/\/www.fcbarcelonanoticias.com\/en\/fc-barcelona\/andres-quiroz_17_115.html"}]}},"_links":{"self":[{"href":"https:\/\/www.fcbarcelonanoticias.com\/en\/wp-json\/wp\/v2\/posts\/52077","targetHints":{"allow":["GET"]}}],"collection":[{"href":"https:\/\/www.fcbarcelonanoticias.com\/en\/wp-json\/wp\/v2\/posts"}],"about":[{"href":"https:\/\/www.fcbarcelonanoticias.com\/en\/wp-json\/wp\/v2\/types\/post"}],"author":[{"embeddable":true,"href":"https:\/\/www.fcbarcelonanoticias.com\/en\/wp-json\/wp\/v2\/users\/347"}],"replies":[{"embeddable":true,"href":"https:\/\/www.fcbarcelonanoticias.com\/en\/wp-json\/wp\/v2\/comments?post=52077"}],"version-history":[{"count":1,"href":"https:\/\/www.fcbarcelonanoticias.com\/en\/wp-json\/wp\/v2\/posts\/52077\/revisions"}],"predecessor-version":[{"id":116309,"href":"https:\/\/www.fcbarcelonanoticias.com\/en\/wp-json\/wp\/v2\/posts\/52077\/revisions\/116309"}],"wp:featuredmedia":[{"embeddable":true,"href":"https:\/\/www.fcbarcelonanoticias.com\/en\/wp-json\/wp\/v2\/media\/52078"}],"wp:attachment":[{"href":"https:\/\/www.fcbarcelonanoticias.com\/en\/wp-json\/wp\/v2\/media?parent=52077"}],"wp:term":[{"taxonomy":"category","embeddable":true,"href":"https:\/\/www.fcbarcelonanoticias.com\/en\/wp-json\/wp\/v2\/categories?post=52077"},{"taxonomy":"post_tag","embeddable":true,"href":"https:\/\/www.fcbarcelonanoticias.com\/en\/wp-json\/wp\/v2\/tags?post=52077"}],"curies":[{"name":"wp","href":"https:\/\/api.w.org\/{rel}","templated":true}]}}