{"id":52079,"date":"2023-02-19T09:12:00","date_gmt":"2023-02-19T08:12:00","guid":{"rendered":"https:\/\/weisetech.dev\/fc-barcelona-noticias\/en\/courtois-vs-vinicius-criticism-and-tension-after-oviedo-madrid_314399_102\/"},"modified":"2023-02-19T09:12:00","modified_gmt":"2023-02-19T08:12:00","slug":"courtois-harshly-criticizes-osasuna-fans-for-their-insults-to-vinicius_289766_102","status":"publish","type":"post","link":"https:\/\/www.fcbarcelonanoticias.com\/en\/laliga\/courtois-harshly-criticizes-osasuna-fans-for-their-insults-to-vinicius_289766_102.html","title":{"rendered":"Courtois harshly criticizes the Osasuna fans for their insults to Vinicius"},"content":{"rendered":"<h2 class=\"wp-block-heading\">Real Madrid beat Osasuna in Pamplona on a day in which, once again, the focus was on Vinicius Jr. The Brazilian was booed and insulted from start to finish by the &#8216;rojilla&#8217; fans and Thibaut Courtois did not keep quiet after the clash<\/h2>  \r\n<div class=\"article-addons\">\r\n    <a href=\"https:\/\/www.fcbarcelonanoticias.com\/en\/calendar-fc-barcelona.html\"\r\n       target=\"_self\"\r\n       title=\"Calendar of FC Barcelona\"\r\n       class=\"blue-gredient-btn\">\r\n       \r\n        Calendar of FC Barcelona    <\/a>\r\n<\/div>   <p>The situation of Vinicius Jr. In LaLiga begins to be shameful. The Saturday, <strong>a sector of the fans of The Sadar booed and abused to the Brazilian from beginning to end in <a data-external=\"0\" data-intl-links-en=\"https:\/\/www.fcbarcelonanoticias.com\/en\/laliga\/valverde-and-asensio-resolve-complicated-visit-of-the-madrid-to-the-osasuna-0-1_289764_102.html\" data-intl-links-es=\"https:\/\/www.fcbarcelonanoticias.com\/laliga\/valverde-asensio-resuelven-complicada-visita-madrid-osasuna-0-1_289764_102.html\" href=\"https:\/\/www.fcbarcelonanoticias.com\/en\/laliga\/valverde-and-asensio-resolve-complicated-visit-of-the-madrid-to-the-osasuna-0-1_289764_102.html\" rel=\"follow\" target=\"_self\" title=\"Valverde y Asensio 'resuelven' una complicada visita del Madrid al Osasuna (0-1)\">the Osasuna-Real Madrid<\/a> (0-2)<\/strong>, even during the minute of previous silence to the start of the party in memory of the victims of the earthquake that zol\u00f3 to Turkey and Syria the past week. After the party, Thiabut Courtois, the one who reappeared after a pair of weeks lesionado, did not hide his enojo by the deal received by his mate.<\/p>  <p><strong>&#8220;There is a minute of silence and there is somebody that says &#8216;son of&#8230;&#8217; And it is regrettable. They sang Vinicius die you, is regrettable. There are some beautiful fans and encourages, but without saying these foolishnesses&#8221;<\/strong>, expressed the Belgian to &#8216;DAZN&#8217; once concluded the party in which the goalkeeper of 30 years kept his arch in zero by fourth party of consecutive League. The &#8216;1&#8217; had been drop from 11 February, day in which it suffered a muscular problem in the warming in Sound Moix.<\/p>  <p>On the controversy of the Saturday, added: &#8220;&#8216;Vini&#8217; has done a good party, a penalty that have not marked the goal. <strong>It is necessary to look to the people, no to Vinicius.<\/strong> <strong>You see to boys with his parents doing the comb and this is regrettable. It is necessary to look to the other. Claro that &#8216;Vini&#8217; can heat, but is more the of out&#8221;<\/strong>. The Brazilian assisted to Fede Valverde for the 0-1 and converted a so much cancelled by offside previous of the canterano \u00c1lvaro Rodr\u00edguez.<\/p>  <p>The hostility of the fans of the Spanish clubs has increased this year against the one of Rio de Janeiro. <strong>Villarreal, Bilbao, Palm and Pamplona have received him with multiple insults<\/strong>, increasing the controversy that began from the start of the season with the usual dances of celebration of the forward. <strong>&#8220;It dances <a data-external=\"0\" data-intl-links-en=\"https:\/\/www.fcbarcelonanoticias.com\/en\/laliga\/show-vinicius-insults-referee-piques-goal-cancelled-failed-occasions_289765_102.html\" data-intl-links-es=\"https:\/\/www.fcbarcelonanoticias.com\/laliga\/show-vinicius-insultos-arbitro-piques-gol-anulado-ocasiones-falladas_289765_102.html\" href=\"https:\/\/www.fcbarcelonanoticias.com\/en\/laliga\/show-vinicius-insults-referee-piques-goal-cancelled-failed-occasions_289765_102.html\" rel=\"follow\" target=\"_self\" title=\"El show de Vinicius: Insultos al \u00e1rbitro, 'piques', gol anulado, ocasiones falladas\u2026\">Vini<\/a> dances&#8221;<\/strong>, prayed one of the banners of the fans in The Sadar. An usual provocation for the player of 22 years, the one who is used to to heat even more the environment with his gestures and reactions during the party.<\/p>  <h3>The crossing with Moi G\u00f3mez and the visit to Anfield<\/h3>  <p>On the other hand, Courtois gave his impression of the crossing of Vinicius with Moi G\u00f3mez in the first part, incident that finished of caldear the spirits in the terracing &#8216;rojilla&#8217;. <strong>&#8220;I do not think that it have happened at all. Had a crash, a stepped of &#8216;Vini&#8217;, went to presionar and does not touch it, falls &#8230; I do not think that they were encarando; as it said the referee, only speaking&#8221;<\/strong>, explained the goalkeeper. The action finish with both players admonished just before the rest.<\/p>  <blockquote class=\"twitter-tweet\"> <p dir=\"ltr\" lang=\"es\">\ud83d\udde3\ufe0f <a href=\"https:\/\/twitter.com\/en\/thibautcourtois?ref_src=twsrc%5Etfw\">@thibautcourtois<\/a> Speaks very clear on the chants against <a href=\"https:\/\/twitter.com\/en\/vinijr?ref_src=twsrc%5Etfw\">@vinijr<\/a> that listened from the terracing<br><br> &#8220;They sang Vinicius die you. This is regrettable&#8221;<br><br> &#8220;No always it is necessary to look to Vinicius, it is necessary to begin to look to the people&#8221;<a href=\"https:\/\/twitter.com\/en\/hashtag\/LaLigaEnDAZN?src=hash&amp;ref_src=twsrc%5Etfw\">#LaLigaEnDAZN<\/a> \u26bd <a href=\"https:\/\/t.co\/en\/ENeXzFkl0l\">pic.twitter.com\/enexzfkl0l<\/a><\/p> \u2014 DAZN Spain (@DAZN_IS) <a href=\"https:\/\/twitter.com\/en\/DAZN_ES\/status\/1627075917750337537?ref_src=twsrc%5Etfw\">February 18, 2023<\/a> <\/blockquote> <p>To his time, the ex guardameta of Chelsea and Athletic of Madrid valued the triumph in Pamplona of face to what comes , the visit to Anfield the Tuesday by the gone of the eighth of Champions and the rest of LaLiga. <strong>&#8220;We have to follow winning the parties. Here always it is difficult, an intense party and is a good victory for encarar the party in Liverpool. It is necessary to follow tightening, remains a lot by in front&#8221;<\/strong>, puntualiz\u00f3 Thibaut. The Saturday, the &#8216;reds&#8217; took a break in <a data-external=\"0\" data-intl-links-en=\"https:\/\/www.fcbarcelonanoticias.com\/en\/international-football\/arsenal-adventage-city-premier_289755_102.html\" data-intl-links-es=\"https:\/\/www.fcbarcelonanoticias.com\/futbol-internacional\/arsenal-aprovecha-pinchazo-city-recupera-liderato-premier_289755_102.html\" href=\"https:\/\/www.fcbarcelonanoticias.com\/en\/international-football\/arsenal-adventage-city-premier_289755_102.html\" rel=\"follow\" target=\"_self\" title=\"El Arsenal aprovecha el 'pinchazo' del City y recupera el liderato de la Premier\">the Premier<\/a> when winning to the Newcastle like visitors (0-2).<\/p> ","protected":false},"excerpt":{"rendered":"<p>Real Madrid beat Osasuna in Pamplona on a day in which, once again, the focus was on Vinicius Jr. The Brazilian was booed and insulted from start to finish by the &#8216;rojilla&#8217; fans and Thibaut Courtois did not keep quiet after the clash The situation of Vinicius Jr. In LaLiga begins to be shameful. The [&hellip;]<\/p>\n","protected":false},"author":347,"featured_media":52088,"comment_status":"closed","ping_status":"open","sticky":false,"template":"","format":"standard","meta":{"_acf_changed":false,"inline_featured_image":false,"_nextfly_llmd_date_locked":false,"footnotes":""},"categories":[448,114],"tags":[234],"class_list":["post-52079","post","type-post","status-publish","format-standard","has-post-thumbnail","hentry","category-laliga-2","category-laliga","tag-maches"],"acf":[],"yoast_head":"<!-- This site is optimized with the Yoast SEO plugin v27.3 - https:\/\/yoast.com\/product\/yoast-seo-wordpress\/ -->\n<title>Courtois harshly criticizes the Osasuna fans for their insults to Vinicius<\/title>\n<meta name=\"description\" content=\"Real Madrid beat Osasuna in Pamplona on a day in which, once again, the focus was on Vinicius Jr. The Brazilian was booed and insulted from start to finish by the &#039;rojilla&#039; fans and Thibaut Courtois did not keep quiet after the clash\" \/>\n<meta name=\"robots\" content=\"index, follow, max-snippet:-1, max-image-preview:large, max-video-preview:-1\" \/>\n<link rel=\"canonical\" href=\"https:\/\/www.fcbarcelonanoticias.com\/en\/laliga\/courtois-harshly-criticizes-osasuna-fans-for-their-insults-to-vinicius_289766_102.html\" \/>\n<meta property=\"og:locale\" content=\"en_US\" \/>\n<meta property=\"og:type\" content=\"article\" \/>\n<meta property=\"og:title\" content=\"Courtois harshly criticizes the Osasuna fans for their insults to Vinicius\" \/>\n<meta property=\"og:description\" content=\"Real Madrid beat Osasuna in Pamplona on a day in which, once again, the focus was on Vinicius Jr. The Brazilian was booed and insulted from start to finish by the &#039;rojilla&#039; fans and Thibaut Courtois did not keep quiet after the clash\" \/>\n<meta property=\"og:url\" content=\"https:\/\/www.fcbarcelonanoticias.com\/en\/laliga\/courtois-harshly-criticizes-osasuna-fans-for-their-insults-to-vinicius_289766_102.html\" \/>\n<meta property=\"og:site_name\" content=\"EN - FC Barcelona Noticias\" \/>\n<meta property=\"article:published_time\" content=\"2023-02-19T08:12:00+00:00\" \/>\n<meta property=\"og:image\" content=\"https:\/\/www.fcbarcelonanoticias.com\/en\/wp-content\/uploads\/sites\/2\/2023\/02\/thibaut-courtois-real-madrid.jpeg\" \/>\n\t<meta property=\"og:image:width\" content=\"1300\" \/>\n\t<meta property=\"og:image:height\" content=\"732\" \/>\n\t<meta property=\"og:image:type\" content=\"image\/jpeg\" \/>\n<meta name=\"author\" content=\"Andr\u00e9s Quiroz\" \/>\n<meta name=\"twitter:card\" content=\"summary_large_image\" \/>\n<meta name=\"twitter:label1\" content=\"Written by\" \/>\n\t<meta name=\"twitter:data1\" content=\"Andr\u00e9s Quiroz\" \/>\n\t<meta name=\"twitter:label2\" content=\"Est. reading time\" \/>\n\t<meta name=\"twitter:data2\" content=\"3 minutes\" \/>\n<script type=\"application\/ld+json\" class=\"yoast-schema-graph\">{\"@context\":\"https:\\\/\\\/schema.org\",\"@graph\":[{\"@type\":\"Article\",\"@id\":\"https:\\\/\\\/www.fcbarcelonanoticias.com\\\/en\\\/laliga\\\/courtois-harshly-criticizes-osasuna-fans-for-their-insults-to-vinicius_289766_102.html#article\",\"isPartOf\":{\"@id\":\"https:\\\/\\\/www.fcbarcelonanoticias.com\\\/en\\\/laliga\\\/courtois-harshly-criticizes-osasuna-fans-for-their-insults-to-vinicius_289766_102.html\"},\"author\":{\"name\":\"Andr\u00e9s Quiroz\",\"@id\":\"https:\\\/\\\/www.fcbarcelonanoticias.com\\\/en\\\/#\\\/schema\\\/person\\\/c2cd9f6fa1af5c0d0eccd0fefa575c88\"},\"headline\":\"Courtois harshly criticizes the Osasuna fans for their insults to Vinicius\",\"datePublished\":\"2023-02-19T08:12:00+00:00\",\"mainEntityOfPage\":{\"@id\":\"https:\\\/\\\/www.fcbarcelonanoticias.com\\\/en\\\/laliga\\\/courtois-harshly-criticizes-osasuna-fans-for-their-insults-to-vinicius_289766_102.html\"},\"wordCount\":662,\"image\":{\"@id\":\"https:\\\/\\\/www.fcbarcelonanoticias.com\\\/en\\\/laliga\\\/courtois-harshly-criticizes-osasuna-fans-for-their-insults-to-vinicius_289766_102.html#primaryimage\"},\"thumbnailUrl\":\"https:\\\/\\\/www.fcbarcelonanoticias.com\\\/en\\\/wp-content\\\/uploads\\\/sites\\\/2\\\/2023\\\/02\\\/thibaut-courtois-real-madrid.jpeg\",\"keywords\":[\"Maches\"],\"articleSection\":[\"LaLiga\",\"LaLiga\"],\"inLanguage\":\"en-US\"},{\"@type\":\"WebPage\",\"@id\":\"https:\\\/\\\/www.fcbarcelonanoticias.com\\\/en\\\/laliga\\\/courtois-harshly-criticizes-osasuna-fans-for-their-insults-to-vinicius_289766_102.html\",\"url\":\"https:\\\/\\\/www.fcbarcelonanoticias.com\\\/en\\\/laliga\\\/courtois-harshly-criticizes-osasuna-fans-for-their-insults-to-vinicius_289766_102.html\",\"name\":\"Courtois harshly criticizes the Osasuna fans for their insults to Vinicius\",\"isPartOf\":{\"@id\":\"https:\\\/\\\/www.fcbarcelonanoticias.com\\\/en\\\/#website\"},\"primaryImageOfPage\":{\"@id\":\"https:\\\/\\\/www.fcbarcelonanoticias.com\\\/en\\\/laliga\\\/courtois-harshly-criticizes-osasuna-fans-for-their-insults-to-vinicius_289766_102.html#primaryimage\"},\"image\":{\"@id\":\"https:\\\/\\\/www.fcbarcelonanoticias.com\\\/en\\\/laliga\\\/courtois-harshly-criticizes-osasuna-fans-for-their-insults-to-vinicius_289766_102.html#primaryimage\"},\"thumbnailUrl\":\"https:\\\/\\\/www.fcbarcelonanoticias.com\\\/en\\\/wp-content\\\/uploads\\\/sites\\\/2\\\/2023\\\/02\\\/thibaut-courtois-real-madrid.jpeg\",\"datePublished\":\"2023-02-19T08:12:00+00:00\",\"author\":{\"@id\":\"https:\\\/\\\/www.fcbarcelonanoticias.com\\\/en\\\/#\\\/schema\\\/person\\\/c2cd9f6fa1af5c0d0eccd0fefa575c88\"},\"description\":\"Real Madrid beat Osasuna in Pamplona on a day in which, once again, the focus was on Vinicius Jr. The Brazilian was booed and insulted from start to finish by the 'rojilla' fans and Thibaut Courtois did not keep quiet after the clash\",\"breadcrumb\":{\"@id\":\"https:\\\/\\\/www.fcbarcelonanoticias.com\\\/en\\\/laliga\\\/courtois-harshly-criticizes-osasuna-fans-for-their-insults-to-vinicius_289766_102.html#breadcrumb\"},\"inLanguage\":\"en-US\",\"potentialAction\":[{\"@type\":\"ReadAction\",\"target\":[\"https:\\\/\\\/www.fcbarcelonanoticias.com\\\/en\\\/laliga\\\/courtois-harshly-criticizes-osasuna-fans-for-their-insults-to-vinicius_289766_102.html\"]}]},{\"@type\":\"ImageObject\",\"inLanguage\":\"en-US\",\"@id\":\"https:\\\/\\\/www.fcbarcelonanoticias.com\\\/en\\\/laliga\\\/courtois-harshly-criticizes-osasuna-fans-for-their-insults-to-vinicius_289766_102.html#primaryimage\",\"url\":\"https:\\\/\\\/www.fcbarcelonanoticias.com\\\/en\\\/wp-content\\\/uploads\\\/sites\\\/2\\\/2023\\\/02\\\/thibaut-courtois-real-madrid.jpeg\",\"contentUrl\":\"https:\\\/\\\/www.fcbarcelonanoticias.com\\\/en\\\/wp-content\\\/uploads\\\/sites\\\/2\\\/2023\\\/02\\\/thibaut-courtois-real-madrid.jpeg\",\"width\":1300,\"height\":732},{\"@type\":\"BreadcrumbList\",\"@id\":\"https:\\\/\\\/www.fcbarcelonanoticias.com\\\/en\\\/laliga\\\/courtois-harshly-criticizes-osasuna-fans-for-their-insults-to-vinicius_289766_102.html#breadcrumb\",\"itemListElement\":[{\"@type\":\"ListItem\",\"position\":1,\"name\":\"Portada\",\"item\":\"https:\\\/\\\/www.fcbarcelonanoticias.com\\\/en\\\/\"},{\"@type\":\"ListItem\",\"position\":2,\"name\":\"Courtois harshly criticizes the Osasuna fans for their insults to Vinicius\"}]},{\"@type\":\"WebSite\",\"@id\":\"https:\\\/\\\/www.fcbarcelonanoticias.com\\\/en\\\/#website\",\"url\":\"https:\\\/\\\/www.fcbarcelonanoticias.com\\\/en\\\/\",\"name\":\"EN - FC Barcelona Noticias\",\"description\":\"\",\"potentialAction\":[{\"@type\":\"SearchAction\",\"target\":{\"@type\":\"EntryPoint\",\"urlTemplate\":\"https:\\\/\\\/www.fcbarcelonanoticias.com\\\/en\\\/?s={search_term_string}\"},\"query-input\":{\"@type\":\"PropertyValueSpecification\",\"valueRequired\":true,\"valueName\":\"search_term_string\"}}],\"inLanguage\":\"en-US\"},{\"@type\":\"Person\",\"@id\":\"https:\\\/\\\/www.fcbarcelonanoticias.com\\\/en\\\/#\\\/schema\\\/person\\\/c2cd9f6fa1af5c0d0eccd0fefa575c88\",\"name\":\"Andr\u00e9s Quiroz\",\"image\":{\"@type\":\"ImageObject\",\"inLanguage\":\"en-US\",\"@id\":\"https:\\\/\\\/secure.gravatar.com\\\/avatar\\\/?s=96&d=mm&r=g\",\"url\":\"https:\\\/\\\/secure.gravatar.com\\\/avatar\\\/?s=96&d=mm&r=g\",\"contentUrl\":\"https:\\\/\\\/secure.gravatar.com\\\/avatar\\\/?s=96&d=mm&r=g\",\"caption\":\"Andr\u00e9s Quiroz\"},\"description\":\"Licenciado en Periodismo por la Universidad de los Andes. Me encargo de analizar y compartir los contenidos m\u00e1s destacados de la\u00a0actualidad del F\u00fatbol Club Barcelona, Mercado de Fichajes y F\u00fatbol Internacional en FCBN. La informaci\u00f3n es poder, pero tambi\u00e9n conocimiento.\",\"url\":\"https:\\\/\\\/www.fcbarcelonanoticias.com\\\/en\\\/fc-barcelona\\\/andres-quiroz_17_115.html\"}]}<\/script>\n<!-- \/ Yoast SEO plugin. -->","yoast_head_json":{"title":"Courtois harshly criticizes the Osasuna fans for their insults to Vinicius","description":"Real Madrid beat Osasuna in Pamplona on a day in which, once again, the focus was on Vinicius Jr. The Brazilian was booed and insulted from start to finish by the 'rojilla' fans and Thibaut Courtois did not keep quiet after the clash","robots":{"index":"index","follow":"follow","max-snippet":"max-snippet:-1","max-image-preview":"max-image-preview:large","max-video-preview":"max-video-preview:-1"},"canonical":"https:\/\/www.fcbarcelonanoticias.com\/en\/laliga\/courtois-harshly-criticizes-osasuna-fans-for-their-insults-to-vinicius_289766_102.html","og_locale":"en_US","og_type":"article","og_title":"Courtois harshly criticizes the Osasuna fans for their insults to Vinicius","og_description":"Real Madrid beat Osasuna in Pamplona on a day in which, once again, the focus was on Vinicius Jr. The Brazilian was booed and insulted from start to finish by the 'rojilla' fans and Thibaut Courtois did not keep quiet after the clash","og_url":"https:\/\/www.fcbarcelonanoticias.com\/en\/laliga\/courtois-harshly-criticizes-osasuna-fans-for-their-insults-to-vinicius_289766_102.html","og_site_name":"EN - FC Barcelona Noticias","article_published_time":"2023-02-19T08:12:00+00:00","og_image":[{"width":1300,"height":732,"url":"https:\/\/www.fcbarcelonanoticias.com\/en\/wp-content\/uploads\/sites\/2\/2023\/02\/thibaut-courtois-real-madrid.jpeg","type":"image\/jpeg"}],"author":"Andr\u00e9s Quiroz","twitter_card":"summary_large_image","twitter_misc":{"Written by":"Andr\u00e9s Quiroz","Est. reading time":"3 minutes"},"schema":{"@context":"https:\/\/schema.org","@graph":[{"@type":"Article","@id":"https:\/\/www.fcbarcelonanoticias.com\/en\/laliga\/courtois-harshly-criticizes-osasuna-fans-for-their-insults-to-vinicius_289766_102.html#article","isPartOf":{"@id":"https:\/\/www.fcbarcelonanoticias.com\/en\/laliga\/courtois-harshly-criticizes-osasuna-fans-for-their-insults-to-vinicius_289766_102.html"},"author":{"name":"Andr\u00e9s Quiroz","@id":"https:\/\/www.fcbarcelonanoticias.com\/en\/#\/schema\/person\/c2cd9f6fa1af5c0d0eccd0fefa575c88"},"headline":"Courtois harshly criticizes the Osasuna fans for their insults to Vinicius","datePublished":"2023-02-19T08:12:00+00:00","mainEntityOfPage":{"@id":"https:\/\/www.fcbarcelonanoticias.com\/en\/laliga\/courtois-harshly-criticizes-osasuna-fans-for-their-insults-to-vinicius_289766_102.html"},"wordCount":662,"image":{"@id":"https:\/\/www.fcbarcelonanoticias.com\/en\/laliga\/courtois-harshly-criticizes-osasuna-fans-for-their-insults-to-vinicius_289766_102.html#primaryimage"},"thumbnailUrl":"https:\/\/www.fcbarcelonanoticias.com\/en\/wp-content\/uploads\/sites\/2\/2023\/02\/thibaut-courtois-real-madrid.jpeg","keywords":["Maches"],"articleSection":["LaLiga","LaLiga"],"inLanguage":"en-US"},{"@type":"WebPage","@id":"https:\/\/www.fcbarcelonanoticias.com\/en\/laliga\/courtois-harshly-criticizes-osasuna-fans-for-their-insults-to-vinicius_289766_102.html","url":"https:\/\/www.fcbarcelonanoticias.com\/en\/laliga\/courtois-harshly-criticizes-osasuna-fans-for-their-insults-to-vinicius_289766_102.html","name":"Courtois harshly criticizes the Osasuna fans for their insults to Vinicius","isPartOf":{"@id":"https:\/\/www.fcbarcelonanoticias.com\/en\/#website"},"primaryImageOfPage":{"@id":"https:\/\/www.fcbarcelonanoticias.com\/en\/laliga\/courtois-harshly-criticizes-osasuna-fans-for-their-insults-to-vinicius_289766_102.html#primaryimage"},"image":{"@id":"https:\/\/www.fcbarcelonanoticias.com\/en\/laliga\/courtois-harshly-criticizes-osasuna-fans-for-their-insults-to-vinicius_289766_102.html#primaryimage"},"thumbnailUrl":"https:\/\/www.fcbarcelonanoticias.com\/en\/wp-content\/uploads\/sites\/2\/2023\/02\/thibaut-courtois-real-madrid.jpeg","datePublished":"2023-02-19T08:12:00+00:00","author":{"@id":"https:\/\/www.fcbarcelonanoticias.com\/en\/#\/schema\/person\/c2cd9f6fa1af5c0d0eccd0fefa575c88"},"description":"Real Madrid beat Osasuna in Pamplona on a day in which, once again, the focus was on Vinicius Jr. The Brazilian was booed and insulted from start to finish by the 'rojilla' fans and Thibaut Courtois did not keep quiet after the clash","breadcrumb":{"@id":"https:\/\/www.fcbarcelonanoticias.com\/en\/laliga\/courtois-harshly-criticizes-osasuna-fans-for-their-insults-to-vinicius_289766_102.html#breadcrumb"},"inLanguage":"en-US","potentialAction":[{"@type":"ReadAction","target":["https:\/\/www.fcbarcelonanoticias.com\/en\/laliga\/courtois-harshly-criticizes-osasuna-fans-for-their-insults-to-vinicius_289766_102.html"]}]},{"@type":"ImageObject","inLanguage":"en-US","@id":"https:\/\/www.fcbarcelonanoticias.com\/en\/laliga\/courtois-harshly-criticizes-osasuna-fans-for-their-insults-to-vinicius_289766_102.html#primaryimage","url":"https:\/\/www.fcbarcelonanoticias.com\/en\/wp-content\/uploads\/sites\/2\/2023\/02\/thibaut-courtois-real-madrid.jpeg","contentUrl":"https:\/\/www.fcbarcelonanoticias.com\/en\/wp-content\/uploads\/sites\/2\/2023\/02\/thibaut-courtois-real-madrid.jpeg","width":1300,"height":732},{"@type":"BreadcrumbList","@id":"https:\/\/www.fcbarcelonanoticias.com\/en\/laliga\/courtois-harshly-criticizes-osasuna-fans-for-their-insults-to-vinicius_289766_102.html#breadcrumb","itemListElement":[{"@type":"ListItem","position":1,"name":"Portada","item":"https:\/\/www.fcbarcelonanoticias.com\/en\/"},{"@type":"ListItem","position":2,"name":"Courtois harshly criticizes the Osasuna fans for their insults to Vinicius"}]},{"@type":"WebSite","@id":"https:\/\/www.fcbarcelonanoticias.com\/en\/#website","url":"https:\/\/www.fcbarcelonanoticias.com\/en\/","name":"EN - FC Barcelona Noticias","description":"","potentialAction":[{"@type":"SearchAction","target":{"@type":"EntryPoint","urlTemplate":"https:\/\/www.fcbarcelonanoticias.com\/en\/?s={search_term_string}"},"query-input":{"@type":"PropertyValueSpecification","valueRequired":true,"valueName":"search_term_string"}}],"inLanguage":"en-US"},{"@type":"Person","@id":"https:\/\/www.fcbarcelonanoticias.com\/en\/#\/schema\/person\/c2cd9f6fa1af5c0d0eccd0fefa575c88","name":"Andr\u00e9s Quiroz","image":{"@type":"ImageObject","inLanguage":"en-US","@id":"https:\/\/secure.gravatar.com\/avatar\/?s=96&d=mm&r=g","url":"https:\/\/secure.gravatar.com\/avatar\/?s=96&d=mm&r=g","contentUrl":"https:\/\/secure.gravatar.com\/avatar\/?s=96&d=mm&r=g","caption":"Andr\u00e9s Quiroz"},"description":"Licenciado en Periodismo por la Universidad de los Andes. Me encargo de analizar y compartir los contenidos m\u00e1s destacados de la\u00a0actualidad del F\u00fatbol Club Barcelona, Mercado de Fichajes y F\u00fatbol Internacional en FCBN. La informaci\u00f3n es poder, pero tambi\u00e9n conocimiento.","url":"https:\/\/www.fcbarcelonanoticias.com\/en\/fc-barcelona\/andres-quiroz_17_115.html"}]}},"_links":{"self":[{"href":"https:\/\/www.fcbarcelonanoticias.com\/en\/wp-json\/wp\/v2\/posts\/52079","targetHints":{"allow":["GET"]}}],"collection":[{"href":"https:\/\/www.fcbarcelonanoticias.com\/en\/wp-json\/wp\/v2\/posts"}],"about":[{"href":"https:\/\/www.fcbarcelonanoticias.com\/en\/wp-json\/wp\/v2\/types\/post"}],"author":[{"embeddable":true,"href":"https:\/\/www.fcbarcelonanoticias.com\/en\/wp-json\/wp\/v2\/users\/347"}],"replies":[{"embeddable":true,"href":"https:\/\/www.fcbarcelonanoticias.com\/en\/wp-json\/wp\/v2\/comments?post=52079"}],"version-history":[{"count":3,"href":"https:\/\/www.fcbarcelonanoticias.com\/en\/wp-json\/wp\/v2\/posts\/52079\/revisions"}],"predecessor-version":[{"id":52082,"href":"https:\/\/www.fcbarcelonanoticias.com\/en\/wp-json\/wp\/v2\/posts\/52079\/revisions\/52082"}],"wp:featuredmedia":[{"embeddable":true,"href":"https:\/\/www.fcbarcelonanoticias.com\/en\/wp-json\/wp\/v2\/media\/52088"}],"wp:attachment":[{"href":"https:\/\/www.fcbarcelonanoticias.com\/en\/wp-json\/wp\/v2\/media?parent=52079"}],"wp:term":[{"taxonomy":"category","embeddable":true,"href":"https:\/\/www.fcbarcelonanoticias.com\/en\/wp-json\/wp\/v2\/categories?post=52079"},{"taxonomy":"post_tag","embeddable":true,"href":"https:\/\/www.fcbarcelonanoticias.com\/en\/wp-json\/wp\/v2\/tags?post=52079"}],"curies":[{"name":"wp","href":"https:\/\/api.w.org\/{rel}","templated":true}]}}