{"id":52097,"date":"2025-11-30T00:16:00","date_gmt":"2025-11-29T23:16:00","guid":{"rendered":"https:\/\/weisetech.dev\/fc-barcelona-noticias\/en\/dani-olmo-brace-and-great-game-as-starter-in-barca-alaves_315377_102\/"},"modified":"2025-11-30T00:16:00","modified_gmt":"2025-11-29T23:16:00","slug":"dani-olmo-brace-and-great-game-as-starter-in-barca-alaves_315377_102","status":"publish","type":"post","link":"https:\/\/www.fcbarcelonanoticias.com\/en\/laliga\/dani-olmo-brace-and-great-game-as-starter-in-barca-alaves_315377_102.html","title":{"rendered":"Dani Olmo: brace as a starter and growing confidence after Bar\u00e7a-Alav\u00e9s"},"content":{"rendered":"<h2 class=\"wp-block-heading\">Dani Olmo returned to his usual position at Bar\u00e7a as an attacking midfielder and scored a brace against Alav\u00e9s (2-0). The Terrassa native played the full 90 minutes for the fourth time in 25\/26<\/h2>  \r\n<div class=\"article-addons\">\r\n    <a href=\"https:\/\/www.fcbarcelonanoticias.com\/en\/calendar-fc-barcelona.html\"\r\n       target=\"_self\"\r\n       title=\"Calendar of FC Barcelona\"\r\n       class=\"blue-gredient-btn\">\r\n       \r\n        Calendar of FC Barcelona    <\/a>\r\n<\/div>   <p><strong>FC Barcelona<\/strong> secured their fourth consecutive victory in <strong>LaLiga EA Sports<\/strong> on a perfect afternoon for <strong>Dani Olmo<\/strong>. Against <strong>Alav\u00e9s<\/strong> (3-1), the Terrassa native scored the two goals that sealed the Blaugrana comeback, a result that <a data-external=\"0\" data-intl-links-en=\"https:\/\/www.fcbarcelonanoticias.com\/en\/laliga\/laliga-standings-25-26-md14-barcelona-takes-the-lead_315373_102.html\" data-intl-links-es=\"https:\/\/www.fcbarcelonanoticias.com\/laliga\/clasificacion-laliga-25-26-j14-barcelona-vuelve-superar-real-madrid_315373_102.html\" href=\"https:\/\/www.fcbarcelonanoticias.com\/en\/laliga\/laliga-standings-25-26-md14-barcelona-takes-the-lead_315373_102.html\" rel=\"follow\" target=\"_self\" title=\"Clasificaci\u00f3n LaLiga 25\/26 J14: el Bar\u00e7a vuelve a superar al Real Madrid\">allowed Hansi Flick&#8217;s team to regain the lead<\/a>, pending what happens on Sunday in the Girona-Real Madrid match (9:00 PM CEST).<\/p>  <p><strong>Pablo Iba\u00f1ez<\/strong> put the visiting team ahead before the first minute of the match, but <a data-external=\"0\" data-intl-links-en=\"https:\/\/www.fcbarcelonanoticias.com\/en\/laliga\/lamine-yamal-celebrates-his-1st-goal-at-camp-nou-against-alaves_315370_102.html\" data-intl-links-es=\"https:\/\/www.fcbarcelonanoticias.com\/laliga\/lamine-yamal-festeja-primer-gol-con-barcelona-spotify-camp-nou_315370_102.html\" href=\"https:\/\/www.fcbarcelonanoticias.com\/en\/laliga\/lamine-yamal-celebrates-his-1st-goal-at-camp-nou-against-alaves_315370_102.html\" rel=\"follow\" target=\"_self\" title=\"Lamine Yamal festeja su primer gol con el Bar\u00e7a en el Spotify Camp Nou\">Lamine Yamal<\/a> equalized in the 8th minute. 18 minutes later, Olmo scored the second, taking advantage of a brilliant pass from <a data-external=\"0\" data-intl-links-en=\"https:\/\/www.fcbarcelonanoticias.com\/en\/laliga\/raphinha-returns-to-his-prime-brutal-first-half-against-alaves_315376_102.html\" data-intl-links-es=\"https:\/\/www.fcbarcelonanoticias.com\/laliga\/raphinha-vuelve-prime-brutal-primera-parte-contra-alaves_315376_102.html\" href=\"https:\/\/www.fcbarcelonanoticias.com\/en\/laliga\/raphinha-returns-to-his-prime-brutal-first-half-against-alaves_315376_102.html\" rel=\"follow\" target=\"_self\" title=\"Raphinha vuelve a su PRIME: brutal primera parte contra Alav\u00e9s\">Raphinha<\/a> from the left, after a long ball from <strong>Gerard Mart\u00edn<\/strong> to set up the Brazilian.<\/p>  <p>Dani was close to sealing his brace in the 70th minute, but missed the target on a cross from the flank by <strong>Kound\u00e9<\/strong>. In the third minute of added time, the &#8217;20&#8217; finally sealed the score, beating Sivera in a one-on-one after a through ball from Lamine to cap off a lethal Bar\u00e7a counter-attack<\/p>  <h2>Olmo scores 3rd league goal and takes a step forward after Ferm\u00edn&#8217;s injury<\/h2>  <p>For the 27-year-old player, the two goals against Alav\u00e9s allowed him to reach 3 in LaLiga 25\/26, where he also has a couple of assists in 12 appearances. Saturday&#8217;s was, barely, <strong>the fourth game of the season in which Olmo completed the 90 minutes<\/strong>.<\/p>  <p>In this regard, the midfielder seems to be regaining the confidence lost in recent months, where <strong>Ferm\u00edn L\u00f3pez<\/strong> seems to have won his place in Flick&#8217;s XI. With the Huelva-born player out for the next two weeks due to a soleus injury, Dani seems to be taking another step forward to re-establish himself in the Bar\u00e7a lineup.<\/p>  <p>So far, the Spanish international has played 16 of Bar\u00e7a&#8217;s 19 games this season. However, <strong>he only started in 8 matches<\/strong>, including the clash against the Vitoria team. Barring any surprises, he will repeat in the starting XI next Tuesday against Atl\u00e9tico, also at Camp Nou.<\/p>  <p>On Saturday, in addition to his brace, he recovered 5 balls and created an equal number of scoring opportunities. He also **won 9 out of 15 individual duels (60%)** and, with the ball, had an 84% passing accuracy (43\/51)<\/p>  <h2>Flick, satisfied with Dani Olmo&#8217;s awakening<\/h2>  <p>In the post-match press conference, Hansi Flick praised Dani Olmo&#8217;s performance, whom he considers a very talented player, although at times he lacks clarity in his decision-making on the field.<\/p>  <p>&#8220;Sometimes, he wants more and to take that next step before the first. He also overthinks things, I&#8217;ve told him. I tell him to enjoy the game because he&#8217;s very good,&#8221; argued the Bar\u00e7a coach.<\/p>  <p>Olmo, for his part, also praised Bar\u00e7a&#8217;s reaction despite being surprised by an early goal. &#8220;The team handled the situation very well, we stuck to our plan. I think we dominated and in the end we managed to win,&#8221; he told &#8216;DAZN&#8217; at the end of the match.<\/p>  <p>Regarding his performance and goal-scoring &#8220;baptism&#8221; at Spotify Camp Nou, he added: &#8220;<strong>Very happy with the two goals, it&#8217;s a dream come true to be able to play here, especially to score and help the team win<\/strong>&#8220;. With his brace against Alav\u00e9s, the Terrassa native has accumulated 15 goals and 9 assists in 55 games as a Culer.<\/p>  <ul> <li>\ud83d\udc49 Follow the complete coverage of&nbsp;<a data-external=\"0\" data-intl-links-en=\"https:\/\/www.fcbarcelonanoticias.com\/en\/laliga\" data-intl-links-es=\"https:\/\/www.fcbarcelonanoticias.com\/laliga\" href=\"https:\/\/www.fcbarcelonanoticias.com\/en\/football-soccer\/laliga.html\" rel=\"follow\" target=\"_self\" title=\"LaLiga\">LaLiga EA Sports&nbsp;2025\/26<\/a>&nbsp;on FC Barcelona Noticias<\/li> <\/ul> ","protected":false},"excerpt":{"rendered":"<p>Dani Olmo returned to his usual position at Bar\u00e7a as an attacking midfielder and scored a brace against Alav\u00e9s (2-0). The Terrassa native played the full 90 minutes for the fourth time in 25\/26 FC Barcelona secured their fourth consecutive victory in LaLiga EA Sports on a perfect afternoon for Dani Olmo. Against Alav\u00e9s (3-1), [&hellip;]<\/p>\n","protected":false},"author":347,"featured_media":116301,"comment_status":"closed","ping_status":"open","sticky":false,"template":"","format":"standard","meta":{"_acf_changed":false,"inline_featured_image":false,"_nextfly_llmd_date_locked":false,"footnotes":""},"categories":[448,114],"tags":[275,68,157],"class_list":["post-52097","post","type-post","status-publish","format-standard","has-post-thumbnail","hentry","category-laliga-2","category-laliga","tag-dani-olmo","tag-fc-barcelona-vs-deportivo-alaves","tag-statistics"],"acf":[],"yoast_head":"<!-- This site is optimized with the Yoast SEO plugin v27.3 - https:\/\/yoast.com\/product\/yoast-seo-wordpress\/ -->\n<title>Dani Olmo: brace and great game as a starter in Bar\u00e7a-Alav\u00e9s<\/title>\n<meta name=\"description\" content=\"Dani Olmo returned to his usual position at Bar\u00e7a as an attacking midfielder and scored a brace against Alav\u00e9s (2-0). Discover his stats in LaLiga Matchday 14\" \/>\n<meta name=\"robots\" content=\"index, follow, max-snippet:-1, max-image-preview:large, max-video-preview:-1\" \/>\n<link rel=\"canonical\" href=\"https:\/\/www.fcbarcelonanoticias.com\/en\/laliga\/dani-olmo-brace-and-great-game-as-starter-in-barca-alaves_315377_102.html\" \/>\n<meta property=\"og:locale\" content=\"en_US\" \/>\n<meta property=\"og:type\" content=\"article\" \/>\n<meta property=\"og:title\" content=\"Dani Olmo: brace and great game as a starter in Bar\u00e7a-Alav\u00e9s\" \/>\n<meta property=\"og:description\" content=\"Dani Olmo returned to his usual position at Bar\u00e7a as an attacking midfielder and scored a brace against Alav\u00e9s (2-0). Discover his stats in LaLiga Matchday 14\" \/>\n<meta property=\"og:url\" content=\"https:\/\/www.fcbarcelonanoticias.com\/en\/laliga\/dani-olmo-brace-and-great-game-as-starter-in-barca-alaves_315377_102.html\" \/>\n<meta property=\"og:site_name\" content=\"EN - FC Barcelona Noticias\" \/>\n<meta property=\"article:published_time\" content=\"2025-11-29T23:16:00+00:00\" \/>\n<meta property=\"og:image\" content=\"https:\/\/www.fcbarcelonanoticias.com\/en\/wp-content\/uploads\/sites\/2\/2025\/11\/dani-olmo-v-alaves-laliga-25-26-4.webp\" \/>\n\t<meta property=\"og:image:width\" content=\"1200\" \/>\n\t<meta property=\"og:image:height\" content=\"675\" \/>\n\t<meta property=\"og:image:type\" content=\"image\/webp\" \/>\n<meta name=\"author\" content=\"Andr\u00e9s Quiroz\" \/>\n<meta name=\"twitter:card\" content=\"summary_large_image\" \/>\n<meta name=\"twitter:label1\" content=\"Written by\" \/>\n\t<meta name=\"twitter:data1\" content=\"Andr\u00e9s Quiroz\" \/>\n\t<meta name=\"twitter:label2\" content=\"Est. reading time\" \/>\n\t<meta name=\"twitter:data2\" content=\"3 minutes\" \/>\n<script type=\"application\/ld+json\" class=\"yoast-schema-graph\">{\"@context\":\"https:\\\/\\\/schema.org\",\"@graph\":[{\"@type\":\"Article\",\"@id\":\"https:\\\/\\\/www.fcbarcelonanoticias.com\\\/en\\\/laliga\\\/dani-olmo-brace-and-great-game-as-starter-in-barca-alaves_315377_102.html#article\",\"isPartOf\":{\"@id\":\"https:\\\/\\\/www.fcbarcelonanoticias.com\\\/en\\\/laliga\\\/dani-olmo-brace-and-great-game-as-starter-in-barca-alaves_315377_102.html\"},\"author\":{\"name\":\"Andr\u00e9s Quiroz\",\"@id\":\"https:\\\/\\\/www.fcbarcelonanoticias.com\\\/en\\\/#\\\/schema\\\/person\\\/c2cd9f6fa1af5c0d0eccd0fefa575c88\"},\"headline\":\"Dani Olmo: brace as a starter and growing confidence after Bar\u00e7a-Alav\u00e9s\",\"datePublished\":\"2025-11-29T23:16:00+00:00\",\"mainEntityOfPage\":{\"@id\":\"https:\\\/\\\/www.fcbarcelonanoticias.com\\\/en\\\/laliga\\\/dani-olmo-brace-and-great-game-as-starter-in-barca-alaves_315377_102.html\"},\"wordCount\":607,\"image\":{\"@id\":\"https:\\\/\\\/www.fcbarcelonanoticias.com\\\/en\\\/laliga\\\/dani-olmo-brace-and-great-game-as-starter-in-barca-alaves_315377_102.html#primaryimage\"},\"thumbnailUrl\":\"https:\\\/\\\/www.fcbarcelonanoticias.com\\\/en\\\/wp-content\\\/uploads\\\/sites\\\/2\\\/2025\\\/11\\\/dani-olmo-v-alaves-laliga-25-26-4.webp\",\"keywords\":[\"Dani Olmo\",\"FC Barcelona vs Deportivo Alav\u00e9s\",\"Statistics\"],\"articleSection\":[\"LaLiga\",\"LaLiga\"],\"inLanguage\":\"en-US\"},{\"@type\":\"WebPage\",\"@id\":\"https:\\\/\\\/www.fcbarcelonanoticias.com\\\/en\\\/laliga\\\/dani-olmo-brace-and-great-game-as-starter-in-barca-alaves_315377_102.html\",\"url\":\"https:\\\/\\\/www.fcbarcelonanoticias.com\\\/en\\\/laliga\\\/dani-olmo-brace-and-great-game-as-starter-in-barca-alaves_315377_102.html\",\"name\":\"Dani Olmo: brace and great game as a starter in Bar\u00e7a-Alav\u00e9s\",\"isPartOf\":{\"@id\":\"https:\\\/\\\/www.fcbarcelonanoticias.com\\\/en\\\/#website\"},\"primaryImageOfPage\":{\"@id\":\"https:\\\/\\\/www.fcbarcelonanoticias.com\\\/en\\\/laliga\\\/dani-olmo-brace-and-great-game-as-starter-in-barca-alaves_315377_102.html#primaryimage\"},\"image\":{\"@id\":\"https:\\\/\\\/www.fcbarcelonanoticias.com\\\/en\\\/laliga\\\/dani-olmo-brace-and-great-game-as-starter-in-barca-alaves_315377_102.html#primaryimage\"},\"thumbnailUrl\":\"https:\\\/\\\/www.fcbarcelonanoticias.com\\\/en\\\/wp-content\\\/uploads\\\/sites\\\/2\\\/2025\\\/11\\\/dani-olmo-v-alaves-laliga-25-26-4.webp\",\"datePublished\":\"2025-11-29T23:16:00+00:00\",\"author\":{\"@id\":\"https:\\\/\\\/www.fcbarcelonanoticias.com\\\/en\\\/#\\\/schema\\\/person\\\/c2cd9f6fa1af5c0d0eccd0fefa575c88\"},\"description\":\"Dani Olmo returned to his usual position at Bar\u00e7a as an attacking midfielder and scored a brace against Alav\u00e9s (2-0). Discover his stats in LaLiga Matchday 14\",\"breadcrumb\":{\"@id\":\"https:\\\/\\\/www.fcbarcelonanoticias.com\\\/en\\\/laliga\\\/dani-olmo-brace-and-great-game-as-starter-in-barca-alaves_315377_102.html#breadcrumb\"},\"inLanguage\":\"en-US\",\"potentialAction\":[{\"@type\":\"ReadAction\",\"target\":[\"https:\\\/\\\/www.fcbarcelonanoticias.com\\\/en\\\/laliga\\\/dani-olmo-brace-and-great-game-as-starter-in-barca-alaves_315377_102.html\"]}]},{\"@type\":\"ImageObject\",\"inLanguage\":\"en-US\",\"@id\":\"https:\\\/\\\/www.fcbarcelonanoticias.com\\\/en\\\/laliga\\\/dani-olmo-brace-and-great-game-as-starter-in-barca-alaves_315377_102.html#primaryimage\",\"url\":\"https:\\\/\\\/www.fcbarcelonanoticias.com\\\/en\\\/wp-content\\\/uploads\\\/sites\\\/2\\\/2025\\\/11\\\/dani-olmo-v-alaves-laliga-25-26-4.webp\",\"contentUrl\":\"https:\\\/\\\/www.fcbarcelonanoticias.com\\\/en\\\/wp-content\\\/uploads\\\/sites\\\/2\\\/2025\\\/11\\\/dani-olmo-v-alaves-laliga-25-26-4.webp\",\"width\":1200,\"height\":675},{\"@type\":\"BreadcrumbList\",\"@id\":\"https:\\\/\\\/www.fcbarcelonanoticias.com\\\/en\\\/laliga\\\/dani-olmo-brace-and-great-game-as-starter-in-barca-alaves_315377_102.html#breadcrumb\",\"itemListElement\":[{\"@type\":\"ListItem\",\"position\":1,\"name\":\"Portada\",\"item\":\"https:\\\/\\\/www.fcbarcelonanoticias.com\\\/en\\\/\"},{\"@type\":\"ListItem\",\"position\":2,\"name\":\"Dani Olmo: brace as a starter and growing confidence after Bar\u00e7a-Alav\u00e9s\"}]},{\"@type\":\"WebSite\",\"@id\":\"https:\\\/\\\/www.fcbarcelonanoticias.com\\\/en\\\/#website\",\"url\":\"https:\\\/\\\/www.fcbarcelonanoticias.com\\\/en\\\/\",\"name\":\"EN - FC Barcelona Noticias\",\"description\":\"\",\"potentialAction\":[{\"@type\":\"SearchAction\",\"target\":{\"@type\":\"EntryPoint\",\"urlTemplate\":\"https:\\\/\\\/www.fcbarcelonanoticias.com\\\/en\\\/?s={search_term_string}\"},\"query-input\":{\"@type\":\"PropertyValueSpecification\",\"valueRequired\":true,\"valueName\":\"search_term_string\"}}],\"inLanguage\":\"en-US\"},{\"@type\":\"Person\",\"@id\":\"https:\\\/\\\/www.fcbarcelonanoticias.com\\\/en\\\/#\\\/schema\\\/person\\\/c2cd9f6fa1af5c0d0eccd0fefa575c88\",\"name\":\"Andr\u00e9s Quiroz\",\"image\":{\"@type\":\"ImageObject\",\"inLanguage\":\"en-US\",\"@id\":\"https:\\\/\\\/secure.gravatar.com\\\/avatar\\\/?s=96&d=mm&r=g\",\"url\":\"https:\\\/\\\/secure.gravatar.com\\\/avatar\\\/?s=96&d=mm&r=g\",\"contentUrl\":\"https:\\\/\\\/secure.gravatar.com\\\/avatar\\\/?s=96&d=mm&r=g\",\"caption\":\"Andr\u00e9s Quiroz\"},\"description\":\"Licenciado en Periodismo por la Universidad de los Andes. Me encargo de analizar y compartir los contenidos m\u00e1s destacados de la\u00a0actualidad del F\u00fatbol Club Barcelona, Mercado de Fichajes y F\u00fatbol Internacional en FCBN. La informaci\u00f3n es poder, pero tambi\u00e9n conocimiento.\",\"url\":\"https:\\\/\\\/www.fcbarcelonanoticias.com\\\/en\\\/fc-barcelona\\\/andres-quiroz_17_115.html\"}]}<\/script>\n<!-- \/ Yoast SEO plugin. -->","yoast_head_json":{"title":"Dani Olmo: brace and great game as a starter in Bar\u00e7a-Alav\u00e9s","description":"Dani Olmo returned to his usual position at Bar\u00e7a as an attacking midfielder and scored a brace against Alav\u00e9s (2-0). Discover his stats in LaLiga Matchday 14","robots":{"index":"index","follow":"follow","max-snippet":"max-snippet:-1","max-image-preview":"max-image-preview:large","max-video-preview":"max-video-preview:-1"},"canonical":"https:\/\/www.fcbarcelonanoticias.com\/en\/laliga\/dani-olmo-brace-and-great-game-as-starter-in-barca-alaves_315377_102.html","og_locale":"en_US","og_type":"article","og_title":"Dani Olmo: brace and great game as a starter in Bar\u00e7a-Alav\u00e9s","og_description":"Dani Olmo returned to his usual position at Bar\u00e7a as an attacking midfielder and scored a brace against Alav\u00e9s (2-0). Discover his stats in LaLiga Matchday 14","og_url":"https:\/\/www.fcbarcelonanoticias.com\/en\/laliga\/dani-olmo-brace-and-great-game-as-starter-in-barca-alaves_315377_102.html","og_site_name":"EN - FC Barcelona Noticias","article_published_time":"2025-11-29T23:16:00+00:00","og_image":[{"width":1200,"height":675,"url":"https:\/\/www.fcbarcelonanoticias.com\/en\/wp-content\/uploads\/sites\/2\/2025\/11\/dani-olmo-v-alaves-laliga-25-26-4.webp","type":"image\/webp"}],"author":"Andr\u00e9s Quiroz","twitter_card":"summary_large_image","twitter_misc":{"Written by":"Andr\u00e9s Quiroz","Est. reading time":"3 minutes"},"schema":{"@context":"https:\/\/schema.org","@graph":[{"@type":"Article","@id":"https:\/\/www.fcbarcelonanoticias.com\/en\/laliga\/dani-olmo-brace-and-great-game-as-starter-in-barca-alaves_315377_102.html#article","isPartOf":{"@id":"https:\/\/www.fcbarcelonanoticias.com\/en\/laliga\/dani-olmo-brace-and-great-game-as-starter-in-barca-alaves_315377_102.html"},"author":{"name":"Andr\u00e9s Quiroz","@id":"https:\/\/www.fcbarcelonanoticias.com\/en\/#\/schema\/person\/c2cd9f6fa1af5c0d0eccd0fefa575c88"},"headline":"Dani Olmo: brace as a starter and growing confidence after Bar\u00e7a-Alav\u00e9s","datePublished":"2025-11-29T23:16:00+00:00","mainEntityOfPage":{"@id":"https:\/\/www.fcbarcelonanoticias.com\/en\/laliga\/dani-olmo-brace-and-great-game-as-starter-in-barca-alaves_315377_102.html"},"wordCount":607,"image":{"@id":"https:\/\/www.fcbarcelonanoticias.com\/en\/laliga\/dani-olmo-brace-and-great-game-as-starter-in-barca-alaves_315377_102.html#primaryimage"},"thumbnailUrl":"https:\/\/www.fcbarcelonanoticias.com\/en\/wp-content\/uploads\/sites\/2\/2025\/11\/dani-olmo-v-alaves-laliga-25-26-4.webp","keywords":["Dani Olmo","FC Barcelona vs Deportivo Alav\u00e9s","Statistics"],"articleSection":["LaLiga","LaLiga"],"inLanguage":"en-US"},{"@type":"WebPage","@id":"https:\/\/www.fcbarcelonanoticias.com\/en\/laliga\/dani-olmo-brace-and-great-game-as-starter-in-barca-alaves_315377_102.html","url":"https:\/\/www.fcbarcelonanoticias.com\/en\/laliga\/dani-olmo-brace-and-great-game-as-starter-in-barca-alaves_315377_102.html","name":"Dani Olmo: brace and great game as a starter in Bar\u00e7a-Alav\u00e9s","isPartOf":{"@id":"https:\/\/www.fcbarcelonanoticias.com\/en\/#website"},"primaryImageOfPage":{"@id":"https:\/\/www.fcbarcelonanoticias.com\/en\/laliga\/dani-olmo-brace-and-great-game-as-starter-in-barca-alaves_315377_102.html#primaryimage"},"image":{"@id":"https:\/\/www.fcbarcelonanoticias.com\/en\/laliga\/dani-olmo-brace-and-great-game-as-starter-in-barca-alaves_315377_102.html#primaryimage"},"thumbnailUrl":"https:\/\/www.fcbarcelonanoticias.com\/en\/wp-content\/uploads\/sites\/2\/2025\/11\/dani-olmo-v-alaves-laliga-25-26-4.webp","datePublished":"2025-11-29T23:16:00+00:00","author":{"@id":"https:\/\/www.fcbarcelonanoticias.com\/en\/#\/schema\/person\/c2cd9f6fa1af5c0d0eccd0fefa575c88"},"description":"Dani Olmo returned to his usual position at Bar\u00e7a as an attacking midfielder and scored a brace against Alav\u00e9s (2-0). Discover his stats in LaLiga Matchday 14","breadcrumb":{"@id":"https:\/\/www.fcbarcelonanoticias.com\/en\/laliga\/dani-olmo-brace-and-great-game-as-starter-in-barca-alaves_315377_102.html#breadcrumb"},"inLanguage":"en-US","potentialAction":[{"@type":"ReadAction","target":["https:\/\/www.fcbarcelonanoticias.com\/en\/laliga\/dani-olmo-brace-and-great-game-as-starter-in-barca-alaves_315377_102.html"]}]},{"@type":"ImageObject","inLanguage":"en-US","@id":"https:\/\/www.fcbarcelonanoticias.com\/en\/laliga\/dani-olmo-brace-and-great-game-as-starter-in-barca-alaves_315377_102.html#primaryimage","url":"https:\/\/www.fcbarcelonanoticias.com\/en\/wp-content\/uploads\/sites\/2\/2025\/11\/dani-olmo-v-alaves-laliga-25-26-4.webp","contentUrl":"https:\/\/www.fcbarcelonanoticias.com\/en\/wp-content\/uploads\/sites\/2\/2025\/11\/dani-olmo-v-alaves-laliga-25-26-4.webp","width":1200,"height":675},{"@type":"BreadcrumbList","@id":"https:\/\/www.fcbarcelonanoticias.com\/en\/laliga\/dani-olmo-brace-and-great-game-as-starter-in-barca-alaves_315377_102.html#breadcrumb","itemListElement":[{"@type":"ListItem","position":1,"name":"Portada","item":"https:\/\/www.fcbarcelonanoticias.com\/en\/"},{"@type":"ListItem","position":2,"name":"Dani Olmo: brace as a starter and growing confidence after Bar\u00e7a-Alav\u00e9s"}]},{"@type":"WebSite","@id":"https:\/\/www.fcbarcelonanoticias.com\/en\/#website","url":"https:\/\/www.fcbarcelonanoticias.com\/en\/","name":"EN - FC Barcelona Noticias","description":"","potentialAction":[{"@type":"SearchAction","target":{"@type":"EntryPoint","urlTemplate":"https:\/\/www.fcbarcelonanoticias.com\/en\/?s={search_term_string}"},"query-input":{"@type":"PropertyValueSpecification","valueRequired":true,"valueName":"search_term_string"}}],"inLanguage":"en-US"},{"@type":"Person","@id":"https:\/\/www.fcbarcelonanoticias.com\/en\/#\/schema\/person\/c2cd9f6fa1af5c0d0eccd0fefa575c88","name":"Andr\u00e9s Quiroz","image":{"@type":"ImageObject","inLanguage":"en-US","@id":"https:\/\/secure.gravatar.com\/avatar\/?s=96&d=mm&r=g","url":"https:\/\/secure.gravatar.com\/avatar\/?s=96&d=mm&r=g","contentUrl":"https:\/\/secure.gravatar.com\/avatar\/?s=96&d=mm&r=g","caption":"Andr\u00e9s Quiroz"},"description":"Licenciado en Periodismo por la Universidad de los Andes. Me encargo de analizar y compartir los contenidos m\u00e1s destacados de la\u00a0actualidad del F\u00fatbol Club Barcelona, Mercado de Fichajes y F\u00fatbol Internacional en FCBN. La informaci\u00f3n es poder, pero tambi\u00e9n conocimiento.","url":"https:\/\/www.fcbarcelonanoticias.com\/en\/fc-barcelona\/andres-quiroz_17_115.html"}]}},"_links":{"self":[{"href":"https:\/\/www.fcbarcelonanoticias.com\/en\/wp-json\/wp\/v2\/posts\/52097","targetHints":{"allow":["GET"]}}],"collection":[{"href":"https:\/\/www.fcbarcelonanoticias.com\/en\/wp-json\/wp\/v2\/posts"}],"about":[{"href":"https:\/\/www.fcbarcelonanoticias.com\/en\/wp-json\/wp\/v2\/types\/post"}],"author":[{"embeddable":true,"href":"https:\/\/www.fcbarcelonanoticias.com\/en\/wp-json\/wp\/v2\/users\/347"}],"replies":[{"embeddable":true,"href":"https:\/\/www.fcbarcelonanoticias.com\/en\/wp-json\/wp\/v2\/comments?post=52097"}],"version-history":[{"count":1,"href":"https:\/\/www.fcbarcelonanoticias.com\/en\/wp-json\/wp\/v2\/posts\/52097\/revisions"}],"predecessor-version":[{"id":116299,"href":"https:\/\/www.fcbarcelonanoticias.com\/en\/wp-json\/wp\/v2\/posts\/52097\/revisions\/116299"}],"wp:featuredmedia":[{"embeddable":true,"href":"https:\/\/www.fcbarcelonanoticias.com\/en\/wp-json\/wp\/v2\/media\/116301"}],"wp:attachment":[{"href":"https:\/\/www.fcbarcelonanoticias.com\/en\/wp-json\/wp\/v2\/media?parent=52097"}],"wp:term":[{"taxonomy":"category","embeddable":true,"href":"https:\/\/www.fcbarcelonanoticias.com\/en\/wp-json\/wp\/v2\/categories?post=52097"},{"taxonomy":"post_tag","embeddable":true,"href":"https:\/\/www.fcbarcelonanoticias.com\/en\/wp-json\/wp\/v2\/tags?post=52097"}],"curies":[{"name":"wp","href":"https:\/\/api.w.org\/{rel}","templated":true}]}}