{"id":52319,"date":"2025-10-09T00:59:00","date_gmt":"2025-10-08T22:59:00","guid":{"rendered":"https:\/\/weisetech.dev\/fc-barcelona-noticias\/en\/de-jong-speaks-out-against-villarreal-barca-in-miami_314980_102\/"},"modified":"2026-03-27T11:32:53","modified_gmt":"2026-03-27T10:32:53","slug":"de-jong-speaks-out-against-villarreal-barca-in-miami_314980_102","status":"publish","type":"post","link":"https:\/\/www.fcbarcelonanoticias.com\/en\/laliga\/de-jong-speaks-out-against-villarreal-barca-in-miami_314980_102.html","title":{"rendered":"Frenkie de Jong speaks out against Villarreal-Bar\u00e7a in Miami: what did he say?"},"content":{"rendered":"<h2 class=\"wp-block-heading\">Once the Villarreal-Bar\u00e7a match in Miami was confirmed for next December 20th, Frenkie de Jong expressed his rejection of the initiative to play a LaLiga match outside of Spain<\/h2>  \r\n<div class=\"article-addons\">\r\n    <a href=\"https:\/\/www.fcbarcelonanoticias.com\/en\/calendar-fc-barcelona.html\"\r\n       target=\"_self\"\r\n       title=\"Calendar of FC Barcelona\"\r\n       class=\"blue-gredient-btn\">\r\n       \r\n        Calendar of FC Barcelona    <\/a>\r\n<\/div>   <p>The dispute over the <strong>Villarreal-FC Barcelona<\/strong> match in Miami continues to generate divided opinions in Spanish football. Although <strong><a data-external=\"0\" data-intl-links-en=\"https:\/\/www.fcbarcelonanoticias.com\/en\/laliga\/laliga-confirms-date-for-villarreal-fc-barcelona-match-in-miami_314979_102.html\" data-intl-links-es=\"https:\/\/www.fcbarcelonanoticias.com\/laliga\/laliga-confirma-fecha-villarreal-fc-barcelona-miami_314979_102.html\" href=\"https:\/\/www.fcbarcelonanoticias.com\/en\/laliga\/laliga-confirms-date-for-villarreal-fc-barcelona-match-in-miami_314979_102.html\" rel=\"follow\" target=\"_self\" title=\"LaLiga confirms the date of the Villarreal-FC Barcelona match in Miami\">LaLiga has already confirmed the date of the match at the Hard Rock Stadium in Miami<\/a><\/strong> (Saturday, December 20), once UEFA gave the green light to move the match of matchday 17, the Bar\u00e7a squad does not seem to be fully in agreement with the initiative.<\/p>  <p>The first to publicly raise his voice against playing in the United States was Frenkie de Jong. The midfielder, prior to the match against Malta with the Netherlands (Thursday the 9th at 20:45 CEST), was clear in stating that <strong>the match in Miami &#8220;is unfair&#8221; to the competition<\/strong>.<\/p>  <p>&#8220;<strong>The clubs are going to get paid for this, but I don&#8217;t agree with playing a League match in Miami. I understand that other clubs don&#8217;t agree either<\/strong>,&#8221; said the man from Arkel. Frenkie, for the moment, is the second captain of Bar\u00e7a, behind Ronald Araujo, and one of the leaders of the Bar\u00e7a dressing room, currently playing his seventh season at the club.<\/p>  <h2>Is a mess brewing for LaLiga? Frenkie de Jong proves AFE right<\/h2>  <div class=\"media media-image\" data-ck-asset-wrapper=\"\"> <div class=\"media-item\"> <img loading=\"lazy\" decoding=\"async\" alt=\"Frenkie de Jong trains separately: Will he miss the Bar\u00e7a-Valencia match?\" data-id=\"1520338\" data-resize=\"9\" height=\"563\" src=\"https:\/\/www.fcbarcelonanoticias.com\/wp-content\/uploads\/sites\/2\/2025\/10\/fcbn-75e314132b68173d012571bb6b216953.webp\" title=\"Frenkie de Jong trains separately: Will he miss the Bar\u00e7a-Valencia match?\" width=\"1000\"><div class=\"media-title\">Frenkie de Jong training at the Ciutat Esportiva.<\/div> <\/div> <\/div>  <p>In that sense, <strong>De Jong&#8217;s opinion is by no means irrelevant to the context of the Villarreal-Bar\u00e7a match<\/strong> in Miami, although LaLiga has the way cleared by UEFA and FIFA to hold the match at the Hard Rock Stadium.<\/p>  <p>The <a data-external=\"0\" data-intl-links-en=\"https:\/\/www.fcbarcelonanoticias.com\/en\/football\/the-afe-sets-its-position-on-the-villarreal-barca-in-miami-and-warns-laliga_314295_102.html\" data-intl-links-es=\"https:\/\/www.fcbarcelonanoticias.com\/futbol\/afe-pronunciamiento-barcelona-villarreal-miami_314295_102.html\" href=\"https:\/\/www.fcbarcelonanoticias.com\/en\/football\/the-afe-sets-its-position-on-the-villarreal-barca-in-miami-and-warns-laliga_314295_102.html\" rel=\"follow\" target=\"_self\" title=\"La AFE fija su posici\u00f3n sobre el Villarreal-Bar\u00e7a en Miami y advierte a LaLiga\">Spanish Footballers Association (AFE)<\/a> was among the first to speak out against the initiative to play in the United States once LaLiga and the RFEF conveyed to UEFA their request to move the match that, initially, was to be played at the Estadio de la Cer\u00e1mica.<\/p>  <p>In the coming days, the AFE will once again summon the captains of the remaining 18 clubs of the Spanish First Division to reiterate their rejection of the match in Miami. Without a doubt, <strong>Frenkie&#8217;s opinion will be taken as a benchmark<\/strong>, although the boards of Barcelona and Villarreal support the trip to Florida.<\/p>  <p><strong>&#8220;It&#8217;s not fair for the competition. Now we play an away game on neutral ground. I don&#8217;t like it and I don&#8217;t think it&#8217;s right for the players<\/strong>,&#8221; De Jong added to justify his rejection of the match that closes the 2025 Bar\u00e7a calendar, prior to the Christmas break.<\/p>  <h2>LaLiga &#8216;will ignore&#8217; the criticism: Villarreal-Bar\u00e7a will be played in Miami<\/h2>  <p>Beyond the measures that the AFE, Real Madrid (the club promised to challenge the match), and other clubs and\/or entities associated with Spanish football may present against the match, Javier Tebas will not back down from an objective he has been working on for more than seven years.<\/p>  <p>The president of LaLiga, upon confirming the date of the match at Hard Rock Stadium, assured that the criticism has more to do with &#8220;<strong>demagoguery<\/strong>&#8221; than with serious foundations. The organization sees the duel in Miami as a historic precedent to strengthen Spanish football in the North American market, without threatening the competitive balance since it is a single match.<\/p>  <p><a data-external=\"0\" data-intl-links-en=\"https:\/\/www.fcbarcelonanoticias.com\/en\/laliga\/money-that-barcelona-and-villarreal-will-earn-for-playing-in-miami_314967_102.html\" data-intl-links-es=\"https:\/\/www.fcbarcelonanoticias.com\/laliga\/laliga-asegura-premio-millonario-barcelona-villarreal-por-jugar-en-miami_314967_102.html\" href=\"https:\/\/www.fcbarcelonanoticias.com\/en\/laliga\/money-that-barcelona-and-villarreal-will-earn-for-playing-in-miami_314967_102.html\" rel=\"follow\" target=\"_self\" title=\"LaLiga asegura un premio millonario a Barcelona y Villarreal por jugar en Miami\">Both clubs will earn around 6 million euros for playing in Miami<\/a>, with Villarreal obtaining a slightly higher amount as the home team on matchday 17. Unlike La Cer\u00e1mica (23,500), the Hard Rock has a capacity of 65,300 spectators, most of whom will support the Bar\u00e7a team.<\/p>  <ul> <li>Follow the complete coverage of <strong><a data-external=\"0\" data-intl-links-en=\"https:\/\/www.fcbarcelonanoticias.com\/en\/laliga.html\" data-intl-links-es=\"https:\/\/www.fcbarcelonanoticias.com\/laliga.html\" href=\"https:\/\/www.fcbarcelonanoticias.com\/en\/laliga.html\" rel=\"follow\" target=\"_self\" title=\"LaLiga\">LaLiga EA Sports 2025-26<\/a><\/strong> in FC Barcelona Noticias<\/li> <\/ul> ","protected":false},"excerpt":{"rendered":"<p>Once the Villarreal-Bar\u00e7a match in Miami was confirmed for next December 20th, Frenkie de Jong expressed his rejection of the initiative to play a LaLiga match outside of Spain The dispute over the Villarreal-FC Barcelona match in Miami continues to generate divided opinions in Spanish football. Although LaLiga has already confirmed the date of the [&hellip;]<\/p>\n","protected":false},"author":347,"featured_media":52320,"comment_status":"closed","ping_status":"open","sticky":false,"template":"","format":"standard","meta":{"_acf_changed":false,"inline_featured_image":false,"_nextfly_llmd_date_locked":false,"footnotes":""},"categories":[448,114],"tags":[69,273,99],"class_list":["post-52319","post","type-post","status-publish","format-standard","has-post-thumbnail","hentry","category-laliga-2","category-laliga","tag-fc-barcelona-vs-villarreal-fc","tag-de-jong","tag-javier-thebes"],"acf":[],"yoast_head":"<!-- This site is optimized with the Yoast SEO plugin v27.3 - https:\/\/yoast.com\/product\/yoast-seo-wordpress\/ -->\n<title>De Jong speaks out against Villarreal-Bar\u00e7a in Miami<\/title>\n<meta name=\"description\" content=\"Once the Villarreal-Bar\u00e7a match in Miami was confirmed, Frenkie de Jong expressed his rejection of the initiative to play a LaLiga match outside of Spain\" \/>\n<meta name=\"robots\" content=\"index, follow, max-snippet:-1, max-image-preview:large, max-video-preview:-1\" \/>\n<link rel=\"canonical\" href=\"https:\/\/www.fcbarcelonanoticias.com\/en\/laliga\/de-jong-speaks-out-against-villarreal-barca-in-miami_314980_102.html\" \/>\n<meta property=\"og:locale\" content=\"en_US\" \/>\n<meta property=\"og:type\" content=\"article\" \/>\n<meta property=\"og:title\" content=\"De Jong speaks out against Villarreal-Bar\u00e7a in Miami\" \/>\n<meta property=\"og:description\" content=\"Once the Villarreal-Bar\u00e7a match in Miami was confirmed, Frenkie de Jong expressed his rejection of the initiative to play a LaLiga match outside of Spain\" \/>\n<meta property=\"og:url\" content=\"https:\/\/www.fcbarcelonanoticias.com\/en\/laliga\/de-jong-speaks-out-against-villarreal-barca-in-miami_314980_102.html\" \/>\n<meta property=\"og:site_name\" content=\"EN - FC Barcelona Noticias\" \/>\n<meta property=\"article:published_time\" content=\"2025-10-08T22:59:00+00:00\" \/>\n<meta property=\"article:modified_time\" content=\"2026-03-27T10:32:53+00:00\" \/>\n<meta property=\"og:image\" content=\"https:\/\/www.fcbarcelonanoticias.com\/en\/wp-content\/uploads\/sites\/2\/2025\/10\/frenkie-de-jong-v-real-sociedad-laliga-25-26.webp\" \/>\n\t<meta property=\"og:image:width\" content=\"1200\" \/>\n\t<meta property=\"og:image:height\" content=\"675\" \/>\n\t<meta property=\"og:image:type\" content=\"image\/webp\" \/>\n<meta name=\"author\" content=\"Andr\u00e9s Quiroz\" \/>\n<meta name=\"twitter:card\" content=\"summary_large_image\" \/>\n<meta name=\"twitter:label1\" content=\"Written by\" \/>\n\t<meta name=\"twitter:data1\" content=\"Andr\u00e9s Quiroz\" \/>\n\t<meta name=\"twitter:label2\" content=\"Est. reading time\" \/>\n\t<meta name=\"twitter:data2\" content=\"3 minutes\" \/>\n<script type=\"application\/ld+json\" class=\"yoast-schema-graph\">{\"@context\":\"https:\\\/\\\/schema.org\",\"@graph\":[{\"@type\":\"Article\",\"@id\":\"https:\\\/\\\/www.fcbarcelonanoticias.com\\\/en\\\/laliga\\\/de-jong-speaks-out-against-villarreal-barca-in-miami_314980_102.html#article\",\"isPartOf\":{\"@id\":\"https:\\\/\\\/www.fcbarcelonanoticias.com\\\/en\\\/laliga\\\/de-jong-speaks-out-against-villarreal-barca-in-miami_314980_102.html\"},\"author\":{\"name\":\"Andr\u00e9s Quiroz\",\"@id\":\"https:\\\/\\\/www.fcbarcelonanoticias.com\\\/en\\\/#\\\/schema\\\/person\\\/c2cd9f6fa1af5c0d0eccd0fefa575c88\"},\"headline\":\"Frenkie de Jong speaks out against Villarreal-Bar\u00e7a in Miami: what did he say?\",\"datePublished\":\"2025-10-08T22:59:00+00:00\",\"dateModified\":\"2026-03-27T10:32:53+00:00\",\"mainEntityOfPage\":{\"@id\":\"https:\\\/\\\/www.fcbarcelonanoticias.com\\\/en\\\/laliga\\\/de-jong-speaks-out-against-villarreal-barca-in-miami_314980_102.html\"},\"wordCount\":617,\"image\":{\"@id\":\"https:\\\/\\\/www.fcbarcelonanoticias.com\\\/en\\\/laliga\\\/de-jong-speaks-out-against-villarreal-barca-in-miami_314980_102.html#primaryimage\"},\"thumbnailUrl\":\"https:\\\/\\\/www.fcbarcelonanoticias.com\\\/en\\\/wp-content\\\/uploads\\\/sites\\\/2\\\/2025\\\/10\\\/frenkie-de-jong-v-real-sociedad-laliga-25-26.webp\",\"keywords\":[\"FC Barcelona vs Villarreal CF\",\"Frenkie de Jong\",\"Javier Thebes\"],\"articleSection\":[\"LaLiga\",\"LaLiga\"],\"inLanguage\":\"en-US\"},{\"@type\":\"WebPage\",\"@id\":\"https:\\\/\\\/www.fcbarcelonanoticias.com\\\/en\\\/laliga\\\/de-jong-speaks-out-against-villarreal-barca-in-miami_314980_102.html\",\"url\":\"https:\\\/\\\/www.fcbarcelonanoticias.com\\\/en\\\/laliga\\\/de-jong-speaks-out-against-villarreal-barca-in-miami_314980_102.html\",\"name\":\"De Jong speaks out against Villarreal-Bar\u00e7a in Miami\",\"isPartOf\":{\"@id\":\"https:\\\/\\\/www.fcbarcelonanoticias.com\\\/en\\\/#website\"},\"primaryImageOfPage\":{\"@id\":\"https:\\\/\\\/www.fcbarcelonanoticias.com\\\/en\\\/laliga\\\/de-jong-speaks-out-against-villarreal-barca-in-miami_314980_102.html#primaryimage\"},\"image\":{\"@id\":\"https:\\\/\\\/www.fcbarcelonanoticias.com\\\/en\\\/laliga\\\/de-jong-speaks-out-against-villarreal-barca-in-miami_314980_102.html#primaryimage\"},\"thumbnailUrl\":\"https:\\\/\\\/www.fcbarcelonanoticias.com\\\/en\\\/wp-content\\\/uploads\\\/sites\\\/2\\\/2025\\\/10\\\/frenkie-de-jong-v-real-sociedad-laliga-25-26.webp\",\"datePublished\":\"2025-10-08T22:59:00+00:00\",\"dateModified\":\"2026-03-27T10:32:53+00:00\",\"author\":{\"@id\":\"https:\\\/\\\/www.fcbarcelonanoticias.com\\\/en\\\/#\\\/schema\\\/person\\\/c2cd9f6fa1af5c0d0eccd0fefa575c88\"},\"description\":\"Once the Villarreal-Bar\u00e7a match in Miami was confirmed, Frenkie de Jong expressed his rejection of the initiative to play a LaLiga match outside of Spain\",\"breadcrumb\":{\"@id\":\"https:\\\/\\\/www.fcbarcelonanoticias.com\\\/en\\\/laliga\\\/de-jong-speaks-out-against-villarreal-barca-in-miami_314980_102.html#breadcrumb\"},\"inLanguage\":\"en-US\",\"potentialAction\":[{\"@type\":\"ReadAction\",\"target\":[\"https:\\\/\\\/www.fcbarcelonanoticias.com\\\/en\\\/laliga\\\/de-jong-speaks-out-against-villarreal-barca-in-miami_314980_102.html\"]}]},{\"@type\":\"ImageObject\",\"inLanguage\":\"en-US\",\"@id\":\"https:\\\/\\\/www.fcbarcelonanoticias.com\\\/en\\\/laliga\\\/de-jong-speaks-out-against-villarreal-barca-in-miami_314980_102.html#primaryimage\",\"url\":\"https:\\\/\\\/www.fcbarcelonanoticias.com\\\/en\\\/wp-content\\\/uploads\\\/sites\\\/2\\\/2025\\\/10\\\/frenkie-de-jong-v-real-sociedad-laliga-25-26.webp\",\"contentUrl\":\"https:\\\/\\\/www.fcbarcelonanoticias.com\\\/en\\\/wp-content\\\/uploads\\\/sites\\\/2\\\/2025\\\/10\\\/frenkie-de-jong-v-real-sociedad-laliga-25-26.webp\",\"width\":1200,\"height\":675},{\"@type\":\"BreadcrumbList\",\"@id\":\"https:\\\/\\\/www.fcbarcelonanoticias.com\\\/en\\\/laliga\\\/de-jong-speaks-out-against-villarreal-barca-in-miami_314980_102.html#breadcrumb\",\"itemListElement\":[{\"@type\":\"ListItem\",\"position\":1,\"name\":\"Portada\",\"item\":\"https:\\\/\\\/www.fcbarcelonanoticias.com\\\/en\\\/\"},{\"@type\":\"ListItem\",\"position\":2,\"name\":\"Frenkie de Jong speaks out against Villarreal-Bar\u00e7a in Miami: what did he say?\"}]},{\"@type\":\"WebSite\",\"@id\":\"https:\\\/\\\/www.fcbarcelonanoticias.com\\\/en\\\/#website\",\"url\":\"https:\\\/\\\/www.fcbarcelonanoticias.com\\\/en\\\/\",\"name\":\"EN - FC Barcelona Noticias\",\"description\":\"\",\"potentialAction\":[{\"@type\":\"SearchAction\",\"target\":{\"@type\":\"EntryPoint\",\"urlTemplate\":\"https:\\\/\\\/www.fcbarcelonanoticias.com\\\/en\\\/?s={search_term_string}\"},\"query-input\":{\"@type\":\"PropertyValueSpecification\",\"valueRequired\":true,\"valueName\":\"search_term_string\"}}],\"inLanguage\":\"en-US\"},{\"@type\":\"Person\",\"@id\":\"https:\\\/\\\/www.fcbarcelonanoticias.com\\\/en\\\/#\\\/schema\\\/person\\\/c2cd9f6fa1af5c0d0eccd0fefa575c88\",\"name\":\"Andr\u00e9s Quiroz\",\"image\":{\"@type\":\"ImageObject\",\"inLanguage\":\"en-US\",\"@id\":\"https:\\\/\\\/secure.gravatar.com\\\/avatar\\\/?s=96&d=mm&r=g\",\"url\":\"https:\\\/\\\/secure.gravatar.com\\\/avatar\\\/?s=96&d=mm&r=g\",\"contentUrl\":\"https:\\\/\\\/secure.gravatar.com\\\/avatar\\\/?s=96&d=mm&r=g\",\"caption\":\"Andr\u00e9s Quiroz\"},\"description\":\"Licenciado en Periodismo por la Universidad de los Andes. Me encargo de analizar y compartir los contenidos m\u00e1s destacados de la\u00a0actualidad del F\u00fatbol Club Barcelona, Mercado de Fichajes y F\u00fatbol Internacional en FCBN. La informaci\u00f3n es poder, pero tambi\u00e9n conocimiento.\",\"url\":\"https:\\\/\\\/www.fcbarcelonanoticias.com\\\/en\\\/fc-barcelona\\\/andres-quiroz_17_115.html\"}]}<\/script>\n<!-- \/ Yoast SEO plugin. -->","yoast_head_json":{"title":"De Jong speaks out against Villarreal-Bar\u00e7a in Miami","description":"Once the Villarreal-Bar\u00e7a match in Miami was confirmed, Frenkie de Jong expressed his rejection of the initiative to play a LaLiga match outside of Spain","robots":{"index":"index","follow":"follow","max-snippet":"max-snippet:-1","max-image-preview":"max-image-preview:large","max-video-preview":"max-video-preview:-1"},"canonical":"https:\/\/www.fcbarcelonanoticias.com\/en\/laliga\/de-jong-speaks-out-against-villarreal-barca-in-miami_314980_102.html","og_locale":"en_US","og_type":"article","og_title":"De Jong speaks out against Villarreal-Bar\u00e7a in Miami","og_description":"Once the Villarreal-Bar\u00e7a match in Miami was confirmed, Frenkie de Jong expressed his rejection of the initiative to play a LaLiga match outside of Spain","og_url":"https:\/\/www.fcbarcelonanoticias.com\/en\/laliga\/de-jong-speaks-out-against-villarreal-barca-in-miami_314980_102.html","og_site_name":"EN - FC Barcelona Noticias","article_published_time":"2025-10-08T22:59:00+00:00","article_modified_time":"2026-03-27T10:32:53+00:00","og_image":[{"width":1200,"height":675,"url":"https:\/\/www.fcbarcelonanoticias.com\/en\/wp-content\/uploads\/sites\/2\/2025\/10\/frenkie-de-jong-v-real-sociedad-laliga-25-26.webp","type":"image\/webp"}],"author":"Andr\u00e9s Quiroz","twitter_card":"summary_large_image","twitter_misc":{"Written by":"Andr\u00e9s Quiroz","Est. reading time":"3 minutes"},"schema":{"@context":"https:\/\/schema.org","@graph":[{"@type":"Article","@id":"https:\/\/www.fcbarcelonanoticias.com\/en\/laliga\/de-jong-speaks-out-against-villarreal-barca-in-miami_314980_102.html#article","isPartOf":{"@id":"https:\/\/www.fcbarcelonanoticias.com\/en\/laliga\/de-jong-speaks-out-against-villarreal-barca-in-miami_314980_102.html"},"author":{"name":"Andr\u00e9s Quiroz","@id":"https:\/\/www.fcbarcelonanoticias.com\/en\/#\/schema\/person\/c2cd9f6fa1af5c0d0eccd0fefa575c88"},"headline":"Frenkie de Jong speaks out against Villarreal-Bar\u00e7a in Miami: what did he say?","datePublished":"2025-10-08T22:59:00+00:00","dateModified":"2026-03-27T10:32:53+00:00","mainEntityOfPage":{"@id":"https:\/\/www.fcbarcelonanoticias.com\/en\/laliga\/de-jong-speaks-out-against-villarreal-barca-in-miami_314980_102.html"},"wordCount":617,"image":{"@id":"https:\/\/www.fcbarcelonanoticias.com\/en\/laliga\/de-jong-speaks-out-against-villarreal-barca-in-miami_314980_102.html#primaryimage"},"thumbnailUrl":"https:\/\/www.fcbarcelonanoticias.com\/en\/wp-content\/uploads\/sites\/2\/2025\/10\/frenkie-de-jong-v-real-sociedad-laliga-25-26.webp","keywords":["FC Barcelona vs Villarreal CF","Frenkie de Jong","Javier Thebes"],"articleSection":["LaLiga","LaLiga"],"inLanguage":"en-US"},{"@type":"WebPage","@id":"https:\/\/www.fcbarcelonanoticias.com\/en\/laliga\/de-jong-speaks-out-against-villarreal-barca-in-miami_314980_102.html","url":"https:\/\/www.fcbarcelonanoticias.com\/en\/laliga\/de-jong-speaks-out-against-villarreal-barca-in-miami_314980_102.html","name":"De Jong speaks out against Villarreal-Bar\u00e7a in Miami","isPartOf":{"@id":"https:\/\/www.fcbarcelonanoticias.com\/en\/#website"},"primaryImageOfPage":{"@id":"https:\/\/www.fcbarcelonanoticias.com\/en\/laliga\/de-jong-speaks-out-against-villarreal-barca-in-miami_314980_102.html#primaryimage"},"image":{"@id":"https:\/\/www.fcbarcelonanoticias.com\/en\/laliga\/de-jong-speaks-out-against-villarreal-barca-in-miami_314980_102.html#primaryimage"},"thumbnailUrl":"https:\/\/www.fcbarcelonanoticias.com\/en\/wp-content\/uploads\/sites\/2\/2025\/10\/frenkie-de-jong-v-real-sociedad-laliga-25-26.webp","datePublished":"2025-10-08T22:59:00+00:00","dateModified":"2026-03-27T10:32:53+00:00","author":{"@id":"https:\/\/www.fcbarcelonanoticias.com\/en\/#\/schema\/person\/c2cd9f6fa1af5c0d0eccd0fefa575c88"},"description":"Once the Villarreal-Bar\u00e7a match in Miami was confirmed, Frenkie de Jong expressed his rejection of the initiative to play a LaLiga match outside of Spain","breadcrumb":{"@id":"https:\/\/www.fcbarcelonanoticias.com\/en\/laliga\/de-jong-speaks-out-against-villarreal-barca-in-miami_314980_102.html#breadcrumb"},"inLanguage":"en-US","potentialAction":[{"@type":"ReadAction","target":["https:\/\/www.fcbarcelonanoticias.com\/en\/laliga\/de-jong-speaks-out-against-villarreal-barca-in-miami_314980_102.html"]}]},{"@type":"ImageObject","inLanguage":"en-US","@id":"https:\/\/www.fcbarcelonanoticias.com\/en\/laliga\/de-jong-speaks-out-against-villarreal-barca-in-miami_314980_102.html#primaryimage","url":"https:\/\/www.fcbarcelonanoticias.com\/en\/wp-content\/uploads\/sites\/2\/2025\/10\/frenkie-de-jong-v-real-sociedad-laliga-25-26.webp","contentUrl":"https:\/\/www.fcbarcelonanoticias.com\/en\/wp-content\/uploads\/sites\/2\/2025\/10\/frenkie-de-jong-v-real-sociedad-laliga-25-26.webp","width":1200,"height":675},{"@type":"BreadcrumbList","@id":"https:\/\/www.fcbarcelonanoticias.com\/en\/laliga\/de-jong-speaks-out-against-villarreal-barca-in-miami_314980_102.html#breadcrumb","itemListElement":[{"@type":"ListItem","position":1,"name":"Portada","item":"https:\/\/www.fcbarcelonanoticias.com\/en\/"},{"@type":"ListItem","position":2,"name":"Frenkie de Jong speaks out against Villarreal-Bar\u00e7a in Miami: what did he say?"}]},{"@type":"WebSite","@id":"https:\/\/www.fcbarcelonanoticias.com\/en\/#website","url":"https:\/\/www.fcbarcelonanoticias.com\/en\/","name":"EN - FC Barcelona Noticias","description":"","potentialAction":[{"@type":"SearchAction","target":{"@type":"EntryPoint","urlTemplate":"https:\/\/www.fcbarcelonanoticias.com\/en\/?s={search_term_string}"},"query-input":{"@type":"PropertyValueSpecification","valueRequired":true,"valueName":"search_term_string"}}],"inLanguage":"en-US"},{"@type":"Person","@id":"https:\/\/www.fcbarcelonanoticias.com\/en\/#\/schema\/person\/c2cd9f6fa1af5c0d0eccd0fefa575c88","name":"Andr\u00e9s Quiroz","image":{"@type":"ImageObject","inLanguage":"en-US","@id":"https:\/\/secure.gravatar.com\/avatar\/?s=96&d=mm&r=g","url":"https:\/\/secure.gravatar.com\/avatar\/?s=96&d=mm&r=g","contentUrl":"https:\/\/secure.gravatar.com\/avatar\/?s=96&d=mm&r=g","caption":"Andr\u00e9s Quiroz"},"description":"Licenciado en Periodismo por la Universidad de los Andes. Me encargo de analizar y compartir los contenidos m\u00e1s destacados de la\u00a0actualidad del F\u00fatbol Club Barcelona, Mercado de Fichajes y F\u00fatbol Internacional en FCBN. La informaci\u00f3n es poder, pero tambi\u00e9n conocimiento.","url":"https:\/\/www.fcbarcelonanoticias.com\/en\/fc-barcelona\/andres-quiroz_17_115.html"}]}},"_links":{"self":[{"href":"https:\/\/www.fcbarcelonanoticias.com\/en\/wp-json\/wp\/v2\/posts\/52319","targetHints":{"allow":["GET"]}}],"collection":[{"href":"https:\/\/www.fcbarcelonanoticias.com\/en\/wp-json\/wp\/v2\/posts"}],"about":[{"href":"https:\/\/www.fcbarcelonanoticias.com\/en\/wp-json\/wp\/v2\/types\/post"}],"author":[{"embeddable":true,"href":"https:\/\/www.fcbarcelonanoticias.com\/en\/wp-json\/wp\/v2\/users\/347"}],"replies":[{"embeddable":true,"href":"https:\/\/www.fcbarcelonanoticias.com\/en\/wp-json\/wp\/v2\/comments?post=52319"}],"version-history":[{"count":2,"href":"https:\/\/www.fcbarcelonanoticias.com\/en\/wp-json\/wp\/v2\/posts\/52319\/revisions"}],"predecessor-version":[{"id":159110,"href":"https:\/\/www.fcbarcelonanoticias.com\/en\/wp-json\/wp\/v2\/posts\/52319\/revisions\/159110"}],"wp:featuredmedia":[{"embeddable":true,"href":"https:\/\/www.fcbarcelonanoticias.com\/en\/wp-json\/wp\/v2\/media\/52320"}],"wp:attachment":[{"href":"https:\/\/www.fcbarcelonanoticias.com\/en\/wp-json\/wp\/v2\/media?parent=52319"}],"wp:term":[{"taxonomy":"category","embeddable":true,"href":"https:\/\/www.fcbarcelonanoticias.com\/en\/wp-json\/wp\/v2\/categories?post=52319"},{"taxonomy":"post_tag","embeddable":true,"href":"https:\/\/www.fcbarcelonanoticias.com\/en\/wp-json\/wp\/v2\/tags?post=52319"}],"curies":[{"name":"wp","href":"https:\/\/api.w.org\/{rel}","templated":true}]}}