{"id":52344,"date":"2024-10-05T19:09:00","date_gmt":"2024-10-05T17:09:00","guid":{"rendered":"https:\/\/weisetech.dev\/fc-barcelona-noticias\/en\/doubt-resolved-hansi-flick-reveals-when-he-could-debut-szczesny-with-barca_307732_102\/"},"modified":"2024-10-05T19:09:00","modified_gmt":"2024-10-05T17:09:00","slug":"doubt-resolved-hansi-flick-reveals-when-he-could-debut-szczesny-with-barca_307732_102","status":"publish","type":"post","link":"https:\/\/www.fcbarcelonanoticias.com\/en\/laliga\/doubt-resolved-hansi-flick-reveals-when-he-could-debut-szczesny-with-barca_307732_102.html","title":{"rendered":"DOUBT RESOLVED: Hansi Flick reveals when Szczesny will be able to debut with Bar\u00e7a"},"content":{"rendered":"<h2 class=\"wp-block-heading\">Hansi Flick did not include Wojciech Szczesny in the Alav\u00e9s-Bar\u00e7a squad. Although the coach is delighted with the Pole, he made it clear that he is not yet ready to play<\/h2>  \r\n<div class=\"article-addons\">\r\n    <a href=\"https:\/\/www.fcbarcelonanoticias.com\/en\/calendar-fc-barcelona.html\"\r\n       target=\"_self\"\r\n       title=\"Calendar of FC Barcelona\"\r\n       class=\"blue-gredient-btn\">\r\n       \r\n        Calendar of FC Barcelona    <\/a>\r\n<\/div>   <p>Wojciech Szczesny&#8217;s debut with FC Barcelona will have to wait, at least, a couple more weeks. Although the Pole was registered in LaLiga this Saturday, he was left out of the list of those called up by Hansi Flick for the visit to Alav\u00e9s. In the press conference prior to the trip to Vitoria, <strong>the German coach made clear his reasons for not counting on the Warsaw coach this Sunday, although he has exhibited impeccable physical condition<\/strong> in his first three training sessions with the group.<\/p>  <p><strong>&#8220;He said he wanted to finish his career, but he is in very good shape.<\/strong> It is good to have his experience and his quality. When I spoke to him, I was impressed. He is a personable person and he told me that he would join me as soon as I needed him. <strong>He will contribute a lot. And he has a lot of character, but he won&#8217;t be against Alav\u00e9s because he needs time&#8221;.<\/strong><\/p>  <h2>Flick avoids getting wet about Szczesny&#8217;s imminent ownership<\/h2>  <p>In that sense, Flick was convinced of the importance of signing the Pole, who arrives to challenge I\u00f1aki Pe\u00f1a for ownership. <strong>&#8220;I think that for him playing for Bar\u00e7a will be a wonderful experience<\/strong>. If he had had any doubts he would have said no, but he told us yes. We will see him in training. We have time to work with him,&#8221; argued the man from Heidelberg.<\/p>  <p>However, he avoided getting wet about Pe\u00f1a&#8217;s possible substitution after the break, once the &#8217;25&#8217; is ready to play. <strong>&#8220;We are happy to have another player, I think Szczesny will help I\u00f1aki. <\/strong>We will have more options. I am happy with the club&#8217;s decision,&#8221; said the German coach. At least, against Alav\u00e9s, the debate in the Bar\u00e7a goal is settled. On matchday 10, against Sevilla, it is very likely that the Alicante player will give up his place to the Pole.<\/p> ","protected":false},"excerpt":{"rendered":"<p>Hansi Flick did not include Wojciech Szczesny in the Alav\u00e9s-Bar\u00e7a squad. Although the coach is delighted with the Pole, he made it clear that he is not yet ready to play Wojciech Szczesny&#8217;s debut with FC Barcelona will have to wait, at least, a couple more weeks. Although the Pole was registered in LaLiga this [&hellip;]<\/p>\n","protected":false},"author":347,"featured_media":52346,"comment_status":"closed","ping_status":"open","sticky":false,"template":"","format":"standard","meta":{"_acf_changed":false,"inline_featured_image":false,"_nextfly_llmd_date_locked":false,"footnotes":""},"categories":[114,448],"tags":[68,87],"class_list":["post-52344","post","type-post","status-publish","format-standard","has-post-thumbnail","hentry","category-laliga","category-laliga-2","tag-fc-barcelona-vs-deportivo-alaves","tag-hansi-flick"],"acf":[],"yoast_head":"<!-- This site is optimized with the Yoast SEO plugin v27.3 - https:\/\/yoast.com\/product\/yoast-seo-wordpress\/ -->\n<title>DOUBT RESOLVED: Hansi Flick reveals when Szczesny will be able to debut with Bar\u00e7a<\/title>\n<meta name=\"description\" content=\"Hansi Flick did not include Wojciech Szczesny in the Alav\u00e9s-Bar\u00e7a squad. Although the coach is delighted with the Pole, he made it clear that he is not yet ready to play\" \/>\n<meta name=\"robots\" content=\"index, follow, max-snippet:-1, max-image-preview:large, max-video-preview:-1\" \/>\n<link rel=\"canonical\" href=\"https:\/\/www.fcbarcelonanoticias.com\/en\/laliga\/doubt-resolved-hansi-flick-reveals-when-he-could-debut-szczesny-with-barca_307732_102.html\" \/>\n<meta property=\"og:locale\" content=\"en_US\" \/>\n<meta property=\"og:type\" content=\"article\" \/>\n<meta property=\"og:title\" content=\"DOUBT RESOLVED: Hansi Flick reveals when Szczesny will be able to debut with Bar\u00e7a\" \/>\n<meta property=\"og:description\" content=\"Hansi Flick did not include Wojciech Szczesny in the Alav\u00e9s-Bar\u00e7a squad. Although the coach is delighted with the Pole, he made it clear that he is not yet ready to play\" \/>\n<meta property=\"og:url\" content=\"https:\/\/www.fcbarcelonanoticias.com\/en\/laliga\/doubt-resolved-hansi-flick-reveals-when-he-could-debut-szczesny-with-barca_307732_102.html\" \/>\n<meta property=\"og:site_name\" content=\"EN - FC Barcelona Noticias\" \/>\n<meta property=\"article:published_time\" content=\"2024-10-05T17:09:00+00:00\" \/>\n<meta name=\"author\" content=\"Andr\u00e9s Quiroz\" \/>\n<meta name=\"twitter:card\" content=\"summary_large_image\" \/>\n<meta name=\"twitter:label1\" content=\"Written by\" \/>\n\t<meta name=\"twitter:data1\" content=\"Andr\u00e9s Quiroz\" \/>\n\t<meta name=\"twitter:label2\" content=\"Est. reading time\" \/>\n\t<meta name=\"twitter:data2\" content=\"2 minutes\" \/>\n<script type=\"application\/ld+json\" class=\"yoast-schema-graph\">{\"@context\":\"https:\\\/\\\/schema.org\",\"@graph\":[{\"@type\":\"Article\",\"@id\":\"https:\\\/\\\/www.fcbarcelonanoticias.com\\\/en\\\/laliga\\\/doubt-resolved-hansi-flick-reveals-when-he-could-debut-szczesny-with-barca_307732_102.html#article\",\"isPartOf\":{\"@id\":\"https:\\\/\\\/www.fcbarcelonanoticias.com\\\/en\\\/laliga\\\/doubt-resolved-hansi-flick-reveals-when-he-could-debut-szczesny-with-barca_307732_102.html\"},\"author\":{\"name\":\"Andr\u00e9s Quiroz\",\"@id\":\"https:\\\/\\\/www.fcbarcelonanoticias.com\\\/en\\\/#\\\/schema\\\/person\\\/c2cd9f6fa1af5c0d0eccd0fefa575c88\"},\"headline\":\"DOUBT RESOLVED: Hansi Flick reveals when Szczesny will be able to debut with Bar\u00e7a\",\"datePublished\":\"2024-10-05T17:09:00+00:00\",\"mainEntityOfPage\":{\"@id\":\"https:\\\/\\\/www.fcbarcelonanoticias.com\\\/en\\\/laliga\\\/doubt-resolved-hansi-flick-reveals-when-he-could-debut-szczesny-with-barca_307732_102.html\"},\"wordCount\":378,\"image\":{\"@id\":\"https:\\\/\\\/www.fcbarcelonanoticias.com\\\/en\\\/laliga\\\/doubt-resolved-hansi-flick-reveals-when-he-could-debut-szczesny-with-barca_307732_102.html#primaryimage\"},\"thumbnailUrl\":\"\",\"keywords\":[\"FC Barcelona vs Deportivo Alav\u00e9s\",\"Hansi Flick\"],\"articleSection\":[\"LaLiga\",\"LaLiga\"],\"inLanguage\":\"en-US\"},{\"@type\":\"WebPage\",\"@id\":\"https:\\\/\\\/www.fcbarcelonanoticias.com\\\/en\\\/laliga\\\/doubt-resolved-hansi-flick-reveals-when-he-could-debut-szczesny-with-barca_307732_102.html\",\"url\":\"https:\\\/\\\/www.fcbarcelonanoticias.com\\\/en\\\/laliga\\\/doubt-resolved-hansi-flick-reveals-when-he-could-debut-szczesny-with-barca_307732_102.html\",\"name\":\"DOUBT RESOLVED: Hansi Flick reveals when Szczesny will be able to debut with Bar\u00e7a\",\"isPartOf\":{\"@id\":\"https:\\\/\\\/www.fcbarcelonanoticias.com\\\/en\\\/#website\"},\"primaryImageOfPage\":{\"@id\":\"https:\\\/\\\/www.fcbarcelonanoticias.com\\\/en\\\/laliga\\\/doubt-resolved-hansi-flick-reveals-when-he-could-debut-szczesny-with-barca_307732_102.html#primaryimage\"},\"image\":{\"@id\":\"https:\\\/\\\/www.fcbarcelonanoticias.com\\\/en\\\/laliga\\\/doubt-resolved-hansi-flick-reveals-when-he-could-debut-szczesny-with-barca_307732_102.html#primaryimage\"},\"thumbnailUrl\":\"\",\"datePublished\":\"2024-10-05T17:09:00+00:00\",\"author\":{\"@id\":\"https:\\\/\\\/www.fcbarcelonanoticias.com\\\/en\\\/#\\\/schema\\\/person\\\/c2cd9f6fa1af5c0d0eccd0fefa575c88\"},\"description\":\"Hansi Flick did not include Wojciech Szczesny in the Alav\u00e9s-Bar\u00e7a squad. Although the coach is delighted with the Pole, he made it clear that he is not yet ready to play\",\"breadcrumb\":{\"@id\":\"https:\\\/\\\/www.fcbarcelonanoticias.com\\\/en\\\/laliga\\\/doubt-resolved-hansi-flick-reveals-when-he-could-debut-szczesny-with-barca_307732_102.html#breadcrumb\"},\"inLanguage\":\"en-US\",\"potentialAction\":[{\"@type\":\"ReadAction\",\"target\":[\"https:\\\/\\\/www.fcbarcelonanoticias.com\\\/en\\\/laliga\\\/doubt-resolved-hansi-flick-reveals-when-he-could-debut-szczesny-with-barca_307732_102.html\"]}]},{\"@type\":\"ImageObject\",\"inLanguage\":\"en-US\",\"@id\":\"https:\\\/\\\/www.fcbarcelonanoticias.com\\\/en\\\/laliga\\\/doubt-resolved-hansi-flick-reveals-when-he-could-debut-szczesny-with-barca_307732_102.html#primaryimage\",\"url\":\"\",\"contentUrl\":\"\"},{\"@type\":\"BreadcrumbList\",\"@id\":\"https:\\\/\\\/www.fcbarcelonanoticias.com\\\/en\\\/laliga\\\/doubt-resolved-hansi-flick-reveals-when-he-could-debut-szczesny-with-barca_307732_102.html#breadcrumb\",\"itemListElement\":[{\"@type\":\"ListItem\",\"position\":1,\"name\":\"Portada\",\"item\":\"https:\\\/\\\/www.fcbarcelonanoticias.com\\\/en\\\/\"},{\"@type\":\"ListItem\",\"position\":2,\"name\":\"DOUBT RESOLVED: Hansi Flick reveals when Szczesny will be able to debut with Bar\u00e7a\"}]},{\"@type\":\"WebSite\",\"@id\":\"https:\\\/\\\/www.fcbarcelonanoticias.com\\\/en\\\/#website\",\"url\":\"https:\\\/\\\/www.fcbarcelonanoticias.com\\\/en\\\/\",\"name\":\"EN - FC Barcelona Noticias\",\"description\":\"\",\"potentialAction\":[{\"@type\":\"SearchAction\",\"target\":{\"@type\":\"EntryPoint\",\"urlTemplate\":\"https:\\\/\\\/www.fcbarcelonanoticias.com\\\/en\\\/?s={search_term_string}\"},\"query-input\":{\"@type\":\"PropertyValueSpecification\",\"valueRequired\":true,\"valueName\":\"search_term_string\"}}],\"inLanguage\":\"en-US\"},{\"@type\":\"Person\",\"@id\":\"https:\\\/\\\/www.fcbarcelonanoticias.com\\\/en\\\/#\\\/schema\\\/person\\\/c2cd9f6fa1af5c0d0eccd0fefa575c88\",\"name\":\"Andr\u00e9s Quiroz\",\"image\":{\"@type\":\"ImageObject\",\"inLanguage\":\"en-US\",\"@id\":\"https:\\\/\\\/secure.gravatar.com\\\/avatar\\\/?s=96&d=mm&r=g\",\"url\":\"https:\\\/\\\/secure.gravatar.com\\\/avatar\\\/?s=96&d=mm&r=g\",\"contentUrl\":\"https:\\\/\\\/secure.gravatar.com\\\/avatar\\\/?s=96&d=mm&r=g\",\"caption\":\"Andr\u00e9s Quiroz\"},\"description\":\"Licenciado en Periodismo por la Universidad de los Andes. Me encargo de analizar y compartir los contenidos m\u00e1s destacados de la\u00a0actualidad del F\u00fatbol Club Barcelona, Mercado de Fichajes y F\u00fatbol Internacional en FCBN. La informaci\u00f3n es poder, pero tambi\u00e9n conocimiento.\",\"url\":\"https:\\\/\\\/www.fcbarcelonanoticias.com\\\/en\\\/fc-barcelona\\\/andres-quiroz_17_115.html\"}]}<\/script>\n<!-- \/ Yoast SEO plugin. -->","yoast_head_json":{"title":"DOUBT RESOLVED: Hansi Flick reveals when Szczesny will be able to debut with Bar\u00e7a","description":"Hansi Flick did not include Wojciech Szczesny in the Alav\u00e9s-Bar\u00e7a squad. Although the coach is delighted with the Pole, he made it clear that he is not yet ready to play","robots":{"index":"index","follow":"follow","max-snippet":"max-snippet:-1","max-image-preview":"max-image-preview:large","max-video-preview":"max-video-preview:-1"},"canonical":"https:\/\/www.fcbarcelonanoticias.com\/en\/laliga\/doubt-resolved-hansi-flick-reveals-when-he-could-debut-szczesny-with-barca_307732_102.html","og_locale":"en_US","og_type":"article","og_title":"DOUBT RESOLVED: Hansi Flick reveals when Szczesny will be able to debut with Bar\u00e7a","og_description":"Hansi Flick did not include Wojciech Szczesny in the Alav\u00e9s-Bar\u00e7a squad. Although the coach is delighted with the Pole, he made it clear that he is not yet ready to play","og_url":"https:\/\/www.fcbarcelonanoticias.com\/en\/laliga\/doubt-resolved-hansi-flick-reveals-when-he-could-debut-szczesny-with-barca_307732_102.html","og_site_name":"EN - FC Barcelona Noticias","article_published_time":"2024-10-05T17:09:00+00:00","author":"Andr\u00e9s Quiroz","twitter_card":"summary_large_image","twitter_misc":{"Written by":"Andr\u00e9s Quiroz","Est. reading time":"2 minutes"},"schema":{"@context":"https:\/\/schema.org","@graph":[{"@type":"Article","@id":"https:\/\/www.fcbarcelonanoticias.com\/en\/laliga\/doubt-resolved-hansi-flick-reveals-when-he-could-debut-szczesny-with-barca_307732_102.html#article","isPartOf":{"@id":"https:\/\/www.fcbarcelonanoticias.com\/en\/laliga\/doubt-resolved-hansi-flick-reveals-when-he-could-debut-szczesny-with-barca_307732_102.html"},"author":{"name":"Andr\u00e9s Quiroz","@id":"https:\/\/www.fcbarcelonanoticias.com\/en\/#\/schema\/person\/c2cd9f6fa1af5c0d0eccd0fefa575c88"},"headline":"DOUBT RESOLVED: Hansi Flick reveals when Szczesny will be able to debut with Bar\u00e7a","datePublished":"2024-10-05T17:09:00+00:00","mainEntityOfPage":{"@id":"https:\/\/www.fcbarcelonanoticias.com\/en\/laliga\/doubt-resolved-hansi-flick-reveals-when-he-could-debut-szczesny-with-barca_307732_102.html"},"wordCount":378,"image":{"@id":"https:\/\/www.fcbarcelonanoticias.com\/en\/laliga\/doubt-resolved-hansi-flick-reveals-when-he-could-debut-szczesny-with-barca_307732_102.html#primaryimage"},"thumbnailUrl":"","keywords":["FC Barcelona vs Deportivo Alav\u00e9s","Hansi Flick"],"articleSection":["LaLiga","LaLiga"],"inLanguage":"en-US"},{"@type":"WebPage","@id":"https:\/\/www.fcbarcelonanoticias.com\/en\/laliga\/doubt-resolved-hansi-flick-reveals-when-he-could-debut-szczesny-with-barca_307732_102.html","url":"https:\/\/www.fcbarcelonanoticias.com\/en\/laliga\/doubt-resolved-hansi-flick-reveals-when-he-could-debut-szczesny-with-barca_307732_102.html","name":"DOUBT RESOLVED: Hansi Flick reveals when Szczesny will be able to debut with Bar\u00e7a","isPartOf":{"@id":"https:\/\/www.fcbarcelonanoticias.com\/en\/#website"},"primaryImageOfPage":{"@id":"https:\/\/www.fcbarcelonanoticias.com\/en\/laliga\/doubt-resolved-hansi-flick-reveals-when-he-could-debut-szczesny-with-barca_307732_102.html#primaryimage"},"image":{"@id":"https:\/\/www.fcbarcelonanoticias.com\/en\/laliga\/doubt-resolved-hansi-flick-reveals-when-he-could-debut-szczesny-with-barca_307732_102.html#primaryimage"},"thumbnailUrl":"","datePublished":"2024-10-05T17:09:00+00:00","author":{"@id":"https:\/\/www.fcbarcelonanoticias.com\/en\/#\/schema\/person\/c2cd9f6fa1af5c0d0eccd0fefa575c88"},"description":"Hansi Flick did not include Wojciech Szczesny in the Alav\u00e9s-Bar\u00e7a squad. Although the coach is delighted with the Pole, he made it clear that he is not yet ready to play","breadcrumb":{"@id":"https:\/\/www.fcbarcelonanoticias.com\/en\/laliga\/doubt-resolved-hansi-flick-reveals-when-he-could-debut-szczesny-with-barca_307732_102.html#breadcrumb"},"inLanguage":"en-US","potentialAction":[{"@type":"ReadAction","target":["https:\/\/www.fcbarcelonanoticias.com\/en\/laliga\/doubt-resolved-hansi-flick-reveals-when-he-could-debut-szczesny-with-barca_307732_102.html"]}]},{"@type":"ImageObject","inLanguage":"en-US","@id":"https:\/\/www.fcbarcelonanoticias.com\/en\/laliga\/doubt-resolved-hansi-flick-reveals-when-he-could-debut-szczesny-with-barca_307732_102.html#primaryimage","url":"","contentUrl":""},{"@type":"BreadcrumbList","@id":"https:\/\/www.fcbarcelonanoticias.com\/en\/laliga\/doubt-resolved-hansi-flick-reveals-when-he-could-debut-szczesny-with-barca_307732_102.html#breadcrumb","itemListElement":[{"@type":"ListItem","position":1,"name":"Portada","item":"https:\/\/www.fcbarcelonanoticias.com\/en\/"},{"@type":"ListItem","position":2,"name":"DOUBT RESOLVED: Hansi Flick reveals when Szczesny will be able to debut with Bar\u00e7a"}]},{"@type":"WebSite","@id":"https:\/\/www.fcbarcelonanoticias.com\/en\/#website","url":"https:\/\/www.fcbarcelonanoticias.com\/en\/","name":"EN - FC Barcelona Noticias","description":"","potentialAction":[{"@type":"SearchAction","target":{"@type":"EntryPoint","urlTemplate":"https:\/\/www.fcbarcelonanoticias.com\/en\/?s={search_term_string}"},"query-input":{"@type":"PropertyValueSpecification","valueRequired":true,"valueName":"search_term_string"}}],"inLanguage":"en-US"},{"@type":"Person","@id":"https:\/\/www.fcbarcelonanoticias.com\/en\/#\/schema\/person\/c2cd9f6fa1af5c0d0eccd0fefa575c88","name":"Andr\u00e9s Quiroz","image":{"@type":"ImageObject","inLanguage":"en-US","@id":"https:\/\/secure.gravatar.com\/avatar\/?s=96&d=mm&r=g","url":"https:\/\/secure.gravatar.com\/avatar\/?s=96&d=mm&r=g","contentUrl":"https:\/\/secure.gravatar.com\/avatar\/?s=96&d=mm&r=g","caption":"Andr\u00e9s Quiroz"},"description":"Licenciado en Periodismo por la Universidad de los Andes. Me encargo de analizar y compartir los contenidos m\u00e1s destacados de la\u00a0actualidad del F\u00fatbol Club Barcelona, Mercado de Fichajes y F\u00fatbol Internacional en FCBN. La informaci\u00f3n es poder, pero tambi\u00e9n conocimiento.","url":"https:\/\/www.fcbarcelonanoticias.com\/en\/fc-barcelona\/andres-quiroz_17_115.html"}]}},"_links":{"self":[{"href":"https:\/\/www.fcbarcelonanoticias.com\/en\/wp-json\/wp\/v2\/posts\/52344","targetHints":{"allow":["GET"]}}],"collection":[{"href":"https:\/\/www.fcbarcelonanoticias.com\/en\/wp-json\/wp\/v2\/posts"}],"about":[{"href":"https:\/\/www.fcbarcelonanoticias.com\/en\/wp-json\/wp\/v2\/types\/post"}],"author":[{"embeddable":true,"href":"https:\/\/www.fcbarcelonanoticias.com\/en\/wp-json\/wp\/v2\/users\/347"}],"replies":[{"embeddable":true,"href":"https:\/\/www.fcbarcelonanoticias.com\/en\/wp-json\/wp\/v2\/comments?post=52344"}],"version-history":[{"count":1,"href":"https:\/\/www.fcbarcelonanoticias.com\/en\/wp-json\/wp\/v2\/posts\/52344\/revisions"}],"predecessor-version":[{"id":52345,"href":"https:\/\/www.fcbarcelonanoticias.com\/en\/wp-json\/wp\/v2\/posts\/52344\/revisions\/52345"}],"wp:featuredmedia":[{"embeddable":true,"href":"https:\/\/www.fcbarcelonanoticias.com\/en\/wp-json\/"}],"wp:attachment":[{"href":"https:\/\/www.fcbarcelonanoticias.com\/en\/wp-json\/wp\/v2\/media?parent=52344"}],"wp:term":[{"taxonomy":"category","embeddable":true,"href":"https:\/\/www.fcbarcelonanoticias.com\/en\/wp-json\/wp\/v2\/categories?post=52344"},{"taxonomy":"post_tag","embeddable":true,"href":"https:\/\/www.fcbarcelonanoticias.com\/en\/wp-json\/wp\/v2\/tags?post=52344"}],"curies":[{"name":"wp","href":"https:\/\/api.w.org\/{rel}","templated":true}]}}