{"id":52347,"date":"2022-08-13T20:03:00","date_gmt":"2022-08-13T18:03:00","guid":{"rendered":"https:\/\/weisetech.dev\/fc-barcelona-noticias\/en\/debut-to-forget-mingueza-him-gave-the-2-2-to-the-espanyol_283208_102\/"},"modified":"2022-08-13T20:03:00","modified_gmt":"2022-08-13T18:03:00","slug":"debut-to-forget-mingueza-him-gave-the-2-2-to-the-espanyol_283208_102","status":"publish","type":"post","link":"https:\/\/www.fcbarcelonanoticias.com\/en\/laliga\/debut-to-forget-mingueza-him-gave-the-2-2-to-the-espanyol_283208_102.html","title":{"rendered":"Debut to forget: Mingueza &#8216;gave&#8217; Espanyol 2-2"},"content":{"rendered":"<h2 class=\"wp-block-heading\">What seemed to be a change of procedure for the closing of the match in Bala\u00eddos ended in a bitter moment for Mingueza. The former cul\u00e9 entered for the discount and caused the equalizer penalty for Espanyol<\/h2>  \r\n<div class=\"article-addons\">\r\n    <a href=\"https:\/\/www.fcbarcelonanoticias.com\/en\/calendar-fc-barcelona.html\"\r\n       target=\"_self\"\r\n       title=\"Calendar of FC Barcelona\"\r\n       class=\"blue-gredient-btn\">\r\n       \r\n        Calendar of FC Barcelona    <\/a>\r\n<\/div>   <p>In spite of showing ilusionado with his new life in Vigo and the project of Eduardo Coudet in the Celtic, the first apparition of <a data-external=\"0\" data-intl-links-en=\"https:\/\/www.fcbarcelonanoticias.com\/en\/transfers\/mingueza-sincere-after-his-exit-of-the-fc-barcelona_283046_102.html\" data-intl-links-es=\"https:\/\/www.fcbarcelonanoticias.com\/fichajes\/mingueza-se-sincera-su-salida-fc-barcelona_283046_102.html\" href=\"https:\/\/www.fcbarcelonanoticias.com\/en\/transfers\/mingueza-sincere-after-his-exit-of-the-fc-barcelona_283046_102.html\" rel=\"follow\" target=\"_self\" title=\"Mingueza se sincera tras su salida del FC Barcelona\">\u00d3scar Mingueza<\/a> with the Galician team, after his exit of the rows of the FC Barcelona, has been decepcionantemente remembered by the fans in Bala\u00eddos, that already <strong>seemed to have the victory in the pocket after the end of the statutory time<\/strong>.<\/p>  <p>The party initiated with attempts by part of both teams to break the equality, a very clear with the shot to the stick of Sergi Darder. Celtistas And pericos carried occasions of danger, but without success to the end of the first-half, when <strong>Iago Sails tested his luck by third occasion after the pass of \u00d3scar Rodr\u00edguez, accommodated by Augusto Solari to shoot with the right and put the local advantage by the minimum<\/strong>.<\/p>  <p>After the start of the second half, the stage seemed to be worse for the Espanyol. Although the Catalans tried to replace after some adjust by orders of Diego Mart\u00ednez, <strong>the Celtic would lengthen his advantage with the so much of Gon\u00e7alo Patience<\/strong>. After an assistance of Javi Gal\u00e1n, to the Portuguese only sufficed him with finishing of head to put the 2-0.<\/p>  <p>The one who seemed to be the goal of the honour for the Espanyol would arrive to the minute 71. <strong>Edu Exp\u00f3sito, the one who added some minutes from his exit to the field from the bench, would be the attendant to take advantage of a rejection of the local defence with a strong finish<\/strong>. Four minutes later would try it from the half of the field, but his shot finished was.<\/p>  <h3>The minute &#8216;fateful&#8217; for Mingueza<\/h3>  <p>Like part of the last modifications to close the party and fulfilled the statutory time, \u00d3scar Mingueza would do his debut when replacing to Franco Cervi in what it seemed a victory of the Celtic. The Espanyol wanted the tie and tried it one and again, <strong>until the rushed forward of Joselu, that topar\u00eda with <a data-external=\"0\" data-intl-links-en=\"https:\/\/www.fcbarcelonanoticias.com\/en\/transfers\/mingueza-says-farewell-barcelona-with-sense-message_282831_102.html\" data-intl-links-es=\"https:\/\/www.fcbarcelonanoticias.com\/fichajes\/mingueza-se-despide-barcelona-con-sentido-mensaje_282831_102.html\" href=\"https:\/\/www.fcbarcelonanoticias.com\/en\/transfers\/mingueza-says-farewell-barcelona-with-sense-message_282831_102.html\" rel=\"follow\" target=\"_self\" title=\"Mingueza se despide del Bar\u00e7a con un sentido mensaje\">Mingueza<\/a> in a played reviewed by the videoarbitraje<\/strong>. The collegiate Miguel \u00c1ngel Ortiz Arias would finish signalling the manch\u00f3n white: penalti for the pericos. Joselu Would be the attendant to put definite figures to a party nefasto for the ex player of the FC Barcelona.<\/p> ","protected":false},"excerpt":{"rendered":"<p>What seemed to be a change of procedure for the closing of the match in Bala\u00eddos ended in a bitter moment for Mingueza. The former cul\u00e9 entered for the discount and caused the equalizer penalty for Espanyol In spite of showing ilusionado with his new life in Vigo and the project of Eduardo Coudet in [&hellip;]<\/p>\n","protected":false},"author":378,"featured_media":52350,"comment_status":"closed","ping_status":"open","sticky":false,"template":"","format":"standard","meta":{"_acf_changed":false,"inline_featured_image":false,"_nextfly_llmd_date_locked":false,"footnotes":""},"categories":[114,448],"tags":[71,352,79],"class_list":["post-52347","post","type-post","status-publish","format-standard","has-post-thumbnail","hentry","category-laliga","category-laliga-2","tag-celtic-of-vigo","tag-mingueza","tag-rcd-espanyol"],"acf":[],"yoast_head":"<!-- This site is optimized with the Yoast SEO plugin v27.3 - https:\/\/yoast.com\/product\/yoast-seo-wordpress\/ -->\n<title>Debut to forget: Mingueza him &#039;gave&#039; the 2-2 to the Espanyol<\/title>\n<meta name=\"description\" content=\"What seemed to be a change of formality for the closing of the party in Bala\u00eddos, finished in a moment bitter for Mingueza. The ex cul\u00e9 ingres\u00f3 for the descue...\" \/>\n<meta name=\"robots\" content=\"index, follow, max-snippet:-1, max-image-preview:large, max-video-preview:-1\" \/>\n<link rel=\"canonical\" href=\"https:\/\/www.fcbarcelonanoticias.com\/en\/laliga\/debut-to-forget-mingueza-him-gave-the-2-2-to-the-espanyol_283208_102.html\" \/>\n<meta property=\"og:locale\" content=\"en_US\" \/>\n<meta property=\"og:type\" content=\"article\" \/>\n<meta property=\"og:title\" content=\"Debut to forget: Mingueza him &#039;gave&#039; the 2-2 to the Espanyol\" \/>\n<meta property=\"og:description\" content=\"What seemed to be a change of formality for the closing of the party in Bala\u00eddos, finished in a moment bitter for Mingueza. The ex cul\u00e9 ingres\u00f3 for the descue...\" \/>\n<meta property=\"og:url\" content=\"https:\/\/www.fcbarcelonanoticias.com\/en\/laliga\/debut-to-forget-mingueza-him-gave-the-2-2-to-the-espanyol_283208_102.html\" \/>\n<meta property=\"og:site_name\" content=\"EN - FC Barcelona Noticias\" \/>\n<meta property=\"article:published_time\" content=\"2022-08-13T18:03:00+00:00\" \/>\n<meta property=\"og:image\" content=\"https:\/\/www.fcbarcelonanoticias.com\/en\/wp-content\/uploads\/sites\/2\/2022\/08\/fc-barcelona-v-eintracht-frankfurt-quarter-final-leg-two-uefa-europa-league-5-1-1.jpeg\" \/>\n\t<meta property=\"og:image:width\" content=\"1200\" \/>\n\t<meta property=\"og:image:height\" content=\"750\" \/>\n\t<meta property=\"og:image:type\" content=\"image\/jpeg\" \/>\n<meta name=\"author\" content=\"user_4034\" \/>\n<meta name=\"twitter:card\" content=\"summary_large_image\" \/>\n<meta name=\"twitter:label1\" content=\"Written by\" \/>\n\t<meta name=\"twitter:data1\" content=\"user_4034\" \/>\n\t<meta name=\"twitter:label2\" content=\"Est. reading time\" \/>\n\t<meta name=\"twitter:data2\" content=\"2 minutes\" \/>\n<script type=\"application\/ld+json\" class=\"yoast-schema-graph\">{\"@context\":\"https:\\\/\\\/schema.org\",\"@graph\":[{\"@type\":\"Article\",\"@id\":\"https:\\\/\\\/www.fcbarcelonanoticias.com\\\/en\\\/laliga\\\/debut-to-forget-mingueza-him-gave-the-2-2-to-the-espanyol_283208_102.html#article\",\"isPartOf\":{\"@id\":\"https:\\\/\\\/www.fcbarcelonanoticias.com\\\/en\\\/laliga\\\/debut-to-forget-mingueza-him-gave-the-2-2-to-the-espanyol_283208_102.html\"},\"author\":{\"name\":\"user_4034\",\"@id\":\"https:\\\/\\\/www.fcbarcelonanoticias.com\\\/en\\\/#\\\/schema\\\/person\\\/af5ca539abaaa1bd2753d05ef7a706d0\"},\"headline\":\"Debut to forget: Mingueza &#8216;gave&#8217; Espanyol 2-2\",\"datePublished\":\"2022-08-13T18:03:00+00:00\",\"mainEntityOfPage\":{\"@id\":\"https:\\\/\\\/www.fcbarcelonanoticias.com\\\/en\\\/laliga\\\/debut-to-forget-mingueza-him-gave-the-2-2-to-the-espanyol_283208_102.html\"},\"wordCount\":432,\"image\":{\"@id\":\"https:\\\/\\\/www.fcbarcelonanoticias.com\\\/en\\\/laliga\\\/debut-to-forget-mingueza-him-gave-the-2-2-to-the-espanyol_283208_102.html#primaryimage\"},\"thumbnailUrl\":\"https:\\\/\\\/www.fcbarcelonanoticias.com\\\/en\\\/wp-content\\\/uploads\\\/sites\\\/2\\\/2022\\\/08\\\/fc-barcelona-v-eintracht-frankfurt-quarter-final-leg-two-uefa-europa-league-5-1-1.jpeg\",\"keywords\":[\"Celtic of Vigo\",\"Mingueza\",\"RCD Espanyol\"],\"articleSection\":[\"LaLiga\",\"LaLiga\"],\"inLanguage\":\"en-US\"},{\"@type\":\"WebPage\",\"@id\":\"https:\\\/\\\/www.fcbarcelonanoticias.com\\\/en\\\/laliga\\\/debut-to-forget-mingueza-him-gave-the-2-2-to-the-espanyol_283208_102.html\",\"url\":\"https:\\\/\\\/www.fcbarcelonanoticias.com\\\/en\\\/laliga\\\/debut-to-forget-mingueza-him-gave-the-2-2-to-the-espanyol_283208_102.html\",\"name\":\"Debut to forget: Mingueza him 'gave' the 2-2 to the Espanyol\",\"isPartOf\":{\"@id\":\"https:\\\/\\\/www.fcbarcelonanoticias.com\\\/en\\\/#website\"},\"primaryImageOfPage\":{\"@id\":\"https:\\\/\\\/www.fcbarcelonanoticias.com\\\/en\\\/laliga\\\/debut-to-forget-mingueza-him-gave-the-2-2-to-the-espanyol_283208_102.html#primaryimage\"},\"image\":{\"@id\":\"https:\\\/\\\/www.fcbarcelonanoticias.com\\\/en\\\/laliga\\\/debut-to-forget-mingueza-him-gave-the-2-2-to-the-espanyol_283208_102.html#primaryimage\"},\"thumbnailUrl\":\"https:\\\/\\\/www.fcbarcelonanoticias.com\\\/en\\\/wp-content\\\/uploads\\\/sites\\\/2\\\/2022\\\/08\\\/fc-barcelona-v-eintracht-frankfurt-quarter-final-leg-two-uefa-europa-league-5-1-1.jpeg\",\"datePublished\":\"2022-08-13T18:03:00+00:00\",\"author\":{\"@id\":\"https:\\\/\\\/www.fcbarcelonanoticias.com\\\/en\\\/#\\\/schema\\\/person\\\/af5ca539abaaa1bd2753d05ef7a706d0\"},\"description\":\"What seemed to be a change of formality for the closing of the party in Bala\u00eddos, finished in a moment bitter for Mingueza. The ex cul\u00e9 ingres\u00f3 for the descue...\",\"breadcrumb\":{\"@id\":\"https:\\\/\\\/www.fcbarcelonanoticias.com\\\/en\\\/laliga\\\/debut-to-forget-mingueza-him-gave-the-2-2-to-the-espanyol_283208_102.html#breadcrumb\"},\"inLanguage\":\"en-US\",\"potentialAction\":[{\"@type\":\"ReadAction\",\"target\":[\"https:\\\/\\\/www.fcbarcelonanoticias.com\\\/en\\\/laliga\\\/debut-to-forget-mingueza-him-gave-the-2-2-to-the-espanyol_283208_102.html\"]}]},{\"@type\":\"ImageObject\",\"inLanguage\":\"en-US\",\"@id\":\"https:\\\/\\\/www.fcbarcelonanoticias.com\\\/en\\\/laliga\\\/debut-to-forget-mingueza-him-gave-the-2-2-to-the-espanyol_283208_102.html#primaryimage\",\"url\":\"https:\\\/\\\/www.fcbarcelonanoticias.com\\\/en\\\/wp-content\\\/uploads\\\/sites\\\/2\\\/2022\\\/08\\\/fc-barcelona-v-eintracht-frankfurt-quarter-final-leg-two-uefa-europa-league-5-1-1.jpeg\",\"contentUrl\":\"https:\\\/\\\/www.fcbarcelonanoticias.com\\\/en\\\/wp-content\\\/uploads\\\/sites\\\/2\\\/2022\\\/08\\\/fc-barcelona-v-eintracht-frankfurt-quarter-final-leg-two-uefa-europa-league-5-1-1.jpeg\",\"width\":1200,\"height\":750},{\"@type\":\"BreadcrumbList\",\"@id\":\"https:\\\/\\\/www.fcbarcelonanoticias.com\\\/en\\\/laliga\\\/debut-to-forget-mingueza-him-gave-the-2-2-to-the-espanyol_283208_102.html#breadcrumb\",\"itemListElement\":[{\"@type\":\"ListItem\",\"position\":1,\"name\":\"Portada\",\"item\":\"https:\\\/\\\/www.fcbarcelonanoticias.com\\\/en\\\/\"},{\"@type\":\"ListItem\",\"position\":2,\"name\":\"Debut to forget: Mingueza &#8216;gave&#8217; Espanyol 2-2\"}]},{\"@type\":\"WebSite\",\"@id\":\"https:\\\/\\\/www.fcbarcelonanoticias.com\\\/en\\\/#website\",\"url\":\"https:\\\/\\\/www.fcbarcelonanoticias.com\\\/en\\\/\",\"name\":\"EN - FC Barcelona Noticias\",\"description\":\"\",\"potentialAction\":[{\"@type\":\"SearchAction\",\"target\":{\"@type\":\"EntryPoint\",\"urlTemplate\":\"https:\\\/\\\/www.fcbarcelonanoticias.com\\\/en\\\/?s={search_term_string}\"},\"query-input\":{\"@type\":\"PropertyValueSpecification\",\"valueRequired\":true,\"valueName\":\"search_term_string\"}}],\"inLanguage\":\"en-US\"},{\"@type\":\"Person\",\"@id\":\"https:\\\/\\\/www.fcbarcelonanoticias.com\\\/en\\\/#\\\/schema\\\/person\\\/af5ca539abaaa1bd2753d05ef7a706d0\",\"name\":\"user_4034\",\"image\":{\"@type\":\"ImageObject\",\"inLanguage\":\"en-US\",\"@id\":\"https:\\\/\\\/secure.gravatar.com\\\/avatar\\\/?s=96&d=mm&r=g\",\"url\":\"https:\\\/\\\/secure.gravatar.com\\\/avatar\\\/?s=96&d=mm&r=g\",\"contentUrl\":\"https:\\\/\\\/secure.gravatar.com\\\/avatar\\\/?s=96&d=mm&r=g\",\"caption\":\"user_4034\"},\"url\":\"https:\\\/\\\/www.fcbarcelonanoticias.com\\\/en\\\/user_4034.html\"}]}<\/script>\n<!-- \/ Yoast SEO plugin. -->","yoast_head_json":{"title":"Debut to forget: Mingueza him 'gave' the 2-2 to the Espanyol","description":"What seemed to be a change of formality for the closing of the party in Bala\u00eddos, finished in a moment bitter for Mingueza. The ex cul\u00e9 ingres\u00f3 for the descue...","robots":{"index":"index","follow":"follow","max-snippet":"max-snippet:-1","max-image-preview":"max-image-preview:large","max-video-preview":"max-video-preview:-1"},"canonical":"https:\/\/www.fcbarcelonanoticias.com\/en\/laliga\/debut-to-forget-mingueza-him-gave-the-2-2-to-the-espanyol_283208_102.html","og_locale":"en_US","og_type":"article","og_title":"Debut to forget: Mingueza him 'gave' the 2-2 to the Espanyol","og_description":"What seemed to be a change of formality for the closing of the party in Bala\u00eddos, finished in a moment bitter for Mingueza. The ex cul\u00e9 ingres\u00f3 for the descue...","og_url":"https:\/\/www.fcbarcelonanoticias.com\/en\/laliga\/debut-to-forget-mingueza-him-gave-the-2-2-to-the-espanyol_283208_102.html","og_site_name":"EN - FC Barcelona Noticias","article_published_time":"2022-08-13T18:03:00+00:00","og_image":[{"width":1200,"height":750,"url":"https:\/\/www.fcbarcelonanoticias.com\/en\/wp-content\/uploads\/sites\/2\/2022\/08\/fc-barcelona-v-eintracht-frankfurt-quarter-final-leg-two-uefa-europa-league-5-1-1.jpeg","type":"image\/jpeg"}],"author":"user_4034","twitter_card":"summary_large_image","twitter_misc":{"Written by":"user_4034","Est. reading time":"2 minutes"},"schema":{"@context":"https:\/\/schema.org","@graph":[{"@type":"Article","@id":"https:\/\/www.fcbarcelonanoticias.com\/en\/laliga\/debut-to-forget-mingueza-him-gave-the-2-2-to-the-espanyol_283208_102.html#article","isPartOf":{"@id":"https:\/\/www.fcbarcelonanoticias.com\/en\/laliga\/debut-to-forget-mingueza-him-gave-the-2-2-to-the-espanyol_283208_102.html"},"author":{"name":"user_4034","@id":"https:\/\/www.fcbarcelonanoticias.com\/en\/#\/schema\/person\/af5ca539abaaa1bd2753d05ef7a706d0"},"headline":"Debut to forget: Mingueza &#8216;gave&#8217; Espanyol 2-2","datePublished":"2022-08-13T18:03:00+00:00","mainEntityOfPage":{"@id":"https:\/\/www.fcbarcelonanoticias.com\/en\/laliga\/debut-to-forget-mingueza-him-gave-the-2-2-to-the-espanyol_283208_102.html"},"wordCount":432,"image":{"@id":"https:\/\/www.fcbarcelonanoticias.com\/en\/laliga\/debut-to-forget-mingueza-him-gave-the-2-2-to-the-espanyol_283208_102.html#primaryimage"},"thumbnailUrl":"https:\/\/www.fcbarcelonanoticias.com\/en\/wp-content\/uploads\/sites\/2\/2022\/08\/fc-barcelona-v-eintracht-frankfurt-quarter-final-leg-two-uefa-europa-league-5-1-1.jpeg","keywords":["Celtic of Vigo","Mingueza","RCD Espanyol"],"articleSection":["LaLiga","LaLiga"],"inLanguage":"en-US"},{"@type":"WebPage","@id":"https:\/\/www.fcbarcelonanoticias.com\/en\/laliga\/debut-to-forget-mingueza-him-gave-the-2-2-to-the-espanyol_283208_102.html","url":"https:\/\/www.fcbarcelonanoticias.com\/en\/laliga\/debut-to-forget-mingueza-him-gave-the-2-2-to-the-espanyol_283208_102.html","name":"Debut to forget: Mingueza him 'gave' the 2-2 to the Espanyol","isPartOf":{"@id":"https:\/\/www.fcbarcelonanoticias.com\/en\/#website"},"primaryImageOfPage":{"@id":"https:\/\/www.fcbarcelonanoticias.com\/en\/laliga\/debut-to-forget-mingueza-him-gave-the-2-2-to-the-espanyol_283208_102.html#primaryimage"},"image":{"@id":"https:\/\/www.fcbarcelonanoticias.com\/en\/laliga\/debut-to-forget-mingueza-him-gave-the-2-2-to-the-espanyol_283208_102.html#primaryimage"},"thumbnailUrl":"https:\/\/www.fcbarcelonanoticias.com\/en\/wp-content\/uploads\/sites\/2\/2022\/08\/fc-barcelona-v-eintracht-frankfurt-quarter-final-leg-two-uefa-europa-league-5-1-1.jpeg","datePublished":"2022-08-13T18:03:00+00:00","author":{"@id":"https:\/\/www.fcbarcelonanoticias.com\/en\/#\/schema\/person\/af5ca539abaaa1bd2753d05ef7a706d0"},"description":"What seemed to be a change of formality for the closing of the party in Bala\u00eddos, finished in a moment bitter for Mingueza. The ex cul\u00e9 ingres\u00f3 for the descue...","breadcrumb":{"@id":"https:\/\/www.fcbarcelonanoticias.com\/en\/laliga\/debut-to-forget-mingueza-him-gave-the-2-2-to-the-espanyol_283208_102.html#breadcrumb"},"inLanguage":"en-US","potentialAction":[{"@type":"ReadAction","target":["https:\/\/www.fcbarcelonanoticias.com\/en\/laliga\/debut-to-forget-mingueza-him-gave-the-2-2-to-the-espanyol_283208_102.html"]}]},{"@type":"ImageObject","inLanguage":"en-US","@id":"https:\/\/www.fcbarcelonanoticias.com\/en\/laliga\/debut-to-forget-mingueza-him-gave-the-2-2-to-the-espanyol_283208_102.html#primaryimage","url":"https:\/\/www.fcbarcelonanoticias.com\/en\/wp-content\/uploads\/sites\/2\/2022\/08\/fc-barcelona-v-eintracht-frankfurt-quarter-final-leg-two-uefa-europa-league-5-1-1.jpeg","contentUrl":"https:\/\/www.fcbarcelonanoticias.com\/en\/wp-content\/uploads\/sites\/2\/2022\/08\/fc-barcelona-v-eintracht-frankfurt-quarter-final-leg-two-uefa-europa-league-5-1-1.jpeg","width":1200,"height":750},{"@type":"BreadcrumbList","@id":"https:\/\/www.fcbarcelonanoticias.com\/en\/laliga\/debut-to-forget-mingueza-him-gave-the-2-2-to-the-espanyol_283208_102.html#breadcrumb","itemListElement":[{"@type":"ListItem","position":1,"name":"Portada","item":"https:\/\/www.fcbarcelonanoticias.com\/en\/"},{"@type":"ListItem","position":2,"name":"Debut to forget: Mingueza &#8216;gave&#8217; Espanyol 2-2"}]},{"@type":"WebSite","@id":"https:\/\/www.fcbarcelonanoticias.com\/en\/#website","url":"https:\/\/www.fcbarcelonanoticias.com\/en\/","name":"EN - FC Barcelona Noticias","description":"","potentialAction":[{"@type":"SearchAction","target":{"@type":"EntryPoint","urlTemplate":"https:\/\/www.fcbarcelonanoticias.com\/en\/?s={search_term_string}"},"query-input":{"@type":"PropertyValueSpecification","valueRequired":true,"valueName":"search_term_string"}}],"inLanguage":"en-US"},{"@type":"Person","@id":"https:\/\/www.fcbarcelonanoticias.com\/en\/#\/schema\/person\/af5ca539abaaa1bd2753d05ef7a706d0","name":"user_4034","image":{"@type":"ImageObject","inLanguage":"en-US","@id":"https:\/\/secure.gravatar.com\/avatar\/?s=96&d=mm&r=g","url":"https:\/\/secure.gravatar.com\/avatar\/?s=96&d=mm&r=g","contentUrl":"https:\/\/secure.gravatar.com\/avatar\/?s=96&d=mm&r=g","caption":"user_4034"},"url":"https:\/\/www.fcbarcelonanoticias.com\/en\/user_4034.html"}]}},"_links":{"self":[{"href":"https:\/\/www.fcbarcelonanoticias.com\/en\/wp-json\/wp\/v2\/posts\/52347","targetHints":{"allow":["GET"]}}],"collection":[{"href":"https:\/\/www.fcbarcelonanoticias.com\/en\/wp-json\/wp\/v2\/posts"}],"about":[{"href":"https:\/\/www.fcbarcelonanoticias.com\/en\/wp-json\/wp\/v2\/types\/post"}],"author":[{"embeddable":true,"href":"https:\/\/www.fcbarcelonanoticias.com\/en\/wp-json\/wp\/v2\/users\/378"}],"replies":[{"embeddable":true,"href":"https:\/\/www.fcbarcelonanoticias.com\/en\/wp-json\/wp\/v2\/comments?post=52347"}],"version-history":[{"count":1,"href":"https:\/\/www.fcbarcelonanoticias.com\/en\/wp-json\/wp\/v2\/posts\/52347\/revisions"}],"predecessor-version":[{"id":52348,"href":"https:\/\/www.fcbarcelonanoticias.com\/en\/wp-json\/wp\/v2\/posts\/52347\/revisions\/52348"}],"wp:featuredmedia":[{"embeddable":true,"href":"https:\/\/www.fcbarcelonanoticias.com\/en\/wp-json\/wp\/v2\/media\/52350"}],"wp:attachment":[{"href":"https:\/\/www.fcbarcelonanoticias.com\/en\/wp-json\/wp\/v2\/media?parent=52347"}],"wp:term":[{"taxonomy":"category","embeddable":true,"href":"https:\/\/www.fcbarcelonanoticias.com\/en\/wp-json\/wp\/v2\/categories?post=52347"},{"taxonomy":"post_tag","embeddable":true,"href":"https:\/\/www.fcbarcelonanoticias.com\/en\/wp-json\/wp\/v2\/tags?post=52347"}],"curies":[{"name":"wp","href":"https:\/\/api.w.org\/{rel}","templated":true}]}}