{"id":52444,"date":"2025-09-28T18:13:00","date_gmt":"2025-09-28T16:13:00","guid":{"rendered":"https:\/\/weisetech.dev\/fc-barcelona-noticias\/en\/dro-fernandez-debuts-as-starter-with-barcelona-in-laliga_314862_102\/"},"modified":"2026-03-27T11:32:54","modified_gmt":"2026-03-27T10:32:54","slug":"dro-fernandez-debuts-as-starter-with-barcelona-in-laliga_314862_102","status":"publish","type":"post","link":"https:\/\/www.fcbarcelonanoticias.com\/en\/laliga\/dro-fernandez-debuts-as-starter-with-barcelona-in-laliga_314862_102.html","title":{"rendered":"Dro Fern\u00e1ndez debuts as a starter with Barcelona in LaLiga"},"content":{"rendered":"<h2 class=\"wp-block-heading\">Dro Fern\u00e1ndez is the big surprise in Bar\u00e7a&#8217;s XI against Real Sociedad. The player from Nigr\u00e1n will make his debut in La Liga at 17 years and 258 days old, after playing 79 minutes on the Asian tour.<\/h2>  \r\n<div class=\"article-addons\">\r\n    <a href=\"https:\/\/www.fcbarcelonanoticias.com\/en\/calendar-fc-barcelona.html\"\r\n       target=\"_self\"\r\n       title=\"Calendar of FC Barcelona\"\r\n       class=\"blue-gredient-btn\">\r\n       \r\n        Calendar of FC Barcelona    <\/a>\r\n<\/div>   <p><a data-external=\"0\" data-intl-links-en=\"https:\/\/www.fcbarcelonanoticias.com\/en\/laliga\/barcelona-real-sociedad-confirmed-lineups-league-25-26_314860_102.html\" data-intl-links-es=\"https:\/\/www.fcbarcelonanoticias.com\/laliga\/fc-barcelona-real-sociedad-alineaciones-confirmadas-laliga-25-26_314860_102.html\" href=\"https:\/\/www.fcbarcelonanoticias.com\/en\/laliga\/barcelona-real-sociedad-confirmed-lineups-league-25-26_314860_102.html\" rel=\"follow\" target=\"_self\" title=\"Barcelona-Real Sociedad: Confirmed Lineups - LaLiga 25\/26\">Hansi Flick opted for an alternative XI for FC Barcelona vs Real Sociedad<\/a>. The Azulgrana coach, due to injuries (6) and the proximity of the Champions League match against Paris Saint-Germain (Wednesday), made up to seven changes in his lineup. The main surprise was the presence of academy player Pedro &#8216;Dro&#8217; Fern\u00e1ndez as an attacking midfielder.<\/p>  <p>The player from Nigr\u00e1n will play his first official match with Bar\u00e7a <strong>at just 17 years and 258 days old<\/strong>. Dro accumulated four previous call-ups, against Mallorca, Levante, Rayo, and Oviedo, without adding any minutes. In addition, he played one match with the reserve team (76 minutes against Porreres) in Juliano Belletti&#8217;s team&#8217;s debut in the Segunda RFEF.<\/p>  <h2>Dro Fern\u00e1ndez debuts in La Liga as a replacement for Dani Olmo<\/h2>  <div class=\"media media-image\" data-ck-asset-wrapper=\"\"> <div class=\"media-item\"> <img loading=\"lazy\" decoding=\"async\" alt=\"pedro fernandez dro v vissel kobe\" data-id=\"1508486\" data-resize=\"9\" height=\"563\" src=\"https:\/\/www.fcbarcelonanoticias.com\/wp-content\/uploads\/sites\/2\/2025\/09\/fcbn-cabeb46a38996703c4f35edf02f3d4d5.webp\" title=\"pedro fernandez dro v vissel kobe\" width=\"1000\"><div class=\"media-title\">Dro Fern\u00e1ndez celebrating his goal against Vissel Kobe<\/div> <\/div> <\/div>  <p>Flick trusted Fern\u00e1ndez since the preseason, taking him to the Asian tour. There, he played 79 minutes, starting in the last friendly in South Korea, against Daegu (0-5). On August 4, he played the first half and, previously, <a data-external=\"0\" data-intl-links-en=\"https:\/\/www.fcbarcelonanoticias.com\/en\/fc-barcelona\/who-is-dro-masia-new-pearl_313748_102.html\" data-intl-links-es=\"https:\/\/www.fcbarcelonanoticias.com\/fc-barcelona\/quien-es-dro-nueva-perla-masia-goleador-vissel_313748_102.html\" href=\"https:\/\/www.fcbarcelonanoticias.com\/en\/fc-barcelona\/who-is-dro-masia-new-pearl_313748_102.html\" rel=\"follow\" target=\"_self\" title=\"Who is 'Dro'? The new 'pearl' of La Masia, scorer against Vissel\">he managed to score a goal against Vissel Kobe (1-3)<\/a>, on July 27 in Japan.<\/p>  <p>Now, the attacking midfielder receives his first great opportunity, <strong>accompanying Pedri and Frenkie de Jong<\/strong> in the engine room against Real Sociedad. In attack, the presence of <strong>Roony Bardghji<\/strong> also stands out, who returns to the XI after a poor first half against Valendia, taking the place of <a data-external=\"0\" data-intl-links-en=\"https:\/\/www.fcbarcelonanoticias.com\/en\/fc-barcelona\/lamine-yamal-receives-medical-clearance-and-returns-with-fc-barcelona_314858_102.html\" data-intl-links-es=\"https:\/\/www.fcbarcelonanoticias.com\/fc-barcelona\/lamine-yamal-alta-medica-barcelona-real-sociedad_314858_102.html\" href=\"https:\/\/www.fcbarcelonanoticias.com\/en\/fc-barcelona\/lamine-yamal-receives-medical-clearance-and-returns-with-fc-barcelona_314858_102.html\" rel=\"follow\" target=\"_self\" title=\"Lamine Yamal receives medical clearance: Bar\u00e7a recovers its star\">Lamine Yamal<\/a>.<\/p>  <p>The player from Matar\u00f3 will be on the bench after receiving medical clearance and will have minutes in the second half. <strong>Ferran Torres and Eric Garc\u00eda<\/strong> are also out of the lineup after six consecutive starts in La Liga. The other who leaves his place on the field for Dro&#8217;s entry is <strong>Dani Olmo<\/strong>. The player from Terrassa did not have a good day in Oviedo and will rest before the match against PSG.<\/p>  <p>The player from Nigr\u00e1n also takes advantage of the absence of <a data-external=\"0\" data-intl-links-en=\"https:\/\/www.fcbarcelonanoticias.com\/en\/fc-barcelona\/fermin-lopez-ko-how-long-will-midfielder-be-out_314785_102.html\" data-intl-links-es=\"https:\/\/www.fcbarcelonanoticias.com\/fc-barcelona\/fermin-lopez-ko-barcelona-confirma-tiempo-baja-mediapunta_314785_102.html\" href=\"https:\/\/www.fcbarcelonanoticias.com\/en\/fc-barcelona\/fermin-lopez-ko-how-long-will-midfielder-be-out_314785_102.html\" rel=\"follow\" target=\"_self\" title=\"Ferm\u00edn L\u00f3pez KO: Barcelona confirms the midfielder's time out\">Ferm\u00edn L\u00f3pez<\/a> to enter the lineup. The player from Huelva will be out until mid-October due to a muscular injury in the left iliac psoas suffered in the thrashing against Getafe (3-0). Flick takes advantage of this scenario to give confidence to the academy player, just as he did last season with Marc Bernal.<\/p>  <h2>Bar\u00e7a hopes to close Dro&#8217;s renewal in January<\/h2>  <p>In addition, Dro Fern\u00e1ndez&#8217;s debut as a starter in La Liga ratifies Bar\u00e7a&#8217;s medium and long-term commitment to the player from Nigr\u00e1n. For now, the attacking midfielder has a contract until 2027, but the board has well underway <strong>his renewal for five more seasons<\/strong>, until June 2031.<\/p>  <p>The new contract, however, will have to wait until the beginning of 2026, once the player reaches the age of majority. Dro will celebrate his 18th birthday on January 12 and, by then, the details of his renewal must have been closed.<\/p>  <p>The club fully trusts in <strong>the projection of the academy player, a versatile player (he can play as a reference in the area) and with a lot of technique and scoring ability<\/strong>. His movement and associative play distinguish him as a decisive and very intelligent footballer to detect spaces in the rival defense. Against Real Sociedad, he will try to deploy these attributes on the Montju\u00efc pitch.<\/p>  <ul> <li>\ud83d\udccc&nbsp;Follow&nbsp;<strong><a data-external=\"0\" data-intl-links-en=\"https:\/\/www.fcbarcelonanoticias.com\/en\/tags\/fc-barcelona-vs-real-sociedad\" data-intl-links-es=\"https:\/\/www.fcbarcelonanoticias.com\/tags\/fc-barcelona-vs-real-sociedad\" href=\"https:\/\/www.fcbarcelonanoticias.com\/en\/tags\/fc-barcelona-vs-real-sociedad.html\" rel=\"follow\" target=\"_self\" title=\"FC Barcelona vs Real Sociedad\">the Bar\u00e7a vs Real Sociedad match live<\/a><\/strong>&nbsp;on FC Barcelona Noticias and find out everything, don&#8217;t miss anything!<\/li> <\/ul> ","protected":false},"excerpt":{"rendered":"<p>Dro Fern\u00e1ndez is the big surprise in Bar\u00e7a&#8217;s XI against Real Sociedad. The player from Nigr\u00e1n will make his debut in La Liga at 17 years and 258 days old, after playing 79 minutes on the Asian tour. Hansi Flick opted for an alternative XI for FC Barcelona vs Real Sociedad. The Azulgrana coach, due [&hellip;]<\/p>\n","protected":false},"author":347,"featured_media":113621,"comment_status":"closed","ping_status":"open","sticky":false,"template":"","format":"standard","meta":{"_acf_changed":false,"inline_featured_image":false,"_nextfly_llmd_date_locked":false,"footnotes":""},"categories":[448,114],"tags":[470,284,201,83,87,181],"class_list":["post-52444","post","type-post","status-publish","format-standard","has-post-thumbnail","hentry","category-laliga-2","category-laliga","tag-dro-fernandez-2","tag-dro-fernandez","tag-lineups","tag-fc-barcelona-vs-real-sociedad","tag-hansi-flick","tag-the-masia"],"acf":[],"yoast_head":"<!-- This site is optimized with the Yoast SEO plugin v27.3 - https:\/\/yoast.com\/product\/yoast-seo-wordpress\/ -->\n<title>Dro Fern\u00e1ndez debuts as a starter with Barcelona in LaLiga<\/title>\n<meta name=\"description\" content=\"Dro Fern\u00e1ndez is the big surprise in Bar\u00e7a&#039;s XI against Real Sociedad. The player from Nigr\u00e1n will make his debut in La Liga at 17 years and 258 days old, after playing 79 minutes on the Asian tour.\" \/>\n<meta name=\"robots\" content=\"index, follow, max-snippet:-1, max-image-preview:large, max-video-preview:-1\" \/>\n<link rel=\"canonical\" href=\"https:\/\/www.fcbarcelonanoticias.com\/en\/laliga\/dro-fernandez-debuts-as-starter-with-barcelona-in-laliga_314862_102.html\" \/>\n<meta property=\"og:locale\" content=\"en_US\" \/>\n<meta property=\"og:type\" content=\"article\" \/>\n<meta property=\"og:title\" content=\"Dro Fern\u00e1ndez debuts as a starter with Barcelona in LaLiga\" \/>\n<meta property=\"og:description\" content=\"Dro Fern\u00e1ndez is the big surprise in Bar\u00e7a&#039;s XI against Real Sociedad. The player from Nigr\u00e1n will make his debut in La Liga at 17 years and 258 days old, after playing 79 minutes on the Asian tour.\" \/>\n<meta property=\"og:url\" content=\"https:\/\/www.fcbarcelonanoticias.com\/en\/laliga\/dro-fernandez-debuts-as-starter-with-barcelona-in-laliga_314862_102.html\" \/>\n<meta property=\"og:site_name\" content=\"EN - FC Barcelona Noticias\" \/>\n<meta property=\"article:published_time\" content=\"2025-09-28T16:13:00+00:00\" \/>\n<meta property=\"article:modified_time\" content=\"2026-03-27T10:32:54+00:00\" \/>\n<meta property=\"og:image\" content=\"https:\/\/www.fcbarcelonanoticias.com\/en\/wp-content\/uploads\/sites\/2\/2025\/09\/dro-fernandez-fc-barcelona-25-26-1.webp\" \/>\n\t<meta property=\"og:image:width\" content=\"1200\" \/>\n\t<meta property=\"og:image:height\" content=\"675\" \/>\n\t<meta property=\"og:image:type\" content=\"image\/webp\" \/>\n<meta name=\"author\" content=\"Andr\u00e9s Quiroz\" \/>\n<meta name=\"twitter:card\" content=\"summary_large_image\" \/>\n<meta name=\"twitter:label1\" content=\"Written by\" \/>\n\t<meta name=\"twitter:data1\" content=\"Andr\u00e9s Quiroz\" \/>\n\t<meta name=\"twitter:label2\" content=\"Est. reading time\" \/>\n\t<meta name=\"twitter:data2\" content=\"3 minutes\" \/>\n<script type=\"application\/ld+json\" class=\"yoast-schema-graph\">{\"@context\":\"https:\\\/\\\/schema.org\",\"@graph\":[{\"@type\":\"Article\",\"@id\":\"https:\\\/\\\/www.fcbarcelonanoticias.com\\\/en\\\/laliga\\\/dro-fernandez-debuts-as-starter-with-barcelona-in-laliga_314862_102.html#article\",\"isPartOf\":{\"@id\":\"https:\\\/\\\/www.fcbarcelonanoticias.com\\\/en\\\/laliga\\\/dro-fernandez-debuts-as-starter-with-barcelona-in-laliga_314862_102.html\"},\"author\":{\"name\":\"Andr\u00e9s Quiroz\",\"@id\":\"https:\\\/\\\/www.fcbarcelonanoticias.com\\\/en\\\/#\\\/schema\\\/person\\\/c2cd9f6fa1af5c0d0eccd0fefa575c88\"},\"headline\":\"Dro Fern\u00e1ndez debuts as a starter with Barcelona in LaLiga\",\"datePublished\":\"2025-09-28T16:13:00+00:00\",\"dateModified\":\"2026-03-27T10:32:54+00:00\",\"mainEntityOfPage\":{\"@id\":\"https:\\\/\\\/www.fcbarcelonanoticias.com\\\/en\\\/laliga\\\/dro-fernandez-debuts-as-starter-with-barcelona-in-laliga_314862_102.html\"},\"wordCount\":624,\"image\":{\"@id\":\"https:\\\/\\\/www.fcbarcelonanoticias.com\\\/en\\\/laliga\\\/dro-fernandez-debuts-as-starter-with-barcelona-in-laliga_314862_102.html#primaryimage\"},\"thumbnailUrl\":\"https:\\\/\\\/www.fcbarcelonanoticias.com\\\/en\\\/wp-content\\\/uploads\\\/sites\\\/2\\\/2025\\\/09\\\/dro-fernandez-fc-barcelona-25-26-1.webp\",\"keywords\":[\"Dro Fern\u00e1ndez\",\"Dro Fern\u00e1ndez\",\"FC Barcelona Lineups\",\"FC Barcelona vs Real Sociedad\",\"Hansi Flick\",\"The Masia\"],\"articleSection\":[\"LaLiga\",\"LaLiga\"],\"inLanguage\":\"en-US\"},{\"@type\":\"WebPage\",\"@id\":\"https:\\\/\\\/www.fcbarcelonanoticias.com\\\/en\\\/laliga\\\/dro-fernandez-debuts-as-starter-with-barcelona-in-laliga_314862_102.html\",\"url\":\"https:\\\/\\\/www.fcbarcelonanoticias.com\\\/en\\\/laliga\\\/dro-fernandez-debuts-as-starter-with-barcelona-in-laliga_314862_102.html\",\"name\":\"Dro Fern\u00e1ndez debuts as a starter with Barcelona in LaLiga\",\"isPartOf\":{\"@id\":\"https:\\\/\\\/www.fcbarcelonanoticias.com\\\/en\\\/#website\"},\"primaryImageOfPage\":{\"@id\":\"https:\\\/\\\/www.fcbarcelonanoticias.com\\\/en\\\/laliga\\\/dro-fernandez-debuts-as-starter-with-barcelona-in-laliga_314862_102.html#primaryimage\"},\"image\":{\"@id\":\"https:\\\/\\\/www.fcbarcelonanoticias.com\\\/en\\\/laliga\\\/dro-fernandez-debuts-as-starter-with-barcelona-in-laliga_314862_102.html#primaryimage\"},\"thumbnailUrl\":\"https:\\\/\\\/www.fcbarcelonanoticias.com\\\/en\\\/wp-content\\\/uploads\\\/sites\\\/2\\\/2025\\\/09\\\/dro-fernandez-fc-barcelona-25-26-1.webp\",\"datePublished\":\"2025-09-28T16:13:00+00:00\",\"dateModified\":\"2026-03-27T10:32:54+00:00\",\"author\":{\"@id\":\"https:\\\/\\\/www.fcbarcelonanoticias.com\\\/en\\\/#\\\/schema\\\/person\\\/c2cd9f6fa1af5c0d0eccd0fefa575c88\"},\"description\":\"Dro Fern\u00e1ndez is the big surprise in Bar\u00e7a's XI against Real Sociedad. The player from Nigr\u00e1n will make his debut in La Liga at 17 years and 258 days old, after playing 79 minutes on the Asian tour.\",\"breadcrumb\":{\"@id\":\"https:\\\/\\\/www.fcbarcelonanoticias.com\\\/en\\\/laliga\\\/dro-fernandez-debuts-as-starter-with-barcelona-in-laliga_314862_102.html#breadcrumb\"},\"inLanguage\":\"en-US\",\"potentialAction\":[{\"@type\":\"ReadAction\",\"target\":[\"https:\\\/\\\/www.fcbarcelonanoticias.com\\\/en\\\/laliga\\\/dro-fernandez-debuts-as-starter-with-barcelona-in-laliga_314862_102.html\"]}]},{\"@type\":\"ImageObject\",\"inLanguage\":\"en-US\",\"@id\":\"https:\\\/\\\/www.fcbarcelonanoticias.com\\\/en\\\/laliga\\\/dro-fernandez-debuts-as-starter-with-barcelona-in-laliga_314862_102.html#primaryimage\",\"url\":\"https:\\\/\\\/www.fcbarcelonanoticias.com\\\/en\\\/wp-content\\\/uploads\\\/sites\\\/2\\\/2025\\\/09\\\/dro-fernandez-fc-barcelona-25-26-1.webp\",\"contentUrl\":\"https:\\\/\\\/www.fcbarcelonanoticias.com\\\/en\\\/wp-content\\\/uploads\\\/sites\\\/2\\\/2025\\\/09\\\/dro-fernandez-fc-barcelona-25-26-1.webp\",\"width\":1200,\"height\":675},{\"@type\":\"BreadcrumbList\",\"@id\":\"https:\\\/\\\/www.fcbarcelonanoticias.com\\\/en\\\/laliga\\\/dro-fernandez-debuts-as-starter-with-barcelona-in-laliga_314862_102.html#breadcrumb\",\"itemListElement\":[{\"@type\":\"ListItem\",\"position\":1,\"name\":\"Portada\",\"item\":\"https:\\\/\\\/www.fcbarcelonanoticias.com\\\/en\\\/\"},{\"@type\":\"ListItem\",\"position\":2,\"name\":\"Dro Fern\u00e1ndez debuts as a starter with Barcelona in LaLiga\"}]},{\"@type\":\"WebSite\",\"@id\":\"https:\\\/\\\/www.fcbarcelonanoticias.com\\\/en\\\/#website\",\"url\":\"https:\\\/\\\/www.fcbarcelonanoticias.com\\\/en\\\/\",\"name\":\"EN - FC Barcelona Noticias\",\"description\":\"\",\"potentialAction\":[{\"@type\":\"SearchAction\",\"target\":{\"@type\":\"EntryPoint\",\"urlTemplate\":\"https:\\\/\\\/www.fcbarcelonanoticias.com\\\/en\\\/?s={search_term_string}\"},\"query-input\":{\"@type\":\"PropertyValueSpecification\",\"valueRequired\":true,\"valueName\":\"search_term_string\"}}],\"inLanguage\":\"en-US\"},{\"@type\":\"Person\",\"@id\":\"https:\\\/\\\/www.fcbarcelonanoticias.com\\\/en\\\/#\\\/schema\\\/person\\\/c2cd9f6fa1af5c0d0eccd0fefa575c88\",\"name\":\"Andr\u00e9s Quiroz\",\"image\":{\"@type\":\"ImageObject\",\"inLanguage\":\"en-US\",\"@id\":\"https:\\\/\\\/secure.gravatar.com\\\/avatar\\\/?s=96&d=mm&r=g\",\"url\":\"https:\\\/\\\/secure.gravatar.com\\\/avatar\\\/?s=96&d=mm&r=g\",\"contentUrl\":\"https:\\\/\\\/secure.gravatar.com\\\/avatar\\\/?s=96&d=mm&r=g\",\"caption\":\"Andr\u00e9s Quiroz\"},\"description\":\"Licenciado en Periodismo por la Universidad de los Andes. Me encargo de analizar y compartir los contenidos m\u00e1s destacados de la\u00a0actualidad del F\u00fatbol Club Barcelona, Mercado de Fichajes y F\u00fatbol Internacional en FCBN. La informaci\u00f3n es poder, pero tambi\u00e9n conocimiento.\",\"url\":\"https:\\\/\\\/www.fcbarcelonanoticias.com\\\/en\\\/fc-barcelona\\\/andres-quiroz_17_115.html\"}]}<\/script>\n<!-- \/ Yoast SEO plugin. -->","yoast_head_json":{"title":"Dro Fern\u00e1ndez debuts as a starter with Barcelona in LaLiga","description":"Dro Fern\u00e1ndez is the big surprise in Bar\u00e7a's XI against Real Sociedad. The player from Nigr\u00e1n will make his debut in La Liga at 17 years and 258 days old, after playing 79 minutes on the Asian tour.","robots":{"index":"index","follow":"follow","max-snippet":"max-snippet:-1","max-image-preview":"max-image-preview:large","max-video-preview":"max-video-preview:-1"},"canonical":"https:\/\/www.fcbarcelonanoticias.com\/en\/laliga\/dro-fernandez-debuts-as-starter-with-barcelona-in-laliga_314862_102.html","og_locale":"en_US","og_type":"article","og_title":"Dro Fern\u00e1ndez debuts as a starter with Barcelona in LaLiga","og_description":"Dro Fern\u00e1ndez is the big surprise in Bar\u00e7a's XI against Real Sociedad. The player from Nigr\u00e1n will make his debut in La Liga at 17 years and 258 days old, after playing 79 minutes on the Asian tour.","og_url":"https:\/\/www.fcbarcelonanoticias.com\/en\/laliga\/dro-fernandez-debuts-as-starter-with-barcelona-in-laliga_314862_102.html","og_site_name":"EN - FC Barcelona Noticias","article_published_time":"2025-09-28T16:13:00+00:00","article_modified_time":"2026-03-27T10:32:54+00:00","og_image":[{"width":1200,"height":675,"url":"https:\/\/www.fcbarcelonanoticias.com\/en\/wp-content\/uploads\/sites\/2\/2025\/09\/dro-fernandez-fc-barcelona-25-26-1.webp","type":"image\/webp"}],"author":"Andr\u00e9s Quiroz","twitter_card":"summary_large_image","twitter_misc":{"Written by":"Andr\u00e9s Quiroz","Est. reading time":"3 minutes"},"schema":{"@context":"https:\/\/schema.org","@graph":[{"@type":"Article","@id":"https:\/\/www.fcbarcelonanoticias.com\/en\/laliga\/dro-fernandez-debuts-as-starter-with-barcelona-in-laliga_314862_102.html#article","isPartOf":{"@id":"https:\/\/www.fcbarcelonanoticias.com\/en\/laliga\/dro-fernandez-debuts-as-starter-with-barcelona-in-laliga_314862_102.html"},"author":{"name":"Andr\u00e9s Quiroz","@id":"https:\/\/www.fcbarcelonanoticias.com\/en\/#\/schema\/person\/c2cd9f6fa1af5c0d0eccd0fefa575c88"},"headline":"Dro Fern\u00e1ndez debuts as a starter with Barcelona in LaLiga","datePublished":"2025-09-28T16:13:00+00:00","dateModified":"2026-03-27T10:32:54+00:00","mainEntityOfPage":{"@id":"https:\/\/www.fcbarcelonanoticias.com\/en\/laliga\/dro-fernandez-debuts-as-starter-with-barcelona-in-laliga_314862_102.html"},"wordCount":624,"image":{"@id":"https:\/\/www.fcbarcelonanoticias.com\/en\/laliga\/dro-fernandez-debuts-as-starter-with-barcelona-in-laliga_314862_102.html#primaryimage"},"thumbnailUrl":"https:\/\/www.fcbarcelonanoticias.com\/en\/wp-content\/uploads\/sites\/2\/2025\/09\/dro-fernandez-fc-barcelona-25-26-1.webp","keywords":["Dro Fern\u00e1ndez","Dro Fern\u00e1ndez","FC Barcelona Lineups","FC Barcelona vs Real Sociedad","Hansi Flick","The Masia"],"articleSection":["LaLiga","LaLiga"],"inLanguage":"en-US"},{"@type":"WebPage","@id":"https:\/\/www.fcbarcelonanoticias.com\/en\/laliga\/dro-fernandez-debuts-as-starter-with-barcelona-in-laliga_314862_102.html","url":"https:\/\/www.fcbarcelonanoticias.com\/en\/laliga\/dro-fernandez-debuts-as-starter-with-barcelona-in-laliga_314862_102.html","name":"Dro Fern\u00e1ndez debuts as a starter with Barcelona in LaLiga","isPartOf":{"@id":"https:\/\/www.fcbarcelonanoticias.com\/en\/#website"},"primaryImageOfPage":{"@id":"https:\/\/www.fcbarcelonanoticias.com\/en\/laliga\/dro-fernandez-debuts-as-starter-with-barcelona-in-laliga_314862_102.html#primaryimage"},"image":{"@id":"https:\/\/www.fcbarcelonanoticias.com\/en\/laliga\/dro-fernandez-debuts-as-starter-with-barcelona-in-laliga_314862_102.html#primaryimage"},"thumbnailUrl":"https:\/\/www.fcbarcelonanoticias.com\/en\/wp-content\/uploads\/sites\/2\/2025\/09\/dro-fernandez-fc-barcelona-25-26-1.webp","datePublished":"2025-09-28T16:13:00+00:00","dateModified":"2026-03-27T10:32:54+00:00","author":{"@id":"https:\/\/www.fcbarcelonanoticias.com\/en\/#\/schema\/person\/c2cd9f6fa1af5c0d0eccd0fefa575c88"},"description":"Dro Fern\u00e1ndez is the big surprise in Bar\u00e7a's XI against Real Sociedad. The player from Nigr\u00e1n will make his debut in La Liga at 17 years and 258 days old, after playing 79 minutes on the Asian tour.","breadcrumb":{"@id":"https:\/\/www.fcbarcelonanoticias.com\/en\/laliga\/dro-fernandez-debuts-as-starter-with-barcelona-in-laliga_314862_102.html#breadcrumb"},"inLanguage":"en-US","potentialAction":[{"@type":"ReadAction","target":["https:\/\/www.fcbarcelonanoticias.com\/en\/laliga\/dro-fernandez-debuts-as-starter-with-barcelona-in-laliga_314862_102.html"]}]},{"@type":"ImageObject","inLanguage":"en-US","@id":"https:\/\/www.fcbarcelonanoticias.com\/en\/laliga\/dro-fernandez-debuts-as-starter-with-barcelona-in-laliga_314862_102.html#primaryimage","url":"https:\/\/www.fcbarcelonanoticias.com\/en\/wp-content\/uploads\/sites\/2\/2025\/09\/dro-fernandez-fc-barcelona-25-26-1.webp","contentUrl":"https:\/\/www.fcbarcelonanoticias.com\/en\/wp-content\/uploads\/sites\/2\/2025\/09\/dro-fernandez-fc-barcelona-25-26-1.webp","width":1200,"height":675},{"@type":"BreadcrumbList","@id":"https:\/\/www.fcbarcelonanoticias.com\/en\/laliga\/dro-fernandez-debuts-as-starter-with-barcelona-in-laliga_314862_102.html#breadcrumb","itemListElement":[{"@type":"ListItem","position":1,"name":"Portada","item":"https:\/\/www.fcbarcelonanoticias.com\/en\/"},{"@type":"ListItem","position":2,"name":"Dro Fern\u00e1ndez debuts as a starter with Barcelona in LaLiga"}]},{"@type":"WebSite","@id":"https:\/\/www.fcbarcelonanoticias.com\/en\/#website","url":"https:\/\/www.fcbarcelonanoticias.com\/en\/","name":"EN - FC Barcelona Noticias","description":"","potentialAction":[{"@type":"SearchAction","target":{"@type":"EntryPoint","urlTemplate":"https:\/\/www.fcbarcelonanoticias.com\/en\/?s={search_term_string}"},"query-input":{"@type":"PropertyValueSpecification","valueRequired":true,"valueName":"search_term_string"}}],"inLanguage":"en-US"},{"@type":"Person","@id":"https:\/\/www.fcbarcelonanoticias.com\/en\/#\/schema\/person\/c2cd9f6fa1af5c0d0eccd0fefa575c88","name":"Andr\u00e9s Quiroz","image":{"@type":"ImageObject","inLanguage":"en-US","@id":"https:\/\/secure.gravatar.com\/avatar\/?s=96&d=mm&r=g","url":"https:\/\/secure.gravatar.com\/avatar\/?s=96&d=mm&r=g","contentUrl":"https:\/\/secure.gravatar.com\/avatar\/?s=96&d=mm&r=g","caption":"Andr\u00e9s Quiroz"},"description":"Licenciado en Periodismo por la Universidad de los Andes. Me encargo de analizar y compartir los contenidos m\u00e1s destacados de la\u00a0actualidad del F\u00fatbol Club Barcelona, Mercado de Fichajes y F\u00fatbol Internacional en FCBN. La informaci\u00f3n es poder, pero tambi\u00e9n conocimiento.","url":"https:\/\/www.fcbarcelonanoticias.com\/en\/fc-barcelona\/andres-quiroz_17_115.html"}]}},"_links":{"self":[{"href":"https:\/\/www.fcbarcelonanoticias.com\/en\/wp-json\/wp\/v2\/posts\/52444","targetHints":{"allow":["GET"]}}],"collection":[{"href":"https:\/\/www.fcbarcelonanoticias.com\/en\/wp-json\/wp\/v2\/posts"}],"about":[{"href":"https:\/\/www.fcbarcelonanoticias.com\/en\/wp-json\/wp\/v2\/types\/post"}],"author":[{"embeddable":true,"href":"https:\/\/www.fcbarcelonanoticias.com\/en\/wp-json\/wp\/v2\/users\/347"}],"replies":[{"embeddable":true,"href":"https:\/\/www.fcbarcelonanoticias.com\/en\/wp-json\/wp\/v2\/comments?post=52444"}],"version-history":[{"count":2,"href":"https:\/\/www.fcbarcelonanoticias.com\/en\/wp-json\/wp\/v2\/posts\/52444\/revisions"}],"predecessor-version":[{"id":159115,"href":"https:\/\/www.fcbarcelonanoticias.com\/en\/wp-json\/wp\/v2\/posts\/52444\/revisions\/159115"}],"wp:featuredmedia":[{"embeddable":true,"href":"https:\/\/www.fcbarcelonanoticias.com\/en\/wp-json\/wp\/v2\/media\/113621"}],"wp:attachment":[{"href":"https:\/\/www.fcbarcelonanoticias.com\/en\/wp-json\/wp\/v2\/media?parent=52444"}],"wp:term":[{"taxonomy":"category","embeddable":true,"href":"https:\/\/www.fcbarcelonanoticias.com\/en\/wp-json\/wp\/v2\/categories?post=52444"},{"taxonomy":"post_tag","embeddable":true,"href":"https:\/\/www.fcbarcelonanoticias.com\/en\/wp-json\/wp\/v2\/tags?post=52444"}],"curies":[{"name":"wp","href":"https:\/\/api.w.org\/{rel}","templated":true}]}}