{"id":5249,"date":"2017-04-09T16:42:00","date_gmt":"2017-04-09T14:42:00","guid":{"rendered":"https:\/\/weisetech.dev\/fc-barcelona-noticias\/en\/the-possible-alignments-of-the-juventus-barcelona_198787_102\/"},"modified":"2017-04-11T19:40:00","modified_gmt":"2017-04-11T17:40:00","slug":"the-possible-alignments-of-the-juventus-barcelona_198787_102","status":"publish","type":"post","link":"https:\/\/www.fcbarcelonanoticias.com\/en\/champions-league\/the-possible-alignments-of-the-juventus-barcelona_198787_102.html","title":{"rendered":"The possible alignments of the Juventus-Barcelona"},"content":{"rendered":"<h2 class=\"wp-block-heading\">The FC Barcelona will not be able to have Sergio Busquets by sanction in Tur\u00edn, but Luis Enrique will range in front of the Juventus an eleven compound by his best players, with the only doubt of if Mascherano will play in defence of three or in the pivote<\/h2>  \r\n<div class=\"article-addons\">\r\n    <a href=\"https:\/\/www.fcbarcelonanoticias.com\/en\/calendar-fc-barcelona.html\"\r\n       target=\"_self\"\r\n       title=\"Calendar of FC Barcelona\"\r\n       class=\"blue-gredient-btn\">\r\n       \r\n        Calendar of FC Barcelona    <\/a>\r\n<\/div>   <p>After the unexpected defeat against the M\u00e1laga (2-0) in The Rosaleda, where <strong>Luis Enrique reserved to some players<\/strong> and could not have others by sanction, this Tuesday the FC Barcelona will try to recover an\u00edmicamente encarrilando the <a href=\"https:\/\/www.fcbarcelonanoticias.com\/en\/entradas\/entradas-fc-barcelona-vs-juventus-champions-league_198066_102.html\"><strong>quarter-finals of Champions League against the Juventus of Tur\u00edn<\/strong><\/a>, foresees  that with his best available players in the alignment.<\/p> <p><a href=\"https:\/\/www.fcbarcelonanoticias.com\/en\/fc-barcelona\/el-malaga-y-gil-manzano-alejan-al-fc-barcelona-de-laliga_198711_102.html\"><strong>The most stood out absence of the FC Barcelona will be the one of Busquets<\/strong><\/a>, absent by accumulation of yellow, but Mascherano will occupy his place in the eleven, although  desconoce still <strong>if it will be in 4-3-3 acting of defensive pivote<\/strong> or if, by the contrary, Luis Enrique will decide to change the diagram and include to the Argentinian in a defence of three with Umtiti and Hammered with a 3-4-3 and Sergi Roberto in the centre of the field. From &#8220;FCBN&#8221; bet by the first option, when can include Luis Enrique with her to his best <a href=\"https:\/\/www.fcbarcelonanoticias.com\/en\/jugadores-fcbarcelona.html\"><strong>players<\/strong><\/a>:<\/p> <h2>Ter Stegen<\/h2> <p>Ter Stegen<strong>&nbsp;<\/strong>Will go back to be headline in one of the most important parties of the season. Little it could do to avoid the defeat in M\u00e1laga, but along the last weeks <strong>is completing sublime performances<\/strong>, indispensable so that the FC Barcelona follow aspiring still to all the titles. It will wish to go back to cuajar a big performance in the Juventus Stadium.<\/p> <h2>Roberto-Hammered-Umtiti-Alba<\/h2> <p>The defensive flank of the FC Barcelona could return to the &#8220;normality&#8221; after the last parties in which Luis Enrique bet by the 3-4-3 or, by the contrary, the Barcelona had drops in defence. <strong>Sergi Roberto and Jordi Alba aim to the sides<\/strong>, whereas in the defensive saga the FC Barcelona will bet by his best couple of head offices and the one who better complements  nowadays, Hammered-Umtiti. Digne And Mathieu will remain  in the bench.<\/p> <h2>Mascherano-Iniesta-Rakitic<\/h2> <strong>Andr\u00e9s Iniesta and Rakitic will be indispensable in the centre of the field<\/strong>, when being the two frescos when having had minutes of rest in the last duels. It will not be Busquets, but expects  that Luis Enrique bet by <strong>Mascherano<\/strong> to occupy the position of defensive pivote, before that by Andr\u00e9 Gomes or Denis Su\u00e1rez, those who still are not adapted to the Barcelona game and are not cuajando good performances in the last times. Carles Ale\u00f1\u00e1 and Carbonell, in the pertinent bench of the Bar\u00e7a B by the injuries of Burn and Rafinha.<br><h2>Messi-Su\u00e1rez-Neymar<\/h2> <p>In attack, the &#8220;MSN&#8221; will go back to play board in a duel of a lot of packaging.<strong>&nbsp;<\/strong>They were not fine the Three Tenors against the M\u00e1laga, but <strong>want to pay the dishes broken against the Juventus<\/strong> in one of the parties more medi\u00e1ticos of the season, given the big level of both clubs. Paco Alc\u00e1cer will remain  in the bench, and special &#8220;morbo&#8221; will have the reunion of Luis Su\u00e1rez with Chiellini.<\/p> <h2>Possible alignments of the Juventus-Barcelona:<\/h2> <p><strong>Juventus FC:&nbsp;<\/strong>Buffon; Dani Alves, Bonucci, Chiellini, Alex Sandro; Khedira, Marchisio; Square, Dybala, Mandzukic and Higua\u00edn.<\/p> <p><strong>FC Barcelona: <\/strong>Ter Stegen; S. Roberto, G. I hammered, S. Umtiti, J. Alba; Mascherano, Iniesta, Rakitic; Neymar, Messi and Su\u00e1rez.<\/p> ","protected":false},"excerpt":{"rendered":"<p>The FC Barcelona will not be able to have Sergio Busquets by sanction in Tur\u00edn, but Luis Enrique will range in front of the Juventus an eleven compound by his best players, with the only doubt of if Mascherano will play in defence of three or in the pivote After the unexpected defeat against the [&hellip;]<\/p>\n","protected":false},"author":366,"featured_media":5250,"comment_status":"closed","ping_status":"open","sticky":false,"template":"","format":"standard","meta":{"_acf_changed":false,"inline_featured_image":false,"_nextfly_llmd_date_locked":false,"footnotes":""},"categories":[112,447],"tags":[201,105,148],"class_list":["post-5249","post","type-post","status-publish","format-standard","has-post-thumbnail","hentry","category-champions-league","category-champions-league-2","tag-lineups","tag-juventus","tag-luis-enrique"],"acf":[],"yoast_head":"<!-- This site is optimized with the Yoast SEO plugin v27.3 - https:\/\/yoast.com\/product\/yoast-seo-wordpress\/ -->\n<title>The possible alignments of the Juventus-Bar\u00e7a (Ida 1\/4 Champions)<\/title>\n<meta name=\"description\" content=\"The FC Barcelona will not be able to have Sergio Busquets by sanction in Tur\u00edn, but Luis Enrique will range in front of the Juventus an eleven compound by...\" \/>\n<meta name=\"robots\" content=\"index, follow, max-snippet:-1, max-image-preview:large, max-video-preview:-1\" \/>\n<link rel=\"canonical\" href=\"https:\/\/www.fcbarcelonanoticias.com\/en\/champions-league\/the-possible-alignments-of-the-juventus-barcelona_198787_102.html\" \/>\n<meta property=\"og:locale\" content=\"en_US\" \/>\n<meta property=\"og:type\" content=\"article\" \/>\n<meta property=\"og:title\" content=\"The possible alignments of the Juventus-Bar\u00e7a (Ida 1\/4 Champions)\" \/>\n<meta property=\"og:description\" content=\"The FC Barcelona will not be able to have Sergio Busquets by sanction in Tur\u00edn, but Luis Enrique will range in front of the Juventus an eleven compound by...\" \/>\n<meta property=\"og:url\" content=\"https:\/\/www.fcbarcelonanoticias.com\/en\/champions-league\/the-possible-alignments-of-the-juventus-barcelona_198787_102.html\" \/>\n<meta property=\"og:site_name\" content=\"EN - FC Barcelona Noticias\" \/>\n<meta property=\"article:published_time\" content=\"2017-04-09T14:42:00+00:00\" \/>\n<meta property=\"article:modified_time\" content=\"2017-04-11T17:40:00+00:00\" \/>\n<meta property=\"og:image\" content=\"https:\/\/www.fcbarcelonanoticias.com\/en\/wp-content\/uploads\/sites\/2\/2017\/04\/posible-alineacion-juventus-barca-215081.jpeg\" \/>\n\t<meta property=\"og:image:width\" content=\"761\" \/>\n\t<meta property=\"og:image:height\" content=\"428\" \/>\n\t<meta property=\"og:image:type\" content=\"image\/jpeg\" \/>\n<meta name=\"author\" content=\"Carlos Dom\u00ednguez\" \/>\n<meta name=\"twitter:card\" content=\"summary_large_image\" \/>\n<meta name=\"twitter:label1\" content=\"Written by\" \/>\n\t<meta name=\"twitter:data1\" content=\"Carlos Dom\u00ednguez\" \/>\n\t<meta name=\"twitter:label2\" content=\"Est. reading time\" \/>\n\t<meta name=\"twitter:data2\" content=\"3 minutes\" \/>\n<script type=\"application\/ld+json\" class=\"yoast-schema-graph\">{\"@context\":\"https:\\\/\\\/schema.org\",\"@graph\":[{\"@type\":\"Article\",\"@id\":\"https:\\\/\\\/www.fcbarcelonanoticias.com\\\/en\\\/champions-league\\\/the-possible-alignments-of-the-juventus-barcelona_198787_102.html#article\",\"isPartOf\":{\"@id\":\"https:\\\/\\\/www.fcbarcelonanoticias.com\\\/en\\\/champions-league\\\/the-possible-alignments-of-the-juventus-barcelona_198787_102.html\"},\"author\":{\"name\":\"Carlos Dom\u00ednguez\",\"@id\":\"https:\\\/\\\/www.fcbarcelonanoticias.com\\\/en\\\/#\\\/schema\\\/person\\\/888e29b17b79c70d1c617d8a7bc9b8c6\"},\"headline\":\"The possible alignments of the Juventus-Barcelona\",\"datePublished\":\"2017-04-09T14:42:00+00:00\",\"dateModified\":\"2017-04-11T17:40:00+00:00\",\"mainEntityOfPage\":{\"@id\":\"https:\\\/\\\/www.fcbarcelonanoticias.com\\\/en\\\/champions-league\\\/the-possible-alignments-of-the-juventus-barcelona_198787_102.html\"},\"wordCount\":587,\"image\":{\"@id\":\"https:\\\/\\\/www.fcbarcelonanoticias.com\\\/en\\\/champions-league\\\/the-possible-alignments-of-the-juventus-barcelona_198787_102.html#primaryimage\"},\"thumbnailUrl\":\"https:\\\/\\\/www.fcbarcelonanoticias.com\\\/en\\\/wp-content\\\/uploads\\\/sites\\\/2\\\/2017\\\/04\\\/posible-alineacion-juventus-barca-215081.jpeg\",\"keywords\":[\"FC Barcelona Lineups\",\"Juventus\",\"Luis Enrique\"],\"articleSection\":[\"Champions League\",\"Champions League\"],\"inLanguage\":\"en-US\"},{\"@type\":\"WebPage\",\"@id\":\"https:\\\/\\\/www.fcbarcelonanoticias.com\\\/en\\\/champions-league\\\/the-possible-alignments-of-the-juventus-barcelona_198787_102.html\",\"url\":\"https:\\\/\\\/www.fcbarcelonanoticias.com\\\/en\\\/champions-league\\\/the-possible-alignments-of-the-juventus-barcelona_198787_102.html\",\"name\":\"The possible alignments of the Juventus-Bar\u00e7a (Ida 1\\\/4 Champions)\",\"isPartOf\":{\"@id\":\"https:\\\/\\\/www.fcbarcelonanoticias.com\\\/en\\\/#website\"},\"primaryImageOfPage\":{\"@id\":\"https:\\\/\\\/www.fcbarcelonanoticias.com\\\/en\\\/champions-league\\\/the-possible-alignments-of-the-juventus-barcelona_198787_102.html#primaryimage\"},\"image\":{\"@id\":\"https:\\\/\\\/www.fcbarcelonanoticias.com\\\/en\\\/champions-league\\\/the-possible-alignments-of-the-juventus-barcelona_198787_102.html#primaryimage\"},\"thumbnailUrl\":\"https:\\\/\\\/www.fcbarcelonanoticias.com\\\/en\\\/wp-content\\\/uploads\\\/sites\\\/2\\\/2017\\\/04\\\/posible-alineacion-juventus-barca-215081.jpeg\",\"datePublished\":\"2017-04-09T14:42:00+00:00\",\"dateModified\":\"2017-04-11T17:40:00+00:00\",\"author\":{\"@id\":\"https:\\\/\\\/www.fcbarcelonanoticias.com\\\/en\\\/#\\\/schema\\\/person\\\/888e29b17b79c70d1c617d8a7bc9b8c6\"},\"description\":\"The FC Barcelona will not be able to have Sergio Busquets by sanction in Tur\u00edn, but Luis Enrique will range in front of the Juventus an eleven compound by...\",\"breadcrumb\":{\"@id\":\"https:\\\/\\\/www.fcbarcelonanoticias.com\\\/en\\\/champions-league\\\/the-possible-alignments-of-the-juventus-barcelona_198787_102.html#breadcrumb\"},\"inLanguage\":\"en-US\",\"potentialAction\":[{\"@type\":\"ReadAction\",\"target\":[\"https:\\\/\\\/www.fcbarcelonanoticias.com\\\/en\\\/champions-league\\\/the-possible-alignments-of-the-juventus-barcelona_198787_102.html\"]}]},{\"@type\":\"ImageObject\",\"inLanguage\":\"en-US\",\"@id\":\"https:\\\/\\\/www.fcbarcelonanoticias.com\\\/en\\\/champions-league\\\/the-possible-alignments-of-the-juventus-barcelona_198787_102.html#primaryimage\",\"url\":\"https:\\\/\\\/www.fcbarcelonanoticias.com\\\/en\\\/wp-content\\\/uploads\\\/sites\\\/2\\\/2017\\\/04\\\/posible-alineacion-juventus-barca-215081.jpeg\",\"contentUrl\":\"https:\\\/\\\/www.fcbarcelonanoticias.com\\\/en\\\/wp-content\\\/uploads\\\/sites\\\/2\\\/2017\\\/04\\\/posible-alineacion-juventus-barca-215081.jpeg\",\"width\":761,\"height\":428},{\"@type\":\"BreadcrumbList\",\"@id\":\"https:\\\/\\\/www.fcbarcelonanoticias.com\\\/en\\\/champions-league\\\/the-possible-alignments-of-the-juventus-barcelona_198787_102.html#breadcrumb\",\"itemListElement\":[{\"@type\":\"ListItem\",\"position\":1,\"name\":\"Portada\",\"item\":\"https:\\\/\\\/www.fcbarcelonanoticias.com\\\/en\\\/\"},{\"@type\":\"ListItem\",\"position\":2,\"name\":\"The possible alignments of the Juventus-Barcelona\"}]},{\"@type\":\"WebSite\",\"@id\":\"https:\\\/\\\/www.fcbarcelonanoticias.com\\\/en\\\/#website\",\"url\":\"https:\\\/\\\/www.fcbarcelonanoticias.com\\\/en\\\/\",\"name\":\"EN - FC Barcelona Noticias\",\"description\":\"\",\"potentialAction\":[{\"@type\":\"SearchAction\",\"target\":{\"@type\":\"EntryPoint\",\"urlTemplate\":\"https:\\\/\\\/www.fcbarcelonanoticias.com\\\/en\\\/?s={search_term_string}\"},\"query-input\":{\"@type\":\"PropertyValueSpecification\",\"valueRequired\":true,\"valueName\":\"search_term_string\"}}],\"inLanguage\":\"en-US\"},{\"@type\":\"Person\",\"@id\":\"https:\\\/\\\/www.fcbarcelonanoticias.com\\\/en\\\/#\\\/schema\\\/person\\\/888e29b17b79c70d1c617d8a7bc9b8c6\",\"name\":\"Carlos Dom\u00ednguez\",\"image\":{\"@type\":\"ImageObject\",\"inLanguage\":\"en-US\",\"@id\":\"https:\\\/\\\/secure.gravatar.com\\\/avatar\\\/?s=96&d=mm&r=g\",\"url\":\"https:\\\/\\\/secure.gravatar.com\\\/avatar\\\/?s=96&d=mm&r=g\",\"contentUrl\":\"https:\\\/\\\/secure.gravatar.com\\\/avatar\\\/?s=96&d=mm&r=g\",\"caption\":\"Carlos Dom\u00ednguez\"},\"url\":\"https:\\\/\\\/www.fcbarcelonanoticias.com\\\/en\\\/carlos-dominguez_2_115.html\"}]}<\/script>\n<!-- \/ Yoast SEO plugin. -->","yoast_head_json":{"title":"The possible alignments of the Juventus-Bar\u00e7a (Ida 1\/4 Champions)","description":"The FC Barcelona will not be able to have Sergio Busquets by sanction in Tur\u00edn, but Luis Enrique will range in front of the Juventus an eleven compound by...","robots":{"index":"index","follow":"follow","max-snippet":"max-snippet:-1","max-image-preview":"max-image-preview:large","max-video-preview":"max-video-preview:-1"},"canonical":"https:\/\/www.fcbarcelonanoticias.com\/en\/champions-league\/the-possible-alignments-of-the-juventus-barcelona_198787_102.html","og_locale":"en_US","og_type":"article","og_title":"The possible alignments of the Juventus-Bar\u00e7a (Ida 1\/4 Champions)","og_description":"The FC Barcelona will not be able to have Sergio Busquets by sanction in Tur\u00edn, but Luis Enrique will range in front of the Juventus an eleven compound by...","og_url":"https:\/\/www.fcbarcelonanoticias.com\/en\/champions-league\/the-possible-alignments-of-the-juventus-barcelona_198787_102.html","og_site_name":"EN - FC Barcelona Noticias","article_published_time":"2017-04-09T14:42:00+00:00","article_modified_time":"2017-04-11T17:40:00+00:00","og_image":[{"width":761,"height":428,"url":"https:\/\/www.fcbarcelonanoticias.com\/en\/wp-content\/uploads\/sites\/2\/2017\/04\/posible-alineacion-juventus-barca-215081.jpeg","type":"image\/jpeg"}],"author":"Carlos Dom\u00ednguez","twitter_card":"summary_large_image","twitter_misc":{"Written by":"Carlos Dom\u00ednguez","Est. reading time":"3 minutes"},"schema":{"@context":"https:\/\/schema.org","@graph":[{"@type":"Article","@id":"https:\/\/www.fcbarcelonanoticias.com\/en\/champions-league\/the-possible-alignments-of-the-juventus-barcelona_198787_102.html#article","isPartOf":{"@id":"https:\/\/www.fcbarcelonanoticias.com\/en\/champions-league\/the-possible-alignments-of-the-juventus-barcelona_198787_102.html"},"author":{"name":"Carlos Dom\u00ednguez","@id":"https:\/\/www.fcbarcelonanoticias.com\/en\/#\/schema\/person\/888e29b17b79c70d1c617d8a7bc9b8c6"},"headline":"The possible alignments of the Juventus-Barcelona","datePublished":"2017-04-09T14:42:00+00:00","dateModified":"2017-04-11T17:40:00+00:00","mainEntityOfPage":{"@id":"https:\/\/www.fcbarcelonanoticias.com\/en\/champions-league\/the-possible-alignments-of-the-juventus-barcelona_198787_102.html"},"wordCount":587,"image":{"@id":"https:\/\/www.fcbarcelonanoticias.com\/en\/champions-league\/the-possible-alignments-of-the-juventus-barcelona_198787_102.html#primaryimage"},"thumbnailUrl":"https:\/\/www.fcbarcelonanoticias.com\/en\/wp-content\/uploads\/sites\/2\/2017\/04\/posible-alineacion-juventus-barca-215081.jpeg","keywords":["FC Barcelona Lineups","Juventus","Luis Enrique"],"articleSection":["Champions League","Champions League"],"inLanguage":"en-US"},{"@type":"WebPage","@id":"https:\/\/www.fcbarcelonanoticias.com\/en\/champions-league\/the-possible-alignments-of-the-juventus-barcelona_198787_102.html","url":"https:\/\/www.fcbarcelonanoticias.com\/en\/champions-league\/the-possible-alignments-of-the-juventus-barcelona_198787_102.html","name":"The possible alignments of the Juventus-Bar\u00e7a (Ida 1\/4 Champions)","isPartOf":{"@id":"https:\/\/www.fcbarcelonanoticias.com\/en\/#website"},"primaryImageOfPage":{"@id":"https:\/\/www.fcbarcelonanoticias.com\/en\/champions-league\/the-possible-alignments-of-the-juventus-barcelona_198787_102.html#primaryimage"},"image":{"@id":"https:\/\/www.fcbarcelonanoticias.com\/en\/champions-league\/the-possible-alignments-of-the-juventus-barcelona_198787_102.html#primaryimage"},"thumbnailUrl":"https:\/\/www.fcbarcelonanoticias.com\/en\/wp-content\/uploads\/sites\/2\/2017\/04\/posible-alineacion-juventus-barca-215081.jpeg","datePublished":"2017-04-09T14:42:00+00:00","dateModified":"2017-04-11T17:40:00+00:00","author":{"@id":"https:\/\/www.fcbarcelonanoticias.com\/en\/#\/schema\/person\/888e29b17b79c70d1c617d8a7bc9b8c6"},"description":"The FC Barcelona will not be able to have Sergio Busquets by sanction in Tur\u00edn, but Luis Enrique will range in front of the Juventus an eleven compound by...","breadcrumb":{"@id":"https:\/\/www.fcbarcelonanoticias.com\/en\/champions-league\/the-possible-alignments-of-the-juventus-barcelona_198787_102.html#breadcrumb"},"inLanguage":"en-US","potentialAction":[{"@type":"ReadAction","target":["https:\/\/www.fcbarcelonanoticias.com\/en\/champions-league\/the-possible-alignments-of-the-juventus-barcelona_198787_102.html"]}]},{"@type":"ImageObject","inLanguage":"en-US","@id":"https:\/\/www.fcbarcelonanoticias.com\/en\/champions-league\/the-possible-alignments-of-the-juventus-barcelona_198787_102.html#primaryimage","url":"https:\/\/www.fcbarcelonanoticias.com\/en\/wp-content\/uploads\/sites\/2\/2017\/04\/posible-alineacion-juventus-barca-215081.jpeg","contentUrl":"https:\/\/www.fcbarcelonanoticias.com\/en\/wp-content\/uploads\/sites\/2\/2017\/04\/posible-alineacion-juventus-barca-215081.jpeg","width":761,"height":428},{"@type":"BreadcrumbList","@id":"https:\/\/www.fcbarcelonanoticias.com\/en\/champions-league\/the-possible-alignments-of-the-juventus-barcelona_198787_102.html#breadcrumb","itemListElement":[{"@type":"ListItem","position":1,"name":"Portada","item":"https:\/\/www.fcbarcelonanoticias.com\/en\/"},{"@type":"ListItem","position":2,"name":"The possible alignments of the Juventus-Barcelona"}]},{"@type":"WebSite","@id":"https:\/\/www.fcbarcelonanoticias.com\/en\/#website","url":"https:\/\/www.fcbarcelonanoticias.com\/en\/","name":"EN - FC Barcelona Noticias","description":"","potentialAction":[{"@type":"SearchAction","target":{"@type":"EntryPoint","urlTemplate":"https:\/\/www.fcbarcelonanoticias.com\/en\/?s={search_term_string}"},"query-input":{"@type":"PropertyValueSpecification","valueRequired":true,"valueName":"search_term_string"}}],"inLanguage":"en-US"},{"@type":"Person","@id":"https:\/\/www.fcbarcelonanoticias.com\/en\/#\/schema\/person\/888e29b17b79c70d1c617d8a7bc9b8c6","name":"Carlos Dom\u00ednguez","image":{"@type":"ImageObject","inLanguage":"en-US","@id":"https:\/\/secure.gravatar.com\/avatar\/?s=96&d=mm&r=g","url":"https:\/\/secure.gravatar.com\/avatar\/?s=96&d=mm&r=g","contentUrl":"https:\/\/secure.gravatar.com\/avatar\/?s=96&d=mm&r=g","caption":"Carlos Dom\u00ednguez"},"url":"https:\/\/www.fcbarcelonanoticias.com\/en\/carlos-dominguez_2_115.html"}]}},"_links":{"self":[{"href":"https:\/\/www.fcbarcelonanoticias.com\/en\/wp-json\/wp\/v2\/posts\/5249","targetHints":{"allow":["GET"]}}],"collection":[{"href":"https:\/\/www.fcbarcelonanoticias.com\/en\/wp-json\/wp\/v2\/posts"}],"about":[{"href":"https:\/\/www.fcbarcelonanoticias.com\/en\/wp-json\/wp\/v2\/types\/post"}],"author":[{"embeddable":true,"href":"https:\/\/www.fcbarcelonanoticias.com\/en\/wp-json\/wp\/v2\/users\/366"}],"replies":[{"embeddable":true,"href":"https:\/\/www.fcbarcelonanoticias.com\/en\/wp-json\/wp\/v2\/comments?post=5249"}],"version-history":[{"count":1,"href":"https:\/\/www.fcbarcelonanoticias.com\/en\/wp-json\/wp\/v2\/posts\/5249\/revisions"}],"predecessor-version":[{"id":102770,"href":"https:\/\/www.fcbarcelonanoticias.com\/en\/wp-json\/wp\/v2\/posts\/5249\/revisions\/102770"}],"wp:featuredmedia":[{"embeddable":true,"href":"https:\/\/www.fcbarcelonanoticias.com\/en\/wp-json\/wp\/v2\/media\/5250"}],"wp:attachment":[{"href":"https:\/\/www.fcbarcelonanoticias.com\/en\/wp-json\/wp\/v2\/media?parent=5249"}],"wp:term":[{"taxonomy":"category","embeddable":true,"href":"https:\/\/www.fcbarcelonanoticias.com\/en\/wp-json\/wp\/v2\/categories?post=5249"},{"taxonomy":"post_tag","embeddable":true,"href":"https:\/\/www.fcbarcelonanoticias.com\/en\/wp-json\/wp\/v2\/tags?post=5249"}],"curies":[{"name":"wp","href":"https:\/\/api.w.org\/{rel}","templated":true}]}}