{"id":52545,"date":"2025-09-26T01:40:00","date_gmt":"2025-09-25T23:40:00","guid":{"rendered":"https:\/\/weisetech.dev\/fc-barcelona-noticias\/en\/eric-garcia-solidifies-his-place-in-barcelona-xi-mvp-and-goal-in-oviedo_314834_102\/"},"modified":"2026-04-16T09:19:20","modified_gmt":"2026-04-16T07:19:20","slug":"eric-garcia-solidifies-his-place-in-barcelona-xi-mvp-and-goal-in-oviedo_314834_102","status":"publish","type":"post","link":"https:\/\/www.fcbarcelonanoticias.com\/en\/laliga\/eric-garcia-solidifies-his-place-in-barcelona-xi-mvp-and-goal-in-oviedo_314834_102.html","title":{"rendered":"Eric Garc\u00eda solidifies his place in Bar\u00e7a&#8217;s starting XI: MVP and 1st goal of the 25\/26 season"},"content":{"rendered":"<h2 class=\"wp-block-heading\">Eric Garc\u00eda paved the way for another Bar\u00e7a comeback in LaLiga. The defender scored the first Azulgrana goal against Oviedo (1-3) and was named MVP of the match.<\/h2>  \r\n<div class=\"article-addons\">\r\n    <a href=\"https:\/\/www.fcbarcelonanoticias.com\/en\/calendar-fc-barcelona.html\"\r\n       target=\"_self\"\r\n       title=\"Calendar of FC Barcelona\"\r\n       class=\"blue-gredient-btn\">\r\n       \r\n        Calendar of FC Barcelona    <\/a>\r\n<\/div>   <p><strong>FC Barcelona<\/strong> took a very valuable victory from the Carlos Tartiere Stadium <a data-external=\"0\" data-intl-links-en=\"https:\/\/www.fcbarcelonanoticias.com\/en\/laliga\/real-oviedo-1-3-fc-barcelona-highlights-laliga-25-26_314832_102.html\" data-intl-links-es=\"https:\/\/www.fcbarcelonanoticias.com\/laliga\/resumen-real-oviedo-1-3-fc-barcelona-laliga-25-26_314832_102.html\" href=\"https:\/\/www.fcbarcelonanoticias.com\/en\/laliga\/real-oviedo-1-3-fc-barcelona-highlights-laliga-25-26_314832_102.html\" rel=\"follow\" target=\"_self\" title=\"Summary of Real Oviedo 1-3 FC Barcelona - LaLiga 25\/26\">against Real Oviedo (1-3)<\/a>, in a match where <strong>Hansi Flick<\/strong>&#8216;s team went into halftime at a disadvantage. <strong>Alberto Reina<\/strong>, in the 33rd minute, took advantage of a mistake by <strong>Joan Garc\u00eda<\/strong> to put the &#8216;carbayones&#8217; ahead, but a goal from <strong>Eric Garc\u00eda<\/strong> in the 56th minute reactivated the Azulgrana&#8217;s offensive arsenal.<\/p>  <p>The &#8217;24&#8217; pushed a rebound from goalkeeper <strong>Aar\u00f3n Escandell<\/strong> into the back of the net after a good shot by <strong>Ferran Torres<\/strong> inside the area. The &#8216;7&#8217; received the ball from <strong>Ronald Araujo<\/strong>, the intellectual author of the goal after a good breakthrough on the left. Afterwards, <strong>Robert Lewandowski<\/strong> and the &#8216;charr\u00faa&#8217; himself completed the cul\u00e9 comeback, the second of the season.<\/p>  <h2>Eric Garc\u00eda debuts as a scorer in his sixth game as a starter in LaLiga<\/h2>  <div class=\"media media-image\" data-ck-asset-wrapper=\"\"> <div class=\"media-item\"> <img loading=\"lazy\" decoding=\"async\" alt=\"Eric Garc\u00eda celebrating his goal in the Oviedo-Bar\u00e7a match\" data-id=\"1523321\" data-resize=\"9\" height=\"563\" src=\"https:\/\/www.fcbarcelonanoticias.com\/wp-content\/uploads\/sites\/2\/2025\/09\/fcbn-de6def4d06986511a314cbf287f38c1c.webp\" title=\"Eric Garc\u00eda celebrating his goal in the Oviedo-Bar\u00e7a match\" width=\"1000\"><div class=\"media-title\">Eric Garc\u00eda celebrating his goal in the Oviedo-Bar\u00e7a match<\/div> <\/div> <\/div>  <p>The player from Martorell remained in Flick&#8217;s lineup for the sixth consecutive match, this time occupying the right-back position. The coach preferred to give <strong>Jules Kound\u00e9<\/strong> a rest and, once again, the &#8217;24&#8217; responded with a very complete match.<\/p>  <p>During the 90 minutes, <strong>Eric completed 70 of 79 passes (89 %)<\/strong>, 9 of them in the final third. In addition, he completed 7 defensive actions, with 3 clearances, 2 recoveries and 1 dribble, as well as a couple of duels won and no fouls committed.<\/p>  <p>Not surprisingly, <strong>LaLiga chose him as MVP of the match<\/strong>, while specialized portals (such as &#8216;Fotmob&#8217; or &#8216;Sofascore&#8217;) gave him a score of 8.4 points, the highest among the 22 starting players at the Carlos Tartiere.<\/p>  <h3>Eric Garc\u00eda&#8217;s records against Oviedo<\/h3>  <ol> <li> <strong>Minutes played<\/strong>: 90<\/li> \t<li> <strong>Goals<\/strong>: 1<\/li> \t<li> <strong>Assists<\/strong>: 0<\/li> \t<li> <strong>Passes completed<\/strong>: 70 of 79 (89 %)<\/li> \t<li> <strong>Dribbles<\/strong>: 1<\/li> \t<li> <strong>Duels won<\/strong>: 2 of 4 (50 %)<\/li> \t<li> <strong>Balls recovered<\/strong>: 2<\/li> \t<li> <strong>Shots on goal<\/strong>: 1<\/li> \t<li> <strong>Clearances<\/strong>: 3<\/li> \t<li> <strong>Fouls committed<\/strong>: 0<\/li> <\/ol> <h2>Eric Garc\u00eda explains his readaptation as a right-back<\/h2>  <p>After the victory against Oviedo, Garc\u00eda spoke with &#8216;DAZN&#8217; about his readaptation as a right-back and the key to his good form with Bar\u00e7a. &#8220;<strong>Many times I know where I start, but not where I end. The coach already told me that I had to be prepared for it<\/strong>,&#8221; said the 24-year-old player.<\/p>  <p>In addition, he added: &#8220;<strong>I can adapt quite well. With the quality of my teammates, everything is much easier<\/strong>.&#8221; Regarding the match, Eric was surprised by the good pressing work done by Oviedo. The &#8216;carbayones&#8217; only had 20% possession of the ball, but they made things very difficult for the cul\u00e9s in the first half.<\/p>  <p>&#8220;In the first half we didn&#8217;t imagine that they would press our ball exit so much. <strong>We have been finding the ball and they have just scored that great goal. We have subjected them quite a bit and we have been able to get the three points<\/strong>,&#8221; explained the player from Martorell.<\/p>  <p>Finally, Eric Garc\u00eda valued the depth of the <strong>Bar\u00e7a squad<\/strong>. Against Oviedo, the variants in the second half were decisive to achieve the comeback.&nbsp;<\/p>  <p>&#8220;Marcus&#8217; reinforcement has given us a lot up front. The changes change the game today. <strong>We start eleven, but there are many changes to make and we are all important<\/strong>,&#8221; pointed out the &#8217;24&#8217;. Will the Catalan maintain his starting position against Real Sociedad?.<\/p>  <ul> <li><u><strong>Recommended links<\/strong><\/u><\/li> \t<li><a data-external=\"1\" href=\"https:\/\/www.fcbarcelonanoticias.com\/estadisticas-fc-barcelona-2025-2026.html\" rel=\"nofollow\" target=\"_blank\" title=\"FC Barcelona statistics in the 2025\/26 season\">FC Barcelona statistics in the 2025\/26 season<\/a><\/li> \t<li><a data-external=\"1\" href=\"https:\/\/www.fcbarcelonanoticias.com\/en\/estadisticas-fc-barcelona-laliga-2025-26.html\" rel=\"nofollow\" target=\"_blank\" title=\"FC Barcelona statistics in LaLiga EA Sports 2025\/26\">FC Barcelona statistics in LaLiga EA Sports 2025\/26<\/a><\/li> \t<li><strong><a data-external=\"0\" data-intl-links-en=\"https:\/\/www.fcbarcelonanoticias.com\/en\/fc-barcelona-squad.html\" data-intl-links-es=\"https:\/\/www.fcbarcelonanoticias.com\/jugadores-fcbarcelona.html\" href=\"https:\/\/www.fcbarcelonanoticias.com\/en\/fc-barcelona-squad.html\" rel=\"follow\" target=\"_self\" title=\"FC Barcelona Squad 2025-26\">FC Barcelona Squad &#8211; 2025\/26 Season<\/a><\/strong><\/li> <\/ul> ","protected":false},"excerpt":{"rendered":"<p>Eric Garc\u00eda paved the way for another Bar\u00e7a comeback in LaLiga. The defender scored the first Azulgrana goal against Oviedo (1-3) and was named MVP of the match. FC Barcelona took a very valuable victory from the Carlos Tartiere Stadium against Real Oviedo (1-3), in a match where Hansi Flick&#8216;s team went into halftime at [&hellip;]<\/p>\n","protected":false},"author":347,"featured_media":52549,"comment_status":"closed","ping_status":"open","sticky":false,"template":"","format":"standard","meta":{"_acf_changed":false,"inline_featured_image":false,"_nextfly_llmd_date_locked":false,"footnotes":""},"categories":[437,448,114],"tags":[295,78,232],"class_list":["post-52545","post","type-post","status-publish","format-standard","has-post-thumbnail","hentry","category-eric-garcia","category-laliga-2","category-laliga","tag-eric-garcia","tag-fc-barcelona-vs-oviedo-news-matches-and-results","tag-mvp"],"acf":[],"yoast_head":"<!-- This site is optimized with the Yoast SEO plugin v27.3 - https:\/\/yoast.com\/product\/yoast-seo-wordpress\/ -->\n<title>Eric Garc\u00eda solidifies his place in Bar\u00e7a&#039;s XI: MVP and goal in Oviedo<\/title>\n<meta name=\"description\" content=\"Eric Garc\u00eda paved the way for another Bar\u00e7a comeback in LaLiga. The defender scored the first Azulgrana goal against Oviedo (1-3)\" \/>\n<meta name=\"robots\" content=\"index, follow, max-snippet:-1, max-image-preview:large, max-video-preview:-1\" \/>\n<link rel=\"canonical\" href=\"https:\/\/www.fcbarcelonanoticias.com\/en\/laliga\/eric-garcia-solidifies-his-place-in-barcelona-xi-mvp-and-goal-in-oviedo_314834_102.html\" \/>\n<meta property=\"og:locale\" content=\"en_US\" \/>\n<meta property=\"og:type\" content=\"article\" \/>\n<meta property=\"og:title\" content=\"Eric Garc\u00eda solidifies his place in Bar\u00e7a&#039;s XI: MVP and goal in Oviedo\" \/>\n<meta property=\"og:description\" content=\"Eric Garc\u00eda paved the way for another Bar\u00e7a comeback in LaLiga. The defender scored the first Azulgrana goal against Oviedo (1-3)\" \/>\n<meta property=\"og:url\" content=\"https:\/\/www.fcbarcelonanoticias.com\/en\/laliga\/eric-garcia-solidifies-his-place-in-barcelona-xi-mvp-and-goal-in-oviedo_314834_102.html\" \/>\n<meta property=\"og:site_name\" content=\"EN - FC Barcelona Noticias\" \/>\n<meta property=\"article:published_time\" content=\"2025-09-25T23:40:00+00:00\" \/>\n<meta property=\"article:modified_time\" content=\"2026-04-16T07:19:20+00:00\" \/>\n<meta property=\"og:image\" content=\"https:\/\/www.fcbarcelonanoticias.com\/en\/wp-content\/uploads\/sites\/2\/2025\/09\/eric-garcia-v-oviedo-laliga-1.webp\" \/>\n\t<meta property=\"og:image:width\" content=\"1200\" \/>\n\t<meta property=\"og:image:height\" content=\"675\" \/>\n\t<meta property=\"og:image:type\" content=\"image\/webp\" \/>\n<meta name=\"author\" content=\"Andr\u00e9s Quiroz\" \/>\n<meta name=\"twitter:card\" content=\"summary_large_image\" \/>\n<meta name=\"twitter:label1\" content=\"Written by\" \/>\n\t<meta name=\"twitter:data1\" content=\"Andr\u00e9s Quiroz\" \/>\n\t<meta name=\"twitter:label2\" content=\"Est. reading time\" \/>\n\t<meta name=\"twitter:data2\" content=\"3 minutes\" \/>\n<script type=\"application\/ld+json\" class=\"yoast-schema-graph\">{\"@context\":\"https:\\\/\\\/schema.org\",\"@graph\":[{\"@type\":\"Article\",\"@id\":\"https:\\\/\\\/www.fcbarcelonanoticias.com\\\/en\\\/laliga\\\/eric-garcia-solidifies-his-place-in-barcelona-xi-mvp-and-goal-in-oviedo_314834_102.html#article\",\"isPartOf\":{\"@id\":\"https:\\\/\\\/www.fcbarcelonanoticias.com\\\/en\\\/laliga\\\/eric-garcia-solidifies-his-place-in-barcelona-xi-mvp-and-goal-in-oviedo_314834_102.html\"},\"author\":{\"name\":\"Andr\u00e9s Quiroz\",\"@id\":\"https:\\\/\\\/www.fcbarcelonanoticias.com\\\/en\\\/#\\\/schema\\\/person\\\/c2cd9f6fa1af5c0d0eccd0fefa575c88\"},\"headline\":\"Eric Garc\u00eda solidifies his place in Bar\u00e7a&#8217;s starting XI: MVP and 1st goal of the 25\\\/26 season\",\"datePublished\":\"2025-09-25T23:40:00+00:00\",\"dateModified\":\"2026-04-16T07:19:20+00:00\",\"mainEntityOfPage\":{\"@id\":\"https:\\\/\\\/www.fcbarcelonanoticias.com\\\/en\\\/laliga\\\/eric-garcia-solidifies-his-place-in-barcelona-xi-mvp-and-goal-in-oviedo_314834_102.html\"},\"wordCount\":602,\"image\":{\"@id\":\"https:\\\/\\\/www.fcbarcelonanoticias.com\\\/en\\\/laliga\\\/eric-garcia-solidifies-his-place-in-barcelona-xi-mvp-and-goal-in-oviedo_314834_102.html#primaryimage\"},\"thumbnailUrl\":\"https:\\\/\\\/www.fcbarcelonanoticias.com\\\/en\\\/wp-content\\\/uploads\\\/sites\\\/2\\\/2025\\\/09\\\/eric-garcia-v-oviedo-laliga-1.webp\",\"keywords\":[\"Eric Garc\u00eda\",\"FC Barcelona vs Real Oviedo\",\"MVP FC Barcelona\"],\"articleSection\":[\"Eric Garc\u00eda\",\"LaLiga\",\"LaLiga\"],\"inLanguage\":\"en-US\"},{\"@type\":\"WebPage\",\"@id\":\"https:\\\/\\\/www.fcbarcelonanoticias.com\\\/en\\\/laliga\\\/eric-garcia-solidifies-his-place-in-barcelona-xi-mvp-and-goal-in-oviedo_314834_102.html\",\"url\":\"https:\\\/\\\/www.fcbarcelonanoticias.com\\\/en\\\/laliga\\\/eric-garcia-solidifies-his-place-in-barcelona-xi-mvp-and-goal-in-oviedo_314834_102.html\",\"name\":\"Eric Garc\u00eda solidifies his place in Bar\u00e7a's XI: MVP and goal in Oviedo\",\"isPartOf\":{\"@id\":\"https:\\\/\\\/www.fcbarcelonanoticias.com\\\/en\\\/#website\"},\"primaryImageOfPage\":{\"@id\":\"https:\\\/\\\/www.fcbarcelonanoticias.com\\\/en\\\/laliga\\\/eric-garcia-solidifies-his-place-in-barcelona-xi-mvp-and-goal-in-oviedo_314834_102.html#primaryimage\"},\"image\":{\"@id\":\"https:\\\/\\\/www.fcbarcelonanoticias.com\\\/en\\\/laliga\\\/eric-garcia-solidifies-his-place-in-barcelona-xi-mvp-and-goal-in-oviedo_314834_102.html#primaryimage\"},\"thumbnailUrl\":\"https:\\\/\\\/www.fcbarcelonanoticias.com\\\/en\\\/wp-content\\\/uploads\\\/sites\\\/2\\\/2025\\\/09\\\/eric-garcia-v-oviedo-laliga-1.webp\",\"datePublished\":\"2025-09-25T23:40:00+00:00\",\"dateModified\":\"2026-04-16T07:19:20+00:00\",\"author\":{\"@id\":\"https:\\\/\\\/www.fcbarcelonanoticias.com\\\/en\\\/#\\\/schema\\\/person\\\/c2cd9f6fa1af5c0d0eccd0fefa575c88\"},\"description\":\"Eric Garc\u00eda paved the way for another Bar\u00e7a comeback in LaLiga. The defender scored the first Azulgrana goal against Oviedo (1-3)\",\"breadcrumb\":{\"@id\":\"https:\\\/\\\/www.fcbarcelonanoticias.com\\\/en\\\/laliga\\\/eric-garcia-solidifies-his-place-in-barcelona-xi-mvp-and-goal-in-oviedo_314834_102.html#breadcrumb\"},\"inLanguage\":\"en-US\",\"potentialAction\":[{\"@type\":\"ReadAction\",\"target\":[\"https:\\\/\\\/www.fcbarcelonanoticias.com\\\/en\\\/laliga\\\/eric-garcia-solidifies-his-place-in-barcelona-xi-mvp-and-goal-in-oviedo_314834_102.html\"]}]},{\"@type\":\"ImageObject\",\"inLanguage\":\"en-US\",\"@id\":\"https:\\\/\\\/www.fcbarcelonanoticias.com\\\/en\\\/laliga\\\/eric-garcia-solidifies-his-place-in-barcelona-xi-mvp-and-goal-in-oviedo_314834_102.html#primaryimage\",\"url\":\"https:\\\/\\\/www.fcbarcelonanoticias.com\\\/en\\\/wp-content\\\/uploads\\\/sites\\\/2\\\/2025\\\/09\\\/eric-garcia-v-oviedo-laliga-1.webp\",\"contentUrl\":\"https:\\\/\\\/www.fcbarcelonanoticias.com\\\/en\\\/wp-content\\\/uploads\\\/sites\\\/2\\\/2025\\\/09\\\/eric-garcia-v-oviedo-laliga-1.webp\",\"width\":1200,\"height\":675},{\"@type\":\"BreadcrumbList\",\"@id\":\"https:\\\/\\\/www.fcbarcelonanoticias.com\\\/en\\\/laliga\\\/eric-garcia-solidifies-his-place-in-barcelona-xi-mvp-and-goal-in-oviedo_314834_102.html#breadcrumb\",\"itemListElement\":[{\"@type\":\"ListItem\",\"position\":1,\"name\":\"Portada\",\"item\":\"https:\\\/\\\/www.fcbarcelonanoticias.com\\\/en\\\/\"},{\"@type\":\"ListItem\",\"position\":2,\"name\":\"Eric Garc\u00eda solidifies his place in Bar\u00e7a&#8217;s starting XI: MVP and 1st goal of the 25\\\/26 season\"}]},{\"@type\":\"WebSite\",\"@id\":\"https:\\\/\\\/www.fcbarcelonanoticias.com\\\/en\\\/#website\",\"url\":\"https:\\\/\\\/www.fcbarcelonanoticias.com\\\/en\\\/\",\"name\":\"EN - FC Barcelona Noticias\",\"description\":\"\",\"potentialAction\":[{\"@type\":\"SearchAction\",\"target\":{\"@type\":\"EntryPoint\",\"urlTemplate\":\"https:\\\/\\\/www.fcbarcelonanoticias.com\\\/en\\\/?s={search_term_string}\"},\"query-input\":{\"@type\":\"PropertyValueSpecification\",\"valueRequired\":true,\"valueName\":\"search_term_string\"}}],\"inLanguage\":\"en-US\"},{\"@type\":\"Person\",\"@id\":\"https:\\\/\\\/www.fcbarcelonanoticias.com\\\/en\\\/#\\\/schema\\\/person\\\/c2cd9f6fa1af5c0d0eccd0fefa575c88\",\"name\":\"Andr\u00e9s Quiroz\",\"image\":{\"@type\":\"ImageObject\",\"inLanguage\":\"en-US\",\"@id\":\"https:\\\/\\\/secure.gravatar.com\\\/avatar\\\/?s=96&d=mm&r=g\",\"url\":\"https:\\\/\\\/secure.gravatar.com\\\/avatar\\\/?s=96&d=mm&r=g\",\"contentUrl\":\"https:\\\/\\\/secure.gravatar.com\\\/avatar\\\/?s=96&d=mm&r=g\",\"caption\":\"Andr\u00e9s Quiroz\"},\"description\":\"Licenciado en Periodismo por la Universidad de los Andes. Me encargo de analizar y compartir los contenidos m\u00e1s destacados de la\u00a0actualidad del F\u00fatbol Club Barcelona, Mercado de Fichajes y F\u00fatbol Internacional en FCBN. La informaci\u00f3n es poder, pero tambi\u00e9n conocimiento.\",\"url\":\"https:\\\/\\\/www.fcbarcelonanoticias.com\\\/en\\\/fc-barcelona\\\/andres-quiroz_17_115.html\"}]}<\/script>\n<!-- \/ Yoast SEO plugin. -->","yoast_head_json":{"title":"Eric Garc\u00eda solidifies his place in Bar\u00e7a's XI: MVP and goal in Oviedo","description":"Eric Garc\u00eda paved the way for another Bar\u00e7a comeback in LaLiga. The defender scored the first Azulgrana goal against Oviedo (1-3)","robots":{"index":"index","follow":"follow","max-snippet":"max-snippet:-1","max-image-preview":"max-image-preview:large","max-video-preview":"max-video-preview:-1"},"canonical":"https:\/\/www.fcbarcelonanoticias.com\/en\/laliga\/eric-garcia-solidifies-his-place-in-barcelona-xi-mvp-and-goal-in-oviedo_314834_102.html","og_locale":"en_US","og_type":"article","og_title":"Eric Garc\u00eda solidifies his place in Bar\u00e7a's XI: MVP and goal in Oviedo","og_description":"Eric Garc\u00eda paved the way for another Bar\u00e7a comeback in LaLiga. The defender scored the first Azulgrana goal against Oviedo (1-3)","og_url":"https:\/\/www.fcbarcelonanoticias.com\/en\/laliga\/eric-garcia-solidifies-his-place-in-barcelona-xi-mvp-and-goal-in-oviedo_314834_102.html","og_site_name":"EN - FC Barcelona Noticias","article_published_time":"2025-09-25T23:40:00+00:00","article_modified_time":"2026-04-16T07:19:20+00:00","og_image":[{"width":1200,"height":675,"url":"https:\/\/www.fcbarcelonanoticias.com\/en\/wp-content\/uploads\/sites\/2\/2025\/09\/eric-garcia-v-oviedo-laliga-1.webp","type":"image\/webp"}],"author":"Andr\u00e9s Quiroz","twitter_card":"summary_large_image","twitter_misc":{"Written by":"Andr\u00e9s Quiroz","Est. reading time":"3 minutes"},"schema":{"@context":"https:\/\/schema.org","@graph":[{"@type":"Article","@id":"https:\/\/www.fcbarcelonanoticias.com\/en\/laliga\/eric-garcia-solidifies-his-place-in-barcelona-xi-mvp-and-goal-in-oviedo_314834_102.html#article","isPartOf":{"@id":"https:\/\/www.fcbarcelonanoticias.com\/en\/laliga\/eric-garcia-solidifies-his-place-in-barcelona-xi-mvp-and-goal-in-oviedo_314834_102.html"},"author":{"name":"Andr\u00e9s Quiroz","@id":"https:\/\/www.fcbarcelonanoticias.com\/en\/#\/schema\/person\/c2cd9f6fa1af5c0d0eccd0fefa575c88"},"headline":"Eric Garc\u00eda solidifies his place in Bar\u00e7a&#8217;s starting XI: MVP and 1st goal of the 25\/26 season","datePublished":"2025-09-25T23:40:00+00:00","dateModified":"2026-04-16T07:19:20+00:00","mainEntityOfPage":{"@id":"https:\/\/www.fcbarcelonanoticias.com\/en\/laliga\/eric-garcia-solidifies-his-place-in-barcelona-xi-mvp-and-goal-in-oviedo_314834_102.html"},"wordCount":602,"image":{"@id":"https:\/\/www.fcbarcelonanoticias.com\/en\/laliga\/eric-garcia-solidifies-his-place-in-barcelona-xi-mvp-and-goal-in-oviedo_314834_102.html#primaryimage"},"thumbnailUrl":"https:\/\/www.fcbarcelonanoticias.com\/en\/wp-content\/uploads\/sites\/2\/2025\/09\/eric-garcia-v-oviedo-laliga-1.webp","keywords":["Eric Garc\u00eda","FC Barcelona vs Real Oviedo","MVP FC Barcelona"],"articleSection":["Eric Garc\u00eda","LaLiga","LaLiga"],"inLanguage":"en-US"},{"@type":"WebPage","@id":"https:\/\/www.fcbarcelonanoticias.com\/en\/laliga\/eric-garcia-solidifies-his-place-in-barcelona-xi-mvp-and-goal-in-oviedo_314834_102.html","url":"https:\/\/www.fcbarcelonanoticias.com\/en\/laliga\/eric-garcia-solidifies-his-place-in-barcelona-xi-mvp-and-goal-in-oviedo_314834_102.html","name":"Eric Garc\u00eda solidifies his place in Bar\u00e7a's XI: MVP and goal in Oviedo","isPartOf":{"@id":"https:\/\/www.fcbarcelonanoticias.com\/en\/#website"},"primaryImageOfPage":{"@id":"https:\/\/www.fcbarcelonanoticias.com\/en\/laliga\/eric-garcia-solidifies-his-place-in-barcelona-xi-mvp-and-goal-in-oviedo_314834_102.html#primaryimage"},"image":{"@id":"https:\/\/www.fcbarcelonanoticias.com\/en\/laliga\/eric-garcia-solidifies-his-place-in-barcelona-xi-mvp-and-goal-in-oviedo_314834_102.html#primaryimage"},"thumbnailUrl":"https:\/\/www.fcbarcelonanoticias.com\/en\/wp-content\/uploads\/sites\/2\/2025\/09\/eric-garcia-v-oviedo-laliga-1.webp","datePublished":"2025-09-25T23:40:00+00:00","dateModified":"2026-04-16T07:19:20+00:00","author":{"@id":"https:\/\/www.fcbarcelonanoticias.com\/en\/#\/schema\/person\/c2cd9f6fa1af5c0d0eccd0fefa575c88"},"description":"Eric Garc\u00eda paved the way for another Bar\u00e7a comeback in LaLiga. The defender scored the first Azulgrana goal against Oviedo (1-3)","breadcrumb":{"@id":"https:\/\/www.fcbarcelonanoticias.com\/en\/laliga\/eric-garcia-solidifies-his-place-in-barcelona-xi-mvp-and-goal-in-oviedo_314834_102.html#breadcrumb"},"inLanguage":"en-US","potentialAction":[{"@type":"ReadAction","target":["https:\/\/www.fcbarcelonanoticias.com\/en\/laliga\/eric-garcia-solidifies-his-place-in-barcelona-xi-mvp-and-goal-in-oviedo_314834_102.html"]}]},{"@type":"ImageObject","inLanguage":"en-US","@id":"https:\/\/www.fcbarcelonanoticias.com\/en\/laliga\/eric-garcia-solidifies-his-place-in-barcelona-xi-mvp-and-goal-in-oviedo_314834_102.html#primaryimage","url":"https:\/\/www.fcbarcelonanoticias.com\/en\/wp-content\/uploads\/sites\/2\/2025\/09\/eric-garcia-v-oviedo-laliga-1.webp","contentUrl":"https:\/\/www.fcbarcelonanoticias.com\/en\/wp-content\/uploads\/sites\/2\/2025\/09\/eric-garcia-v-oviedo-laliga-1.webp","width":1200,"height":675},{"@type":"BreadcrumbList","@id":"https:\/\/www.fcbarcelonanoticias.com\/en\/laliga\/eric-garcia-solidifies-his-place-in-barcelona-xi-mvp-and-goal-in-oviedo_314834_102.html#breadcrumb","itemListElement":[{"@type":"ListItem","position":1,"name":"Portada","item":"https:\/\/www.fcbarcelonanoticias.com\/en\/"},{"@type":"ListItem","position":2,"name":"Eric Garc\u00eda solidifies his place in Bar\u00e7a&#8217;s starting XI: MVP and 1st goal of the 25\/26 season"}]},{"@type":"WebSite","@id":"https:\/\/www.fcbarcelonanoticias.com\/en\/#website","url":"https:\/\/www.fcbarcelonanoticias.com\/en\/","name":"EN - FC Barcelona Noticias","description":"","potentialAction":[{"@type":"SearchAction","target":{"@type":"EntryPoint","urlTemplate":"https:\/\/www.fcbarcelonanoticias.com\/en\/?s={search_term_string}"},"query-input":{"@type":"PropertyValueSpecification","valueRequired":true,"valueName":"search_term_string"}}],"inLanguage":"en-US"},{"@type":"Person","@id":"https:\/\/www.fcbarcelonanoticias.com\/en\/#\/schema\/person\/c2cd9f6fa1af5c0d0eccd0fefa575c88","name":"Andr\u00e9s Quiroz","image":{"@type":"ImageObject","inLanguage":"en-US","@id":"https:\/\/secure.gravatar.com\/avatar\/?s=96&d=mm&r=g","url":"https:\/\/secure.gravatar.com\/avatar\/?s=96&d=mm&r=g","contentUrl":"https:\/\/secure.gravatar.com\/avatar\/?s=96&d=mm&r=g","caption":"Andr\u00e9s Quiroz"},"description":"Licenciado en Periodismo por la Universidad de los Andes. Me encargo de analizar y compartir los contenidos m\u00e1s destacados de la\u00a0actualidad del F\u00fatbol Club Barcelona, Mercado de Fichajes y F\u00fatbol Internacional en FCBN. La informaci\u00f3n es poder, pero tambi\u00e9n conocimiento.","url":"https:\/\/www.fcbarcelonanoticias.com\/en\/fc-barcelona\/andres-quiroz_17_115.html"}]}},"_links":{"self":[{"href":"https:\/\/www.fcbarcelonanoticias.com\/en\/wp-json\/wp\/v2\/posts\/52545","targetHints":{"allow":["GET"]}}],"collection":[{"href":"https:\/\/www.fcbarcelonanoticias.com\/en\/wp-json\/wp\/v2\/posts"}],"about":[{"href":"https:\/\/www.fcbarcelonanoticias.com\/en\/wp-json\/wp\/v2\/types\/post"}],"author":[{"embeddable":true,"href":"https:\/\/www.fcbarcelonanoticias.com\/en\/wp-json\/wp\/v2\/users\/347"}],"replies":[{"embeddable":true,"href":"https:\/\/www.fcbarcelonanoticias.com\/en\/wp-json\/wp\/v2\/comments?post=52545"}],"version-history":[{"count":3,"href":"https:\/\/www.fcbarcelonanoticias.com\/en\/wp-json\/wp\/v2\/posts\/52545\/revisions"}],"predecessor-version":[{"id":171967,"href":"https:\/\/www.fcbarcelonanoticias.com\/en\/wp-json\/wp\/v2\/posts\/52545\/revisions\/171967"}],"wp:featuredmedia":[{"embeddable":true,"href":"https:\/\/www.fcbarcelonanoticias.com\/en\/wp-json\/wp\/v2\/media\/52549"}],"wp:attachment":[{"href":"https:\/\/www.fcbarcelonanoticias.com\/en\/wp-json\/wp\/v2\/media?parent=52545"}],"wp:term":[{"taxonomy":"category","embeddable":true,"href":"https:\/\/www.fcbarcelonanoticias.com\/en\/wp-json\/wp\/v2\/categories?post=52545"},{"taxonomy":"post_tag","embeddable":true,"href":"https:\/\/www.fcbarcelonanoticias.com\/en\/wp-json\/wp\/v2\/tags?post=52545"}],"curies":[{"name":"wp","href":"https:\/\/api.w.org\/{rel}","templated":true}]}}