{"id":52553,"date":"2025-12-03T04:31:00","date_gmt":"2025-12-03T03:31:00","guid":{"rendered":"https:\/\/weisetech.dev\/fc-barcelona-noticias\/en\/eric-garcia-continues-to-perform-as-frenkie-de-jong-replacement_315408_102\/"},"modified":"2025-12-03T04:31:00","modified_gmt":"2025-12-03T03:31:00","slug":"eric-garcia-continues-to-perform-as-frenkie-de-jong-replacement_315408_102","status":"publish","type":"post","link":"https:\/\/www.fcbarcelonanoticias.com\/en\/laliga\/eric-garcia-continues-to-perform-as-frenkie-de-jong-replacement_315408_102.html","title":{"rendered":"Eric Garc\u00eda once again replaced Frenkie de Jong in midfield"},"content":{"rendered":"<h2 class=\"wp-block-heading\">Eric Garc\u00eda was once again Bar\u00e7a&#8217;s &#8216;5&#8217; against Atl\u00e9tico (3-1). The Martorell native was chosen in the absence of Frenkie de Jong and completed another good match as a pivot<\/h2>  \r\n<div class=\"article-addons\">\r\n    <a href=\"https:\/\/www.fcbarcelonanoticias.com\/en\/calendar-fc-barcelona.html\"\r\n       target=\"_self\"\r\n       title=\"Calendar of FC Barcelona\"\r\n       class=\"blue-gredient-btn\">\r\n       \r\n        Calendar of FC Barcelona    <\/a>\r\n<\/div>   <p><strong>Hansi Flick<\/strong> once again opted for <strong>Eric Garc\u00eda<\/strong> as the defensive pivot for <strong>FC Barcelona<\/strong> in a difficult match. Just as against Athletic Club and Chelsea, the player from Martorell was the &#8216;5&#8217; chosen by the coaching staff against <a data-external=\"0\" data-intl-links-en=\"https:\/\/www.fcbarcelonanoticias.com\/en\/laliga\/barcelona-3-1-atletico-madrid-summary-laliga-25-26_315402_102.html\" data-intl-links-es=\"https:\/\/www.fcbarcelonanoticias.com\/laliga\/resumen-fc-barcelona-3-1-atletico-madrid-laliga-25-26_315402_102.html\" href=\"https:\/\/www.fcbarcelonanoticias.com\/en\/laliga\/barcelona-3-1-atletico-madrid-summary-laliga-25-26_315402_102.html\" rel=\"follow\" target=\"_self\" title=\"Resumen del FC Barcelona 3-1 Atl\u00e9tico de Madrid - LaLiga 25\/26\">Atl\u00e9tico de Madrid (3-1)<\/a>, this time alongside Pedri Gonz\u00e1lez in midfield.<\/p>  <p>With Frenkie de Jong absent due to a fever, the &#8217;24&#8217; returned to midfield and completed a good match, despite the difficulty of playing with a protective mask after the nasal fracture he suffered in Bruges before the November break.On Tuesday, **Eric completed 40 of 47 passes (85%), made 8 defensive actions, 4 clearances, and 2 recoveries**. Additionally, he won 4 out of 6 individual duels (67%) and committed only one foul during the 90 minutes. The Martorell native has started in the last 7 league matches and in 4 of the 5 Champions League games the team has played.<\/p>  <h2>Eric Garc\u00eda solidifies his lead in minutes played<\/h2>  <p>In that regard, Garc\u00eda became the first Bar\u00e7a player to <strong>surpass the 1,500-minute mark this season<\/strong>. The 24-year-old defender is also the only player in the <a data-external=\"0\" data-intl-links-en=\"https:\/\/www.fcbarcelonanoticias.com\/en\/fc-barcelona-squad.html\" data-intl-links-es=\"https:\/\/www.fcbarcelonanoticias.com\/jugadores-fcbarcelona.html\" href=\"https:\/\/www.fcbarcelonanoticias.com\/en\/fc-barcelona-squad.html\" rel=\"follow\" target=\"_self\" title=\"FC Barcelona Squad 2025-26\">Blaugrana squad<\/a> to have seen action in all of Bar\u00e7a&#8217;s matches in the 25\/26 season (20), with a total of 17 starts<\/p>  <p>After a winter transfer window in which he was very close to returning to <strong>Girona<\/strong>, Eric has become Hansi Flick&#8217;s most reliable defender. Last season, he was already a key player in the final stretch, filling in for <strong>Jules Kound\u00e9<\/strong> at right-back, and after <strong>I\u00f1igo Mart\u00ednez<\/strong>&#8216;s departure, he has taken on notable leadership in defense.<\/p>  <p>Whether as a center-back, full-back, or defensive midfielder, the player from Martorell is always alert to cover for a teammate and provide safe distribution for the team. He is also capable of joining the attack from time to time and has already scored one goal (against Oviedo) and provided one assist (against Athletic) so far this season.<\/p>  <p><u><strong>Bar\u00e7a Players with Most Minutes in 25\/26:<\/strong><\/u><\/p>  <ol> <li> <strong>Eric Garc\u00eda<\/strong>: 1,510 (20 matches)<\/li> \t<li> <strong>Jules Kound\u00e9<\/strong>: 1,415 (19 matches)<\/li> \t<li> <strong>Pau Cubars\u00ed<\/strong>: 1,293 (16 matches)<\/li> \t<li> <strong>Marcus Rashford<\/strong>: 1,248 (19 matches)<\/li> \t<li> <strong>Lamine Yamal<\/strong>: 1,237 (15 matches)<\/li> <\/ol> <h2>Frenkie de Jong missed his third consecutive league match<\/h2>  <p>Frenkie de Jong, for his part, missed his third consecutive league match against Atl\u00e9tico. <strong>The club confirmed his absence for matchday 19 due to fever<\/strong> and, after the game, Flick confirmed that the Dutchman had not slept well on Monday night. However, the manager is confident of having him back for next Saturday, for the visit to <a data-external=\"0\" data-intl-links-en=\"https:\/\/www.fcbarcelonanoticias.com\/en\/laliga\/betis-barcelona-schedule-and-tv-laliga-2025-26-md15_315187_102.html\" data-intl-links-es=\"https:\/\/www.fcbarcelonanoticias.com\/laliga\/horario-tv-betis-barcelona-laliga-2025-26-j15_315187_102.html\" href=\"https:\/\/www.fcbarcelonanoticias.com\/en\/laliga\/betis-barcelona-schedule-and-tv-laliga-2025-26-md15_315187_102.html\" rel=\"follow\" target=\"_self\" title=\"Horario y TV del Betis - Barcelona: LaLiga 2025\/26 J15\">Betis<\/a>.<\/p>  <p>The &#8217;21&#8217; also missed the match against **Alav\u00e9s** (3-1) for personal reasons and was out, due to suspension, against **Athletic** (4-0). De Jong was present last week in the defeat against **Chelsea** (3-0) and, previously, only missed the duels against Levante (paternity) and Valencia (injury).<\/p>  <ul> <li>\ud83d\udc49 Follow the complete coverage of&nbsp;<a data-external=\"0\" data-intl-links-en=\"https:\/\/www.fcbarcelonanoticias.com\/en\/laliga\" data-intl-links-es=\"https:\/\/www.fcbarcelonanoticias.com\/laliga\" href=\"https:\/\/www.fcbarcelonanoticias.com\/en\/football-soccer\/laliga.html\" rel=\"follow\" target=\"_self\" title=\"LaLiga\">LaLiga EA Sports&nbsp;2025\/26<\/a>&nbsp;on FC Barcelona Noticias<\/li> <\/ul> ","protected":false},"excerpt":{"rendered":"<p>Eric Garc\u00eda was once again Bar\u00e7a&#8217;s &#8216;5&#8217; against Atl\u00e9tico (3-1). The Martorell native was chosen in the absence of Frenkie de Jong and completed another good match as a pivot Hansi Flick once again opted for Eric Garc\u00eda as the defensive pivot for FC Barcelona in a difficult match. Just as against Athletic Club and [&hellip;]<\/p>\n","protected":false},"author":347,"featured_media":52557,"comment_status":"closed","ping_status":"open","sticky":false,"template":"","format":"standard","meta":{"_acf_changed":false,"inline_featured_image":false,"_nextfly_llmd_date_locked":false,"footnotes":""},"categories":[448,114],"tags":[295,58,273,87],"class_list":["post-52553","post","type-post","status-publish","format-standard","has-post-thumbnail","hentry","category-laliga-2","category-laliga","tag-eric-garcia","tag-fc-barcelona-vs-atletico-madrid-latest-match-news","tag-de-jong","tag-hansi-flick"],"acf":[],"yoast_head":"<!-- This site is optimized with the Yoast SEO plugin v27.3 - https:\/\/yoast.com\/product\/yoast-seo-wordpress\/ -->\n<title>Eric Garc\u00eda continues to perform as Frenkie de Jong&#039;s replacement<\/title>\n<meta name=\"description\" content=\"Eric Garc\u00eda played as a pivot in the Bar\u00e7a-Atl\u00e9tico match. The Martorell native was the chosen one due to Frenkie de Jong&#039;s absence and completed another good game\" \/>\n<meta name=\"robots\" content=\"index, follow, max-snippet:-1, max-image-preview:large, max-video-preview:-1\" \/>\n<link rel=\"canonical\" href=\"https:\/\/www.fcbarcelonanoticias.com\/en\/laliga\/eric-garcia-continues-to-perform-as-frenkie-de-jong-replacement_315408_102.html\" \/>\n<meta property=\"og:locale\" content=\"en_US\" \/>\n<meta property=\"og:type\" content=\"article\" \/>\n<meta property=\"og:title\" content=\"Eric Garc\u00eda continues to perform as Frenkie de Jong&#039;s replacement\" \/>\n<meta property=\"og:description\" content=\"Eric Garc\u00eda played as a pivot in the Bar\u00e7a-Atl\u00e9tico match. The Martorell native was the chosen one due to Frenkie de Jong&#039;s absence and completed another good game\" \/>\n<meta property=\"og:url\" content=\"https:\/\/www.fcbarcelonanoticias.com\/en\/laliga\/eric-garcia-continues-to-perform-as-frenkie-de-jong-replacement_315408_102.html\" \/>\n<meta property=\"og:site_name\" content=\"EN - FC Barcelona Noticias\" \/>\n<meta property=\"article:published_time\" content=\"2025-12-03T03:31:00+00:00\" \/>\n<meta property=\"og:image\" content=\"https:\/\/www.fcbarcelonanoticias.com\/en\/wp-content\/uploads\/sites\/2\/2025\/12\/eric-garcia-v-atletico-laliga-25-26-1.jpeg\" \/>\n\t<meta property=\"og:image:width\" content=\"1200\" \/>\n\t<meta property=\"og:image:height\" content=\"675\" \/>\n\t<meta property=\"og:image:type\" content=\"image\/jpeg\" \/>\n<meta name=\"author\" content=\"Andr\u00e9s Quiroz\" \/>\n<meta name=\"twitter:card\" content=\"summary_large_image\" \/>\n<meta name=\"twitter:label1\" content=\"Written by\" \/>\n\t<meta name=\"twitter:data1\" content=\"Andr\u00e9s Quiroz\" \/>\n\t<meta name=\"twitter:label2\" content=\"Est. reading time\" \/>\n\t<meta name=\"twitter:data2\" content=\"3 minutes\" \/>\n<script type=\"application\/ld+json\" class=\"yoast-schema-graph\">{\"@context\":\"https:\\\/\\\/schema.org\",\"@graph\":[{\"@type\":\"Article\",\"@id\":\"https:\\\/\\\/www.fcbarcelonanoticias.com\\\/en\\\/laliga\\\/eric-garcia-continues-to-perform-as-frenkie-de-jong-replacement_315408_102.html#article\",\"isPartOf\":{\"@id\":\"https:\\\/\\\/www.fcbarcelonanoticias.com\\\/en\\\/laliga\\\/eric-garcia-continues-to-perform-as-frenkie-de-jong-replacement_315408_102.html\"},\"author\":{\"name\":\"Andr\u00e9s Quiroz\",\"@id\":\"https:\\\/\\\/www.fcbarcelonanoticias.com\\\/en\\\/#\\\/schema\\\/person\\\/c2cd9f6fa1af5c0d0eccd0fefa575c88\"},\"headline\":\"Eric Garc\u00eda once again replaced Frenkie de Jong in midfield\",\"datePublished\":\"2025-12-03T03:31:00+00:00\",\"mainEntityOfPage\":{\"@id\":\"https:\\\/\\\/www.fcbarcelonanoticias.com\\\/en\\\/laliga\\\/eric-garcia-continues-to-perform-as-frenkie-de-jong-replacement_315408_102.html\"},\"wordCount\":507,\"image\":{\"@id\":\"https:\\\/\\\/www.fcbarcelonanoticias.com\\\/en\\\/laliga\\\/eric-garcia-continues-to-perform-as-frenkie-de-jong-replacement_315408_102.html#primaryimage\"},\"thumbnailUrl\":\"https:\\\/\\\/www.fcbarcelonanoticias.com\\\/en\\\/wp-content\\\/uploads\\\/sites\\\/2\\\/2025\\\/12\\\/eric-garcia-v-atletico-laliga-25-26-1.jpeg\",\"keywords\":[\"Eric Garc\u00eda\",\"FC Barcelona vs Atl\u00e9tico Madrid\",\"Frenkie de Jong\",\"Hansi Flick\"],\"articleSection\":[\"LaLiga\",\"LaLiga\"],\"inLanguage\":\"en-US\"},{\"@type\":\"WebPage\",\"@id\":\"https:\\\/\\\/www.fcbarcelonanoticias.com\\\/en\\\/laliga\\\/eric-garcia-continues-to-perform-as-frenkie-de-jong-replacement_315408_102.html\",\"url\":\"https:\\\/\\\/www.fcbarcelonanoticias.com\\\/en\\\/laliga\\\/eric-garcia-continues-to-perform-as-frenkie-de-jong-replacement_315408_102.html\",\"name\":\"Eric Garc\u00eda continues to perform as Frenkie de Jong's replacement\",\"isPartOf\":{\"@id\":\"https:\\\/\\\/www.fcbarcelonanoticias.com\\\/en\\\/#website\"},\"primaryImageOfPage\":{\"@id\":\"https:\\\/\\\/www.fcbarcelonanoticias.com\\\/en\\\/laliga\\\/eric-garcia-continues-to-perform-as-frenkie-de-jong-replacement_315408_102.html#primaryimage\"},\"image\":{\"@id\":\"https:\\\/\\\/www.fcbarcelonanoticias.com\\\/en\\\/laliga\\\/eric-garcia-continues-to-perform-as-frenkie-de-jong-replacement_315408_102.html#primaryimage\"},\"thumbnailUrl\":\"https:\\\/\\\/www.fcbarcelonanoticias.com\\\/en\\\/wp-content\\\/uploads\\\/sites\\\/2\\\/2025\\\/12\\\/eric-garcia-v-atletico-laliga-25-26-1.jpeg\",\"datePublished\":\"2025-12-03T03:31:00+00:00\",\"author\":{\"@id\":\"https:\\\/\\\/www.fcbarcelonanoticias.com\\\/en\\\/#\\\/schema\\\/person\\\/c2cd9f6fa1af5c0d0eccd0fefa575c88\"},\"description\":\"Eric Garc\u00eda played as a pivot in the Bar\u00e7a-Atl\u00e9tico match. The Martorell native was the chosen one due to Frenkie de Jong's absence and completed another good game\",\"breadcrumb\":{\"@id\":\"https:\\\/\\\/www.fcbarcelonanoticias.com\\\/en\\\/laliga\\\/eric-garcia-continues-to-perform-as-frenkie-de-jong-replacement_315408_102.html#breadcrumb\"},\"inLanguage\":\"en-US\",\"potentialAction\":[{\"@type\":\"ReadAction\",\"target\":[\"https:\\\/\\\/www.fcbarcelonanoticias.com\\\/en\\\/laliga\\\/eric-garcia-continues-to-perform-as-frenkie-de-jong-replacement_315408_102.html\"]}]},{\"@type\":\"ImageObject\",\"inLanguage\":\"en-US\",\"@id\":\"https:\\\/\\\/www.fcbarcelonanoticias.com\\\/en\\\/laliga\\\/eric-garcia-continues-to-perform-as-frenkie-de-jong-replacement_315408_102.html#primaryimage\",\"url\":\"https:\\\/\\\/www.fcbarcelonanoticias.com\\\/en\\\/wp-content\\\/uploads\\\/sites\\\/2\\\/2025\\\/12\\\/eric-garcia-v-atletico-laliga-25-26-1.jpeg\",\"contentUrl\":\"https:\\\/\\\/www.fcbarcelonanoticias.com\\\/en\\\/wp-content\\\/uploads\\\/sites\\\/2\\\/2025\\\/12\\\/eric-garcia-v-atletico-laliga-25-26-1.jpeg\",\"width\":1200,\"height\":675},{\"@type\":\"BreadcrumbList\",\"@id\":\"https:\\\/\\\/www.fcbarcelonanoticias.com\\\/en\\\/laliga\\\/eric-garcia-continues-to-perform-as-frenkie-de-jong-replacement_315408_102.html#breadcrumb\",\"itemListElement\":[{\"@type\":\"ListItem\",\"position\":1,\"name\":\"Portada\",\"item\":\"https:\\\/\\\/www.fcbarcelonanoticias.com\\\/en\\\/\"},{\"@type\":\"ListItem\",\"position\":2,\"name\":\"Eric Garc\u00eda once again replaced Frenkie de Jong in midfield\"}]},{\"@type\":\"WebSite\",\"@id\":\"https:\\\/\\\/www.fcbarcelonanoticias.com\\\/en\\\/#website\",\"url\":\"https:\\\/\\\/www.fcbarcelonanoticias.com\\\/en\\\/\",\"name\":\"EN - FC Barcelona Noticias\",\"description\":\"\",\"potentialAction\":[{\"@type\":\"SearchAction\",\"target\":{\"@type\":\"EntryPoint\",\"urlTemplate\":\"https:\\\/\\\/www.fcbarcelonanoticias.com\\\/en\\\/?s={search_term_string}\"},\"query-input\":{\"@type\":\"PropertyValueSpecification\",\"valueRequired\":true,\"valueName\":\"search_term_string\"}}],\"inLanguage\":\"en-US\"},{\"@type\":\"Person\",\"@id\":\"https:\\\/\\\/www.fcbarcelonanoticias.com\\\/en\\\/#\\\/schema\\\/person\\\/c2cd9f6fa1af5c0d0eccd0fefa575c88\",\"name\":\"Andr\u00e9s Quiroz\",\"image\":{\"@type\":\"ImageObject\",\"inLanguage\":\"en-US\",\"@id\":\"https:\\\/\\\/secure.gravatar.com\\\/avatar\\\/?s=96&d=mm&r=g\",\"url\":\"https:\\\/\\\/secure.gravatar.com\\\/avatar\\\/?s=96&d=mm&r=g\",\"contentUrl\":\"https:\\\/\\\/secure.gravatar.com\\\/avatar\\\/?s=96&d=mm&r=g\",\"caption\":\"Andr\u00e9s Quiroz\"},\"description\":\"Licenciado en Periodismo por la Universidad de los Andes. Me encargo de analizar y compartir los contenidos m\u00e1s destacados de la\u00a0actualidad del F\u00fatbol Club Barcelona, Mercado de Fichajes y F\u00fatbol Internacional en FCBN. La informaci\u00f3n es poder, pero tambi\u00e9n conocimiento.\",\"url\":\"https:\\\/\\\/www.fcbarcelonanoticias.com\\\/en\\\/fc-barcelona\\\/andres-quiroz_17_115.html\"}]}<\/script>\n<!-- \/ Yoast SEO plugin. -->","yoast_head_json":{"title":"Eric Garc\u00eda continues to perform as Frenkie de Jong's replacement","description":"Eric Garc\u00eda played as a pivot in the Bar\u00e7a-Atl\u00e9tico match. The Martorell native was the chosen one due to Frenkie de Jong's absence and completed another good game","robots":{"index":"index","follow":"follow","max-snippet":"max-snippet:-1","max-image-preview":"max-image-preview:large","max-video-preview":"max-video-preview:-1"},"canonical":"https:\/\/www.fcbarcelonanoticias.com\/en\/laliga\/eric-garcia-continues-to-perform-as-frenkie-de-jong-replacement_315408_102.html","og_locale":"en_US","og_type":"article","og_title":"Eric Garc\u00eda continues to perform as Frenkie de Jong's replacement","og_description":"Eric Garc\u00eda played as a pivot in the Bar\u00e7a-Atl\u00e9tico match. The Martorell native was the chosen one due to Frenkie de Jong's absence and completed another good game","og_url":"https:\/\/www.fcbarcelonanoticias.com\/en\/laliga\/eric-garcia-continues-to-perform-as-frenkie-de-jong-replacement_315408_102.html","og_site_name":"EN - FC Barcelona Noticias","article_published_time":"2025-12-03T03:31:00+00:00","og_image":[{"width":1200,"height":675,"url":"https:\/\/www.fcbarcelonanoticias.com\/en\/wp-content\/uploads\/sites\/2\/2025\/12\/eric-garcia-v-atletico-laliga-25-26-1.jpeg","type":"image\/jpeg"}],"author":"Andr\u00e9s Quiroz","twitter_card":"summary_large_image","twitter_misc":{"Written by":"Andr\u00e9s Quiroz","Est. reading time":"3 minutes"},"schema":{"@context":"https:\/\/schema.org","@graph":[{"@type":"Article","@id":"https:\/\/www.fcbarcelonanoticias.com\/en\/laliga\/eric-garcia-continues-to-perform-as-frenkie-de-jong-replacement_315408_102.html#article","isPartOf":{"@id":"https:\/\/www.fcbarcelonanoticias.com\/en\/laliga\/eric-garcia-continues-to-perform-as-frenkie-de-jong-replacement_315408_102.html"},"author":{"name":"Andr\u00e9s Quiroz","@id":"https:\/\/www.fcbarcelonanoticias.com\/en\/#\/schema\/person\/c2cd9f6fa1af5c0d0eccd0fefa575c88"},"headline":"Eric Garc\u00eda once again replaced Frenkie de Jong in midfield","datePublished":"2025-12-03T03:31:00+00:00","mainEntityOfPage":{"@id":"https:\/\/www.fcbarcelonanoticias.com\/en\/laliga\/eric-garcia-continues-to-perform-as-frenkie-de-jong-replacement_315408_102.html"},"wordCount":507,"image":{"@id":"https:\/\/www.fcbarcelonanoticias.com\/en\/laliga\/eric-garcia-continues-to-perform-as-frenkie-de-jong-replacement_315408_102.html#primaryimage"},"thumbnailUrl":"https:\/\/www.fcbarcelonanoticias.com\/en\/wp-content\/uploads\/sites\/2\/2025\/12\/eric-garcia-v-atletico-laliga-25-26-1.jpeg","keywords":["Eric Garc\u00eda","FC Barcelona vs Atl\u00e9tico Madrid","Frenkie de Jong","Hansi Flick"],"articleSection":["LaLiga","LaLiga"],"inLanguage":"en-US"},{"@type":"WebPage","@id":"https:\/\/www.fcbarcelonanoticias.com\/en\/laliga\/eric-garcia-continues-to-perform-as-frenkie-de-jong-replacement_315408_102.html","url":"https:\/\/www.fcbarcelonanoticias.com\/en\/laliga\/eric-garcia-continues-to-perform-as-frenkie-de-jong-replacement_315408_102.html","name":"Eric Garc\u00eda continues to perform as Frenkie de Jong's replacement","isPartOf":{"@id":"https:\/\/www.fcbarcelonanoticias.com\/en\/#website"},"primaryImageOfPage":{"@id":"https:\/\/www.fcbarcelonanoticias.com\/en\/laliga\/eric-garcia-continues-to-perform-as-frenkie-de-jong-replacement_315408_102.html#primaryimage"},"image":{"@id":"https:\/\/www.fcbarcelonanoticias.com\/en\/laliga\/eric-garcia-continues-to-perform-as-frenkie-de-jong-replacement_315408_102.html#primaryimage"},"thumbnailUrl":"https:\/\/www.fcbarcelonanoticias.com\/en\/wp-content\/uploads\/sites\/2\/2025\/12\/eric-garcia-v-atletico-laliga-25-26-1.jpeg","datePublished":"2025-12-03T03:31:00+00:00","author":{"@id":"https:\/\/www.fcbarcelonanoticias.com\/en\/#\/schema\/person\/c2cd9f6fa1af5c0d0eccd0fefa575c88"},"description":"Eric Garc\u00eda played as a pivot in the Bar\u00e7a-Atl\u00e9tico match. The Martorell native was the chosen one due to Frenkie de Jong's absence and completed another good game","breadcrumb":{"@id":"https:\/\/www.fcbarcelonanoticias.com\/en\/laliga\/eric-garcia-continues-to-perform-as-frenkie-de-jong-replacement_315408_102.html#breadcrumb"},"inLanguage":"en-US","potentialAction":[{"@type":"ReadAction","target":["https:\/\/www.fcbarcelonanoticias.com\/en\/laliga\/eric-garcia-continues-to-perform-as-frenkie-de-jong-replacement_315408_102.html"]}]},{"@type":"ImageObject","inLanguage":"en-US","@id":"https:\/\/www.fcbarcelonanoticias.com\/en\/laliga\/eric-garcia-continues-to-perform-as-frenkie-de-jong-replacement_315408_102.html#primaryimage","url":"https:\/\/www.fcbarcelonanoticias.com\/en\/wp-content\/uploads\/sites\/2\/2025\/12\/eric-garcia-v-atletico-laliga-25-26-1.jpeg","contentUrl":"https:\/\/www.fcbarcelonanoticias.com\/en\/wp-content\/uploads\/sites\/2\/2025\/12\/eric-garcia-v-atletico-laliga-25-26-1.jpeg","width":1200,"height":675},{"@type":"BreadcrumbList","@id":"https:\/\/www.fcbarcelonanoticias.com\/en\/laliga\/eric-garcia-continues-to-perform-as-frenkie-de-jong-replacement_315408_102.html#breadcrumb","itemListElement":[{"@type":"ListItem","position":1,"name":"Portada","item":"https:\/\/www.fcbarcelonanoticias.com\/en\/"},{"@type":"ListItem","position":2,"name":"Eric Garc\u00eda once again replaced Frenkie de Jong in midfield"}]},{"@type":"WebSite","@id":"https:\/\/www.fcbarcelonanoticias.com\/en\/#website","url":"https:\/\/www.fcbarcelonanoticias.com\/en\/","name":"EN - FC Barcelona Noticias","description":"","potentialAction":[{"@type":"SearchAction","target":{"@type":"EntryPoint","urlTemplate":"https:\/\/www.fcbarcelonanoticias.com\/en\/?s={search_term_string}"},"query-input":{"@type":"PropertyValueSpecification","valueRequired":true,"valueName":"search_term_string"}}],"inLanguage":"en-US"},{"@type":"Person","@id":"https:\/\/www.fcbarcelonanoticias.com\/en\/#\/schema\/person\/c2cd9f6fa1af5c0d0eccd0fefa575c88","name":"Andr\u00e9s Quiroz","image":{"@type":"ImageObject","inLanguage":"en-US","@id":"https:\/\/secure.gravatar.com\/avatar\/?s=96&d=mm&r=g","url":"https:\/\/secure.gravatar.com\/avatar\/?s=96&d=mm&r=g","contentUrl":"https:\/\/secure.gravatar.com\/avatar\/?s=96&d=mm&r=g","caption":"Andr\u00e9s Quiroz"},"description":"Licenciado en Periodismo por la Universidad de los Andes. Me encargo de analizar y compartir los contenidos m\u00e1s destacados de la\u00a0actualidad del F\u00fatbol Club Barcelona, Mercado de Fichajes y F\u00fatbol Internacional en FCBN. La informaci\u00f3n es poder, pero tambi\u00e9n conocimiento.","url":"https:\/\/www.fcbarcelonanoticias.com\/en\/fc-barcelona\/andres-quiroz_17_115.html"}]}},"_links":{"self":[{"href":"https:\/\/www.fcbarcelonanoticias.com\/en\/wp-json\/wp\/v2\/posts\/52553","targetHints":{"allow":["GET"]}}],"collection":[{"href":"https:\/\/www.fcbarcelonanoticias.com\/en\/wp-json\/wp\/v2\/posts"}],"about":[{"href":"https:\/\/www.fcbarcelonanoticias.com\/en\/wp-json\/wp\/v2\/types\/post"}],"author":[{"embeddable":true,"href":"https:\/\/www.fcbarcelonanoticias.com\/en\/wp-json\/wp\/v2\/users\/347"}],"replies":[{"embeddable":true,"href":"https:\/\/www.fcbarcelonanoticias.com\/en\/wp-json\/wp\/v2\/comments?post=52553"}],"version-history":[{"count":2,"href":"https:\/\/www.fcbarcelonanoticias.com\/en\/wp-json\/wp\/v2\/posts\/52553\/revisions"}],"predecessor-version":[{"id":52555,"href":"https:\/\/www.fcbarcelonanoticias.com\/en\/wp-json\/wp\/v2\/posts\/52553\/revisions\/52555"}],"wp:featuredmedia":[{"embeddable":true,"href":"https:\/\/www.fcbarcelonanoticias.com\/en\/wp-json\/wp\/v2\/media\/52557"}],"wp:attachment":[{"href":"https:\/\/www.fcbarcelonanoticias.com\/en\/wp-json\/wp\/v2\/media?parent=52553"}],"wp:term":[{"taxonomy":"category","embeddable":true,"href":"https:\/\/www.fcbarcelonanoticias.com\/en\/wp-json\/wp\/v2\/categories?post=52553"},{"taxonomy":"post_tag","embeddable":true,"href":"https:\/\/www.fcbarcelonanoticias.com\/en\/wp-json\/wp\/v2\/tags?post=52553"}],"curies":[{"name":"wp","href":"https:\/\/api.w.org\/{rel}","templated":true}]}}