{"id":52578,"date":"2024-11-16T16:33:00","date_gmt":"2024-11-16T15:33:00","guid":{"rendered":"https:\/\/weisetech.dev\/fc-barcelona-noticias\/en\/eric-garcia-hurry-recovery-being-celta-barcelona_308655_102\/"},"modified":"2024-11-18T06:11:00","modified_gmt":"2024-11-18T05:11:00","slug":"eric-garcia-hurry-recovery-being-celta-barcelona_308655_102","status":"publish","type":"post","link":"https:\/\/www.fcbarcelonanoticias.com\/en\/laliga\/eric-garcia-hurry-recovery-being-celta-barcelona_308655_102.html","title":{"rendered":"Eric Garc\u00eda speeds up his recovery to be in Celta-Bar\u00e7a"},"content":{"rendered":"<h2 class=\"wp-block-heading\">FC Barcelona hopes to recover Eric Garc\u00eda before the duel against Celta next Saturday. The defender is working hard in the gym to receive a medical discharge<\/h2>  \r\n<div class=\"article-addons\">\r\n    <a href=\"https:\/\/www.fcbarcelonanoticias.com\/en\/calendar-fc-barcelona.html\"\r\n       target=\"_self\"\r\n       title=\"Calendar of FC Barcelona\"\r\n       class=\"blue-gredient-btn\">\r\n       \r\n        Calendar of FC Barcelona    <\/a>\r\n<\/div>   <p>Eric Garc\u00eda is working hard in the gym to receive his medical discharge this week with FC Barcelona. The club shared a video on its networks where Martorell is seen working hard on the physical side, with the aim of reappearing next Saturday during the visit to Celta. The &#8217;24&#8217; has been out for the last month <strong>due to an injury to his right abductor that led to pubalgia<\/strong>.<\/p>  <p>The defender was injured in the warm-up prior to Bar\u00e7a-Sevilla on October 20 (that day he would start) and, although he was expected to be available for the duels against Real Madrid and Espanyol,<strong> he finally ended up missing six consecutive games due to some discomfort that They worsened after the Cl\u00e1sico <\/strong>at the Santiago Bernab\u00e9u.<\/p>  <p>However, the 23-year-old should be ready to return to a Bar\u00e7a call-up at Bala\u00eddos, <strong>although it will all depend on the pace at which he can train during the week<\/strong>. Hansi Flick will recover the Barcelona internationals between Wednesday and Thursday, with Raphinha, once again, being the last to return due to his long trip from South American soil.<\/p>  <blockquote class=\"twitter-tweet\"> <p dir=\"ltr\" lang=\"es\">\ud83d\udd25 Toiling to go back! \ud83d\udd25 <a href=\"https:\/\/t.co\/en\/iUhTafZh7C\">pic.twitter.com\/iuhtafzh7c<\/a><\/p> \u2014 FC Barcelona (@FCBarcelona_is) <a href=\"https:\/\/twitter.com\/en\/FCBarcelona_es\/status\/1857740646305435982?ref_src=twsrc%5Etfw\">November 16, 2024<\/a> <\/blockquote> <h3>Eric Garc\u00eda hopes to add minutes again in the center of the defense<\/h3>  <p>So far this season, <strong>Eric Garc\u00eda has added 448 minutes of action spread over 9 appearances<\/strong> (8 in the League, 1 in the Champions League, with 1 assist in the League), of which he has started 5 times. Flick has counted on the defender as a defensive pivot, but everything indicates that, after his return, he will return to lend a hand in the center of the defense.<\/p>  <p>And, after the returns of Frenkie de Jong, Ferm\u00edn L\u00f3pez and Gavi, <strong>the Bar\u00e7a technical staff has enough alternatives for the midfield<\/strong>. The Pedri-Casad\u00f3 duo remains untouchable in the midfield, so Garc\u00eda will have more options to add minutes in his natural position than in the center of the field.<\/p>  <p>However, the imminent return of Ronald Ara\u00fajo will also be a problem for the &#8217;24&#8217; in his fight for a place. <strong>The &#8216;Charr\u00faa&#8217; is also in the final stretch of his recovery and hopes to be available against Celta<\/strong> or, failing that, for the Champions League match at home against Brest. This scenario puts Eric on the starting ramp in January, although the club and the player will wait for the opening of the winter market to make a decision about his future.<\/p> ","protected":false},"excerpt":{"rendered":"<p>FC Barcelona hopes to recover Eric Garc\u00eda before the duel against Celta next Saturday. The defender is working hard in the gym to receive a medical discharge Eric Garc\u00eda is working hard in the gym to receive his medical discharge this week with FC Barcelona. The club shared a video on its networks where Martorell [&hellip;]<\/p>\n","protected":false},"author":347,"featured_media":14894,"comment_status":"closed","ping_status":"open","sticky":false,"template":"","format":"standard","meta":{"_acf_changed":false,"inline_featured_image":false,"_nextfly_llmd_date_locked":false,"footnotes":""},"categories":[448,114],"tags":[71,136,172],"class_list":["post-52578","post","type-post","status-publish","format-standard","has-post-thumbnail","hentry","category-laliga-2","category-laliga","tag-celtic-of-vigo","tag-injured","tag-videos"],"acf":[],"yoast_head":"<!-- This site is optimized with the Yoast SEO plugin v27.3 - https:\/\/yoast.com\/product\/yoast-seo-wordpress\/ -->\n<title>Eric Garc\u00eda speeds up his recovery to be in Celta-Bar\u00e7a<\/title>\n<meta name=\"description\" content=\"FC Barcelona hopes to recover Eric Garc\u00eda before the duel against Celta next Saturday. The defender is working hard in the gym to receive a medical discharge\" \/>\n<meta name=\"robots\" content=\"index, follow, max-snippet:-1, max-image-preview:large, max-video-preview:-1\" \/>\n<link rel=\"canonical\" href=\"https:\/\/www.fcbarcelonanoticias.com\/en\/laliga\/eric-garcia-hurry-recovery-being-celta-barcelona_308655_102.html\" \/>\n<meta property=\"og:locale\" content=\"en_US\" \/>\n<meta property=\"og:type\" content=\"article\" \/>\n<meta property=\"og:title\" content=\"Eric Garc\u00eda speeds up his recovery to be in Celta-Bar\u00e7a\" \/>\n<meta property=\"og:description\" content=\"FC Barcelona hopes to recover Eric Garc\u00eda before the duel against Celta next Saturday. The defender is working hard in the gym to receive a medical discharge\" \/>\n<meta property=\"og:url\" content=\"https:\/\/www.fcbarcelonanoticias.com\/en\/laliga\/eric-garcia-hurry-recovery-being-celta-barcelona_308655_102.html\" \/>\n<meta property=\"og:site_name\" content=\"EN - FC Barcelona Noticias\" \/>\n<meta property=\"article:published_time\" content=\"2024-11-16T15:33:00+00:00\" \/>\n<meta property=\"article:modified_time\" content=\"2024-11-18T05:11:00+00:00\" \/>\n<meta property=\"og:image\" content=\"https:\/\/www.fcbarcelonanoticias.com\/en\/wp-content\/uploads\/sites\/2\/2024\/10\/eric-garcia-fc-barcelona.jpeg\" \/>\n\t<meta property=\"og:image:width\" content=\"1250\" \/>\n\t<meta property=\"og:image:height\" content=\"730\" \/>\n\t<meta property=\"og:image:type\" content=\"image\/jpeg\" \/>\n<meta name=\"author\" content=\"Andr\u00e9s Quiroz\" \/>\n<meta name=\"twitter:card\" content=\"summary_large_image\" \/>\n<meta name=\"twitter:label1\" content=\"Written by\" \/>\n\t<meta name=\"twitter:data1\" content=\"Andr\u00e9s Quiroz\" \/>\n\t<meta name=\"twitter:label2\" content=\"Est. reading time\" \/>\n\t<meta name=\"twitter:data2\" content=\"2 minutes\" \/>\n<script type=\"application\/ld+json\" class=\"yoast-schema-graph\">{\"@context\":\"https:\\\/\\\/schema.org\",\"@graph\":[{\"@type\":\"Article\",\"@id\":\"https:\\\/\\\/www.fcbarcelonanoticias.com\\\/en\\\/laliga\\\/eric-garcia-hurry-recovery-being-celta-barcelona_308655_102.html#article\",\"isPartOf\":{\"@id\":\"https:\\\/\\\/www.fcbarcelonanoticias.com\\\/en\\\/laliga\\\/eric-garcia-hurry-recovery-being-celta-barcelona_308655_102.html\"},\"author\":{\"name\":\"Andr\u00e9s Quiroz\",\"@id\":\"https:\\\/\\\/www.fcbarcelonanoticias.com\\\/en\\\/#\\\/schema\\\/person\\\/c2cd9f6fa1af5c0d0eccd0fefa575c88\"},\"headline\":\"Eric Garc\u00eda speeds up his recovery to be in Celta-Bar\u00e7a\",\"datePublished\":\"2024-11-16T15:33:00+00:00\",\"dateModified\":\"2024-11-18T05:11:00+00:00\",\"mainEntityOfPage\":{\"@id\":\"https:\\\/\\\/www.fcbarcelonanoticias.com\\\/en\\\/laliga\\\/eric-garcia-hurry-recovery-being-celta-barcelona_308655_102.html\"},\"wordCount\":457,\"image\":{\"@id\":\"https:\\\/\\\/www.fcbarcelonanoticias.com\\\/en\\\/laliga\\\/eric-garcia-hurry-recovery-being-celta-barcelona_308655_102.html#primaryimage\"},\"thumbnailUrl\":\"https:\\\/\\\/www.fcbarcelonanoticias.com\\\/en\\\/wp-content\\\/uploads\\\/sites\\\/2\\\/2024\\\/10\\\/eric-garcia-fc-barcelona.jpeg\",\"keywords\":[\"Celtic of Vigo\",\"injured\",\"Videos\"],\"articleSection\":[\"LaLiga\",\"LaLiga\"],\"inLanguage\":\"en-US\"},{\"@type\":\"WebPage\",\"@id\":\"https:\\\/\\\/www.fcbarcelonanoticias.com\\\/en\\\/laliga\\\/eric-garcia-hurry-recovery-being-celta-barcelona_308655_102.html\",\"url\":\"https:\\\/\\\/www.fcbarcelonanoticias.com\\\/en\\\/laliga\\\/eric-garcia-hurry-recovery-being-celta-barcelona_308655_102.html\",\"name\":\"Eric Garc\u00eda speeds up his recovery to be in Celta-Bar\u00e7a\",\"isPartOf\":{\"@id\":\"https:\\\/\\\/www.fcbarcelonanoticias.com\\\/en\\\/#website\"},\"primaryImageOfPage\":{\"@id\":\"https:\\\/\\\/www.fcbarcelonanoticias.com\\\/en\\\/laliga\\\/eric-garcia-hurry-recovery-being-celta-barcelona_308655_102.html#primaryimage\"},\"image\":{\"@id\":\"https:\\\/\\\/www.fcbarcelonanoticias.com\\\/en\\\/laliga\\\/eric-garcia-hurry-recovery-being-celta-barcelona_308655_102.html#primaryimage\"},\"thumbnailUrl\":\"https:\\\/\\\/www.fcbarcelonanoticias.com\\\/en\\\/wp-content\\\/uploads\\\/sites\\\/2\\\/2024\\\/10\\\/eric-garcia-fc-barcelona.jpeg\",\"datePublished\":\"2024-11-16T15:33:00+00:00\",\"dateModified\":\"2024-11-18T05:11:00+00:00\",\"author\":{\"@id\":\"https:\\\/\\\/www.fcbarcelonanoticias.com\\\/en\\\/#\\\/schema\\\/person\\\/c2cd9f6fa1af5c0d0eccd0fefa575c88\"},\"description\":\"FC Barcelona hopes to recover Eric Garc\u00eda before the duel against Celta next Saturday. The defender is working hard in the gym to receive a medical discharge\",\"breadcrumb\":{\"@id\":\"https:\\\/\\\/www.fcbarcelonanoticias.com\\\/en\\\/laliga\\\/eric-garcia-hurry-recovery-being-celta-barcelona_308655_102.html#breadcrumb\"},\"inLanguage\":\"en-US\",\"potentialAction\":[{\"@type\":\"ReadAction\",\"target\":[\"https:\\\/\\\/www.fcbarcelonanoticias.com\\\/en\\\/laliga\\\/eric-garcia-hurry-recovery-being-celta-barcelona_308655_102.html\"]}]},{\"@type\":\"ImageObject\",\"inLanguage\":\"en-US\",\"@id\":\"https:\\\/\\\/www.fcbarcelonanoticias.com\\\/en\\\/laliga\\\/eric-garcia-hurry-recovery-being-celta-barcelona_308655_102.html#primaryimage\",\"url\":\"https:\\\/\\\/www.fcbarcelonanoticias.com\\\/en\\\/wp-content\\\/uploads\\\/sites\\\/2\\\/2024\\\/10\\\/eric-garcia-fc-barcelona.jpeg\",\"contentUrl\":\"https:\\\/\\\/www.fcbarcelonanoticias.com\\\/en\\\/wp-content\\\/uploads\\\/sites\\\/2\\\/2024\\\/10\\\/eric-garcia-fc-barcelona.jpeg\",\"width\":1250,\"height\":730},{\"@type\":\"BreadcrumbList\",\"@id\":\"https:\\\/\\\/www.fcbarcelonanoticias.com\\\/en\\\/laliga\\\/eric-garcia-hurry-recovery-being-celta-barcelona_308655_102.html#breadcrumb\",\"itemListElement\":[{\"@type\":\"ListItem\",\"position\":1,\"name\":\"Portada\",\"item\":\"https:\\\/\\\/www.fcbarcelonanoticias.com\\\/en\\\/\"},{\"@type\":\"ListItem\",\"position\":2,\"name\":\"Eric Garc\u00eda speeds up his recovery to be in Celta-Bar\u00e7a\"}]},{\"@type\":\"WebSite\",\"@id\":\"https:\\\/\\\/www.fcbarcelonanoticias.com\\\/en\\\/#website\",\"url\":\"https:\\\/\\\/www.fcbarcelonanoticias.com\\\/en\\\/\",\"name\":\"EN - FC Barcelona Noticias\",\"description\":\"\",\"potentialAction\":[{\"@type\":\"SearchAction\",\"target\":{\"@type\":\"EntryPoint\",\"urlTemplate\":\"https:\\\/\\\/www.fcbarcelonanoticias.com\\\/en\\\/?s={search_term_string}\"},\"query-input\":{\"@type\":\"PropertyValueSpecification\",\"valueRequired\":true,\"valueName\":\"search_term_string\"}}],\"inLanguage\":\"en-US\"},{\"@type\":\"Person\",\"@id\":\"https:\\\/\\\/www.fcbarcelonanoticias.com\\\/en\\\/#\\\/schema\\\/person\\\/c2cd9f6fa1af5c0d0eccd0fefa575c88\",\"name\":\"Andr\u00e9s Quiroz\",\"image\":{\"@type\":\"ImageObject\",\"inLanguage\":\"en-US\",\"@id\":\"https:\\\/\\\/secure.gravatar.com\\\/avatar\\\/?s=96&d=mm&r=g\",\"url\":\"https:\\\/\\\/secure.gravatar.com\\\/avatar\\\/?s=96&d=mm&r=g\",\"contentUrl\":\"https:\\\/\\\/secure.gravatar.com\\\/avatar\\\/?s=96&d=mm&r=g\",\"caption\":\"Andr\u00e9s Quiroz\"},\"description\":\"Licenciado en Periodismo por la Universidad de los Andes. Me encargo de analizar y compartir los contenidos m\u00e1s destacados de la\u00a0actualidad del F\u00fatbol Club Barcelona, Mercado de Fichajes y F\u00fatbol Internacional en FCBN. La informaci\u00f3n es poder, pero tambi\u00e9n conocimiento.\",\"url\":\"https:\\\/\\\/www.fcbarcelonanoticias.com\\\/en\\\/fc-barcelona\\\/andres-quiroz_17_115.html\"}]}<\/script>\n<!-- \/ Yoast SEO plugin. -->","yoast_head_json":{"title":"Eric Garc\u00eda speeds up his recovery to be in Celta-Bar\u00e7a","description":"FC Barcelona hopes to recover Eric Garc\u00eda before the duel against Celta next Saturday. The defender is working hard in the gym to receive a medical discharge","robots":{"index":"index","follow":"follow","max-snippet":"max-snippet:-1","max-image-preview":"max-image-preview:large","max-video-preview":"max-video-preview:-1"},"canonical":"https:\/\/www.fcbarcelonanoticias.com\/en\/laliga\/eric-garcia-hurry-recovery-being-celta-barcelona_308655_102.html","og_locale":"en_US","og_type":"article","og_title":"Eric Garc\u00eda speeds up his recovery to be in Celta-Bar\u00e7a","og_description":"FC Barcelona hopes to recover Eric Garc\u00eda before the duel against Celta next Saturday. The defender is working hard in the gym to receive a medical discharge","og_url":"https:\/\/www.fcbarcelonanoticias.com\/en\/laliga\/eric-garcia-hurry-recovery-being-celta-barcelona_308655_102.html","og_site_name":"EN - FC Barcelona Noticias","article_published_time":"2024-11-16T15:33:00+00:00","article_modified_time":"2024-11-18T05:11:00+00:00","og_image":[{"width":1250,"height":730,"url":"https:\/\/www.fcbarcelonanoticias.com\/en\/wp-content\/uploads\/sites\/2\/2024\/10\/eric-garcia-fc-barcelona.jpeg","type":"image\/jpeg"}],"author":"Andr\u00e9s Quiroz","twitter_card":"summary_large_image","twitter_misc":{"Written by":"Andr\u00e9s Quiroz","Est. reading time":"2 minutes"},"schema":{"@context":"https:\/\/schema.org","@graph":[{"@type":"Article","@id":"https:\/\/www.fcbarcelonanoticias.com\/en\/laliga\/eric-garcia-hurry-recovery-being-celta-barcelona_308655_102.html#article","isPartOf":{"@id":"https:\/\/www.fcbarcelonanoticias.com\/en\/laliga\/eric-garcia-hurry-recovery-being-celta-barcelona_308655_102.html"},"author":{"name":"Andr\u00e9s Quiroz","@id":"https:\/\/www.fcbarcelonanoticias.com\/en\/#\/schema\/person\/c2cd9f6fa1af5c0d0eccd0fefa575c88"},"headline":"Eric Garc\u00eda speeds up his recovery to be in Celta-Bar\u00e7a","datePublished":"2024-11-16T15:33:00+00:00","dateModified":"2024-11-18T05:11:00+00:00","mainEntityOfPage":{"@id":"https:\/\/www.fcbarcelonanoticias.com\/en\/laliga\/eric-garcia-hurry-recovery-being-celta-barcelona_308655_102.html"},"wordCount":457,"image":{"@id":"https:\/\/www.fcbarcelonanoticias.com\/en\/laliga\/eric-garcia-hurry-recovery-being-celta-barcelona_308655_102.html#primaryimage"},"thumbnailUrl":"https:\/\/www.fcbarcelonanoticias.com\/en\/wp-content\/uploads\/sites\/2\/2024\/10\/eric-garcia-fc-barcelona.jpeg","keywords":["Celtic of Vigo","injured","Videos"],"articleSection":["LaLiga","LaLiga"],"inLanguage":"en-US"},{"@type":"WebPage","@id":"https:\/\/www.fcbarcelonanoticias.com\/en\/laliga\/eric-garcia-hurry-recovery-being-celta-barcelona_308655_102.html","url":"https:\/\/www.fcbarcelonanoticias.com\/en\/laliga\/eric-garcia-hurry-recovery-being-celta-barcelona_308655_102.html","name":"Eric Garc\u00eda speeds up his recovery to be in Celta-Bar\u00e7a","isPartOf":{"@id":"https:\/\/www.fcbarcelonanoticias.com\/en\/#website"},"primaryImageOfPage":{"@id":"https:\/\/www.fcbarcelonanoticias.com\/en\/laliga\/eric-garcia-hurry-recovery-being-celta-barcelona_308655_102.html#primaryimage"},"image":{"@id":"https:\/\/www.fcbarcelonanoticias.com\/en\/laliga\/eric-garcia-hurry-recovery-being-celta-barcelona_308655_102.html#primaryimage"},"thumbnailUrl":"https:\/\/www.fcbarcelonanoticias.com\/en\/wp-content\/uploads\/sites\/2\/2024\/10\/eric-garcia-fc-barcelona.jpeg","datePublished":"2024-11-16T15:33:00+00:00","dateModified":"2024-11-18T05:11:00+00:00","author":{"@id":"https:\/\/www.fcbarcelonanoticias.com\/en\/#\/schema\/person\/c2cd9f6fa1af5c0d0eccd0fefa575c88"},"description":"FC Barcelona hopes to recover Eric Garc\u00eda before the duel against Celta next Saturday. The defender is working hard in the gym to receive a medical discharge","breadcrumb":{"@id":"https:\/\/www.fcbarcelonanoticias.com\/en\/laliga\/eric-garcia-hurry-recovery-being-celta-barcelona_308655_102.html#breadcrumb"},"inLanguage":"en-US","potentialAction":[{"@type":"ReadAction","target":["https:\/\/www.fcbarcelonanoticias.com\/en\/laliga\/eric-garcia-hurry-recovery-being-celta-barcelona_308655_102.html"]}]},{"@type":"ImageObject","inLanguage":"en-US","@id":"https:\/\/www.fcbarcelonanoticias.com\/en\/laliga\/eric-garcia-hurry-recovery-being-celta-barcelona_308655_102.html#primaryimage","url":"https:\/\/www.fcbarcelonanoticias.com\/en\/wp-content\/uploads\/sites\/2\/2024\/10\/eric-garcia-fc-barcelona.jpeg","contentUrl":"https:\/\/www.fcbarcelonanoticias.com\/en\/wp-content\/uploads\/sites\/2\/2024\/10\/eric-garcia-fc-barcelona.jpeg","width":1250,"height":730},{"@type":"BreadcrumbList","@id":"https:\/\/www.fcbarcelonanoticias.com\/en\/laliga\/eric-garcia-hurry-recovery-being-celta-barcelona_308655_102.html#breadcrumb","itemListElement":[{"@type":"ListItem","position":1,"name":"Portada","item":"https:\/\/www.fcbarcelonanoticias.com\/en\/"},{"@type":"ListItem","position":2,"name":"Eric Garc\u00eda speeds up his recovery to be in Celta-Bar\u00e7a"}]},{"@type":"WebSite","@id":"https:\/\/www.fcbarcelonanoticias.com\/en\/#website","url":"https:\/\/www.fcbarcelonanoticias.com\/en\/","name":"EN - FC Barcelona Noticias","description":"","potentialAction":[{"@type":"SearchAction","target":{"@type":"EntryPoint","urlTemplate":"https:\/\/www.fcbarcelonanoticias.com\/en\/?s={search_term_string}"},"query-input":{"@type":"PropertyValueSpecification","valueRequired":true,"valueName":"search_term_string"}}],"inLanguage":"en-US"},{"@type":"Person","@id":"https:\/\/www.fcbarcelonanoticias.com\/en\/#\/schema\/person\/c2cd9f6fa1af5c0d0eccd0fefa575c88","name":"Andr\u00e9s Quiroz","image":{"@type":"ImageObject","inLanguage":"en-US","@id":"https:\/\/secure.gravatar.com\/avatar\/?s=96&d=mm&r=g","url":"https:\/\/secure.gravatar.com\/avatar\/?s=96&d=mm&r=g","contentUrl":"https:\/\/secure.gravatar.com\/avatar\/?s=96&d=mm&r=g","caption":"Andr\u00e9s Quiroz"},"description":"Licenciado en Periodismo por la Universidad de los Andes. Me encargo de analizar y compartir los contenidos m\u00e1s destacados de la\u00a0actualidad del F\u00fatbol Club Barcelona, Mercado de Fichajes y F\u00fatbol Internacional en FCBN. La informaci\u00f3n es poder, pero tambi\u00e9n conocimiento.","url":"https:\/\/www.fcbarcelonanoticias.com\/en\/fc-barcelona\/andres-quiroz_17_115.html"}]}},"_links":{"self":[{"href":"https:\/\/www.fcbarcelonanoticias.com\/en\/wp-json\/wp\/v2\/posts\/52578","targetHints":{"allow":["GET"]}}],"collection":[{"href":"https:\/\/www.fcbarcelonanoticias.com\/en\/wp-json\/wp\/v2\/posts"}],"about":[{"href":"https:\/\/www.fcbarcelonanoticias.com\/en\/wp-json\/wp\/v2\/types\/post"}],"author":[{"embeddable":true,"href":"https:\/\/www.fcbarcelonanoticias.com\/en\/wp-json\/wp\/v2\/users\/347"}],"replies":[{"embeddable":true,"href":"https:\/\/www.fcbarcelonanoticias.com\/en\/wp-json\/wp\/v2\/comments?post=52578"}],"version-history":[{"count":1,"href":"https:\/\/www.fcbarcelonanoticias.com\/en\/wp-json\/wp\/v2\/posts\/52578\/revisions"}],"predecessor-version":[{"id":113667,"href":"https:\/\/www.fcbarcelonanoticias.com\/en\/wp-json\/wp\/v2\/posts\/52578\/revisions\/113667"}],"wp:featuredmedia":[{"embeddable":true,"href":"https:\/\/www.fcbarcelonanoticias.com\/en\/wp-json\/wp\/v2\/media\/14894"}],"wp:attachment":[{"href":"https:\/\/www.fcbarcelonanoticias.com\/en\/wp-json\/wp\/v2\/media?parent=52578"}],"wp:term":[{"taxonomy":"category","embeddable":true,"href":"https:\/\/www.fcbarcelonanoticias.com\/en\/wp-json\/wp\/v2\/categories?post=52578"},{"taxonomy":"post_tag","embeddable":true,"href":"https:\/\/www.fcbarcelonanoticias.com\/en\/wp-json\/wp\/v2\/tags?post=52578"}],"curies":[{"name":"wp","href":"https:\/\/api.w.org\/{rel}","templated":true}]}}