{"id":52770,"date":"2025-10-18T15:22:00","date_gmt":"2025-10-18T13:22:00","guid":{"rendered":"https:\/\/weisetech.dev\/fc-barcelona-noticias\/en\/f-barcelona-vs-girona-confirmed-lineups-laliga-25-26_315048_102\/"},"modified":"2025-10-18T15:26:00","modified_gmt":"2025-10-18T13:26:00","slug":"f-barcelona-vs-girona-confirmed-lineups-laliga-25-26_315048_102","status":"publish","type":"post","link":"https:\/\/www.fcbarcelonanoticias.com\/en\/laliga\/f-barcelona-vs-girona-confirmed-lineups-laliga-25-26_315048_102.html","title":{"rendered":"FC Barcelona vs Girona: Confirmed Lineups &#8211; LaLiga 25\/26"},"content":{"rendered":"<h2 class=\"wp-block-heading\">CONFIRMED LINEUPS! These are the starting XIs for FC Barcelona and Girona for matchday 9 of LaLiga 2025\/26<\/h2>  \r\n<div class=\"article-addons\">\r\n    <a href=\"https:\/\/www.fcbarcelonanoticias.com\/en\/calendar-fc-barcelona.html\"\r\n       target=\"_self\"\r\n       title=\"Calendar of FC Barcelona\"\r\n       class=\"blue-gredient-btn\">\r\n       \r\n        Calendar of FC Barcelona    <\/a>\r\n<\/div>   <p><strong>OFFICIAL<\/strong>: The starting lineups for Hansi Flick&#8217;s <strong>Barcelona<\/strong> and M\u00edchel&#8217;s <b>Girona<\/b> have now been confirmed for today&#8217;s match, <strong><a data-external=\"0\" data-intl-links-en=\"https:\/\/www.fcbarcelonanoticias.com\/en\/laliga\/barcelona-vs-girona-schedule-and-tv-info-for-laliga-match_315041_102.html\" data-intl-links-es=\"https:\/\/www.fcbarcelonanoticias.com\/laliga\/barcelona-vs-girona-directo-online-cuando-donde-ver-partido-tv_315041_102.html\" href=\"https:\/\/www.fcbarcelonanoticias.com\/en\/laliga\/barcelona-vs-girona-schedule-and-tv-info-for-laliga-match_315041_102.html\" rel=\"follow\" target=\"_self\" title=\"Barcelona vs Girona en directo y online: cu\u00e1ndo y d\u00f3nde ver el partido en TV\">Saturday, October 18, 2025 at 16:15 hours<\/a><\/strong>.<\/p>  <p>Hansi Flick is going with five changes compared to the last La Liga starting XI. <strong>Eric Garc\u00eda<\/strong> returns to the center of defense alongside Pau Cubars\u00ed, while <strong>Alejandro Balde<\/strong> replaces Gerard Mart\u00edn as left back. <strong>Marc Casad\u00f3<\/strong> also returns as a pivot, while Pedri Gonz\u00e1lez occupies the attacking midfielder role in place of the injured Dani Olmo.<\/p>  <p>In attack, there are also important developments. <a data-external=\"0\" data-intl-links-en=\"https:\/\/www.fcbarcelonanoticias.com\/en\/lamine-yamal-fc-barcelona-player.html\" data-intl-links-es=\"https:\/\/www.fcbarcelonanoticias.com\/lamine-yamal.html\" href=\"https:\/\/www.fcbarcelonanoticias.com\/en\/lamine-yamal-fc-barcelona-player.html\" rel=\"follow\" target=\"_self\" title=\"Lamine Yamal\">Lamine Yamal<\/a> returns to the right side, while Marcus Rashford will be the team&#8217;s &#8216;9&#8217; given the absences, due to injury, of Robert Lewandowski and Ferran Torres. Raphinha is also unavailable, and <strong>Toni Fern\u00e1ndez<\/strong> receives his first big opportunity at Bar\u00e7a.<\/p>  <p>Below, we review the <strong>starting elevens<\/strong>, the <strong>benches<\/strong> with the substitutes, and the <strong>injured and suspended players<\/strong> of <strong>FC Barcelona and Sevilla FC<\/strong> for the match of the eighth round of LaLiga EA Sports 2025-2026.<\/p>  <h2>Starting Lineup for FC Barcelona vs. Girona<\/h2>  <p><strong>Hansi Flick introduces up to 5 changes compared to the XI that faced Sevilla.<\/strong><\/p>  <p><u><strong>Bar\u00e7a&#8217;s STARTING XI (OFFICIAL):<\/strong><\/u><\/p>  <ol> <li>(#25, P) Szczesny<\/li> \t<li>(#23) Jules Kound\u00e9<\/li> \t<li>(#24) Eric Garc\u00eda<\/li> \t<li>(#05) Pau Cubars\u00ed<\/li> \t<li>(#03)&nbsp;Alejandro Balde<\/li> \t<li>(#17) Marc Casad\u00f3<\/li> \t<li>(#21) Frenkie de Jong<\/li> \t<li>(#08) Pedri<\/li> \t<li>(#10). Lamine Yamal<\/li> \t<li>(#29) Toni Fern\u00e1ndez<\/li> \t<li>(#14) Marcus Rashford<\/li> <\/ol> <p><u><strong>Bench (substitute players):<\/strong><\/u><\/p>  <ol> <li>(#31, GK) Diego Kochen<\/li> \t<li>(#33, GK) Eder Aller<\/li> \t<li>(#04) Ronald Araujo<\/li> \t<li>(#15) Christensen<\/li> \t<li>(#16). Ferm\u00edn L\u00f3pez<\/li> \t<li>(#18) Gerard Mart\u00edn<\/li> \t<li>(#22) Marc Bernal<\/li> \t<li>(#26) Jofre Torrents<\/li> \t<li>(#27) Dro<\/li> \t<li>(#28) Roony<\/li> \t<li>(#42) Xavi Espart<\/li> \t<li>(#41) Juan Hern\u00e1ndez<\/li> <\/ol> <p><u><strong>Out (injured players):<\/strong><\/u><\/p>  <ol> <li>(#01). Marc Andr\u00e9 ter Stegen<\/li> \t<li>(#06). Pablo Gavi<\/li> \t<li>(#07) Ferran Torres<\/li> \t<li>(#09) Robert Lewandowski<\/li> \t<li>(#11). Raphinha<\/li> \t<li>(#13). Joan Garc\u00eda<\/li> \t<li>(#20) Dani Olmo<\/li> <\/ol> <p><u><strong>Sanctioned Players:<\/strong><\/u><\/p>  <ol> <li>None (there are no Bar\u00e7a players sanctioned for this match)<\/li> <\/ol> <h2>Starting Lineup for Girona vs. FC Barcelona<\/h2>  <ul> <li> <strong>Girona&#8217;s starting XI<\/strong>: Gazzaniga; Mart\u00ednez, Rinc\u00f3n, Reis, Blind, Moreno; Witsel, Roca; Portu, Gil and Vanat.<\/li> \t<li> <strong>Girona&#8217;s bench<\/strong>: Livakovic (GK), Andreev (GK), L\u00f3pez, Mart\u00edn, Kouroma, Ruiz, Tsygankov, Asprilla, Jordana, Stuani, Sol\u00eds, Sarasa, Ba.<\/li> <\/ul> <p>M\u00edchel&#8217;s side, meanwhile, will take to Montju\u00efc with Gazzaniga in goal, while <strong>Arnau Mart\u00ednez and \u00c1lex Moreno<\/strong> will be their full-backs. In the center of defense would be Rinc\u00f3n, Vitor Reis, and Blind, while the Witsel-Roca duo remains in midfield. Portu and Bryan Gil would be the wingers, with Vladyslav Vanat up front.<\/p>  <ul> <li>\ud83d\udccc Follow <strong><a data-external=\"0\" data-intl-links-en=\"https:\/\/www.fcbarcelonanoticias.com\/en\/tags\/barcelona-vs-girona\" data-intl-links-es=\"https:\/\/www.fcbarcelonanoticias.com\/tags\/fc-barcelona-vs-girona\" href=\"https:\/\/www.fcbarcelonanoticias.com\/en\/tags\/barcelona-vs-girona.html\" rel=\"follow\" target=\"_self\" title=\"FC Barcelona vs Girona\">the Bar\u00e7a vs Girona match live<\/a><\/strong> on FC Barcelona Noticias and find out everything, don&#8217;t miss anything!<\/li> <\/ul> ","protected":false},"excerpt":{"rendered":"<p>CONFIRMED LINEUPS! These are the starting XIs for FC Barcelona and Girona for matchday 9 of LaLiga 2025\/26 OFFICIAL: The starting lineups for Hansi Flick&#8217;s Barcelona and M\u00edchel&#8217;s Girona have now been confirmed for today&#8217;s match, Saturday, October 18, 2025 at 16:15 hours. Hansi Flick is going with five changes compared to the last La [&hellip;]<\/p>\n","protected":false},"author":347,"featured_media":52774,"comment_status":"closed","ping_status":"open","sticky":false,"template":"","format":"standard","meta":{"_acf_changed":false,"inline_featured_image":false,"_nextfly_llmd_date_locked":false,"footnotes":""},"categories":[448,114],"tags":[201,57,87],"class_list":["post-52770","post","type-post","status-publish","format-standard","has-post-thumbnail","hentry","category-laliga-2","category-laliga","tag-lineups","tag-barcelona-vs-girona","tag-hansi-flick"],"acf":[],"yoast_head":"<!-- This site is optimized with the Yoast SEO plugin v27.3 - https:\/\/yoast.com\/product\/yoast-seo-wordpress\/ -->\n<title>FC Barcelona vs Girona: Confirmed Lineups - LaLiga 25\/26<\/title>\n<meta name=\"description\" content=\"CONFIRMED LINEUPS! These are the starting XIs for FC Barcelona and Girona for matchday 9 of LaLiga 2025\/26\" \/>\n<meta name=\"robots\" content=\"index, follow, max-snippet:-1, max-image-preview:large, max-video-preview:-1\" \/>\n<link rel=\"canonical\" href=\"https:\/\/www.fcbarcelonanoticias.com\/en\/laliga\/f-barcelona-vs-girona-confirmed-lineups-laliga-25-26_315048_102.html\" \/>\n<meta property=\"og:locale\" content=\"en_US\" \/>\n<meta property=\"og:type\" content=\"article\" \/>\n<meta property=\"og:title\" content=\"FC Barcelona vs Girona: Confirmed Lineups - LaLiga 25\/26\" \/>\n<meta property=\"og:description\" content=\"CONFIRMED LINEUPS! These are the starting XIs for FC Barcelona and Girona for matchday 9 of LaLiga 2025\/26\" \/>\n<meta property=\"og:url\" content=\"https:\/\/www.fcbarcelonanoticias.com\/en\/laliga\/f-barcelona-vs-girona-confirmed-lineups-laliga-25-26_315048_102.html\" \/>\n<meta property=\"og:site_name\" content=\"EN - FC Barcelona Noticias\" \/>\n<meta property=\"article:published_time\" content=\"2025-10-18T13:22:00+00:00\" \/>\n<meta property=\"article:modified_time\" content=\"2025-10-18T13:26:00+00:00\" \/>\n<meta property=\"og:image\" content=\"https:\/\/www.fcbarcelonanoticias.com\/en\/wp-content\/uploads\/sites\/2\/2025\/10\/alineacion-fc-barcelona-v-real-sociead-laliga-1.webp\" \/>\n\t<meta property=\"og:image:width\" content=\"1200\" \/>\n\t<meta property=\"og:image:height\" content=\"675\" \/>\n\t<meta property=\"og:image:type\" content=\"image\/webp\" \/>\n<meta name=\"author\" content=\"Andr\u00e9s Quiroz\" \/>\n<meta name=\"twitter:card\" content=\"summary_large_image\" \/>\n<meta name=\"twitter:label1\" content=\"Written by\" \/>\n\t<meta name=\"twitter:data1\" content=\"Andr\u00e9s Quiroz\" \/>\n\t<meta name=\"twitter:label2\" content=\"Est. reading time\" \/>\n\t<meta name=\"twitter:data2\" content=\"2 minutes\" \/>\n<script type=\"application\/ld+json\" class=\"yoast-schema-graph\">{\"@context\":\"https:\\\/\\\/schema.org\",\"@graph\":[{\"@type\":\"Article\",\"@id\":\"https:\\\/\\\/www.fcbarcelonanoticias.com\\\/en\\\/laliga\\\/f-barcelona-vs-girona-confirmed-lineups-laliga-25-26_315048_102.html#article\",\"isPartOf\":{\"@id\":\"https:\\\/\\\/www.fcbarcelonanoticias.com\\\/en\\\/laliga\\\/f-barcelona-vs-girona-confirmed-lineups-laliga-25-26_315048_102.html\"},\"author\":{\"name\":\"Andr\u00e9s Quiroz\",\"@id\":\"https:\\\/\\\/www.fcbarcelonanoticias.com\\\/en\\\/#\\\/schema\\\/person\\\/c2cd9f6fa1af5c0d0eccd0fefa575c88\"},\"headline\":\"FC Barcelona vs Girona: Confirmed Lineups &#8211; LaLiga 25\\\/26\",\"datePublished\":\"2025-10-18T13:22:00+00:00\",\"dateModified\":\"2025-10-18T13:26:00+00:00\",\"mainEntityOfPage\":{\"@id\":\"https:\\\/\\\/www.fcbarcelonanoticias.com\\\/en\\\/laliga\\\/f-barcelona-vs-girona-confirmed-lineups-laliga-25-26_315048_102.html\"},\"wordCount\":432,\"image\":{\"@id\":\"https:\\\/\\\/www.fcbarcelonanoticias.com\\\/en\\\/laliga\\\/f-barcelona-vs-girona-confirmed-lineups-laliga-25-26_315048_102.html#primaryimage\"},\"thumbnailUrl\":\"https:\\\/\\\/www.fcbarcelonanoticias.com\\\/en\\\/wp-content\\\/uploads\\\/sites\\\/2\\\/2025\\\/10\\\/alineacion-fc-barcelona-v-real-sociead-laliga-1.webp\",\"keywords\":[\"FC Barcelona Lineups\",\"FC Barcelona vs Girona\",\"Hansi Flick\"],\"articleSection\":[\"LaLiga\",\"LaLiga\"],\"inLanguage\":\"en-US\"},{\"@type\":\"WebPage\",\"@id\":\"https:\\\/\\\/www.fcbarcelonanoticias.com\\\/en\\\/laliga\\\/f-barcelona-vs-girona-confirmed-lineups-laliga-25-26_315048_102.html\",\"url\":\"https:\\\/\\\/www.fcbarcelonanoticias.com\\\/en\\\/laliga\\\/f-barcelona-vs-girona-confirmed-lineups-laliga-25-26_315048_102.html\",\"name\":\"FC Barcelona vs Girona: Confirmed Lineups - LaLiga 25\\\/26\",\"isPartOf\":{\"@id\":\"https:\\\/\\\/www.fcbarcelonanoticias.com\\\/en\\\/#website\"},\"primaryImageOfPage\":{\"@id\":\"https:\\\/\\\/www.fcbarcelonanoticias.com\\\/en\\\/laliga\\\/f-barcelona-vs-girona-confirmed-lineups-laliga-25-26_315048_102.html#primaryimage\"},\"image\":{\"@id\":\"https:\\\/\\\/www.fcbarcelonanoticias.com\\\/en\\\/laliga\\\/f-barcelona-vs-girona-confirmed-lineups-laliga-25-26_315048_102.html#primaryimage\"},\"thumbnailUrl\":\"https:\\\/\\\/www.fcbarcelonanoticias.com\\\/en\\\/wp-content\\\/uploads\\\/sites\\\/2\\\/2025\\\/10\\\/alineacion-fc-barcelona-v-real-sociead-laliga-1.webp\",\"datePublished\":\"2025-10-18T13:22:00+00:00\",\"dateModified\":\"2025-10-18T13:26:00+00:00\",\"author\":{\"@id\":\"https:\\\/\\\/www.fcbarcelonanoticias.com\\\/en\\\/#\\\/schema\\\/person\\\/c2cd9f6fa1af5c0d0eccd0fefa575c88\"},\"description\":\"CONFIRMED LINEUPS! These are the starting XIs for FC Barcelona and Girona for matchday 9 of LaLiga 2025\\\/26\",\"breadcrumb\":{\"@id\":\"https:\\\/\\\/www.fcbarcelonanoticias.com\\\/en\\\/laliga\\\/f-barcelona-vs-girona-confirmed-lineups-laliga-25-26_315048_102.html#breadcrumb\"},\"inLanguage\":\"en-US\",\"potentialAction\":[{\"@type\":\"ReadAction\",\"target\":[\"https:\\\/\\\/www.fcbarcelonanoticias.com\\\/en\\\/laliga\\\/f-barcelona-vs-girona-confirmed-lineups-laliga-25-26_315048_102.html\"]}]},{\"@type\":\"ImageObject\",\"inLanguage\":\"en-US\",\"@id\":\"https:\\\/\\\/www.fcbarcelonanoticias.com\\\/en\\\/laliga\\\/f-barcelona-vs-girona-confirmed-lineups-laliga-25-26_315048_102.html#primaryimage\",\"url\":\"https:\\\/\\\/www.fcbarcelonanoticias.com\\\/en\\\/wp-content\\\/uploads\\\/sites\\\/2\\\/2025\\\/10\\\/alineacion-fc-barcelona-v-real-sociead-laliga-1.webp\",\"contentUrl\":\"https:\\\/\\\/www.fcbarcelonanoticias.com\\\/en\\\/wp-content\\\/uploads\\\/sites\\\/2\\\/2025\\\/10\\\/alineacion-fc-barcelona-v-real-sociead-laliga-1.webp\",\"width\":1200,\"height\":675},{\"@type\":\"BreadcrumbList\",\"@id\":\"https:\\\/\\\/www.fcbarcelonanoticias.com\\\/en\\\/laliga\\\/f-barcelona-vs-girona-confirmed-lineups-laliga-25-26_315048_102.html#breadcrumb\",\"itemListElement\":[{\"@type\":\"ListItem\",\"position\":1,\"name\":\"Portada\",\"item\":\"https:\\\/\\\/www.fcbarcelonanoticias.com\\\/en\\\/\"},{\"@type\":\"ListItem\",\"position\":2,\"name\":\"FC Barcelona vs Girona: Confirmed Lineups &#8211; LaLiga 25\\\/26\"}]},{\"@type\":\"WebSite\",\"@id\":\"https:\\\/\\\/www.fcbarcelonanoticias.com\\\/en\\\/#website\",\"url\":\"https:\\\/\\\/www.fcbarcelonanoticias.com\\\/en\\\/\",\"name\":\"EN - FC Barcelona Noticias\",\"description\":\"\",\"potentialAction\":[{\"@type\":\"SearchAction\",\"target\":{\"@type\":\"EntryPoint\",\"urlTemplate\":\"https:\\\/\\\/www.fcbarcelonanoticias.com\\\/en\\\/?s={search_term_string}\"},\"query-input\":{\"@type\":\"PropertyValueSpecification\",\"valueRequired\":true,\"valueName\":\"search_term_string\"}}],\"inLanguage\":\"en-US\"},{\"@type\":\"Person\",\"@id\":\"https:\\\/\\\/www.fcbarcelonanoticias.com\\\/en\\\/#\\\/schema\\\/person\\\/c2cd9f6fa1af5c0d0eccd0fefa575c88\",\"name\":\"Andr\u00e9s Quiroz\",\"image\":{\"@type\":\"ImageObject\",\"inLanguage\":\"en-US\",\"@id\":\"https:\\\/\\\/secure.gravatar.com\\\/avatar\\\/?s=96&d=mm&r=g\",\"url\":\"https:\\\/\\\/secure.gravatar.com\\\/avatar\\\/?s=96&d=mm&r=g\",\"contentUrl\":\"https:\\\/\\\/secure.gravatar.com\\\/avatar\\\/?s=96&d=mm&r=g\",\"caption\":\"Andr\u00e9s Quiroz\"},\"description\":\"Licenciado en Periodismo por la Universidad de los Andes. Me encargo de analizar y compartir los contenidos m\u00e1s destacados de la\u00a0actualidad del F\u00fatbol Club Barcelona, Mercado de Fichajes y F\u00fatbol Internacional en FCBN. La informaci\u00f3n es poder, pero tambi\u00e9n conocimiento.\",\"url\":\"https:\\\/\\\/www.fcbarcelonanoticias.com\\\/en\\\/fc-barcelona\\\/andres-quiroz_17_115.html\"}]}<\/script>\n<!-- \/ Yoast SEO plugin. -->","yoast_head_json":{"title":"FC Barcelona vs Girona: Confirmed Lineups - LaLiga 25\/26","description":"CONFIRMED LINEUPS! These are the starting XIs for FC Barcelona and Girona for matchday 9 of LaLiga 2025\/26","robots":{"index":"index","follow":"follow","max-snippet":"max-snippet:-1","max-image-preview":"max-image-preview:large","max-video-preview":"max-video-preview:-1"},"canonical":"https:\/\/www.fcbarcelonanoticias.com\/en\/laliga\/f-barcelona-vs-girona-confirmed-lineups-laliga-25-26_315048_102.html","og_locale":"en_US","og_type":"article","og_title":"FC Barcelona vs Girona: Confirmed Lineups - LaLiga 25\/26","og_description":"CONFIRMED LINEUPS! These are the starting XIs for FC Barcelona and Girona for matchday 9 of LaLiga 2025\/26","og_url":"https:\/\/www.fcbarcelonanoticias.com\/en\/laliga\/f-barcelona-vs-girona-confirmed-lineups-laliga-25-26_315048_102.html","og_site_name":"EN - FC Barcelona Noticias","article_published_time":"2025-10-18T13:22:00+00:00","article_modified_time":"2025-10-18T13:26:00+00:00","og_image":[{"width":1200,"height":675,"url":"https:\/\/www.fcbarcelonanoticias.com\/en\/wp-content\/uploads\/sites\/2\/2025\/10\/alineacion-fc-barcelona-v-real-sociead-laliga-1.webp","type":"image\/webp"}],"author":"Andr\u00e9s Quiroz","twitter_card":"summary_large_image","twitter_misc":{"Written by":"Andr\u00e9s Quiroz","Est. reading time":"2 minutes"},"schema":{"@context":"https:\/\/schema.org","@graph":[{"@type":"Article","@id":"https:\/\/www.fcbarcelonanoticias.com\/en\/laliga\/f-barcelona-vs-girona-confirmed-lineups-laliga-25-26_315048_102.html#article","isPartOf":{"@id":"https:\/\/www.fcbarcelonanoticias.com\/en\/laliga\/f-barcelona-vs-girona-confirmed-lineups-laliga-25-26_315048_102.html"},"author":{"name":"Andr\u00e9s Quiroz","@id":"https:\/\/www.fcbarcelonanoticias.com\/en\/#\/schema\/person\/c2cd9f6fa1af5c0d0eccd0fefa575c88"},"headline":"FC Barcelona vs Girona: Confirmed Lineups &#8211; LaLiga 25\/26","datePublished":"2025-10-18T13:22:00+00:00","dateModified":"2025-10-18T13:26:00+00:00","mainEntityOfPage":{"@id":"https:\/\/www.fcbarcelonanoticias.com\/en\/laliga\/f-barcelona-vs-girona-confirmed-lineups-laliga-25-26_315048_102.html"},"wordCount":432,"image":{"@id":"https:\/\/www.fcbarcelonanoticias.com\/en\/laliga\/f-barcelona-vs-girona-confirmed-lineups-laliga-25-26_315048_102.html#primaryimage"},"thumbnailUrl":"https:\/\/www.fcbarcelonanoticias.com\/en\/wp-content\/uploads\/sites\/2\/2025\/10\/alineacion-fc-barcelona-v-real-sociead-laliga-1.webp","keywords":["FC Barcelona Lineups","FC Barcelona vs Girona","Hansi Flick"],"articleSection":["LaLiga","LaLiga"],"inLanguage":"en-US"},{"@type":"WebPage","@id":"https:\/\/www.fcbarcelonanoticias.com\/en\/laliga\/f-barcelona-vs-girona-confirmed-lineups-laliga-25-26_315048_102.html","url":"https:\/\/www.fcbarcelonanoticias.com\/en\/laliga\/f-barcelona-vs-girona-confirmed-lineups-laliga-25-26_315048_102.html","name":"FC Barcelona vs Girona: Confirmed Lineups - LaLiga 25\/26","isPartOf":{"@id":"https:\/\/www.fcbarcelonanoticias.com\/en\/#website"},"primaryImageOfPage":{"@id":"https:\/\/www.fcbarcelonanoticias.com\/en\/laliga\/f-barcelona-vs-girona-confirmed-lineups-laliga-25-26_315048_102.html#primaryimage"},"image":{"@id":"https:\/\/www.fcbarcelonanoticias.com\/en\/laliga\/f-barcelona-vs-girona-confirmed-lineups-laliga-25-26_315048_102.html#primaryimage"},"thumbnailUrl":"https:\/\/www.fcbarcelonanoticias.com\/en\/wp-content\/uploads\/sites\/2\/2025\/10\/alineacion-fc-barcelona-v-real-sociead-laliga-1.webp","datePublished":"2025-10-18T13:22:00+00:00","dateModified":"2025-10-18T13:26:00+00:00","author":{"@id":"https:\/\/www.fcbarcelonanoticias.com\/en\/#\/schema\/person\/c2cd9f6fa1af5c0d0eccd0fefa575c88"},"description":"CONFIRMED LINEUPS! These are the starting XIs for FC Barcelona and Girona for matchday 9 of LaLiga 2025\/26","breadcrumb":{"@id":"https:\/\/www.fcbarcelonanoticias.com\/en\/laliga\/f-barcelona-vs-girona-confirmed-lineups-laliga-25-26_315048_102.html#breadcrumb"},"inLanguage":"en-US","potentialAction":[{"@type":"ReadAction","target":["https:\/\/www.fcbarcelonanoticias.com\/en\/laliga\/f-barcelona-vs-girona-confirmed-lineups-laliga-25-26_315048_102.html"]}]},{"@type":"ImageObject","inLanguage":"en-US","@id":"https:\/\/www.fcbarcelonanoticias.com\/en\/laliga\/f-barcelona-vs-girona-confirmed-lineups-laliga-25-26_315048_102.html#primaryimage","url":"https:\/\/www.fcbarcelonanoticias.com\/en\/wp-content\/uploads\/sites\/2\/2025\/10\/alineacion-fc-barcelona-v-real-sociead-laliga-1.webp","contentUrl":"https:\/\/www.fcbarcelonanoticias.com\/en\/wp-content\/uploads\/sites\/2\/2025\/10\/alineacion-fc-barcelona-v-real-sociead-laliga-1.webp","width":1200,"height":675},{"@type":"BreadcrumbList","@id":"https:\/\/www.fcbarcelonanoticias.com\/en\/laliga\/f-barcelona-vs-girona-confirmed-lineups-laliga-25-26_315048_102.html#breadcrumb","itemListElement":[{"@type":"ListItem","position":1,"name":"Portada","item":"https:\/\/www.fcbarcelonanoticias.com\/en\/"},{"@type":"ListItem","position":2,"name":"FC Barcelona vs Girona: Confirmed Lineups &#8211; LaLiga 25\/26"}]},{"@type":"WebSite","@id":"https:\/\/www.fcbarcelonanoticias.com\/en\/#website","url":"https:\/\/www.fcbarcelonanoticias.com\/en\/","name":"EN - FC Barcelona Noticias","description":"","potentialAction":[{"@type":"SearchAction","target":{"@type":"EntryPoint","urlTemplate":"https:\/\/www.fcbarcelonanoticias.com\/en\/?s={search_term_string}"},"query-input":{"@type":"PropertyValueSpecification","valueRequired":true,"valueName":"search_term_string"}}],"inLanguage":"en-US"},{"@type":"Person","@id":"https:\/\/www.fcbarcelonanoticias.com\/en\/#\/schema\/person\/c2cd9f6fa1af5c0d0eccd0fefa575c88","name":"Andr\u00e9s Quiroz","image":{"@type":"ImageObject","inLanguage":"en-US","@id":"https:\/\/secure.gravatar.com\/avatar\/?s=96&d=mm&r=g","url":"https:\/\/secure.gravatar.com\/avatar\/?s=96&d=mm&r=g","contentUrl":"https:\/\/secure.gravatar.com\/avatar\/?s=96&d=mm&r=g","caption":"Andr\u00e9s Quiroz"},"description":"Licenciado en Periodismo por la Universidad de los Andes. Me encargo de analizar y compartir los contenidos m\u00e1s destacados de la\u00a0actualidad del F\u00fatbol Club Barcelona, Mercado de Fichajes y F\u00fatbol Internacional en FCBN. La informaci\u00f3n es poder, pero tambi\u00e9n conocimiento.","url":"https:\/\/www.fcbarcelonanoticias.com\/en\/fc-barcelona\/andres-quiroz_17_115.html"}]}},"_links":{"self":[{"href":"https:\/\/www.fcbarcelonanoticias.com\/en\/wp-json\/wp\/v2\/posts\/52770","targetHints":{"allow":["GET"]}}],"collection":[{"href":"https:\/\/www.fcbarcelonanoticias.com\/en\/wp-json\/wp\/v2\/posts"}],"about":[{"href":"https:\/\/www.fcbarcelonanoticias.com\/en\/wp-json\/wp\/v2\/types\/post"}],"author":[{"embeddable":true,"href":"https:\/\/www.fcbarcelonanoticias.com\/en\/wp-json\/wp\/v2\/users\/347"}],"replies":[{"embeddable":true,"href":"https:\/\/www.fcbarcelonanoticias.com\/en\/wp-json\/wp\/v2\/comments?post=52770"}],"version-history":[{"count":1,"href":"https:\/\/www.fcbarcelonanoticias.com\/en\/wp-json\/wp\/v2\/posts\/52770\/revisions"}],"predecessor-version":[{"id":52922,"href":"https:\/\/www.fcbarcelonanoticias.com\/en\/wp-json\/wp\/v2\/posts\/52770\/revisions\/52922"}],"wp:featuredmedia":[{"embeddable":true,"href":"https:\/\/www.fcbarcelonanoticias.com\/en\/wp-json\/wp\/v2\/media\/52774"}],"wp:attachment":[{"href":"https:\/\/www.fcbarcelonanoticias.com\/en\/wp-json\/wp\/v2\/media?parent=52770"}],"wp:term":[{"taxonomy":"category","embeddable":true,"href":"https:\/\/www.fcbarcelonanoticias.com\/en\/wp-json\/wp\/v2\/categories?post=52770"},{"taxonomy":"post_tag","embeddable":true,"href":"https:\/\/www.fcbarcelonanoticias.com\/en\/wp-json\/wp\/v2\/tags?post=52770"}],"curies":[{"name":"wp","href":"https:\/\/api.w.org\/{rel}","templated":true}]}}