{"id":52913,"date":"2025-01-18T11:21:00","date_gmt":"2025-01-18T10:21:00","guid":{"rendered":"https:\/\/weisetech.dev\/fc-barcelona-noticias\/en\/fc-barcelona-call-up-against-getafe-cf-laliga-2024-25_310183_102\/"},"modified":"2025-01-18T11:21:00","modified_gmt":"2025-01-18T10:21:00","slug":"fc-barcelona-call-up-against-getafe-cf-laliga-2024-25_310183_102","status":"publish","type":"post","link":"https:\/\/www.fcbarcelonanoticias.com\/en\/laliga\/fc-barcelona-call-up-against-getafe-cf-laliga-2024-25_310183_102.html","title":{"rendered":"FC Barcelona Call-Up Against Getafe CF &#8211; LaLiga 2024\/25"},"content":{"rendered":"<h2 class=\"wp-block-heading\">Hansi Flick has confirmed the list of 23 players called up for the Getafe CF vs FC Barcelona match in LaLiga EA Sports 2024\/2025<\/h2>  \r\n<div class=\"article-addons\">\r\n    <a href=\"https:\/\/www.fcbarcelonanoticias.com\/en\/calendar-fc-barcelona.html\"\r\n       target=\"_self\"\r\n       title=\"Calendar of FC Barcelona\"\r\n       class=\"blue-gredient-btn\">\r\n       \r\n        Calendar of FC Barcelona    <\/a>\r\n<\/div>   <p>The call-up to face matchday number 20 of LaLiga 24-25 against Getafe CF comes with the medical clearance of Christensen, the Dane returns to a call-up after 147 days of injury, Polish goalkeeper Szczesny also returns, who served a suspension in the cup match against Betis after being sent off in the Supercup final against Real Madrid. Again, for the fourth consecutive match, Ansu Fati has been left out of the call-up; the number 10 of Bar\u00e7a does not have the confidence of the German coach, and all signs point to a possible exit from the Catalan club in this winter transfer market.<\/p>  <h3>List of called-up players for the Getafe CF vs FC Barcelona match<\/h3>  <p>(13). I\u00f1aki Pe\u00f1a (2). Pau Cubars\u00ed (3). Alejandro Balde (4). Ronald Araujo (6). Gavi (7). Ferran (8). Pedri Gonz\u00e1lez (9). Robert Lewandowski (11). Raphinha (14). Pablo Torre (15). Christensen, (16). Ferm\u00edn L\u00f3pez (17). Marc Casad\u00f3 (18) Pau V\u00edctor, (19) Lamine Yamal, (20). Dani Olmo, (21)F de Jong, (23). Jules Kound\u00e9 (24). Eric Garc\u00eda. (25). Szczesny, (26). Astralaga, (32). H\u00e9ctor Fort, (35). Gerard Mart\u00edn<\/p>  <p><u><strong>* The number of each player&#8217;s jersey is indicated in parentheses<\/strong><\/u><\/p>  <p>The <strong>FC Barcelona<\/strong> arrives at the match against Getafe with <strong>three players sidelined due to injury<\/strong>.<\/p>  <ul> <li> <strong>Injured:&nbsp;<\/strong>(1). Ter Stegen (5). I\u00f1igo Mart\u00ednez, (28). Marc Bernal;<\/li> <\/ul> <ul> <li> <strong>Suspended:<\/strong>&nbsp;None<\/li> <\/ul> <p>&nbsp;<\/p> ","protected":false},"excerpt":{"rendered":"<p>Hansi Flick has confirmed the list of 23 players called up for the Getafe CF vs FC Barcelona match in LaLiga EA Sports 2024\/2025 The call-up to face matchday number 20 of LaLiga 24-25 against Getafe CF comes with the medical clearance of Christensen, the Dane returns to a call-up after 147 days of injury, [&hellip;]<\/p>\n","protected":false},"author":353,"featured_media":52916,"comment_status":"closed","ping_status":"open","sticky":false,"template":"","format":"standard","meta":{"_acf_changed":false,"inline_featured_image":false,"_nextfly_llmd_date_locked":false,"footnotes":""},"categories":[114,448],"tags":[],"class_list":["post-52913","post","type-post","status-publish","format-standard","has-post-thumbnail","hentry","category-laliga","category-laliga-2"],"acf":[],"yoast_head":"<!-- This site is optimized with the Yoast SEO plugin v27.3 - https:\/\/yoast.com\/product\/yoast-seo-wordpress\/ -->\n<title>FC Barcelona Call-Up Against Getafe CF - LaLiga 2024\/25<\/title>\n<meta name=\"description\" content=\"Hansi Flick has confirmed the list of 23 players called up for the Getafe CF vs FC Barcelona match in LaLiga EA Sports 2024\/2025\" \/>\n<meta name=\"robots\" content=\"index, follow, max-snippet:-1, max-image-preview:large, max-video-preview:-1\" \/>\n<link rel=\"canonical\" href=\"https:\/\/www.fcbarcelonanoticias.com\/en\/laliga\/fc-barcelona-call-up-against-getafe-cf-laliga-2024-25_310183_102.html\" \/>\n<meta property=\"og:locale\" content=\"en_US\" \/>\n<meta property=\"og:type\" content=\"article\" \/>\n<meta property=\"og:title\" content=\"FC Barcelona Call-Up Against Getafe CF - LaLiga 2024\/25\" \/>\n<meta property=\"og:description\" content=\"Hansi Flick has confirmed the list of 23 players called up for the Getafe CF vs FC Barcelona match in LaLiga EA Sports 2024\/2025\" \/>\n<meta property=\"og:url\" content=\"https:\/\/www.fcbarcelonanoticias.com\/en\/laliga\/fc-barcelona-call-up-against-getafe-cf-laliga-2024-25_310183_102.html\" \/>\n<meta property=\"og:site_name\" content=\"EN - FC Barcelona Noticias\" \/>\n<meta property=\"article:published_time\" content=\"2025-01-18T10:21:00+00:00\" \/>\n<meta property=\"og:image\" content=\"https:\/\/www.fcbarcelonanoticias.com\/en\/wp-content\/uploads\/sites\/2\/2025\/01\/nueva-medida-fcbn-web-2025-01-18t110624-837.jpeg\" \/>\n\t<meta property=\"og:image:width\" content=\"1200\" \/>\n\t<meta property=\"og:image:height\" content=\"675\" \/>\n\t<meta property=\"og:image:type\" content=\"image\/jpeg\" \/>\n<meta name=\"author\" content=\"FC Barcelona Noticias\" \/>\n<meta name=\"twitter:card\" content=\"summary_large_image\" \/>\n<meta name=\"twitter:label1\" content=\"Written by\" \/>\n\t<meta name=\"twitter:data1\" content=\"FC Barcelona Noticias\" \/>\n\t<meta name=\"twitter:label2\" content=\"Est. reading time\" \/>\n\t<meta name=\"twitter:data2\" content=\"1 minute\" \/>\n<script type=\"application\/ld+json\" class=\"yoast-schema-graph\">{\"@context\":\"https:\\\/\\\/schema.org\",\"@graph\":[{\"@type\":\"Article\",\"@id\":\"https:\\\/\\\/www.fcbarcelonanoticias.com\\\/en\\\/laliga\\\/fc-barcelona-call-up-against-getafe-cf-laliga-2024-25_310183_102.html#article\",\"isPartOf\":{\"@id\":\"https:\\\/\\\/www.fcbarcelonanoticias.com\\\/en\\\/laliga\\\/fc-barcelona-call-up-against-getafe-cf-laliga-2024-25_310183_102.html\"},\"author\":{\"name\":\"FC Barcelona Noticias\",\"@id\":\"https:\\\/\\\/www.fcbarcelonanoticias.com\\\/en\\\/#\\\/schema\\\/person\\\/0f2810101d27606974cdb8edb54fa54b\"},\"headline\":\"FC Barcelona Call-Up Against Getafe CF &#8211; LaLiga 2024\\\/25\",\"datePublished\":\"2025-01-18T10:21:00+00:00\",\"mainEntityOfPage\":{\"@id\":\"https:\\\/\\\/www.fcbarcelonanoticias.com\\\/en\\\/laliga\\\/fc-barcelona-call-up-against-getafe-cf-laliga-2024-25_310183_102.html\"},\"wordCount\":234,\"image\":{\"@id\":\"https:\\\/\\\/www.fcbarcelonanoticias.com\\\/en\\\/laliga\\\/fc-barcelona-call-up-against-getafe-cf-laliga-2024-25_310183_102.html#primaryimage\"},\"thumbnailUrl\":\"https:\\\/\\\/www.fcbarcelonanoticias.com\\\/en\\\/wp-content\\\/uploads\\\/sites\\\/2\\\/2025\\\/01\\\/nueva-medida-fcbn-web-2025-01-18t110624-837.jpeg\",\"articleSection\":[\"LaLiga\",\"LaLiga\"],\"inLanguage\":\"en-US\"},{\"@type\":\"WebPage\",\"@id\":\"https:\\\/\\\/www.fcbarcelonanoticias.com\\\/en\\\/laliga\\\/fc-barcelona-call-up-against-getafe-cf-laliga-2024-25_310183_102.html\",\"url\":\"https:\\\/\\\/www.fcbarcelonanoticias.com\\\/en\\\/laliga\\\/fc-barcelona-call-up-against-getafe-cf-laliga-2024-25_310183_102.html\",\"name\":\"FC Barcelona Call-Up Against Getafe CF - LaLiga 2024\\\/25\",\"isPartOf\":{\"@id\":\"https:\\\/\\\/www.fcbarcelonanoticias.com\\\/en\\\/#website\"},\"primaryImageOfPage\":{\"@id\":\"https:\\\/\\\/www.fcbarcelonanoticias.com\\\/en\\\/laliga\\\/fc-barcelona-call-up-against-getafe-cf-laliga-2024-25_310183_102.html#primaryimage\"},\"image\":{\"@id\":\"https:\\\/\\\/www.fcbarcelonanoticias.com\\\/en\\\/laliga\\\/fc-barcelona-call-up-against-getafe-cf-laliga-2024-25_310183_102.html#primaryimage\"},\"thumbnailUrl\":\"https:\\\/\\\/www.fcbarcelonanoticias.com\\\/en\\\/wp-content\\\/uploads\\\/sites\\\/2\\\/2025\\\/01\\\/nueva-medida-fcbn-web-2025-01-18t110624-837.jpeg\",\"datePublished\":\"2025-01-18T10:21:00+00:00\",\"author\":{\"@id\":\"https:\\\/\\\/www.fcbarcelonanoticias.com\\\/en\\\/#\\\/schema\\\/person\\\/0f2810101d27606974cdb8edb54fa54b\"},\"description\":\"Hansi Flick has confirmed the list of 23 players called up for the Getafe CF vs FC Barcelona match in LaLiga EA Sports 2024\\\/2025\",\"breadcrumb\":{\"@id\":\"https:\\\/\\\/www.fcbarcelonanoticias.com\\\/en\\\/laliga\\\/fc-barcelona-call-up-against-getafe-cf-laliga-2024-25_310183_102.html#breadcrumb\"},\"inLanguage\":\"en-US\",\"potentialAction\":[{\"@type\":\"ReadAction\",\"target\":[\"https:\\\/\\\/www.fcbarcelonanoticias.com\\\/en\\\/laliga\\\/fc-barcelona-call-up-against-getafe-cf-laliga-2024-25_310183_102.html\"]}]},{\"@type\":\"ImageObject\",\"inLanguage\":\"en-US\",\"@id\":\"https:\\\/\\\/www.fcbarcelonanoticias.com\\\/en\\\/laliga\\\/fc-barcelona-call-up-against-getafe-cf-laliga-2024-25_310183_102.html#primaryimage\",\"url\":\"https:\\\/\\\/www.fcbarcelonanoticias.com\\\/en\\\/wp-content\\\/uploads\\\/sites\\\/2\\\/2025\\\/01\\\/nueva-medida-fcbn-web-2025-01-18t110624-837.jpeg\",\"contentUrl\":\"https:\\\/\\\/www.fcbarcelonanoticias.com\\\/en\\\/wp-content\\\/uploads\\\/sites\\\/2\\\/2025\\\/01\\\/nueva-medida-fcbn-web-2025-01-18t110624-837.jpeg\",\"width\":1200,\"height\":675},{\"@type\":\"BreadcrumbList\",\"@id\":\"https:\\\/\\\/www.fcbarcelonanoticias.com\\\/en\\\/laliga\\\/fc-barcelona-call-up-against-getafe-cf-laliga-2024-25_310183_102.html#breadcrumb\",\"itemListElement\":[{\"@type\":\"ListItem\",\"position\":1,\"name\":\"Portada\",\"item\":\"https:\\\/\\\/www.fcbarcelonanoticias.com\\\/en\\\/\"},{\"@type\":\"ListItem\",\"position\":2,\"name\":\"FC Barcelona Call-Up Against Getafe CF &#8211; LaLiga 2024\\\/25\"}]},{\"@type\":\"WebSite\",\"@id\":\"https:\\\/\\\/www.fcbarcelonanoticias.com\\\/en\\\/#website\",\"url\":\"https:\\\/\\\/www.fcbarcelonanoticias.com\\\/en\\\/\",\"name\":\"EN - FC Barcelona Noticias\",\"description\":\"\",\"potentialAction\":[{\"@type\":\"SearchAction\",\"target\":{\"@type\":\"EntryPoint\",\"urlTemplate\":\"https:\\\/\\\/www.fcbarcelonanoticias.com\\\/en\\\/?s={search_term_string}\"},\"query-input\":{\"@type\":\"PropertyValueSpecification\",\"valueRequired\":true,\"valueName\":\"search_term_string\"}}],\"inLanguage\":\"en-US\"},{\"@type\":\"Person\",\"@id\":\"https:\\\/\\\/www.fcbarcelonanoticias.com\\\/en\\\/#\\\/schema\\\/person\\\/0f2810101d27606974cdb8edb54fa54b\",\"name\":\"FC Barcelona Noticias\",\"image\":{\"@type\":\"ImageObject\",\"inLanguage\":\"en-US\",\"@id\":\"https:\\\/\\\/secure.gravatar.com\\\/avatar\\\/?s=96&d=mm&r=g\",\"url\":\"https:\\\/\\\/secure.gravatar.com\\\/avatar\\\/?s=96&d=mm&r=g\",\"contentUrl\":\"https:\\\/\\\/secure.gravatar.com\\\/avatar\\\/?s=96&d=mm&r=g\",\"caption\":\"FC Barcelona Noticias\"},\"url\":\"https:\\\/\\\/www.fcbarcelonanoticias.com\\\/en\\\/fc-barcelona\\\/fcbn-writing-fc-barcelona-news_6_115.html\"}]}<\/script>\n<!-- \/ Yoast SEO plugin. -->","yoast_head_json":{"title":"FC Barcelona Call-Up Against Getafe CF - LaLiga 2024\/25","description":"Hansi Flick has confirmed the list of 23 players called up for the Getafe CF vs FC Barcelona match in LaLiga EA Sports 2024\/2025","robots":{"index":"index","follow":"follow","max-snippet":"max-snippet:-1","max-image-preview":"max-image-preview:large","max-video-preview":"max-video-preview:-1"},"canonical":"https:\/\/www.fcbarcelonanoticias.com\/en\/laliga\/fc-barcelona-call-up-against-getafe-cf-laliga-2024-25_310183_102.html","og_locale":"en_US","og_type":"article","og_title":"FC Barcelona Call-Up Against Getafe CF - LaLiga 2024\/25","og_description":"Hansi Flick has confirmed the list of 23 players called up for the Getafe CF vs FC Barcelona match in LaLiga EA Sports 2024\/2025","og_url":"https:\/\/www.fcbarcelonanoticias.com\/en\/laliga\/fc-barcelona-call-up-against-getafe-cf-laliga-2024-25_310183_102.html","og_site_name":"EN - FC Barcelona Noticias","article_published_time":"2025-01-18T10:21:00+00:00","og_image":[{"width":1200,"height":675,"url":"https:\/\/www.fcbarcelonanoticias.com\/en\/wp-content\/uploads\/sites\/2\/2025\/01\/nueva-medida-fcbn-web-2025-01-18t110624-837.jpeg","type":"image\/jpeg"}],"author":"FC Barcelona Noticias","twitter_card":"summary_large_image","twitter_misc":{"Written by":"FC Barcelona Noticias","Est. reading time":"1 minute"},"schema":{"@context":"https:\/\/schema.org","@graph":[{"@type":"Article","@id":"https:\/\/www.fcbarcelonanoticias.com\/en\/laliga\/fc-barcelona-call-up-against-getafe-cf-laliga-2024-25_310183_102.html#article","isPartOf":{"@id":"https:\/\/www.fcbarcelonanoticias.com\/en\/laliga\/fc-barcelona-call-up-against-getafe-cf-laliga-2024-25_310183_102.html"},"author":{"name":"FC Barcelona Noticias","@id":"https:\/\/www.fcbarcelonanoticias.com\/en\/#\/schema\/person\/0f2810101d27606974cdb8edb54fa54b"},"headline":"FC Barcelona Call-Up Against Getafe CF &#8211; LaLiga 2024\/25","datePublished":"2025-01-18T10:21:00+00:00","mainEntityOfPage":{"@id":"https:\/\/www.fcbarcelonanoticias.com\/en\/laliga\/fc-barcelona-call-up-against-getafe-cf-laliga-2024-25_310183_102.html"},"wordCount":234,"image":{"@id":"https:\/\/www.fcbarcelonanoticias.com\/en\/laliga\/fc-barcelona-call-up-against-getafe-cf-laliga-2024-25_310183_102.html#primaryimage"},"thumbnailUrl":"https:\/\/www.fcbarcelonanoticias.com\/en\/wp-content\/uploads\/sites\/2\/2025\/01\/nueva-medida-fcbn-web-2025-01-18t110624-837.jpeg","articleSection":["LaLiga","LaLiga"],"inLanguage":"en-US"},{"@type":"WebPage","@id":"https:\/\/www.fcbarcelonanoticias.com\/en\/laliga\/fc-barcelona-call-up-against-getafe-cf-laliga-2024-25_310183_102.html","url":"https:\/\/www.fcbarcelonanoticias.com\/en\/laliga\/fc-barcelona-call-up-against-getafe-cf-laliga-2024-25_310183_102.html","name":"FC Barcelona Call-Up Against Getafe CF - LaLiga 2024\/25","isPartOf":{"@id":"https:\/\/www.fcbarcelonanoticias.com\/en\/#website"},"primaryImageOfPage":{"@id":"https:\/\/www.fcbarcelonanoticias.com\/en\/laliga\/fc-barcelona-call-up-against-getafe-cf-laliga-2024-25_310183_102.html#primaryimage"},"image":{"@id":"https:\/\/www.fcbarcelonanoticias.com\/en\/laliga\/fc-barcelona-call-up-against-getafe-cf-laliga-2024-25_310183_102.html#primaryimage"},"thumbnailUrl":"https:\/\/www.fcbarcelonanoticias.com\/en\/wp-content\/uploads\/sites\/2\/2025\/01\/nueva-medida-fcbn-web-2025-01-18t110624-837.jpeg","datePublished":"2025-01-18T10:21:00+00:00","author":{"@id":"https:\/\/www.fcbarcelonanoticias.com\/en\/#\/schema\/person\/0f2810101d27606974cdb8edb54fa54b"},"description":"Hansi Flick has confirmed the list of 23 players called up for the Getafe CF vs FC Barcelona match in LaLiga EA Sports 2024\/2025","breadcrumb":{"@id":"https:\/\/www.fcbarcelonanoticias.com\/en\/laliga\/fc-barcelona-call-up-against-getafe-cf-laliga-2024-25_310183_102.html#breadcrumb"},"inLanguage":"en-US","potentialAction":[{"@type":"ReadAction","target":["https:\/\/www.fcbarcelonanoticias.com\/en\/laliga\/fc-barcelona-call-up-against-getafe-cf-laliga-2024-25_310183_102.html"]}]},{"@type":"ImageObject","inLanguage":"en-US","@id":"https:\/\/www.fcbarcelonanoticias.com\/en\/laliga\/fc-barcelona-call-up-against-getafe-cf-laliga-2024-25_310183_102.html#primaryimage","url":"https:\/\/www.fcbarcelonanoticias.com\/en\/wp-content\/uploads\/sites\/2\/2025\/01\/nueva-medida-fcbn-web-2025-01-18t110624-837.jpeg","contentUrl":"https:\/\/www.fcbarcelonanoticias.com\/en\/wp-content\/uploads\/sites\/2\/2025\/01\/nueva-medida-fcbn-web-2025-01-18t110624-837.jpeg","width":1200,"height":675},{"@type":"BreadcrumbList","@id":"https:\/\/www.fcbarcelonanoticias.com\/en\/laliga\/fc-barcelona-call-up-against-getafe-cf-laliga-2024-25_310183_102.html#breadcrumb","itemListElement":[{"@type":"ListItem","position":1,"name":"Portada","item":"https:\/\/www.fcbarcelonanoticias.com\/en\/"},{"@type":"ListItem","position":2,"name":"FC Barcelona Call-Up Against Getafe CF &#8211; LaLiga 2024\/25"}]},{"@type":"WebSite","@id":"https:\/\/www.fcbarcelonanoticias.com\/en\/#website","url":"https:\/\/www.fcbarcelonanoticias.com\/en\/","name":"EN - FC Barcelona Noticias","description":"","potentialAction":[{"@type":"SearchAction","target":{"@type":"EntryPoint","urlTemplate":"https:\/\/www.fcbarcelonanoticias.com\/en\/?s={search_term_string}"},"query-input":{"@type":"PropertyValueSpecification","valueRequired":true,"valueName":"search_term_string"}}],"inLanguage":"en-US"},{"@type":"Person","@id":"https:\/\/www.fcbarcelonanoticias.com\/en\/#\/schema\/person\/0f2810101d27606974cdb8edb54fa54b","name":"FC Barcelona Noticias","image":{"@type":"ImageObject","inLanguage":"en-US","@id":"https:\/\/secure.gravatar.com\/avatar\/?s=96&d=mm&r=g","url":"https:\/\/secure.gravatar.com\/avatar\/?s=96&d=mm&r=g","contentUrl":"https:\/\/secure.gravatar.com\/avatar\/?s=96&d=mm&r=g","caption":"FC Barcelona Noticias"},"url":"https:\/\/www.fcbarcelonanoticias.com\/en\/fc-barcelona\/fcbn-writing-fc-barcelona-news_6_115.html"}]}},"_links":{"self":[{"href":"https:\/\/www.fcbarcelonanoticias.com\/en\/wp-json\/wp\/v2\/posts\/52913","targetHints":{"allow":["GET"]}}],"collection":[{"href":"https:\/\/www.fcbarcelonanoticias.com\/en\/wp-json\/wp\/v2\/posts"}],"about":[{"href":"https:\/\/www.fcbarcelonanoticias.com\/en\/wp-json\/wp\/v2\/types\/post"}],"author":[{"embeddable":true,"href":"https:\/\/www.fcbarcelonanoticias.com\/en\/wp-json\/wp\/v2\/users\/353"}],"replies":[{"embeddable":true,"href":"https:\/\/www.fcbarcelonanoticias.com\/en\/wp-json\/wp\/v2\/comments?post=52913"}],"version-history":[{"count":1,"href":"https:\/\/www.fcbarcelonanoticias.com\/en\/wp-json\/wp\/v2\/posts\/52913\/revisions"}],"predecessor-version":[{"id":52914,"href":"https:\/\/www.fcbarcelonanoticias.com\/en\/wp-json\/wp\/v2\/posts\/52913\/revisions\/52914"}],"wp:featuredmedia":[{"embeddable":true,"href":"https:\/\/www.fcbarcelonanoticias.com\/en\/wp-json\/wp\/v2\/media\/52916"}],"wp:attachment":[{"href":"https:\/\/www.fcbarcelonanoticias.com\/en\/wp-json\/wp\/v2\/media?parent=52913"}],"wp:term":[{"taxonomy":"category","embeddable":true,"href":"https:\/\/www.fcbarcelonanoticias.com\/en\/wp-json\/wp\/v2\/categories?post=52913"},{"taxonomy":"post_tag","embeddable":true,"href":"https:\/\/www.fcbarcelonanoticias.com\/en\/wp-json\/wp\/v2\/tags?post=52913"}],"curies":[{"name":"wp","href":"https:\/\/api.w.org\/{rel}","templated":true}]}}