{"id":52917,"date":"2025-10-21T23:53:00","date_gmt":"2025-10-21T21:53:00","guid":{"rendered":"https:\/\/weisetech.dev\/fc-barcelona-noticias\/en\/fc-barcelona-accepts-and-regrets-cancellation-of-laliga-match-in-miami_315089_102\/"},"modified":"2025-10-21T23:53:00","modified_gmt":"2025-10-21T21:53:00","slug":"fc-barcelona-accepts-and-regrets-cancellation-of-laliga-match-in-miami_315089_102","status":"publish","type":"post","link":"https:\/\/www.fcbarcelonanoticias.com\/en\/laliga\/fc-barcelona-accepts-and-regrets-cancellation-of-laliga-match-in-miami_315089_102.html","title":{"rendered":"Bar\u00e7a &#8220;accepts and regrets&#8221; the cancellation of the League match in Miami"},"content":{"rendered":"<h2 class=\"wp-block-heading\">Barcelona has issued a statement backing the decision by LaLiga and the company Relevent to cancel the match that the Blaugrana were scheduled to play against Villarreal on December 20 in Miami.<\/h2>  \r\n<div class=\"article-addons\">\r\n    <a href=\"https:\/\/www.fcbarcelonanoticias.com\/en\/calendar-fc-barcelona.html\"\r\n       target=\"_self\"\r\n       title=\"Calendar of FC Barcelona\"\r\n       class=\"blue-gredient-btn\">\r\n       \r\n        Calendar of FC Barcelona    <\/a>\r\n<\/div>   <p>The board of <strong>FC Barcelona<\/strong> issued a <a data-external=\"1\" href=\"https:\/\/www.fcbarcelona.es\/en\/es\/club\/noticias\/4387227\/comunicado-del-fc-barcelona\" rel=\"nofollow\" target=\"_blank\" title=\"Comunicado del Bar\u00e7a respaldando la cancelaci\u00f3n del partido en Miami\">statement<\/a> after the cancellation was confirmed of the match that the Bar\u00e7a team and <strong>Villarreal<\/strong> were to play on <strong>Saturday, December 20, 2025<\/strong> at Hard Rock Stadium in Miami.<\/p>  <p>Just as the club supported <strong><a data-external=\"0\" data-intl-links-en=\"https:\/\/www.fcbarcelonanoticias.com\/en\/laliga\/official-laliga-cancels-villarreal-barcelona-match-in-miami_315087_102.html\" data-intl-links-es=\"https:\/\/www.fcbarcelonanoticias.com\/laliga\/oficial-laliga-cancela-el-villarreal-barcelona-en-miami_315087_102.html\" href=\"https:\/\/www.fcbarcelonanoticias.com\/en\/laliga\/official-laliga-cancels-villarreal-barcelona-match-in-miami_315087_102.html\" rel=\"follow\" target=\"_self\" title=\"OFICIAL: LaLiga cancela el Villarreal-Barcelona en Miami\">LaLiga&#8217;s<\/a><\/strong> initiative to play in the <strong>United States<\/strong> from the beginning, it has also supported the decision to finally cancel what would be the first official match of the competition outside of Spain.<\/p>  <p>Finally, <strong>pressure from other clubs and organizations linked to Spanish football<\/strong> led the event&#8217;s promoting company, <strong>Relevent<\/strong>, to suspend the match once ticket sales, which were scheduled to begin on Tuesday, October 21, were postponed.<\/p>  <h2>Barcelona&#8217;s statement on the suspension of the La Liga match in Miami<\/h2>  <p><em>FC Barcelona respects and abides by the decision to cancel the match that was going to pit us against Villarreal in Miami, corresponding to matchday 17 of LaLiga, in the same way that it abided by and respected the decision to play made in its day.<\/em><\/p>  <p><em>FC Barcelona regrets the lost opportunity to expand the competition&#8217;s image in a strategic market with the capacity for growth and resource generation for the benefit of all. The Club appreciates the unconditional support and affection it has received from our fans in the United States and deeply regrets that they will be deprived of the opportunity to witness the official match in the country.<\/em><\/p>  <h2>Bar\u00e7a Loses an Income of Almost 6 Million Euros This Season<\/h2>  <p>Although <a data-external=\"0\" data-intl-links-en=\"https:\/\/www.fcbarcelonanoticias.com\/en\/laliga\/money-that-barcelona-and-villarreal-will-earn-for-playing-in-miami_314967_102.html\" data-intl-links-es=\"https:\/\/www.fcbarcelonanoticias.com\/laliga\/laliga-asegura-premio-millonario-barcelona-villarreal-por-jugar-en-miami_314967_102.html\" href=\"https:\/\/www.fcbarcelonanoticias.com\/en\/laliga\/money-that-barcelona-and-villarreal-will-earn-for-playing-in-miami_314967_102.html\" rel=\"follow\" target=\"_self\" title=\"LaLiga asegura un premio millonario a Barcelona y Villarreal por jugar en Miami\">the official amount that Villarreal and Barcelona would earn for playing in Miami<\/a> had not been confirmed, various sources claimed that the Bar\u00e7a team would receive between 5 and 6 million euros for the match.&nbsp;<\/p>  <p>The board viewed the initiative very favorably, beyond the stance of the squad and coaching staff regarding a trip before the end of the year that would further burden the <a data-external=\"0\" data-intl-links-en=\"https:\/\/www.fcbarcelonanoticias.com\/en\/calendar-fc-barcelona.html\" data-intl-links-es=\"https:\/\/www.fcbarcelonanoticias.com\/calendario-fcbarcelona.html\" href=\"https:\/\/www.fcbarcelonanoticias.com\/en\/calendar-fc-barcelona.html\" rel=\"follow\" target=\"_self\" title=\"Calendario FC Barcelona\">Bar\u00e7a schedule<\/a>.<\/p>  <p><strong>Boosting Bar\u00e7a&#8217;s image in the U.S. market<\/strong> and opening doors for future events in the country were the club&#8217;s main argument for supporting the relocation of Matchday 17 of La Liga to Florida.<\/p>  <p>Finally, the match will be played at its original venue (<strong>the Estadio de la Cer\u00e1mica<\/strong>), although the league association presided over by Javier Tebas will surely resume the project of playing a La Liga match in the USA in the medium term. Bar\u00e7a, in that sense, will probably support the initiative again in the future.<\/p>  <ul> <li>\ud83d\udc49 Follow the complete coverage of <strong><a data-external=\"0\" data-intl-links-en=\"https:\/\/www.fcbarcelonanoticias.com\/en\/laliga.html\" data-intl-links-es=\"https:\/\/www.fcbarcelonanoticias.com\/laliga.html\" href=\"https:\/\/www.fcbarcelonanoticias.com\/en\/laliga.html\" rel=\"follow\" target=\"_self\" title=\"LaLiga\">LaLiga EA Sports 2025-26<\/a><\/strong> in FC Barcelona Noticias<\/li> <\/ul> ","protected":false},"excerpt":{"rendered":"<p>Barcelona has issued a statement backing the decision by LaLiga and the company Relevent to cancel the match that the Blaugrana were scheduled to play against Villarreal on December 20 in Miami. The board of FC Barcelona issued a statement after the cancellation was confirmed of the match that the Bar\u00e7a team and Villarreal were [&hellip;]<\/p>\n","protected":false},"author":347,"featured_media":52923,"comment_status":"closed","ping_status":"open","sticky":false,"template":"","format":"standard","meta":{"_acf_changed":false,"inline_featured_image":false,"_nextfly_llmd_date_locked":false,"footnotes":""},"categories":[448,114],"tags":[69,99,158],"class_list":["post-52917","post","type-post","status-publish","format-standard","has-post-thumbnail","hentry","category-laliga-2","category-laliga","tag-fc-barcelona-vs-villarreal-fc","tag-javier-thebes","tag-joan-laporta"],"acf":[],"yoast_head":"<!-- This site is optimized with the Yoast SEO plugin v27.3 - https:\/\/yoast.com\/product\/yoast-seo-wordpress\/ -->\n<title>Bar\u00e7a accepts and regrets the cancellation of match in Miami<\/title>\n<meta name=\"description\" content=\"Barcelona issued a statement supporting LaLiga&#039;s decision to cancel the match the Catalans were scheduled to play against Villarreal in Miami\" \/>\n<meta name=\"robots\" content=\"index, follow, max-snippet:-1, max-image-preview:large, max-video-preview:-1\" \/>\n<link rel=\"canonical\" href=\"https:\/\/www.fcbarcelonanoticias.com\/en\/laliga\/fc-barcelona-accepts-and-regrets-cancellation-of-laliga-match-in-miami_315089_102.html\" \/>\n<meta property=\"og:locale\" content=\"en_US\" \/>\n<meta property=\"og:type\" content=\"article\" \/>\n<meta property=\"og:title\" content=\"Bar\u00e7a accepts and regrets the cancellation of match in Miami\" \/>\n<meta property=\"og:description\" content=\"Barcelona issued a statement supporting LaLiga&#039;s decision to cancel the match the Catalans were scheduled to play against Villarreal in Miami\" \/>\n<meta property=\"og:url\" content=\"https:\/\/www.fcbarcelonanoticias.com\/en\/laliga\/fc-barcelona-accepts-and-regrets-cancellation-of-laliga-match-in-miami_315089_102.html\" \/>\n<meta property=\"og:site_name\" content=\"EN - FC Barcelona Noticias\" \/>\n<meta property=\"article:published_time\" content=\"2025-10-21T21:53:00+00:00\" \/>\n<meta property=\"og:image\" content=\"https:\/\/www.fcbarcelonanoticias.com\/en\/wp-content\/uploads\/sites\/2\/2025\/10\/joan-laporta-asamblea-barca-2025.webp\" \/>\n\t<meta property=\"og:image:width\" content=\"1200\" \/>\n\t<meta property=\"og:image:height\" content=\"675\" \/>\n\t<meta property=\"og:image:type\" content=\"image\/webp\" \/>\n<meta name=\"author\" content=\"Andr\u00e9s Quiroz\" \/>\n<meta name=\"twitter:card\" content=\"summary_large_image\" \/>\n<meta name=\"twitter:label1\" content=\"Written by\" \/>\n\t<meta name=\"twitter:data1\" content=\"Andr\u00e9s Quiroz\" \/>\n\t<meta name=\"twitter:label2\" content=\"Est. reading time\" \/>\n\t<meta name=\"twitter:data2\" content=\"2 minutes\" \/>\n<script type=\"application\/ld+json\" class=\"yoast-schema-graph\">{\"@context\":\"https:\\\/\\\/schema.org\",\"@graph\":[{\"@type\":\"Article\",\"@id\":\"https:\\\/\\\/www.fcbarcelonanoticias.com\\\/en\\\/laliga\\\/fc-barcelona-accepts-and-regrets-cancellation-of-laliga-match-in-miami_315089_102.html#article\",\"isPartOf\":{\"@id\":\"https:\\\/\\\/www.fcbarcelonanoticias.com\\\/en\\\/laliga\\\/fc-barcelona-accepts-and-regrets-cancellation-of-laliga-match-in-miami_315089_102.html\"},\"author\":{\"name\":\"Andr\u00e9s Quiroz\",\"@id\":\"https:\\\/\\\/www.fcbarcelonanoticias.com\\\/en\\\/#\\\/schema\\\/person\\\/c2cd9f6fa1af5c0d0eccd0fefa575c88\"},\"headline\":\"Bar\u00e7a &#8220;accepts and regrets&#8221; the cancellation of the League match in Miami\",\"datePublished\":\"2025-10-21T21:53:00+00:00\",\"mainEntityOfPage\":{\"@id\":\"https:\\\/\\\/www.fcbarcelonanoticias.com\\\/en\\\/laliga\\\/fc-barcelona-accepts-and-regrets-cancellation-of-laliga-match-in-miami_315089_102.html\"},\"wordCount\":463,\"image\":{\"@id\":\"https:\\\/\\\/www.fcbarcelonanoticias.com\\\/en\\\/laliga\\\/fc-barcelona-accepts-and-regrets-cancellation-of-laliga-match-in-miami_315089_102.html#primaryimage\"},\"thumbnailUrl\":\"https:\\\/\\\/www.fcbarcelonanoticias.com\\\/en\\\/wp-content\\\/uploads\\\/sites\\\/2\\\/2025\\\/10\\\/joan-laporta-asamblea-barca-2025.webp\",\"keywords\":[\"FC Barcelona vs Villarreal CF\",\"Javier Thebes\",\"Joan Laporta\"],\"articleSection\":[\"LaLiga\",\"LaLiga\"],\"inLanguage\":\"en-US\"},{\"@type\":\"WebPage\",\"@id\":\"https:\\\/\\\/www.fcbarcelonanoticias.com\\\/en\\\/laliga\\\/fc-barcelona-accepts-and-regrets-cancellation-of-laliga-match-in-miami_315089_102.html\",\"url\":\"https:\\\/\\\/www.fcbarcelonanoticias.com\\\/en\\\/laliga\\\/fc-barcelona-accepts-and-regrets-cancellation-of-laliga-match-in-miami_315089_102.html\",\"name\":\"Bar\u00e7a accepts and regrets the cancellation of match in Miami\",\"isPartOf\":{\"@id\":\"https:\\\/\\\/www.fcbarcelonanoticias.com\\\/en\\\/#website\"},\"primaryImageOfPage\":{\"@id\":\"https:\\\/\\\/www.fcbarcelonanoticias.com\\\/en\\\/laliga\\\/fc-barcelona-accepts-and-regrets-cancellation-of-laliga-match-in-miami_315089_102.html#primaryimage\"},\"image\":{\"@id\":\"https:\\\/\\\/www.fcbarcelonanoticias.com\\\/en\\\/laliga\\\/fc-barcelona-accepts-and-regrets-cancellation-of-laliga-match-in-miami_315089_102.html#primaryimage\"},\"thumbnailUrl\":\"https:\\\/\\\/www.fcbarcelonanoticias.com\\\/en\\\/wp-content\\\/uploads\\\/sites\\\/2\\\/2025\\\/10\\\/joan-laporta-asamblea-barca-2025.webp\",\"datePublished\":\"2025-10-21T21:53:00+00:00\",\"author\":{\"@id\":\"https:\\\/\\\/www.fcbarcelonanoticias.com\\\/en\\\/#\\\/schema\\\/person\\\/c2cd9f6fa1af5c0d0eccd0fefa575c88\"},\"description\":\"Barcelona issued a statement supporting LaLiga's decision to cancel the match the Catalans were scheduled to play against Villarreal in Miami\",\"breadcrumb\":{\"@id\":\"https:\\\/\\\/www.fcbarcelonanoticias.com\\\/en\\\/laliga\\\/fc-barcelona-accepts-and-regrets-cancellation-of-laliga-match-in-miami_315089_102.html#breadcrumb\"},\"inLanguage\":\"en-US\",\"potentialAction\":[{\"@type\":\"ReadAction\",\"target\":[\"https:\\\/\\\/www.fcbarcelonanoticias.com\\\/en\\\/laliga\\\/fc-barcelona-accepts-and-regrets-cancellation-of-laliga-match-in-miami_315089_102.html\"]}]},{\"@type\":\"ImageObject\",\"inLanguage\":\"en-US\",\"@id\":\"https:\\\/\\\/www.fcbarcelonanoticias.com\\\/en\\\/laliga\\\/fc-barcelona-accepts-and-regrets-cancellation-of-laliga-match-in-miami_315089_102.html#primaryimage\",\"url\":\"https:\\\/\\\/www.fcbarcelonanoticias.com\\\/en\\\/wp-content\\\/uploads\\\/sites\\\/2\\\/2025\\\/10\\\/joan-laporta-asamblea-barca-2025.webp\",\"contentUrl\":\"https:\\\/\\\/www.fcbarcelonanoticias.com\\\/en\\\/wp-content\\\/uploads\\\/sites\\\/2\\\/2025\\\/10\\\/joan-laporta-asamblea-barca-2025.webp\",\"width\":1200,\"height\":675},{\"@type\":\"BreadcrumbList\",\"@id\":\"https:\\\/\\\/www.fcbarcelonanoticias.com\\\/en\\\/laliga\\\/fc-barcelona-accepts-and-regrets-cancellation-of-laliga-match-in-miami_315089_102.html#breadcrumb\",\"itemListElement\":[{\"@type\":\"ListItem\",\"position\":1,\"name\":\"Portada\",\"item\":\"https:\\\/\\\/www.fcbarcelonanoticias.com\\\/en\\\/\"},{\"@type\":\"ListItem\",\"position\":2,\"name\":\"Bar\u00e7a &#8220;accepts and regrets&#8221; the cancellation of the League match in Miami\"}]},{\"@type\":\"WebSite\",\"@id\":\"https:\\\/\\\/www.fcbarcelonanoticias.com\\\/en\\\/#website\",\"url\":\"https:\\\/\\\/www.fcbarcelonanoticias.com\\\/en\\\/\",\"name\":\"EN - FC Barcelona Noticias\",\"description\":\"\",\"potentialAction\":[{\"@type\":\"SearchAction\",\"target\":{\"@type\":\"EntryPoint\",\"urlTemplate\":\"https:\\\/\\\/www.fcbarcelonanoticias.com\\\/en\\\/?s={search_term_string}\"},\"query-input\":{\"@type\":\"PropertyValueSpecification\",\"valueRequired\":true,\"valueName\":\"search_term_string\"}}],\"inLanguage\":\"en-US\"},{\"@type\":\"Person\",\"@id\":\"https:\\\/\\\/www.fcbarcelonanoticias.com\\\/en\\\/#\\\/schema\\\/person\\\/c2cd9f6fa1af5c0d0eccd0fefa575c88\",\"name\":\"Andr\u00e9s Quiroz\",\"image\":{\"@type\":\"ImageObject\",\"inLanguage\":\"en-US\",\"@id\":\"https:\\\/\\\/secure.gravatar.com\\\/avatar\\\/?s=96&d=mm&r=g\",\"url\":\"https:\\\/\\\/secure.gravatar.com\\\/avatar\\\/?s=96&d=mm&r=g\",\"contentUrl\":\"https:\\\/\\\/secure.gravatar.com\\\/avatar\\\/?s=96&d=mm&r=g\",\"caption\":\"Andr\u00e9s Quiroz\"},\"description\":\"Licenciado en Periodismo por la Universidad de los Andes. Me encargo de analizar y compartir los contenidos m\u00e1s destacados de la\u00a0actualidad del F\u00fatbol Club Barcelona, Mercado de Fichajes y F\u00fatbol Internacional en FCBN. La informaci\u00f3n es poder, pero tambi\u00e9n conocimiento.\",\"url\":\"https:\\\/\\\/www.fcbarcelonanoticias.com\\\/en\\\/fc-barcelona\\\/andres-quiroz_17_115.html\"}]}<\/script>\n<!-- \/ Yoast SEO plugin. -->","yoast_head_json":{"title":"Bar\u00e7a accepts and regrets the cancellation of match in Miami","description":"Barcelona issued a statement supporting LaLiga's decision to cancel the match the Catalans were scheduled to play against Villarreal in Miami","robots":{"index":"index","follow":"follow","max-snippet":"max-snippet:-1","max-image-preview":"max-image-preview:large","max-video-preview":"max-video-preview:-1"},"canonical":"https:\/\/www.fcbarcelonanoticias.com\/en\/laliga\/fc-barcelona-accepts-and-regrets-cancellation-of-laliga-match-in-miami_315089_102.html","og_locale":"en_US","og_type":"article","og_title":"Bar\u00e7a accepts and regrets the cancellation of match in Miami","og_description":"Barcelona issued a statement supporting LaLiga's decision to cancel the match the Catalans were scheduled to play against Villarreal in Miami","og_url":"https:\/\/www.fcbarcelonanoticias.com\/en\/laliga\/fc-barcelona-accepts-and-regrets-cancellation-of-laliga-match-in-miami_315089_102.html","og_site_name":"EN - FC Barcelona Noticias","article_published_time":"2025-10-21T21:53:00+00:00","og_image":[{"width":1200,"height":675,"url":"https:\/\/www.fcbarcelonanoticias.com\/en\/wp-content\/uploads\/sites\/2\/2025\/10\/joan-laporta-asamblea-barca-2025.webp","type":"image\/webp"}],"author":"Andr\u00e9s Quiroz","twitter_card":"summary_large_image","twitter_misc":{"Written by":"Andr\u00e9s Quiroz","Est. reading time":"2 minutes"},"schema":{"@context":"https:\/\/schema.org","@graph":[{"@type":"Article","@id":"https:\/\/www.fcbarcelonanoticias.com\/en\/laliga\/fc-barcelona-accepts-and-regrets-cancellation-of-laliga-match-in-miami_315089_102.html#article","isPartOf":{"@id":"https:\/\/www.fcbarcelonanoticias.com\/en\/laliga\/fc-barcelona-accepts-and-regrets-cancellation-of-laliga-match-in-miami_315089_102.html"},"author":{"name":"Andr\u00e9s Quiroz","@id":"https:\/\/www.fcbarcelonanoticias.com\/en\/#\/schema\/person\/c2cd9f6fa1af5c0d0eccd0fefa575c88"},"headline":"Bar\u00e7a &#8220;accepts and regrets&#8221; the cancellation of the League match in Miami","datePublished":"2025-10-21T21:53:00+00:00","mainEntityOfPage":{"@id":"https:\/\/www.fcbarcelonanoticias.com\/en\/laliga\/fc-barcelona-accepts-and-regrets-cancellation-of-laliga-match-in-miami_315089_102.html"},"wordCount":463,"image":{"@id":"https:\/\/www.fcbarcelonanoticias.com\/en\/laliga\/fc-barcelona-accepts-and-regrets-cancellation-of-laliga-match-in-miami_315089_102.html#primaryimage"},"thumbnailUrl":"https:\/\/www.fcbarcelonanoticias.com\/en\/wp-content\/uploads\/sites\/2\/2025\/10\/joan-laporta-asamblea-barca-2025.webp","keywords":["FC Barcelona vs Villarreal CF","Javier Thebes","Joan Laporta"],"articleSection":["LaLiga","LaLiga"],"inLanguage":"en-US"},{"@type":"WebPage","@id":"https:\/\/www.fcbarcelonanoticias.com\/en\/laliga\/fc-barcelona-accepts-and-regrets-cancellation-of-laliga-match-in-miami_315089_102.html","url":"https:\/\/www.fcbarcelonanoticias.com\/en\/laliga\/fc-barcelona-accepts-and-regrets-cancellation-of-laliga-match-in-miami_315089_102.html","name":"Bar\u00e7a accepts and regrets the cancellation of match in Miami","isPartOf":{"@id":"https:\/\/www.fcbarcelonanoticias.com\/en\/#website"},"primaryImageOfPage":{"@id":"https:\/\/www.fcbarcelonanoticias.com\/en\/laliga\/fc-barcelona-accepts-and-regrets-cancellation-of-laliga-match-in-miami_315089_102.html#primaryimage"},"image":{"@id":"https:\/\/www.fcbarcelonanoticias.com\/en\/laliga\/fc-barcelona-accepts-and-regrets-cancellation-of-laliga-match-in-miami_315089_102.html#primaryimage"},"thumbnailUrl":"https:\/\/www.fcbarcelonanoticias.com\/en\/wp-content\/uploads\/sites\/2\/2025\/10\/joan-laporta-asamblea-barca-2025.webp","datePublished":"2025-10-21T21:53:00+00:00","author":{"@id":"https:\/\/www.fcbarcelonanoticias.com\/en\/#\/schema\/person\/c2cd9f6fa1af5c0d0eccd0fefa575c88"},"description":"Barcelona issued a statement supporting LaLiga's decision to cancel the match the Catalans were scheduled to play against Villarreal in Miami","breadcrumb":{"@id":"https:\/\/www.fcbarcelonanoticias.com\/en\/laliga\/fc-barcelona-accepts-and-regrets-cancellation-of-laliga-match-in-miami_315089_102.html#breadcrumb"},"inLanguage":"en-US","potentialAction":[{"@type":"ReadAction","target":["https:\/\/www.fcbarcelonanoticias.com\/en\/laliga\/fc-barcelona-accepts-and-regrets-cancellation-of-laliga-match-in-miami_315089_102.html"]}]},{"@type":"ImageObject","inLanguage":"en-US","@id":"https:\/\/www.fcbarcelonanoticias.com\/en\/laliga\/fc-barcelona-accepts-and-regrets-cancellation-of-laliga-match-in-miami_315089_102.html#primaryimage","url":"https:\/\/www.fcbarcelonanoticias.com\/en\/wp-content\/uploads\/sites\/2\/2025\/10\/joan-laporta-asamblea-barca-2025.webp","contentUrl":"https:\/\/www.fcbarcelonanoticias.com\/en\/wp-content\/uploads\/sites\/2\/2025\/10\/joan-laporta-asamblea-barca-2025.webp","width":1200,"height":675},{"@type":"BreadcrumbList","@id":"https:\/\/www.fcbarcelonanoticias.com\/en\/laliga\/fc-barcelona-accepts-and-regrets-cancellation-of-laliga-match-in-miami_315089_102.html#breadcrumb","itemListElement":[{"@type":"ListItem","position":1,"name":"Portada","item":"https:\/\/www.fcbarcelonanoticias.com\/en\/"},{"@type":"ListItem","position":2,"name":"Bar\u00e7a &#8220;accepts and regrets&#8221; the cancellation of the League match in Miami"}]},{"@type":"WebSite","@id":"https:\/\/www.fcbarcelonanoticias.com\/en\/#website","url":"https:\/\/www.fcbarcelonanoticias.com\/en\/","name":"EN - FC Barcelona Noticias","description":"","potentialAction":[{"@type":"SearchAction","target":{"@type":"EntryPoint","urlTemplate":"https:\/\/www.fcbarcelonanoticias.com\/en\/?s={search_term_string}"},"query-input":{"@type":"PropertyValueSpecification","valueRequired":true,"valueName":"search_term_string"}}],"inLanguage":"en-US"},{"@type":"Person","@id":"https:\/\/www.fcbarcelonanoticias.com\/en\/#\/schema\/person\/c2cd9f6fa1af5c0d0eccd0fefa575c88","name":"Andr\u00e9s Quiroz","image":{"@type":"ImageObject","inLanguage":"en-US","@id":"https:\/\/secure.gravatar.com\/avatar\/?s=96&d=mm&r=g","url":"https:\/\/secure.gravatar.com\/avatar\/?s=96&d=mm&r=g","contentUrl":"https:\/\/secure.gravatar.com\/avatar\/?s=96&d=mm&r=g","caption":"Andr\u00e9s Quiroz"},"description":"Licenciado en Periodismo por la Universidad de los Andes. Me encargo de analizar y compartir los contenidos m\u00e1s destacados de la\u00a0actualidad del F\u00fatbol Club Barcelona, Mercado de Fichajes y F\u00fatbol Internacional en FCBN. La informaci\u00f3n es poder, pero tambi\u00e9n conocimiento.","url":"https:\/\/www.fcbarcelonanoticias.com\/en\/fc-barcelona\/andres-quiroz_17_115.html"}]}},"_links":{"self":[{"href":"https:\/\/www.fcbarcelonanoticias.com\/en\/wp-json\/wp\/v2\/posts\/52917","targetHints":{"allow":["GET"]}}],"collection":[{"href":"https:\/\/www.fcbarcelonanoticias.com\/en\/wp-json\/wp\/v2\/posts"}],"about":[{"href":"https:\/\/www.fcbarcelonanoticias.com\/en\/wp-json\/wp\/v2\/types\/post"}],"author":[{"embeddable":true,"href":"https:\/\/www.fcbarcelonanoticias.com\/en\/wp-json\/wp\/v2\/users\/347"}],"replies":[{"embeddable":true,"href":"https:\/\/www.fcbarcelonanoticias.com\/en\/wp-json\/wp\/v2\/comments?post=52917"}],"version-history":[{"count":1,"href":"https:\/\/www.fcbarcelonanoticias.com\/en\/wp-json\/wp\/v2\/posts\/52917\/revisions"}],"predecessor-version":[{"id":52918,"href":"https:\/\/www.fcbarcelonanoticias.com\/en\/wp-json\/wp\/v2\/posts\/52917\/revisions\/52918"}],"wp:featuredmedia":[{"embeddable":true,"href":"https:\/\/www.fcbarcelonanoticias.com\/en\/wp-json\/wp\/v2\/media\/52923"}],"wp:attachment":[{"href":"https:\/\/www.fcbarcelonanoticias.com\/en\/wp-json\/wp\/v2\/media?parent=52917"}],"wp:term":[{"taxonomy":"category","embeddable":true,"href":"https:\/\/www.fcbarcelonanoticias.com\/en\/wp-json\/wp\/v2\/categories?post=52917"},{"taxonomy":"post_tag","embeddable":true,"href":"https:\/\/www.fcbarcelonanoticias.com\/en\/wp-json\/wp\/v2\/tags?post=52917"}],"curies":[{"name":"wp","href":"https:\/\/api.w.org\/{rel}","templated":true}]}}