{"id":52966,"date":"2024-11-20T17:15:00","date_gmt":"2024-11-20T16:15:00","guid":{"rendered":"https:\/\/weisetech.dev\/fc-barcelona-noticias\/en\/fc-barcelona-cadiz-cf-on-tv-when-where-to-watch-la-liga-match_289722_102\/"},"modified":"2024-11-21T03:15:00","modified_gmt":"2024-11-21T02:15:00","slug":"fc-barcelona-could-be-without-significant-player-for-the-match-against-celta_308744_102","status":"publish","type":"post","link":"https:\/\/www.fcbarcelonanoticias.com\/en\/laliga\/fc-barcelona-could-be-without-significant-player-for-the-match-against-celta_308744_102.html","title":{"rendered":"FC Barcelona could be without a significant player for the match against Celta"},"content":{"rendered":"<h2 class=\"wp-block-heading\">Bar\u00e7a could be without Lamine Yamal against Celta in Bala\u00eddos. The &#8217;19&#8217; still has pain in his ankle and his call-up is practically ruled out<\/h2>  \r\n<div class=\"article-addons\">\r\n    <a href=\"https:\/\/www.fcbarcelonanoticias.com\/en\/calendar-fc-barcelona.html\"\r\n       target=\"_self\"\r\n       title=\"Calendar of FC Barcelona\"\r\n       class=\"blue-gredient-btn\">\r\n       \r\n        Calendar of FC Barcelona    <\/a>\r\n<\/div>   <p><strong>Hansi Flick<\/strong> is said to have a &#8216;headache&#8217; for Saturday&#8217;s game against <strong>Celta <\/strong>in <strong>Bala\u00eddos<\/strong>. <a data-external=\"0\" data-intl-links-en=\"https:\/\/www.fcbarcelonanoticias.com\/en\/fc-barcelona\/the-five-signings-that-hansi-flick-is-expecting-when-he-returns-from-the-international-break_308717_102.html\" data-intl-links-es=\"https:\/\/www.fcbarcelonanoticias.com\/fc-barcelona\/cinco-fichajes-espera-hansi-flick-volver-paron-selecciones_308717_102.html\" href=\"https:\/\/www.fcbarcelonanoticias.com\/en\/fc-barcelona\/the-five-signings-that-hansi-flick-is-expecting-when-he-returns-from-the-international-break_308717_102.html\" rel=\"follow\" target=\"_self\" title=\"The five 'signings' that Hansi Flick is expecting after the return from the international break\">While Robert Lewandowski and Eric Garc\u00eda will be available for the German for the match in Vigo<\/a> and will return to training on Thursday, the sensations with Lamine Yamal are not entirely satisfactory and his presence in the first match after the break is up in the air.<\/p>  <p>In fact, sources from the Barcelona club revealed to the newspaper &#8216;AS&#8217; that &#8220;<strong>it is very difficult for (Lamine) to make it on Saturday<\/strong>.&#8221; The pain in the striker&#8217;s right ankle has not stopped and, as of today, his call-up for the match on November 23 is practically ruled out.<\/p>  <p><strong>Lamine <\/strong>received a hard blow to the ankle in the Champions League match against <strong>Red Star<\/strong>, which prevented him from playing against <strong>Real Sociedad<\/strong> in the last match before the FIFA date. Bar\u00e7a reported that he suffered &#8220;a grade one injury to the syndesmosis of his right ankle&#8221; and that he would be out for two to three weeks, a deadline that would expire on Saturday against <strong>Celta<\/strong>, although it is not ruled out that his return could be postponed to November 30, against <strong>Las Palmas<\/strong> in Montju\u00efc.<\/p>  <h3>A sensitive loss for Hansi Flick<\/h3>  <p>The player&#8217;s feelings will be what ends up marking his return to the pitch, and within the Bar\u00e7a dressing room they maintain that although his right ankle still hurts, if he plays with his foot bandaged he hardly feels any discomfort. However, it is a delicate injury <strong>and the club will handle his recovery with extreme caution<\/strong>.<\/p>  <p><strong>Yamal&#8217;s <\/strong>loss is a sensitive one for <strong>Flick<\/strong>, who has not been able to win in La Liga without the presence of the Bar\u00e7a star, losing to Osasuna (4-2) and Real Sociedad (1-0). However, the German will have the returns of <strong>Lewandowski, Eric Garcia, Frenkie de Jong and Hector Fort<\/strong>, representing a relief in the face of the challenge <a data-external=\"0\" data-intl-links-en=\"https:\/\/www.fcbarcelonanoticias.com\/en\/fc-barcelona\/laminedependencia-if-yamal-is-not-a-holder-fc-barcelona-loses_308530_102.html\" data-intl-links-es=\"https:\/\/www.fcbarcelonanoticias.com\/fc-barcelona\/laminedependencia-si-yamal-no-es-titular-fc-barcelona-pierde_308530_102.html\" href=\"https:\/\/www.fcbarcelonanoticias.com\/en\/fc-barcelona\/laminedependencia-if-yamal-is-not-a-holder-fc-barcelona-loses_308530_102.html\" rel=\"follow\" target=\"_self\" title=\"'Laminedependencia': If Yamal is not a starter, FC Barcelona loses\">of proving that there is no &#8216;Laminedependence&#8217; at Barca<\/a>.<\/p> ","protected":false},"excerpt":{"rendered":"<p>Bar\u00e7a could be without Lamine Yamal against Celta in Bala\u00eddos. The &#8217;19&#8217; still has pain in his ankle and his call-up is practically ruled out Hansi Flick is said to have a &#8216;headache&#8217; for Saturday&#8217;s game against Celta in Bala\u00eddos. While Robert Lewandowski and Eric Garc\u00eda will be available for the German for the match [&hellip;]<\/p>\n","protected":false},"author":358,"featured_media":52975,"comment_status":"closed","ping_status":"open","sticky":false,"template":"","format":"standard","meta":{"_acf_changed":false,"inline_featured_image":false,"_nextfly_llmd_date_locked":false,"footnotes":""},"categories":[448,114],"tags":[201,61,136],"class_list":["post-52966","post","type-post","status-publish","format-standard","has-post-thumbnail","hentry","category-laliga-2","category-laliga","tag-lineups","tag-fc-barcelona-vs-celta","tag-injured"],"acf":[],"yoast_head":"<!-- This site is optimized with the Yoast SEO plugin v27.3 - https:\/\/yoast.com\/product\/yoast-seo-wordpress\/ -->\n<title>FC Barcelona could be without a significant player for the match against Celta<\/title>\n<meta name=\"description\" content=\"Bar\u00e7a could be without Lamine Yamal against Celta in Bala\u00eddos. The &#039;19&#039; still has pain in his ankle and his call-up is practically ruled out\" \/>\n<meta name=\"robots\" content=\"index, follow, max-snippet:-1, max-image-preview:large, max-video-preview:-1\" \/>\n<link rel=\"canonical\" href=\"https:\/\/www.fcbarcelonanoticias.com\/en\/laliga\/fc-barcelona-could-be-without-significant-player-for-the-match-against-celta_308744_102.html\" \/>\n<meta property=\"og:locale\" content=\"en_US\" \/>\n<meta property=\"og:type\" content=\"article\" \/>\n<meta property=\"og:title\" content=\"FC Barcelona could be without a significant player for the match against Celta\" \/>\n<meta property=\"og:description\" content=\"Bar\u00e7a could be without Lamine Yamal against Celta in Bala\u00eddos. The &#039;19&#039; still has pain in his ankle and his call-up is practically ruled out\" \/>\n<meta property=\"og:url\" content=\"https:\/\/www.fcbarcelonanoticias.com\/en\/laliga\/fc-barcelona-could-be-without-significant-player-for-the-match-against-celta_308744_102.html\" \/>\n<meta property=\"og:site_name\" content=\"EN - FC Barcelona Noticias\" \/>\n<meta property=\"article:published_time\" content=\"2024-11-20T16:15:00+00:00\" \/>\n<meta property=\"article:modified_time\" content=\"2024-11-21T02:15:00+00:00\" \/>\n<meta property=\"og:image\" content=\"https:\/\/www.fcbarcelonanoticias.com\/en\/wp-content\/uploads\/sites\/2\/2024\/11\/jugadores-fc-barcelona-3.jpeg\" \/>\n\t<meta property=\"og:image:width\" content=\"1250\" \/>\n\t<meta property=\"og:image:height\" content=\"730\" \/>\n\t<meta property=\"og:image:type\" content=\"image\/jpeg\" \/>\n<meta name=\"author\" content=\"Juan Pablo Berdugo\" \/>\n<meta name=\"twitter:card\" content=\"summary_large_image\" \/>\n<meta name=\"twitter:label1\" content=\"Written by\" \/>\n\t<meta name=\"twitter:data1\" content=\"Juan Pablo Berdugo\" \/>\n\t<meta name=\"twitter:label2\" content=\"Est. reading time\" \/>\n\t<meta name=\"twitter:data2\" content=\"2 minutes\" \/>\n<script type=\"application\/ld+json\" class=\"yoast-schema-graph\">{\"@context\":\"https:\\\/\\\/schema.org\",\"@graph\":[{\"@type\":\"Article\",\"@id\":\"https:\\\/\\\/www.fcbarcelonanoticias.com\\\/en\\\/laliga\\\/fc-barcelona-could-be-without-significant-player-for-the-match-against-celta_308744_102.html#article\",\"isPartOf\":{\"@id\":\"https:\\\/\\\/www.fcbarcelonanoticias.com\\\/en\\\/laliga\\\/fc-barcelona-could-be-without-significant-player-for-the-match-against-celta_308744_102.html\"},\"author\":{\"name\":\"Juan Pablo Berdugo\",\"@id\":\"https:\\\/\\\/www.fcbarcelonanoticias.com\\\/en\\\/#\\\/schema\\\/person\\\/88d756918a0a1ae9fa593b5edddd1815\"},\"headline\":\"FC Barcelona could be without a significant player for the match against Celta\",\"datePublished\":\"2024-11-20T16:15:00+00:00\",\"dateModified\":\"2024-11-21T02:15:00+00:00\",\"mainEntityOfPage\":{\"@id\":\"https:\\\/\\\/www.fcbarcelonanoticias.com\\\/en\\\/laliga\\\/fc-barcelona-could-be-without-significant-player-for-the-match-against-celta_308744_102.html\"},\"wordCount\":379,\"image\":{\"@id\":\"https:\\\/\\\/www.fcbarcelonanoticias.com\\\/en\\\/laliga\\\/fc-barcelona-could-be-without-significant-player-for-the-match-against-celta_308744_102.html#primaryimage\"},\"thumbnailUrl\":\"https:\\\/\\\/www.fcbarcelonanoticias.com\\\/en\\\/wp-content\\\/uploads\\\/sites\\\/2\\\/2024\\\/11\\\/jugadores-fc-barcelona-3.jpeg\",\"keywords\":[\"FC Barcelona Lineups\",\"FC Barcelona vs Celta Vigo\",\"injured\"],\"articleSection\":[\"LaLiga\",\"LaLiga\"],\"inLanguage\":\"en-US\"},{\"@type\":\"WebPage\",\"@id\":\"https:\\\/\\\/www.fcbarcelonanoticias.com\\\/en\\\/laliga\\\/fc-barcelona-could-be-without-significant-player-for-the-match-against-celta_308744_102.html\",\"url\":\"https:\\\/\\\/www.fcbarcelonanoticias.com\\\/en\\\/laliga\\\/fc-barcelona-could-be-without-significant-player-for-the-match-against-celta_308744_102.html\",\"name\":\"FC Barcelona could be without a significant player for the match against Celta\",\"isPartOf\":{\"@id\":\"https:\\\/\\\/www.fcbarcelonanoticias.com\\\/en\\\/#website\"},\"primaryImageOfPage\":{\"@id\":\"https:\\\/\\\/www.fcbarcelonanoticias.com\\\/en\\\/laliga\\\/fc-barcelona-could-be-without-significant-player-for-the-match-against-celta_308744_102.html#primaryimage\"},\"image\":{\"@id\":\"https:\\\/\\\/www.fcbarcelonanoticias.com\\\/en\\\/laliga\\\/fc-barcelona-could-be-without-significant-player-for-the-match-against-celta_308744_102.html#primaryimage\"},\"thumbnailUrl\":\"https:\\\/\\\/www.fcbarcelonanoticias.com\\\/en\\\/wp-content\\\/uploads\\\/sites\\\/2\\\/2024\\\/11\\\/jugadores-fc-barcelona-3.jpeg\",\"datePublished\":\"2024-11-20T16:15:00+00:00\",\"dateModified\":\"2024-11-21T02:15:00+00:00\",\"author\":{\"@id\":\"https:\\\/\\\/www.fcbarcelonanoticias.com\\\/en\\\/#\\\/schema\\\/person\\\/88d756918a0a1ae9fa593b5edddd1815\"},\"description\":\"Bar\u00e7a could be without Lamine Yamal against Celta in Bala\u00eddos. The '19' still has pain in his ankle and his call-up is practically ruled out\",\"breadcrumb\":{\"@id\":\"https:\\\/\\\/www.fcbarcelonanoticias.com\\\/en\\\/laliga\\\/fc-barcelona-could-be-without-significant-player-for-the-match-against-celta_308744_102.html#breadcrumb\"},\"inLanguage\":\"en-US\",\"potentialAction\":[{\"@type\":\"ReadAction\",\"target\":[\"https:\\\/\\\/www.fcbarcelonanoticias.com\\\/en\\\/laliga\\\/fc-barcelona-could-be-without-significant-player-for-the-match-against-celta_308744_102.html\"]}]},{\"@type\":\"ImageObject\",\"inLanguage\":\"en-US\",\"@id\":\"https:\\\/\\\/www.fcbarcelonanoticias.com\\\/en\\\/laliga\\\/fc-barcelona-could-be-without-significant-player-for-the-match-against-celta_308744_102.html#primaryimage\",\"url\":\"https:\\\/\\\/www.fcbarcelonanoticias.com\\\/en\\\/wp-content\\\/uploads\\\/sites\\\/2\\\/2024\\\/11\\\/jugadores-fc-barcelona-3.jpeg\",\"contentUrl\":\"https:\\\/\\\/www.fcbarcelonanoticias.com\\\/en\\\/wp-content\\\/uploads\\\/sites\\\/2\\\/2024\\\/11\\\/jugadores-fc-barcelona-3.jpeg\",\"width\":1250,\"height\":730},{\"@type\":\"BreadcrumbList\",\"@id\":\"https:\\\/\\\/www.fcbarcelonanoticias.com\\\/en\\\/laliga\\\/fc-barcelona-could-be-without-significant-player-for-the-match-against-celta_308744_102.html#breadcrumb\",\"itemListElement\":[{\"@type\":\"ListItem\",\"position\":1,\"name\":\"Portada\",\"item\":\"https:\\\/\\\/www.fcbarcelonanoticias.com\\\/en\\\/\"},{\"@type\":\"ListItem\",\"position\":2,\"name\":\"FC Barcelona could be without a significant player for the match against Celta\"}]},{\"@type\":\"WebSite\",\"@id\":\"https:\\\/\\\/www.fcbarcelonanoticias.com\\\/en\\\/#website\",\"url\":\"https:\\\/\\\/www.fcbarcelonanoticias.com\\\/en\\\/\",\"name\":\"EN - FC Barcelona Noticias\",\"description\":\"\",\"potentialAction\":[{\"@type\":\"SearchAction\",\"target\":{\"@type\":\"EntryPoint\",\"urlTemplate\":\"https:\\\/\\\/www.fcbarcelonanoticias.com\\\/en\\\/?s={search_term_string}\"},\"query-input\":{\"@type\":\"PropertyValueSpecification\",\"valueRequired\":true,\"valueName\":\"search_term_string\"}}],\"inLanguage\":\"en-US\"},{\"@type\":\"Person\",\"@id\":\"https:\\\/\\\/www.fcbarcelonanoticias.com\\\/en\\\/#\\\/schema\\\/person\\\/88d756918a0a1ae9fa593b5edddd1815\",\"name\":\"Juan Pablo Berdugo\",\"image\":{\"@type\":\"ImageObject\",\"inLanguage\":\"en-US\",\"@id\":\"https:\\\/\\\/secure.gravatar.com\\\/avatar\\\/?s=96&d=mm&r=g\",\"url\":\"https:\\\/\\\/secure.gravatar.com\\\/avatar\\\/?s=96&d=mm&r=g\",\"contentUrl\":\"https:\\\/\\\/secure.gravatar.com\\\/avatar\\\/?s=96&d=mm&r=g\",\"caption\":\"Juan Pablo Berdugo\"},\"description\":\"Juan Pablo Berdugo es graduado en Periodismo. Colabora con FCBN como especialista en informaci\u00f3n del primer equipo del FC Barcelona, f\u00fatbol internacional y mercado de fichajes. Destaca por su enfoque anal\u00edtico, su rigor informativo y su capacidad para detectar tendencias emergentes en el f\u00fatbol global.\",\"url\":\"https:\\\/\\\/www.fcbarcelonanoticias.com\\\/en\\\/fc-barcelona\\\/juan-pablo-berdugo_18_115.html\"}]}<\/script>\n<!-- \/ Yoast SEO plugin. -->","yoast_head_json":{"title":"FC Barcelona could be without a significant player for the match against Celta","description":"Bar\u00e7a could be without Lamine Yamal against Celta in Bala\u00eddos. The '19' still has pain in his ankle and his call-up is practically ruled out","robots":{"index":"index","follow":"follow","max-snippet":"max-snippet:-1","max-image-preview":"max-image-preview:large","max-video-preview":"max-video-preview:-1"},"canonical":"https:\/\/www.fcbarcelonanoticias.com\/en\/laliga\/fc-barcelona-could-be-without-significant-player-for-the-match-against-celta_308744_102.html","og_locale":"en_US","og_type":"article","og_title":"FC Barcelona could be without a significant player for the match against Celta","og_description":"Bar\u00e7a could be without Lamine Yamal against Celta in Bala\u00eddos. The '19' still has pain in his ankle and his call-up is practically ruled out","og_url":"https:\/\/www.fcbarcelonanoticias.com\/en\/laliga\/fc-barcelona-could-be-without-significant-player-for-the-match-against-celta_308744_102.html","og_site_name":"EN - FC Barcelona Noticias","article_published_time":"2024-11-20T16:15:00+00:00","article_modified_time":"2024-11-21T02:15:00+00:00","og_image":[{"width":1250,"height":730,"url":"https:\/\/www.fcbarcelonanoticias.com\/en\/wp-content\/uploads\/sites\/2\/2024\/11\/jugadores-fc-barcelona-3.jpeg","type":"image\/jpeg"}],"author":"Juan Pablo Berdugo","twitter_card":"summary_large_image","twitter_misc":{"Written by":"Juan Pablo Berdugo","Est. reading time":"2 minutes"},"schema":{"@context":"https:\/\/schema.org","@graph":[{"@type":"Article","@id":"https:\/\/www.fcbarcelonanoticias.com\/en\/laliga\/fc-barcelona-could-be-without-significant-player-for-the-match-against-celta_308744_102.html#article","isPartOf":{"@id":"https:\/\/www.fcbarcelonanoticias.com\/en\/laliga\/fc-barcelona-could-be-without-significant-player-for-the-match-against-celta_308744_102.html"},"author":{"name":"Juan Pablo Berdugo","@id":"https:\/\/www.fcbarcelonanoticias.com\/en\/#\/schema\/person\/88d756918a0a1ae9fa593b5edddd1815"},"headline":"FC Barcelona could be without a significant player for the match against Celta","datePublished":"2024-11-20T16:15:00+00:00","dateModified":"2024-11-21T02:15:00+00:00","mainEntityOfPage":{"@id":"https:\/\/www.fcbarcelonanoticias.com\/en\/laliga\/fc-barcelona-could-be-without-significant-player-for-the-match-against-celta_308744_102.html"},"wordCount":379,"image":{"@id":"https:\/\/www.fcbarcelonanoticias.com\/en\/laliga\/fc-barcelona-could-be-without-significant-player-for-the-match-against-celta_308744_102.html#primaryimage"},"thumbnailUrl":"https:\/\/www.fcbarcelonanoticias.com\/en\/wp-content\/uploads\/sites\/2\/2024\/11\/jugadores-fc-barcelona-3.jpeg","keywords":["FC Barcelona Lineups","FC Barcelona vs Celta Vigo","injured"],"articleSection":["LaLiga","LaLiga"],"inLanguage":"en-US"},{"@type":"WebPage","@id":"https:\/\/www.fcbarcelonanoticias.com\/en\/laliga\/fc-barcelona-could-be-without-significant-player-for-the-match-against-celta_308744_102.html","url":"https:\/\/www.fcbarcelonanoticias.com\/en\/laliga\/fc-barcelona-could-be-without-significant-player-for-the-match-against-celta_308744_102.html","name":"FC Barcelona could be without a significant player for the match against Celta","isPartOf":{"@id":"https:\/\/www.fcbarcelonanoticias.com\/en\/#website"},"primaryImageOfPage":{"@id":"https:\/\/www.fcbarcelonanoticias.com\/en\/laliga\/fc-barcelona-could-be-without-significant-player-for-the-match-against-celta_308744_102.html#primaryimage"},"image":{"@id":"https:\/\/www.fcbarcelonanoticias.com\/en\/laliga\/fc-barcelona-could-be-without-significant-player-for-the-match-against-celta_308744_102.html#primaryimage"},"thumbnailUrl":"https:\/\/www.fcbarcelonanoticias.com\/en\/wp-content\/uploads\/sites\/2\/2024\/11\/jugadores-fc-barcelona-3.jpeg","datePublished":"2024-11-20T16:15:00+00:00","dateModified":"2024-11-21T02:15:00+00:00","author":{"@id":"https:\/\/www.fcbarcelonanoticias.com\/en\/#\/schema\/person\/88d756918a0a1ae9fa593b5edddd1815"},"description":"Bar\u00e7a could be without Lamine Yamal against Celta in Bala\u00eddos. The '19' still has pain in his ankle and his call-up is practically ruled out","breadcrumb":{"@id":"https:\/\/www.fcbarcelonanoticias.com\/en\/laliga\/fc-barcelona-could-be-without-significant-player-for-the-match-against-celta_308744_102.html#breadcrumb"},"inLanguage":"en-US","potentialAction":[{"@type":"ReadAction","target":["https:\/\/www.fcbarcelonanoticias.com\/en\/laliga\/fc-barcelona-could-be-without-significant-player-for-the-match-against-celta_308744_102.html"]}]},{"@type":"ImageObject","inLanguage":"en-US","@id":"https:\/\/www.fcbarcelonanoticias.com\/en\/laliga\/fc-barcelona-could-be-without-significant-player-for-the-match-against-celta_308744_102.html#primaryimage","url":"https:\/\/www.fcbarcelonanoticias.com\/en\/wp-content\/uploads\/sites\/2\/2024\/11\/jugadores-fc-barcelona-3.jpeg","contentUrl":"https:\/\/www.fcbarcelonanoticias.com\/en\/wp-content\/uploads\/sites\/2\/2024\/11\/jugadores-fc-barcelona-3.jpeg","width":1250,"height":730},{"@type":"BreadcrumbList","@id":"https:\/\/www.fcbarcelonanoticias.com\/en\/laliga\/fc-barcelona-could-be-without-significant-player-for-the-match-against-celta_308744_102.html#breadcrumb","itemListElement":[{"@type":"ListItem","position":1,"name":"Portada","item":"https:\/\/www.fcbarcelonanoticias.com\/en\/"},{"@type":"ListItem","position":2,"name":"FC Barcelona could be without a significant player for the match against Celta"}]},{"@type":"WebSite","@id":"https:\/\/www.fcbarcelonanoticias.com\/en\/#website","url":"https:\/\/www.fcbarcelonanoticias.com\/en\/","name":"EN - FC Barcelona Noticias","description":"","potentialAction":[{"@type":"SearchAction","target":{"@type":"EntryPoint","urlTemplate":"https:\/\/www.fcbarcelonanoticias.com\/en\/?s={search_term_string}"},"query-input":{"@type":"PropertyValueSpecification","valueRequired":true,"valueName":"search_term_string"}}],"inLanguage":"en-US"},{"@type":"Person","@id":"https:\/\/www.fcbarcelonanoticias.com\/en\/#\/schema\/person\/88d756918a0a1ae9fa593b5edddd1815","name":"Juan Pablo Berdugo","image":{"@type":"ImageObject","inLanguage":"en-US","@id":"https:\/\/secure.gravatar.com\/avatar\/?s=96&d=mm&r=g","url":"https:\/\/secure.gravatar.com\/avatar\/?s=96&d=mm&r=g","contentUrl":"https:\/\/secure.gravatar.com\/avatar\/?s=96&d=mm&r=g","caption":"Juan Pablo Berdugo"},"description":"Juan Pablo Berdugo es graduado en Periodismo. Colabora con FCBN como especialista en informaci\u00f3n del primer equipo del FC Barcelona, f\u00fatbol internacional y mercado de fichajes. Destaca por su enfoque anal\u00edtico, su rigor informativo y su capacidad para detectar tendencias emergentes en el f\u00fatbol global.","url":"https:\/\/www.fcbarcelonanoticias.com\/en\/fc-barcelona\/juan-pablo-berdugo_18_115.html"}]}},"_links":{"self":[{"href":"https:\/\/www.fcbarcelonanoticias.com\/en\/wp-json\/wp\/v2\/posts\/52966","targetHints":{"allow":["GET"]}}],"collection":[{"href":"https:\/\/www.fcbarcelonanoticias.com\/en\/wp-json\/wp\/v2\/posts"}],"about":[{"href":"https:\/\/www.fcbarcelonanoticias.com\/en\/wp-json\/wp\/v2\/types\/post"}],"author":[{"embeddable":true,"href":"https:\/\/www.fcbarcelonanoticias.com\/en\/wp-json\/wp\/v2\/users\/358"}],"replies":[{"embeddable":true,"href":"https:\/\/www.fcbarcelonanoticias.com\/en\/wp-json\/wp\/v2\/comments?post=52966"}],"version-history":[{"count":2,"href":"https:\/\/www.fcbarcelonanoticias.com\/en\/wp-json\/wp\/v2\/posts\/52966\/revisions"}],"predecessor-version":[{"id":52968,"href":"https:\/\/www.fcbarcelonanoticias.com\/en\/wp-json\/wp\/v2\/posts\/52966\/revisions\/52968"}],"wp:featuredmedia":[{"embeddable":true,"href":"https:\/\/www.fcbarcelonanoticias.com\/en\/wp-json\/wp\/v2\/media\/52975"}],"wp:attachment":[{"href":"https:\/\/www.fcbarcelonanoticias.com\/en\/wp-json\/wp\/v2\/media?parent=52966"}],"wp:term":[{"taxonomy":"category","embeddable":true,"href":"https:\/\/www.fcbarcelonanoticias.com\/en\/wp-json\/wp\/v2\/categories?post=52966"},{"taxonomy":"post_tag","embeddable":true,"href":"https:\/\/www.fcbarcelonanoticias.com\/en\/wp-json\/wp\/v2\/tags?post=52966"}],"curies":[{"name":"wp","href":"https:\/\/api.w.org\/{rel}","templated":true}]}}