{"id":5321,"date":"2026-01-19T22:20:00","date_gmt":"2026-01-19T21:20:00","guid":{"rendered":"https:\/\/weisetech.dev\/fc-barcelona-noticias\/en\/barca-will-face-slavia-prague-with-3-players-out-due-to-injury_315796_102\/"},"modified":"2026-01-19T22:22:00","modified_gmt":"2026-01-19T21:22:00","slug":"barca-will-face-slavia-prague-with-3-players-out-due-to-injury_315796_102","status":"publish","type":"post","link":"https:\/\/www.fcbarcelonanoticias.com\/en\/champions-league\/barca-will-face-slavia-prague-with-3-players-out-due-to-injury_315796_102.html","title":{"rendered":"INJURED: This is Bar\u00e7a&#8217;s infirmary against Slavia Prague"},"content":{"rendered":"<h2 class=\"wp-block-heading\">Hansi Flick will not be able to count on Ferran Torres for the visit to Slavia Prague. The forward is suffering from hamstring discomfort and will be out as a precaution<\/h2>  \r\n<div class=\"article-addons\">\r\n    <a href=\"https:\/\/www.fcbarcelonanoticias.com\/en\/calendar-fc-barcelona.html\"\r\n       target=\"_self\"\r\n       title=\"Calendar of FC Barcelona\"\r\n       class=\"blue-gredient-btn\">\r\n       \r\n        Calendar of FC Barcelona    <\/a>\r\n<\/div>   <p><strong>FC Barcelona<\/strong> visits <strong>Slavia Prague<\/strong> this Wednesday (21:00) for matchday 7 of the <strong>UEFA Champions League 2025\/26<\/strong> and will do so without their top scorer available. <strong>Ferran Torres<\/strong>, who has scored 15 goals in 27 games this season, will not travel to the Czech Republic after leaving the match against <strong>Real Sociedad<\/strong> (2-1) with hamstring discomfort.<\/p>  <p>The &#8216;Shark&#8217; was already out in October against <a data-external=\"0\" data-intl-links-en=\"https:\/\/www.fcbarcelonanoticias.com\/en\/laliga\/fc-barcelona-2-1-girona-highlights-laliga-25-26_315057_102.html\" data-intl-links-es=\"https:\/\/www.fcbarcelonanoticias.com\/laliga\/resumen-fc-barcelona-2-1-girona-laliga-25-26_315057_102.html\" href=\"https:\/\/www.fcbarcelonanoticias.com\/en\/laliga\/fc-barcelona-2-1-girona-highlights-laliga-25-26_315057_102.html\" rel=\"follow\" target=\"_self\" title=\"Resumen del FC Barcelona 2-1 Girona - LaLiga 25\/26\">Girona<\/a> (2-1) and <a data-external=\"0\" data-intl-links-en=\"https:\/\/www.fcbarcelonanoticias.com\/en\/champions-league\/barcelona-6-1-olympiacos-summary-champions-league-25-26_315092_102.html\" data-intl-links-es=\"https:\/\/www.fcbarcelonanoticias.com\/champions-league\/resumen-fc-barcelona-6-1-olympiacos-champions-league-25-26_315092_102.html\" href=\"https:\/\/www.fcbarcelonanoticias.com\/en\/champions-league\/barcelona-6-1-olympiacos-summary-champions-league-25-26_315092_102.html\" rel=\"follow\" target=\"_self\" title=\"Resumen del FC Barcelona 6-1 Olympiacos- Champions League 25\/26\">Olympiacos<\/a> (6-1) due to muscular overload in the same area and, as a precaution, will be out against Slavia. The &#8216;7&#8217; played 62 minutes against Real, being replaced by <strong>Robert Lewandowski<\/strong>. The Pole will surely be the team&#8217;s &#8216;9&#8217; on Wednesday, likely forming the attacking trident alongside <strong>Roony Bardghji<\/strong> and <b>Raphinha<\/b><\/p>  <h2>Pedri, touch and go for the visit to Slavia Prague<\/h2>  <p>With matchday 7 of the Champions League approaching, <strong>Pedri Gonz\u00e1lez<\/strong> is also a doubt. The midfielder suffered <strong>a very tough tackle from Carlos Soler<\/strong> in the final minutes of the match, which led to the expulsion of the player from the San Sebasti\u00e1n team. Fortunately, <strong>there was no injury to the &#8216;8&#8217; of the Catalan team&#8217;s right ankle<\/strong>, but the Canary Islander left Anoeta in a lot of pain.<\/p>  <p>In that regard, although he will travel with the team to Prague, it would not be surprising if **Hansi Flick** rested the player from Tegueste on Wednesday. The blow was very hard and, just as happened with <a data-external=\"0\" data-intl-links-en=\"https:\/\/www.fcbarcelonanoticias.com\/en\/laliga\/raphinha-out-for-real-sociedad-barcelona-find-out-why_315780_102.html\" data-intl-links-es=\"https:\/\/www.fcbarcelonanoticias.com\/laliga\/raphinha-se-pierde-real-sociedad-barcelona-brasileno-baja-por-precaucion_315780_102.html\" href=\"https:\/\/www.fcbarcelonanoticias.com\/en\/laliga\/raphinha-out-for-real-sociedad-barcelona-find-out-why_315780_102.html\" rel=\"follow\" target=\"_self\" title=\"Raphinha se pierde el Real Sociedad-Barcelona: el brasile\u00f1o, baja por precauci\u00f3n\">Raphinha<\/a> after the visit to Racing (0-2), the coaching staff will not take risks by forcing one of his starters if the player arrives with any discomfort<\/p>  <p>The Brazilian was out as a precaution against Real Sociedad due to discomfort in his right thigh. If Pedri does not train normally in the session prior to the match, he will surely remain on the bench. In that case, <strong>Dani Olmo<\/strong> could take his place, accompanying <strong>Frenkie de Jong<\/strong> in midfield.<\/p>  <h2>Raphinha, ready to reappear in Champions League this Wednesday<\/h2>  <p>On the contrary, he should be available from the start against Slavia Prague. The &#8217;11&#8217; trained normally on Monday at the Ciutat Esportiva and is aiming for the starting XI for matchday 7 of the Champions League. Rapha was a starter and played 66 minutes against <a data-external=\"0\" data-intl-links-en=\"https:\/\/www.fcbarcelonanoticias.com\/en\/champions-league\/fc-barcelona-2-1-eintracht-frankfurt-champions-league_315490_102.html\" data-intl-links-es=\"https:\/\/www.fcbarcelonanoticias.com\/champions-league\/resumen-fc-barcelona-2-1-eintracht-frankfurt-champions-league-25-26_315490_102.html\" href=\"https:\/\/www.fcbarcelonanoticias.com\/en\/champions-league\/fc-barcelona-2-1-eintracht-frankfurt-champions-league_315490_102.html\" rel=\"follow\" target=\"_self\" title=\"Resumen del FC Barcelona 2-1 Eintracht Frankfurt - Champions League 25\/26\">Eintracht<\/a> (2-1), but has yet to score in the tournament where, <a data-external=\"0\" data-intl-links-en=\"https:\/\/www.fcbarcelonanoticias.com\/en\/champions-league\/champions-24-25-final-scorers-table-raphinha-pichichi_312878_102.html\" data-intl-links-es=\"https:\/\/www.fcbarcelonanoticias.com\/champions-league\/tabla-goleadores-final-champions-24-25-raphinha-se-queda-con-pichichi_312878_102.html\" href=\"https:\/\/www.fcbarcelonanoticias.com\/en\/football\/champions-league\/champions-24-25-final-scorers-table-raphinha-pichichi_312878_102.html\" rel=\"follow\" target=\"_self\" title=\"Tabla de goleadores final Champions 24\/25: Raphinha se queda con el Pichichi\">in 24\/25, he was the Pichichi<\/a> with 13 goals (tied with <strong>Serhou Guirrassy<\/strong>).<\/p>  <p>In addition to Ferran Torres, the other confirmed absences for Barcelona on Wednesday, due to injury, are **Pablo Gavi** and **Andreas Christensen**. Both are recovering from long-term injuries, and in the case of the Dane, he will likely spend the rest of the season in the infirmary. The midfielder, on the other hand, will be out for at least another month<\/p>  <p>The other absences for Bar\u00e7a in Prague will be <strong><a data-external=\"0\" data-intl-links-en=\"https:\/\/www.fcbarcelonanoticias.com\/en\/lamine-yamal-fc-barcelona-player.html\" data-intl-links-es=\"https:\/\/www.fcbarcelonanoticias.com\/lamine-yamal.html\" href=\"https:\/\/www.fcbarcelonanoticias.com\/en\/lamine-yamal-fc-barcelona-player.html\" rel=\"follow\" target=\"_self\" title=\"Lamine Yamal\">Lamine Yamal<\/a><\/strong>, <a data-external=\"0\" data-intl-links-en=\"https:\/\/www.fcbarcelonanoticias.com\/en\/transfers\/verbal-agreement-between-girona-and-barca-for-ter-stegen-loan_315795_102.html\" data-intl-links-es=\"https:\/\/www.fcbarcelonanoticias.com\/fichajes\/acuerdo-verbal-entre-girona-barca-por-cesion-ter-stegen_315795_102.html\" href=\"https:\/\/www.fcbarcelonanoticias.com\/en\/transfers\/verbal-agreement-between-girona-and-barca-for-ter-stegen-loan_315795_102.html\" rel=\"follow\" target=\"_self\" title=\"Acuerdo verbal entre Girona y Bar\u00e7a por la cesi\u00f3n de Ter Stegen\">Marc-Andr\u00e9 ter Stegen<\/a>, and <a data-external=\"0\" data-intl-links-en=\"https:\/\/www.fcbarcelonanoticias.com\/en\/transfers\/psg-will-pay-barcelona-6-millions-for-dro-fernandez-clause_315775_102.html\" data-intl-links-es=\"https:\/\/www.fcbarcelonanoticias.com\/fichajes\/acuerdo-cerrado-psg-pagara-barcelona-clausula-dro-fernandez_315775_102.html\" href=\"https:\/\/www.fcbarcelonanoticias.com\/en\/transfers\/psg-will-pay-barcelona-6-millions-for-dro-fernandez-clause_315775_102.html\" rel=\"follow\" target=\"_self\" title=\"Acuerdo cerrado: el PSG pagar\u00e1 al Bar\u00e7a la cl\u00e1usula de 'Dro' Fern\u00e1ndez\">&#8216;Dro&#8217; Fern\u00e1ndez<\/a>. The &#8217;10&#8217; is out due to suspension, while the German goalkeeper is very close to finalizing his loan to Girona. The 18-year-old midfielder, likewise, is expected to be transferred to PSG soon.<\/p> ","protected":false},"excerpt":{"rendered":"<p>Hansi Flick will not be able to count on Ferran Torres for the visit to Slavia Prague. The forward is suffering from hamstring discomfort and will be out as a precaution FC Barcelona visits Slavia Prague this Wednesday (21:00) for matchday 7 of the UEFA Champions League 2025\/26 and will do so without their top [&hellip;]<\/p>\n","protected":false},"author":347,"featured_media":5322,"comment_status":"closed","ping_status":"open","sticky":false,"template":"","format":"standard","meta":{"_acf_changed":false,"inline_featured_image":false,"_nextfly_llmd_date_locked":false,"footnotes":""},"categories":[112,447],"tags":[471,195,87,136,464,149,463,144],"class_list":["post-5321","post","type-post","status-publish","format-standard","has-post-thumbnail","hentry","category-champions-league","category-champions-league-2","tag-ferran-torres-2","tag-ferran-torres","tag-hansi-flick","tag-injured","tag-pedri-2","tag-pedri","tag-raphinha-2","tag-raphinha"],"acf":[],"yoast_head":"<!-- This site is optimized with the Yoast SEO plugin v27.3 - https:\/\/yoast.com\/product\/yoast-seo-wordpress\/ -->\n<title>Bar\u00e7a will face Slavia Prague with 3 players out due to injury<\/title>\n<meta name=\"description\" content=\"Hansi Flick will not be able to count on Ferran Torres for the visit to Slavia Prague. Find out which other players are out for Bar\u00e7a for Matchday 7 - Champions\" \/>\n<meta name=\"robots\" content=\"index, follow, max-snippet:-1, max-image-preview:large, max-video-preview:-1\" \/>\n<link rel=\"canonical\" href=\"https:\/\/www.fcbarcelonanoticias.com\/en\/champions-league\/barca-will-face-slavia-prague-with-3-players-out-due-to-injury_315796_102.html\" \/>\n<meta property=\"og:locale\" content=\"en_US\" \/>\n<meta property=\"og:type\" content=\"article\" \/>\n<meta property=\"og:title\" content=\"Bar\u00e7a will face Slavia Prague with 3 players out due to injury\" \/>\n<meta property=\"og:description\" content=\"Hansi Flick will not be able to count on Ferran Torres for the visit to Slavia Prague. Find out which other players are out for Bar\u00e7a for Matchday 7 - Champions\" \/>\n<meta property=\"og:url\" content=\"https:\/\/www.fcbarcelonanoticias.com\/en\/champions-league\/barca-will-face-slavia-prague-with-3-players-out-due-to-injury_315796_102.html\" \/>\n<meta property=\"og:site_name\" content=\"EN - FC Barcelona Noticias\" \/>\n<meta property=\"article:published_time\" content=\"2026-01-19T21:20:00+00:00\" \/>\n<meta property=\"article:modified_time\" content=\"2026-01-19T21:22:00+00:00\" \/>\n<meta property=\"og:image\" content=\"https:\/\/www.fcbarcelonanoticias.com\/en\/wp-content\/uploads\/sites\/2\/2026\/01\/ferran-torres-calentamiento-barcelona-25-26.jpeg\" \/>\n\t<meta property=\"og:image:width\" content=\"1300\" \/>\n\t<meta property=\"og:image:height\" content=\"732\" \/>\n\t<meta property=\"og:image:type\" content=\"image\/jpeg\" \/>\n<meta name=\"author\" content=\"Andr\u00e9s Quiroz\" \/>\n<meta name=\"twitter:card\" content=\"summary_large_image\" \/>\n<meta name=\"twitter:label1\" content=\"Written by\" \/>\n\t<meta name=\"twitter:data1\" content=\"Andr\u00e9s Quiroz\" \/>\n\t<meta name=\"twitter:label2\" content=\"Est. reading time\" \/>\n\t<meta name=\"twitter:data2\" content=\"3 minutes\" \/>\n<script type=\"application\/ld+json\" class=\"yoast-schema-graph\">{\"@context\":\"https:\\\/\\\/schema.org\",\"@graph\":[{\"@type\":\"Article\",\"@id\":\"https:\\\/\\\/www.fcbarcelonanoticias.com\\\/en\\\/champions-league\\\/barca-will-face-slavia-prague-with-3-players-out-due-to-injury_315796_102.html#article\",\"isPartOf\":{\"@id\":\"https:\\\/\\\/www.fcbarcelonanoticias.com\\\/en\\\/champions-league\\\/barca-will-face-slavia-prague-with-3-players-out-due-to-injury_315796_102.html\"},\"author\":{\"name\":\"Andr\u00e9s Quiroz\",\"@id\":\"https:\\\/\\\/www.fcbarcelonanoticias.com\\\/en\\\/#\\\/schema\\\/person\\\/c2cd9f6fa1af5c0d0eccd0fefa575c88\"},\"headline\":\"INJURED: This is Bar\u00e7a&#8217;s infirmary against Slavia Prague\",\"datePublished\":\"2026-01-19T21:20:00+00:00\",\"dateModified\":\"2026-01-19T21:22:00+00:00\",\"mainEntityOfPage\":{\"@id\":\"https:\\\/\\\/www.fcbarcelonanoticias.com\\\/en\\\/champions-league\\\/barca-will-face-slavia-prague-with-3-players-out-due-to-injury_315796_102.html\"},\"wordCount\":533,\"image\":{\"@id\":\"https:\\\/\\\/www.fcbarcelonanoticias.com\\\/en\\\/champions-league\\\/barca-will-face-slavia-prague-with-3-players-out-due-to-injury_315796_102.html#primaryimage\"},\"thumbnailUrl\":\"https:\\\/\\\/www.fcbarcelonanoticias.com\\\/en\\\/wp-content\\\/uploads\\\/sites\\\/2\\\/2026\\\/01\\\/ferran-torres-calentamiento-barcelona-25-26.jpeg\",\"keywords\":[\"Ferran Torres\",\"Ferran Torres\",\"Hansi Flick\",\"injured\",\"Pedri\",\"Pedri\",\"Raphinha\",\"Raphinha\"],\"articleSection\":[\"Champions League\",\"Champions League\"],\"inLanguage\":\"en-US\"},{\"@type\":\"WebPage\",\"@id\":\"https:\\\/\\\/www.fcbarcelonanoticias.com\\\/en\\\/champions-league\\\/barca-will-face-slavia-prague-with-3-players-out-due-to-injury_315796_102.html\",\"url\":\"https:\\\/\\\/www.fcbarcelonanoticias.com\\\/en\\\/champions-league\\\/barca-will-face-slavia-prague-with-3-players-out-due-to-injury_315796_102.html\",\"name\":\"Bar\u00e7a will face Slavia Prague with 3 players out due to injury\",\"isPartOf\":{\"@id\":\"https:\\\/\\\/www.fcbarcelonanoticias.com\\\/en\\\/#website\"},\"primaryImageOfPage\":{\"@id\":\"https:\\\/\\\/www.fcbarcelonanoticias.com\\\/en\\\/champions-league\\\/barca-will-face-slavia-prague-with-3-players-out-due-to-injury_315796_102.html#primaryimage\"},\"image\":{\"@id\":\"https:\\\/\\\/www.fcbarcelonanoticias.com\\\/en\\\/champions-league\\\/barca-will-face-slavia-prague-with-3-players-out-due-to-injury_315796_102.html#primaryimage\"},\"thumbnailUrl\":\"https:\\\/\\\/www.fcbarcelonanoticias.com\\\/en\\\/wp-content\\\/uploads\\\/sites\\\/2\\\/2026\\\/01\\\/ferran-torres-calentamiento-barcelona-25-26.jpeg\",\"datePublished\":\"2026-01-19T21:20:00+00:00\",\"dateModified\":\"2026-01-19T21:22:00+00:00\",\"author\":{\"@id\":\"https:\\\/\\\/www.fcbarcelonanoticias.com\\\/en\\\/#\\\/schema\\\/person\\\/c2cd9f6fa1af5c0d0eccd0fefa575c88\"},\"description\":\"Hansi Flick will not be able to count on Ferran Torres for the visit to Slavia Prague. Find out which other players are out for Bar\u00e7a for Matchday 7 - Champions\",\"breadcrumb\":{\"@id\":\"https:\\\/\\\/www.fcbarcelonanoticias.com\\\/en\\\/champions-league\\\/barca-will-face-slavia-prague-with-3-players-out-due-to-injury_315796_102.html#breadcrumb\"},\"inLanguage\":\"en-US\",\"potentialAction\":[{\"@type\":\"ReadAction\",\"target\":[\"https:\\\/\\\/www.fcbarcelonanoticias.com\\\/en\\\/champions-league\\\/barca-will-face-slavia-prague-with-3-players-out-due-to-injury_315796_102.html\"]}]},{\"@type\":\"ImageObject\",\"inLanguage\":\"en-US\",\"@id\":\"https:\\\/\\\/www.fcbarcelonanoticias.com\\\/en\\\/champions-league\\\/barca-will-face-slavia-prague-with-3-players-out-due-to-injury_315796_102.html#primaryimage\",\"url\":\"https:\\\/\\\/www.fcbarcelonanoticias.com\\\/en\\\/wp-content\\\/uploads\\\/sites\\\/2\\\/2026\\\/01\\\/ferran-torres-calentamiento-barcelona-25-26.jpeg\",\"contentUrl\":\"https:\\\/\\\/www.fcbarcelonanoticias.com\\\/en\\\/wp-content\\\/uploads\\\/sites\\\/2\\\/2026\\\/01\\\/ferran-torres-calentamiento-barcelona-25-26.jpeg\",\"width\":1300,\"height\":732},{\"@type\":\"BreadcrumbList\",\"@id\":\"https:\\\/\\\/www.fcbarcelonanoticias.com\\\/en\\\/champions-league\\\/barca-will-face-slavia-prague-with-3-players-out-due-to-injury_315796_102.html#breadcrumb\",\"itemListElement\":[{\"@type\":\"ListItem\",\"position\":1,\"name\":\"Portada\",\"item\":\"https:\\\/\\\/www.fcbarcelonanoticias.com\\\/en\\\/\"},{\"@type\":\"ListItem\",\"position\":2,\"name\":\"INJURED: This is Bar\u00e7a&#8217;s infirmary against Slavia Prague\"}]},{\"@type\":\"WebSite\",\"@id\":\"https:\\\/\\\/www.fcbarcelonanoticias.com\\\/en\\\/#website\",\"url\":\"https:\\\/\\\/www.fcbarcelonanoticias.com\\\/en\\\/\",\"name\":\"EN - FC Barcelona Noticias\",\"description\":\"\",\"potentialAction\":[{\"@type\":\"SearchAction\",\"target\":{\"@type\":\"EntryPoint\",\"urlTemplate\":\"https:\\\/\\\/www.fcbarcelonanoticias.com\\\/en\\\/?s={search_term_string}\"},\"query-input\":{\"@type\":\"PropertyValueSpecification\",\"valueRequired\":true,\"valueName\":\"search_term_string\"}}],\"inLanguage\":\"en-US\"},{\"@type\":\"Person\",\"@id\":\"https:\\\/\\\/www.fcbarcelonanoticias.com\\\/en\\\/#\\\/schema\\\/person\\\/c2cd9f6fa1af5c0d0eccd0fefa575c88\",\"name\":\"Andr\u00e9s Quiroz\",\"image\":{\"@type\":\"ImageObject\",\"inLanguage\":\"en-US\",\"@id\":\"https:\\\/\\\/secure.gravatar.com\\\/avatar\\\/?s=96&d=mm&r=g\",\"url\":\"https:\\\/\\\/secure.gravatar.com\\\/avatar\\\/?s=96&d=mm&r=g\",\"contentUrl\":\"https:\\\/\\\/secure.gravatar.com\\\/avatar\\\/?s=96&d=mm&r=g\",\"caption\":\"Andr\u00e9s Quiroz\"},\"description\":\"Licenciado en Periodismo por la Universidad de los Andes. Me encargo de analizar y compartir los contenidos m\u00e1s destacados de la\u00a0actualidad del F\u00fatbol Club Barcelona, Mercado de Fichajes y F\u00fatbol Internacional en FCBN. La informaci\u00f3n es poder, pero tambi\u00e9n conocimiento.\",\"url\":\"https:\\\/\\\/www.fcbarcelonanoticias.com\\\/en\\\/fc-barcelona\\\/andres-quiroz_17_115.html\"}]}<\/script>\n<!-- \/ Yoast SEO plugin. -->","yoast_head_json":{"title":"Bar\u00e7a will face Slavia Prague with 3 players out due to injury","description":"Hansi Flick will not be able to count on Ferran Torres for the visit to Slavia Prague. Find out which other players are out for Bar\u00e7a for Matchday 7 - Champions","robots":{"index":"index","follow":"follow","max-snippet":"max-snippet:-1","max-image-preview":"max-image-preview:large","max-video-preview":"max-video-preview:-1"},"canonical":"https:\/\/www.fcbarcelonanoticias.com\/en\/champions-league\/barca-will-face-slavia-prague-with-3-players-out-due-to-injury_315796_102.html","og_locale":"en_US","og_type":"article","og_title":"Bar\u00e7a will face Slavia Prague with 3 players out due to injury","og_description":"Hansi Flick will not be able to count on Ferran Torres for the visit to Slavia Prague. Find out which other players are out for Bar\u00e7a for Matchday 7 - Champions","og_url":"https:\/\/www.fcbarcelonanoticias.com\/en\/champions-league\/barca-will-face-slavia-prague-with-3-players-out-due-to-injury_315796_102.html","og_site_name":"EN - FC Barcelona Noticias","article_published_time":"2026-01-19T21:20:00+00:00","article_modified_time":"2026-01-19T21:22:00+00:00","og_image":[{"width":1300,"height":732,"url":"https:\/\/www.fcbarcelonanoticias.com\/en\/wp-content\/uploads\/sites\/2\/2026\/01\/ferran-torres-calentamiento-barcelona-25-26.jpeg","type":"image\/jpeg"}],"author":"Andr\u00e9s Quiroz","twitter_card":"summary_large_image","twitter_misc":{"Written by":"Andr\u00e9s Quiroz","Est. reading time":"3 minutes"},"schema":{"@context":"https:\/\/schema.org","@graph":[{"@type":"Article","@id":"https:\/\/www.fcbarcelonanoticias.com\/en\/champions-league\/barca-will-face-slavia-prague-with-3-players-out-due-to-injury_315796_102.html#article","isPartOf":{"@id":"https:\/\/www.fcbarcelonanoticias.com\/en\/champions-league\/barca-will-face-slavia-prague-with-3-players-out-due-to-injury_315796_102.html"},"author":{"name":"Andr\u00e9s Quiroz","@id":"https:\/\/www.fcbarcelonanoticias.com\/en\/#\/schema\/person\/c2cd9f6fa1af5c0d0eccd0fefa575c88"},"headline":"INJURED: This is Bar\u00e7a&#8217;s infirmary against Slavia Prague","datePublished":"2026-01-19T21:20:00+00:00","dateModified":"2026-01-19T21:22:00+00:00","mainEntityOfPage":{"@id":"https:\/\/www.fcbarcelonanoticias.com\/en\/champions-league\/barca-will-face-slavia-prague-with-3-players-out-due-to-injury_315796_102.html"},"wordCount":533,"image":{"@id":"https:\/\/www.fcbarcelonanoticias.com\/en\/champions-league\/barca-will-face-slavia-prague-with-3-players-out-due-to-injury_315796_102.html#primaryimage"},"thumbnailUrl":"https:\/\/www.fcbarcelonanoticias.com\/en\/wp-content\/uploads\/sites\/2\/2026\/01\/ferran-torres-calentamiento-barcelona-25-26.jpeg","keywords":["Ferran Torres","Ferran Torres","Hansi Flick","injured","Pedri","Pedri","Raphinha","Raphinha"],"articleSection":["Champions League","Champions League"],"inLanguage":"en-US"},{"@type":"WebPage","@id":"https:\/\/www.fcbarcelonanoticias.com\/en\/champions-league\/barca-will-face-slavia-prague-with-3-players-out-due-to-injury_315796_102.html","url":"https:\/\/www.fcbarcelonanoticias.com\/en\/champions-league\/barca-will-face-slavia-prague-with-3-players-out-due-to-injury_315796_102.html","name":"Bar\u00e7a will face Slavia Prague with 3 players out due to injury","isPartOf":{"@id":"https:\/\/www.fcbarcelonanoticias.com\/en\/#website"},"primaryImageOfPage":{"@id":"https:\/\/www.fcbarcelonanoticias.com\/en\/champions-league\/barca-will-face-slavia-prague-with-3-players-out-due-to-injury_315796_102.html#primaryimage"},"image":{"@id":"https:\/\/www.fcbarcelonanoticias.com\/en\/champions-league\/barca-will-face-slavia-prague-with-3-players-out-due-to-injury_315796_102.html#primaryimage"},"thumbnailUrl":"https:\/\/www.fcbarcelonanoticias.com\/en\/wp-content\/uploads\/sites\/2\/2026\/01\/ferran-torres-calentamiento-barcelona-25-26.jpeg","datePublished":"2026-01-19T21:20:00+00:00","dateModified":"2026-01-19T21:22:00+00:00","author":{"@id":"https:\/\/www.fcbarcelonanoticias.com\/en\/#\/schema\/person\/c2cd9f6fa1af5c0d0eccd0fefa575c88"},"description":"Hansi Flick will not be able to count on Ferran Torres for the visit to Slavia Prague. Find out which other players are out for Bar\u00e7a for Matchday 7 - Champions","breadcrumb":{"@id":"https:\/\/www.fcbarcelonanoticias.com\/en\/champions-league\/barca-will-face-slavia-prague-with-3-players-out-due-to-injury_315796_102.html#breadcrumb"},"inLanguage":"en-US","potentialAction":[{"@type":"ReadAction","target":["https:\/\/www.fcbarcelonanoticias.com\/en\/champions-league\/barca-will-face-slavia-prague-with-3-players-out-due-to-injury_315796_102.html"]}]},{"@type":"ImageObject","inLanguage":"en-US","@id":"https:\/\/www.fcbarcelonanoticias.com\/en\/champions-league\/barca-will-face-slavia-prague-with-3-players-out-due-to-injury_315796_102.html#primaryimage","url":"https:\/\/www.fcbarcelonanoticias.com\/en\/wp-content\/uploads\/sites\/2\/2026\/01\/ferran-torres-calentamiento-barcelona-25-26.jpeg","contentUrl":"https:\/\/www.fcbarcelonanoticias.com\/en\/wp-content\/uploads\/sites\/2\/2026\/01\/ferran-torres-calentamiento-barcelona-25-26.jpeg","width":1300,"height":732},{"@type":"BreadcrumbList","@id":"https:\/\/www.fcbarcelonanoticias.com\/en\/champions-league\/barca-will-face-slavia-prague-with-3-players-out-due-to-injury_315796_102.html#breadcrumb","itemListElement":[{"@type":"ListItem","position":1,"name":"Portada","item":"https:\/\/www.fcbarcelonanoticias.com\/en\/"},{"@type":"ListItem","position":2,"name":"INJURED: This is Bar\u00e7a&#8217;s infirmary against Slavia Prague"}]},{"@type":"WebSite","@id":"https:\/\/www.fcbarcelonanoticias.com\/en\/#website","url":"https:\/\/www.fcbarcelonanoticias.com\/en\/","name":"EN - FC Barcelona Noticias","description":"","potentialAction":[{"@type":"SearchAction","target":{"@type":"EntryPoint","urlTemplate":"https:\/\/www.fcbarcelonanoticias.com\/en\/?s={search_term_string}"},"query-input":{"@type":"PropertyValueSpecification","valueRequired":true,"valueName":"search_term_string"}}],"inLanguage":"en-US"},{"@type":"Person","@id":"https:\/\/www.fcbarcelonanoticias.com\/en\/#\/schema\/person\/c2cd9f6fa1af5c0d0eccd0fefa575c88","name":"Andr\u00e9s Quiroz","image":{"@type":"ImageObject","inLanguage":"en-US","@id":"https:\/\/secure.gravatar.com\/avatar\/?s=96&d=mm&r=g","url":"https:\/\/secure.gravatar.com\/avatar\/?s=96&d=mm&r=g","contentUrl":"https:\/\/secure.gravatar.com\/avatar\/?s=96&d=mm&r=g","caption":"Andr\u00e9s Quiroz"},"description":"Licenciado en Periodismo por la Universidad de los Andes. Me encargo de analizar y compartir los contenidos m\u00e1s destacados de la\u00a0actualidad del F\u00fatbol Club Barcelona, Mercado de Fichajes y F\u00fatbol Internacional en FCBN. La informaci\u00f3n es poder, pero tambi\u00e9n conocimiento.","url":"https:\/\/www.fcbarcelonanoticias.com\/en\/fc-barcelona\/andres-quiroz_17_115.html"}]}},"_links":{"self":[{"href":"https:\/\/www.fcbarcelonanoticias.com\/en\/wp-json\/wp\/v2\/posts\/5321","targetHints":{"allow":["GET"]}}],"collection":[{"href":"https:\/\/www.fcbarcelonanoticias.com\/en\/wp-json\/wp\/v2\/posts"}],"about":[{"href":"https:\/\/www.fcbarcelonanoticias.com\/en\/wp-json\/wp\/v2\/types\/post"}],"author":[{"embeddable":true,"href":"https:\/\/www.fcbarcelonanoticias.com\/en\/wp-json\/wp\/v2\/users\/347"}],"replies":[{"embeddable":true,"href":"https:\/\/www.fcbarcelonanoticias.com\/en\/wp-json\/wp\/v2\/comments?post=5321"}],"version-history":[{"count":1,"href":"https:\/\/www.fcbarcelonanoticias.com\/en\/wp-json\/wp\/v2\/posts\/5321\/revisions"}],"predecessor-version":[{"id":103149,"href":"https:\/\/www.fcbarcelonanoticias.com\/en\/wp-json\/wp\/v2\/posts\/5321\/revisions\/103149"}],"wp:featuredmedia":[{"embeddable":true,"href":"https:\/\/www.fcbarcelonanoticias.com\/en\/wp-json\/wp\/v2\/media\/5322"}],"wp:attachment":[{"href":"https:\/\/www.fcbarcelonanoticias.com\/en\/wp-json\/wp\/v2\/media?parent=5321"}],"wp:term":[{"taxonomy":"category","embeddable":true,"href":"https:\/\/www.fcbarcelonanoticias.com\/en\/wp-json\/wp\/v2\/categories?post=5321"},{"taxonomy":"post_tag","embeddable":true,"href":"https:\/\/www.fcbarcelonanoticias.com\/en\/wp-json\/wp\/v2\/tags?post=5321"}],"curies":[{"name":"wp","href":"https:\/\/api.w.org\/{rel}","templated":true}]}}