{"id":53229,"date":"2025-08-19T19:23:00","date_gmt":"2025-08-19T17:23:00","guid":{"rendered":"https:\/\/weisetech.dev\/fc-barcelona-noticias\/en\/fc-barcelona-has-room-to-make-registrations_314233_102\/"},"modified":"2026-04-16T09:04:17","modified_gmt":"2026-04-16T07:04:17","slug":"fc-barcelona-has-room-to-make-registrations_314233_102","status":"publish","type":"post","link":"https:\/\/www.fcbarcelonanoticias.com\/en\/laliga\/fc-barcelona-has-room-to-make-registrations_314233_102.html","title":{"rendered":"FC Barcelona has room to make registrations: How much time do they have left?"},"content":{"rendered":"<h2 class=\"wp-block-heading\">Bar\u00e7a has up to five players pending registration. Despite this, they still have enough margin to make their registrations<\/h2>  \r\n<div class=\"article-addons\">\r\n    <a href=\"https:\/\/www.fcbarcelonanoticias.com\/en\/calendar-fc-barcelona.html\"\r\n       target=\"_self\"\r\n       title=\"Calendar of FC Barcelona\"\r\n       class=\"blue-gredient-btn\">\r\n       \r\n        Calendar of FC Barcelona    <\/a>\r\n<\/div>   <p><strong>FC Barcelona<\/strong> began their journey in LaLiga 2025\/26 <a data-external=\"0\" data-intl-links-en=\"https:\/\/www.fcbarcelonanoticias.com\/en\/laliga\/mallorca-0-3-barcelona-goalscoring-debut-for-league-champion_314159_102.html\" data-intl-links-es=\"https:\/\/www.fcbarcelonanoticias.com\/laliga\/rcd-mallorca-0-3-fc-barcelona-debut-10-campeon-liga_314159_102.html\" href=\"https:\/\/www.fcbarcelonanoticias.com\/en\/football\/laliga\/mallorca-0-3-barcelona-goalscoring-debut-for-league-champion_314159_102.html\" rel=\"follow\" target=\"_self\" title=\"RCD Mallorca 0-3 FC Barcelona: A \">with a 0-3 victory against RCD Mallorca at Son Moix.<\/a> However, not all first-team players are registered, so the club is working at full speed to achieve the registrations.<\/p>  <p>It is worth remembering that of the new signings, both <strong>Joan Garc\u00eda<\/strong> and <strong>Marcus Rashford<\/strong> were available for that match, <strong>because the club managed their registrations.<\/strong><\/p>  <p>Likewise, the website of the employers&#8217; association revealed that the players were eligible for coach Hansi Flick on the same day of the match, that is, Saturday, August 16.<\/p>  <p>The Blaugrana team still has several days ahead to make the pending registrations. However, taking into account that next Saturday, August 23, they face <a data-external=\"1\" href=\"https:\/\/www.fcbarcelonanoticias.com\/calendario-fcbarcelona.html\" rel=\"nofollow\" target=\"_blank\" title=\"Levante\">Levante<\/a> and on the 31st they face Rayo Vallecano, <strong>the club wants to rush these tasks, as long as possible.<\/strong><\/p>  <h2>Bar\u00e7a already has a deadline to register its players<\/h2>  <p>In this sense, the summer market of LaLiga started on July 1 and will be open until September 1, offering clubs a wide window to close signings and registrations.<\/p>  <p>Bar\u00e7a, like other teams, has until that date to resolve its situation. If they don&#8217;t succeed, the next opportunity will be in winter: from January 2 to February 3, 2026.<\/p>  <h2>Bar\u00e7a, with up to five players to register<\/h2>  <p>In this sense, the players pending registration are <strong>Roony Bardghji, Gerard Mart\u00edn, Marc Bernal, Wojciech Szcz\u0119sny and H\u00e9ctor Fort<\/strong>, who could leave the club during the current summer market.<\/p>  <p>In principle, the idea was considered that the Swedish right winger would have a subsidiary team card, but as the player will remain with the first team, <strong>LaLiga does not allow him to be registered as a player in the lower categories.<\/strong><\/p>  <p>For his part, regarding the Polish goalkeeper, the Blaugrana team is working to generate enough fair play to fit his new contract after his renewal until 2027. In relation to the &#8217;35&#8217;, he can no longer play with a subsidiary team card as he is 23 years old, so he must also be registered as a piece of the first team.<\/p>  <p><strong>This scenario was also taken into account when he renewed in January with Bar\u00e7a until 2028<\/strong>. Bernal is also in favor of having a card from the senior team, while Fort hopes that his future will be resolved, but he still has to be registered, so that in case he does not leave the club and the German coach needs him, he can be eligible.<\/p> ","protected":false},"excerpt":{"rendered":"<p>Bar\u00e7a has up to five players pending registration. Despite this, they still have enough margin to make their registrations FC Barcelona began their journey in LaLiga 2025\/26 with a 0-3 victory against RCD Mallorca at Son Moix. However, not all first-team players are registered, so the club is working at full speed to achieve the [&hellip;]<\/p>\n","protected":false},"author":346,"featured_media":22872,"comment_status":"closed","ping_status":"open","sticky":false,"template":"","format":"standard","meta":{"_acf_changed":false,"inline_featured_image":false,"_nextfly_llmd_date_locked":false,"footnotes":""},"categories":[114,448],"tags":[467,243,389,459,388,247,353],"class_list":["post-53229","post","type-post","status-publish","format-standard","has-post-thumbnail","hentry","category-laliga","category-laliga-2","tag-gerard-martin-2","tag-gerard-martin","tag-hector-fort","tag-marc-bernal-2","tag-marc-bernal","tag-roony-bardghji","tag-wojciech-szczesny"],"acf":[],"yoast_head":"<!-- This site is optimized with the Yoast SEO plugin v27.3 - https:\/\/yoast.com\/product\/yoast-seo-wordpress\/ -->\n<title>FC Barcelona has room to make registrations: How much time do they have left?<\/title>\n<meta name=\"description\" content=\"Bar\u00e7a has up to five players pending registration. Despite this, they still have enough margin to make their registrations\" \/>\n<meta name=\"robots\" content=\"index, follow, max-snippet:-1, max-image-preview:large, max-video-preview:-1\" \/>\n<link rel=\"canonical\" href=\"https:\/\/www.fcbarcelonanoticias.com\/en\/laliga\/fc-barcelona-has-room-to-make-registrations_314233_102.html\" \/>\n<meta property=\"og:locale\" content=\"en_US\" \/>\n<meta property=\"og:type\" content=\"article\" \/>\n<meta property=\"og:title\" content=\"FC Barcelona has room to make registrations: How much time do they have left?\" \/>\n<meta property=\"og:description\" content=\"Bar\u00e7a has up to five players pending registration. Despite this, they still have enough margin to make their registrations\" \/>\n<meta property=\"og:url\" content=\"https:\/\/www.fcbarcelonanoticias.com\/en\/laliga\/fc-barcelona-has-room-to-make-registrations_314233_102.html\" \/>\n<meta property=\"og:site_name\" content=\"EN - FC Barcelona Noticias\" \/>\n<meta property=\"article:published_time\" content=\"2025-08-19T17:23:00+00:00\" \/>\n<meta property=\"article:modified_time\" content=\"2026-04-16T07:04:17+00:00\" \/>\n<meta property=\"og:image\" content=\"https:\/\/www.fcbarcelonanoticias.com\/en\/wp-content\/uploads\/sites\/2\/2026\/03\/szczesny-barca-2025.webp\" \/>\n\t<meta property=\"og:image:width\" content=\"1200\" \/>\n\t<meta property=\"og:image:height\" content=\"676\" \/>\n\t<meta property=\"og:image:type\" content=\"image\/webp\" \/>\n<meta name=\"author\" content=\"Julio Torres\" \/>\n<meta name=\"twitter:card\" content=\"summary_large_image\" \/>\n<meta name=\"twitter:label1\" content=\"Written by\" \/>\n\t<meta name=\"twitter:data1\" content=\"Julio Torres\" \/>\n\t<meta name=\"twitter:label2\" content=\"Est. reading time\" \/>\n\t<meta name=\"twitter:data2\" content=\"2 minutes\" \/>\n<script type=\"application\/ld+json\" class=\"yoast-schema-graph\">{\"@context\":\"https:\\\/\\\/schema.org\",\"@graph\":[{\"@type\":\"Article\",\"@id\":\"https:\\\/\\\/www.fcbarcelonanoticias.com\\\/en\\\/laliga\\\/fc-barcelona-has-room-to-make-registrations_314233_102.html#article\",\"isPartOf\":{\"@id\":\"https:\\\/\\\/www.fcbarcelonanoticias.com\\\/en\\\/laliga\\\/fc-barcelona-has-room-to-make-registrations_314233_102.html\"},\"author\":{\"name\":\"Julio Torres\",\"@id\":\"https:\\\/\\\/www.fcbarcelonanoticias.com\\\/en\\\/#\\\/schema\\\/person\\\/113a604abb717dbdd7c040d6cbb60bc1\"},\"headline\":\"FC Barcelona has room to make registrations: How much time do they have left?\",\"datePublished\":\"2025-08-19T17:23:00+00:00\",\"dateModified\":\"2026-04-16T07:04:17+00:00\",\"mainEntityOfPage\":{\"@id\":\"https:\\\/\\\/www.fcbarcelonanoticias.com\\\/en\\\/laliga\\\/fc-barcelona-has-room-to-make-registrations_314233_102.html\"},\"wordCount\":440,\"image\":{\"@id\":\"https:\\\/\\\/www.fcbarcelonanoticias.com\\\/en\\\/laliga\\\/fc-barcelona-has-room-to-make-registrations_314233_102.html#primaryimage\"},\"thumbnailUrl\":\"https:\\\/\\\/www.fcbarcelonanoticias.com\\\/en\\\/wp-content\\\/uploads\\\/sites\\\/2\\\/2026\\\/03\\\/szczesny-barca-2025.webp\",\"keywords\":[\"Gerard Mart\u00edn\",\"Gerard Mart\u00edn\",\"H\u00e9ctor Fort\",\"Marc Bernal\",\"Marc Bernal\",\"Roony Bardghji\",\"Szczesny\"],\"articleSection\":[\"LaLiga\",\"LaLiga\"],\"inLanguage\":\"en-US\"},{\"@type\":\"WebPage\",\"@id\":\"https:\\\/\\\/www.fcbarcelonanoticias.com\\\/en\\\/laliga\\\/fc-barcelona-has-room-to-make-registrations_314233_102.html\",\"url\":\"https:\\\/\\\/www.fcbarcelonanoticias.com\\\/en\\\/laliga\\\/fc-barcelona-has-room-to-make-registrations_314233_102.html\",\"name\":\"FC Barcelona has room to make registrations: How much time do they have left?\",\"isPartOf\":{\"@id\":\"https:\\\/\\\/www.fcbarcelonanoticias.com\\\/en\\\/#website\"},\"primaryImageOfPage\":{\"@id\":\"https:\\\/\\\/www.fcbarcelonanoticias.com\\\/en\\\/laliga\\\/fc-barcelona-has-room-to-make-registrations_314233_102.html#primaryimage\"},\"image\":{\"@id\":\"https:\\\/\\\/www.fcbarcelonanoticias.com\\\/en\\\/laliga\\\/fc-barcelona-has-room-to-make-registrations_314233_102.html#primaryimage\"},\"thumbnailUrl\":\"https:\\\/\\\/www.fcbarcelonanoticias.com\\\/en\\\/wp-content\\\/uploads\\\/sites\\\/2\\\/2026\\\/03\\\/szczesny-barca-2025.webp\",\"datePublished\":\"2025-08-19T17:23:00+00:00\",\"dateModified\":\"2026-04-16T07:04:17+00:00\",\"author\":{\"@id\":\"https:\\\/\\\/www.fcbarcelonanoticias.com\\\/en\\\/#\\\/schema\\\/person\\\/113a604abb717dbdd7c040d6cbb60bc1\"},\"description\":\"Bar\u00e7a has up to five players pending registration. Despite this, they still have enough margin to make their registrations\",\"breadcrumb\":{\"@id\":\"https:\\\/\\\/www.fcbarcelonanoticias.com\\\/en\\\/laliga\\\/fc-barcelona-has-room-to-make-registrations_314233_102.html#breadcrumb\"},\"inLanguage\":\"en-US\",\"potentialAction\":[{\"@type\":\"ReadAction\",\"target\":[\"https:\\\/\\\/www.fcbarcelonanoticias.com\\\/en\\\/laliga\\\/fc-barcelona-has-room-to-make-registrations_314233_102.html\"]}]},{\"@type\":\"ImageObject\",\"inLanguage\":\"en-US\",\"@id\":\"https:\\\/\\\/www.fcbarcelonanoticias.com\\\/en\\\/laliga\\\/fc-barcelona-has-room-to-make-registrations_314233_102.html#primaryimage\",\"url\":\"https:\\\/\\\/www.fcbarcelonanoticias.com\\\/en\\\/wp-content\\\/uploads\\\/sites\\\/2\\\/2026\\\/03\\\/szczesny-barca-2025.webp\",\"contentUrl\":\"https:\\\/\\\/www.fcbarcelonanoticias.com\\\/en\\\/wp-content\\\/uploads\\\/sites\\\/2\\\/2026\\\/03\\\/szczesny-barca-2025.webp\",\"width\":1200,\"height\":676},{\"@type\":\"BreadcrumbList\",\"@id\":\"https:\\\/\\\/www.fcbarcelonanoticias.com\\\/en\\\/laliga\\\/fc-barcelona-has-room-to-make-registrations_314233_102.html#breadcrumb\",\"itemListElement\":[{\"@type\":\"ListItem\",\"position\":1,\"name\":\"Portada\",\"item\":\"https:\\\/\\\/www.fcbarcelonanoticias.com\\\/en\\\/\"},{\"@type\":\"ListItem\",\"position\":2,\"name\":\"FC Barcelona has room to make registrations: How much time do they have left?\"}]},{\"@type\":\"WebSite\",\"@id\":\"https:\\\/\\\/www.fcbarcelonanoticias.com\\\/en\\\/#website\",\"url\":\"https:\\\/\\\/www.fcbarcelonanoticias.com\\\/en\\\/\",\"name\":\"EN - FC Barcelona Noticias\",\"description\":\"\",\"potentialAction\":[{\"@type\":\"SearchAction\",\"target\":{\"@type\":\"EntryPoint\",\"urlTemplate\":\"https:\\\/\\\/www.fcbarcelonanoticias.com\\\/en\\\/?s={search_term_string}\"},\"query-input\":{\"@type\":\"PropertyValueSpecification\",\"valueRequired\":true,\"valueName\":\"search_term_string\"}}],\"inLanguage\":\"en-US\"},{\"@type\":\"Person\",\"@id\":\"https:\\\/\\\/www.fcbarcelonanoticias.com\\\/en\\\/#\\\/schema\\\/person\\\/113a604abb717dbdd7c040d6cbb60bc1\",\"name\":\"Julio Torres\",\"image\":{\"@type\":\"ImageObject\",\"inLanguage\":\"en-US\",\"@id\":\"https:\\\/\\\/secure.gravatar.com\\\/avatar\\\/?s=96&d=mm&r=g\",\"url\":\"https:\\\/\\\/secure.gravatar.com\\\/avatar\\\/?s=96&d=mm&r=g\",\"contentUrl\":\"https:\\\/\\\/secure.gravatar.com\\\/avatar\\\/?s=96&d=mm&r=g\",\"caption\":\"Julio Torres\"},\"description\":\"Julio es un periodista con amplia experiencia en cobertura de toda la actualidad del Barcelona y del f\u00fatbol internacional. No te pierdas\u00a0sus\u00a0an\u00e1lisis reposados y cr\u00f3nicas detalladas sobre el deporte rey. Su estilo directo y bien documentado le ha valido reconocimiento entre los lectores m\u00e1s exigentes de FCBN.\",\"url\":\"https:\\\/\\\/www.fcbarcelonanoticias.com\\\/en\\\/julio-torres_36_115.html\"}]}<\/script>\n<!-- \/ Yoast SEO plugin. -->","yoast_head_json":{"title":"FC Barcelona has room to make registrations: How much time do they have left?","description":"Bar\u00e7a has up to five players pending registration. Despite this, they still have enough margin to make their registrations","robots":{"index":"index","follow":"follow","max-snippet":"max-snippet:-1","max-image-preview":"max-image-preview:large","max-video-preview":"max-video-preview:-1"},"canonical":"https:\/\/www.fcbarcelonanoticias.com\/en\/laliga\/fc-barcelona-has-room-to-make-registrations_314233_102.html","og_locale":"en_US","og_type":"article","og_title":"FC Barcelona has room to make registrations: How much time do they have left?","og_description":"Bar\u00e7a has up to five players pending registration. Despite this, they still have enough margin to make their registrations","og_url":"https:\/\/www.fcbarcelonanoticias.com\/en\/laliga\/fc-barcelona-has-room-to-make-registrations_314233_102.html","og_site_name":"EN - FC Barcelona Noticias","article_published_time":"2025-08-19T17:23:00+00:00","article_modified_time":"2026-04-16T07:04:17+00:00","og_image":[{"width":1200,"height":676,"url":"https:\/\/www.fcbarcelonanoticias.com\/en\/wp-content\/uploads\/sites\/2\/2026\/03\/szczesny-barca-2025.webp","type":"image\/webp"}],"author":"Julio Torres","twitter_card":"summary_large_image","twitter_misc":{"Written by":"Julio Torres","Est. reading time":"2 minutes"},"schema":{"@context":"https:\/\/schema.org","@graph":[{"@type":"Article","@id":"https:\/\/www.fcbarcelonanoticias.com\/en\/laliga\/fc-barcelona-has-room-to-make-registrations_314233_102.html#article","isPartOf":{"@id":"https:\/\/www.fcbarcelonanoticias.com\/en\/laliga\/fc-barcelona-has-room-to-make-registrations_314233_102.html"},"author":{"name":"Julio Torres","@id":"https:\/\/www.fcbarcelonanoticias.com\/en\/#\/schema\/person\/113a604abb717dbdd7c040d6cbb60bc1"},"headline":"FC Barcelona has room to make registrations: How much time do they have left?","datePublished":"2025-08-19T17:23:00+00:00","dateModified":"2026-04-16T07:04:17+00:00","mainEntityOfPage":{"@id":"https:\/\/www.fcbarcelonanoticias.com\/en\/laliga\/fc-barcelona-has-room-to-make-registrations_314233_102.html"},"wordCount":440,"image":{"@id":"https:\/\/www.fcbarcelonanoticias.com\/en\/laliga\/fc-barcelona-has-room-to-make-registrations_314233_102.html#primaryimage"},"thumbnailUrl":"https:\/\/www.fcbarcelonanoticias.com\/en\/wp-content\/uploads\/sites\/2\/2026\/03\/szczesny-barca-2025.webp","keywords":["Gerard Mart\u00edn","Gerard Mart\u00edn","H\u00e9ctor Fort","Marc Bernal","Marc Bernal","Roony Bardghji","Szczesny"],"articleSection":["LaLiga","LaLiga"],"inLanguage":"en-US"},{"@type":"WebPage","@id":"https:\/\/www.fcbarcelonanoticias.com\/en\/laliga\/fc-barcelona-has-room-to-make-registrations_314233_102.html","url":"https:\/\/www.fcbarcelonanoticias.com\/en\/laliga\/fc-barcelona-has-room-to-make-registrations_314233_102.html","name":"FC Barcelona has room to make registrations: How much time do they have left?","isPartOf":{"@id":"https:\/\/www.fcbarcelonanoticias.com\/en\/#website"},"primaryImageOfPage":{"@id":"https:\/\/www.fcbarcelonanoticias.com\/en\/laliga\/fc-barcelona-has-room-to-make-registrations_314233_102.html#primaryimage"},"image":{"@id":"https:\/\/www.fcbarcelonanoticias.com\/en\/laliga\/fc-barcelona-has-room-to-make-registrations_314233_102.html#primaryimage"},"thumbnailUrl":"https:\/\/www.fcbarcelonanoticias.com\/en\/wp-content\/uploads\/sites\/2\/2026\/03\/szczesny-barca-2025.webp","datePublished":"2025-08-19T17:23:00+00:00","dateModified":"2026-04-16T07:04:17+00:00","author":{"@id":"https:\/\/www.fcbarcelonanoticias.com\/en\/#\/schema\/person\/113a604abb717dbdd7c040d6cbb60bc1"},"description":"Bar\u00e7a has up to five players pending registration. Despite this, they still have enough margin to make their registrations","breadcrumb":{"@id":"https:\/\/www.fcbarcelonanoticias.com\/en\/laliga\/fc-barcelona-has-room-to-make-registrations_314233_102.html#breadcrumb"},"inLanguage":"en-US","potentialAction":[{"@type":"ReadAction","target":["https:\/\/www.fcbarcelonanoticias.com\/en\/laliga\/fc-barcelona-has-room-to-make-registrations_314233_102.html"]}]},{"@type":"ImageObject","inLanguage":"en-US","@id":"https:\/\/www.fcbarcelonanoticias.com\/en\/laliga\/fc-barcelona-has-room-to-make-registrations_314233_102.html#primaryimage","url":"https:\/\/www.fcbarcelonanoticias.com\/en\/wp-content\/uploads\/sites\/2\/2026\/03\/szczesny-barca-2025.webp","contentUrl":"https:\/\/www.fcbarcelonanoticias.com\/en\/wp-content\/uploads\/sites\/2\/2026\/03\/szczesny-barca-2025.webp","width":1200,"height":676},{"@type":"BreadcrumbList","@id":"https:\/\/www.fcbarcelonanoticias.com\/en\/laliga\/fc-barcelona-has-room-to-make-registrations_314233_102.html#breadcrumb","itemListElement":[{"@type":"ListItem","position":1,"name":"Portada","item":"https:\/\/www.fcbarcelonanoticias.com\/en\/"},{"@type":"ListItem","position":2,"name":"FC Barcelona has room to make registrations: How much time do they have left?"}]},{"@type":"WebSite","@id":"https:\/\/www.fcbarcelonanoticias.com\/en\/#website","url":"https:\/\/www.fcbarcelonanoticias.com\/en\/","name":"EN - FC Barcelona Noticias","description":"","potentialAction":[{"@type":"SearchAction","target":{"@type":"EntryPoint","urlTemplate":"https:\/\/www.fcbarcelonanoticias.com\/en\/?s={search_term_string}"},"query-input":{"@type":"PropertyValueSpecification","valueRequired":true,"valueName":"search_term_string"}}],"inLanguage":"en-US"},{"@type":"Person","@id":"https:\/\/www.fcbarcelonanoticias.com\/en\/#\/schema\/person\/113a604abb717dbdd7c040d6cbb60bc1","name":"Julio Torres","image":{"@type":"ImageObject","inLanguage":"en-US","@id":"https:\/\/secure.gravatar.com\/avatar\/?s=96&d=mm&r=g","url":"https:\/\/secure.gravatar.com\/avatar\/?s=96&d=mm&r=g","contentUrl":"https:\/\/secure.gravatar.com\/avatar\/?s=96&d=mm&r=g","caption":"Julio Torres"},"description":"Julio es un periodista con amplia experiencia en cobertura de toda la actualidad del Barcelona y del f\u00fatbol internacional. No te pierdas\u00a0sus\u00a0an\u00e1lisis reposados y cr\u00f3nicas detalladas sobre el deporte rey. Su estilo directo y bien documentado le ha valido reconocimiento entre los lectores m\u00e1s exigentes de FCBN.","url":"https:\/\/www.fcbarcelonanoticias.com\/en\/julio-torres_36_115.html"}]}},"_links":{"self":[{"href":"https:\/\/www.fcbarcelonanoticias.com\/en\/wp-json\/wp\/v2\/posts\/53229","targetHints":{"allow":["GET"]}}],"collection":[{"href":"https:\/\/www.fcbarcelonanoticias.com\/en\/wp-json\/wp\/v2\/posts"}],"about":[{"href":"https:\/\/www.fcbarcelonanoticias.com\/en\/wp-json\/wp\/v2\/types\/post"}],"author":[{"embeddable":true,"href":"https:\/\/www.fcbarcelonanoticias.com\/en\/wp-json\/wp\/v2\/users\/346"}],"replies":[{"embeddable":true,"href":"https:\/\/www.fcbarcelonanoticias.com\/en\/wp-json\/wp\/v2\/comments?post=53229"}],"version-history":[{"count":7,"href":"https:\/\/www.fcbarcelonanoticias.com\/en\/wp-json\/wp\/v2\/posts\/53229\/revisions"}],"predecessor-version":[{"id":163554,"href":"https:\/\/www.fcbarcelonanoticias.com\/en\/wp-json\/wp\/v2\/posts\/53229\/revisions\/163554"}],"wp:featuredmedia":[{"embeddable":true,"href":"https:\/\/www.fcbarcelonanoticias.com\/en\/wp-json\/wp\/v2\/media\/22872"}],"wp:attachment":[{"href":"https:\/\/www.fcbarcelonanoticias.com\/en\/wp-json\/wp\/v2\/media?parent=53229"}],"wp:term":[{"taxonomy":"category","embeddable":true,"href":"https:\/\/www.fcbarcelonanoticias.com\/en\/wp-json\/wp\/v2\/categories?post=53229"},{"taxonomy":"post_tag","embeddable":true,"href":"https:\/\/www.fcbarcelonanoticias.com\/en\/wp-json\/wp\/v2\/tags?post=53229"}],"curies":[{"name":"wp","href":"https:\/\/api.w.org\/{rel}","templated":true}]}}