{"id":53487,"date":"2024-12-03T10:22:00","date_gmt":"2024-12-03T09:22:00","guid":{"rendered":"https:\/\/weisetech.dev\/fc-barcelona-noticias\/en\/fc-barcelona-squad-for-the-match-against-mallorca-laliga-2024-25_309021_102\/"},"modified":"2024-12-03T11:15:00","modified_gmt":"2024-12-03T10:15:00","slug":"fc-barcelona-squad-for-the-match-against-mallorca-laliga-2024-25_309021_102","status":"publish","type":"post","link":"https:\/\/www.fcbarcelonanoticias.com\/en\/laliga\/fc-barcelona-squad-for-the-match-against-mallorca-laliga-2024-25_309021_102.html","title":{"rendered":"FC Barcelona squad for the match against Mallorca &#8211; LaLiga 2024\/25"},"content":{"rendered":"<h2 class=\"wp-block-heading\">Hansi Flick has confirmed the list of 23 players called up for the Mallorca vs FC Barcelona match of LaLiga EA Sports 2024\/2025<\/h2>  \r\n<div class=\"article-addons\">\r\n    <a href=\"https:\/\/www.fcbarcelonanoticias.com\/en\/calendar-fc-barcelona.html\"\r\n       target=\"_self\"\r\n       title=\"Calendar of FC Barcelona\"\r\n       class=\"blue-gredient-btn\">\r\n       \r\n        Calendar of FC Barcelona    <\/a>\r\n<\/div>   <p><strong>FC Barcelona face Mallorca on matchday 16 of LaLiga EA Sports 2024-2025.<\/strong><\/p>  <p>For the match at Son Moix, Hansi Flick will count on the return of <strong>Dani Olmo<\/strong> after his absence last weekend due to discomfort in the pubis. In addition, <strong>Marc Casad\u00f3<\/strong> will also be available to the German coach again this Tuesday after serving a one-match suspension for his expulsion against Celta in Bala\u00eddos.<\/p>  <h3>Squad for the FC Barcelona vs Mallorca match<\/h3>  <ul> <li>(#13). I\u00f1aki Pe\u00f1a<\/li> \t<li>(#2). Pau Cubars\u00ed<\/li> \t<li>(#3). Alejandro Balde<\/li> \t<li>(#5). I\u00f1igo Mart\u00ednez<\/li> \t<li>(#6). Gavi<\/li> \t<li>(#7). Ferran Torres<\/li> \t<li>(#8). Pedri Gonz\u00e1lez<\/li> \t<li>(#9). Robert Lewandowski<\/li> \t<li>(#11). Raphinha<\/li> \t<li>(#14). Pablo Torre<\/li> \t<li>(#16). Ferm\u00edn L\u00f3pez<\/li> \t<li>(#17). Marc Casad\u00f3<\/li> \t<li>(#18). Pau V\u00edctor<\/li> \t<li>(#19). Lamine Yamal<\/li> \t<li>(#20). Dani Olmo<\/li> \t<li>(#21). Frenkie de Jong<\/li> \t<li>(#23). Jules Kound\u00e9<\/li> \t<li>(#24). Eric Garc\u00eda<\/li> \t<li>(#25).&nbsp;Szczesny<\/li> \t<li>(#26). Astralaga<\/li> \t<li>(#32). H\u00e9ctor Fort<\/li> \t<li>(#35). Gerard Mart\u00edn<\/li> \t<li>(#36).&nbsp;Sergi&nbsp;Dom\u00ednguez<\/li> <\/ul> <p><u><strong>* The number of each player&#8217;s shirt is indicated in parentheses<\/strong><\/u><\/p>  <p><strong>Bar\u00e7a <\/strong>arrives at the match against <strong>Mallorca <\/strong>with 5 players out due to injury.<\/p>  <ul> <li> <strong>FC Barcelona injured players: <\/strong>(#1). Ter Stegen; (#4). Ronald Araujo;&nbsp;(#10). Ansu Fati;&nbsp;(#15). Andreas Christensen;&nbsp;(#28). Marc Bernal<\/li> \t<li> <strong>Barcelona&#8217;s sanctioned players:<\/strong>&nbsp;None.<\/li> <\/ul> ","protected":false},"excerpt":{"rendered":"<p>Hansi Flick has confirmed the list of 23 players called up for the Mallorca vs FC Barcelona match of LaLiga EA Sports 2024\/2025 FC Barcelona face Mallorca on matchday 16 of LaLiga EA Sports 2024-2025. For the match at Son Moix, Hansi Flick will count on the return of Dani Olmo after his absence last [&hellip;]<\/p>\n","protected":false},"author":358,"featured_media":114692,"comment_status":"closed","ping_status":"open","sticky":false,"template":"","format":"standard","meta":{"_acf_changed":false,"inline_featured_image":false,"_nextfly_llmd_date_locked":false,"footnotes":""},"categories":[114,448],"tags":[184,45],"class_list":["post-53487","post","type-post","status-publish","format-standard","has-post-thumbnail","hentry","category-laliga","category-laliga-2","tag-fc-barcelona-squad-lists","tag-fc-barcelona-vs-mallorca"],"acf":[],"yoast_head":"<!-- This site is optimized with the Yoast SEO plugin v27.3 - https:\/\/yoast.com\/product\/yoast-seo-wordpress\/ -->\n<title>FC Barcelona squad for the match against Mallorca - LaLiga 2024\/25<\/title>\n<meta name=\"description\" content=\"Hansi Flick has confirmed the list of 23 players called up for the Mallorca vs FC Barcelona match of LaLiga EA Sports 2024\/2025\" \/>\n<meta name=\"robots\" content=\"index, follow, max-snippet:-1, max-image-preview:large, max-video-preview:-1\" \/>\n<link rel=\"canonical\" href=\"https:\/\/www.fcbarcelonanoticias.com\/en\/laliga\/fc-barcelona-squad-for-the-match-against-mallorca-laliga-2024-25_309021_102.html\" \/>\n<meta property=\"og:locale\" content=\"en_US\" \/>\n<meta property=\"og:type\" content=\"article\" \/>\n<meta property=\"og:title\" content=\"FC Barcelona squad for the match against Mallorca - LaLiga 2024\/25\" \/>\n<meta property=\"og:description\" content=\"Hansi Flick has confirmed the list of 23 players called up for the Mallorca vs FC Barcelona match of LaLiga EA Sports 2024\/2025\" \/>\n<meta property=\"og:url\" content=\"https:\/\/www.fcbarcelonanoticias.com\/en\/laliga\/fc-barcelona-squad-for-the-match-against-mallorca-laliga-2024-25_309021_102.html\" \/>\n<meta property=\"og:site_name\" content=\"EN - FC Barcelona Noticias\" \/>\n<meta property=\"article:published_time\" content=\"2024-12-03T09:22:00+00:00\" \/>\n<meta property=\"article:modified_time\" content=\"2024-12-03T10:15:00+00:00\" \/>\n<meta property=\"og:image\" content=\"https:\/\/www.fcbarcelonanoticias.com\/en\/wp-content\/uploads\/sites\/2\/2024\/12\/convocatoria-mallorca-barcelona-1.jpeg\" \/>\n\t<meta property=\"og:image:width\" content=\"1200\" \/>\n\t<meta property=\"og:image:height\" content=\"675\" \/>\n\t<meta property=\"og:image:type\" content=\"image\/jpeg\" \/>\n<meta name=\"author\" content=\"Juan Pablo Berdugo\" \/>\n<meta name=\"twitter:card\" content=\"summary_large_image\" \/>\n<meta name=\"twitter:label1\" content=\"Written by\" \/>\n\t<meta name=\"twitter:data1\" content=\"Juan Pablo Berdugo\" \/>\n\t<meta name=\"twitter:label2\" content=\"Est. reading time\" \/>\n\t<meta name=\"twitter:data2\" content=\"1 minute\" \/>\n<script type=\"application\/ld+json\" class=\"yoast-schema-graph\">{\"@context\":\"https:\\\/\\\/schema.org\",\"@graph\":[{\"@type\":\"Article\",\"@id\":\"https:\\\/\\\/www.fcbarcelonanoticias.com\\\/en\\\/laliga\\\/fc-barcelona-squad-for-the-match-against-mallorca-laliga-2024-25_309021_102.html#article\",\"isPartOf\":{\"@id\":\"https:\\\/\\\/www.fcbarcelonanoticias.com\\\/en\\\/laliga\\\/fc-barcelona-squad-for-the-match-against-mallorca-laliga-2024-25_309021_102.html\"},\"author\":{\"name\":\"Juan Pablo Berdugo\",\"@id\":\"https:\\\/\\\/www.fcbarcelonanoticias.com\\\/en\\\/#\\\/schema\\\/person\\\/88d756918a0a1ae9fa593b5edddd1815\"},\"headline\":\"FC Barcelona squad for the match against Mallorca &#8211; LaLiga 2024\\\/25\",\"datePublished\":\"2024-12-03T09:22:00+00:00\",\"dateModified\":\"2024-12-03T10:15:00+00:00\",\"mainEntityOfPage\":{\"@id\":\"https:\\\/\\\/www.fcbarcelonanoticias.com\\\/en\\\/laliga\\\/fc-barcelona-squad-for-the-match-against-mallorca-laliga-2024-25_309021_102.html\"},\"wordCount\":211,\"image\":{\"@id\":\"https:\\\/\\\/www.fcbarcelonanoticias.com\\\/en\\\/laliga\\\/fc-barcelona-squad-for-the-match-against-mallorca-laliga-2024-25_309021_102.html#primaryimage\"},\"thumbnailUrl\":\"https:\\\/\\\/www.fcbarcelonanoticias.com\\\/en\\\/wp-content\\\/uploads\\\/sites\\\/2\\\/2024\\\/12\\\/convocatoria-mallorca-barcelona-1.jpeg\",\"keywords\":[\"FC Barcelona Squad Lists\",\"FC Barcelona vs RCD Mallorca\"],\"articleSection\":[\"LaLiga\",\"LaLiga\"],\"inLanguage\":\"en-US\"},{\"@type\":\"WebPage\",\"@id\":\"https:\\\/\\\/www.fcbarcelonanoticias.com\\\/en\\\/laliga\\\/fc-barcelona-squad-for-the-match-against-mallorca-laliga-2024-25_309021_102.html\",\"url\":\"https:\\\/\\\/www.fcbarcelonanoticias.com\\\/en\\\/laliga\\\/fc-barcelona-squad-for-the-match-against-mallorca-laliga-2024-25_309021_102.html\",\"name\":\"FC Barcelona squad for the match against Mallorca - LaLiga 2024\\\/25\",\"isPartOf\":{\"@id\":\"https:\\\/\\\/www.fcbarcelonanoticias.com\\\/en\\\/#website\"},\"primaryImageOfPage\":{\"@id\":\"https:\\\/\\\/www.fcbarcelonanoticias.com\\\/en\\\/laliga\\\/fc-barcelona-squad-for-the-match-against-mallorca-laliga-2024-25_309021_102.html#primaryimage\"},\"image\":{\"@id\":\"https:\\\/\\\/www.fcbarcelonanoticias.com\\\/en\\\/laliga\\\/fc-barcelona-squad-for-the-match-against-mallorca-laliga-2024-25_309021_102.html#primaryimage\"},\"thumbnailUrl\":\"https:\\\/\\\/www.fcbarcelonanoticias.com\\\/en\\\/wp-content\\\/uploads\\\/sites\\\/2\\\/2024\\\/12\\\/convocatoria-mallorca-barcelona-1.jpeg\",\"datePublished\":\"2024-12-03T09:22:00+00:00\",\"dateModified\":\"2024-12-03T10:15:00+00:00\",\"author\":{\"@id\":\"https:\\\/\\\/www.fcbarcelonanoticias.com\\\/en\\\/#\\\/schema\\\/person\\\/88d756918a0a1ae9fa593b5edddd1815\"},\"description\":\"Hansi Flick has confirmed the list of 23 players called up for the Mallorca vs FC Barcelona match of LaLiga EA Sports 2024\\\/2025\",\"breadcrumb\":{\"@id\":\"https:\\\/\\\/www.fcbarcelonanoticias.com\\\/en\\\/laliga\\\/fc-barcelona-squad-for-the-match-against-mallorca-laliga-2024-25_309021_102.html#breadcrumb\"},\"inLanguage\":\"en-US\",\"potentialAction\":[{\"@type\":\"ReadAction\",\"target\":[\"https:\\\/\\\/www.fcbarcelonanoticias.com\\\/en\\\/laliga\\\/fc-barcelona-squad-for-the-match-against-mallorca-laliga-2024-25_309021_102.html\"]}]},{\"@type\":\"ImageObject\",\"inLanguage\":\"en-US\",\"@id\":\"https:\\\/\\\/www.fcbarcelonanoticias.com\\\/en\\\/laliga\\\/fc-barcelona-squad-for-the-match-against-mallorca-laliga-2024-25_309021_102.html#primaryimage\",\"url\":\"https:\\\/\\\/www.fcbarcelonanoticias.com\\\/en\\\/wp-content\\\/uploads\\\/sites\\\/2\\\/2024\\\/12\\\/convocatoria-mallorca-barcelona-1.jpeg\",\"contentUrl\":\"https:\\\/\\\/www.fcbarcelonanoticias.com\\\/en\\\/wp-content\\\/uploads\\\/sites\\\/2\\\/2024\\\/12\\\/convocatoria-mallorca-barcelona-1.jpeg\",\"width\":1200,\"height\":675},{\"@type\":\"BreadcrumbList\",\"@id\":\"https:\\\/\\\/www.fcbarcelonanoticias.com\\\/en\\\/laliga\\\/fc-barcelona-squad-for-the-match-against-mallorca-laliga-2024-25_309021_102.html#breadcrumb\",\"itemListElement\":[{\"@type\":\"ListItem\",\"position\":1,\"name\":\"Portada\",\"item\":\"https:\\\/\\\/www.fcbarcelonanoticias.com\\\/en\\\/\"},{\"@type\":\"ListItem\",\"position\":2,\"name\":\"FC Barcelona squad for the match against Mallorca &#8211; LaLiga 2024\\\/25\"}]},{\"@type\":\"WebSite\",\"@id\":\"https:\\\/\\\/www.fcbarcelonanoticias.com\\\/en\\\/#website\",\"url\":\"https:\\\/\\\/www.fcbarcelonanoticias.com\\\/en\\\/\",\"name\":\"EN - FC Barcelona Noticias\",\"description\":\"\",\"potentialAction\":[{\"@type\":\"SearchAction\",\"target\":{\"@type\":\"EntryPoint\",\"urlTemplate\":\"https:\\\/\\\/www.fcbarcelonanoticias.com\\\/en\\\/?s={search_term_string}\"},\"query-input\":{\"@type\":\"PropertyValueSpecification\",\"valueRequired\":true,\"valueName\":\"search_term_string\"}}],\"inLanguage\":\"en-US\"},{\"@type\":\"Person\",\"@id\":\"https:\\\/\\\/www.fcbarcelonanoticias.com\\\/en\\\/#\\\/schema\\\/person\\\/88d756918a0a1ae9fa593b5edddd1815\",\"name\":\"Juan Pablo Berdugo\",\"image\":{\"@type\":\"ImageObject\",\"inLanguage\":\"en-US\",\"@id\":\"https:\\\/\\\/secure.gravatar.com\\\/avatar\\\/?s=96&d=mm&r=g\",\"url\":\"https:\\\/\\\/secure.gravatar.com\\\/avatar\\\/?s=96&d=mm&r=g\",\"contentUrl\":\"https:\\\/\\\/secure.gravatar.com\\\/avatar\\\/?s=96&d=mm&r=g\",\"caption\":\"Juan Pablo Berdugo\"},\"description\":\"Juan Pablo Berdugo es graduado en Periodismo. Colabora con FCBN como especialista en informaci\u00f3n del primer equipo del FC Barcelona, f\u00fatbol internacional y mercado de fichajes. Destaca por su enfoque anal\u00edtico, su rigor informativo y su capacidad para detectar tendencias emergentes en el f\u00fatbol global.\",\"url\":\"https:\\\/\\\/www.fcbarcelonanoticias.com\\\/en\\\/fc-barcelona\\\/juan-pablo-berdugo_18_115.html\"}]}<\/script>\n<!-- \/ Yoast SEO plugin. -->","yoast_head_json":{"title":"FC Barcelona squad for the match against Mallorca - LaLiga 2024\/25","description":"Hansi Flick has confirmed the list of 23 players called up for the Mallorca vs FC Barcelona match of LaLiga EA Sports 2024\/2025","robots":{"index":"index","follow":"follow","max-snippet":"max-snippet:-1","max-image-preview":"max-image-preview:large","max-video-preview":"max-video-preview:-1"},"canonical":"https:\/\/www.fcbarcelonanoticias.com\/en\/laliga\/fc-barcelona-squad-for-the-match-against-mallorca-laliga-2024-25_309021_102.html","og_locale":"en_US","og_type":"article","og_title":"FC Barcelona squad for the match against Mallorca - LaLiga 2024\/25","og_description":"Hansi Flick has confirmed the list of 23 players called up for the Mallorca vs FC Barcelona match of LaLiga EA Sports 2024\/2025","og_url":"https:\/\/www.fcbarcelonanoticias.com\/en\/laliga\/fc-barcelona-squad-for-the-match-against-mallorca-laliga-2024-25_309021_102.html","og_site_name":"EN - FC Barcelona Noticias","article_published_time":"2024-12-03T09:22:00+00:00","article_modified_time":"2024-12-03T10:15:00+00:00","og_image":[{"width":1200,"height":675,"url":"https:\/\/www.fcbarcelonanoticias.com\/en\/wp-content\/uploads\/sites\/2\/2024\/12\/convocatoria-mallorca-barcelona-1.jpeg","type":"image\/jpeg"}],"author":"Juan Pablo Berdugo","twitter_card":"summary_large_image","twitter_misc":{"Written by":"Juan Pablo Berdugo","Est. reading time":"1 minute"},"schema":{"@context":"https:\/\/schema.org","@graph":[{"@type":"Article","@id":"https:\/\/www.fcbarcelonanoticias.com\/en\/laliga\/fc-barcelona-squad-for-the-match-against-mallorca-laliga-2024-25_309021_102.html#article","isPartOf":{"@id":"https:\/\/www.fcbarcelonanoticias.com\/en\/laliga\/fc-barcelona-squad-for-the-match-against-mallorca-laliga-2024-25_309021_102.html"},"author":{"name":"Juan Pablo Berdugo","@id":"https:\/\/www.fcbarcelonanoticias.com\/en\/#\/schema\/person\/88d756918a0a1ae9fa593b5edddd1815"},"headline":"FC Barcelona squad for the match against Mallorca &#8211; LaLiga 2024\/25","datePublished":"2024-12-03T09:22:00+00:00","dateModified":"2024-12-03T10:15:00+00:00","mainEntityOfPage":{"@id":"https:\/\/www.fcbarcelonanoticias.com\/en\/laliga\/fc-barcelona-squad-for-the-match-against-mallorca-laliga-2024-25_309021_102.html"},"wordCount":211,"image":{"@id":"https:\/\/www.fcbarcelonanoticias.com\/en\/laliga\/fc-barcelona-squad-for-the-match-against-mallorca-laliga-2024-25_309021_102.html#primaryimage"},"thumbnailUrl":"https:\/\/www.fcbarcelonanoticias.com\/en\/wp-content\/uploads\/sites\/2\/2024\/12\/convocatoria-mallorca-barcelona-1.jpeg","keywords":["FC Barcelona Squad Lists","FC Barcelona vs RCD Mallorca"],"articleSection":["LaLiga","LaLiga"],"inLanguage":"en-US"},{"@type":"WebPage","@id":"https:\/\/www.fcbarcelonanoticias.com\/en\/laliga\/fc-barcelona-squad-for-the-match-against-mallorca-laliga-2024-25_309021_102.html","url":"https:\/\/www.fcbarcelonanoticias.com\/en\/laliga\/fc-barcelona-squad-for-the-match-against-mallorca-laliga-2024-25_309021_102.html","name":"FC Barcelona squad for the match against Mallorca - LaLiga 2024\/25","isPartOf":{"@id":"https:\/\/www.fcbarcelonanoticias.com\/en\/#website"},"primaryImageOfPage":{"@id":"https:\/\/www.fcbarcelonanoticias.com\/en\/laliga\/fc-barcelona-squad-for-the-match-against-mallorca-laliga-2024-25_309021_102.html#primaryimage"},"image":{"@id":"https:\/\/www.fcbarcelonanoticias.com\/en\/laliga\/fc-barcelona-squad-for-the-match-against-mallorca-laliga-2024-25_309021_102.html#primaryimage"},"thumbnailUrl":"https:\/\/www.fcbarcelonanoticias.com\/en\/wp-content\/uploads\/sites\/2\/2024\/12\/convocatoria-mallorca-barcelona-1.jpeg","datePublished":"2024-12-03T09:22:00+00:00","dateModified":"2024-12-03T10:15:00+00:00","author":{"@id":"https:\/\/www.fcbarcelonanoticias.com\/en\/#\/schema\/person\/88d756918a0a1ae9fa593b5edddd1815"},"description":"Hansi Flick has confirmed the list of 23 players called up for the Mallorca vs FC Barcelona match of LaLiga EA Sports 2024\/2025","breadcrumb":{"@id":"https:\/\/www.fcbarcelonanoticias.com\/en\/laliga\/fc-barcelona-squad-for-the-match-against-mallorca-laliga-2024-25_309021_102.html#breadcrumb"},"inLanguage":"en-US","potentialAction":[{"@type":"ReadAction","target":["https:\/\/www.fcbarcelonanoticias.com\/en\/laliga\/fc-barcelona-squad-for-the-match-against-mallorca-laliga-2024-25_309021_102.html"]}]},{"@type":"ImageObject","inLanguage":"en-US","@id":"https:\/\/www.fcbarcelonanoticias.com\/en\/laliga\/fc-barcelona-squad-for-the-match-against-mallorca-laliga-2024-25_309021_102.html#primaryimage","url":"https:\/\/www.fcbarcelonanoticias.com\/en\/wp-content\/uploads\/sites\/2\/2024\/12\/convocatoria-mallorca-barcelona-1.jpeg","contentUrl":"https:\/\/www.fcbarcelonanoticias.com\/en\/wp-content\/uploads\/sites\/2\/2024\/12\/convocatoria-mallorca-barcelona-1.jpeg","width":1200,"height":675},{"@type":"BreadcrumbList","@id":"https:\/\/www.fcbarcelonanoticias.com\/en\/laliga\/fc-barcelona-squad-for-the-match-against-mallorca-laliga-2024-25_309021_102.html#breadcrumb","itemListElement":[{"@type":"ListItem","position":1,"name":"Portada","item":"https:\/\/www.fcbarcelonanoticias.com\/en\/"},{"@type":"ListItem","position":2,"name":"FC Barcelona squad for the match against Mallorca &#8211; LaLiga 2024\/25"}]},{"@type":"WebSite","@id":"https:\/\/www.fcbarcelonanoticias.com\/en\/#website","url":"https:\/\/www.fcbarcelonanoticias.com\/en\/","name":"EN - FC Barcelona Noticias","description":"","potentialAction":[{"@type":"SearchAction","target":{"@type":"EntryPoint","urlTemplate":"https:\/\/www.fcbarcelonanoticias.com\/en\/?s={search_term_string}"},"query-input":{"@type":"PropertyValueSpecification","valueRequired":true,"valueName":"search_term_string"}}],"inLanguage":"en-US"},{"@type":"Person","@id":"https:\/\/www.fcbarcelonanoticias.com\/en\/#\/schema\/person\/88d756918a0a1ae9fa593b5edddd1815","name":"Juan Pablo Berdugo","image":{"@type":"ImageObject","inLanguage":"en-US","@id":"https:\/\/secure.gravatar.com\/avatar\/?s=96&d=mm&r=g","url":"https:\/\/secure.gravatar.com\/avatar\/?s=96&d=mm&r=g","contentUrl":"https:\/\/secure.gravatar.com\/avatar\/?s=96&d=mm&r=g","caption":"Juan Pablo Berdugo"},"description":"Juan Pablo Berdugo es graduado en Periodismo. Colabora con FCBN como especialista en informaci\u00f3n del primer equipo del FC Barcelona, f\u00fatbol internacional y mercado de fichajes. Destaca por su enfoque anal\u00edtico, su rigor informativo y su capacidad para detectar tendencias emergentes en el f\u00fatbol global.","url":"https:\/\/www.fcbarcelonanoticias.com\/en\/fc-barcelona\/juan-pablo-berdugo_18_115.html"}]}},"_links":{"self":[{"href":"https:\/\/www.fcbarcelonanoticias.com\/en\/wp-json\/wp\/v2\/posts\/53487","targetHints":{"allow":["GET"]}}],"collection":[{"href":"https:\/\/www.fcbarcelonanoticias.com\/en\/wp-json\/wp\/v2\/posts"}],"about":[{"href":"https:\/\/www.fcbarcelonanoticias.com\/en\/wp-json\/wp\/v2\/types\/post"}],"author":[{"embeddable":true,"href":"https:\/\/www.fcbarcelonanoticias.com\/en\/wp-json\/wp\/v2\/users\/358"}],"replies":[{"embeddable":true,"href":"https:\/\/www.fcbarcelonanoticias.com\/en\/wp-json\/wp\/v2\/comments?post=53487"}],"version-history":[{"count":1,"href":"https:\/\/www.fcbarcelonanoticias.com\/en\/wp-json\/wp\/v2\/posts\/53487\/revisions"}],"predecessor-version":[{"id":114691,"href":"https:\/\/www.fcbarcelonanoticias.com\/en\/wp-json\/wp\/v2\/posts\/53487\/revisions\/114691"}],"wp:featuredmedia":[{"embeddable":true,"href":"https:\/\/www.fcbarcelonanoticias.com\/en\/wp-json\/wp\/v2\/media\/114692"}],"wp:attachment":[{"href":"https:\/\/www.fcbarcelonanoticias.com\/en\/wp-json\/wp\/v2\/media?parent=53487"}],"wp:term":[{"taxonomy":"category","embeddable":true,"href":"https:\/\/www.fcbarcelonanoticias.com\/en\/wp-json\/wp\/v2\/categories?post=53487"},{"taxonomy":"post_tag","embeddable":true,"href":"https:\/\/www.fcbarcelonanoticias.com\/en\/wp-json\/wp\/v2\/tags?post=53487"}],"curies":[{"name":"wp","href":"https:\/\/api.w.org\/{rel}","templated":true}]}}