{"id":53492,"date":"2023-09-22T23:24:00","date_gmt":"2023-09-22T21:24:00","guid":{"rendered":"https:\/\/weisetech.dev\/fc-barcelona-noticias\/en\/fc-barcelona-rc-celta-possible-lineups-day-6-laliga_296403_102\/"},"modified":"2023-09-23T16:23:00","modified_gmt":"2023-09-23T14:23:00","slug":"fc-barcelona-rc-celta-possible-lineups-day-6-laliga_296403_102","status":"publish","type":"post","link":"https:\/\/www.fcbarcelonanoticias.com\/en\/laliga\/fc-barcelona-rc-celta-possible-lineups-day-6-laliga_296403_102.html","title":{"rendered":"FC Barcelona-RC Celta: The possible lineups for matchday 6 of LaLiga"},"content":{"rendered":"<h2 class=\"wp-block-heading\">FC Barcelona receives RC Celta, this Saturday from 6:30 p.m., at the Estadi Ol\u00edmpic Llu\u00eds Compannys. In the middle of a tight schedule, Xavi Hern\u00e1ndez will have to rotate<\/h2>  \r\n<div class=\"article-addons\">\r\n    <a href=\"https:\/\/www.fcbarcelonanoticias.com\/en\/calendar-fc-barcelona.html\"\r\n       target=\"_self\"\r\n       title=\"Calendar of FC Barcelona\"\r\n       class=\"blue-gredient-btn\">\r\n       \r\n        Calendar of FC Barcelona    <\/a>\r\n<\/div>   <p><strong>The <a data-external=\"0\" data-intl-links-en=\"https:\/\/www.fcbarcelonanoticias.com\/en\/fc-barcelona\" data-intl-links-es=\"https:\/\/www.fcbarcelonanoticias.com\/fc-barcelona\" href=\"https:\/\/www.fcbarcelonanoticias.com\/en\/football-soccer\/fc-barcelona.html\" rel=\"follow\" target=\"_self\" title=\"FC Barcelona\">FC Barcelona<\/a> takes action in LaLiga EA SPORTS 2023\/2024. <\/strong>They come of two exhibitions, in front of the Real Betis and Royal Amberes, that finished with &#8216;manitas&#8217; and very good feelings by part of the cul\u00e9s. In front of the Real Celtic Club, this Saturday 23 September from the 18:30 hours (6:30 PM CEST), will try to give continuity to the good series and add his fifth victory followed between all the competitions.<\/p>  <p>The cul\u00e9s have to take advantage of the visit of the Celtic and add three points that can be vital, especially because the Real Madrid, current leader, plays a day afterwards in front of the Athletic of Madrid and could leave points on the way. Xavi Hern\u00e1ndez will have big part of his staff, to exception of Pedri Gonz\u00e1lez, although it has promised rotations to give rest to the players that have contested it everything. <strong>To continuation, our forecast of the alignments: <\/strong><\/p>  <h2>Likely alignments of the Bar\u00e7a-Celtic<\/h2>  <ul> <li> <strong>FC Barcelona: <\/strong>Ter Stegen; I Cancel,Christensen, I\u00f1igo, Marcos Alonso; Romeu, G\u00fcndogan, Gavi; Lamine Yamal, Lewandowski and Joao F\u00e9lix.<\/li> \t<li> <strong>RC Celtic:<\/strong> Iv\u00e1n Villar; Mingueza, Unai N\u00fa\u00f1ez, Aidoo, Starfelt, Ristic; Carles P\u00e9rez, Beltr\u00e1n, Bamba; Larsen and Iago Sails.<\/li> <\/ul> <h2>Ter Stegen<\/h2>  <p>Beside Jules Kound\u00e9, <strong>Marc-Andr\u00e9 ter Stegen has been the only player that has contested all the minutes in this start of campaign. <\/strong>It seems unlikely that Xavi Hern\u00e1ndez go to give him rest and the Teutonic will look for to add his third goal to zero, second in LaLiga, with Iago Sails like maximum threat.<\/p>  <h2>I cancel-Christensen-I\u00f1igo-Alonso<\/h2>  <p><strong>It seems the stage and ideal party so that Xavi give rest to Jules Kound\u00e9 and Alejandro Balde<\/strong>, by what the defence could be configured by Joao Cancel in the right side, accompanied by the couple of head offices of Andreas Christensen and I\u00f1igo Mart\u00ednez. Marcos Alonso would go back to the titularity to occupy the left band. Another option is that Sergi Roberto play and the Portuguese rest.<\/p>  <h2>G\u00fcndogan-Romeu-Gavi<\/h2>  <p>Frenkie Of Jong would be the big &#8216;protected&#8217; in the centre of the field. It has played it practically all and comes very demanded,<strong> although it is clear that has turned into an important player<\/strong>. In this sense, in the medullary could appear Oriol Romeu like pivote, accompanied by two interiors: \u00cdlkay G\u00fcndogan and Gavi, that in spite of having played in Champions League, are in indisputable way,<\/p>  <h2>Lamine-Lewandowski-Joao F\u00e9lix<\/h2>  <p>In the line of attack is where more there are doubts, because the competition is maximum. Although they come to play the last two parties, seems difficult that Xavi can seat to Robert Lewandowski and Joao F\u00e9lix, that are in state of grace. <strong>In the rotations could see benefited Lamine Yamal or Ferran Torres to reinforce the right extreme. <\/strong><\/p> ","protected":false},"excerpt":{"rendered":"<p>FC Barcelona receives RC Celta, this Saturday from 6:30 p.m., at the Estadi Ol\u00edmpic Llu\u00eds Compannys. In the middle of a tight schedule, Xavi Hern\u00e1ndez will have to rotate The FC Barcelona takes action in LaLiga EA SPORTS 2023\/2024. They come of two exhibitions, in front of the Real Betis and Royal Amberes, that finished [&hellip;]<\/p>\n","protected":false},"author":0,"featured_media":53496,"comment_status":"closed","ping_status":"open","sticky":false,"template":"","format":"standard","meta":{"_acf_changed":false,"inline_featured_image":false,"_nextfly_llmd_date_locked":false,"footnotes":""},"categories":[448,114],"tags":[71,201],"class_list":["post-53492","post","type-post","status-publish","format-standard","has-post-thumbnail","hentry","category-laliga-2","category-laliga","tag-celtic-of-vigo","tag-lineups"],"acf":[],"yoast_head":"<!-- This site is optimized with the Yoast SEO plugin v27.3 - https:\/\/yoast.com\/product\/yoast-seo-wordpress\/ -->\n<title>FC Barcelona-RC Celta: The possible lineups for matchday 6 of LaLiga<\/title>\n<meta name=\"description\" content=\"The FC Barcelona receives to the RC Celtic, this Saturday from the 18:30 hours, in the Estadi Ol\u00edmpic Llu\u00eds Compannys. In the middle of a calendar tightened, Xavi Hern\u00e1ndez will have to hacee rotations\" \/>\n<meta name=\"robots\" content=\"index, follow, max-snippet:-1, max-image-preview:large, max-video-preview:-1\" \/>\n<link rel=\"canonical\" href=\"https:\/\/www.fcbarcelonanoticias.com\/en\/laliga\/fc-barcelona-rc-celta-possible-lineups-day-6-laliga_296403_102.html\" \/>\n<meta property=\"og:locale\" content=\"en_US\" \/>\n<meta property=\"og:type\" content=\"article\" \/>\n<meta property=\"og:title\" content=\"FC Barcelona-RC Celta: The possible lineups for matchday 6 of LaLiga\" \/>\n<meta property=\"og:description\" content=\"The FC Barcelona receives to the RC Celtic, this Saturday from the 18:30 hours, in the Estadi Ol\u00edmpic Llu\u00eds Compannys. In the middle of a calendar tightened, Xavi Hern\u00e1ndez will have to hacee rotations\" \/>\n<meta property=\"og:url\" content=\"https:\/\/www.fcbarcelonanoticias.com\/en\/laliga\/fc-barcelona-rc-celta-possible-lineups-day-6-laliga_296403_102.html\" \/>\n<meta property=\"og:site_name\" content=\"EN - FC Barcelona Noticias\" \/>\n<meta property=\"article:published_time\" content=\"2023-09-22T21:24:00+00:00\" \/>\n<meta property=\"article:modified_time\" content=\"2023-09-23T14:23:00+00:00\" \/>\n<meta property=\"og:image\" content=\"https:\/\/www.fcbarcelonanoticias.com\/en\/wp-content\/uploads\/sites\/2\/2023\/09\/posible-alineacio-n-del-fc-barcelona-vs-celta-copy.jpeg\" \/>\n\t<meta property=\"og:image:width\" content=\"1200\" \/>\n\t<meta property=\"og:image:height\" content=\"675\" \/>\n\t<meta property=\"og:image:type\" content=\"image\/jpeg\" \/>\n<meta name=\"twitter:card\" content=\"summary_large_image\" \/>\n<meta name=\"twitter:label1\" content=\"Est. reading time\" \/>\n\t<meta name=\"twitter:data1\" content=\"3 minutes\" \/>\n<script type=\"application\/ld+json\" class=\"yoast-schema-graph\">{\"@context\":\"https:\\\/\\\/schema.org\",\"@graph\":[{\"@type\":\"Article\",\"@id\":\"https:\\\/\\\/www.fcbarcelonanoticias.com\\\/en\\\/laliga\\\/fc-barcelona-rc-celta-possible-lineups-day-6-laliga_296403_102.html#article\",\"isPartOf\":{\"@id\":\"https:\\\/\\\/www.fcbarcelonanoticias.com\\\/en\\\/laliga\\\/fc-barcelona-rc-celta-possible-lineups-day-6-laliga_296403_102.html\"},\"author\":{\"name\":\"\",\"@id\":\"\"},\"headline\":\"FC Barcelona-RC Celta: The possible lineups for matchday 6 of LaLiga\",\"datePublished\":\"2023-09-22T21:24:00+00:00\",\"dateModified\":\"2023-09-23T14:23:00+00:00\",\"mainEntityOfPage\":{\"@id\":\"https:\\\/\\\/www.fcbarcelonanoticias.com\\\/en\\\/laliga\\\/fc-barcelona-rc-celta-possible-lineups-day-6-laliga_296403_102.html\"},\"wordCount\":514,\"image\":{\"@id\":\"https:\\\/\\\/www.fcbarcelonanoticias.com\\\/en\\\/laliga\\\/fc-barcelona-rc-celta-possible-lineups-day-6-laliga_296403_102.html#primaryimage\"},\"thumbnailUrl\":\"https:\\\/\\\/www.fcbarcelonanoticias.com\\\/en\\\/wp-content\\\/uploads\\\/sites\\\/2\\\/2023\\\/09\\\/posible-alineacio-n-del-fc-barcelona-vs-celta-copy.jpeg\",\"keywords\":[\"Celtic of Vigo\",\"FC Barcelona Lineups\"],\"articleSection\":[\"LaLiga\",\"LaLiga\"],\"inLanguage\":\"en-US\"},{\"@type\":\"WebPage\",\"@id\":\"https:\\\/\\\/www.fcbarcelonanoticias.com\\\/en\\\/laliga\\\/fc-barcelona-rc-celta-possible-lineups-day-6-laliga_296403_102.html\",\"url\":\"https:\\\/\\\/www.fcbarcelonanoticias.com\\\/en\\\/laliga\\\/fc-barcelona-rc-celta-possible-lineups-day-6-laliga_296403_102.html\",\"name\":\"FC Barcelona-RC Celta: The possible lineups for matchday 6 of LaLiga\",\"isPartOf\":{\"@id\":\"https:\\\/\\\/www.fcbarcelonanoticias.com\\\/en\\\/#website\"},\"primaryImageOfPage\":{\"@id\":\"https:\\\/\\\/www.fcbarcelonanoticias.com\\\/en\\\/laliga\\\/fc-barcelona-rc-celta-possible-lineups-day-6-laliga_296403_102.html#primaryimage\"},\"image\":{\"@id\":\"https:\\\/\\\/www.fcbarcelonanoticias.com\\\/en\\\/laliga\\\/fc-barcelona-rc-celta-possible-lineups-day-6-laliga_296403_102.html#primaryimage\"},\"thumbnailUrl\":\"https:\\\/\\\/www.fcbarcelonanoticias.com\\\/en\\\/wp-content\\\/uploads\\\/sites\\\/2\\\/2023\\\/09\\\/posible-alineacio-n-del-fc-barcelona-vs-celta-copy.jpeg\",\"datePublished\":\"2023-09-22T21:24:00+00:00\",\"dateModified\":\"2023-09-23T14:23:00+00:00\",\"author\":{\"@id\":\"\"},\"description\":\"The FC Barcelona receives to the RC Celtic, this Saturday from the 18:30 hours, in the Estadi Ol\u00edmpic Llu\u00eds Compannys. In the middle of a calendar tightened, Xavi Hern\u00e1ndez will have to hacee rotations\",\"breadcrumb\":{\"@id\":\"https:\\\/\\\/www.fcbarcelonanoticias.com\\\/en\\\/laliga\\\/fc-barcelona-rc-celta-possible-lineups-day-6-laliga_296403_102.html#breadcrumb\"},\"inLanguage\":\"en-US\",\"potentialAction\":[{\"@type\":\"ReadAction\",\"target\":[\"https:\\\/\\\/www.fcbarcelonanoticias.com\\\/en\\\/laliga\\\/fc-barcelona-rc-celta-possible-lineups-day-6-laliga_296403_102.html\"]}]},{\"@type\":\"ImageObject\",\"inLanguage\":\"en-US\",\"@id\":\"https:\\\/\\\/www.fcbarcelonanoticias.com\\\/en\\\/laliga\\\/fc-barcelona-rc-celta-possible-lineups-day-6-laliga_296403_102.html#primaryimage\",\"url\":\"https:\\\/\\\/www.fcbarcelonanoticias.com\\\/en\\\/wp-content\\\/uploads\\\/sites\\\/2\\\/2023\\\/09\\\/posible-alineacio-n-del-fc-barcelona-vs-celta-copy.jpeg\",\"contentUrl\":\"https:\\\/\\\/www.fcbarcelonanoticias.com\\\/en\\\/wp-content\\\/uploads\\\/sites\\\/2\\\/2023\\\/09\\\/posible-alineacio-n-del-fc-barcelona-vs-celta-copy.jpeg\",\"width\":1200,\"height\":675},{\"@type\":\"BreadcrumbList\",\"@id\":\"https:\\\/\\\/www.fcbarcelonanoticias.com\\\/en\\\/laliga\\\/fc-barcelona-rc-celta-possible-lineups-day-6-laliga_296403_102.html#breadcrumb\",\"itemListElement\":[{\"@type\":\"ListItem\",\"position\":1,\"name\":\"Portada\",\"item\":\"https:\\\/\\\/www.fcbarcelonanoticias.com\\\/en\\\/\"},{\"@type\":\"ListItem\",\"position\":2,\"name\":\"FC Barcelona-RC Celta: The possible lineups for matchday 6 of LaLiga\"}]},{\"@type\":\"WebSite\",\"@id\":\"https:\\\/\\\/www.fcbarcelonanoticias.com\\\/en\\\/#website\",\"url\":\"https:\\\/\\\/www.fcbarcelonanoticias.com\\\/en\\\/\",\"name\":\"EN - FC Barcelona Noticias\",\"description\":\"\",\"potentialAction\":[{\"@type\":\"SearchAction\",\"target\":{\"@type\":\"EntryPoint\",\"urlTemplate\":\"https:\\\/\\\/www.fcbarcelonanoticias.com\\\/en\\\/?s={search_term_string}\"},\"query-input\":{\"@type\":\"PropertyValueSpecification\",\"valueRequired\":true,\"valueName\":\"search_term_string\"}}],\"inLanguage\":\"en-US\"}]}<\/script>\n<!-- \/ Yoast SEO plugin. -->","yoast_head_json":{"title":"FC Barcelona-RC Celta: The possible lineups for matchday 6 of LaLiga","description":"The FC Barcelona receives to the RC Celtic, this Saturday from the 18:30 hours, in the Estadi Ol\u00edmpic Llu\u00eds Compannys. In the middle of a calendar tightened, Xavi Hern\u00e1ndez will have to hacee rotations","robots":{"index":"index","follow":"follow","max-snippet":"max-snippet:-1","max-image-preview":"max-image-preview:large","max-video-preview":"max-video-preview:-1"},"canonical":"https:\/\/www.fcbarcelonanoticias.com\/en\/laliga\/fc-barcelona-rc-celta-possible-lineups-day-6-laliga_296403_102.html","og_locale":"en_US","og_type":"article","og_title":"FC Barcelona-RC Celta: The possible lineups for matchday 6 of LaLiga","og_description":"The FC Barcelona receives to the RC Celtic, this Saturday from the 18:30 hours, in the Estadi Ol\u00edmpic Llu\u00eds Compannys. In the middle of a calendar tightened, Xavi Hern\u00e1ndez will have to hacee rotations","og_url":"https:\/\/www.fcbarcelonanoticias.com\/en\/laliga\/fc-barcelona-rc-celta-possible-lineups-day-6-laliga_296403_102.html","og_site_name":"EN - FC Barcelona Noticias","article_published_time":"2023-09-22T21:24:00+00:00","article_modified_time":"2023-09-23T14:23:00+00:00","og_image":[{"width":1200,"height":675,"url":"https:\/\/www.fcbarcelonanoticias.com\/en\/wp-content\/uploads\/sites\/2\/2023\/09\/posible-alineacio-n-del-fc-barcelona-vs-celta-copy.jpeg","type":"image\/jpeg"}],"twitter_card":"summary_large_image","twitter_misc":{"Est. reading time":"3 minutes"},"schema":{"@context":"https:\/\/schema.org","@graph":[{"@type":"Article","@id":"https:\/\/www.fcbarcelonanoticias.com\/en\/laliga\/fc-barcelona-rc-celta-possible-lineups-day-6-laliga_296403_102.html#article","isPartOf":{"@id":"https:\/\/www.fcbarcelonanoticias.com\/en\/laliga\/fc-barcelona-rc-celta-possible-lineups-day-6-laliga_296403_102.html"},"author":{"name":"","@id":""},"headline":"FC Barcelona-RC Celta: The possible lineups for matchday 6 of LaLiga","datePublished":"2023-09-22T21:24:00+00:00","dateModified":"2023-09-23T14:23:00+00:00","mainEntityOfPage":{"@id":"https:\/\/www.fcbarcelonanoticias.com\/en\/laliga\/fc-barcelona-rc-celta-possible-lineups-day-6-laliga_296403_102.html"},"wordCount":514,"image":{"@id":"https:\/\/www.fcbarcelonanoticias.com\/en\/laliga\/fc-barcelona-rc-celta-possible-lineups-day-6-laliga_296403_102.html#primaryimage"},"thumbnailUrl":"https:\/\/www.fcbarcelonanoticias.com\/en\/wp-content\/uploads\/sites\/2\/2023\/09\/posible-alineacio-n-del-fc-barcelona-vs-celta-copy.jpeg","keywords":["Celtic of Vigo","FC Barcelona Lineups"],"articleSection":["LaLiga","LaLiga"],"inLanguage":"en-US"},{"@type":"WebPage","@id":"https:\/\/www.fcbarcelonanoticias.com\/en\/laliga\/fc-barcelona-rc-celta-possible-lineups-day-6-laliga_296403_102.html","url":"https:\/\/www.fcbarcelonanoticias.com\/en\/laliga\/fc-barcelona-rc-celta-possible-lineups-day-6-laliga_296403_102.html","name":"FC Barcelona-RC Celta: The possible lineups for matchday 6 of LaLiga","isPartOf":{"@id":"https:\/\/www.fcbarcelonanoticias.com\/en\/#website"},"primaryImageOfPage":{"@id":"https:\/\/www.fcbarcelonanoticias.com\/en\/laliga\/fc-barcelona-rc-celta-possible-lineups-day-6-laliga_296403_102.html#primaryimage"},"image":{"@id":"https:\/\/www.fcbarcelonanoticias.com\/en\/laliga\/fc-barcelona-rc-celta-possible-lineups-day-6-laliga_296403_102.html#primaryimage"},"thumbnailUrl":"https:\/\/www.fcbarcelonanoticias.com\/en\/wp-content\/uploads\/sites\/2\/2023\/09\/posible-alineacio-n-del-fc-barcelona-vs-celta-copy.jpeg","datePublished":"2023-09-22T21:24:00+00:00","dateModified":"2023-09-23T14:23:00+00:00","author":{"@id":""},"description":"The FC Barcelona receives to the RC Celtic, this Saturday from the 18:30 hours, in the Estadi Ol\u00edmpic Llu\u00eds Compannys. In the middle of a calendar tightened, Xavi Hern\u00e1ndez will have to hacee rotations","breadcrumb":{"@id":"https:\/\/www.fcbarcelonanoticias.com\/en\/laliga\/fc-barcelona-rc-celta-possible-lineups-day-6-laliga_296403_102.html#breadcrumb"},"inLanguage":"en-US","potentialAction":[{"@type":"ReadAction","target":["https:\/\/www.fcbarcelonanoticias.com\/en\/laliga\/fc-barcelona-rc-celta-possible-lineups-day-6-laliga_296403_102.html"]}]},{"@type":"ImageObject","inLanguage":"en-US","@id":"https:\/\/www.fcbarcelonanoticias.com\/en\/laliga\/fc-barcelona-rc-celta-possible-lineups-day-6-laliga_296403_102.html#primaryimage","url":"https:\/\/www.fcbarcelonanoticias.com\/en\/wp-content\/uploads\/sites\/2\/2023\/09\/posible-alineacio-n-del-fc-barcelona-vs-celta-copy.jpeg","contentUrl":"https:\/\/www.fcbarcelonanoticias.com\/en\/wp-content\/uploads\/sites\/2\/2023\/09\/posible-alineacio-n-del-fc-barcelona-vs-celta-copy.jpeg","width":1200,"height":675},{"@type":"BreadcrumbList","@id":"https:\/\/www.fcbarcelonanoticias.com\/en\/laliga\/fc-barcelona-rc-celta-possible-lineups-day-6-laliga_296403_102.html#breadcrumb","itemListElement":[{"@type":"ListItem","position":1,"name":"Portada","item":"https:\/\/www.fcbarcelonanoticias.com\/en\/"},{"@type":"ListItem","position":2,"name":"FC Barcelona-RC Celta: The possible lineups for matchday 6 of LaLiga"}]},{"@type":"WebSite","@id":"https:\/\/www.fcbarcelonanoticias.com\/en\/#website","url":"https:\/\/www.fcbarcelonanoticias.com\/en\/","name":"EN - FC Barcelona Noticias","description":"","potentialAction":[{"@type":"SearchAction","target":{"@type":"EntryPoint","urlTemplate":"https:\/\/www.fcbarcelonanoticias.com\/en\/?s={search_term_string}"},"query-input":{"@type":"PropertyValueSpecification","valueRequired":true,"valueName":"search_term_string"}}],"inLanguage":"en-US"}]}},"_links":{"self":[{"href":"https:\/\/www.fcbarcelonanoticias.com\/en\/wp-json\/wp\/v2\/posts\/53492","targetHints":{"allow":["GET"]}}],"collection":[{"href":"https:\/\/www.fcbarcelonanoticias.com\/en\/wp-json\/wp\/v2\/posts"}],"about":[{"href":"https:\/\/www.fcbarcelonanoticias.com\/en\/wp-json\/wp\/v2\/types\/post"}],"replies":[{"embeddable":true,"href":"https:\/\/www.fcbarcelonanoticias.com\/en\/wp-json\/wp\/v2\/comments?post=53492"}],"version-history":[{"count":1,"href":"https:\/\/www.fcbarcelonanoticias.com\/en\/wp-json\/wp\/v2\/posts\/53492\/revisions"}],"predecessor-version":[{"id":114669,"href":"https:\/\/www.fcbarcelonanoticias.com\/en\/wp-json\/wp\/v2\/posts\/53492\/revisions\/114669"}],"wp:featuredmedia":[{"embeddable":true,"href":"https:\/\/www.fcbarcelonanoticias.com\/en\/wp-json\/wp\/v2\/media\/53496"}],"wp:attachment":[{"href":"https:\/\/www.fcbarcelonanoticias.com\/en\/wp-json\/wp\/v2\/media?parent=53492"}],"wp:term":[{"taxonomy":"category","embeddable":true,"href":"https:\/\/www.fcbarcelonanoticias.com\/en\/wp-json\/wp\/v2\/categories?post=53492"},{"taxonomy":"post_tag","embeddable":true,"href":"https:\/\/www.fcbarcelonanoticias.com\/en\/wp-json\/wp\/v2\/tags?post=53492"}],"curies":[{"name":"wp","href":"https:\/\/api.w.org\/{rel}","templated":true}]}}