{"id":53874,"date":"2025-11-01T18:53:00","date_gmt":"2025-11-01T17:53:00","guid":{"rendered":"https:\/\/weisetech.dev\/fc-barcelona-noticias\/en\/fc-barcelona-vs-elche-probable-lineups-and-absences_315159_102\/"},"modified":"2026-03-27T11:33:01","modified_gmt":"2026-03-27T10:33:01","slug":"fc-barcelona-vs-elche-probable-lineups-and-absences_315159_102","status":"publish","type":"post","link":"https:\/\/www.fcbarcelonanoticias.com\/en\/laliga\/fc-barcelona-vs-elche-probable-lineups-and-absences_315159_102.html","title":{"rendered":"FC Barcelona vs Elche: probable lineups and absences for the Liga match"},"content":{"rendered":"<h2 class=\"wp-block-heading\">Barcelona and Elche face off this Sunday for matchday 11 of LaLiga. Will Hansi Flick opt for an alternative starting XI? We review the possible lineups and absences of both teams<\/h2>  \r\n<div class=\"article-addons\">\r\n    <a href=\"https:\/\/www.fcbarcelonanoticias.com\/en\/calendar-fc-barcelona.html\"\r\n       target=\"_self\"\r\n       title=\"Calendar of FC Barcelona\"\r\n       class=\"blue-gredient-btn\">\r\n       \r\n        Calendar of FC Barcelona    <\/a>\r\n<\/div>   <p><b><a data-external=\"0\" data-intl-links-en=\"https:\/\/www.fcbarcelonanoticias.com\/en\/laliga\/barcelona-vs-elche-live-and-online-when-and-where-to-watch_315158_102.html\" data-intl-links-es=\"https:\/\/www.fcbarcelonanoticias.com\/laliga\/barcelona-vs-elche-directo-online-cuando-donde-ver-partido-tv_315158_102.html\" href=\"https:\/\/www.fcbarcelonanoticias.com\/en\/laliga\/barcelona-vs-elche-live-and-online-when-and-where-to-watch_315158_102.html\" rel=\"follow\" target=\"_self\" title=\"Barcelona vs Elche en directo y online: cu\u00e1ndo y d\u00f3nde ver el partido en TV\">FC Barcelona and Elche CF<\/a>&nbsp;<\/b>face each other this Sunday in&nbsp;<strong>LaLiga EA Sports 2025\/26<\/strong>&nbsp;at the Llu\u00eds Companys Olympic Stadium in Montju\u00efc (18:30 CEST), for the eleventh matchday of the tournament. <strong>Hansi Flick<\/strong>&#8216;s team arrives with six absentees due to injury, with <strong>Pedri Gonz\u00e1lez&nbsp;<\/strong>being the latest to return to the Bar\u00e7a infirmary.<\/p>  <p>We review the <strong>possible starting lineup, the substitutes&#8217; bench, and the injured and suspended players for Hansi Flick&#8217;s Barcelona<\/strong> for the match against Elche. Complete analysis!<\/p>  <h2>Possible starting XI for Bar\u00e7a against Elche<\/h2>  <ol> <li>(#25, P) Szczesny<\/li> \t<li>(#24) Eric Garc\u00eda<\/li> \t<li>(#04) Ronald Araujo<\/li> \t<li>(#05) Pau Cubars\u00ed<\/li> \t<li>(#03) Alejandro Balde<\/li> \t<li>(#17) Marc Casad\u00f3<\/li> \t<li>(#21) Frenkie de Jong<\/li> \t<li>(#16) Ferm\u00edn L\u00f3pez<\/li> \t<li>(#10) Lamine Yamal<\/li> \t<li>(#14) Marcus Rashford<\/li> \t<li>(#07) Ferran Torres<\/li> <\/ol> <p><strong>Bar\u00e7a bench (substitute players)<\/strong><\/p>  <ol> <li>(#31, G) Diego Kochen<\/li> \t<li>(#33, G) Eder Aller<\/li> \t<li>(#09) Robert Lewandowski<\/li> \t<li>(#18) Gerard Mart\u00edn<\/li> \t<li>(#20) Dani Olmo<\/li> \t<li>(#22) Marc Bernal<\/li> \t<li>(#23) Jules Kound\u00e9<\/li> \t<li>(#26) Jofre Torrents<\/li> \t<li>(#27) Dro Fern\u00e1ndez<\/li> \t<li>(#28) Roony Bardghji<\/li> \t<li>(#29) Toni Fern\u00e1ndez<\/li> \t<li>(#42) Xavi Espart<\/li> <\/ol> <p><strong>Injured Bar\u00e7a Players<\/strong><\/p>  <ol> <li>(#01, G) Marc-Andr\u00e9 ter Stegen<\/li> \t<li>(#06) Gavi<\/li> \t<li>(#08) Pedri<\/li> \t<li>(#11) Raphinha<\/li> \t<li>(#13, G) Joan Garc\u00eda<\/li> \t<li>(#15) Andreas Christensen<\/li> <\/ol> <h2>Possible surprises and tactical variations from Flick against Elche<\/h2>  <p>In principle, <strong>Hansi Flick<\/strong> plans to make a couple of adjustments to his lineup from Matchday 10 against Real Madrid (2-1), with <strong>Ronald Araujo<\/strong> returning to the center of the defense. In addition, <strong>Marc Casad\u00f3<\/strong> is expected to start in place of Pedri. The Canary Islander was already ruled out due to suspension, but he has also been injured.<\/p>  <p><strong>Goalkeeping and defense<\/strong><\/p>  <ul> <li> \t<p><strong>Wojciech Szczesny<\/strong> will be in goal, while Erric Garc\u00eda and Alejandro Balde would be the full-backs. In the center of defense, <strong>Ronald Araujo<\/strong> should accompany <strong>Pau Cubars\u00ed<\/strong>, with Jules Kound\u00e9 waiting for his opportunity on the bench. Jofre Torrents and Gerard Mart\u00edn will also be available, as will Xavi Espart.<\/p> \t<\/li> <\/ul> <p><strong>Midfield:<\/strong><\/p>  <ul> <li> \t<p>As a pivot, <strong>Marc Casad\u00f3<\/strong> is expected to be Frenkie de Jong&#8217;s partner in midfield, while Ferm\u00edn would once again be the team&#8217;s attacking midfielder. Dani Olmo returns from injury and will add minutes in the second half.<\/p> \t<\/li> <\/ul> <p><strong>Forwards:<\/strong><\/p>  <ul> <li> \t<p>In attack, <strong>Lamine Yamal<\/strong> and <strong>Marcus Rashford<\/strong> would complete the Bar\u00e7a attack alongside <strong>Ferran Torres<\/strong>. The &#8216;Shark&#8217; will remain in the starting XI despite the return of Robert Lewandowski, who is also returning from injury. Dro and Toni Fern\u00e1ndez await minutes on the bench alongside Roony Bardghji. Raphinha is still injured.<\/p> \t<\/li> <\/ul> <h2>Bar\u00e7a casualties: Which players will miss the match against Elche due to injury?<\/h2>  <div class=\"media media-image\" data-ck-asset-wrapper=\"\"> <div class=\"media-item\"> <div class=\"media media-image\" data-ck-asset-wrapper=\"\"> <div class=\"media-item\"> <img loading=\"lazy\" decoding=\"async\" alt=\"INJURED: This is the state of Barcelona's infirmary before Elche\" data-id=\"1529010\" data-resize=\"9\" height=\"563\" src=\"https:\/\/www.fcbarcelonanoticias.com\/wp-content\/uploads\/sites\/2\/2025\/11\/fcbn-3efd502881a5d72223d909edfe66cf0a.webp\" title=\"INJURED: This is the state of Barcelona's infirmary before Elche\" width=\"1000\"><div class=\"media-title\">INJURED: This is the state of Barcelona&#8217;s infirmary before Elche<\/div> <\/div> <\/div> <\/div> <\/div>  <p><strong>A total of six Bar\u00e7a players will be confirmed absentees due to physical problems<\/strong>. The club has once again lost <strong><a data-external=\"0\" data-intl-links-en=\"https:\/\/www.fcbarcelonanoticias.com\/en\/laliga\/clasico-injuries-raphinha-relapses-kounde-is-also-doubtful_315104_102.html\" data-intl-links-es=\"https:\/\/www.fcbarcelonanoticias.com\/laliga\/barca-aprietos-raphinha-recae-lesion-kounde-tambien-duda-clasico_315104_102.html\" href=\"https:\/\/www.fcbarcelonanoticias.com\/en\/laliga\/clasico-injuries-raphinha-relapses-kounde-is-also-doubtful_315104_102.html\" rel=\"follow\" target=\"_self\" title=\"El Bar\u00e7a en aprietos: Raphinha recae de su lesi\u00f3n; Kound\u00e9 tambi\u00e9n es duda para el Cl\u00e1sico\">Raphinha<\/a><\/strong> before the Cl\u00e1sico, once the Brazilian&#8217;s relapse from his right thigh injury was confirmed. In that sense, Rafa joins <a data-external=\"0\" data-intl-links-en=\"https:\/\/www.fcbarcelonanoticias.com\/en\/fc-barcelona\/pedri-breaks-down-barcelona-confirms-midfielder-injury_315145_102.html\" data-intl-links-es=\"https:\/\/www.fcbarcelonanoticias.com\/fc-barcelona\/pedri-gonzalez-ko-comunicado-medico-barcelona-confirma-su-lesion_315145_102.html\" href=\"https:\/\/www.fcbarcelonanoticias.com\/en\/fc-barcelona\/pedri-breaks-down-barcelona-confirms-midfielder-injury_315145_102.html\" rel=\"follow\" target=\"_self\" title=\"Pedri Gonz\u00e1lez KO: Comunicado m\u00e9dico del Barcelona confirma su lesi\u00f3n\">Pedri Gonz\u00e1lez<\/a> as an offensive casualty.<\/p>  <p>The midfielder would miss the match against Elche due to suspension, but now he will be out for around a month due to an injury to his left thigh. <strong><a data-external=\"0\" data-intl-links-en=\"https:\/\/www.fcbarcelonanoticias.com\/en\/fc-barcelona\/joan-garcia-and-his-recovery-ruled-out-for-clasico_314997_102.html\" data-intl-links-es=\"https:\/\/www.fcbarcelonanoticias.com\/fc-barcelona\/joan-garcia-pone-fecha-su-regreso-con-barca-jugara-clasico_314997_102.html\" href=\"https:\/\/www.fcbarcelonanoticias.com\/en\/fc-barcelona\/joan-garcia-and-his-recovery-ruled-out-for-clasico_314997_102.html\" rel=\"follow\" target=\"_self\" title=\"Joan Garc\u00eda pone fecha a su regreso con el Bar\u00e7a: \u00bfjugar\u00e1 el Cl\u00e1sico?\">Joan Garc\u00eda<\/a><\/strong>, meanwhile, underwent surgery to treat an injury to his left meniscus. <strong>The return of the player from Sallent<\/strong> could be postponed for another week or two.<\/p>  <p><a data-external=\"0\" data-intl-links-en=\"https:\/\/www.fcbarcelonanoticias.com\/en\/fc-barcelona\/andreas-christensen-suffers-new-injury-to-right-soleus_315133_102.html\" data-intl-links-es=\"https:\/\/www.fcbarcelonanoticias.com\/fc-barcelona\/andreas-christensen-lesion-soleo-posible-baja-barca-elche_315133_102.html\" href=\"https:\/\/www.fcbarcelonanoticias.com\/en\/fc-barcelona\/andreas-christensen-suffers-new-injury-to-right-soleus_315133_102.html\" rel=\"follow\" target=\"_self\" title=\"Andreas Christensen: lesi\u00f3n en el s\u00f3leo y posible baja para el Bar\u00e7a-Elche\">Andreas Christensen<\/a>, meanwhile, will be out as a precaution. The Dane is suffering from discomfort in his right soleus and has not trained with the group during the week, so he will be out for the third consecutive match. The outlook is much more complex for <a data-external=\"0\" data-intl-links-en=\"https:\/\/www.fcbarcelonanoticias.com\/en\/fc-barcelona\/gavi-breaks-down-ko-for-4-5-months-with-flick-barcelona_314804_102.html\" data-intl-links-es=\"https:\/\/www.fcbarcelonanoticias.com\/fc-barcelona\/gavi-sera-baja-hasta-2026-barcelona-confirma-peores-presagios_314804_102.html\" href=\"https:\/\/www.fcbarcelonanoticias.com\/en\/fc-barcelona\/gavi-breaks-down-ko-for-4-5-months-with-flick-barcelona_314804_102.html\" rel=\"follow\" target=\"_self\" title=\"Gavi ser\u00e1 baja hasta 2026: el Barcelona confirma los peores presagios\">Gavi<\/a>.<\/p>  <p>The midfielder underwent arthroscopy and, finally, had to have surgery on the internal meniscus of his right knee. Therefore, the &#8216;6&#8217; will be out for between four and five months, with the tentative date for his return being February 2026. The latest absence is <strong><a data-external=\"0\" data-intl-links-en=\"https:\/\/www.fcbarcelonanoticias.com\/en\/fc-barcelona\/flick-is-honest-about-ter-stegen-future-at-barcelona-i-don-make-promises_314393_102.html\" data-intl-links-es=\"https:\/\/www.fcbarcelonanoticias.com\/fc-barcelona\/flick-ter-stegen-lamine-yamal-barca_314393_102.html\" href=\"https:\/\/www.fcbarcelonanoticias.com\/en\/fc-barcelona\/flick-is-honest-about-ter-stegen-future-at-barcelona-i-don-make-promises_314393_102.html\" rel=\"follow\" target=\"_self\" title=\"Flick se sincera sobre el futuro de Ter Stegen en el Barcelona: \u201cNo hago promesas\">Ter Stegen<\/a><\/strong>, who will be out of action, at least, until the end of November or the beginning of December.<\/p>  <h2>Possible lineup of Elche against Barcelona<\/h2>  <ul> <li> <strong>Starting XI<\/strong>: I\u00f1aki Pe\u00f1a; Nu\u00f1ez, Chust, Vigas, P\u00e9trot; Aguado,&nbsp;Febas;&nbsp;Neto, Varela,&nbsp;Mir;&nbsp;Silva.<\/li> \t<li> <strong>Bench<\/strong>: Dituro (G), Iturbe (G), Donald, Delgado, Diaby, Pedroza, Redondo, Mendoza, Josan, Ali Houari, Boayar, Rodr\u00edguez.<\/li> \t<li> <strong>Injured<\/strong>: None.<\/li> \t<li> <strong>Suspended<\/strong>: None.<\/li> <\/ul> <p>Elche, meanwhile, comes to matchday 11 of LaLiga without any injury absences. The team from Elche, in principle, will maintain their starting XI from recent matchdays, with the goalkeeper on loan from Bar\u00e7a, <a data-external=\"0\" data-intl-links-en=\"https:\/\/www.fcbarcelonanoticias.com\/en\/transfers\/official-inaki-pena-renews-with-barca-and-goes-on-loan-to-elche_314434_102.html\" data-intl-links-es=\"https:\/\/www.fcbarcelonanoticias.com\/fichajes\/oficial-inaki-pena-renueva-con-barca-se-va-cedido-elche_314434_102.html\" href=\"https:\/\/www.fcbarcelonanoticias.com\/en\/transfers\/official-inaki-pena-renews-with-barca-and-goes-on-loan-to-elche_314434_102.html\" rel=\"follow\" target=\"_self\" title=\"OFICIAL: I\u00f1aki Pe\u00f1a renueva con el Bar\u00e7a y se va cedido al Elche\">I\u00f1aki Pe\u00f1a<\/a>, in goal and the Chust-Vigas duo in the center of defense. Nu\u00f1ez and P\u00e9trot will once again be the full-backs.<\/p>  <p>In the center of the field, the Aguado-Febas duo should be maintained in the double defensive pivot, with Martim Neto as an attacking midfielder. Germ\u00e1n Varela and <strong>Rafa Mir<\/strong> will be the wingers, while <strong>Andr\u00e9 Silva<\/strong> remains as the team&#8217;s &#8216;9&#8217;.<\/p>  <p><strong>Eder Sarabia&#8217;s<\/strong> team, for the moment, remains in the middle of the standings, with 14 points resulting from 3 wins, 5 draws, and 2 losses. Although they have only scored 11 goals, their defense is their strong point, with 10 goals conceded in the same number of matches (2 less than Bar\u00e7a).<\/p>  <ul> <li>\ud83d\udc49 Follow the complete coverage of <strong><a data-external=\"0\" data-intl-links-en=\"https:\/\/www.fcbarcelonanoticias.com\/en\/laliga.html\" data-intl-links-es=\"https:\/\/www.fcbarcelonanoticias.com\/laliga.html\" href=\"https:\/\/www.fcbarcelonanoticias.com\/en\/laliga.html\" rel=\"follow\" target=\"_self\" title=\"LaLiga\">LaLiga EA Sports 2025-26<\/a><\/strong> in FC Barcelona Noticias<\/li> <\/ul> ","protected":false},"excerpt":{"rendered":"<p>Barcelona and Elche face off this Sunday for matchday 11 of LaLiga. Will Hansi Flick opt for an alternative starting XI? We review the possible lineups and absences of both teams FC Barcelona and Elche CF&nbsp;face each other this Sunday in&nbsp;LaLiga EA Sports 2025\/26&nbsp;at the Llu\u00eds Companys Olympic Stadium in Montju\u00efc (18:30 CEST), for the [&hellip;]<\/p>\n","protected":false},"author":347,"featured_media":14687,"comment_status":"closed","ping_status":"open","sticky":false,"template":"","format":"standard","meta":{"_acf_changed":false,"inline_featured_image":false,"_nextfly_llmd_date_locked":false,"footnotes":""},"categories":[448,114],"tags":[347,201,87],"class_list":["post-53874","post","type-post","status-publish","format-standard","has-post-thumbnail","hentry","category-laliga-2","category-laliga","tag-elche-cf","tag-lineups","tag-hansi-flick"],"acf":[],"yoast_head":"<!-- This site is optimized with the Yoast SEO plugin v27.3 - https:\/\/yoast.com\/product\/yoast-seo-wordpress\/ -->\n<title>FC Barcelona vs Elche: probable lineups and absences for the Liga match<\/title>\n<meta name=\"description\" content=\"Barcelona and Elche face off this Sunday for matchday 11 of LaLiga. Will Hansi Flick opt for an alternative starting XI? Here&#039;s how both teams come into the match\" \/>\n<meta name=\"robots\" content=\"index, follow, max-snippet:-1, max-image-preview:large, max-video-preview:-1\" \/>\n<link rel=\"canonical\" href=\"https:\/\/www.fcbarcelonanoticias.com\/en\/laliga\/fc-barcelona-vs-elche-probable-lineups-and-absences_315159_102.html\" \/>\n<meta property=\"og:locale\" content=\"en_US\" \/>\n<meta property=\"og:type\" content=\"article\" \/>\n<meta property=\"og:title\" content=\"FC Barcelona vs Elche: probable lineups and absences for the Liga match\" \/>\n<meta property=\"og:description\" content=\"Barcelona and Elche face off this Sunday for matchday 11 of LaLiga. Will Hansi Flick opt for an alternative starting XI? Here&#039;s how both teams come into the match\" \/>\n<meta property=\"og:url\" content=\"https:\/\/www.fcbarcelonanoticias.com\/en\/laliga\/fc-barcelona-vs-elche-probable-lineups-and-absences_315159_102.html\" \/>\n<meta property=\"og:site_name\" content=\"EN - FC Barcelona Noticias\" \/>\n<meta property=\"article:published_time\" content=\"2025-11-01T17:53:00+00:00\" \/>\n<meta property=\"article:modified_time\" content=\"2026-03-27T10:33:01+00:00\" \/>\n<meta property=\"og:image\" content=\"https:\/\/www.fcbarcelonanoticias.com\/en\/wp-content\/uploads\/sites\/2\/2025\/10\/alineacion-fc-barcelona-v-real-madrid-laliga-25-26.webp\" \/>\n\t<meta property=\"og:image:width\" content=\"1200\" \/>\n\t<meta property=\"og:image:height\" content=\"675\" \/>\n\t<meta property=\"og:image:type\" content=\"image\/webp\" \/>\n<meta name=\"author\" content=\"Andr\u00e9s Quiroz\" \/>\n<meta name=\"twitter:card\" content=\"summary_large_image\" \/>\n<meta name=\"twitter:label1\" content=\"Written by\" \/>\n\t<meta name=\"twitter:data1\" content=\"Andr\u00e9s Quiroz\" \/>\n\t<meta name=\"twitter:label2\" content=\"Est. reading time\" \/>\n\t<meta name=\"twitter:data2\" content=\"4 minutes\" \/>\n<script type=\"application\/ld+json\" class=\"yoast-schema-graph\">{\"@context\":\"https:\\\/\\\/schema.org\",\"@graph\":[{\"@type\":\"Article\",\"@id\":\"https:\\\/\\\/www.fcbarcelonanoticias.com\\\/en\\\/laliga\\\/fc-barcelona-vs-elche-probable-lineups-and-absences_315159_102.html#article\",\"isPartOf\":{\"@id\":\"https:\\\/\\\/www.fcbarcelonanoticias.com\\\/en\\\/laliga\\\/fc-barcelona-vs-elche-probable-lineups-and-absences_315159_102.html\"},\"author\":{\"name\":\"Andr\u00e9s Quiroz\",\"@id\":\"https:\\\/\\\/www.fcbarcelonanoticias.com\\\/en\\\/#\\\/schema\\\/person\\\/c2cd9f6fa1af5c0d0eccd0fefa575c88\"},\"headline\":\"FC Barcelona vs Elche: probable lineups and absences for the Liga match\",\"datePublished\":\"2025-11-01T17:53:00+00:00\",\"dateModified\":\"2026-03-27T10:33:01+00:00\",\"mainEntityOfPage\":{\"@id\":\"https:\\\/\\\/www.fcbarcelonanoticias.com\\\/en\\\/laliga\\\/fc-barcelona-vs-elche-probable-lineups-and-absences_315159_102.html\"},\"wordCount\":885,\"image\":{\"@id\":\"https:\\\/\\\/www.fcbarcelonanoticias.com\\\/en\\\/laliga\\\/fc-barcelona-vs-elche-probable-lineups-and-absences_315159_102.html#primaryimage\"},\"thumbnailUrl\":\"https:\\\/\\\/www.fcbarcelonanoticias.com\\\/en\\\/wp-content\\\/uploads\\\/sites\\\/2\\\/2025\\\/10\\\/alineacion-fc-barcelona-v-real-madrid-laliga-25-26.webp\",\"keywords\":[\"Elche CF\",\"FC Barcelona Lineups\",\"Hansi Flick\"],\"articleSection\":[\"LaLiga\",\"LaLiga\"],\"inLanguage\":\"en-US\"},{\"@type\":\"WebPage\",\"@id\":\"https:\\\/\\\/www.fcbarcelonanoticias.com\\\/en\\\/laliga\\\/fc-barcelona-vs-elche-probable-lineups-and-absences_315159_102.html\",\"url\":\"https:\\\/\\\/www.fcbarcelonanoticias.com\\\/en\\\/laliga\\\/fc-barcelona-vs-elche-probable-lineups-and-absences_315159_102.html\",\"name\":\"FC Barcelona vs Elche: probable lineups and absences for the Liga match\",\"isPartOf\":{\"@id\":\"https:\\\/\\\/www.fcbarcelonanoticias.com\\\/en\\\/#website\"},\"primaryImageOfPage\":{\"@id\":\"https:\\\/\\\/www.fcbarcelonanoticias.com\\\/en\\\/laliga\\\/fc-barcelona-vs-elche-probable-lineups-and-absences_315159_102.html#primaryimage\"},\"image\":{\"@id\":\"https:\\\/\\\/www.fcbarcelonanoticias.com\\\/en\\\/laliga\\\/fc-barcelona-vs-elche-probable-lineups-and-absences_315159_102.html#primaryimage\"},\"thumbnailUrl\":\"https:\\\/\\\/www.fcbarcelonanoticias.com\\\/en\\\/wp-content\\\/uploads\\\/sites\\\/2\\\/2025\\\/10\\\/alineacion-fc-barcelona-v-real-madrid-laliga-25-26.webp\",\"datePublished\":\"2025-11-01T17:53:00+00:00\",\"dateModified\":\"2026-03-27T10:33:01+00:00\",\"author\":{\"@id\":\"https:\\\/\\\/www.fcbarcelonanoticias.com\\\/en\\\/#\\\/schema\\\/person\\\/c2cd9f6fa1af5c0d0eccd0fefa575c88\"},\"description\":\"Barcelona and Elche face off this Sunday for matchday 11 of LaLiga. Will Hansi Flick opt for an alternative starting XI? Here's how both teams come into the match\",\"breadcrumb\":{\"@id\":\"https:\\\/\\\/www.fcbarcelonanoticias.com\\\/en\\\/laliga\\\/fc-barcelona-vs-elche-probable-lineups-and-absences_315159_102.html#breadcrumb\"},\"inLanguage\":\"en-US\",\"potentialAction\":[{\"@type\":\"ReadAction\",\"target\":[\"https:\\\/\\\/www.fcbarcelonanoticias.com\\\/en\\\/laliga\\\/fc-barcelona-vs-elche-probable-lineups-and-absences_315159_102.html\"]}]},{\"@type\":\"ImageObject\",\"inLanguage\":\"en-US\",\"@id\":\"https:\\\/\\\/www.fcbarcelonanoticias.com\\\/en\\\/laliga\\\/fc-barcelona-vs-elche-probable-lineups-and-absences_315159_102.html#primaryimage\",\"url\":\"https:\\\/\\\/www.fcbarcelonanoticias.com\\\/en\\\/wp-content\\\/uploads\\\/sites\\\/2\\\/2025\\\/10\\\/alineacion-fc-barcelona-v-real-madrid-laliga-25-26.webp\",\"contentUrl\":\"https:\\\/\\\/www.fcbarcelonanoticias.com\\\/en\\\/wp-content\\\/uploads\\\/sites\\\/2\\\/2025\\\/10\\\/alineacion-fc-barcelona-v-real-madrid-laliga-25-26.webp\",\"width\":1200,\"height\":675},{\"@type\":\"BreadcrumbList\",\"@id\":\"https:\\\/\\\/www.fcbarcelonanoticias.com\\\/en\\\/laliga\\\/fc-barcelona-vs-elche-probable-lineups-and-absences_315159_102.html#breadcrumb\",\"itemListElement\":[{\"@type\":\"ListItem\",\"position\":1,\"name\":\"Portada\",\"item\":\"https:\\\/\\\/www.fcbarcelonanoticias.com\\\/en\\\/\"},{\"@type\":\"ListItem\",\"position\":2,\"name\":\"FC Barcelona vs Elche: probable lineups and absences for the Liga match\"}]},{\"@type\":\"WebSite\",\"@id\":\"https:\\\/\\\/www.fcbarcelonanoticias.com\\\/en\\\/#website\",\"url\":\"https:\\\/\\\/www.fcbarcelonanoticias.com\\\/en\\\/\",\"name\":\"EN - FC Barcelona Noticias\",\"description\":\"\",\"potentialAction\":[{\"@type\":\"SearchAction\",\"target\":{\"@type\":\"EntryPoint\",\"urlTemplate\":\"https:\\\/\\\/www.fcbarcelonanoticias.com\\\/en\\\/?s={search_term_string}\"},\"query-input\":{\"@type\":\"PropertyValueSpecification\",\"valueRequired\":true,\"valueName\":\"search_term_string\"}}],\"inLanguage\":\"en-US\"},{\"@type\":\"Person\",\"@id\":\"https:\\\/\\\/www.fcbarcelonanoticias.com\\\/en\\\/#\\\/schema\\\/person\\\/c2cd9f6fa1af5c0d0eccd0fefa575c88\",\"name\":\"Andr\u00e9s Quiroz\",\"image\":{\"@type\":\"ImageObject\",\"inLanguage\":\"en-US\",\"@id\":\"https:\\\/\\\/secure.gravatar.com\\\/avatar\\\/?s=96&d=mm&r=g\",\"url\":\"https:\\\/\\\/secure.gravatar.com\\\/avatar\\\/?s=96&d=mm&r=g\",\"contentUrl\":\"https:\\\/\\\/secure.gravatar.com\\\/avatar\\\/?s=96&d=mm&r=g\",\"caption\":\"Andr\u00e9s Quiroz\"},\"description\":\"Licenciado en Periodismo por la Universidad de los Andes. Me encargo de analizar y compartir los contenidos m\u00e1s destacados de la\u00a0actualidad del F\u00fatbol Club Barcelona, Mercado de Fichajes y F\u00fatbol Internacional en FCBN. La informaci\u00f3n es poder, pero tambi\u00e9n conocimiento.\",\"url\":\"https:\\\/\\\/www.fcbarcelonanoticias.com\\\/en\\\/fc-barcelona\\\/andres-quiroz_17_115.html\"}]}<\/script>\n<!-- \/ Yoast SEO plugin. -->","yoast_head_json":{"title":"FC Barcelona vs Elche: probable lineups and absences for the Liga match","description":"Barcelona and Elche face off this Sunday for matchday 11 of LaLiga. Will Hansi Flick opt for an alternative starting XI? Here's how both teams come into the match","robots":{"index":"index","follow":"follow","max-snippet":"max-snippet:-1","max-image-preview":"max-image-preview:large","max-video-preview":"max-video-preview:-1"},"canonical":"https:\/\/www.fcbarcelonanoticias.com\/en\/laliga\/fc-barcelona-vs-elche-probable-lineups-and-absences_315159_102.html","og_locale":"en_US","og_type":"article","og_title":"FC Barcelona vs Elche: probable lineups and absences for the Liga match","og_description":"Barcelona and Elche face off this Sunday for matchday 11 of LaLiga. Will Hansi Flick opt for an alternative starting XI? Here's how both teams come into the match","og_url":"https:\/\/www.fcbarcelonanoticias.com\/en\/laliga\/fc-barcelona-vs-elche-probable-lineups-and-absences_315159_102.html","og_site_name":"EN - FC Barcelona Noticias","article_published_time":"2025-11-01T17:53:00+00:00","article_modified_time":"2026-03-27T10:33:01+00:00","og_image":[{"width":1200,"height":675,"url":"https:\/\/www.fcbarcelonanoticias.com\/en\/wp-content\/uploads\/sites\/2\/2025\/10\/alineacion-fc-barcelona-v-real-madrid-laliga-25-26.webp","type":"image\/webp"}],"author":"Andr\u00e9s Quiroz","twitter_card":"summary_large_image","twitter_misc":{"Written by":"Andr\u00e9s Quiroz","Est. reading time":"4 minutes"},"schema":{"@context":"https:\/\/schema.org","@graph":[{"@type":"Article","@id":"https:\/\/www.fcbarcelonanoticias.com\/en\/laliga\/fc-barcelona-vs-elche-probable-lineups-and-absences_315159_102.html#article","isPartOf":{"@id":"https:\/\/www.fcbarcelonanoticias.com\/en\/laliga\/fc-barcelona-vs-elche-probable-lineups-and-absences_315159_102.html"},"author":{"name":"Andr\u00e9s Quiroz","@id":"https:\/\/www.fcbarcelonanoticias.com\/en\/#\/schema\/person\/c2cd9f6fa1af5c0d0eccd0fefa575c88"},"headline":"FC Barcelona vs Elche: probable lineups and absences for the Liga match","datePublished":"2025-11-01T17:53:00+00:00","dateModified":"2026-03-27T10:33:01+00:00","mainEntityOfPage":{"@id":"https:\/\/www.fcbarcelonanoticias.com\/en\/laliga\/fc-barcelona-vs-elche-probable-lineups-and-absences_315159_102.html"},"wordCount":885,"image":{"@id":"https:\/\/www.fcbarcelonanoticias.com\/en\/laliga\/fc-barcelona-vs-elche-probable-lineups-and-absences_315159_102.html#primaryimage"},"thumbnailUrl":"https:\/\/www.fcbarcelonanoticias.com\/en\/wp-content\/uploads\/sites\/2\/2025\/10\/alineacion-fc-barcelona-v-real-madrid-laliga-25-26.webp","keywords":["Elche CF","FC Barcelona Lineups","Hansi Flick"],"articleSection":["LaLiga","LaLiga"],"inLanguage":"en-US"},{"@type":"WebPage","@id":"https:\/\/www.fcbarcelonanoticias.com\/en\/laliga\/fc-barcelona-vs-elche-probable-lineups-and-absences_315159_102.html","url":"https:\/\/www.fcbarcelonanoticias.com\/en\/laliga\/fc-barcelona-vs-elche-probable-lineups-and-absences_315159_102.html","name":"FC Barcelona vs Elche: probable lineups and absences for the Liga match","isPartOf":{"@id":"https:\/\/www.fcbarcelonanoticias.com\/en\/#website"},"primaryImageOfPage":{"@id":"https:\/\/www.fcbarcelonanoticias.com\/en\/laliga\/fc-barcelona-vs-elche-probable-lineups-and-absences_315159_102.html#primaryimage"},"image":{"@id":"https:\/\/www.fcbarcelonanoticias.com\/en\/laliga\/fc-barcelona-vs-elche-probable-lineups-and-absences_315159_102.html#primaryimage"},"thumbnailUrl":"https:\/\/www.fcbarcelonanoticias.com\/en\/wp-content\/uploads\/sites\/2\/2025\/10\/alineacion-fc-barcelona-v-real-madrid-laliga-25-26.webp","datePublished":"2025-11-01T17:53:00+00:00","dateModified":"2026-03-27T10:33:01+00:00","author":{"@id":"https:\/\/www.fcbarcelonanoticias.com\/en\/#\/schema\/person\/c2cd9f6fa1af5c0d0eccd0fefa575c88"},"description":"Barcelona and Elche face off this Sunday for matchday 11 of LaLiga. Will Hansi Flick opt for an alternative starting XI? Here's how both teams come into the match","breadcrumb":{"@id":"https:\/\/www.fcbarcelonanoticias.com\/en\/laliga\/fc-barcelona-vs-elche-probable-lineups-and-absences_315159_102.html#breadcrumb"},"inLanguage":"en-US","potentialAction":[{"@type":"ReadAction","target":["https:\/\/www.fcbarcelonanoticias.com\/en\/laliga\/fc-barcelona-vs-elche-probable-lineups-and-absences_315159_102.html"]}]},{"@type":"ImageObject","inLanguage":"en-US","@id":"https:\/\/www.fcbarcelonanoticias.com\/en\/laliga\/fc-barcelona-vs-elche-probable-lineups-and-absences_315159_102.html#primaryimage","url":"https:\/\/www.fcbarcelonanoticias.com\/en\/wp-content\/uploads\/sites\/2\/2025\/10\/alineacion-fc-barcelona-v-real-madrid-laliga-25-26.webp","contentUrl":"https:\/\/www.fcbarcelonanoticias.com\/en\/wp-content\/uploads\/sites\/2\/2025\/10\/alineacion-fc-barcelona-v-real-madrid-laliga-25-26.webp","width":1200,"height":675},{"@type":"BreadcrumbList","@id":"https:\/\/www.fcbarcelonanoticias.com\/en\/laliga\/fc-barcelona-vs-elche-probable-lineups-and-absences_315159_102.html#breadcrumb","itemListElement":[{"@type":"ListItem","position":1,"name":"Portada","item":"https:\/\/www.fcbarcelonanoticias.com\/en\/"},{"@type":"ListItem","position":2,"name":"FC Barcelona vs Elche: probable lineups and absences for the Liga match"}]},{"@type":"WebSite","@id":"https:\/\/www.fcbarcelonanoticias.com\/en\/#website","url":"https:\/\/www.fcbarcelonanoticias.com\/en\/","name":"EN - FC Barcelona Noticias","description":"","potentialAction":[{"@type":"SearchAction","target":{"@type":"EntryPoint","urlTemplate":"https:\/\/www.fcbarcelonanoticias.com\/en\/?s={search_term_string}"},"query-input":{"@type":"PropertyValueSpecification","valueRequired":true,"valueName":"search_term_string"}}],"inLanguage":"en-US"},{"@type":"Person","@id":"https:\/\/www.fcbarcelonanoticias.com\/en\/#\/schema\/person\/c2cd9f6fa1af5c0d0eccd0fefa575c88","name":"Andr\u00e9s Quiroz","image":{"@type":"ImageObject","inLanguage":"en-US","@id":"https:\/\/secure.gravatar.com\/avatar\/?s=96&d=mm&r=g","url":"https:\/\/secure.gravatar.com\/avatar\/?s=96&d=mm&r=g","contentUrl":"https:\/\/secure.gravatar.com\/avatar\/?s=96&d=mm&r=g","caption":"Andr\u00e9s Quiroz"},"description":"Licenciado en Periodismo por la Universidad de los Andes. Me encargo de analizar y compartir los contenidos m\u00e1s destacados de la\u00a0actualidad del F\u00fatbol Club Barcelona, Mercado de Fichajes y F\u00fatbol Internacional en FCBN. La informaci\u00f3n es poder, pero tambi\u00e9n conocimiento.","url":"https:\/\/www.fcbarcelonanoticias.com\/en\/fc-barcelona\/andres-quiroz_17_115.html"}]}},"_links":{"self":[{"href":"https:\/\/www.fcbarcelonanoticias.com\/en\/wp-json\/wp\/v2\/posts\/53874","targetHints":{"allow":["GET"]}}],"collection":[{"href":"https:\/\/www.fcbarcelonanoticias.com\/en\/wp-json\/wp\/v2\/posts"}],"about":[{"href":"https:\/\/www.fcbarcelonanoticias.com\/en\/wp-json\/wp\/v2\/types\/post"}],"author":[{"embeddable":true,"href":"https:\/\/www.fcbarcelonanoticias.com\/en\/wp-json\/wp\/v2\/users\/347"}],"replies":[{"embeddable":true,"href":"https:\/\/www.fcbarcelonanoticias.com\/en\/wp-json\/wp\/v2\/comments?post=53874"}],"version-history":[{"count":2,"href":"https:\/\/www.fcbarcelonanoticias.com\/en\/wp-json\/wp\/v2\/posts\/53874\/revisions"}],"predecessor-version":[{"id":159146,"href":"https:\/\/www.fcbarcelonanoticias.com\/en\/wp-json\/wp\/v2\/posts\/53874\/revisions\/159146"}],"wp:featuredmedia":[{"embeddable":true,"href":"https:\/\/www.fcbarcelonanoticias.com\/en\/wp-json\/wp\/v2\/media\/14687"}],"wp:attachment":[{"href":"https:\/\/www.fcbarcelonanoticias.com\/en\/wp-json\/wp\/v2\/media?parent=53874"}],"wp:term":[{"taxonomy":"category","embeddable":true,"href":"https:\/\/www.fcbarcelonanoticias.com\/en\/wp-json\/wp\/v2\/categories?post=53874"},{"taxonomy":"post_tag","embeddable":true,"href":"https:\/\/www.fcbarcelonanoticias.com\/en\/wp-json\/wp\/v2\/tags?post=53874"}],"curies":[{"name":"wp","href":"https:\/\/api.w.org\/{rel}","templated":true}]}}