{"id":53904,"date":"2025-11-22T15:28:00","date_gmt":"2025-11-22T14:28:00","guid":{"rendered":"https:\/\/weisetech.dev\/fc-barcelona-noticias\/en\/fc-barcelona-vs-athletic-confirmed-lineups-laliga-25-26_315298_102\/"},"modified":"2025-11-22T15:28:00","modified_gmt":"2025-11-22T14:28:00","slug":"fc-barcelona-vs-athletic-confirmed-lineups-laliga-25-26_315298_102","status":"publish","type":"post","link":"https:\/\/www.fcbarcelonanoticias.com\/en\/laliga\/fc-barcelona-vs-athletic-confirmed-lineups-laliga-25-26_315298_102.html","title":{"rendered":"FC Barcelona vs Athletic Club: confirmed lineups &#8211; LaLiga 2025\/26"},"content":{"rendered":"<h2 class=\"wp-block-heading\">CONFIRMED LINEUPS! These are the starting XIs for FC Barcelona and Athletic for the match on matchday 13 of LaLiga EA Sports 2025\/26<\/h2>  \r\n<div class=\"article-addons\">\r\n    <a href=\"https:\/\/www.fcbarcelonanoticias.com\/en\/calendar-fc-barcelona.html\"\r\n       target=\"_self\"\r\n       title=\"Calendar of FC Barcelona\"\r\n       class=\"blue-gredient-btn\">\r\n       \r\n        Calendar of FC Barcelona    <\/a>\r\n<\/div>   <p><strong>OFFICIAL<\/strong>: The starting lineups for Hansi Flick&#8217;s <strong>Barcelona<\/strong> and Ernesto Valverde&#8217;s <b>Athletic Club<\/b> for today&#8217;s match, <strong><a data-external=\"0\" data-intl-links-en=\"https:\/\/www.fcbarcelonanoticias.com\/en\/laliga\/barcelona-vs-athletic-live-and-online-when-and-where-to-watch_315294_102.html\" data-intl-links-es=\"https:\/\/www.fcbarcelonanoticias.com\/laliga\/barcelona-vs-athletic-directo-online-cuando-donde-ver-partido-tv_315294_102.html\" href=\"https:\/\/www.fcbarcelonanoticias.com\/en\/laliga\/barcelona-vs-athletic-live-and-online-when-and-where-to-watch_315294_102.html\" rel=\"follow\" target=\"_self\" title=\"Barcelona vs Athletic en directo y online: cu\u00e1ndo y d\u00f3nde ver el partido en TV\">Saturday, November 22, 2025 at 4:15 PM<\/a><\/strong>, have been confirmed<\/p>  <p>Hansi Flick makes five changes from the XI of the last league match against Celta. <strong>Joan Garc\u00eda<\/strong> returns to goal and <strong>Jules Kound\u00e9<\/strong> returns to right-back, while <strong>Gerard Mart\u00edn<\/strong> partners Pau Cubars\u00ed in the center of defense. Furthermore, <strong>Eric Garc\u00eda<\/strong> appears as a defensive pivot and <strong>Ferran Torres<\/strong> takes Marcus Rashford&#8217;s place in attack.<\/p>  <p>Below, we review the <strong>starting elevens<\/strong>, the <strong>benches<\/strong> with the substitutes, and the <strong>injured and suspended players<\/strong> for <strong>FC Barcelona and Athletic Club<\/strong> for the match of the thirteenth matchday of LaLiga EA Sports 2025-2026.<\/p>  <h2>FC Barcelona vs. Athletic Starting Lineup<\/h2>  <p><strong>Hansi Flick introduces up to 5 changes compared to the XI that faced Celta on matchday 12.<\/strong><\/p>  <p><u><strong>Bar\u00e7a&#8217;s starting XI (OFFICIAL):<\/strong><\/u><\/p>  <ol> <li>(#13, P) Joan Garc\u00eda<\/li> \t<li>(#23) Jules Kound\u00e9<\/li> \t<li>(#05) Pau Cubars\u00ed<\/li> \t<li>(#18) Gerard Mart\u00edn<\/li> \t<li>(#03) Alejandro Balde<\/li> \t<li>(#24) Eric Garc\u00eda<\/li> \t<li>(#20) Dani Olmo<\/li> \t<li>(#16) Ferm\u00edn L\u00f3pez<\/li> \t<li>(#10) Lamine Yamal<\/li> \t<li>(#07) Ferran Torres<\/li> \t<li>(#09) Robert Lewandowski<\/li> <\/ol> <p><u><strong>Bench (substitute players):<\/strong><\/u><\/p>  <ol> <li>(#25, G) Szczesny<\/li> \t<li>(#31, G) Diego Kochen<\/li> \t<li>(#04) Ronald Araujo<\/li> \t<li>(#11) Raphinha<\/li> \t<li>(#15) Andreas Christensen<\/li> \t<li>(#17) Marc Casad\u00f3<\/li> \t<li>(#22) Marc Bernal<\/li> \t<li>(#27) Dro Fern\u00e1ndez<\/li> \t<li>(#28) Roony Bardghji<\/li> <\/ol> <p><u><strong>Absences (injured players):<\/strong><\/u><\/p>  <ol> <li>(#01, P) Marc-Andr\u00e9 ter Stegen<\/li> \t<li>(#06) Gavi<\/li> \t<li>(#08) Pedri<\/li> \t<li>(#14) Marcus Rashford<\/li> <\/ol> <p><u><strong>Suspended players:<\/strong><\/u><\/p>  <ol> <li>(#21) Frenkie de Jong<\/li> <\/ol> <h2>Athletic&#8217;s starting lineup vs. FC Barcelona<\/h2>  <ul> <li> <strong>Athletic XI<\/strong>: Unai Sim\u00f3n, Gorosabel, Vivian, Laporte, Yuri, De Galarreta, Jauregizar, Unai G\u00f3mez, Nico Williams, Sancet, and Berenguer.<\/li> \t<li> <strong>Athletic Bench<\/strong>: Padilla (GK), Paredes, Vesga, Guruzeta, Areso, Lekue, Adama, Serrano, Navarro, Izeta, Rego, Selton.<\/li> \t<li> <strong>Injured<\/strong>: Unai Egiluz, Be\u00f1at Prados, I\u00f1aki Williams, Maroan Sannadi.<\/li> \t<li> <strong>Suspended<\/strong>: None.<\/li> <\/ul> <p>For their part, Athletic arrives at matchday 13 of LaLiga with Unai Sim\u00f3n in goal and a defense formed by Gorosabel and Berchiche as full-backs and the Laporte-Vivian pairing in the center. Jauregizar and De Galarreta remain as pivots, while Oihan Sancet returns as attacking midfielder<\/p>  <p>Up front, <a data-external=\"0\" data-intl-links-en=\"https:\/\/www.fcbarcelonanoticias.com\/en\/fc-barcelona\/barca-athletic-return-to-camp-nou-against-nico-williams_315079_102.html\" data-intl-links-es=\"https:\/\/www.fcbarcelonanoticias.com\/fc-barcelona\/barca-athletic-regreso-camp-nou-contra-nico-williams_315079_102.html\" href=\"https:\/\/www.fcbarcelonanoticias.com\/en\/fc-barcelona\/barca-athletic-return-to-camp-nou-against-nico-williams_315079_102.html\" rel=\"follow\" target=\"_self\" title=\"Bar\u00e7a\u2013Athletic \u00bfregreso al Camp Nou contra Nico Williams?\">Nico Williams<\/a> and <strong>\u00c1lex Berenguer<\/strong> are the only forwards, while Unai G\u00f3mez completes the XI. Athletic has not won in Barcelona for 24 years and has suffered three defeats in their last five appearances across all competitions. In the league, the &#8216;lions&#8217; are seventh, with 17 points (9 behind Bar\u00e7a)<\/p>  <ul> <li>\ud83d\udc49 Follow the complete coverage of&nbsp;<strong><a data-external=\"0\" data-intl-links-en=\"https:\/\/www.fcbarcelonanoticias.com\/en\/laliga.html\" data-intl-links-es=\"https:\/\/www.fcbarcelonanoticias.com\/laliga.html\" href=\"https:\/\/www.fcbarcelonanoticias.com\/en\/laliga.html\" rel=\"follow\" target=\"_self\" title=\"LaLiga\">LaLiga EA Sports 2025-26<\/a><\/strong>&nbsp;on FC Barcelona Noticias<\/li> <\/ul> ","protected":false},"excerpt":{"rendered":"<p>CONFIRMED LINEUPS! These are the starting XIs for FC Barcelona and Athletic for the match on matchday 13 of LaLiga EA Sports 2025\/26 OFFICIAL: The starting lineups for Hansi Flick&#8217;s Barcelona and Ernesto Valverde&#8217;s Athletic Club for today&#8217;s match, Saturday, November 22, 2025 at 4:15 PM, have been confirmed Hansi Flick makes five changes from [&hellip;]<\/p>\n","protected":false},"author":347,"featured_media":114903,"comment_status":"closed","ping_status":"open","sticky":false,"template":"","format":"standard","meta":{"_acf_changed":false,"inline_featured_image":false,"_nextfly_llmd_date_locked":false,"footnotes":""},"categories":[114,448],"tags":[201,189],"class_list":["post-53904","post","type-post","status-publish","format-standard","has-post-thumbnail","hentry","category-laliga","category-laliga-2","tag-lineups","tag-fc-barcelona-vs-athletic-club"],"acf":[],"yoast_head":"<!-- This site is optimized with the Yoast SEO plugin v27.3 - https:\/\/yoast.com\/product\/yoast-seo-wordpress\/ -->\n<title>Bar\u00e7a vs Athletic: confirmed lineups - LaLiga 25\/26<\/title>\n<meta name=\"description\" content=\"CONFIRMED LINEUPS! These are the starting XI for FC Barcelona and Athletic for the match on matchday 13 of LaLiga EA Sports 2025\/26\" \/>\n<meta name=\"robots\" content=\"index, follow, max-snippet:-1, max-image-preview:large, max-video-preview:-1\" \/>\n<link rel=\"canonical\" href=\"https:\/\/www.fcbarcelonanoticias.com\/en\/laliga\/fc-barcelona-vs-athletic-confirmed-lineups-laliga-25-26_315298_102.html\" \/>\n<meta property=\"og:locale\" content=\"en_US\" \/>\n<meta property=\"og:type\" content=\"article\" \/>\n<meta property=\"og:title\" content=\"Bar\u00e7a vs Athletic: confirmed lineups - LaLiga 25\/26\" \/>\n<meta property=\"og:description\" content=\"CONFIRMED LINEUPS! These are the starting XI for FC Barcelona and Athletic for the match on matchday 13 of LaLiga EA Sports 2025\/26\" \/>\n<meta property=\"og:url\" content=\"https:\/\/www.fcbarcelonanoticias.com\/en\/laliga\/fc-barcelona-vs-athletic-confirmed-lineups-laliga-25-26_315298_102.html\" \/>\n<meta property=\"og:site_name\" content=\"EN - FC Barcelona Noticias\" \/>\n<meta property=\"article:published_time\" content=\"2025-11-22T14:28:00+00:00\" \/>\n<meta property=\"og:image\" content=\"https:\/\/www.fcbarcelonanoticias.com\/en\/wp-content\/uploads\/sites\/2\/2025\/11\/alineacion-barcelona-v-rayo-laliga-25-26-2.webp\" \/>\n\t<meta property=\"og:image:width\" content=\"1200\" \/>\n\t<meta property=\"og:image:height\" content=\"675\" \/>\n\t<meta property=\"og:image:type\" content=\"image\/webp\" \/>\n<meta name=\"author\" content=\"Andr\u00e9s Quiroz\" \/>\n<meta name=\"twitter:card\" content=\"summary_large_image\" \/>\n<meta name=\"twitter:label1\" content=\"Written by\" \/>\n\t<meta name=\"twitter:data1\" content=\"Andr\u00e9s Quiroz\" \/>\n\t<meta name=\"twitter:label2\" content=\"Est. reading time\" \/>\n\t<meta name=\"twitter:data2\" content=\"2 minutes\" \/>\n<script type=\"application\/ld+json\" class=\"yoast-schema-graph\">{\"@context\":\"https:\\\/\\\/schema.org\",\"@graph\":[{\"@type\":\"Article\",\"@id\":\"https:\\\/\\\/www.fcbarcelonanoticias.com\\\/en\\\/laliga\\\/fc-barcelona-vs-athletic-confirmed-lineups-laliga-25-26_315298_102.html#article\",\"isPartOf\":{\"@id\":\"https:\\\/\\\/www.fcbarcelonanoticias.com\\\/en\\\/laliga\\\/fc-barcelona-vs-athletic-confirmed-lineups-laliga-25-26_315298_102.html\"},\"author\":{\"name\":\"Andr\u00e9s Quiroz\",\"@id\":\"https:\\\/\\\/www.fcbarcelonanoticias.com\\\/en\\\/#\\\/schema\\\/person\\\/c2cd9f6fa1af5c0d0eccd0fefa575c88\"},\"headline\":\"FC Barcelona vs Athletic Club: confirmed lineups &#8211; LaLiga 2025\\\/26\",\"datePublished\":\"2025-11-22T14:28:00+00:00\",\"mainEntityOfPage\":{\"@id\":\"https:\\\/\\\/www.fcbarcelonanoticias.com\\\/en\\\/laliga\\\/fc-barcelona-vs-athletic-confirmed-lineups-laliga-25-26_315298_102.html\"},\"wordCount\":409,\"image\":{\"@id\":\"https:\\\/\\\/www.fcbarcelonanoticias.com\\\/en\\\/laliga\\\/fc-barcelona-vs-athletic-confirmed-lineups-laliga-25-26_315298_102.html#primaryimage\"},\"thumbnailUrl\":\"https:\\\/\\\/www.fcbarcelonanoticias.com\\\/en\\\/wp-content\\\/uploads\\\/sites\\\/2\\\/2025\\\/11\\\/alineacion-barcelona-v-rayo-laliga-25-26-2.webp\",\"keywords\":[\"FC Barcelona Lineups\",\"FC Barcelona vs Athletic Club\"],\"articleSection\":[\"LaLiga\",\"LaLiga\"],\"inLanguage\":\"en-US\"},{\"@type\":\"WebPage\",\"@id\":\"https:\\\/\\\/www.fcbarcelonanoticias.com\\\/en\\\/laliga\\\/fc-barcelona-vs-athletic-confirmed-lineups-laliga-25-26_315298_102.html\",\"url\":\"https:\\\/\\\/www.fcbarcelonanoticias.com\\\/en\\\/laliga\\\/fc-barcelona-vs-athletic-confirmed-lineups-laliga-25-26_315298_102.html\",\"name\":\"Bar\u00e7a vs Athletic: confirmed lineups - LaLiga 25\\\/26\",\"isPartOf\":{\"@id\":\"https:\\\/\\\/www.fcbarcelonanoticias.com\\\/en\\\/#website\"},\"primaryImageOfPage\":{\"@id\":\"https:\\\/\\\/www.fcbarcelonanoticias.com\\\/en\\\/laliga\\\/fc-barcelona-vs-athletic-confirmed-lineups-laliga-25-26_315298_102.html#primaryimage\"},\"image\":{\"@id\":\"https:\\\/\\\/www.fcbarcelonanoticias.com\\\/en\\\/laliga\\\/fc-barcelona-vs-athletic-confirmed-lineups-laliga-25-26_315298_102.html#primaryimage\"},\"thumbnailUrl\":\"https:\\\/\\\/www.fcbarcelonanoticias.com\\\/en\\\/wp-content\\\/uploads\\\/sites\\\/2\\\/2025\\\/11\\\/alineacion-barcelona-v-rayo-laliga-25-26-2.webp\",\"datePublished\":\"2025-11-22T14:28:00+00:00\",\"author\":{\"@id\":\"https:\\\/\\\/www.fcbarcelonanoticias.com\\\/en\\\/#\\\/schema\\\/person\\\/c2cd9f6fa1af5c0d0eccd0fefa575c88\"},\"description\":\"CONFIRMED LINEUPS! These are the starting XI for FC Barcelona and Athletic for the match on matchday 13 of LaLiga EA Sports 2025\\\/26\",\"breadcrumb\":{\"@id\":\"https:\\\/\\\/www.fcbarcelonanoticias.com\\\/en\\\/laliga\\\/fc-barcelona-vs-athletic-confirmed-lineups-laliga-25-26_315298_102.html#breadcrumb\"},\"inLanguage\":\"en-US\",\"potentialAction\":[{\"@type\":\"ReadAction\",\"target\":[\"https:\\\/\\\/www.fcbarcelonanoticias.com\\\/en\\\/laliga\\\/fc-barcelona-vs-athletic-confirmed-lineups-laliga-25-26_315298_102.html\"]}]},{\"@type\":\"ImageObject\",\"inLanguage\":\"en-US\",\"@id\":\"https:\\\/\\\/www.fcbarcelonanoticias.com\\\/en\\\/laliga\\\/fc-barcelona-vs-athletic-confirmed-lineups-laliga-25-26_315298_102.html#primaryimage\",\"url\":\"https:\\\/\\\/www.fcbarcelonanoticias.com\\\/en\\\/wp-content\\\/uploads\\\/sites\\\/2\\\/2025\\\/11\\\/alineacion-barcelona-v-rayo-laliga-25-26-2.webp\",\"contentUrl\":\"https:\\\/\\\/www.fcbarcelonanoticias.com\\\/en\\\/wp-content\\\/uploads\\\/sites\\\/2\\\/2025\\\/11\\\/alineacion-barcelona-v-rayo-laliga-25-26-2.webp\",\"width\":1200,\"height\":675},{\"@type\":\"BreadcrumbList\",\"@id\":\"https:\\\/\\\/www.fcbarcelonanoticias.com\\\/en\\\/laliga\\\/fc-barcelona-vs-athletic-confirmed-lineups-laliga-25-26_315298_102.html#breadcrumb\",\"itemListElement\":[{\"@type\":\"ListItem\",\"position\":1,\"name\":\"Portada\",\"item\":\"https:\\\/\\\/www.fcbarcelonanoticias.com\\\/en\\\/\"},{\"@type\":\"ListItem\",\"position\":2,\"name\":\"FC Barcelona vs Athletic Club: confirmed lineups &#8211; LaLiga 2025\\\/26\"}]},{\"@type\":\"WebSite\",\"@id\":\"https:\\\/\\\/www.fcbarcelonanoticias.com\\\/en\\\/#website\",\"url\":\"https:\\\/\\\/www.fcbarcelonanoticias.com\\\/en\\\/\",\"name\":\"EN - FC Barcelona Noticias\",\"description\":\"\",\"potentialAction\":[{\"@type\":\"SearchAction\",\"target\":{\"@type\":\"EntryPoint\",\"urlTemplate\":\"https:\\\/\\\/www.fcbarcelonanoticias.com\\\/en\\\/?s={search_term_string}\"},\"query-input\":{\"@type\":\"PropertyValueSpecification\",\"valueRequired\":true,\"valueName\":\"search_term_string\"}}],\"inLanguage\":\"en-US\"},{\"@type\":\"Person\",\"@id\":\"https:\\\/\\\/www.fcbarcelonanoticias.com\\\/en\\\/#\\\/schema\\\/person\\\/c2cd9f6fa1af5c0d0eccd0fefa575c88\",\"name\":\"Andr\u00e9s Quiroz\",\"image\":{\"@type\":\"ImageObject\",\"inLanguage\":\"en-US\",\"@id\":\"https:\\\/\\\/secure.gravatar.com\\\/avatar\\\/?s=96&d=mm&r=g\",\"url\":\"https:\\\/\\\/secure.gravatar.com\\\/avatar\\\/?s=96&d=mm&r=g\",\"contentUrl\":\"https:\\\/\\\/secure.gravatar.com\\\/avatar\\\/?s=96&d=mm&r=g\",\"caption\":\"Andr\u00e9s Quiroz\"},\"description\":\"Licenciado en Periodismo por la Universidad de los Andes. Me encargo de analizar y compartir los contenidos m\u00e1s destacados de la\u00a0actualidad del F\u00fatbol Club Barcelona, Mercado de Fichajes y F\u00fatbol Internacional en FCBN. La informaci\u00f3n es poder, pero tambi\u00e9n conocimiento.\",\"url\":\"https:\\\/\\\/www.fcbarcelonanoticias.com\\\/en\\\/fc-barcelona\\\/andres-quiroz_17_115.html\"}]}<\/script>\n<!-- \/ Yoast SEO plugin. -->","yoast_head_json":{"title":"Bar\u00e7a vs Athletic: confirmed lineups - LaLiga 25\/26","description":"CONFIRMED LINEUPS! These are the starting XI for FC Barcelona and Athletic for the match on matchday 13 of LaLiga EA Sports 2025\/26","robots":{"index":"index","follow":"follow","max-snippet":"max-snippet:-1","max-image-preview":"max-image-preview:large","max-video-preview":"max-video-preview:-1"},"canonical":"https:\/\/www.fcbarcelonanoticias.com\/en\/laliga\/fc-barcelona-vs-athletic-confirmed-lineups-laliga-25-26_315298_102.html","og_locale":"en_US","og_type":"article","og_title":"Bar\u00e7a vs Athletic: confirmed lineups - LaLiga 25\/26","og_description":"CONFIRMED LINEUPS! These are the starting XI for FC Barcelona and Athletic for the match on matchday 13 of LaLiga EA Sports 2025\/26","og_url":"https:\/\/www.fcbarcelonanoticias.com\/en\/laliga\/fc-barcelona-vs-athletic-confirmed-lineups-laliga-25-26_315298_102.html","og_site_name":"EN - FC Barcelona Noticias","article_published_time":"2025-11-22T14:28:00+00:00","og_image":[{"width":1200,"height":675,"url":"https:\/\/www.fcbarcelonanoticias.com\/en\/wp-content\/uploads\/sites\/2\/2025\/11\/alineacion-barcelona-v-rayo-laliga-25-26-2.webp","type":"image\/webp"}],"author":"Andr\u00e9s Quiroz","twitter_card":"summary_large_image","twitter_misc":{"Written by":"Andr\u00e9s Quiroz","Est. reading time":"2 minutes"},"schema":{"@context":"https:\/\/schema.org","@graph":[{"@type":"Article","@id":"https:\/\/www.fcbarcelonanoticias.com\/en\/laliga\/fc-barcelona-vs-athletic-confirmed-lineups-laliga-25-26_315298_102.html#article","isPartOf":{"@id":"https:\/\/www.fcbarcelonanoticias.com\/en\/laliga\/fc-barcelona-vs-athletic-confirmed-lineups-laliga-25-26_315298_102.html"},"author":{"name":"Andr\u00e9s Quiroz","@id":"https:\/\/www.fcbarcelonanoticias.com\/en\/#\/schema\/person\/c2cd9f6fa1af5c0d0eccd0fefa575c88"},"headline":"FC Barcelona vs Athletic Club: confirmed lineups &#8211; LaLiga 2025\/26","datePublished":"2025-11-22T14:28:00+00:00","mainEntityOfPage":{"@id":"https:\/\/www.fcbarcelonanoticias.com\/en\/laliga\/fc-barcelona-vs-athletic-confirmed-lineups-laliga-25-26_315298_102.html"},"wordCount":409,"image":{"@id":"https:\/\/www.fcbarcelonanoticias.com\/en\/laliga\/fc-barcelona-vs-athletic-confirmed-lineups-laliga-25-26_315298_102.html#primaryimage"},"thumbnailUrl":"https:\/\/www.fcbarcelonanoticias.com\/en\/wp-content\/uploads\/sites\/2\/2025\/11\/alineacion-barcelona-v-rayo-laliga-25-26-2.webp","keywords":["FC Barcelona Lineups","FC Barcelona vs Athletic Club"],"articleSection":["LaLiga","LaLiga"],"inLanguage":"en-US"},{"@type":"WebPage","@id":"https:\/\/www.fcbarcelonanoticias.com\/en\/laliga\/fc-barcelona-vs-athletic-confirmed-lineups-laliga-25-26_315298_102.html","url":"https:\/\/www.fcbarcelonanoticias.com\/en\/laliga\/fc-barcelona-vs-athletic-confirmed-lineups-laliga-25-26_315298_102.html","name":"Bar\u00e7a vs Athletic: confirmed lineups - LaLiga 25\/26","isPartOf":{"@id":"https:\/\/www.fcbarcelonanoticias.com\/en\/#website"},"primaryImageOfPage":{"@id":"https:\/\/www.fcbarcelonanoticias.com\/en\/laliga\/fc-barcelona-vs-athletic-confirmed-lineups-laliga-25-26_315298_102.html#primaryimage"},"image":{"@id":"https:\/\/www.fcbarcelonanoticias.com\/en\/laliga\/fc-barcelona-vs-athletic-confirmed-lineups-laliga-25-26_315298_102.html#primaryimage"},"thumbnailUrl":"https:\/\/www.fcbarcelonanoticias.com\/en\/wp-content\/uploads\/sites\/2\/2025\/11\/alineacion-barcelona-v-rayo-laliga-25-26-2.webp","datePublished":"2025-11-22T14:28:00+00:00","author":{"@id":"https:\/\/www.fcbarcelonanoticias.com\/en\/#\/schema\/person\/c2cd9f6fa1af5c0d0eccd0fefa575c88"},"description":"CONFIRMED LINEUPS! These are the starting XI for FC Barcelona and Athletic for the match on matchday 13 of LaLiga EA Sports 2025\/26","breadcrumb":{"@id":"https:\/\/www.fcbarcelonanoticias.com\/en\/laliga\/fc-barcelona-vs-athletic-confirmed-lineups-laliga-25-26_315298_102.html#breadcrumb"},"inLanguage":"en-US","potentialAction":[{"@type":"ReadAction","target":["https:\/\/www.fcbarcelonanoticias.com\/en\/laliga\/fc-barcelona-vs-athletic-confirmed-lineups-laliga-25-26_315298_102.html"]}]},{"@type":"ImageObject","inLanguage":"en-US","@id":"https:\/\/www.fcbarcelonanoticias.com\/en\/laliga\/fc-barcelona-vs-athletic-confirmed-lineups-laliga-25-26_315298_102.html#primaryimage","url":"https:\/\/www.fcbarcelonanoticias.com\/en\/wp-content\/uploads\/sites\/2\/2025\/11\/alineacion-barcelona-v-rayo-laliga-25-26-2.webp","contentUrl":"https:\/\/www.fcbarcelonanoticias.com\/en\/wp-content\/uploads\/sites\/2\/2025\/11\/alineacion-barcelona-v-rayo-laliga-25-26-2.webp","width":1200,"height":675},{"@type":"BreadcrumbList","@id":"https:\/\/www.fcbarcelonanoticias.com\/en\/laliga\/fc-barcelona-vs-athletic-confirmed-lineups-laliga-25-26_315298_102.html#breadcrumb","itemListElement":[{"@type":"ListItem","position":1,"name":"Portada","item":"https:\/\/www.fcbarcelonanoticias.com\/en\/"},{"@type":"ListItem","position":2,"name":"FC Barcelona vs Athletic Club: confirmed lineups &#8211; LaLiga 2025\/26"}]},{"@type":"WebSite","@id":"https:\/\/www.fcbarcelonanoticias.com\/en\/#website","url":"https:\/\/www.fcbarcelonanoticias.com\/en\/","name":"EN - FC Barcelona Noticias","description":"","potentialAction":[{"@type":"SearchAction","target":{"@type":"EntryPoint","urlTemplate":"https:\/\/www.fcbarcelonanoticias.com\/en\/?s={search_term_string}"},"query-input":{"@type":"PropertyValueSpecification","valueRequired":true,"valueName":"search_term_string"}}],"inLanguage":"en-US"},{"@type":"Person","@id":"https:\/\/www.fcbarcelonanoticias.com\/en\/#\/schema\/person\/c2cd9f6fa1af5c0d0eccd0fefa575c88","name":"Andr\u00e9s Quiroz","image":{"@type":"ImageObject","inLanguage":"en-US","@id":"https:\/\/secure.gravatar.com\/avatar\/?s=96&d=mm&r=g","url":"https:\/\/secure.gravatar.com\/avatar\/?s=96&d=mm&r=g","contentUrl":"https:\/\/secure.gravatar.com\/avatar\/?s=96&d=mm&r=g","caption":"Andr\u00e9s Quiroz"},"description":"Licenciado en Periodismo por la Universidad de los Andes. Me encargo de analizar y compartir los contenidos m\u00e1s destacados de la\u00a0actualidad del F\u00fatbol Club Barcelona, Mercado de Fichajes y F\u00fatbol Internacional en FCBN. La informaci\u00f3n es poder, pero tambi\u00e9n conocimiento.","url":"https:\/\/www.fcbarcelonanoticias.com\/en\/fc-barcelona\/andres-quiroz_17_115.html"}]}},"_links":{"self":[{"href":"https:\/\/www.fcbarcelonanoticias.com\/en\/wp-json\/wp\/v2\/posts\/53904","targetHints":{"allow":["GET"]}}],"collection":[{"href":"https:\/\/www.fcbarcelonanoticias.com\/en\/wp-json\/wp\/v2\/posts"}],"about":[{"href":"https:\/\/www.fcbarcelonanoticias.com\/en\/wp-json\/wp\/v2\/types\/post"}],"author":[{"embeddable":true,"href":"https:\/\/www.fcbarcelonanoticias.com\/en\/wp-json\/wp\/v2\/users\/347"}],"replies":[{"embeddable":true,"href":"https:\/\/www.fcbarcelonanoticias.com\/en\/wp-json\/wp\/v2\/comments?post=53904"}],"version-history":[{"count":1,"href":"https:\/\/www.fcbarcelonanoticias.com\/en\/wp-json\/wp\/v2\/posts\/53904\/revisions"}],"predecessor-version":[{"id":114901,"href":"https:\/\/www.fcbarcelonanoticias.com\/en\/wp-json\/wp\/v2\/posts\/53904\/revisions\/114901"}],"wp:featuredmedia":[{"embeddable":true,"href":"https:\/\/www.fcbarcelonanoticias.com\/en\/wp-json\/wp\/v2\/media\/114903"}],"wp:attachment":[{"href":"https:\/\/www.fcbarcelonanoticias.com\/en\/wp-json\/wp\/v2\/media?parent=53904"}],"wp:term":[{"taxonomy":"category","embeddable":true,"href":"https:\/\/www.fcbarcelonanoticias.com\/en\/wp-json\/wp\/v2\/categories?post=53904"},{"taxonomy":"post_tag","embeddable":true,"href":"https:\/\/www.fcbarcelonanoticias.com\/en\/wp-json\/wp\/v2\/tags?post=53904"}],"curies":[{"name":"wp","href":"https:\/\/api.w.org\/{rel}","templated":true}]}}