{"id":54103,"date":"2024-11-29T21:59:00","date_gmt":"2024-11-29T20:59:00","guid":{"rendered":"https:\/\/weisetech.dev\/fc-barcelona-noticias\/en\/fc-barcelona-vs-palmas-probable-lineups-for-the-match-laliga-2024-25_308963_102\/"},"modified":"2026-03-27T11:43:43","modified_gmt":"2026-03-27T10:43:43","slug":"fc-barcelona-vs-palmas-probable-lineups-for-the-match-laliga-2024-25_308963_102","status":"publish","type":"post","link":"https:\/\/www.fcbarcelonanoticias.com\/en\/laliga\/fc-barcelona-vs-palmas-probable-lineups-for-the-match-laliga-2024-25_308963_102.html","title":{"rendered":"FC Barcelona vs Las Palmas: Probable lineups for the match &#8211; LaLiga 2024\/25"},"content":{"rendered":"<h2 class=\"wp-block-heading\">Hansi Flick&#8217;s Bar\u00e7a face Las Palmas in the EA Sports LaLiga 2024-25. These are the possible lineups for the matchday 15 match<\/h2>  \r\n<div class=\"article-addons\">\r\n    <a href=\"https:\/\/www.fcbarcelonanoticias.com\/en\/calendar-fc-barcelona.html\"\r\n       target=\"_self\"\r\n       title=\"Calendar of FC Barcelona\"\r\n       class=\"blue-gredient-btn\">\r\n       \r\n        Calendar of FC Barcelona    <\/a>\r\n<\/div>   <p><a data-external=\"0\" data-intl-links-en=\"https:\/\/www.fcbarcelonanoticias.com\/en\/tags\/barcelona-vs-las-palmas\" data-intl-links-es=\"https:\/\/www.fcbarcelonanoticias.com\/tags\/barcelona-vs-palmas\" href=\"https:\/\/www.fcbarcelonanoticias.com\/en\/tags\/barcelona-vs-las-palmas.html\" rel=\"follow\" target=\"_self\" title=\"Barcelona vs Las Palmas\">FC Barcelona and UD Las Palmas<\/a> face each other this Saturday in the 2024-2025 Spanish Football League. Below, we show you <strong>the probable starting lineup, the bench and the injured and suspended players of Hansi Flick&#8217;s Barcelona<\/strong> for the match against Las Palmas:<\/p>  <h3>Possible lineup for Barcelona against Las Palmas<\/h3>  <ul> <li> <strong>Starting XI:&nbsp;<\/strong>(13) I\u00f1aki Pe\u00f1a (P); (23) Kound\u00e9, (2) Pau Cubars\u00ed, (5) \u00cd\u00f1igo Mart\u00ednez, (3) Balde; (6) Gavi, (16) Ferm\u00edn L\u00f3pez, (8) Pedri; (20). Dani Olmo,&nbsp;(11) Raphinha,&nbsp;(9) Lewandowski<\/li> \t<li> <strong>Bench:&nbsp;<\/strong>(25, P) Szczesny; (7)&nbsp;Ferran;&nbsp;(14)&nbsp;Pablo Torre; (18) Pau V\u00edctor; (19) Lamine Yamal; (21) Frenkie De Jong; (24) Eric Garc\u00eda; (31) Kochen;&nbsp;(32) H\u00e9ctor Fort;&nbsp;(34) Darvich; (35) Gerard Mart\u00edn;&nbsp;(36) S.Dom\u00ednguez<\/li> \t<li> <strong>Injured:&nbsp;<\/strong>(10) Ansu Fati; (1) Ter Stegen;&nbsp;(4) Ronald Araujo; (15) Christensen;&nbsp;(21) Marc Bernal.<\/li> \t<li> <strong>Sanctioned:&nbsp;<\/strong>(17) Marc Casad\u00f3.<\/li> <\/ul> <div class=\"media media-image\" data-ck-asset-wrapper=\"\"> <div class=\"media-item\"> <img loading=\"lazy\" decoding=\"async\" alt=\"Alineaci\u00f3n probable del FC Barcelona contra Las Palmas\" data-id=\"1449057\" data-resize=\"9\" height=\"563\" src=\"https:\/\/www.fcbarcelonanoticias.com\/wp-content\/uploads\/sites\/2\/2024\/11\/fcbn-63f5fa87a34648edc57a0c0917b6199c.jpeg\" title=\"Alineaci\u00f3n probable del FC Barcelona contra Las Palmas\" width=\"1000\"><div class=\"media-title\">Alineaci\u00f3n probable del FC Barcelona contra Las Palmas<\/div> <\/div> <\/div>  <p><strong>Bar\u00e7a <\/strong>arrive with the extra motivation <a data-external=\"0\" data-intl-links-en=\"https:\/\/www.fcbarcelonanoticias.com\/en\/fc-barcelona\/flick-confirms-it-lamine-is-back-he-is-ready-to-play_308955_102.html\" data-intl-links-es=\"https:\/\/www.fcbarcelonanoticias.com\/fc-barcelona\/flick-confirma-lamine-esta-vuelta-esta-preparado-jugar_308955_102.html\" href=\"https:\/\/www.fcbarcelonanoticias.com\/en\/fc-barcelona\/flick-confirms-it-lamine-is-back-he-is-ready-to-play_308955_102.html\" rel=\"follow\" target=\"_self\" title=\"Flick confirms it!: &quot;Lamine is back. He is ready to play...&quot;\">of having recovered Lamine Yamal after being out for three weeks<\/a>, in addition to having the returns of Eric Garc\u00eda and Ferran Torres. However, Marc Casad\u00f3 will be absent after being sent off in the previous matchday against Celta. <strong>Ansu Fati, Ronald Ara\u00fajo, Christensen, Ter Stegen and Marc Bernal<\/strong> are also out due to injury.<\/p>  <p>For the match against <strong>Las Palmas<\/strong>, it is possible that <strong>Hansi Flick<\/strong>, beyond replacing the suspended Casad\u00f3, will not make too many changes to the XI that crushed Brest last Tuesday in the Champions League, although he could also take advantage of the opportunity to rest some of the starting players. We do not rule out <strong>Frenkie de Jong or Lamine Yamal<\/strong> entering the lineup.<\/p>  <h4>Possible lineup for Las Palmas against Barcelona<\/h4>  <ul> <li> <strong>Starting XI:&nbsp;<\/strong>Cillessen; Viti, \u00c1lex Su\u00e1rez, McKenna, \u00c1lex Mu\u00f1oz; Javi Mu\u00f1oz, Essugo, Kirian; Sandro, F\u00e1bio Silva, Moleiro.<\/li> \t<li> <strong>Bench: <\/strong>To be confirmed.<\/li> \t<li> <strong>Injured:&nbsp;<\/strong>\u00c1lex Mu\u00f1oz&nbsp;y&nbsp;Daley Sinkgraven.<\/li> \t<li> <strong>Sanctioned: <\/strong>None.<\/li> <\/ul> ","protected":false},"excerpt":{"rendered":"<p>Hansi Flick&#8217;s Bar\u00e7a face Las Palmas in the EA Sports LaLiga 2024-25. These are the possible lineups for the matchday 15 match FC Barcelona and UD Las Palmas face each other this Saturday in the 2024-2025 Spanish Football League. Below, we show you the probable starting lineup, the bench and the injured and suspended players [&hellip;]<\/p>\n","protected":false},"author":358,"featured_media":54105,"comment_status":"closed","ping_status":"open","sticky":false,"template":"","format":"standard","meta":{"_acf_changed":false,"inline_featured_image":false,"_nextfly_llmd_date_locked":false,"footnotes":""},"categories":[448,114],"tags":[365,201,87],"class_list":["post-54103","post","type-post","status-publish","format-standard","has-post-thumbnail","hentry","category-laliga-2","category-laliga","tag-barcelona-vs-las-palmas","tag-lineups","tag-hansi-flick"],"acf":[],"yoast_head":"<!-- This site is optimized with the Yoast SEO plugin v27.3 - https:\/\/yoast.com\/product\/yoast-seo-wordpress\/ -->\n<title>FC Barcelona vs Las Palmas: Probable lineups for the match - LaLiga 2024\/25<\/title>\n<meta name=\"description\" content=\"Hansi Flick&#039;s Bar\u00e7a face Las Palmas in the EA Sports LaLiga 2024-25. These are the possible lineups for the matchday 15 match\" \/>\n<meta name=\"robots\" content=\"index, follow, max-snippet:-1, max-image-preview:large, max-video-preview:-1\" \/>\n<link rel=\"canonical\" href=\"https:\/\/www.fcbarcelonanoticias.com\/en\/laliga\/fc-barcelona-vs-palmas-probable-lineups-for-the-match-laliga-2024-25_308963_102.html\" \/>\n<meta property=\"og:locale\" content=\"en_US\" \/>\n<meta property=\"og:type\" content=\"article\" \/>\n<meta property=\"og:title\" content=\"FC Barcelona vs Las Palmas: Probable lineups for the match - LaLiga 2024\/25\" \/>\n<meta property=\"og:description\" content=\"Hansi Flick&#039;s Bar\u00e7a face Las Palmas in the EA Sports LaLiga 2024-25. These are the possible lineups for the matchday 15 match\" \/>\n<meta property=\"og:url\" content=\"https:\/\/www.fcbarcelonanoticias.com\/en\/laliga\/fc-barcelona-vs-palmas-probable-lineups-for-the-match-laliga-2024-25_308963_102.html\" \/>\n<meta property=\"og:site_name\" content=\"EN - FC Barcelona Noticias\" \/>\n<meta property=\"article:published_time\" content=\"2024-11-29T20:59:00+00:00\" \/>\n<meta property=\"article:modified_time\" content=\"2026-03-27T10:43:43+00:00\" \/>\n<meta property=\"og:image\" content=\"https:\/\/www.fcbarcelonanoticias.com\/en\/wp-content\/uploads\/sites\/2\/2024\/11\/whatsapp-image-2024-11-29-at-4-37-59-pm.jpeg\" \/>\n\t<meta property=\"og:image:width\" content=\"1200\" \/>\n\t<meta property=\"og:image:height\" content=\"675\" \/>\n\t<meta property=\"og:image:type\" content=\"image\/jpeg\" \/>\n<meta name=\"author\" content=\"Juan Pablo Berdugo\" \/>\n<meta name=\"twitter:card\" content=\"summary_large_image\" \/>\n<meta name=\"twitter:label1\" content=\"Written by\" \/>\n\t<meta name=\"twitter:data1\" content=\"Juan Pablo Berdugo\" \/>\n\t<meta name=\"twitter:label2\" content=\"Est. reading time\" \/>\n\t<meta name=\"twitter:data2\" content=\"2 minutes\" \/>\n<script type=\"application\/ld+json\" class=\"yoast-schema-graph\">{\"@context\":\"https:\\\/\\\/schema.org\",\"@graph\":[{\"@type\":\"Article\",\"@id\":\"https:\\\/\\\/www.fcbarcelonanoticias.com\\\/en\\\/laliga\\\/fc-barcelona-vs-palmas-probable-lineups-for-the-match-laliga-2024-25_308963_102.html#article\",\"isPartOf\":{\"@id\":\"https:\\\/\\\/www.fcbarcelonanoticias.com\\\/en\\\/laliga\\\/fc-barcelona-vs-palmas-probable-lineups-for-the-match-laliga-2024-25_308963_102.html\"},\"author\":{\"name\":\"Juan Pablo Berdugo\",\"@id\":\"https:\\\/\\\/www.fcbarcelonanoticias.com\\\/en\\\/#\\\/schema\\\/person\\\/88d756918a0a1ae9fa593b5edddd1815\"},\"headline\":\"FC Barcelona vs Las Palmas: Probable lineups for the match &#8211; LaLiga 2024\\\/25\",\"datePublished\":\"2024-11-29T20:59:00+00:00\",\"dateModified\":\"2026-03-27T10:43:43+00:00\",\"mainEntityOfPage\":{\"@id\":\"https:\\\/\\\/www.fcbarcelonanoticias.com\\\/en\\\/laliga\\\/fc-barcelona-vs-palmas-probable-lineups-for-the-match-laliga-2024-25_308963_102.html\"},\"wordCount\":348,\"image\":{\"@id\":\"https:\\\/\\\/www.fcbarcelonanoticias.com\\\/en\\\/laliga\\\/fc-barcelona-vs-palmas-probable-lineups-for-the-match-laliga-2024-25_308963_102.html#primaryimage\"},\"thumbnailUrl\":\"https:\\\/\\\/www.fcbarcelonanoticias.com\\\/en\\\/wp-content\\\/uploads\\\/sites\\\/2\\\/2024\\\/11\\\/whatsapp-image-2024-11-29-at-4-37-59-pm.jpeg\",\"keywords\":[\"Barcelona vs Las Palmas\",\"FC Barcelona Lineups\",\"Hansi Flick\"],\"articleSection\":[\"LaLiga\",\"LaLiga\"],\"inLanguage\":\"en-US\"},{\"@type\":\"WebPage\",\"@id\":\"https:\\\/\\\/www.fcbarcelonanoticias.com\\\/en\\\/laliga\\\/fc-barcelona-vs-palmas-probable-lineups-for-the-match-laliga-2024-25_308963_102.html\",\"url\":\"https:\\\/\\\/www.fcbarcelonanoticias.com\\\/en\\\/laliga\\\/fc-barcelona-vs-palmas-probable-lineups-for-the-match-laliga-2024-25_308963_102.html\",\"name\":\"FC Barcelona vs Las Palmas: Probable lineups for the match - LaLiga 2024\\\/25\",\"isPartOf\":{\"@id\":\"https:\\\/\\\/www.fcbarcelonanoticias.com\\\/en\\\/#website\"},\"primaryImageOfPage\":{\"@id\":\"https:\\\/\\\/www.fcbarcelonanoticias.com\\\/en\\\/laliga\\\/fc-barcelona-vs-palmas-probable-lineups-for-the-match-laliga-2024-25_308963_102.html#primaryimage\"},\"image\":{\"@id\":\"https:\\\/\\\/www.fcbarcelonanoticias.com\\\/en\\\/laliga\\\/fc-barcelona-vs-palmas-probable-lineups-for-the-match-laliga-2024-25_308963_102.html#primaryimage\"},\"thumbnailUrl\":\"https:\\\/\\\/www.fcbarcelonanoticias.com\\\/en\\\/wp-content\\\/uploads\\\/sites\\\/2\\\/2024\\\/11\\\/whatsapp-image-2024-11-29-at-4-37-59-pm.jpeg\",\"datePublished\":\"2024-11-29T20:59:00+00:00\",\"dateModified\":\"2026-03-27T10:43:43+00:00\",\"author\":{\"@id\":\"https:\\\/\\\/www.fcbarcelonanoticias.com\\\/en\\\/#\\\/schema\\\/person\\\/88d756918a0a1ae9fa593b5edddd1815\"},\"description\":\"Hansi Flick's Bar\u00e7a face Las Palmas in the EA Sports LaLiga 2024-25. These are the possible lineups for the matchday 15 match\",\"breadcrumb\":{\"@id\":\"https:\\\/\\\/www.fcbarcelonanoticias.com\\\/en\\\/laliga\\\/fc-barcelona-vs-palmas-probable-lineups-for-the-match-laliga-2024-25_308963_102.html#breadcrumb\"},\"inLanguage\":\"en-US\",\"potentialAction\":[{\"@type\":\"ReadAction\",\"target\":[\"https:\\\/\\\/www.fcbarcelonanoticias.com\\\/en\\\/laliga\\\/fc-barcelona-vs-palmas-probable-lineups-for-the-match-laliga-2024-25_308963_102.html\"]}]},{\"@type\":\"ImageObject\",\"inLanguage\":\"en-US\",\"@id\":\"https:\\\/\\\/www.fcbarcelonanoticias.com\\\/en\\\/laliga\\\/fc-barcelona-vs-palmas-probable-lineups-for-the-match-laliga-2024-25_308963_102.html#primaryimage\",\"url\":\"https:\\\/\\\/www.fcbarcelonanoticias.com\\\/en\\\/wp-content\\\/uploads\\\/sites\\\/2\\\/2024\\\/11\\\/whatsapp-image-2024-11-29-at-4-37-59-pm.jpeg\",\"contentUrl\":\"https:\\\/\\\/www.fcbarcelonanoticias.com\\\/en\\\/wp-content\\\/uploads\\\/sites\\\/2\\\/2024\\\/11\\\/whatsapp-image-2024-11-29-at-4-37-59-pm.jpeg\",\"width\":1200,\"height\":675},{\"@type\":\"BreadcrumbList\",\"@id\":\"https:\\\/\\\/www.fcbarcelonanoticias.com\\\/en\\\/laliga\\\/fc-barcelona-vs-palmas-probable-lineups-for-the-match-laliga-2024-25_308963_102.html#breadcrumb\",\"itemListElement\":[{\"@type\":\"ListItem\",\"position\":1,\"name\":\"Portada\",\"item\":\"https:\\\/\\\/www.fcbarcelonanoticias.com\\\/en\\\/\"},{\"@type\":\"ListItem\",\"position\":2,\"name\":\"FC Barcelona vs Las Palmas: Probable lineups for the match &#8211; LaLiga 2024\\\/25\"}]},{\"@type\":\"WebSite\",\"@id\":\"https:\\\/\\\/www.fcbarcelonanoticias.com\\\/en\\\/#website\",\"url\":\"https:\\\/\\\/www.fcbarcelonanoticias.com\\\/en\\\/\",\"name\":\"EN - FC Barcelona Noticias\",\"description\":\"\",\"potentialAction\":[{\"@type\":\"SearchAction\",\"target\":{\"@type\":\"EntryPoint\",\"urlTemplate\":\"https:\\\/\\\/www.fcbarcelonanoticias.com\\\/en\\\/?s={search_term_string}\"},\"query-input\":{\"@type\":\"PropertyValueSpecification\",\"valueRequired\":true,\"valueName\":\"search_term_string\"}}],\"inLanguage\":\"en-US\"},{\"@type\":\"Person\",\"@id\":\"https:\\\/\\\/www.fcbarcelonanoticias.com\\\/en\\\/#\\\/schema\\\/person\\\/88d756918a0a1ae9fa593b5edddd1815\",\"name\":\"Juan Pablo Berdugo\",\"image\":{\"@type\":\"ImageObject\",\"inLanguage\":\"en-US\",\"@id\":\"https:\\\/\\\/secure.gravatar.com\\\/avatar\\\/?s=96&d=mm&r=g\",\"url\":\"https:\\\/\\\/secure.gravatar.com\\\/avatar\\\/?s=96&d=mm&r=g\",\"contentUrl\":\"https:\\\/\\\/secure.gravatar.com\\\/avatar\\\/?s=96&d=mm&r=g\",\"caption\":\"Juan Pablo Berdugo\"},\"description\":\"Juan Pablo Berdugo es graduado en Periodismo. Colabora con FCBN como especialista en informaci\u00f3n del primer equipo del FC Barcelona, f\u00fatbol internacional y mercado de fichajes. Destaca por su enfoque anal\u00edtico, su rigor informativo y su capacidad para detectar tendencias emergentes en el f\u00fatbol global.\",\"url\":\"https:\\\/\\\/www.fcbarcelonanoticias.com\\\/en\\\/fc-barcelona\\\/juan-pablo-berdugo_18_115.html\"}]}<\/script>\n<!-- \/ Yoast SEO plugin. -->","yoast_head_json":{"title":"FC Barcelona vs Las Palmas: Probable lineups for the match - LaLiga 2024\/25","description":"Hansi Flick's Bar\u00e7a face Las Palmas in the EA Sports LaLiga 2024-25. These are the possible lineups for the matchday 15 match","robots":{"index":"index","follow":"follow","max-snippet":"max-snippet:-1","max-image-preview":"max-image-preview:large","max-video-preview":"max-video-preview:-1"},"canonical":"https:\/\/www.fcbarcelonanoticias.com\/en\/laliga\/fc-barcelona-vs-palmas-probable-lineups-for-the-match-laliga-2024-25_308963_102.html","og_locale":"en_US","og_type":"article","og_title":"FC Barcelona vs Las Palmas: Probable lineups for the match - LaLiga 2024\/25","og_description":"Hansi Flick's Bar\u00e7a face Las Palmas in the EA Sports LaLiga 2024-25. These are the possible lineups for the matchday 15 match","og_url":"https:\/\/www.fcbarcelonanoticias.com\/en\/laliga\/fc-barcelona-vs-palmas-probable-lineups-for-the-match-laliga-2024-25_308963_102.html","og_site_name":"EN - FC Barcelona Noticias","article_published_time":"2024-11-29T20:59:00+00:00","article_modified_time":"2026-03-27T10:43:43+00:00","og_image":[{"width":1200,"height":675,"url":"https:\/\/www.fcbarcelonanoticias.com\/en\/wp-content\/uploads\/sites\/2\/2024\/11\/whatsapp-image-2024-11-29-at-4-37-59-pm.jpeg","type":"image\/jpeg"}],"author":"Juan Pablo Berdugo","twitter_card":"summary_large_image","twitter_misc":{"Written by":"Juan Pablo Berdugo","Est. reading time":"2 minutes"},"schema":{"@context":"https:\/\/schema.org","@graph":[{"@type":"Article","@id":"https:\/\/www.fcbarcelonanoticias.com\/en\/laliga\/fc-barcelona-vs-palmas-probable-lineups-for-the-match-laliga-2024-25_308963_102.html#article","isPartOf":{"@id":"https:\/\/www.fcbarcelonanoticias.com\/en\/laliga\/fc-barcelona-vs-palmas-probable-lineups-for-the-match-laliga-2024-25_308963_102.html"},"author":{"name":"Juan Pablo Berdugo","@id":"https:\/\/www.fcbarcelonanoticias.com\/en\/#\/schema\/person\/88d756918a0a1ae9fa593b5edddd1815"},"headline":"FC Barcelona vs Las Palmas: Probable lineups for the match &#8211; LaLiga 2024\/25","datePublished":"2024-11-29T20:59:00+00:00","dateModified":"2026-03-27T10:43:43+00:00","mainEntityOfPage":{"@id":"https:\/\/www.fcbarcelonanoticias.com\/en\/laliga\/fc-barcelona-vs-palmas-probable-lineups-for-the-match-laliga-2024-25_308963_102.html"},"wordCount":348,"image":{"@id":"https:\/\/www.fcbarcelonanoticias.com\/en\/laliga\/fc-barcelona-vs-palmas-probable-lineups-for-the-match-laliga-2024-25_308963_102.html#primaryimage"},"thumbnailUrl":"https:\/\/www.fcbarcelonanoticias.com\/en\/wp-content\/uploads\/sites\/2\/2024\/11\/whatsapp-image-2024-11-29-at-4-37-59-pm.jpeg","keywords":["Barcelona vs Las Palmas","FC Barcelona Lineups","Hansi Flick"],"articleSection":["LaLiga","LaLiga"],"inLanguage":"en-US"},{"@type":"WebPage","@id":"https:\/\/www.fcbarcelonanoticias.com\/en\/laliga\/fc-barcelona-vs-palmas-probable-lineups-for-the-match-laliga-2024-25_308963_102.html","url":"https:\/\/www.fcbarcelonanoticias.com\/en\/laliga\/fc-barcelona-vs-palmas-probable-lineups-for-the-match-laliga-2024-25_308963_102.html","name":"FC Barcelona vs Las Palmas: Probable lineups for the match - LaLiga 2024\/25","isPartOf":{"@id":"https:\/\/www.fcbarcelonanoticias.com\/en\/#website"},"primaryImageOfPage":{"@id":"https:\/\/www.fcbarcelonanoticias.com\/en\/laliga\/fc-barcelona-vs-palmas-probable-lineups-for-the-match-laliga-2024-25_308963_102.html#primaryimage"},"image":{"@id":"https:\/\/www.fcbarcelonanoticias.com\/en\/laliga\/fc-barcelona-vs-palmas-probable-lineups-for-the-match-laliga-2024-25_308963_102.html#primaryimage"},"thumbnailUrl":"https:\/\/www.fcbarcelonanoticias.com\/en\/wp-content\/uploads\/sites\/2\/2024\/11\/whatsapp-image-2024-11-29-at-4-37-59-pm.jpeg","datePublished":"2024-11-29T20:59:00+00:00","dateModified":"2026-03-27T10:43:43+00:00","author":{"@id":"https:\/\/www.fcbarcelonanoticias.com\/en\/#\/schema\/person\/88d756918a0a1ae9fa593b5edddd1815"},"description":"Hansi Flick's Bar\u00e7a face Las Palmas in the EA Sports LaLiga 2024-25. These are the possible lineups for the matchday 15 match","breadcrumb":{"@id":"https:\/\/www.fcbarcelonanoticias.com\/en\/laliga\/fc-barcelona-vs-palmas-probable-lineups-for-the-match-laliga-2024-25_308963_102.html#breadcrumb"},"inLanguage":"en-US","potentialAction":[{"@type":"ReadAction","target":["https:\/\/www.fcbarcelonanoticias.com\/en\/laliga\/fc-barcelona-vs-palmas-probable-lineups-for-the-match-laliga-2024-25_308963_102.html"]}]},{"@type":"ImageObject","inLanguage":"en-US","@id":"https:\/\/www.fcbarcelonanoticias.com\/en\/laliga\/fc-barcelona-vs-palmas-probable-lineups-for-the-match-laliga-2024-25_308963_102.html#primaryimage","url":"https:\/\/www.fcbarcelonanoticias.com\/en\/wp-content\/uploads\/sites\/2\/2024\/11\/whatsapp-image-2024-11-29-at-4-37-59-pm.jpeg","contentUrl":"https:\/\/www.fcbarcelonanoticias.com\/en\/wp-content\/uploads\/sites\/2\/2024\/11\/whatsapp-image-2024-11-29-at-4-37-59-pm.jpeg","width":1200,"height":675},{"@type":"BreadcrumbList","@id":"https:\/\/www.fcbarcelonanoticias.com\/en\/laliga\/fc-barcelona-vs-palmas-probable-lineups-for-the-match-laliga-2024-25_308963_102.html#breadcrumb","itemListElement":[{"@type":"ListItem","position":1,"name":"Portada","item":"https:\/\/www.fcbarcelonanoticias.com\/en\/"},{"@type":"ListItem","position":2,"name":"FC Barcelona vs Las Palmas: Probable lineups for the match &#8211; LaLiga 2024\/25"}]},{"@type":"WebSite","@id":"https:\/\/www.fcbarcelonanoticias.com\/en\/#website","url":"https:\/\/www.fcbarcelonanoticias.com\/en\/","name":"EN - FC Barcelona Noticias","description":"","potentialAction":[{"@type":"SearchAction","target":{"@type":"EntryPoint","urlTemplate":"https:\/\/www.fcbarcelonanoticias.com\/en\/?s={search_term_string}"},"query-input":{"@type":"PropertyValueSpecification","valueRequired":true,"valueName":"search_term_string"}}],"inLanguage":"en-US"},{"@type":"Person","@id":"https:\/\/www.fcbarcelonanoticias.com\/en\/#\/schema\/person\/88d756918a0a1ae9fa593b5edddd1815","name":"Juan Pablo Berdugo","image":{"@type":"ImageObject","inLanguage":"en-US","@id":"https:\/\/secure.gravatar.com\/avatar\/?s=96&d=mm&r=g","url":"https:\/\/secure.gravatar.com\/avatar\/?s=96&d=mm&r=g","contentUrl":"https:\/\/secure.gravatar.com\/avatar\/?s=96&d=mm&r=g","caption":"Juan Pablo Berdugo"},"description":"Juan Pablo Berdugo es graduado en Periodismo. Colabora con FCBN como especialista en informaci\u00f3n del primer equipo del FC Barcelona, f\u00fatbol internacional y mercado de fichajes. Destaca por su enfoque anal\u00edtico, su rigor informativo y su capacidad para detectar tendencias emergentes en el f\u00fatbol global.","url":"https:\/\/www.fcbarcelonanoticias.com\/en\/fc-barcelona\/juan-pablo-berdugo_18_115.html"}]}},"_links":{"self":[{"href":"https:\/\/www.fcbarcelonanoticias.com\/en\/wp-json\/wp\/v2\/posts\/54103","targetHints":{"allow":["GET"]}}],"collection":[{"href":"https:\/\/www.fcbarcelonanoticias.com\/en\/wp-json\/wp\/v2\/posts"}],"about":[{"href":"https:\/\/www.fcbarcelonanoticias.com\/en\/wp-json\/wp\/v2\/types\/post"}],"author":[{"embeddable":true,"href":"https:\/\/www.fcbarcelonanoticias.com\/en\/wp-json\/wp\/v2\/users\/358"}],"replies":[{"embeddable":true,"href":"https:\/\/www.fcbarcelonanoticias.com\/en\/wp-json\/wp\/v2\/comments?post=54103"}],"version-history":[{"count":4,"href":"https:\/\/www.fcbarcelonanoticias.com\/en\/wp-json\/wp\/v2\/posts\/54103\/revisions"}],"predecessor-version":[{"id":161973,"href":"https:\/\/www.fcbarcelonanoticias.com\/en\/wp-json\/wp\/v2\/posts\/54103\/revisions\/161973"}],"wp:featuredmedia":[{"embeddable":true,"href":"https:\/\/www.fcbarcelonanoticias.com\/en\/wp-json\/wp\/v2\/media\/54105"}],"wp:attachment":[{"href":"https:\/\/www.fcbarcelonanoticias.com\/en\/wp-json\/wp\/v2\/media?parent=54103"}],"wp:term":[{"taxonomy":"category","embeddable":true,"href":"https:\/\/www.fcbarcelonanoticias.com\/en\/wp-json\/wp\/v2\/categories?post=54103"},{"taxonomy":"post_tag","embeddable":true,"href":"https:\/\/www.fcbarcelonanoticias.com\/en\/wp-json\/wp\/v2\/tags?post=54103"}],"curies":[{"name":"wp","href":"https:\/\/api.w.org\/{rel}","templated":true}]}}