{"id":5432,"date":"2026-01-20T15:04:00","date_gmt":"2026-01-20T14:04:00","guid":{"rendered":"https:\/\/weisetech.dev\/fc-barcelona-noticias\/en\/hansi-flick-call-up-for-slavia-prague-barcelona_315800_102\/"},"modified":"2026-01-20T15:04:00","modified_gmt":"2026-01-20T14:04:00","slug":"hansi-flick-call-up-for-slavia-prague-barcelona_315800_102","status":"publish","type":"post","link":"https:\/\/www.fcbarcelonanoticias.com\/en\/champions-league\/hansi-flick-call-up-for-slavia-prague-barcelona_315800_102.html","title":{"rendered":"Hansi Flick&#8217;s squad list for Slavia Prague &#8211; Barcelona"},"content":{"rendered":"<h2 class=\"wp-block-heading\">Hansi Flick has confirmed Bar\u00e7a&#8217;s squad list for Champions Matchday 7 against Slavia Prague. Ferran Torres is out as a precaution<\/h2>  \r\n<div class=\"article-addons\">\r\n    <a href=\"https:\/\/www.fcbarcelonanoticias.com\/en\/calendar-fc-barcelona.html\"\r\n       target=\"_self\"\r\n       title=\"Calendar of FC Barcelona\"\r\n       class=\"blue-gredient-btn\">\r\n       \r\n        Calendar of FC Barcelona    <\/a>\r\n<\/div>   <p><strong>FC Barcelona announced the list of 24 players called up for the match against Slavia Prague<\/strong>. The Catalan team will play matchday 7 of the 2025-26 UEFA Champions League with a majority of available starters, with the exception of three players out due to injury.<\/p>  <p><strong>Andreas Christensen<\/strong> and <strong>Pablo Gavi<\/strong> continue to recover from long-term injuries, while <strong><a data-external=\"0\" data-intl-links-en=\"https:\/\/www.fcbarcelonanoticias.com\/en\/transfers\/psg-will-pay-barcelona-6-millions-for-dro-fernandez-clause_315775_102.html\" data-intl-links-es=\"https:\/\/www.fcbarcelonanoticias.com\/fichajes\/acuerdo-cerrado-psg-pagara-barcelona-clausula-dro-fernandez_315775_102.html\" href=\"https:\/\/www.fcbarcelonanoticias.com\/en\/transfers\/psg-will-pay-barcelona-6-millions-for-dro-fernandez-clause_315775_102.html\" rel=\"follow\" target=\"_self\" title=\"Acuerdo cerrado: el PSG pagar\u00e1 al Bar\u00e7a la cl\u00e1usula de 'Dro' Fern\u00e1ndez\">&#8216;Dro&#8217; Fern\u00e1ndez<\/a><\/strong><a data-external=\"0\" data-intl-links-en=\"https:\/\/www.fcbarcelonanoticias.com\/en\/transfers\/psg-will-pay-barcelona-6-millions-for-dro-fernandez-clause_315775_102.html\" data-intl-links-es=\"https:\/\/www.fcbarcelonanoticias.com\/fichajes\/acuerdo-cerrado-psg-pagara-barcelona-clausula-dro-fernandez_315775_102.html\" href=\"https:\/\/www.fcbarcelonanoticias.com\/en\/transfers\/psg-will-pay-barcelona-6-millions-for-dro-fernandez-clause_315775_102.html\" rel=\"follow\" target=\"_self\" title=\"Acuerdo cerrado: el PSG pagar\u00e1 al Bar\u00e7a la cl\u00e1usula de 'Dro' Fern\u00e1ndez\"> and <\/a><strong><a data-external=\"0\" data-intl-links-en=\"https:\/\/www.fcbarcelonanoticias.com\/en\/transfers\/verbal-agreement-between-girona-and-barca-for-ter-stegen-loan_315795_102.html\" data-intl-links-es=\"https:\/\/www.fcbarcelonanoticias.com\/fichajes\/acuerdo-verbal-entre-girona-barca-por-cesion-ter-stegen_315795_102.html\" href=\"https:\/\/www.fcbarcelonanoticias.com\/en\/transfers\/verbal-agreement-between-girona-and-barca-for-ter-stegen-loan_315795_102.html\" rel=\"follow\" target=\"_self\" title=\"Acuerdo verbal entre Girona y Bar\u00e7a por la cesi\u00f3n de Ter Stegen\">Ter Stegen<\/a> <\/strong>remain sidelined as they finalize their departures from the club<\/p>  <p><strong>Ferran Torres&nbsp;<\/strong>was finally ruled out as a precaution, after leaving the match against Real Sociedad with hamstring discomfort. <a data-external=\"0\" data-intl-links-en=\"https:\/\/www.fcbarcelonanoticias.com\/en\/champions-league\/lamine-yamal-out-due-to-suspension-against-slavia-prague_315797_102.html\" data-intl-links-es=\"https:\/\/www.fcbarcelonanoticias.com\/champions-league\/lamine-yamal-baja-por-sancion-slavia-praga_315797_102.html\" href=\"https:\/\/www.fcbarcelonanoticias.com\/en\/champions-league\/lamine-yamal-out-due-to-suspension-against-slavia-prague_315797_102.html\" rel=\"follow\" target=\"_self\" title=\"Lamine Yamal, baja por sanci\u00f3n ante el Slavia Praga\">Lamine Yamal<\/a>, on the other hand, will be out due to an accumulation of yellow cards (3).<\/p>  <h2>FC Barcelona vs Slavia Prague Call-up &#8211; UEFA Champions League 2025-26, Matchday 7<\/h2>  <p><em>\ud83e\udde4&nbsp;<\/em><strong>GOALKEEPERS:<\/strong><\/p>  <ol> <li>(#13). Joan Garc\u00eda<\/li> \t<li>(#25). Wojciech Szczesny<\/li> \t<li>(#31). Diego Kochen<\/li> <\/ol> <p>\ud83d\udee1\ufe0f&nbsp;<strong>DEFENDERS:<\/strong><\/p>  <ol> <li>(#02) Joao Cancelo<\/li> \t<li>(#03). Alejandro Balde<\/li> \t<li>(#04). Ronald Araujo<\/li> \t<li>(#05). Pau Cubars\u00ed<\/li> \t<li>(#18). Gerard Mart\u00edn<\/li> \t<li>(#23). Jules Kound\u00e9<\/li> \t<li>(#24). Eric Garc\u00eda<\/li> \t<li>(#26). Jofre Torrents<\/li> <\/ol> <p>\ud83e\udde0&nbsp;<strong>MIDFIELDERS:<\/strong><\/p>  <ol> <li>(#08). Pedri Gonz\u00e1lez<\/li> \t<li>(#16). Ferm\u00edn L\u00f3pez<\/li> \t<li>(#17). Marc Casad\u00f3<\/li> \t<li>(#20). Dani Olmo<\/li> \t<li>(#21). Frenkie de Jong<\/li> \t<li>(#22). Marc Bernal<\/li> \t<li>(#43). Tommy Marqu\u00e9s<\/li> <\/ol> <p>\ud83d\ude80&nbsp;<strong>FORWARDS:<\/strong><\/p>  <ol> <li>(#11). Raphinha<\/li> \t<li>(#09). Robert Lewandowski<\/li> \t<li>(#14). Marcus Rashford<\/li> \t<li>(#19). Roony Bardghji<\/li> \t<li>(#41). Juan Hern\u00e1ndez<\/li> \t<li>(&#8211;). Dani Rodr\u00edguez<\/li> <\/ol> <h2>This is Bar\u00e7a&#8217;s infirmary<\/h2>  <p>\ud83e\ude79&nbsp;<strong>INJURED:<\/strong><\/p>  <ol> <li>(#06). Gavi<\/li> \t<li>(#07). Ferran Torres<\/li> \t<li>(#15). Andreas Christensen<\/li> <\/ol> <p>Thus, Hansi Flick will not be able to count on a total of three players for matchday 7 of the Champions League. In addition to the precautionary absence of Ferran Torres, due to discomfort in his right thigh, Gavi and Andreas Christensen, both long-term injured, remain sidelined<\/p>  <p>The Dane will be out indefinitely after suffering a partial tear of his left anterior cruciate ligament before the visit to Villarreal on December 20. In Gavi&#8217;s case, he will be out until at least mid-February after undergoing surgery on his right meniscus at the end of last September<\/p>  <h2>Bar\u00e7a goes for its fourth win in the Champions League group stage<\/h2>  <p>Against Slavia Prague, Barcelona seeks its fourth victory in the Champions League group stage. In the last matchday played in 2025, Hansi Flick&#8217;s team defeated Eintracht (2-1) and remains in 15th place in the standings with 10 points.<\/p>  <p>Slavia Prague, meanwhile, lost to <strong>Tottenham (3-0)<\/strong> in the previous match and is in 33rd place in the table with only 3 points. The two teams have only met once in the Champions League, with a <strong>Barcelona victory at the Eden Arena (1-2)<\/strong> and a goalless draw at Camp Nou (0-0) in the group stage of the 2019\/20 season.<\/p> ","protected":false},"excerpt":{"rendered":"<p>Hansi Flick has confirmed Bar\u00e7a&#8217;s squad list for Champions Matchday 7 against Slavia Prague. Ferran Torres is out as a precaution FC Barcelona announced the list of 24 players called up for the match against Slavia Prague. The Catalan team will play matchday 7 of the 2025-26 UEFA Champions League with a majority of available [&hellip;]<\/p>\n","protected":false},"author":353,"featured_media":5433,"comment_status":"closed","ping_status":"open","sticky":false,"template":"","format":"standard","meta":{"_acf_changed":false,"inline_featured_image":false,"_nextfly_llmd_date_locked":false,"footnotes":""},"categories":[447,112],"tags":[184,87,136,205],"class_list":["post-5432","post","type-post","status-publish","format-standard","has-post-thumbnail","hentry","category-champions-league-2","category-champions-league","tag-fc-barcelona-squad-lists","tag-hansi-flick","tag-injured","tag-slavia-prague"],"acf":[],"yoast_head":"<!-- This site is optimized with the Yoast SEO plugin v27.3 - https:\/\/yoast.com\/product\/yoast-seo-wordpress\/ -->\n<title>Hansi Flick&#039;s Call-up for Slavia Prague - Barcelona<\/title>\n<meta name=\"description\" content=\"Hansi Flick has confirmed Bar\u00e7a&#039;s squad list for Champions matchday 7 against Slavia Prague. Ferran Torres is out as a precaution\" \/>\n<meta name=\"robots\" content=\"index, follow, max-snippet:-1, max-image-preview:large, max-video-preview:-1\" \/>\n<link rel=\"canonical\" href=\"https:\/\/www.fcbarcelonanoticias.com\/en\/champions-league\/hansi-flick-call-up-for-slavia-prague-barcelona_315800_102.html\" \/>\n<meta property=\"og:locale\" content=\"en_US\" \/>\n<meta property=\"og:type\" content=\"article\" \/>\n<meta property=\"og:title\" content=\"Hansi Flick&#039;s Call-up for Slavia Prague - Barcelona\" \/>\n<meta property=\"og:description\" content=\"Hansi Flick has confirmed Bar\u00e7a&#039;s squad list for Champions matchday 7 against Slavia Prague. Ferran Torres is out as a precaution\" \/>\n<meta property=\"og:url\" content=\"https:\/\/www.fcbarcelonanoticias.com\/en\/champions-league\/hansi-flick-call-up-for-slavia-prague-barcelona_315800_102.html\" \/>\n<meta property=\"og:site_name\" content=\"EN - FC Barcelona Noticias\" \/>\n<meta property=\"article:published_time\" content=\"2026-01-20T14:04:00+00:00\" \/>\n<meta property=\"og:image\" content=\"https:\/\/www.fcbarcelonanoticias.com\/en\/wp-content\/uploads\/sites\/2\/2026\/01\/lista-convocados-barcelona-v-slavia-praga-champions.jpeg\" \/>\n\t<meta property=\"og:image:width\" content=\"1300\" \/>\n\t<meta property=\"og:image:height\" content=\"732\" \/>\n\t<meta property=\"og:image:type\" content=\"image\/jpeg\" \/>\n<meta name=\"author\" content=\"FC Barcelona Noticias\" \/>\n<meta name=\"twitter:card\" content=\"summary_large_image\" \/>\n<meta name=\"twitter:label1\" content=\"Written by\" \/>\n\t<meta name=\"twitter:data1\" content=\"FC Barcelona Noticias\" \/>\n\t<meta name=\"twitter:label2\" content=\"Est. reading time\" \/>\n\t<meta name=\"twitter:data2\" content=\"2 minutes\" \/>\n<script type=\"application\/ld+json\" class=\"yoast-schema-graph\">{\"@context\":\"https:\\\/\\\/schema.org\",\"@graph\":[{\"@type\":\"Article\",\"@id\":\"https:\\\/\\\/www.fcbarcelonanoticias.com\\\/en\\\/champions-league\\\/hansi-flick-call-up-for-slavia-prague-barcelona_315800_102.html#article\",\"isPartOf\":{\"@id\":\"https:\\\/\\\/www.fcbarcelonanoticias.com\\\/en\\\/champions-league\\\/hansi-flick-call-up-for-slavia-prague-barcelona_315800_102.html\"},\"author\":{\"name\":\"FC Barcelona Noticias\",\"@id\":\"https:\\\/\\\/www.fcbarcelonanoticias.com\\\/en\\\/#\\\/schema\\\/person\\\/0f2810101d27606974cdb8edb54fa54b\"},\"headline\":\"Hansi Flick&#8217;s squad list for Slavia Prague &#8211; Barcelona\",\"datePublished\":\"2026-01-20T14:04:00+00:00\",\"mainEntityOfPage\":{\"@id\":\"https:\\\/\\\/www.fcbarcelonanoticias.com\\\/en\\\/champions-league\\\/hansi-flick-call-up-for-slavia-prague-barcelona_315800_102.html\"},\"wordCount\":432,\"image\":{\"@id\":\"https:\\\/\\\/www.fcbarcelonanoticias.com\\\/en\\\/champions-league\\\/hansi-flick-call-up-for-slavia-prague-barcelona_315800_102.html#primaryimage\"},\"thumbnailUrl\":\"https:\\\/\\\/www.fcbarcelonanoticias.com\\\/en\\\/wp-content\\\/uploads\\\/sites\\\/2\\\/2026\\\/01\\\/lista-convocados-barcelona-v-slavia-praga-champions.jpeg\",\"keywords\":[\"FC Barcelona Squad Lists\",\"Hansi Flick\",\"injured\",\"Slavia Prague\"],\"articleSection\":[\"Champions League\",\"Champions League\"],\"inLanguage\":\"en-US\"},{\"@type\":\"WebPage\",\"@id\":\"https:\\\/\\\/www.fcbarcelonanoticias.com\\\/en\\\/champions-league\\\/hansi-flick-call-up-for-slavia-prague-barcelona_315800_102.html\",\"url\":\"https:\\\/\\\/www.fcbarcelonanoticias.com\\\/en\\\/champions-league\\\/hansi-flick-call-up-for-slavia-prague-barcelona_315800_102.html\",\"name\":\"Hansi Flick's Call-up for Slavia Prague - Barcelona\",\"isPartOf\":{\"@id\":\"https:\\\/\\\/www.fcbarcelonanoticias.com\\\/en\\\/#website\"},\"primaryImageOfPage\":{\"@id\":\"https:\\\/\\\/www.fcbarcelonanoticias.com\\\/en\\\/champions-league\\\/hansi-flick-call-up-for-slavia-prague-barcelona_315800_102.html#primaryimage\"},\"image\":{\"@id\":\"https:\\\/\\\/www.fcbarcelonanoticias.com\\\/en\\\/champions-league\\\/hansi-flick-call-up-for-slavia-prague-barcelona_315800_102.html#primaryimage\"},\"thumbnailUrl\":\"https:\\\/\\\/www.fcbarcelonanoticias.com\\\/en\\\/wp-content\\\/uploads\\\/sites\\\/2\\\/2026\\\/01\\\/lista-convocados-barcelona-v-slavia-praga-champions.jpeg\",\"datePublished\":\"2026-01-20T14:04:00+00:00\",\"author\":{\"@id\":\"https:\\\/\\\/www.fcbarcelonanoticias.com\\\/en\\\/#\\\/schema\\\/person\\\/0f2810101d27606974cdb8edb54fa54b\"},\"description\":\"Hansi Flick has confirmed Bar\u00e7a's squad list for Champions matchday 7 against Slavia Prague. Ferran Torres is out as a precaution\",\"breadcrumb\":{\"@id\":\"https:\\\/\\\/www.fcbarcelonanoticias.com\\\/en\\\/champions-league\\\/hansi-flick-call-up-for-slavia-prague-barcelona_315800_102.html#breadcrumb\"},\"inLanguage\":\"en-US\",\"potentialAction\":[{\"@type\":\"ReadAction\",\"target\":[\"https:\\\/\\\/www.fcbarcelonanoticias.com\\\/en\\\/champions-league\\\/hansi-flick-call-up-for-slavia-prague-barcelona_315800_102.html\"]}]},{\"@type\":\"ImageObject\",\"inLanguage\":\"en-US\",\"@id\":\"https:\\\/\\\/www.fcbarcelonanoticias.com\\\/en\\\/champions-league\\\/hansi-flick-call-up-for-slavia-prague-barcelona_315800_102.html#primaryimage\",\"url\":\"https:\\\/\\\/www.fcbarcelonanoticias.com\\\/en\\\/wp-content\\\/uploads\\\/sites\\\/2\\\/2026\\\/01\\\/lista-convocados-barcelona-v-slavia-praga-champions.jpeg\",\"contentUrl\":\"https:\\\/\\\/www.fcbarcelonanoticias.com\\\/en\\\/wp-content\\\/uploads\\\/sites\\\/2\\\/2026\\\/01\\\/lista-convocados-barcelona-v-slavia-praga-champions.jpeg\",\"width\":1300,\"height\":732},{\"@type\":\"BreadcrumbList\",\"@id\":\"https:\\\/\\\/www.fcbarcelonanoticias.com\\\/en\\\/champions-league\\\/hansi-flick-call-up-for-slavia-prague-barcelona_315800_102.html#breadcrumb\",\"itemListElement\":[{\"@type\":\"ListItem\",\"position\":1,\"name\":\"Portada\",\"item\":\"https:\\\/\\\/www.fcbarcelonanoticias.com\\\/en\\\/\"},{\"@type\":\"ListItem\",\"position\":2,\"name\":\"Hansi Flick&#8217;s squad list for Slavia Prague &#8211; Barcelona\"}]},{\"@type\":\"WebSite\",\"@id\":\"https:\\\/\\\/www.fcbarcelonanoticias.com\\\/en\\\/#website\",\"url\":\"https:\\\/\\\/www.fcbarcelonanoticias.com\\\/en\\\/\",\"name\":\"EN - FC Barcelona Noticias\",\"description\":\"\",\"potentialAction\":[{\"@type\":\"SearchAction\",\"target\":{\"@type\":\"EntryPoint\",\"urlTemplate\":\"https:\\\/\\\/www.fcbarcelonanoticias.com\\\/en\\\/?s={search_term_string}\"},\"query-input\":{\"@type\":\"PropertyValueSpecification\",\"valueRequired\":true,\"valueName\":\"search_term_string\"}}],\"inLanguage\":\"en-US\"},{\"@type\":\"Person\",\"@id\":\"https:\\\/\\\/www.fcbarcelonanoticias.com\\\/en\\\/#\\\/schema\\\/person\\\/0f2810101d27606974cdb8edb54fa54b\",\"name\":\"FC Barcelona Noticias\",\"image\":{\"@type\":\"ImageObject\",\"inLanguage\":\"en-US\",\"@id\":\"https:\\\/\\\/secure.gravatar.com\\\/avatar\\\/?s=96&d=mm&r=g\",\"url\":\"https:\\\/\\\/secure.gravatar.com\\\/avatar\\\/?s=96&d=mm&r=g\",\"contentUrl\":\"https:\\\/\\\/secure.gravatar.com\\\/avatar\\\/?s=96&d=mm&r=g\",\"caption\":\"FC Barcelona Noticias\"},\"url\":\"https:\\\/\\\/www.fcbarcelonanoticias.com\\\/en\\\/fc-barcelona\\\/fcbn-writing-fc-barcelona-news_6_115.html\"}]}<\/script>\n<!-- \/ Yoast SEO plugin. -->","yoast_head_json":{"title":"Hansi Flick's Call-up for Slavia Prague - Barcelona","description":"Hansi Flick has confirmed Bar\u00e7a's squad list for Champions matchday 7 against Slavia Prague. Ferran Torres is out as a precaution","robots":{"index":"index","follow":"follow","max-snippet":"max-snippet:-1","max-image-preview":"max-image-preview:large","max-video-preview":"max-video-preview:-1"},"canonical":"https:\/\/www.fcbarcelonanoticias.com\/en\/champions-league\/hansi-flick-call-up-for-slavia-prague-barcelona_315800_102.html","og_locale":"en_US","og_type":"article","og_title":"Hansi Flick's Call-up for Slavia Prague - Barcelona","og_description":"Hansi Flick has confirmed Bar\u00e7a's squad list for Champions matchday 7 against Slavia Prague. Ferran Torres is out as a precaution","og_url":"https:\/\/www.fcbarcelonanoticias.com\/en\/champions-league\/hansi-flick-call-up-for-slavia-prague-barcelona_315800_102.html","og_site_name":"EN - FC Barcelona Noticias","article_published_time":"2026-01-20T14:04:00+00:00","og_image":[{"width":1300,"height":732,"url":"https:\/\/www.fcbarcelonanoticias.com\/en\/wp-content\/uploads\/sites\/2\/2026\/01\/lista-convocados-barcelona-v-slavia-praga-champions.jpeg","type":"image\/jpeg"}],"author":"FC Barcelona Noticias","twitter_card":"summary_large_image","twitter_misc":{"Written by":"FC Barcelona Noticias","Est. reading time":"2 minutes"},"schema":{"@context":"https:\/\/schema.org","@graph":[{"@type":"Article","@id":"https:\/\/www.fcbarcelonanoticias.com\/en\/champions-league\/hansi-flick-call-up-for-slavia-prague-barcelona_315800_102.html#article","isPartOf":{"@id":"https:\/\/www.fcbarcelonanoticias.com\/en\/champions-league\/hansi-flick-call-up-for-slavia-prague-barcelona_315800_102.html"},"author":{"name":"FC Barcelona Noticias","@id":"https:\/\/www.fcbarcelonanoticias.com\/en\/#\/schema\/person\/0f2810101d27606974cdb8edb54fa54b"},"headline":"Hansi Flick&#8217;s squad list for Slavia Prague &#8211; Barcelona","datePublished":"2026-01-20T14:04:00+00:00","mainEntityOfPage":{"@id":"https:\/\/www.fcbarcelonanoticias.com\/en\/champions-league\/hansi-flick-call-up-for-slavia-prague-barcelona_315800_102.html"},"wordCount":432,"image":{"@id":"https:\/\/www.fcbarcelonanoticias.com\/en\/champions-league\/hansi-flick-call-up-for-slavia-prague-barcelona_315800_102.html#primaryimage"},"thumbnailUrl":"https:\/\/www.fcbarcelonanoticias.com\/en\/wp-content\/uploads\/sites\/2\/2026\/01\/lista-convocados-barcelona-v-slavia-praga-champions.jpeg","keywords":["FC Barcelona Squad Lists","Hansi Flick","injured","Slavia Prague"],"articleSection":["Champions League","Champions League"],"inLanguage":"en-US"},{"@type":"WebPage","@id":"https:\/\/www.fcbarcelonanoticias.com\/en\/champions-league\/hansi-flick-call-up-for-slavia-prague-barcelona_315800_102.html","url":"https:\/\/www.fcbarcelonanoticias.com\/en\/champions-league\/hansi-flick-call-up-for-slavia-prague-barcelona_315800_102.html","name":"Hansi Flick's Call-up for Slavia Prague - Barcelona","isPartOf":{"@id":"https:\/\/www.fcbarcelonanoticias.com\/en\/#website"},"primaryImageOfPage":{"@id":"https:\/\/www.fcbarcelonanoticias.com\/en\/champions-league\/hansi-flick-call-up-for-slavia-prague-barcelona_315800_102.html#primaryimage"},"image":{"@id":"https:\/\/www.fcbarcelonanoticias.com\/en\/champions-league\/hansi-flick-call-up-for-slavia-prague-barcelona_315800_102.html#primaryimage"},"thumbnailUrl":"https:\/\/www.fcbarcelonanoticias.com\/en\/wp-content\/uploads\/sites\/2\/2026\/01\/lista-convocados-barcelona-v-slavia-praga-champions.jpeg","datePublished":"2026-01-20T14:04:00+00:00","author":{"@id":"https:\/\/www.fcbarcelonanoticias.com\/en\/#\/schema\/person\/0f2810101d27606974cdb8edb54fa54b"},"description":"Hansi Flick has confirmed Bar\u00e7a's squad list for Champions matchday 7 against Slavia Prague. Ferran Torres is out as a precaution","breadcrumb":{"@id":"https:\/\/www.fcbarcelonanoticias.com\/en\/champions-league\/hansi-flick-call-up-for-slavia-prague-barcelona_315800_102.html#breadcrumb"},"inLanguage":"en-US","potentialAction":[{"@type":"ReadAction","target":["https:\/\/www.fcbarcelonanoticias.com\/en\/champions-league\/hansi-flick-call-up-for-slavia-prague-barcelona_315800_102.html"]}]},{"@type":"ImageObject","inLanguage":"en-US","@id":"https:\/\/www.fcbarcelonanoticias.com\/en\/champions-league\/hansi-flick-call-up-for-slavia-prague-barcelona_315800_102.html#primaryimage","url":"https:\/\/www.fcbarcelonanoticias.com\/en\/wp-content\/uploads\/sites\/2\/2026\/01\/lista-convocados-barcelona-v-slavia-praga-champions.jpeg","contentUrl":"https:\/\/www.fcbarcelonanoticias.com\/en\/wp-content\/uploads\/sites\/2\/2026\/01\/lista-convocados-barcelona-v-slavia-praga-champions.jpeg","width":1300,"height":732},{"@type":"BreadcrumbList","@id":"https:\/\/www.fcbarcelonanoticias.com\/en\/champions-league\/hansi-flick-call-up-for-slavia-prague-barcelona_315800_102.html#breadcrumb","itemListElement":[{"@type":"ListItem","position":1,"name":"Portada","item":"https:\/\/www.fcbarcelonanoticias.com\/en\/"},{"@type":"ListItem","position":2,"name":"Hansi Flick&#8217;s squad list for Slavia Prague &#8211; Barcelona"}]},{"@type":"WebSite","@id":"https:\/\/www.fcbarcelonanoticias.com\/en\/#website","url":"https:\/\/www.fcbarcelonanoticias.com\/en\/","name":"EN - FC Barcelona Noticias","description":"","potentialAction":[{"@type":"SearchAction","target":{"@type":"EntryPoint","urlTemplate":"https:\/\/www.fcbarcelonanoticias.com\/en\/?s={search_term_string}"},"query-input":{"@type":"PropertyValueSpecification","valueRequired":true,"valueName":"search_term_string"}}],"inLanguage":"en-US"},{"@type":"Person","@id":"https:\/\/www.fcbarcelonanoticias.com\/en\/#\/schema\/person\/0f2810101d27606974cdb8edb54fa54b","name":"FC Barcelona Noticias","image":{"@type":"ImageObject","inLanguage":"en-US","@id":"https:\/\/secure.gravatar.com\/avatar\/?s=96&d=mm&r=g","url":"https:\/\/secure.gravatar.com\/avatar\/?s=96&d=mm&r=g","contentUrl":"https:\/\/secure.gravatar.com\/avatar\/?s=96&d=mm&r=g","caption":"FC Barcelona Noticias"},"url":"https:\/\/www.fcbarcelonanoticias.com\/en\/fc-barcelona\/fcbn-writing-fc-barcelona-news_6_115.html"}]}},"_links":{"self":[{"href":"https:\/\/www.fcbarcelonanoticias.com\/en\/wp-json\/wp\/v2\/posts\/5432","targetHints":{"allow":["GET"]}}],"collection":[{"href":"https:\/\/www.fcbarcelonanoticias.com\/en\/wp-json\/wp\/v2\/posts"}],"about":[{"href":"https:\/\/www.fcbarcelonanoticias.com\/en\/wp-json\/wp\/v2\/types\/post"}],"author":[{"embeddable":true,"href":"https:\/\/www.fcbarcelonanoticias.com\/en\/wp-json\/wp\/v2\/users\/353"}],"replies":[{"embeddable":true,"href":"https:\/\/www.fcbarcelonanoticias.com\/en\/wp-json\/wp\/v2\/comments?post=5432"}],"version-history":[{"count":1,"href":"https:\/\/www.fcbarcelonanoticias.com\/en\/wp-json\/wp\/v2\/posts\/5432\/revisions"}],"predecessor-version":[{"id":103420,"href":"https:\/\/www.fcbarcelonanoticias.com\/en\/wp-json\/wp\/v2\/posts\/5432\/revisions\/103420"}],"wp:featuredmedia":[{"embeddable":true,"href":"https:\/\/www.fcbarcelonanoticias.com\/en\/wp-json\/wp\/v2\/media\/5433"}],"wp:attachment":[{"href":"https:\/\/www.fcbarcelonanoticias.com\/en\/wp-json\/wp\/v2\/media?parent=5432"}],"wp:term":[{"taxonomy":"category","embeddable":true,"href":"https:\/\/www.fcbarcelonanoticias.com\/en\/wp-json\/wp\/v2\/categories?post=5432"},{"taxonomy":"post_tag","embeddable":true,"href":"https:\/\/www.fcbarcelonanoticias.com\/en\/wp-json\/wp\/v2\/tags?post=5432"}],"curies":[{"name":"wp","href":"https:\/\/api.w.org\/{rel}","templated":true}]}}