{"id":54339,"date":"2025-12-05T18:23:00","date_gmt":"2025-12-05T17:23:00","guid":{"rendered":"https:\/\/weisetech.dev\/fc-barcelona-noticias\/en\/fermin-lopez-medically-cleared-and-substitute-for-betis-barcelona_315428_102\/"},"modified":"2025-12-05T18:23:00","modified_gmt":"2025-12-05T17:23:00","slug":"fermin-lopez-medically-cleared-and-substitute-for-betis-barcelona_315428_102","status":"publish","type":"post","link":"https:\/\/www.fcbarcelonanoticias.com\/en\/laliga\/fermin-lopez-medically-cleared-and-substitute-for-betis-barcelona_315428_102.html","title":{"rendered":"Ferm\u00edn L\u00f3pez: medically cleared and a substitute for Betis-Barcelona"},"content":{"rendered":"<h2 class=\"wp-block-heading\">Ferm\u00edn L\u00f3pez shortened the recovery time for his right soleus injury and will be available for LaLiga matchday 15. The Huelva native will be a substitute in the Betis-Bar\u00e7a match<\/h2>  \r\n<div class=\"article-addons\">\r\n    <a href=\"https:\/\/www.fcbarcelonanoticias.com\/en\/calendar-fc-barcelona.html\"\r\n       target=\"_self\"\r\n       title=\"Calendar of FC Barcelona\"\r\n       class=\"blue-gredient-btn\">\r\n       \r\n        Calendar of FC Barcelona    <\/a>\r\n<\/div>   <p><strong>Ferm\u00edn L\u00f3pez<\/strong> will be the main novelty in <strong>Hansi Flick<\/strong>&#8216;s squad for <strong>FC Barcelona<\/strong>&#8216;s visit to <strong>Real Betis<\/strong>. For matchday 15 of <strong>LaLiga EA Sports 2025\/26<\/strong>, the 22-year-old midfielder will be medically cleared from the right soleus injury he suffered against <strong>Chelsea<\/strong> on matchday 5 of the Champions League.<\/p>  <p>Initially, the player from Huelva was expected to be out for a couple of weeks, but his recovery was satisfactory and Hansi Flick himself confirmed the return of the &#8217;16&#8217; for the visit to La Cartuja, this Saturday, December 6 (6:30 PM CEST). This season, Betis is playing at home in the stadium where Bar\u00e7a won their last Copa del Rey, against Real Madrid, due to the renovation of the Benito Villamar\u00edn stadium.<\/p>  <h2>Ferm\u00edn L\u00f3pez Will Be on the Bench for Betis-Barcelona<\/h2>  <p>In the press conference prior to matchday 15 of La Liga, Flick confirmed that Ferm\u00edn will be available, although he will **start from the bench** as is usually the case with players returning from injury.<\/p>  <p>Prior to his second muscular setback of the 25\/26 season, <strong>the player from El Campillo scored 7 goals and provided 4 assists in 13 matches (880 minutes)<\/strong>. The &#8217;16&#8217; started in 10 opportunities, 7 of them consecutively between October 21st and November 25th.<\/p>  <p>In that period, L\u00f3pez was the best-performing player in the Blaugrana attack, with 5 goals and 4 assists. At the beginning of the season, the player from Huelva had also suffered an inguinal injury. Fortunately, both injuries were minor and his time out did not exceed two weeksIn the case of his soleus problem, Ferm\u00edn only missed the league matches against **Alav\u00e9s** and **Atl\u00e9tico de Madrid**, both of which Bar\u00e7a resolved with the same scoreline at the Spotify Camp Nou (3-1).<\/p>  <h2>Ferm\u00edn&#8217;s Return, Very Timely After Olmo&#8217;s Injury<\/h2>  <p>In both matches, <strong>Dani Olmo was a key player<\/strong>, scoring a brace against the Vitoria-based team, as well as netting another goal and earning a penalty against the &#8216;Colchoneros&#8217;. In this regard, Ferm\u00edn L\u00f3pez&#8217;s return to action couldn&#8217;t be more timely, as <a data-external=\"0\" data-intl-links-en=\"https:\/\/www.fcbarcelonanoticias.com\/en\/fc-barcelona\/barcelona-confirms-dani-olmo-injury-and-time-off_315409_102.html\" data-intl-links-es=\"https:\/\/www.fcbarcelonanoticias.com\/fc-barcelona\/barcelona-confirma-lesion-tiempo-baja-dani-olmo_315409_102.html\" href=\"https:\/\/www.fcbarcelonanoticias.com\/en\/fc-barcelona\/barcelona-confirms-dani-olmo-injury-and-time-off_315409_102.html\" rel=\"follow\" target=\"_self\" title=\"El Barcelona confirma la lesi\u00f3n y el tiempo de baja de Dani Olmo\">the player from Terrassa will be out of action for about 1 month<\/a> due to a left shoulder dislocation<\/p>  <p>Both footballers have alternated the pivot position this season, with the player from Huelva having had more prominence so far. **Ferm\u00edn started the season more accurate in front of goal** and, in the coming weeks, will try to maintain the good level he showed during the last month.<\/p>  <p>For Bar\u00e7a, before the Christmas break, there are still five games to play: three in La Liga (<strong>Betis, Osasuna, and Villarreal<\/strong>), one in the Champions League (<strong>Eintracht<\/strong>), and their debut in the Copa del Rey, whose opponent and date will be known in <a data-external=\"0\" data-intl-links-en=\"https:\/\/www.fcbarcelonanoticias.com\/en\/copa-del-rey\/king-cup-draw-25-26-date-format-qualified-teams_315425_102.html\" data-intl-links-es=\"https:\/\/www.fcbarcelonanoticias.com\/copa-del-rey\/sorteo-dieciseisavos-final-copa-rey-2025-2026_315425_102.html\" href=\"https:\/\/www.fcbarcelonanoticias.com\/en\/copa-del-rey\/king-cup-draw-25-26-date-format-qualified-teams_315425_102.html\" rel=\"follow\" target=\"_self\" title=\"Sorteo de dieciseisavos de final de la Copa del Rey 2025-2026\">the draw next Tuesday, December 9th<\/a><\/p>  <p>That same day, the team plays its sixth match in the Champions League group stage. Against Eintracht, Ferm\u00edn is likely to return to the starting XI. Against Betis, <strong>Pedri or Raphinha<\/strong> are poised to occupy the attacking midfield position.<\/p>  <ul> <li>\ud83d\udc49Consult more news about current Bar\u00e7a affairs in our section dedicated to&nbsp;<strong><a data-external=\"0\" data-intl-links-en=\"https:\/\/www.fcbarcelonanoticias.com\/en\/fc-barcelona\" data-intl-links-es=\"https:\/\/www.fcbarcelonanoticias.com\/fc-barcelona\" href=\"https:\/\/www.fcbarcelonanoticias.com\/en\/football-soccer\/fc-barcelona.html\" rel=\"follow\" target=\"_self\" title=\"FC Barcelona\">Football Club Barcelona<\/a><\/strong>.<\/li> <\/ul> ","protected":false},"excerpt":{"rendered":"<p>Ferm\u00edn L\u00f3pez shortened the recovery time for his right soleus injury and will be available for LaLiga matchday 15. The Huelva native will be a substitute in the Betis-Bar\u00e7a match Ferm\u00edn L\u00f3pez will be the main novelty in Hansi Flick&#8216;s squad for FC Barcelona&#8216;s visit to Real Betis. For matchday 15 of LaLiga EA Sports [&hellip;]<\/p>\n","protected":false},"author":347,"featured_media":54342,"comment_status":"closed","ping_status":"open","sticky":false,"template":"","format":"standard","meta":{"_acf_changed":false,"inline_featured_image":false,"_nextfly_llmd_date_locked":false,"footnotes":""},"categories":[114,448],"tags":[47,266,136],"class_list":["post-54339","post","type-post","status-publish","format-standard","has-post-thumbnail","hentry","category-laliga","category-laliga-2","tag-fc-barcelona-vs-betis","tag-fermin-lopez","tag-injured"],"acf":[],"yoast_head":"<!-- This site is optimized with the Yoast SEO plugin v27.3 - https:\/\/yoast.com\/product\/yoast-seo-wordpress\/ -->\n<title>Ferm\u00edn L\u00f3pez: medically cleared and a substitute for Betis-Barcelona<\/title>\n<meta name=\"description\" content=\"Ferm\u00edn L\u00f3pez shortened the recovery time for his right soleus injury and will be available for LaLiga matchday 15, against Betis\" \/>\n<meta name=\"robots\" content=\"index, follow, max-snippet:-1, max-image-preview:large, max-video-preview:-1\" \/>\n<link rel=\"canonical\" href=\"https:\/\/www.fcbarcelonanoticias.com\/en\/laliga\/fermin-lopez-medically-cleared-and-substitute-for-betis-barcelona_315428_102.html\" \/>\n<meta property=\"og:locale\" content=\"en_US\" \/>\n<meta property=\"og:type\" content=\"article\" \/>\n<meta property=\"og:title\" content=\"Ferm\u00edn L\u00f3pez: medically cleared and a substitute for Betis-Barcelona\" \/>\n<meta property=\"og:description\" content=\"Ferm\u00edn L\u00f3pez shortened the recovery time for his right soleus injury and will be available for LaLiga matchday 15, against Betis\" \/>\n<meta property=\"og:url\" content=\"https:\/\/www.fcbarcelonanoticias.com\/en\/laliga\/fermin-lopez-medically-cleared-and-substitute-for-betis-barcelona_315428_102.html\" \/>\n<meta property=\"og:site_name\" content=\"EN - FC Barcelona Noticias\" \/>\n<meta property=\"article:published_time\" content=\"2025-12-05T17:23:00+00:00\" \/>\n<meta property=\"og:image\" content=\"https:\/\/www.fcbarcelonanoticias.com\/en\/wp-content\/uploads\/sites\/2\/2025\/12\/fermin-lopez-ter-stegen-fc-barcelona.jpeg\" \/>\n\t<meta property=\"og:image:width\" content=\"1200\" \/>\n\t<meta property=\"og:image:height\" content=\"675\" \/>\n\t<meta property=\"og:image:type\" content=\"image\/jpeg\" \/>\n<meta name=\"author\" content=\"Andr\u00e9s Quiroz\" \/>\n<meta name=\"twitter:card\" content=\"summary_large_image\" \/>\n<meta name=\"twitter:label1\" content=\"Written by\" \/>\n\t<meta name=\"twitter:data1\" content=\"Andr\u00e9s Quiroz\" \/>\n\t<meta name=\"twitter:label2\" content=\"Est. reading time\" \/>\n\t<meta name=\"twitter:data2\" content=\"3 minutes\" \/>\n<script type=\"application\/ld+json\" class=\"yoast-schema-graph\">{\"@context\":\"https:\\\/\\\/schema.org\",\"@graph\":[{\"@type\":\"Article\",\"@id\":\"https:\\\/\\\/www.fcbarcelonanoticias.com\\\/en\\\/laliga\\\/fermin-lopez-medically-cleared-and-substitute-for-betis-barcelona_315428_102.html#article\",\"isPartOf\":{\"@id\":\"https:\\\/\\\/www.fcbarcelonanoticias.com\\\/en\\\/laliga\\\/fermin-lopez-medically-cleared-and-substitute-for-betis-barcelona_315428_102.html\"},\"author\":{\"name\":\"Andr\u00e9s Quiroz\",\"@id\":\"https:\\\/\\\/www.fcbarcelonanoticias.com\\\/en\\\/#\\\/schema\\\/person\\\/c2cd9f6fa1af5c0d0eccd0fefa575c88\"},\"headline\":\"Ferm\u00edn L\u00f3pez: medically cleared and a substitute for Betis-Barcelona\",\"datePublished\":\"2025-12-05T17:23:00+00:00\",\"mainEntityOfPage\":{\"@id\":\"https:\\\/\\\/www.fcbarcelonanoticias.com\\\/en\\\/laliga\\\/fermin-lopez-medically-cleared-and-substitute-for-betis-barcelona_315428_102.html\"},\"wordCount\":560,\"image\":{\"@id\":\"https:\\\/\\\/www.fcbarcelonanoticias.com\\\/en\\\/laliga\\\/fermin-lopez-medically-cleared-and-substitute-for-betis-barcelona_315428_102.html#primaryimage\"},\"thumbnailUrl\":\"https:\\\/\\\/www.fcbarcelonanoticias.com\\\/en\\\/wp-content\\\/uploads\\\/sites\\\/2\\\/2025\\\/12\\\/fermin-lopez-ter-stegen-fc-barcelona.jpeg\",\"keywords\":[\"FC Barcelona vs Betis\",\"Ferm\u00edn L\u00f3pez\",\"injured\"],\"articleSection\":[\"LaLiga\",\"LaLiga\"],\"inLanguage\":\"en-US\"},{\"@type\":\"WebPage\",\"@id\":\"https:\\\/\\\/www.fcbarcelonanoticias.com\\\/en\\\/laliga\\\/fermin-lopez-medically-cleared-and-substitute-for-betis-barcelona_315428_102.html\",\"url\":\"https:\\\/\\\/www.fcbarcelonanoticias.com\\\/en\\\/laliga\\\/fermin-lopez-medically-cleared-and-substitute-for-betis-barcelona_315428_102.html\",\"name\":\"Ferm\u00edn L\u00f3pez: medically cleared and a substitute for Betis-Barcelona\",\"isPartOf\":{\"@id\":\"https:\\\/\\\/www.fcbarcelonanoticias.com\\\/en\\\/#website\"},\"primaryImageOfPage\":{\"@id\":\"https:\\\/\\\/www.fcbarcelonanoticias.com\\\/en\\\/laliga\\\/fermin-lopez-medically-cleared-and-substitute-for-betis-barcelona_315428_102.html#primaryimage\"},\"image\":{\"@id\":\"https:\\\/\\\/www.fcbarcelonanoticias.com\\\/en\\\/laliga\\\/fermin-lopez-medically-cleared-and-substitute-for-betis-barcelona_315428_102.html#primaryimage\"},\"thumbnailUrl\":\"https:\\\/\\\/www.fcbarcelonanoticias.com\\\/en\\\/wp-content\\\/uploads\\\/sites\\\/2\\\/2025\\\/12\\\/fermin-lopez-ter-stegen-fc-barcelona.jpeg\",\"datePublished\":\"2025-12-05T17:23:00+00:00\",\"author\":{\"@id\":\"https:\\\/\\\/www.fcbarcelonanoticias.com\\\/en\\\/#\\\/schema\\\/person\\\/c2cd9f6fa1af5c0d0eccd0fefa575c88\"},\"description\":\"Ferm\u00edn L\u00f3pez shortened the recovery time for his right soleus injury and will be available for LaLiga matchday 15, against Betis\",\"breadcrumb\":{\"@id\":\"https:\\\/\\\/www.fcbarcelonanoticias.com\\\/en\\\/laliga\\\/fermin-lopez-medically-cleared-and-substitute-for-betis-barcelona_315428_102.html#breadcrumb\"},\"inLanguage\":\"en-US\",\"potentialAction\":[{\"@type\":\"ReadAction\",\"target\":[\"https:\\\/\\\/www.fcbarcelonanoticias.com\\\/en\\\/laliga\\\/fermin-lopez-medically-cleared-and-substitute-for-betis-barcelona_315428_102.html\"]}]},{\"@type\":\"ImageObject\",\"inLanguage\":\"en-US\",\"@id\":\"https:\\\/\\\/www.fcbarcelonanoticias.com\\\/en\\\/laliga\\\/fermin-lopez-medically-cleared-and-substitute-for-betis-barcelona_315428_102.html#primaryimage\",\"url\":\"https:\\\/\\\/www.fcbarcelonanoticias.com\\\/en\\\/wp-content\\\/uploads\\\/sites\\\/2\\\/2025\\\/12\\\/fermin-lopez-ter-stegen-fc-barcelona.jpeg\",\"contentUrl\":\"https:\\\/\\\/www.fcbarcelonanoticias.com\\\/en\\\/wp-content\\\/uploads\\\/sites\\\/2\\\/2025\\\/12\\\/fermin-lopez-ter-stegen-fc-barcelona.jpeg\",\"width\":1200,\"height\":675},{\"@type\":\"BreadcrumbList\",\"@id\":\"https:\\\/\\\/www.fcbarcelonanoticias.com\\\/en\\\/laliga\\\/fermin-lopez-medically-cleared-and-substitute-for-betis-barcelona_315428_102.html#breadcrumb\",\"itemListElement\":[{\"@type\":\"ListItem\",\"position\":1,\"name\":\"Portada\",\"item\":\"https:\\\/\\\/www.fcbarcelonanoticias.com\\\/en\\\/\"},{\"@type\":\"ListItem\",\"position\":2,\"name\":\"Ferm\u00edn L\u00f3pez: medically cleared and a substitute for Betis-Barcelona\"}]},{\"@type\":\"WebSite\",\"@id\":\"https:\\\/\\\/www.fcbarcelonanoticias.com\\\/en\\\/#website\",\"url\":\"https:\\\/\\\/www.fcbarcelonanoticias.com\\\/en\\\/\",\"name\":\"EN - FC Barcelona Noticias\",\"description\":\"\",\"potentialAction\":[{\"@type\":\"SearchAction\",\"target\":{\"@type\":\"EntryPoint\",\"urlTemplate\":\"https:\\\/\\\/www.fcbarcelonanoticias.com\\\/en\\\/?s={search_term_string}\"},\"query-input\":{\"@type\":\"PropertyValueSpecification\",\"valueRequired\":true,\"valueName\":\"search_term_string\"}}],\"inLanguage\":\"en-US\"},{\"@type\":\"Person\",\"@id\":\"https:\\\/\\\/www.fcbarcelonanoticias.com\\\/en\\\/#\\\/schema\\\/person\\\/c2cd9f6fa1af5c0d0eccd0fefa575c88\",\"name\":\"Andr\u00e9s Quiroz\",\"image\":{\"@type\":\"ImageObject\",\"inLanguage\":\"en-US\",\"@id\":\"https:\\\/\\\/secure.gravatar.com\\\/avatar\\\/?s=96&d=mm&r=g\",\"url\":\"https:\\\/\\\/secure.gravatar.com\\\/avatar\\\/?s=96&d=mm&r=g\",\"contentUrl\":\"https:\\\/\\\/secure.gravatar.com\\\/avatar\\\/?s=96&d=mm&r=g\",\"caption\":\"Andr\u00e9s Quiroz\"},\"description\":\"Licenciado en Periodismo por la Universidad de los Andes. Me encargo de analizar y compartir los contenidos m\u00e1s destacados de la\u00a0actualidad del F\u00fatbol Club Barcelona, Mercado de Fichajes y F\u00fatbol Internacional en FCBN. La informaci\u00f3n es poder, pero tambi\u00e9n conocimiento.\",\"url\":\"https:\\\/\\\/www.fcbarcelonanoticias.com\\\/en\\\/fc-barcelona\\\/andres-quiroz_17_115.html\"}]}<\/script>\n<!-- \/ Yoast SEO plugin. -->","yoast_head_json":{"title":"Ferm\u00edn L\u00f3pez: medically cleared and a substitute for Betis-Barcelona","description":"Ferm\u00edn L\u00f3pez shortened the recovery time for his right soleus injury and will be available for LaLiga matchday 15, against Betis","robots":{"index":"index","follow":"follow","max-snippet":"max-snippet:-1","max-image-preview":"max-image-preview:large","max-video-preview":"max-video-preview:-1"},"canonical":"https:\/\/www.fcbarcelonanoticias.com\/en\/laliga\/fermin-lopez-medically-cleared-and-substitute-for-betis-barcelona_315428_102.html","og_locale":"en_US","og_type":"article","og_title":"Ferm\u00edn L\u00f3pez: medically cleared and a substitute for Betis-Barcelona","og_description":"Ferm\u00edn L\u00f3pez shortened the recovery time for his right soleus injury and will be available for LaLiga matchday 15, against Betis","og_url":"https:\/\/www.fcbarcelonanoticias.com\/en\/laliga\/fermin-lopez-medically-cleared-and-substitute-for-betis-barcelona_315428_102.html","og_site_name":"EN - FC Barcelona Noticias","article_published_time":"2025-12-05T17:23:00+00:00","og_image":[{"width":1200,"height":675,"url":"https:\/\/www.fcbarcelonanoticias.com\/en\/wp-content\/uploads\/sites\/2\/2025\/12\/fermin-lopez-ter-stegen-fc-barcelona.jpeg","type":"image\/jpeg"}],"author":"Andr\u00e9s Quiroz","twitter_card":"summary_large_image","twitter_misc":{"Written by":"Andr\u00e9s Quiroz","Est. reading time":"3 minutes"},"schema":{"@context":"https:\/\/schema.org","@graph":[{"@type":"Article","@id":"https:\/\/www.fcbarcelonanoticias.com\/en\/laliga\/fermin-lopez-medically-cleared-and-substitute-for-betis-barcelona_315428_102.html#article","isPartOf":{"@id":"https:\/\/www.fcbarcelonanoticias.com\/en\/laliga\/fermin-lopez-medically-cleared-and-substitute-for-betis-barcelona_315428_102.html"},"author":{"name":"Andr\u00e9s Quiroz","@id":"https:\/\/www.fcbarcelonanoticias.com\/en\/#\/schema\/person\/c2cd9f6fa1af5c0d0eccd0fefa575c88"},"headline":"Ferm\u00edn L\u00f3pez: medically cleared and a substitute for Betis-Barcelona","datePublished":"2025-12-05T17:23:00+00:00","mainEntityOfPage":{"@id":"https:\/\/www.fcbarcelonanoticias.com\/en\/laliga\/fermin-lopez-medically-cleared-and-substitute-for-betis-barcelona_315428_102.html"},"wordCount":560,"image":{"@id":"https:\/\/www.fcbarcelonanoticias.com\/en\/laliga\/fermin-lopez-medically-cleared-and-substitute-for-betis-barcelona_315428_102.html#primaryimage"},"thumbnailUrl":"https:\/\/www.fcbarcelonanoticias.com\/en\/wp-content\/uploads\/sites\/2\/2025\/12\/fermin-lopez-ter-stegen-fc-barcelona.jpeg","keywords":["FC Barcelona vs Betis","Ferm\u00edn L\u00f3pez","injured"],"articleSection":["LaLiga","LaLiga"],"inLanguage":"en-US"},{"@type":"WebPage","@id":"https:\/\/www.fcbarcelonanoticias.com\/en\/laliga\/fermin-lopez-medically-cleared-and-substitute-for-betis-barcelona_315428_102.html","url":"https:\/\/www.fcbarcelonanoticias.com\/en\/laliga\/fermin-lopez-medically-cleared-and-substitute-for-betis-barcelona_315428_102.html","name":"Ferm\u00edn L\u00f3pez: medically cleared and a substitute for Betis-Barcelona","isPartOf":{"@id":"https:\/\/www.fcbarcelonanoticias.com\/en\/#website"},"primaryImageOfPage":{"@id":"https:\/\/www.fcbarcelonanoticias.com\/en\/laliga\/fermin-lopez-medically-cleared-and-substitute-for-betis-barcelona_315428_102.html#primaryimage"},"image":{"@id":"https:\/\/www.fcbarcelonanoticias.com\/en\/laliga\/fermin-lopez-medically-cleared-and-substitute-for-betis-barcelona_315428_102.html#primaryimage"},"thumbnailUrl":"https:\/\/www.fcbarcelonanoticias.com\/en\/wp-content\/uploads\/sites\/2\/2025\/12\/fermin-lopez-ter-stegen-fc-barcelona.jpeg","datePublished":"2025-12-05T17:23:00+00:00","author":{"@id":"https:\/\/www.fcbarcelonanoticias.com\/en\/#\/schema\/person\/c2cd9f6fa1af5c0d0eccd0fefa575c88"},"description":"Ferm\u00edn L\u00f3pez shortened the recovery time for his right soleus injury and will be available for LaLiga matchday 15, against Betis","breadcrumb":{"@id":"https:\/\/www.fcbarcelonanoticias.com\/en\/laliga\/fermin-lopez-medically-cleared-and-substitute-for-betis-barcelona_315428_102.html#breadcrumb"},"inLanguage":"en-US","potentialAction":[{"@type":"ReadAction","target":["https:\/\/www.fcbarcelonanoticias.com\/en\/laliga\/fermin-lopez-medically-cleared-and-substitute-for-betis-barcelona_315428_102.html"]}]},{"@type":"ImageObject","inLanguage":"en-US","@id":"https:\/\/www.fcbarcelonanoticias.com\/en\/laliga\/fermin-lopez-medically-cleared-and-substitute-for-betis-barcelona_315428_102.html#primaryimage","url":"https:\/\/www.fcbarcelonanoticias.com\/en\/wp-content\/uploads\/sites\/2\/2025\/12\/fermin-lopez-ter-stegen-fc-barcelona.jpeg","contentUrl":"https:\/\/www.fcbarcelonanoticias.com\/en\/wp-content\/uploads\/sites\/2\/2025\/12\/fermin-lopez-ter-stegen-fc-barcelona.jpeg","width":1200,"height":675},{"@type":"BreadcrumbList","@id":"https:\/\/www.fcbarcelonanoticias.com\/en\/laliga\/fermin-lopez-medically-cleared-and-substitute-for-betis-barcelona_315428_102.html#breadcrumb","itemListElement":[{"@type":"ListItem","position":1,"name":"Portada","item":"https:\/\/www.fcbarcelonanoticias.com\/en\/"},{"@type":"ListItem","position":2,"name":"Ferm\u00edn L\u00f3pez: medically cleared and a substitute for Betis-Barcelona"}]},{"@type":"WebSite","@id":"https:\/\/www.fcbarcelonanoticias.com\/en\/#website","url":"https:\/\/www.fcbarcelonanoticias.com\/en\/","name":"EN - FC Barcelona Noticias","description":"","potentialAction":[{"@type":"SearchAction","target":{"@type":"EntryPoint","urlTemplate":"https:\/\/www.fcbarcelonanoticias.com\/en\/?s={search_term_string}"},"query-input":{"@type":"PropertyValueSpecification","valueRequired":true,"valueName":"search_term_string"}}],"inLanguage":"en-US"},{"@type":"Person","@id":"https:\/\/www.fcbarcelonanoticias.com\/en\/#\/schema\/person\/c2cd9f6fa1af5c0d0eccd0fefa575c88","name":"Andr\u00e9s Quiroz","image":{"@type":"ImageObject","inLanguage":"en-US","@id":"https:\/\/secure.gravatar.com\/avatar\/?s=96&d=mm&r=g","url":"https:\/\/secure.gravatar.com\/avatar\/?s=96&d=mm&r=g","contentUrl":"https:\/\/secure.gravatar.com\/avatar\/?s=96&d=mm&r=g","caption":"Andr\u00e9s Quiroz"},"description":"Licenciado en Periodismo por la Universidad de los Andes. Me encargo de analizar y compartir los contenidos m\u00e1s destacados de la\u00a0actualidad del F\u00fatbol Club Barcelona, Mercado de Fichajes y F\u00fatbol Internacional en FCBN. La informaci\u00f3n es poder, pero tambi\u00e9n conocimiento.","url":"https:\/\/www.fcbarcelonanoticias.com\/en\/fc-barcelona\/andres-quiroz_17_115.html"}]}},"_links":{"self":[{"href":"https:\/\/www.fcbarcelonanoticias.com\/en\/wp-json\/wp\/v2\/posts\/54339","targetHints":{"allow":["GET"]}}],"collection":[{"href":"https:\/\/www.fcbarcelonanoticias.com\/en\/wp-json\/wp\/v2\/posts"}],"about":[{"href":"https:\/\/www.fcbarcelonanoticias.com\/en\/wp-json\/wp\/v2\/types\/post"}],"author":[{"embeddable":true,"href":"https:\/\/www.fcbarcelonanoticias.com\/en\/wp-json\/wp\/v2\/users\/347"}],"replies":[{"embeddable":true,"href":"https:\/\/www.fcbarcelonanoticias.com\/en\/wp-json\/wp\/v2\/comments?post=54339"}],"version-history":[{"count":1,"href":"https:\/\/www.fcbarcelonanoticias.com\/en\/wp-json\/wp\/v2\/posts\/54339\/revisions"}],"predecessor-version":[{"id":54340,"href":"https:\/\/www.fcbarcelonanoticias.com\/en\/wp-json\/wp\/v2\/posts\/54339\/revisions\/54340"}],"wp:featuredmedia":[{"embeddable":true,"href":"https:\/\/www.fcbarcelonanoticias.com\/en\/wp-json\/wp\/v2\/media\/54342"}],"wp:attachment":[{"href":"https:\/\/www.fcbarcelonanoticias.com\/en\/wp-json\/wp\/v2\/media?parent=54339"}],"wp:term":[{"taxonomy":"category","embeddable":true,"href":"https:\/\/www.fcbarcelonanoticias.com\/en\/wp-json\/wp\/v2\/categories?post=54339"},{"taxonomy":"post_tag","embeddable":true,"href":"https:\/\/www.fcbarcelonanoticias.com\/en\/wp-json\/wp\/v2\/tags?post=54339"}],"curies":[{"name":"wp","href":"https:\/\/api.w.org\/{rel}","templated":true}]}}