{"id":54406,"date":"2025-12-06T20:06:00","date_gmt":"2025-12-06T19:06:00","guid":{"rendered":"https:\/\/weisetech.dev\/fc-barcelona-noticias\/en\/ferran-torres-on-fire-second-hat-trick-against-betis_315440_102\/"},"modified":"2026-04-16T09:19:22","modified_gmt":"2026-04-16T07:19:22","slug":"ferran-torres-on-fire-second-hat-trick-against-betis_315440_102","status":"publish","type":"post","link":"https:\/\/www.fcbarcelonanoticias.com\/en\/laliga\/ferran-torres-on-fire-second-hat-trick-against-betis_315440_102.html","title":{"rendered":"Ferran Torres on fire: hat-trick and 13 goals with Bar\u00e7a in 25\/26"},"content":{"rendered":"<h2 class=\"wp-block-heading\">Ferran Torres returned to Bar\u00e7a&#8217;s starting XI against Betis in grand style. After a couple of consecutive league substitutions, the &#8216;Shark&#8217; scored a hat-trick to lead the Catalan comeback in the first half<\/h2>  \r\n<div class=\"article-addons\">\r\n    <a href=\"https:\/\/www.fcbarcelonanoticias.com\/en\/calendar-fc-barcelona.html\"\r\n       target=\"_self\"\r\n       title=\"Calendar of FC Barcelona\"\r\n       class=\"blue-gredient-btn\">\r\n       \r\n        Calendar of FC Barcelona    <\/a>\r\n<\/div>   <p><strong>Ferran Torres<\/strong> continues to add to his tally with <strong>Hansi Flick&#8217;s<\/strong> <strong>FC Barcelona<\/strong> in the 2025\/26 season. <a data-external=\"0\" data-intl-links-en=\"https:\/\/www.fcbarcelonanoticias.com\/en\/laliga\/pichichi-of-barcelona-ferran-torres-reaches-10-goals_315406_102.html\" data-intl-links-es=\"https:\/\/www.fcbarcelonanoticias.com\/laliga\/pichichi-barcelona-ferran-torres-llega-10-goles-25-26_315406_102.html\" href=\"https:\/\/www.fcbarcelonanoticias.com\/en\/laliga\/pichichi-of-barcelona-ferran-torres-reaches-10-goals_315406_102.html\" rel=\"follow\" target=\"_self\" title=\"\u00a1El Pichichi del Bar\u00e7a! Ferran Torres llega a 10 goles en la 25\/26\">The &#8216;Shark&#8217; had scored against Atl\u00e9tico de Madrid<\/a> on Tuesday and, in just 40 minutes, scored a hat-trick against Real Betis at La Cartuja, one of his favorite stadiums.<\/p>  <p>Foi\u00f3s scored 3 goals against **Germany** with Spain (6-0) in the group stage of the 20\/21 Nations League. He also scored against **Real Madrid** in April of this year in the Copa del Rey final (3-2).Well, against Betis, Ferran once again made a difference, starting with **a brace in just 112 seconds**. The &#8216;7&#8217; scored the partial 1-1 in the 11th minute, taking advantage of a pass from **Kound\u00e9** from the right.<\/p>  <p>Then, in the 13th minute, he scored the second goal for Bar\u00e7a, this time volleying a mid-height cross from Roony Bardghji. Bar\u00e7a had started the match losing with a goal from Antony in the 6th minute, but managed to come back in just 7 minutes for the sixth time so far in the League.<\/p>  <h2>Ferran Torres&#8217; second hat-trick against Betis<\/h2>  <p>Ferran Torres&#8217; consecutive goals were a blow that Betis never managed to recover from. The &#8216;Shark&#8217;, previously, had scored 6 goals in 12 games against the Andalusian team, including <a data-external=\"0\" data-intl-links-en=\"https:\/\/www.fcbarcelonanoticias.com\/en\/laliga\/hat-trick-of-leader-ferran-torres-the-hero-of-the-barca-in-his-best-night-like-cule_300126_102.html\" data-intl-links-es=\"https:\/\/www.fcbarcelonanoticias.com\/laliga\/hat-trick-lider-ferran-torres-heroe-barca-en-su-mejor-noche-como-cule_300126_102.html\" href=\"https:\/\/www.fcbarcelonanoticias.com\/en\/laliga\/hat-trick-of-leader-ferran-torres-the-hero-of-the-barca-in-his-best-night-like-cule_300126_102.html\" rel=\"follow\" target=\"_self\" title=\"\u00a1Hat-trick de l\u00edder! Ferran Torres, el h\u00e9roe del Bar\u00e7a en su mejor noche como cul\u00e9\">a hat-trick in January 2024<\/a>, in another Blaugrana thrashing (2-4 at the Benito Villamar\u00edn).<\/p>  <p>That January 21st, Torres scored in the 21st, 48th, and 90+2 minutes. This time, all three of his goals came in the first half, in just 40 minutes. The goal that made it 1-4 came from a somewhat fortunate play, as the Bar\u00e7a number &#8216;7&#8217; shot without much power, but the ball changed trajectory after a deflection off Marc Bartra that wrong-footed the goalkeeper Valles.<\/p>  <p>This year, <a data-external=\"0\" data-intl-links-en=\"https:\/\/www.fcbarcelonanoticias.com\/en\/copa-del-rey\/ferran-torres-unleashed-hat-trick-to-lead-five-goal-victory-over-valencia_310666_102.html\" data-intl-links-es=\"https:\/\/www.fcbarcelonanoticias.com\/copa-del-rey\/ferran-torres-desatado-hat-trick-liderar-manita-valencia_310666_102.html\" href=\"https:\/\/www.fcbarcelonanoticias.com\/en\/football\/copa-del-rey\/ferran-torres-unleashed-hat-trick-to-lead-five-goal-victory-over-valencia_310666_102.html\" rel=\"follow\" target=\"_self\" title=\"\u00a1Ferran Torres, desatado! 'Hat-trick' para liderar la 'manita' al Valencia\">&#8216;The Shark&#8217; also scored 3 goals in Barcelona&#8217;s &#8216;five-goal&#8217; victory over Valencia<\/a>, in the Copa del Rey quarterfinals (0-5). In total, the 25-year-old forward has scored 57 goals in 177 official matches for the Blaugrana team.&nbsp;<\/p>  <h2>Ferran reaches 11 goals in 16 league matchdays<\/h2>  <p>In 25\/26, Ferran already has 11 goals in 16 league matchdays, closing the gap with <a data-external=\"0\" data-intl-links-en=\"https:\/\/www.fcbarcelonanoticias.com\/en\/laliga\/laliga-top-scorers-mbappe-reaches-16-goals_315412_102.html\" data-intl-links-es=\"https:\/\/www.fcbarcelonanoticias.com\/laliga\/clasificacion-goleadores-laliga-25-26-mbappe-aleja-liderato_315412_102.html\" href=\"https:\/\/www.fcbarcelonanoticias.com\/en\/laliga\/laliga-top-scorers-mbappe-reaches-16-goals_315412_102.html\" rel=\"follow\" target=\"_self\" title=\"Clasificaci\u00f3n de goleadores LaLiga 25\/26: Mbapp\u00e9 se aleja en el liderato\">Kylian Mbapp\u00e9 (16)<\/a>. Furthermore, the &#8216;7&#8217; is the team&#8217;s top scorer with 13 goals, surpassing Robert Lewandowski (8). Next Tuesday, against Eintracht, it is likely that Hansi Flick will keep him in his Champions League XI, where he has scored a couple of goals so far.<\/p>  <ul> <li><u><strong>Recommended links<\/strong><\/u><\/li> \t<li><a data-external=\"1\" href=\"https:\/\/www.fcbarcelonanoticias.com\/estadisticas-fc-barcelona-2025-2026.html\" rel=\"nofollow\" target=\"_blank\" title=\"Estad\u00edsticas del FC Barcelona en la temporada 2025\/26\">FC Barcelona statistics in the 2025\/26 season<\/a><\/li> \t<li><a data-external=\"1\" href=\"https:\/\/www.fcbarcelonanoticias.com\/en\/goleadores-fc-barcelona-2025-26.html\" rel=\"nofollow\" target=\"_blank\" title=\"Goleadores del Bar\u00e7a 25\/26\">FC Barcelona top scorers in the 2025\/26 season<\/a><\/li> \t<li><a data-external=\"1\" href=\"https:\/\/www.fcbarcelonanoticias.com\/en\/estadisticas-fc-barcelona-laliga-2025-26.html\" rel=\"nofollow\" target=\"_blank\" title=\"Estad\u00edsticas del FC Barcelona en LaLiga EA Sports 2025\/26\">FC Barcelona statistics in LaLiga EA Sports 2025\/26<\/a><\/li> \t<li><strong><a data-external=\"0\" data-intl-links-en=\"https:\/\/www.fcbarcelonanoticias.com\/en\/fc-barcelona-squad.html\" data-intl-links-es=\"https:\/\/www.fcbarcelonanoticias.com\/jugadores-fcbarcelona.html\" href=\"https:\/\/www.fcbarcelonanoticias.com\/en\/fc-barcelona-squad.html\" rel=\"follow\" target=\"_self\" title=\"Plantilla del FC Barcelona 2025-26\">FC Barcelona Squad &#8211; 2025\/26 Season<\/a><\/strong><\/li> <\/ul> ","protected":false},"excerpt":{"rendered":"<p>Ferran Torres returned to Bar\u00e7a&#8217;s starting XI against Betis in grand style. After a couple of consecutive league substitutions, the &#8216;Shark&#8217; scored a hat-trick to lead the Catalan comeback in the first half Ferran Torres continues to add to his tally with Hansi Flick&#8217;s FC Barcelona in the 2025\/26 season. The &#8216;Shark&#8217; had scored against [&hellip;]<\/p>\n","protected":false},"author":347,"featured_media":50440,"comment_status":"closed","ping_status":"open","sticky":false,"template":"","format":"standard","meta":{"_acf_changed":false,"inline_featured_image":false,"_nextfly_llmd_date_locked":false,"footnotes":""},"categories":[448,114],"tags":[47,471,195,232,157],"class_list":["post-54406","post","type-post","status-publish","format-standard","has-post-thumbnail","hentry","category-laliga-2","category-laliga","tag-fc-barcelona-vs-betis","tag-ferran-torres-2","tag-ferran-torres","tag-mvp","tag-statistics"],"acf":[],"yoast_head":"<!-- This site is optimized with the Yoast SEO plugin v27.3 - https:\/\/yoast.com\/product\/yoast-seo-wordpress\/ -->\n<title>Ferran Torres on fire: second hat-trick against Betis<\/title>\n<meta name=\"description\" content=\"Ferran Torres returned to Bar\u00e7a&#039;s starting XI against Betis in grand style. After a couple of consecutive league substitutions, the &#039;Shark&#039; scored a hat-trick\" \/>\n<meta name=\"robots\" content=\"index, follow, max-snippet:-1, max-image-preview:large, max-video-preview:-1\" \/>\n<link rel=\"canonical\" href=\"https:\/\/www.fcbarcelonanoticias.com\/en\/laliga\/ferran-torres-on-fire-second-hat-trick-against-betis_315440_102.html\" \/>\n<meta property=\"og:locale\" content=\"en_US\" \/>\n<meta property=\"og:type\" content=\"article\" \/>\n<meta property=\"og:title\" content=\"Ferran Torres on fire: second hat-trick against Betis\" \/>\n<meta property=\"og:description\" content=\"Ferran Torres returned to Bar\u00e7a&#039;s starting XI against Betis in grand style. After a couple of consecutive league substitutions, the &#039;Shark&#039; scored a hat-trick\" \/>\n<meta property=\"og:url\" content=\"https:\/\/www.fcbarcelonanoticias.com\/en\/laliga\/ferran-torres-on-fire-second-hat-trick-against-betis_315440_102.html\" \/>\n<meta property=\"og:site_name\" content=\"EN - FC Barcelona Noticias\" \/>\n<meta property=\"article:published_time\" content=\"2025-12-06T19:06:00+00:00\" \/>\n<meta property=\"article:modified_time\" content=\"2026-04-16T07:19:22+00:00\" \/>\n<meta property=\"og:image\" content=\"https:\/\/www.fcbarcelonanoticias.com\/en\/wp-content\/uploads\/sites\/2\/2025\/12\/ferran-torres-v-betis-laliga-25-26.jpeg\" \/>\n\t<meta property=\"og:image:width\" content=\"1200\" \/>\n\t<meta property=\"og:image:height\" content=\"675\" \/>\n\t<meta property=\"og:image:type\" content=\"image\/jpeg\" \/>\n<meta name=\"author\" content=\"Andr\u00e9s Quiroz\" \/>\n<meta name=\"twitter:card\" content=\"summary_large_image\" \/>\n<meta name=\"twitter:label1\" content=\"Written by\" \/>\n\t<meta name=\"twitter:data1\" content=\"Andr\u00e9s Quiroz\" \/>\n\t<meta name=\"twitter:label2\" content=\"Est. reading time\" \/>\n\t<meta name=\"twitter:data2\" content=\"2 minutes\" \/>\n<script type=\"application\/ld+json\" class=\"yoast-schema-graph\">{\"@context\":\"https:\\\/\\\/schema.org\",\"@graph\":[{\"@type\":\"Article\",\"@id\":\"https:\\\/\\\/www.fcbarcelonanoticias.com\\\/en\\\/laliga\\\/ferran-torres-on-fire-second-hat-trick-against-betis_315440_102.html#article\",\"isPartOf\":{\"@id\":\"https:\\\/\\\/www.fcbarcelonanoticias.com\\\/en\\\/laliga\\\/ferran-torres-on-fire-second-hat-trick-against-betis_315440_102.html\"},\"author\":{\"name\":\"Andr\u00e9s Quiroz\",\"@id\":\"https:\\\/\\\/www.fcbarcelonanoticias.com\\\/en\\\/#\\\/schema\\\/person\\\/c2cd9f6fa1af5c0d0eccd0fefa575c88\"},\"headline\":\"Ferran Torres on fire: hat-trick and 13 goals with Bar\u00e7a in 25\\\/26\",\"datePublished\":\"2025-12-06T19:06:00+00:00\",\"dateModified\":\"2026-04-16T07:19:22+00:00\",\"mainEntityOfPage\":{\"@id\":\"https:\\\/\\\/www.fcbarcelonanoticias.com\\\/en\\\/laliga\\\/ferran-torres-on-fire-second-hat-trick-against-betis_315440_102.html\"},\"wordCount\":452,\"image\":{\"@id\":\"https:\\\/\\\/www.fcbarcelonanoticias.com\\\/en\\\/laliga\\\/ferran-torres-on-fire-second-hat-trick-against-betis_315440_102.html#primaryimage\"},\"thumbnailUrl\":\"https:\\\/\\\/www.fcbarcelonanoticias.com\\\/en\\\/wp-content\\\/uploads\\\/sites\\\/2\\\/2025\\\/12\\\/ferran-torres-v-betis-laliga-25-26.jpeg\",\"keywords\":[\"FC Barcelona vs Betis\",\"Ferran Torres\",\"Ferran Torres\",\"MVP FC Barcelona\",\"Statistics\"],\"articleSection\":[\"LaLiga\",\"LaLiga\"],\"inLanguage\":\"en-US\"},{\"@type\":\"WebPage\",\"@id\":\"https:\\\/\\\/www.fcbarcelonanoticias.com\\\/en\\\/laliga\\\/ferran-torres-on-fire-second-hat-trick-against-betis_315440_102.html\",\"url\":\"https:\\\/\\\/www.fcbarcelonanoticias.com\\\/en\\\/laliga\\\/ferran-torres-on-fire-second-hat-trick-against-betis_315440_102.html\",\"name\":\"Ferran Torres on fire: second hat-trick against Betis\",\"isPartOf\":{\"@id\":\"https:\\\/\\\/www.fcbarcelonanoticias.com\\\/en\\\/#website\"},\"primaryImageOfPage\":{\"@id\":\"https:\\\/\\\/www.fcbarcelonanoticias.com\\\/en\\\/laliga\\\/ferran-torres-on-fire-second-hat-trick-against-betis_315440_102.html#primaryimage\"},\"image\":{\"@id\":\"https:\\\/\\\/www.fcbarcelonanoticias.com\\\/en\\\/laliga\\\/ferran-torres-on-fire-second-hat-trick-against-betis_315440_102.html#primaryimage\"},\"thumbnailUrl\":\"https:\\\/\\\/www.fcbarcelonanoticias.com\\\/en\\\/wp-content\\\/uploads\\\/sites\\\/2\\\/2025\\\/12\\\/ferran-torres-v-betis-laliga-25-26.jpeg\",\"datePublished\":\"2025-12-06T19:06:00+00:00\",\"dateModified\":\"2026-04-16T07:19:22+00:00\",\"author\":{\"@id\":\"https:\\\/\\\/www.fcbarcelonanoticias.com\\\/en\\\/#\\\/schema\\\/person\\\/c2cd9f6fa1af5c0d0eccd0fefa575c88\"},\"description\":\"Ferran Torres returned to Bar\u00e7a's starting XI against Betis in grand style. After a couple of consecutive league substitutions, the 'Shark' scored a hat-trick\",\"breadcrumb\":{\"@id\":\"https:\\\/\\\/www.fcbarcelonanoticias.com\\\/en\\\/laliga\\\/ferran-torres-on-fire-second-hat-trick-against-betis_315440_102.html#breadcrumb\"},\"inLanguage\":\"en-US\",\"potentialAction\":[{\"@type\":\"ReadAction\",\"target\":[\"https:\\\/\\\/www.fcbarcelonanoticias.com\\\/en\\\/laliga\\\/ferran-torres-on-fire-second-hat-trick-against-betis_315440_102.html\"]}]},{\"@type\":\"ImageObject\",\"inLanguage\":\"en-US\",\"@id\":\"https:\\\/\\\/www.fcbarcelonanoticias.com\\\/en\\\/laliga\\\/ferran-torres-on-fire-second-hat-trick-against-betis_315440_102.html#primaryimage\",\"url\":\"https:\\\/\\\/www.fcbarcelonanoticias.com\\\/en\\\/wp-content\\\/uploads\\\/sites\\\/2\\\/2025\\\/12\\\/ferran-torres-v-betis-laliga-25-26.jpeg\",\"contentUrl\":\"https:\\\/\\\/www.fcbarcelonanoticias.com\\\/en\\\/wp-content\\\/uploads\\\/sites\\\/2\\\/2025\\\/12\\\/ferran-torres-v-betis-laliga-25-26.jpeg\",\"width\":1200,\"height\":675},{\"@type\":\"BreadcrumbList\",\"@id\":\"https:\\\/\\\/www.fcbarcelonanoticias.com\\\/en\\\/laliga\\\/ferran-torres-on-fire-second-hat-trick-against-betis_315440_102.html#breadcrumb\",\"itemListElement\":[{\"@type\":\"ListItem\",\"position\":1,\"name\":\"Portada\",\"item\":\"https:\\\/\\\/www.fcbarcelonanoticias.com\\\/en\\\/\"},{\"@type\":\"ListItem\",\"position\":2,\"name\":\"Ferran Torres on fire: hat-trick and 13 goals with Bar\u00e7a in 25\\\/26\"}]},{\"@type\":\"WebSite\",\"@id\":\"https:\\\/\\\/www.fcbarcelonanoticias.com\\\/en\\\/#website\",\"url\":\"https:\\\/\\\/www.fcbarcelonanoticias.com\\\/en\\\/\",\"name\":\"EN - FC Barcelona Noticias\",\"description\":\"\",\"potentialAction\":[{\"@type\":\"SearchAction\",\"target\":{\"@type\":\"EntryPoint\",\"urlTemplate\":\"https:\\\/\\\/www.fcbarcelonanoticias.com\\\/en\\\/?s={search_term_string}\"},\"query-input\":{\"@type\":\"PropertyValueSpecification\",\"valueRequired\":true,\"valueName\":\"search_term_string\"}}],\"inLanguage\":\"en-US\"},{\"@type\":\"Person\",\"@id\":\"https:\\\/\\\/www.fcbarcelonanoticias.com\\\/en\\\/#\\\/schema\\\/person\\\/c2cd9f6fa1af5c0d0eccd0fefa575c88\",\"name\":\"Andr\u00e9s Quiroz\",\"image\":{\"@type\":\"ImageObject\",\"inLanguage\":\"en-US\",\"@id\":\"https:\\\/\\\/secure.gravatar.com\\\/avatar\\\/?s=96&d=mm&r=g\",\"url\":\"https:\\\/\\\/secure.gravatar.com\\\/avatar\\\/?s=96&d=mm&r=g\",\"contentUrl\":\"https:\\\/\\\/secure.gravatar.com\\\/avatar\\\/?s=96&d=mm&r=g\",\"caption\":\"Andr\u00e9s Quiroz\"},\"description\":\"Licenciado en Periodismo por la Universidad de los Andes. Me encargo de analizar y compartir los contenidos m\u00e1s destacados de la\u00a0actualidad del F\u00fatbol Club Barcelona, Mercado de Fichajes y F\u00fatbol Internacional en FCBN. La informaci\u00f3n es poder, pero tambi\u00e9n conocimiento.\",\"url\":\"https:\\\/\\\/www.fcbarcelonanoticias.com\\\/en\\\/fc-barcelona\\\/andres-quiroz_17_115.html\"}]}<\/script>\n<!-- \/ Yoast SEO plugin. -->","yoast_head_json":{"title":"Ferran Torres on fire: second hat-trick against Betis","description":"Ferran Torres returned to Bar\u00e7a's starting XI against Betis in grand style. After a couple of consecutive league substitutions, the 'Shark' scored a hat-trick","robots":{"index":"index","follow":"follow","max-snippet":"max-snippet:-1","max-image-preview":"max-image-preview:large","max-video-preview":"max-video-preview:-1"},"canonical":"https:\/\/www.fcbarcelonanoticias.com\/en\/laliga\/ferran-torres-on-fire-second-hat-trick-against-betis_315440_102.html","og_locale":"en_US","og_type":"article","og_title":"Ferran Torres on fire: second hat-trick against Betis","og_description":"Ferran Torres returned to Bar\u00e7a's starting XI against Betis in grand style. After a couple of consecutive league substitutions, the 'Shark' scored a hat-trick","og_url":"https:\/\/www.fcbarcelonanoticias.com\/en\/laliga\/ferran-torres-on-fire-second-hat-trick-against-betis_315440_102.html","og_site_name":"EN - FC Barcelona Noticias","article_published_time":"2025-12-06T19:06:00+00:00","article_modified_time":"2026-04-16T07:19:22+00:00","og_image":[{"width":1200,"height":675,"url":"https:\/\/www.fcbarcelonanoticias.com\/en\/wp-content\/uploads\/sites\/2\/2025\/12\/ferran-torres-v-betis-laliga-25-26.jpeg","type":"image\/jpeg"}],"author":"Andr\u00e9s Quiroz","twitter_card":"summary_large_image","twitter_misc":{"Written by":"Andr\u00e9s Quiroz","Est. reading time":"2 minutes"},"schema":{"@context":"https:\/\/schema.org","@graph":[{"@type":"Article","@id":"https:\/\/www.fcbarcelonanoticias.com\/en\/laliga\/ferran-torres-on-fire-second-hat-trick-against-betis_315440_102.html#article","isPartOf":{"@id":"https:\/\/www.fcbarcelonanoticias.com\/en\/laliga\/ferran-torres-on-fire-second-hat-trick-against-betis_315440_102.html"},"author":{"name":"Andr\u00e9s Quiroz","@id":"https:\/\/www.fcbarcelonanoticias.com\/en\/#\/schema\/person\/c2cd9f6fa1af5c0d0eccd0fefa575c88"},"headline":"Ferran Torres on fire: hat-trick and 13 goals with Bar\u00e7a in 25\/26","datePublished":"2025-12-06T19:06:00+00:00","dateModified":"2026-04-16T07:19:22+00:00","mainEntityOfPage":{"@id":"https:\/\/www.fcbarcelonanoticias.com\/en\/laliga\/ferran-torres-on-fire-second-hat-trick-against-betis_315440_102.html"},"wordCount":452,"image":{"@id":"https:\/\/www.fcbarcelonanoticias.com\/en\/laliga\/ferran-torres-on-fire-second-hat-trick-against-betis_315440_102.html#primaryimage"},"thumbnailUrl":"https:\/\/www.fcbarcelonanoticias.com\/en\/wp-content\/uploads\/sites\/2\/2025\/12\/ferran-torres-v-betis-laliga-25-26.jpeg","keywords":["FC Barcelona vs Betis","Ferran Torres","Ferran Torres","MVP FC Barcelona","Statistics"],"articleSection":["LaLiga","LaLiga"],"inLanguage":"en-US"},{"@type":"WebPage","@id":"https:\/\/www.fcbarcelonanoticias.com\/en\/laliga\/ferran-torres-on-fire-second-hat-trick-against-betis_315440_102.html","url":"https:\/\/www.fcbarcelonanoticias.com\/en\/laliga\/ferran-torres-on-fire-second-hat-trick-against-betis_315440_102.html","name":"Ferran Torres on fire: second hat-trick against Betis","isPartOf":{"@id":"https:\/\/www.fcbarcelonanoticias.com\/en\/#website"},"primaryImageOfPage":{"@id":"https:\/\/www.fcbarcelonanoticias.com\/en\/laliga\/ferran-torres-on-fire-second-hat-trick-against-betis_315440_102.html#primaryimage"},"image":{"@id":"https:\/\/www.fcbarcelonanoticias.com\/en\/laliga\/ferran-torres-on-fire-second-hat-trick-against-betis_315440_102.html#primaryimage"},"thumbnailUrl":"https:\/\/www.fcbarcelonanoticias.com\/en\/wp-content\/uploads\/sites\/2\/2025\/12\/ferran-torres-v-betis-laliga-25-26.jpeg","datePublished":"2025-12-06T19:06:00+00:00","dateModified":"2026-04-16T07:19:22+00:00","author":{"@id":"https:\/\/www.fcbarcelonanoticias.com\/en\/#\/schema\/person\/c2cd9f6fa1af5c0d0eccd0fefa575c88"},"description":"Ferran Torres returned to Bar\u00e7a's starting XI against Betis in grand style. After a couple of consecutive league substitutions, the 'Shark' scored a hat-trick","breadcrumb":{"@id":"https:\/\/www.fcbarcelonanoticias.com\/en\/laliga\/ferran-torres-on-fire-second-hat-trick-against-betis_315440_102.html#breadcrumb"},"inLanguage":"en-US","potentialAction":[{"@type":"ReadAction","target":["https:\/\/www.fcbarcelonanoticias.com\/en\/laliga\/ferran-torres-on-fire-second-hat-trick-against-betis_315440_102.html"]}]},{"@type":"ImageObject","inLanguage":"en-US","@id":"https:\/\/www.fcbarcelonanoticias.com\/en\/laliga\/ferran-torres-on-fire-second-hat-trick-against-betis_315440_102.html#primaryimage","url":"https:\/\/www.fcbarcelonanoticias.com\/en\/wp-content\/uploads\/sites\/2\/2025\/12\/ferran-torres-v-betis-laliga-25-26.jpeg","contentUrl":"https:\/\/www.fcbarcelonanoticias.com\/en\/wp-content\/uploads\/sites\/2\/2025\/12\/ferran-torres-v-betis-laliga-25-26.jpeg","width":1200,"height":675},{"@type":"BreadcrumbList","@id":"https:\/\/www.fcbarcelonanoticias.com\/en\/laliga\/ferran-torres-on-fire-second-hat-trick-against-betis_315440_102.html#breadcrumb","itemListElement":[{"@type":"ListItem","position":1,"name":"Portada","item":"https:\/\/www.fcbarcelonanoticias.com\/en\/"},{"@type":"ListItem","position":2,"name":"Ferran Torres on fire: hat-trick and 13 goals with Bar\u00e7a in 25\/26"}]},{"@type":"WebSite","@id":"https:\/\/www.fcbarcelonanoticias.com\/en\/#website","url":"https:\/\/www.fcbarcelonanoticias.com\/en\/","name":"EN - FC Barcelona Noticias","description":"","potentialAction":[{"@type":"SearchAction","target":{"@type":"EntryPoint","urlTemplate":"https:\/\/www.fcbarcelonanoticias.com\/en\/?s={search_term_string}"},"query-input":{"@type":"PropertyValueSpecification","valueRequired":true,"valueName":"search_term_string"}}],"inLanguage":"en-US"},{"@type":"Person","@id":"https:\/\/www.fcbarcelonanoticias.com\/en\/#\/schema\/person\/c2cd9f6fa1af5c0d0eccd0fefa575c88","name":"Andr\u00e9s Quiroz","image":{"@type":"ImageObject","inLanguage":"en-US","@id":"https:\/\/secure.gravatar.com\/avatar\/?s=96&d=mm&r=g","url":"https:\/\/secure.gravatar.com\/avatar\/?s=96&d=mm&r=g","contentUrl":"https:\/\/secure.gravatar.com\/avatar\/?s=96&d=mm&r=g","caption":"Andr\u00e9s Quiroz"},"description":"Licenciado en Periodismo por la Universidad de los Andes. Me encargo de analizar y compartir los contenidos m\u00e1s destacados de la\u00a0actualidad del F\u00fatbol Club Barcelona, Mercado de Fichajes y F\u00fatbol Internacional en FCBN. La informaci\u00f3n es poder, pero tambi\u00e9n conocimiento.","url":"https:\/\/www.fcbarcelonanoticias.com\/en\/fc-barcelona\/andres-quiroz_17_115.html"}]}},"_links":{"self":[{"href":"https:\/\/www.fcbarcelonanoticias.com\/en\/wp-json\/wp\/v2\/posts\/54406","targetHints":{"allow":["GET"]}}],"collection":[{"href":"https:\/\/www.fcbarcelonanoticias.com\/en\/wp-json\/wp\/v2\/posts"}],"about":[{"href":"https:\/\/www.fcbarcelonanoticias.com\/en\/wp-json\/wp\/v2\/types\/post"}],"author":[{"embeddable":true,"href":"https:\/\/www.fcbarcelonanoticias.com\/en\/wp-json\/wp\/v2\/users\/347"}],"replies":[{"embeddable":true,"href":"https:\/\/www.fcbarcelonanoticias.com\/en\/wp-json\/wp\/v2\/comments?post=54406"}],"version-history":[{"count":2,"href":"https:\/\/www.fcbarcelonanoticias.com\/en\/wp-json\/wp\/v2\/posts\/54406\/revisions"}],"predecessor-version":[{"id":171974,"href":"https:\/\/www.fcbarcelonanoticias.com\/en\/wp-json\/wp\/v2\/posts\/54406\/revisions\/171974"}],"wp:featuredmedia":[{"embeddable":true,"href":"https:\/\/www.fcbarcelonanoticias.com\/en\/wp-json\/wp\/v2\/media\/50440"}],"wp:attachment":[{"href":"https:\/\/www.fcbarcelonanoticias.com\/en\/wp-json\/wp\/v2\/media?parent=54406"}],"wp:term":[{"taxonomy":"category","embeddable":true,"href":"https:\/\/www.fcbarcelonanoticias.com\/en\/wp-json\/wp\/v2\/categories?post=54406"},{"taxonomy":"post_tag","embeddable":true,"href":"https:\/\/www.fcbarcelonanoticias.com\/en\/wp-json\/wp\/v2\/tags?post=54406"}],"curies":[{"name":"wp","href":"https:\/\/api.w.org\/{rel}","templated":true}]}}