{"id":54417,"date":"2025-10-17T17:10:00","date_gmt":"2025-10-17T15:10:00","guid":{"rendered":"https:\/\/weisetech.dev\/fc-barcelona-noticias\/en\/fc-barcelona-will-host-girona-with-7-players-out-injured_315038_102\/"},"modified":"2026-04-06T20:27:25","modified_gmt":"2026-04-06T18:27:25","slug":"fc-barcelona-will-host-girona-with-7-players-out-injured_315038_102","status":"publish","type":"post","link":"https:\/\/www.fcbarcelonanoticias.com\/en\/laliga\/fc-barcelona-will-host-girona-with-7-players-out-injured_315038_102.html","title":{"rendered":"INJURIES: This is Barcelona&#8217;s injury situation against Girona"},"content":{"rendered":"<h2 class=\"wp-block-heading\">Bar\u00e7a confirmed on Friday that Ferran Torres would be out for Matchday 9 of La Liga against Girona as a precaution. In total, 7 Bar\u00e7a players will miss the match in Montju\u00efc<\/h2>  \r\n<div class=\"article-addons\">\r\n    <a href=\"https:\/\/www.fcbarcelonanoticias.com\/en\/calendar-fc-barcelona.html\"\r\n       target=\"_self\"\r\n       title=\"Calendar of FC Barcelona\"\r\n       class=\"blue-gredient-btn\">\r\n       \r\n        Calendar of FC Barcelona    <\/a>\r\n<\/div>   <p><strong>Hansi Flick<\/strong> will not be able to count on <a data-external=\"0\" data-intl-links-en=\"https:\/\/www.fcbarcelonanoticias.com\/en\/laliga\/ferran-torres-ruled-out-against-girona-find-out-why_315037_102.html\" data-intl-links-es=\"https:\/\/www.fcbarcelonanoticias.com\/laliga\/ferran-torres-descartado-contra-girona-fc-barcelona-confirma-motivo-baja_315037_102.html\" href=\"https:\/\/www.fcbarcelonanoticias.com\/en\/laliga\/ferran-torres-ruled-out-against-girona-find-out-why_315037_102.html\" rel=\"follow\" target=\"_self\" title=\"Ferran Torres descartado contra Girona: el Bar\u00e7a confirma el motivo de su baja\">Ferran Torres<\/a> and six other <strong>FC Barcelona<\/strong> players for the match against <strong>Girona<\/strong> on Saturday (16:15 CEST) at Montju\u00efc. The &#8216;Shark&#8217; will be out for matchday 9 of <strong>LaLiga EA Sports<\/strong> &#8220;as a precaution&#8221; due to a muscle overload suffered during his time with Spain in the FIFA international break.<\/p>  <p>The absence of the &#8216;7&#8217; adds to the absences of <strong>Raphinha<\/strong> and <strong>Robert Lewandowski<\/strong>, meaning Bar\u00e7a will lose 3 of their 6 forwards for the derby against M\u00edchel&#8217;s side. <a data-external=\"0\" data-intl-links-en=\"https:\/\/www.fcbarcelonanoticias.com\/en\/fc-barcelona\/raphinha-could-reappear-in-barca-olympiacos-champions-league-match_315014_102.html\" data-intl-links-es=\"https:\/\/www.fcbarcelonanoticias.com\/fc-barcelona\/regreso-raphinha-podria-tardar-semana-mas-estara-olympiacos_315014_102.html\" href=\"https:\/\/www.fcbarcelonanoticias.com\/en\/fc-barcelona\/raphinha-could-reappear-in-barca-olympiacos-champions-league-match_315014_102.html\" rel=\"follow\" target=\"_self\" title=\"El regreso de Raphinha podr\u00eda tardar una semana m\u00e1s: \u00bfestar\u00e1 ante Olympiacos?\">The Brazilian has been out for three weeks<\/a> with a right femoral biceps injury suffered in Oviedo and hopes to return against Olympiacos on Tuesday or, failing that, on Sunday against Real Madrid.<\/p>  <h2>Lamine Yamal and Ferm\u00edn L\u00f3pez will return against Girona<\/h2>  <div class=\"media media-image\" data-ck-asset-wrapper=\"\"> <div class=\"media-item\"> <img loading=\"lazy\" decoding=\"async\" alt=\"Lamine and Ferm\u00edn return to training with the Bar\u00e7a squad\" data-id=\"1526595\" data-resize=\"9\" height=\"563\" src=\"https:\/\/www.fcbarcelonanoticias.com\/wp-content\/uploads\/sites\/2\/2025\/10\/fcbn-ac9e586b0ee93b2f869055eebe171bd1.webp\" title=\"Lamine and Ferm\u00edn return to training with the Bar\u00e7a squad\" width=\"1000\"><div class=\"media-title\">Lamine and Ferm\u00edn return to training with the Bar\u00e7a squad<\/div> <\/div> <\/div>  <p>With Ferran, &#8216;Lewy,&#8217; and Rapha injured, Flick will only have <strong>Marcus Rashford<\/strong> and <strong>Roony Bardghji<\/strong> fit to start. <a data-external=\"0\" data-intl-links-en=\"https:\/\/www.fcbarcelonanoticias.com\/en\/laliga\/1st-goal-in-laliga-rashford-revitalized-barcelona-against-sevilla_314946_102.html\" data-intl-links-es=\"https:\/\/www.fcbarcelonanoticias.com\/laliga\/primer-gol-laliga-rashford-desconto-barcelona-sevilla_314946_102.html\" href=\"https:\/\/www.fcbarcelonanoticias.com\/en\/laliga\/1st-goal-in-laliga-rashford-revitalized-barcelona-against-sevilla_314946_102.html\" rel=\"follow\" target=\"_self\" title=\"Rashford's first goal in LaLiga! Stats of Bar\u00e7a's number 14\">The Englishman is the team&#8217;s most in-form forward<\/a>, with 3 goals and 5 assists in the last 7 matches. The Swede, meanwhile, is still looking for his first official goal in the Bar\u00e7a jersey.<\/p>  <p>The coaching staff, however, will have <strong>Lamine Yamal <\/strong>and <strong>Ferm\u00edn L\u00f3pez<\/strong> back against Girona. The player from Huelva missed the last 4 games due to <a data-external=\"0\" data-intl-links-en=\"https:\/\/www.fcbarcelonanoticias.com\/en\/fc-barcelona\/fermin-lopez-ko-how-long-will-midfielder-be-out_314785_102.html\" data-intl-links-es=\"https:\/\/www.fcbarcelonanoticias.com\/fc-barcelona\/fermin-lopez-ko-barcelona-confirma-tiempo-baja-mediapunta_314785_102.html\" href=\"https:\/\/www.fcbarcelonanoticias.com\/en\/fc-barcelona\/fermin-lopez-ko-how-long-will-midfielder-be-out_314785_102.html\" rel=\"follow\" target=\"_self\" title=\"Ferm\u00edn L\u00f3pez KO: el Barcelona confirma el tiempo de baja del mediapunta\">an injury to his left iliopsoas muscle<\/a>, but he could play at least 45 minutes (unlikely from the start) on Saturday.<\/p>  <p>Lamine, meanwhile, relapsed from <a data-external=\"0\" data-intl-links-en=\"https:\/\/www.fcbarcelonanoticias.com\/en\/fc-barcelona\/barcelona-plan-for-lamine-yamal-recovery_314975_102.html\" data-intl-links-es=\"https:\/\/www.fcbarcelonanoticias.com\/fc-barcelona\/plan-barcelona-con-recuperacion-lamine-yamal-cuanto-volvera-jugar_314975_102.html\" href=\"https:\/\/www.fcbarcelonanoticias.com\/en\/fc-barcelona\/barcelona-plan-for-lamine-yamal-recovery_314975_102.html\" rel=\"follow\" target=\"_self\" title=\"El plan del Bar\u00e7a con la recuperaci\u00f3n de Lamine Yamal: \u00bfcu\u00e1ndo volver\u00e1 a jugar?\">his discomfort in the pubis<\/a> after the Champions League match against Paris Saint-Germain and is also expected to add minutes in the second half, thinking about arriving at full strength against Olympiacos and Real Madrid.&nbsp;<\/p>  <p>With the winger and attacking midfielder available on the bench, Flick could opt for <strong>&#8216;Dro&#8217; Fern\u00e1ndez<\/strong> (he started against Real Sociedad) and <strong>Toni Fern\u00e1ndez<\/strong> in the starting XI, the latter having been called up for 10 first-team matches, but still without any minutes in 25\/26.<\/p>  <ul> <li>\ud83d\udc49 Follow the complete coverage of <strong><a data-external=\"0\" data-intl-links-en=\"https:\/\/www.fcbarcelonanoticias.com\/en\/laliga.html\" data-intl-links-es=\"https:\/\/www.fcbarcelonanoticias.com\/laliga.html\" href=\"https:\/\/www.fcbarcelonanoticias.com\/en\/laliga.html\" rel=\"follow\" target=\"_self\" title=\"LaLiga\">LaLiga EA Sports 2025-26<\/a><\/strong> in FC Barcelona Noticias<\/li> <\/ul> <h2>Olmo, Lewandowski, and Joan Garc\u00eda Aim for November<\/h2>  <p>In that sense, the two confirmed absences during the break, <a data-external=\"0\" data-intl-links-en=\"https:\/\/www.fcbarcelonanoticias.com\/en\/fc-barcelona\/dani-olmo-will-return-to-barcelona-due-to-calf-injury_314992_102.html\" data-intl-links-es=\"https:\/\/www.fcbarcelonanoticias.com\/fc-barcelona\/dani-olmo-ko-egarense-sufre-lesion-gemelo-izquierdo_314992_102.html\" href=\"https:\/\/www.fcbarcelonanoticias.com\/en\/fc-barcelona\/dani-olmo-will-return-to-barcelona-due-to-calf-injury_314992_102.html\" rel=\"follow\" target=\"_self\" title=\"Dani Olmo KO: Comunicado M\u00e9dico del Barcelona confirma su lesi\u00f3n\">Dani Olmo<\/a> and <a data-external=\"0\" data-intl-links-en=\"https:\/\/www.fcbarcelonanoticias.com\/en\/fc-barcelona\/lewandowski-injured-how-many-games-will-9-miss_315020_102.html\" data-intl-links-es=\"https:\/\/www.fcbarcelonanoticias.com\/fc-barcelona\/lewandowski-lesionado-cuantos-partidos-se-perdera-9_315020_102.html\" href=\"https:\/\/www.fcbarcelonanoticias.com\/en\/fc-barcelona\/lewandowski-injured-how-many-games-will-9-miss_315020_102.html\" rel=\"follow\" target=\"_self\" title=\"\u00a1Lewandowski lesionado! \u00bfCu\u00e1ntos partidos se perder\u00e1 el '9'?\">Robert Lewandowski<\/a>, should return in early and\/or mid-November, respectively. The attacking midfielder is expected to be out for about 3 weeks due to a muscle injury in the soleus of his left leg, and his absence next Sunday against Real Madrid is almost certain.<\/p>  <p>&#8216;Lewy&#8217;, meanwhile, will be out for around a month after suffering a muscle tear in the biceps femoris of his left thigh. The Pole has been the subject of much criticism for playing &#8216;hurt&#8217; with his national team against Lithuania, a match where he scored in the second half.<\/p>  <p>For his part, <strong><a data-external=\"0\" data-intl-links-en=\"https:\/\/www.fcbarcelonanoticias.com\/en\/fc-barcelona\/joan-garcia-and-his-recovery-ruled-out-for-clasico_314997_102.html\" data-intl-links-es=\"https:\/\/www.fcbarcelonanoticias.com\/fc-barcelona\/joan-garcia-pone-fecha-su-regreso-con-barca-jugara-clasico_314997_102.html\" href=\"https:\/\/www.fcbarcelonanoticias.com\/en\/fc-barcelona\/joan-garcia-and-his-recovery-ruled-out-for-clasico_314997_102.html\" rel=\"follow\" target=\"_self\" title=\"Joan Garc\u00eda pone fecha a su regreso con el Bar\u00e7a: \u00bfjugar\u00e1 el Cl\u00e1sico?\">Joan Garc\u00eda<\/a><\/strong> is also aiming for a return in November, perhaps after the break. The goalkeeper underwent surgery for a <strong>ruptured internal meniscus in his left knee<\/strong> on September 28, and his recovery time was estimated at 4 to 6 weeks.<\/p>  <p>The player from Sallent is practically ruled out for the Cl\u00e1sico on October 26, and <strong>Wojciech Szczesny<\/strong> will remain the starter, with <strong>Diego Kochen<\/strong> and <strong>Eder Aller<\/strong> as alternatives on the bench.<\/p>  <h2>Gavi and Ter Stegen Should Reappear in 2026 with Bar\u00e7a<\/h2>  <p><a data-external=\"0\" data-intl-links-en=\"https:\/\/www.fcbarcelonanoticias.com\/en\/fc-barcelona\/gavi-breaks-down-ko-for-4-5-months-with-flick-barcelona_314804_102.html\" data-intl-links-es=\"https:\/\/www.fcbarcelonanoticias.com\/fc-barcelona\/gavi-sera-baja-hasta-2026-barcelona-confirma-peores-presagios_314804_102.html\" href=\"https:\/\/www.fcbarcelonanoticias.com\/en\/fc-barcelona\/gavi-breaks-down-ko-for-4-5-months-with-flick-barcelona_314804_102.html\" rel=\"follow\" target=\"_self\" title=\"Gavi ser\u00e1 baja hasta 2026: el Barcelona confirma los peores presagios\">Pablo Gavi<\/a>, however, will be out until February-March 2026, as his surgery on the right meniscus required a suture that may take 4 to 5 months to heal.&nbsp;<\/p>  <p><a data-external=\"0\" data-intl-links-en=\"https:\/\/www.fcbarcelonanoticias.com\/en\/transfers\/ter-stegen-imminent-return-and-uncertain-future-in-barcelona_315034_102.html\" data-intl-links-es=\"https:\/\/www.fcbarcelonanoticias.com\/fichajes\/ter-stegen-confia-recibir-alta-medica-este-ano-no-piensa-dejar-barcelona_315034_102.html\" href=\"https:\/\/www.fcbarcelonanoticias.com\/en\/transfers\/ter-stegen-imminent-return-and-uncertain-future-in-barcelona_315034_102.html\" rel=\"follow\" target=\"_self\" title=\"Ter Stegen conf\u00eda en recibir el alta m\u00e9dica este a\u00f1o y no piensa dejar Barcelona\">Marc-Andr\u00e9 ter Stegen<\/a>, in turn, could also reappear as late as January, once he completes the recovery time from his back surgery. However, the German does not rule out receiving medical discharge this year, as he has been progressing very well from the operation. When he returns, the &#8216;1&#8217; will be the third Bar\u00e7a goalkeeper and his future is totally uncertain.<\/p>  <table align=\"center\" border=\"1\" cellpadding=\"1\" cellspacing=\"1\" style=\"width:100%;\"> <caption>BAR\u00c7A INJURED PLAYERS &#8211; OCTOBER 2025<\/caption> \t<thead><tr> <th scope=\"col\">PLAYER<\/th> \t\t\t<th scope=\"col\">INJURY<\/th> \t\t\t<th scope=\"col\">ESTIMATED RETURN<\/th> \t\t<\/tr><\/thead> <tbody> <tr> <td style=\"text-align: center;\">Ter Stegen<\/td> \t\t\t<td style=\"text-align: center;\">Surgery for lower back problems<\/td> \t\t\t<td style=\"text-align: center;\">January 2026<\/td> \t\t<\/tr> <tr> <td style=\"text-align: center;\">Gavi<\/td> \t\t\t<td style=\"text-align: center;\">Surgery for a right meniscus injury<\/td> \t\t\t<td style=\"text-align: center;\">February 2026<\/td> \t\t<\/tr> <tr> <td style=\"text-align: center;\">Raphinha<\/td> \t\t\t<td style=\"text-align: center;\">Right hamstring injury<\/td> \t\t\t<td style=\"text-align: center;\">October 21-26<\/td> \t\t<\/tr> <tr> <td style=\"text-align: center;\">Joan Garc\u00eda<\/td> \t\t\t<td style=\"text-align: center;\">Surgery for a left meniscus injury<\/td> \t\t\t<td style=\"text-align: center;\">November 2025<\/td> \t\t<\/tr> <tr> <td style=\"text-align: center;\">Dani Olmo<\/td> \t\t\t<td style=\"text-align: center;\">Left calf injury<\/td> \t\t\t<td style=\"text-align: center;\">November 2025<\/td> \t\t<\/tr> <tr> <td style=\"text-align: center;\">Lewandowski<\/td> \t\t\t<td style=\"text-align: center;\">Muscle tear in the left hamstring<\/td> \t\t\t<td style=\"text-align: center;\">November 2025<\/td> \t\t<\/tr> <tr> <td style=\"text-align: center;\">Ferran Torres<\/td> \t\t\t<td style=\"text-align: center;\">Discomfort in the left thigh<\/td> \t\t\t<td style=\"text-align: center;\">October 21<\/td> \t\t<\/tr> <\/tbody> <\/table> <ul> <li>In&nbsp;<strong>FC Barcelona Noticias<\/strong>&nbsp;we tell you every detail of the Bar\u00e7a news and the&nbsp;<strong><a data-external=\"0\" data-intl-links-en=\"https:\/\/www.fcbarcelonanoticias.com\/en\/tags\/injured\" data-intl-links-es=\"https:\/\/www.fcbarcelonanoticias.com\/tags\/lesionados\" href=\"https:\/\/www.fcbarcelonanoticias.com\/en\/tags\/injured.html\" rel=\"follow\" target=\"_self\" title=\"Lesionados\">evolution of all the injured players<\/a><\/strong> <\/li> <\/ul> ","protected":false},"excerpt":{"rendered":"<p>Bar\u00e7a confirmed on Friday that Ferran Torres would be out for Matchday 9 of La Liga against Girona as a precaution. In total, 7 Bar\u00e7a players will miss the match in Montju\u00efc Hansi Flick will not be able to count on Ferran Torres and six other FC Barcelona players for the match against Girona on [&hellip;]<\/p>\n","protected":false},"author":347,"featured_media":54419,"comment_status":"closed","ping_status":"open","sticky":false,"template":"","format":"standard","meta":{"_acf_changed":false,"inline_featured_image":false,"_nextfly_llmd_date_locked":false,"footnotes":""},"categories":[444,440,438,114,448,442],"tags":[275,57,195,187,87,136,185,144,152,188],"class_list":["post-54417","post","type-post","status-publish","format-standard","has-post-thumbnail","hentry","category-dani-olmo","category-gavi","category-joan-garcia","category-laliga","category-laliga-2","category-ter-stegen","tag-dani-olmo","tag-barcelona-vs-girona","tag-ferran-torres","tag-gavi","tag-hansi-flick","tag-injured","tag-joan-garcia","tag-raphinha","tag-robert-lewandowski","tag-ter-stegen"],"acf":[],"yoast_head":"<!-- This site is optimized with the Yoast SEO plugin v27.3 - https:\/\/yoast.com\/product\/yoast-seo-wordpress\/ -->\n<title>FC Barcelona will host Girona with 7 players out injured<\/title>\n<meta name=\"description\" content=\"Bar\u00e7a&#039;s infirmary adds up to 7 players before Matchday 9 of LaLiga against Girona. Discover the details on the evolution of the injured Bar\u00e7a players\" \/>\n<meta name=\"robots\" content=\"index, follow, max-snippet:-1, max-image-preview:large, max-video-preview:-1\" \/>\n<link rel=\"canonical\" href=\"https:\/\/www.fcbarcelonanoticias.com\/en\/laliga\/fc-barcelona-will-host-girona-with-7-players-out-injured_315038_102.html\" \/>\n<meta property=\"og:locale\" content=\"en_US\" \/>\n<meta property=\"og:type\" content=\"article\" \/>\n<meta property=\"og:title\" content=\"FC Barcelona will host Girona with 7 players out injured\" \/>\n<meta property=\"og:description\" content=\"Bar\u00e7a&#039;s infirmary adds up to 7 players before Matchday 9 of LaLiga against Girona. Discover the details on the evolution of the injured Bar\u00e7a players\" \/>\n<meta property=\"og:url\" content=\"https:\/\/www.fcbarcelonanoticias.com\/en\/laliga\/fc-barcelona-will-host-girona-with-7-players-out-injured_315038_102.html\" \/>\n<meta property=\"og:site_name\" content=\"EN - FC Barcelona Noticias\" \/>\n<meta property=\"article:published_time\" content=\"2025-10-17T15:10:00+00:00\" \/>\n<meta property=\"article:modified_time\" content=\"2026-04-06T18:27:25+00:00\" \/>\n<meta property=\"og:image\" content=\"https:\/\/www.fcbarcelonanoticias.com\/en\/wp-content\/uploads\/sites\/2\/2025\/10\/dani-olmo-ferran-torres-v-getafe.webp\" \/>\n\t<meta property=\"og:image:width\" content=\"1200\" \/>\n\t<meta property=\"og:image:height\" content=\"675\" \/>\n\t<meta property=\"og:image:type\" content=\"image\/webp\" \/>\n<meta name=\"author\" content=\"Andr\u00e9s Quiroz\" \/>\n<meta name=\"twitter:card\" content=\"summary_large_image\" \/>\n<meta name=\"twitter:label1\" content=\"Written by\" \/>\n\t<meta name=\"twitter:data1\" content=\"Andr\u00e9s Quiroz\" \/>\n\t<meta name=\"twitter:label2\" content=\"Est. reading time\" \/>\n\t<meta name=\"twitter:data2\" content=\"4 minutes\" \/>\n<script type=\"application\/ld+json\" class=\"yoast-schema-graph\">{\"@context\":\"https:\\\/\\\/schema.org\",\"@graph\":[{\"@type\":\"Article\",\"@id\":\"https:\\\/\\\/www.fcbarcelonanoticias.com\\\/en\\\/laliga\\\/fc-barcelona-will-host-girona-with-7-players-out-injured_315038_102.html#article\",\"isPartOf\":{\"@id\":\"https:\\\/\\\/www.fcbarcelonanoticias.com\\\/en\\\/laliga\\\/fc-barcelona-will-host-girona-with-7-players-out-injured_315038_102.html\"},\"author\":{\"name\":\"Andr\u00e9s Quiroz\",\"@id\":\"https:\\\/\\\/www.fcbarcelonanoticias.com\\\/en\\\/#\\\/schema\\\/person\\\/c2cd9f6fa1af5c0d0eccd0fefa575c88\"},\"headline\":\"INJURIES: This is Barcelona&#8217;s injury situation against Girona\",\"datePublished\":\"2025-10-17T15:10:00+00:00\",\"dateModified\":\"2026-04-06T18:27:25+00:00\",\"mainEntityOfPage\":{\"@id\":\"https:\\\/\\\/www.fcbarcelonanoticias.com\\\/en\\\/laliga\\\/fc-barcelona-will-host-girona-with-7-players-out-injured_315038_102.html\"},\"wordCount\":755,\"image\":{\"@id\":\"https:\\\/\\\/www.fcbarcelonanoticias.com\\\/en\\\/laliga\\\/fc-barcelona-will-host-girona-with-7-players-out-injured_315038_102.html#primaryimage\"},\"thumbnailUrl\":\"https:\\\/\\\/www.fcbarcelonanoticias.com\\\/en\\\/wp-content\\\/uploads\\\/sites\\\/2\\\/2025\\\/10\\\/dani-olmo-ferran-torres-v-getafe.webp\",\"keywords\":[\"Dani Olmo\",\"FC Barcelona vs Girona\",\"Ferran Torres\",\"Gavi\",\"Hansi Flick\",\"injured\",\"Joan Garc\u00eda\",\"Raphinha\",\"Robert Lewandowski\",\"Ter Stegen\"],\"articleSection\":[\"Dani Olmo\",\"Gavi\",\"Joan Garc\u00eda\",\"LaLiga\",\"LaLiga\",\"Ter Stegen\"],\"inLanguage\":\"en-US\"},{\"@type\":\"WebPage\",\"@id\":\"https:\\\/\\\/www.fcbarcelonanoticias.com\\\/en\\\/laliga\\\/fc-barcelona-will-host-girona-with-7-players-out-injured_315038_102.html\",\"url\":\"https:\\\/\\\/www.fcbarcelonanoticias.com\\\/en\\\/laliga\\\/fc-barcelona-will-host-girona-with-7-players-out-injured_315038_102.html\",\"name\":\"FC Barcelona will host Girona with 7 players out injured\",\"isPartOf\":{\"@id\":\"https:\\\/\\\/www.fcbarcelonanoticias.com\\\/en\\\/#website\"},\"primaryImageOfPage\":{\"@id\":\"https:\\\/\\\/www.fcbarcelonanoticias.com\\\/en\\\/laliga\\\/fc-barcelona-will-host-girona-with-7-players-out-injured_315038_102.html#primaryimage\"},\"image\":{\"@id\":\"https:\\\/\\\/www.fcbarcelonanoticias.com\\\/en\\\/laliga\\\/fc-barcelona-will-host-girona-with-7-players-out-injured_315038_102.html#primaryimage\"},\"thumbnailUrl\":\"https:\\\/\\\/www.fcbarcelonanoticias.com\\\/en\\\/wp-content\\\/uploads\\\/sites\\\/2\\\/2025\\\/10\\\/dani-olmo-ferran-torres-v-getafe.webp\",\"datePublished\":\"2025-10-17T15:10:00+00:00\",\"dateModified\":\"2026-04-06T18:27:25+00:00\",\"author\":{\"@id\":\"https:\\\/\\\/www.fcbarcelonanoticias.com\\\/en\\\/#\\\/schema\\\/person\\\/c2cd9f6fa1af5c0d0eccd0fefa575c88\"},\"description\":\"Bar\u00e7a's infirmary adds up to 7 players before Matchday 9 of LaLiga against Girona. Discover the details on the evolution of the injured Bar\u00e7a players\",\"breadcrumb\":{\"@id\":\"https:\\\/\\\/www.fcbarcelonanoticias.com\\\/en\\\/laliga\\\/fc-barcelona-will-host-girona-with-7-players-out-injured_315038_102.html#breadcrumb\"},\"inLanguage\":\"en-US\",\"potentialAction\":[{\"@type\":\"ReadAction\",\"target\":[\"https:\\\/\\\/www.fcbarcelonanoticias.com\\\/en\\\/laliga\\\/fc-barcelona-will-host-girona-with-7-players-out-injured_315038_102.html\"]}]},{\"@type\":\"ImageObject\",\"inLanguage\":\"en-US\",\"@id\":\"https:\\\/\\\/www.fcbarcelonanoticias.com\\\/en\\\/laliga\\\/fc-barcelona-will-host-girona-with-7-players-out-injured_315038_102.html#primaryimage\",\"url\":\"https:\\\/\\\/www.fcbarcelonanoticias.com\\\/en\\\/wp-content\\\/uploads\\\/sites\\\/2\\\/2025\\\/10\\\/dani-olmo-ferran-torres-v-getafe.webp\",\"contentUrl\":\"https:\\\/\\\/www.fcbarcelonanoticias.com\\\/en\\\/wp-content\\\/uploads\\\/sites\\\/2\\\/2025\\\/10\\\/dani-olmo-ferran-torres-v-getafe.webp\",\"width\":1200,\"height\":675},{\"@type\":\"BreadcrumbList\",\"@id\":\"https:\\\/\\\/www.fcbarcelonanoticias.com\\\/en\\\/laliga\\\/fc-barcelona-will-host-girona-with-7-players-out-injured_315038_102.html#breadcrumb\",\"itemListElement\":[{\"@type\":\"ListItem\",\"position\":1,\"name\":\"Portada\",\"item\":\"https:\\\/\\\/www.fcbarcelonanoticias.com\\\/en\\\/\"},{\"@type\":\"ListItem\",\"position\":2,\"name\":\"INJURIES: This is Barcelona&#8217;s injury situation against Girona\"}]},{\"@type\":\"WebSite\",\"@id\":\"https:\\\/\\\/www.fcbarcelonanoticias.com\\\/en\\\/#website\",\"url\":\"https:\\\/\\\/www.fcbarcelonanoticias.com\\\/en\\\/\",\"name\":\"EN - FC Barcelona Noticias\",\"description\":\"\",\"potentialAction\":[{\"@type\":\"SearchAction\",\"target\":{\"@type\":\"EntryPoint\",\"urlTemplate\":\"https:\\\/\\\/www.fcbarcelonanoticias.com\\\/en\\\/?s={search_term_string}\"},\"query-input\":{\"@type\":\"PropertyValueSpecification\",\"valueRequired\":true,\"valueName\":\"search_term_string\"}}],\"inLanguage\":\"en-US\"},{\"@type\":\"Person\",\"@id\":\"https:\\\/\\\/www.fcbarcelonanoticias.com\\\/en\\\/#\\\/schema\\\/person\\\/c2cd9f6fa1af5c0d0eccd0fefa575c88\",\"name\":\"Andr\u00e9s Quiroz\",\"image\":{\"@type\":\"ImageObject\",\"inLanguage\":\"en-US\",\"@id\":\"https:\\\/\\\/secure.gravatar.com\\\/avatar\\\/?s=96&d=mm&r=g\",\"url\":\"https:\\\/\\\/secure.gravatar.com\\\/avatar\\\/?s=96&d=mm&r=g\",\"contentUrl\":\"https:\\\/\\\/secure.gravatar.com\\\/avatar\\\/?s=96&d=mm&r=g\",\"caption\":\"Andr\u00e9s Quiroz\"},\"description\":\"Licenciado en Periodismo por la Universidad de los Andes. Me encargo de analizar y compartir los contenidos m\u00e1s destacados de la\u00a0actualidad del F\u00fatbol Club Barcelona, Mercado de Fichajes y F\u00fatbol Internacional en FCBN. La informaci\u00f3n es poder, pero tambi\u00e9n conocimiento.\",\"url\":\"https:\\\/\\\/www.fcbarcelonanoticias.com\\\/en\\\/fc-barcelona\\\/andres-quiroz_17_115.html\"}]}<\/script>\n<!-- \/ Yoast SEO plugin. -->","yoast_head_json":{"title":"FC Barcelona will host Girona with 7 players out injured","description":"Bar\u00e7a's infirmary adds up to 7 players before Matchday 9 of LaLiga against Girona. Discover the details on the evolution of the injured Bar\u00e7a players","robots":{"index":"index","follow":"follow","max-snippet":"max-snippet:-1","max-image-preview":"max-image-preview:large","max-video-preview":"max-video-preview:-1"},"canonical":"https:\/\/www.fcbarcelonanoticias.com\/en\/laliga\/fc-barcelona-will-host-girona-with-7-players-out-injured_315038_102.html","og_locale":"en_US","og_type":"article","og_title":"FC Barcelona will host Girona with 7 players out injured","og_description":"Bar\u00e7a's infirmary adds up to 7 players before Matchday 9 of LaLiga against Girona. Discover the details on the evolution of the injured Bar\u00e7a players","og_url":"https:\/\/www.fcbarcelonanoticias.com\/en\/laliga\/fc-barcelona-will-host-girona-with-7-players-out-injured_315038_102.html","og_site_name":"EN - FC Barcelona Noticias","article_published_time":"2025-10-17T15:10:00+00:00","article_modified_time":"2026-04-06T18:27:25+00:00","og_image":[{"width":1200,"height":675,"url":"https:\/\/www.fcbarcelonanoticias.com\/en\/wp-content\/uploads\/sites\/2\/2025\/10\/dani-olmo-ferran-torres-v-getafe.webp","type":"image\/webp"}],"author":"Andr\u00e9s Quiroz","twitter_card":"summary_large_image","twitter_misc":{"Written by":"Andr\u00e9s Quiroz","Est. reading time":"4 minutes"},"schema":{"@context":"https:\/\/schema.org","@graph":[{"@type":"Article","@id":"https:\/\/www.fcbarcelonanoticias.com\/en\/laliga\/fc-barcelona-will-host-girona-with-7-players-out-injured_315038_102.html#article","isPartOf":{"@id":"https:\/\/www.fcbarcelonanoticias.com\/en\/laliga\/fc-barcelona-will-host-girona-with-7-players-out-injured_315038_102.html"},"author":{"name":"Andr\u00e9s Quiroz","@id":"https:\/\/www.fcbarcelonanoticias.com\/en\/#\/schema\/person\/c2cd9f6fa1af5c0d0eccd0fefa575c88"},"headline":"INJURIES: This is Barcelona&#8217;s injury situation against Girona","datePublished":"2025-10-17T15:10:00+00:00","dateModified":"2026-04-06T18:27:25+00:00","mainEntityOfPage":{"@id":"https:\/\/www.fcbarcelonanoticias.com\/en\/laliga\/fc-barcelona-will-host-girona-with-7-players-out-injured_315038_102.html"},"wordCount":755,"image":{"@id":"https:\/\/www.fcbarcelonanoticias.com\/en\/laliga\/fc-barcelona-will-host-girona-with-7-players-out-injured_315038_102.html#primaryimage"},"thumbnailUrl":"https:\/\/www.fcbarcelonanoticias.com\/en\/wp-content\/uploads\/sites\/2\/2025\/10\/dani-olmo-ferran-torres-v-getafe.webp","keywords":["Dani Olmo","FC Barcelona vs Girona","Ferran Torres","Gavi","Hansi Flick","injured","Joan Garc\u00eda","Raphinha","Robert Lewandowski","Ter Stegen"],"articleSection":["Dani Olmo","Gavi","Joan Garc\u00eda","LaLiga","LaLiga","Ter Stegen"],"inLanguage":"en-US"},{"@type":"WebPage","@id":"https:\/\/www.fcbarcelonanoticias.com\/en\/laliga\/fc-barcelona-will-host-girona-with-7-players-out-injured_315038_102.html","url":"https:\/\/www.fcbarcelonanoticias.com\/en\/laliga\/fc-barcelona-will-host-girona-with-7-players-out-injured_315038_102.html","name":"FC Barcelona will host Girona with 7 players out injured","isPartOf":{"@id":"https:\/\/www.fcbarcelonanoticias.com\/en\/#website"},"primaryImageOfPage":{"@id":"https:\/\/www.fcbarcelonanoticias.com\/en\/laliga\/fc-barcelona-will-host-girona-with-7-players-out-injured_315038_102.html#primaryimage"},"image":{"@id":"https:\/\/www.fcbarcelonanoticias.com\/en\/laliga\/fc-barcelona-will-host-girona-with-7-players-out-injured_315038_102.html#primaryimage"},"thumbnailUrl":"https:\/\/www.fcbarcelonanoticias.com\/en\/wp-content\/uploads\/sites\/2\/2025\/10\/dani-olmo-ferran-torres-v-getafe.webp","datePublished":"2025-10-17T15:10:00+00:00","dateModified":"2026-04-06T18:27:25+00:00","author":{"@id":"https:\/\/www.fcbarcelonanoticias.com\/en\/#\/schema\/person\/c2cd9f6fa1af5c0d0eccd0fefa575c88"},"description":"Bar\u00e7a's infirmary adds up to 7 players before Matchday 9 of LaLiga against Girona. Discover the details on the evolution of the injured Bar\u00e7a players","breadcrumb":{"@id":"https:\/\/www.fcbarcelonanoticias.com\/en\/laliga\/fc-barcelona-will-host-girona-with-7-players-out-injured_315038_102.html#breadcrumb"},"inLanguage":"en-US","potentialAction":[{"@type":"ReadAction","target":["https:\/\/www.fcbarcelonanoticias.com\/en\/laliga\/fc-barcelona-will-host-girona-with-7-players-out-injured_315038_102.html"]}]},{"@type":"ImageObject","inLanguage":"en-US","@id":"https:\/\/www.fcbarcelonanoticias.com\/en\/laliga\/fc-barcelona-will-host-girona-with-7-players-out-injured_315038_102.html#primaryimage","url":"https:\/\/www.fcbarcelonanoticias.com\/en\/wp-content\/uploads\/sites\/2\/2025\/10\/dani-olmo-ferran-torres-v-getafe.webp","contentUrl":"https:\/\/www.fcbarcelonanoticias.com\/en\/wp-content\/uploads\/sites\/2\/2025\/10\/dani-olmo-ferran-torres-v-getafe.webp","width":1200,"height":675},{"@type":"BreadcrumbList","@id":"https:\/\/www.fcbarcelonanoticias.com\/en\/laliga\/fc-barcelona-will-host-girona-with-7-players-out-injured_315038_102.html#breadcrumb","itemListElement":[{"@type":"ListItem","position":1,"name":"Portada","item":"https:\/\/www.fcbarcelonanoticias.com\/en\/"},{"@type":"ListItem","position":2,"name":"INJURIES: This is Barcelona&#8217;s injury situation against Girona"}]},{"@type":"WebSite","@id":"https:\/\/www.fcbarcelonanoticias.com\/en\/#website","url":"https:\/\/www.fcbarcelonanoticias.com\/en\/","name":"EN - FC Barcelona Noticias","description":"","potentialAction":[{"@type":"SearchAction","target":{"@type":"EntryPoint","urlTemplate":"https:\/\/www.fcbarcelonanoticias.com\/en\/?s={search_term_string}"},"query-input":{"@type":"PropertyValueSpecification","valueRequired":true,"valueName":"search_term_string"}}],"inLanguage":"en-US"},{"@type":"Person","@id":"https:\/\/www.fcbarcelonanoticias.com\/en\/#\/schema\/person\/c2cd9f6fa1af5c0d0eccd0fefa575c88","name":"Andr\u00e9s Quiroz","image":{"@type":"ImageObject","inLanguage":"en-US","@id":"https:\/\/secure.gravatar.com\/avatar\/?s=96&d=mm&r=g","url":"https:\/\/secure.gravatar.com\/avatar\/?s=96&d=mm&r=g","contentUrl":"https:\/\/secure.gravatar.com\/avatar\/?s=96&d=mm&r=g","caption":"Andr\u00e9s Quiroz"},"description":"Licenciado en Periodismo por la Universidad de los Andes. Me encargo de analizar y compartir los contenidos m\u00e1s destacados de la\u00a0actualidad del F\u00fatbol Club Barcelona, Mercado de Fichajes y F\u00fatbol Internacional en FCBN. La informaci\u00f3n es poder, pero tambi\u00e9n conocimiento.","url":"https:\/\/www.fcbarcelonanoticias.com\/en\/fc-barcelona\/andres-quiroz_17_115.html"}]}},"_links":{"self":[{"href":"https:\/\/www.fcbarcelonanoticias.com\/en\/wp-json\/wp\/v2\/posts\/54417","targetHints":{"allow":["GET"]}}],"collection":[{"href":"https:\/\/www.fcbarcelonanoticias.com\/en\/wp-json\/wp\/v2\/posts"}],"about":[{"href":"https:\/\/www.fcbarcelonanoticias.com\/en\/wp-json\/wp\/v2\/types\/post"}],"author":[{"embeddable":true,"href":"https:\/\/www.fcbarcelonanoticias.com\/en\/wp-json\/wp\/v2\/users\/347"}],"replies":[{"embeddable":true,"href":"https:\/\/www.fcbarcelonanoticias.com\/en\/wp-json\/wp\/v2\/comments?post=54417"}],"version-history":[{"count":2,"href":"https:\/\/www.fcbarcelonanoticias.com\/en\/wp-json\/wp\/v2\/posts\/54417\/revisions"}],"predecessor-version":[{"id":159165,"href":"https:\/\/www.fcbarcelonanoticias.com\/en\/wp-json\/wp\/v2\/posts\/54417\/revisions\/159165"}],"wp:featuredmedia":[{"embeddable":true,"href":"https:\/\/www.fcbarcelonanoticias.com\/en\/wp-json\/wp\/v2\/media\/54419"}],"wp:attachment":[{"href":"https:\/\/www.fcbarcelonanoticias.com\/en\/wp-json\/wp\/v2\/media?parent=54417"}],"wp:term":[{"taxonomy":"category","embeddable":true,"href":"https:\/\/www.fcbarcelonanoticias.com\/en\/wp-json\/wp\/v2\/categories?post=54417"},{"taxonomy":"post_tag","embeddable":true,"href":"https:\/\/www.fcbarcelonanoticias.com\/en\/wp-json\/wp\/v2\/tags?post=54417"}],"curies":[{"name":"wp","href":"https:\/\/api.w.org\/{rel}","templated":true}]}}