{"id":54427,"date":"2023-02-18T14:03:00","date_gmt":"2023-02-18T13:03:00","guid":{"rendered":"https:\/\/weisetech.dev\/fc-barcelona-noticias\/en\/ferran-dembele-busquets-xavi-reviews-current-squad-cule_289744_102\/"},"modified":"2023-02-18T14:03:00","modified_gmt":"2023-02-18T13:03:00","slug":"ferran-dembele-busquets-xavi-reviews-current-squad-cule_289744_102","status":"publish","type":"post","link":"https:\/\/www.fcbarcelonanoticias.com\/en\/laliga\/ferran-dembele-busquets-xavi-reviews-current-squad-cule_289744_102.html","title":{"rendered":"Ferran, Demb\u00e9l\u00e9, Busquets&#8230; Xavi reviews the current situation of the cul\u00e9 squad"},"content":{"rendered":"<h2 class=\"wp-block-heading\">The Bar\u00e7a coach, Xavi Hern\u00e1ndez, has offered some statements to the press in advance of the commitment against C\u00e1diz for matchday 22 of LaLiga<\/h2>  \r\n<div class=\"article-addons\">\r\n    <a href=\"https:\/\/www.fcbarcelonanoticias.com\/en\/calendar-fc-barcelona.html\"\r\n       target=\"_self\"\r\n       title=\"Calendar of FC Barcelona\"\r\n       class=\"blue-gredient-btn\">\r\n       \r\n        Calendar of FC Barcelona    <\/a>\r\n<\/div>   <p>Xavi Hern\u00e1ndez, trainer of the FC Barcelona,<strong> has appeared in front of the media in the previous press conference to the commitment suspender belt in front of the C\u00e1diz.<\/strong> In her <a data-external=\"0\" data-intl-links-en=\"https:\/\/www.fcbarcelonanoticias.com\/en\/fc-barcelona\/busquets-returns-group-work-discharged_289741_102.html\" data-intl-links-es=\"https:\/\/www.fcbarcelonanoticias.com\/fc-barcelona\/busquets-vuelve-trabajo-grupal-podria-recibir-alta_289741_102.html\" href=\"https:\/\/www.fcbarcelonanoticias.com\/en\/fc-barcelona\/busquets-returns-group-work-discharged_289741_102.html\" rel=\"follow\" target=\"_self\" title=\"OFICIAL: Busquets vuelve a la convocatoria del Bar\u00e7a tras recibir el alta\">it spoke of the return of Sergio Busquets to the announcement<\/a>, of the difficulty of the commitment, of the present of Ferran Torres and Ousmane D\u00e9mb\u00e9l\u00e9 and of the situation of Eric Garc\u00eda in the bench.<\/p>  <p>It began standing out the turn of Busquets after his sprain. &#8220;The absence of Busquets<strong> <\/strong>always notices because it is a half winner of duels that does you be almost always in contrary field. <strong>It is difficult to see him fail a pass. It is a good news his return<\/strong>&#8220;, ensured the technician.<\/p>  <p>On the other hand, it commented about the importance to win this party for the aspirations of LaLiga. &#8220;We expect a more defensive rival, of direct game, of centres from the bands, with disequilibrium and lateral that go up. <strong>A C\u00e1diz en bloc half and low block.<\/strong> Have memory of defeat the past year, always costs us the C\u00e1diz. <strong>They can happen a lot of things, each party is distinct and it is necessary to adapt.<\/strong> We do not think in the Thursday&#8221;, aimed Xavi.<\/p>  <p>Near to finalise, mentioned the day in day out of Ferran Torres, the one who is not having too many minutes. <strong>&#8220;Ferran Torres needs confidence. When a player is in a process of low form needs confidence. I have it in all&#8221;<\/strong>, affirmed.<\/p>  <h3>Eric and &#8216;Dembouz&#8217;<\/h3>  <p>Finally, it spoke of the present of Eric and Demb\u00e9l\u00e9 inside the staff. <strong>&#8220;For Demb\u00e9l\u00e9 is prompt,<\/strong> <a data-external=\"0\" data-intl-links-en=\"https:\/\/www.fcbarcelonanoticias.com\/en\/players\/ousmane-dembele-already-works-on-grass-alone_289731_102.html\" data-intl-links-es=\"https:\/\/www.fcbarcelonanoticias.com\/jugadores\/ousmane-dembele-ya-trabaja-sobre-cesped-en-solitario_289731_102.html\" href=\"https:\/\/www.fcbarcelonanoticias.com\/en\/players\/ousmane-dembele-already-works-on-grass-alone_289731_102.html\" rel=\"follow\" target=\"_self\" title=\"Ousmane Demb\u00e9l\u00e9 ya trabaja sobre el c\u00e9sped\">something of field already does and trota, but depends on his feelings<\/a>. <strong>I am being unfair with Eric,<\/strong> deserves more minutes, is a wonder train him. It does not complain, always with a smile&#8221;, it concluded the one of Terrassa.<\/p> ","protected":false},"excerpt":{"rendered":"<p>The Bar\u00e7a coach, Xavi Hern\u00e1ndez, has offered some statements to the press in advance of the commitment against C\u00e1diz for matchday 22 of LaLiga Xavi Hern\u00e1ndez, trainer of the FC Barcelona, has appeared in front of the media in the previous press conference to the commitment suspender belt in front of the C\u00e1diz. In her [&hellip;]<\/p>\n","protected":false},"author":0,"featured_media":23916,"comment_status":"closed","ping_status":"open","sticky":false,"template":"","format":"standard","meta":{"_acf_changed":false,"inline_featured_image":false,"_nextfly_llmd_date_locked":false,"footnotes":""},"categories":[448,114],"tags":[349,48],"class_list":["post-54427","post","type-post","status-publish","format-standard","has-post-thumbnail","hentry","category-laliga-2","category-laliga","tag-cadiz-cf","tag-xavi-hernandez"],"acf":[],"yoast_head":"<!-- This site is optimized with the Yoast SEO plugin v27.3 - https:\/\/yoast.com\/product\/yoast-seo-wordpress\/ -->\n<title>Ferran, Demb\u00e9l\u00e9, Busquets... Xavi reviews the current situation of the cul\u00e9 squad<\/title>\n<meta name=\"description\" content=\"The Bar\u00e7a coach, Xavi Hern\u00e1ndez, has offered some statements to the press in advance of the commitment against C\u00e1diz for matchday 22 of LaLiga\" \/>\n<meta name=\"robots\" content=\"index, follow, max-snippet:-1, max-image-preview:large, max-video-preview:-1\" \/>\n<link rel=\"canonical\" href=\"https:\/\/www.fcbarcelonanoticias.com\/en\/laliga\/ferran-dembele-busquets-xavi-reviews-current-squad-cule_289744_102.html\" \/>\n<meta property=\"og:locale\" content=\"en_US\" \/>\n<meta property=\"og:type\" content=\"article\" \/>\n<meta property=\"og:title\" content=\"Ferran, Demb\u00e9l\u00e9, Busquets... Xavi reviews the current situation of the cul\u00e9 squad\" \/>\n<meta property=\"og:description\" content=\"The Bar\u00e7a coach, Xavi Hern\u00e1ndez, has offered some statements to the press in advance of the commitment against C\u00e1diz for matchday 22 of LaLiga\" \/>\n<meta property=\"og:url\" content=\"https:\/\/www.fcbarcelonanoticias.com\/en\/laliga\/ferran-dembele-busquets-xavi-reviews-current-squad-cule_289744_102.html\" \/>\n<meta property=\"og:site_name\" content=\"EN - FC Barcelona Noticias\" \/>\n<meta property=\"article:published_time\" content=\"2023-02-18T13:03:00+00:00\" \/>\n<meta property=\"og:image\" content=\"https:\/\/www.fcbarcelonanoticias.com\/en\/wp-content\/uploads\/sites\/2\/2023\/02\/fbl-esp-liga-barcelona-presser-1.jpeg\" \/>\n\t<meta property=\"og:image:width\" content=\"1200\" \/>\n\t<meta property=\"og:image:height\" content=\"711\" \/>\n\t<meta property=\"og:image:type\" content=\"image\/jpeg\" \/>\n<meta name=\"twitter:card\" content=\"summary_large_image\" \/>\n<meta name=\"twitter:label1\" content=\"Est. reading time\" \/>\n\t<meta name=\"twitter:data1\" content=\"2 minutes\" \/>\n<script type=\"application\/ld+json\" class=\"yoast-schema-graph\">{\"@context\":\"https:\\\/\\\/schema.org\",\"@graph\":[{\"@type\":\"Article\",\"@id\":\"https:\\\/\\\/www.fcbarcelonanoticias.com\\\/en\\\/laliga\\\/ferran-dembele-busquets-xavi-reviews-current-squad-cule_289744_102.html#article\",\"isPartOf\":{\"@id\":\"https:\\\/\\\/www.fcbarcelonanoticias.com\\\/en\\\/laliga\\\/ferran-dembele-busquets-xavi-reviews-current-squad-cule_289744_102.html\"},\"author\":{\"name\":\"\",\"@id\":\"\"},\"headline\":\"Ferran, Demb\u00e9l\u00e9, Busquets&#8230; Xavi reviews the current situation of the cul\u00e9 squad\",\"datePublished\":\"2023-02-18T13:03:00+00:00\",\"mainEntityOfPage\":{\"@id\":\"https:\\\/\\\/www.fcbarcelonanoticias.com\\\/en\\\/laliga\\\/ferran-dembele-busquets-xavi-reviews-current-squad-cule_289744_102.html\"},\"wordCount\":356,\"image\":{\"@id\":\"https:\\\/\\\/www.fcbarcelonanoticias.com\\\/en\\\/laliga\\\/ferran-dembele-busquets-xavi-reviews-current-squad-cule_289744_102.html#primaryimage\"},\"thumbnailUrl\":\"https:\\\/\\\/www.fcbarcelonanoticias.com\\\/en\\\/wp-content\\\/uploads\\\/sites\\\/2\\\/2023\\\/02\\\/fbl-esp-liga-barcelona-presser-1.jpeg\",\"keywords\":[\"C\u00e1diz CF\",\"Xavi Hern\u00e1ndez\"],\"articleSection\":[\"LaLiga\",\"LaLiga\"],\"inLanguage\":\"en-US\"},{\"@type\":\"WebPage\",\"@id\":\"https:\\\/\\\/www.fcbarcelonanoticias.com\\\/en\\\/laliga\\\/ferran-dembele-busquets-xavi-reviews-current-squad-cule_289744_102.html\",\"url\":\"https:\\\/\\\/www.fcbarcelonanoticias.com\\\/en\\\/laliga\\\/ferran-dembele-busquets-xavi-reviews-current-squad-cule_289744_102.html\",\"name\":\"Ferran, Demb\u00e9l\u00e9, Busquets... Xavi reviews the current situation of the cul\u00e9 squad\",\"isPartOf\":{\"@id\":\"https:\\\/\\\/www.fcbarcelonanoticias.com\\\/en\\\/#website\"},\"primaryImageOfPage\":{\"@id\":\"https:\\\/\\\/www.fcbarcelonanoticias.com\\\/en\\\/laliga\\\/ferran-dembele-busquets-xavi-reviews-current-squad-cule_289744_102.html#primaryimage\"},\"image\":{\"@id\":\"https:\\\/\\\/www.fcbarcelonanoticias.com\\\/en\\\/laliga\\\/ferran-dembele-busquets-xavi-reviews-current-squad-cule_289744_102.html#primaryimage\"},\"thumbnailUrl\":\"https:\\\/\\\/www.fcbarcelonanoticias.com\\\/en\\\/wp-content\\\/uploads\\\/sites\\\/2\\\/2023\\\/02\\\/fbl-esp-liga-barcelona-presser-1.jpeg\",\"datePublished\":\"2023-02-18T13:03:00+00:00\",\"author\":{\"@id\":\"\"},\"description\":\"The Bar\u00e7a coach, Xavi Hern\u00e1ndez, has offered some statements to the press in advance of the commitment against C\u00e1diz for matchday 22 of LaLiga\",\"breadcrumb\":{\"@id\":\"https:\\\/\\\/www.fcbarcelonanoticias.com\\\/en\\\/laliga\\\/ferran-dembele-busquets-xavi-reviews-current-squad-cule_289744_102.html#breadcrumb\"},\"inLanguage\":\"en-US\",\"potentialAction\":[{\"@type\":\"ReadAction\",\"target\":[\"https:\\\/\\\/www.fcbarcelonanoticias.com\\\/en\\\/laliga\\\/ferran-dembele-busquets-xavi-reviews-current-squad-cule_289744_102.html\"]}]},{\"@type\":\"ImageObject\",\"inLanguage\":\"en-US\",\"@id\":\"https:\\\/\\\/www.fcbarcelonanoticias.com\\\/en\\\/laliga\\\/ferran-dembele-busquets-xavi-reviews-current-squad-cule_289744_102.html#primaryimage\",\"url\":\"https:\\\/\\\/www.fcbarcelonanoticias.com\\\/en\\\/wp-content\\\/uploads\\\/sites\\\/2\\\/2023\\\/02\\\/fbl-esp-liga-barcelona-presser-1.jpeg\",\"contentUrl\":\"https:\\\/\\\/www.fcbarcelonanoticias.com\\\/en\\\/wp-content\\\/uploads\\\/sites\\\/2\\\/2023\\\/02\\\/fbl-esp-liga-barcelona-presser-1.jpeg\",\"width\":1200,\"height\":711},{\"@type\":\"BreadcrumbList\",\"@id\":\"https:\\\/\\\/www.fcbarcelonanoticias.com\\\/en\\\/laliga\\\/ferran-dembele-busquets-xavi-reviews-current-squad-cule_289744_102.html#breadcrumb\",\"itemListElement\":[{\"@type\":\"ListItem\",\"position\":1,\"name\":\"Portada\",\"item\":\"https:\\\/\\\/www.fcbarcelonanoticias.com\\\/en\\\/\"},{\"@type\":\"ListItem\",\"position\":2,\"name\":\"Ferran, Demb\u00e9l\u00e9, Busquets&#8230; Xavi reviews the current situation of the cul\u00e9 squad\"}]},{\"@type\":\"WebSite\",\"@id\":\"https:\\\/\\\/www.fcbarcelonanoticias.com\\\/en\\\/#website\",\"url\":\"https:\\\/\\\/www.fcbarcelonanoticias.com\\\/en\\\/\",\"name\":\"EN - FC Barcelona Noticias\",\"description\":\"\",\"potentialAction\":[{\"@type\":\"SearchAction\",\"target\":{\"@type\":\"EntryPoint\",\"urlTemplate\":\"https:\\\/\\\/www.fcbarcelonanoticias.com\\\/en\\\/?s={search_term_string}\"},\"query-input\":{\"@type\":\"PropertyValueSpecification\",\"valueRequired\":true,\"valueName\":\"search_term_string\"}}],\"inLanguage\":\"en-US\"}]}<\/script>\n<!-- \/ Yoast SEO plugin. -->","yoast_head_json":{"title":"Ferran, Demb\u00e9l\u00e9, Busquets... Xavi reviews the current situation of the cul\u00e9 squad","description":"The Bar\u00e7a coach, Xavi Hern\u00e1ndez, has offered some statements to the press in advance of the commitment against C\u00e1diz for matchday 22 of LaLiga","robots":{"index":"index","follow":"follow","max-snippet":"max-snippet:-1","max-image-preview":"max-image-preview:large","max-video-preview":"max-video-preview:-1"},"canonical":"https:\/\/www.fcbarcelonanoticias.com\/en\/laliga\/ferran-dembele-busquets-xavi-reviews-current-squad-cule_289744_102.html","og_locale":"en_US","og_type":"article","og_title":"Ferran, Demb\u00e9l\u00e9, Busquets... Xavi reviews the current situation of the cul\u00e9 squad","og_description":"The Bar\u00e7a coach, Xavi Hern\u00e1ndez, has offered some statements to the press in advance of the commitment against C\u00e1diz for matchday 22 of LaLiga","og_url":"https:\/\/www.fcbarcelonanoticias.com\/en\/laliga\/ferran-dembele-busquets-xavi-reviews-current-squad-cule_289744_102.html","og_site_name":"EN - FC Barcelona Noticias","article_published_time":"2023-02-18T13:03:00+00:00","og_image":[{"width":1200,"height":711,"url":"https:\/\/www.fcbarcelonanoticias.com\/en\/wp-content\/uploads\/sites\/2\/2023\/02\/fbl-esp-liga-barcelona-presser-1.jpeg","type":"image\/jpeg"}],"twitter_card":"summary_large_image","twitter_misc":{"Est. reading time":"2 minutes"},"schema":{"@context":"https:\/\/schema.org","@graph":[{"@type":"Article","@id":"https:\/\/www.fcbarcelonanoticias.com\/en\/laliga\/ferran-dembele-busquets-xavi-reviews-current-squad-cule_289744_102.html#article","isPartOf":{"@id":"https:\/\/www.fcbarcelonanoticias.com\/en\/laliga\/ferran-dembele-busquets-xavi-reviews-current-squad-cule_289744_102.html"},"author":{"name":"","@id":""},"headline":"Ferran, Demb\u00e9l\u00e9, Busquets&#8230; Xavi reviews the current situation of the cul\u00e9 squad","datePublished":"2023-02-18T13:03:00+00:00","mainEntityOfPage":{"@id":"https:\/\/www.fcbarcelonanoticias.com\/en\/laliga\/ferran-dembele-busquets-xavi-reviews-current-squad-cule_289744_102.html"},"wordCount":356,"image":{"@id":"https:\/\/www.fcbarcelonanoticias.com\/en\/laliga\/ferran-dembele-busquets-xavi-reviews-current-squad-cule_289744_102.html#primaryimage"},"thumbnailUrl":"https:\/\/www.fcbarcelonanoticias.com\/en\/wp-content\/uploads\/sites\/2\/2023\/02\/fbl-esp-liga-barcelona-presser-1.jpeg","keywords":["C\u00e1diz CF","Xavi Hern\u00e1ndez"],"articleSection":["LaLiga","LaLiga"],"inLanguage":"en-US"},{"@type":"WebPage","@id":"https:\/\/www.fcbarcelonanoticias.com\/en\/laliga\/ferran-dembele-busquets-xavi-reviews-current-squad-cule_289744_102.html","url":"https:\/\/www.fcbarcelonanoticias.com\/en\/laliga\/ferran-dembele-busquets-xavi-reviews-current-squad-cule_289744_102.html","name":"Ferran, Demb\u00e9l\u00e9, Busquets... Xavi reviews the current situation of the cul\u00e9 squad","isPartOf":{"@id":"https:\/\/www.fcbarcelonanoticias.com\/en\/#website"},"primaryImageOfPage":{"@id":"https:\/\/www.fcbarcelonanoticias.com\/en\/laliga\/ferran-dembele-busquets-xavi-reviews-current-squad-cule_289744_102.html#primaryimage"},"image":{"@id":"https:\/\/www.fcbarcelonanoticias.com\/en\/laliga\/ferran-dembele-busquets-xavi-reviews-current-squad-cule_289744_102.html#primaryimage"},"thumbnailUrl":"https:\/\/www.fcbarcelonanoticias.com\/en\/wp-content\/uploads\/sites\/2\/2023\/02\/fbl-esp-liga-barcelona-presser-1.jpeg","datePublished":"2023-02-18T13:03:00+00:00","author":{"@id":""},"description":"The Bar\u00e7a coach, Xavi Hern\u00e1ndez, has offered some statements to the press in advance of the commitment against C\u00e1diz for matchday 22 of LaLiga","breadcrumb":{"@id":"https:\/\/www.fcbarcelonanoticias.com\/en\/laliga\/ferran-dembele-busquets-xavi-reviews-current-squad-cule_289744_102.html#breadcrumb"},"inLanguage":"en-US","potentialAction":[{"@type":"ReadAction","target":["https:\/\/www.fcbarcelonanoticias.com\/en\/laliga\/ferran-dembele-busquets-xavi-reviews-current-squad-cule_289744_102.html"]}]},{"@type":"ImageObject","inLanguage":"en-US","@id":"https:\/\/www.fcbarcelonanoticias.com\/en\/laliga\/ferran-dembele-busquets-xavi-reviews-current-squad-cule_289744_102.html#primaryimage","url":"https:\/\/www.fcbarcelonanoticias.com\/en\/wp-content\/uploads\/sites\/2\/2023\/02\/fbl-esp-liga-barcelona-presser-1.jpeg","contentUrl":"https:\/\/www.fcbarcelonanoticias.com\/en\/wp-content\/uploads\/sites\/2\/2023\/02\/fbl-esp-liga-barcelona-presser-1.jpeg","width":1200,"height":711},{"@type":"BreadcrumbList","@id":"https:\/\/www.fcbarcelonanoticias.com\/en\/laliga\/ferran-dembele-busquets-xavi-reviews-current-squad-cule_289744_102.html#breadcrumb","itemListElement":[{"@type":"ListItem","position":1,"name":"Portada","item":"https:\/\/www.fcbarcelonanoticias.com\/en\/"},{"@type":"ListItem","position":2,"name":"Ferran, Demb\u00e9l\u00e9, Busquets&#8230; Xavi reviews the current situation of the cul\u00e9 squad"}]},{"@type":"WebSite","@id":"https:\/\/www.fcbarcelonanoticias.com\/en\/#website","url":"https:\/\/www.fcbarcelonanoticias.com\/en\/","name":"EN - FC Barcelona Noticias","description":"","potentialAction":[{"@type":"SearchAction","target":{"@type":"EntryPoint","urlTemplate":"https:\/\/www.fcbarcelonanoticias.com\/en\/?s={search_term_string}"},"query-input":{"@type":"PropertyValueSpecification","valueRequired":true,"valueName":"search_term_string"}}],"inLanguage":"en-US"}]}},"_links":{"self":[{"href":"https:\/\/www.fcbarcelonanoticias.com\/en\/wp-json\/wp\/v2\/posts\/54427","targetHints":{"allow":["GET"]}}],"collection":[{"href":"https:\/\/www.fcbarcelonanoticias.com\/en\/wp-json\/wp\/v2\/posts"}],"about":[{"href":"https:\/\/www.fcbarcelonanoticias.com\/en\/wp-json\/wp\/v2\/types\/post"}],"replies":[{"embeddable":true,"href":"https:\/\/www.fcbarcelonanoticias.com\/en\/wp-json\/wp\/v2\/comments?post=54427"}],"version-history":[{"count":1,"href":"https:\/\/www.fcbarcelonanoticias.com\/en\/wp-json\/wp\/v2\/posts\/54427\/revisions"}],"predecessor-version":[{"id":54428,"href":"https:\/\/www.fcbarcelonanoticias.com\/en\/wp-json\/wp\/v2\/posts\/54427\/revisions\/54428"}],"wp:featuredmedia":[{"embeddable":true,"href":"https:\/\/www.fcbarcelonanoticias.com\/en\/wp-json\/wp\/v2\/media\/23916"}],"wp:attachment":[{"href":"https:\/\/www.fcbarcelonanoticias.com\/en\/wp-json\/wp\/v2\/media?parent=54427"}],"wp:term":[{"taxonomy":"category","embeddable":true,"href":"https:\/\/www.fcbarcelonanoticias.com\/en\/wp-json\/wp\/v2\/categories?post=54427"},{"taxonomy":"post_tag","embeddable":true,"href":"https:\/\/www.fcbarcelonanoticias.com\/en\/wp-json\/wp\/v2\/tags?post=54427"}],"curies":[{"name":"wp","href":"https:\/\/api.w.org\/{rel}","templated":true}]}}