{"id":54439,"date":"2025-11-02T19:29:00","date_gmt":"2025-11-02T18:29:00","guid":{"rendered":"https:\/\/weisetech.dev\/fc-barcelona-noticias\/en\/ferran-torres-reaches-50-goals-with-fc-barcelona_315171_102\/"},"modified":"2026-04-16T09:19:22","modified_gmt":"2026-04-16T07:19:22","slug":"ferran-torres-reaches-50-goals-with-fc-barcelona_315171_102","status":"publish","type":"post","link":"https:\/\/www.fcbarcelonanoticias.com\/en\/laliga\/ferran-torres-reaches-50-goals-with-fc-barcelona_315171_102.html","title":{"rendered":"Ferran Torres reaches 50 goals with FC Barcelona!"},"content":{"rendered":"<h2 class=\"wp-block-heading\">Bar\u00e7a took an early lead against Elche thanks to goals from Lamine Yamal and Ferran Torres. For the &#8216;Shark&#8217;, it was his 50th goal in 170 official matches with the Bar\u00e7a jersey<\/h2>  \r\n<div class=\"article-addons\">\r\n    <a href=\"https:\/\/www.fcbarcelonanoticias.com\/en\/calendar-fc-barcelona.html\"\r\n       target=\"_self\"\r\n       title=\"Calendar of FC Barcelona\"\r\n       class=\"blue-gredient-btn\">\r\n       \r\n        Calendar of FC Barcelona    <\/a>\r\n<\/div>   <p><strong>Ferran Torres<\/strong> continues to add to his tally in 2025\/26 with FC Barcelona. The &#8216;Shark&#8217; is making the most of <a data-external=\"0\" data-intl-links-en=\"https:\/\/www.fcbarcelonanoticias.com\/en\/fc-barcelona\/barca-trusts-lewandowski-despite-setback-due-to-injuries_315165_102.html\" data-intl-links-es=\"https:\/\/www.fcbarcelonanoticias.com\/fc-barcelona\/lewandowski-barca-confia-en-su-9-pese-frenazo-lesiones_315165_102.html\" href=\"https:\/\/www.fcbarcelonanoticias.com\/en\/fc-barcelona\/barca-trusts-lewandowski-despite-setback-due-to-injuries_315165_102.html\" rel=\"follow\" target=\"_self\" title=\"Lewandowski ya est\u00e1 de vuelta: el Bar\u00e7a conf\u00eda en su \u20189\u2019 pese al frenazo por las lesiones\">Robert Lewandowski&#8217;s<\/a> muscle problems and, against Elche, he scored his sixth goal of the season, the fifth in the League. A goal that also allows him to reach a round figure with the Bar\u00e7a shirt.<\/p>  <p><strong>The &#8216;7&#8217; has now scored 50 goals in 170 official matches with Bar\u00e7a<\/strong>, averaging 0.29 goals per game. In the 12th minute, Ferran took advantage of a recovery and assist from <strong>Ferm\u00edn L\u00f3pez<\/strong> from the left, after Pedrosa slipped, to finish at will against his former teammate <a data-external=\"0\" data-intl-links-en=\"https:\/\/www.fcbarcelonanoticias.com\/en\/transfers\/official-inaki-pena-renews-with-barca-and-goes-on-loan-to-elche_314434_102.html\" data-intl-links-es=\"https:\/\/www.fcbarcelonanoticias.com\/fichajes\/oficial-inaki-pena-renueva-con-barca-se-va-cedido-elche_314434_102.html\" href=\"https:\/\/www.fcbarcelonanoticias.com\/en\/transfers\/official-inaki-pena-renews-with-barca-and-goes-on-loan-to-elche_314434_102.html\" rel=\"follow\" target=\"_self\" title=\"OFFICIAL: I\u00f1aki Pe\u00f1a renews with Bar\u00e7a and goes on loan to Elche\">I\u00f1aki Pe\u00f1a<\/a>. Three minutes earlier, <strong>Lamine Yamal<\/strong> had put Hansi Flick&#8217;s team ahead.<\/p>  <p>Ferran came close to scoring a brace before halftime, but the Alicante goalkeeper denied him the goal in the 45th minute with a remarkable stretch to clear the &#8216;7&#8217;s volley. <strong>Frenkie de Jong<\/strong> had provided the pass, with the score already 2-1 in favor of the Blaugrana.<\/p>  <h2>Ferran Torres has scored half of his goals with Bar\u00e7a in the Flick era<\/h2>  <div class=\"media media-image\" data-ck-asset-wrapper=\"\"> <div class=\"media-item\"> <img loading=\"lazy\" decoding=\"async\" alt=\"Ferran Torres in the action of the partial 2-0 against Girona\" data-id=\"1529259\" data-resize=\"9\" height=\"563\" src=\"https:\/\/www.fcbarcelonanoticias.com\/wp-content\/uploads\/sites\/2\/2025\/11\/fcbn-3ba1cab22e8c5d8248bb26d39fe67f3b.webp\" title=\"Ferran Torres in the action of the partial 2-0 against Girona\" width=\"1000\"><div class=\"media-title\">Ferran Torres in the action of the partial 2-0 against Girona<\/div> <\/div> <\/div>  <p>For the &#8216;Shark&#8217;, the arrival of Hansi Flick has allowed him to establish himself as a &#8216;killer&#8217; for Bar\u00e7a. In his first 113 appearances with the Blaugrana team, the player from Foios had only scored 25 goals (0.22 per game) in two and a half seasons.<\/p>  <p>This season, <strong>his average reaches 0.50, with 6 goals in 12 matches<\/strong> (he was only absent against Girona as a precaution), while in 24\/25 he had scored 19 goals in 45 matches (0.42). In that sense, Ferran&#8217;s scoring average has improved to 0.43 goals per game during Hansi Flick&#8217;s cycle, where he already has 25 goals.<\/p>  <p>With the German coach, he has 57 appearances in which he also provided 8 assists. This improves his record to <strong>33 direct involvements in goals (0.57 per match)<\/strong>, with which the Valencian, whose contract ends in 2027, continues to earn merits to renew and, why not, establish himself as Bar\u00e7a&#8217;s &#8216;9&#8217;, definitively replacing Robert Lewandowski.<\/p>  <h2>Ferran equals Ferm\u00edn as Bar\u00e7a&#8217;s top scorer<\/h2>  <p>With his goal against Elche, Ferran equaled Ferm\u00edn L\u00f3pez as Bar\u00e7a&#8217;s top scorer in the 25\/26 season. <a data-external=\"0\" data-intl-links-en=\"https:\/\/www.fcbarcelonanoticias.com\/en\/fc-barcelona\/fermin-lopez-goal-against-real-madrid-bernabeu_315118_102.html\" data-intl-links-es=\"https:\/\/www.fcbarcelonanoticias.com\/fc-barcelona\/fermin-lopez-maximo-goleador-barcelona-clasico_315118_102.html\" href=\"https:\/\/www.fcbarcelonanoticias.com\/en\/fc-barcelona\/fermin-lopez-goal-against-real-madrid-bernabeu_315118_102.html\" rel=\"follow\" target=\"_self\" title=\"Ferm\u00edn L\u00f3pez se consolida como m\u00e1ximo goleador del Bar\u00e7a tras marcar en el Cl\u00e1sico\">The player from Huelva reached 6 goals with his goal in the Cl\u00e1sico<\/a>, while the &#8216;Shark&#8217; broke a streak of 4 La Liga matchdays without scoring.<\/p>  <p>The last goal from the &#8216;7&#8217; was in <a data-external=\"0\" data-intl-links-en=\"https:\/\/www.fcbarcelonanoticias.com\/en\/champions-league\/shark-starter-and-scorer-ferran-made-it-1-0-in-barca-psg_314907_102.html\" data-intl-links-es=\"https:\/\/www.fcbarcelonanoticias.com\/champions-league\/tiburon-titular-goleador-ferran-torres-abrio-marcador-barca-psg_314907_102.html\" href=\"https:\/\/www.fcbarcelonanoticias.com\/en\/champions-league\/shark-starter-and-scorer-ferran-made-it-1-0-in-barca-psg_314907_102.html\" rel=\"follow\" target=\"_self\" title=\"\u00a1'Tibur\u00f3n' titular y goleador! Ferran Torres abri\u00f3 el marcador en el Bar\u00e7a-PSG\">the Champions League defeat against PSG (1-2)<\/a>, while the player from Huelva scored a &#8216;hat-trick&#8217; against Olympiacos, also in the Champions League, and another double against Valencia.&nbsp;<\/p>  <p>Further back, with 5 goals, is <strong>Marcus Rashford<\/strong>, while <strong>Lamine Yamal<\/strong> and <strong>Robert Lewandowski<\/strong>, for the moment, have 4 goals each. The &#8217;10&#8217; opened the scoring against Elche and celebrated his first goal in the tournament from the penalty spot against Rayo in Matchday 3.<\/p>  <ul> <li><u><strong>Recommended links<\/strong><\/u><\/li> \t<li><a data-external=\"1\" href=\"https:\/\/www.fcbarcelonanoticias.com\/estadisticas-fc-barcelona-2025-2026.html\" rel=\"nofollow\" target=\"_blank\" title=\"FC Barcelona statistics in the 2025\/26 season\">FC Barcelona statistics in the 2025\/26 season<\/a><\/li> \t<li><a data-external=\"1\" href=\"https:\/\/www.fcbarcelonanoticias.com\/en\/goleadores-fc-barcelona-2025-26.html\" rel=\"nofollow\" target=\"_blank\" title=\"Bar\u00e7a Top Scorers 25\/26\">FC Barcelona Top Scorers in the 2025\/26 season<\/a><\/li> \t<li><a data-external=\"1\" href=\"https:\/\/www.fcbarcelonanoticias.com\/en\/estadisticas-fc-barcelona-laliga-2025-26.html\" rel=\"nofollow\" target=\"_blank\" title=\"FC Barcelona Statistics in LaLiga EA Sports 2025\/26\">FC Barcelona Statistics in LaLiga EA Sports 2025\/26<\/a><\/li> \t<li><strong><a data-external=\"0\" data-intl-links-en=\"https:\/\/www.fcbarcelonanoticias.com\/en\/fc-barcelona-squad.html\" data-intl-links-es=\"https:\/\/www.fcbarcelonanoticias.com\/jugadores-fcbarcelona.html\" href=\"https:\/\/www.fcbarcelonanoticias.com\/en\/fc-barcelona-squad.html\" rel=\"follow\" target=\"_self\" title=\"FC Barcelona Squad 2025-26\">FC Barcelona Squad &#8211; 2025\/26 Season<\/a><\/strong><\/li> <\/ul> ","protected":false},"excerpt":{"rendered":"<p>Bar\u00e7a took an early lead against Elche thanks to goals from Lamine Yamal and Ferran Torres. For the &#8216;Shark&#8217;, it was his 50th goal in 170 official matches with the Bar\u00e7a jersey Ferran Torres continues to add to his tally in 2025\/26 with FC Barcelona. The &#8216;Shark&#8217; is making the most of Robert Lewandowski&#8217;s muscle [&hellip;]<\/p>\n","protected":false},"author":347,"featured_media":115225,"comment_status":"closed","ping_status":"open","sticky":false,"template":"","format":"standard","meta":{"_acf_changed":false,"inline_featured_image":false,"_nextfly_llmd_date_locked":false,"footnotes":""},"categories":[448,114],"tags":[347,471,195,157],"class_list":["post-54439","post","type-post","status-publish","format-standard","has-post-thumbnail","hentry","category-laliga-2","category-laliga","tag-elche-cf","tag-ferran-torres-2","tag-ferran-torres","tag-statistics"],"acf":[],"yoast_head":"<!-- This site is optimized with the Yoast SEO plugin v27.3 - https:\/\/yoast.com\/product\/yoast-seo-wordpress\/ -->\n<title>Ferran Torres reaches 50 goals with FC Barcelona!<\/title>\n<meta name=\"description\" content=\"Bar\u00e7a took an early lead against Elche thanks to goals from Lamine Yamal and Ferran Torres. For the &#039;Shark&#039;, it was his 50th goal in 170 matches\" \/>\n<meta name=\"robots\" content=\"index, follow, max-snippet:-1, max-image-preview:large, max-video-preview:-1\" \/>\n<link rel=\"canonical\" href=\"https:\/\/www.fcbarcelonanoticias.com\/en\/laliga\/ferran-torres-reaches-50-goals-with-fc-barcelona_315171_102.html\" \/>\n<meta property=\"og:locale\" content=\"en_US\" \/>\n<meta property=\"og:type\" content=\"article\" \/>\n<meta property=\"og:title\" content=\"Ferran Torres reaches 50 goals with FC Barcelona!\" \/>\n<meta property=\"og:description\" content=\"Bar\u00e7a took an early lead against Elche thanks to goals from Lamine Yamal and Ferran Torres. For the &#039;Shark&#039;, it was his 50th goal in 170 matches\" \/>\n<meta property=\"og:url\" content=\"https:\/\/www.fcbarcelonanoticias.com\/en\/laliga\/ferran-torres-reaches-50-goals-with-fc-barcelona_315171_102.html\" \/>\n<meta property=\"og:site_name\" content=\"EN - FC Barcelona Noticias\" \/>\n<meta property=\"article:published_time\" content=\"2025-11-02T18:29:00+00:00\" \/>\n<meta property=\"article:modified_time\" content=\"2026-04-16T07:19:22+00:00\" \/>\n<meta property=\"og:image\" content=\"https:\/\/www.fcbarcelonanoticias.com\/en\/wp-content\/uploads\/sites\/2\/2025\/11\/ferran-torres-v-elche-laliga-25-26-3.webp\" \/>\n\t<meta property=\"og:image:width\" content=\"1200\" \/>\n\t<meta property=\"og:image:height\" content=\"675\" \/>\n\t<meta property=\"og:image:type\" content=\"image\/webp\" \/>\n<meta name=\"author\" content=\"Andr\u00e9s Quiroz\" \/>\n<meta name=\"twitter:card\" content=\"summary_large_image\" \/>\n<meta name=\"twitter:label1\" content=\"Written by\" \/>\n\t<meta name=\"twitter:data1\" content=\"Andr\u00e9s Quiroz\" \/>\n\t<meta name=\"twitter:label2\" content=\"Est. reading time\" \/>\n\t<meta name=\"twitter:data2\" content=\"3 minutes\" \/>\n<script type=\"application\/ld+json\" class=\"yoast-schema-graph\">{\"@context\":\"https:\\\/\\\/schema.org\",\"@graph\":[{\"@type\":\"Article\",\"@id\":\"https:\\\/\\\/www.fcbarcelonanoticias.com\\\/en\\\/laliga\\\/ferran-torres-reaches-50-goals-with-fc-barcelona_315171_102.html#article\",\"isPartOf\":{\"@id\":\"https:\\\/\\\/www.fcbarcelonanoticias.com\\\/en\\\/laliga\\\/ferran-torres-reaches-50-goals-with-fc-barcelona_315171_102.html\"},\"author\":{\"name\":\"Andr\u00e9s Quiroz\",\"@id\":\"https:\\\/\\\/www.fcbarcelonanoticias.com\\\/en\\\/#\\\/schema\\\/person\\\/c2cd9f6fa1af5c0d0eccd0fefa575c88\"},\"headline\":\"Ferran Torres reaches 50 goals with FC Barcelona!\",\"datePublished\":\"2025-11-02T18:29:00+00:00\",\"dateModified\":\"2026-04-16T07:19:22+00:00\",\"mainEntityOfPage\":{\"@id\":\"https:\\\/\\\/www.fcbarcelonanoticias.com\\\/en\\\/laliga\\\/ferran-torres-reaches-50-goals-with-fc-barcelona_315171_102.html\"},\"wordCount\":533,\"image\":{\"@id\":\"https:\\\/\\\/www.fcbarcelonanoticias.com\\\/en\\\/laliga\\\/ferran-torres-reaches-50-goals-with-fc-barcelona_315171_102.html#primaryimage\"},\"thumbnailUrl\":\"https:\\\/\\\/www.fcbarcelonanoticias.com\\\/en\\\/wp-content\\\/uploads\\\/sites\\\/2\\\/2025\\\/11\\\/ferran-torres-v-elche-laliga-25-26-3.webp\",\"keywords\":[\"Elche CF\",\"Ferran Torres\",\"Ferran Torres\",\"Statistics\"],\"articleSection\":[\"LaLiga\",\"LaLiga\"],\"inLanguage\":\"en-US\"},{\"@type\":\"WebPage\",\"@id\":\"https:\\\/\\\/www.fcbarcelonanoticias.com\\\/en\\\/laliga\\\/ferran-torres-reaches-50-goals-with-fc-barcelona_315171_102.html\",\"url\":\"https:\\\/\\\/www.fcbarcelonanoticias.com\\\/en\\\/laliga\\\/ferran-torres-reaches-50-goals-with-fc-barcelona_315171_102.html\",\"name\":\"Ferran Torres reaches 50 goals with FC Barcelona!\",\"isPartOf\":{\"@id\":\"https:\\\/\\\/www.fcbarcelonanoticias.com\\\/en\\\/#website\"},\"primaryImageOfPage\":{\"@id\":\"https:\\\/\\\/www.fcbarcelonanoticias.com\\\/en\\\/laliga\\\/ferran-torres-reaches-50-goals-with-fc-barcelona_315171_102.html#primaryimage\"},\"image\":{\"@id\":\"https:\\\/\\\/www.fcbarcelonanoticias.com\\\/en\\\/laliga\\\/ferran-torres-reaches-50-goals-with-fc-barcelona_315171_102.html#primaryimage\"},\"thumbnailUrl\":\"https:\\\/\\\/www.fcbarcelonanoticias.com\\\/en\\\/wp-content\\\/uploads\\\/sites\\\/2\\\/2025\\\/11\\\/ferran-torres-v-elche-laliga-25-26-3.webp\",\"datePublished\":\"2025-11-02T18:29:00+00:00\",\"dateModified\":\"2026-04-16T07:19:22+00:00\",\"author\":{\"@id\":\"https:\\\/\\\/www.fcbarcelonanoticias.com\\\/en\\\/#\\\/schema\\\/person\\\/c2cd9f6fa1af5c0d0eccd0fefa575c88\"},\"description\":\"Bar\u00e7a took an early lead against Elche thanks to goals from Lamine Yamal and Ferran Torres. For the 'Shark', it was his 50th goal in 170 matches\",\"breadcrumb\":{\"@id\":\"https:\\\/\\\/www.fcbarcelonanoticias.com\\\/en\\\/laliga\\\/ferran-torres-reaches-50-goals-with-fc-barcelona_315171_102.html#breadcrumb\"},\"inLanguage\":\"en-US\",\"potentialAction\":[{\"@type\":\"ReadAction\",\"target\":[\"https:\\\/\\\/www.fcbarcelonanoticias.com\\\/en\\\/laliga\\\/ferran-torres-reaches-50-goals-with-fc-barcelona_315171_102.html\"]}]},{\"@type\":\"ImageObject\",\"inLanguage\":\"en-US\",\"@id\":\"https:\\\/\\\/www.fcbarcelonanoticias.com\\\/en\\\/laliga\\\/ferran-torres-reaches-50-goals-with-fc-barcelona_315171_102.html#primaryimage\",\"url\":\"https:\\\/\\\/www.fcbarcelonanoticias.com\\\/en\\\/wp-content\\\/uploads\\\/sites\\\/2\\\/2025\\\/11\\\/ferran-torres-v-elche-laliga-25-26-3.webp\",\"contentUrl\":\"https:\\\/\\\/www.fcbarcelonanoticias.com\\\/en\\\/wp-content\\\/uploads\\\/sites\\\/2\\\/2025\\\/11\\\/ferran-torres-v-elche-laliga-25-26-3.webp\",\"width\":1200,\"height\":675},{\"@type\":\"BreadcrumbList\",\"@id\":\"https:\\\/\\\/www.fcbarcelonanoticias.com\\\/en\\\/laliga\\\/ferran-torres-reaches-50-goals-with-fc-barcelona_315171_102.html#breadcrumb\",\"itemListElement\":[{\"@type\":\"ListItem\",\"position\":1,\"name\":\"Portada\",\"item\":\"https:\\\/\\\/www.fcbarcelonanoticias.com\\\/en\\\/\"},{\"@type\":\"ListItem\",\"position\":2,\"name\":\"Ferran Torres reaches 50 goals with FC Barcelona!\"}]},{\"@type\":\"WebSite\",\"@id\":\"https:\\\/\\\/www.fcbarcelonanoticias.com\\\/en\\\/#website\",\"url\":\"https:\\\/\\\/www.fcbarcelonanoticias.com\\\/en\\\/\",\"name\":\"EN - FC Barcelona Noticias\",\"description\":\"\",\"potentialAction\":[{\"@type\":\"SearchAction\",\"target\":{\"@type\":\"EntryPoint\",\"urlTemplate\":\"https:\\\/\\\/www.fcbarcelonanoticias.com\\\/en\\\/?s={search_term_string}\"},\"query-input\":{\"@type\":\"PropertyValueSpecification\",\"valueRequired\":true,\"valueName\":\"search_term_string\"}}],\"inLanguage\":\"en-US\"},{\"@type\":\"Person\",\"@id\":\"https:\\\/\\\/www.fcbarcelonanoticias.com\\\/en\\\/#\\\/schema\\\/person\\\/c2cd9f6fa1af5c0d0eccd0fefa575c88\",\"name\":\"Andr\u00e9s Quiroz\",\"image\":{\"@type\":\"ImageObject\",\"inLanguage\":\"en-US\",\"@id\":\"https:\\\/\\\/secure.gravatar.com\\\/avatar\\\/?s=96&d=mm&r=g\",\"url\":\"https:\\\/\\\/secure.gravatar.com\\\/avatar\\\/?s=96&d=mm&r=g\",\"contentUrl\":\"https:\\\/\\\/secure.gravatar.com\\\/avatar\\\/?s=96&d=mm&r=g\",\"caption\":\"Andr\u00e9s Quiroz\"},\"description\":\"Licenciado en Periodismo por la Universidad de los Andes. Me encargo de analizar y compartir los contenidos m\u00e1s destacados de la\u00a0actualidad del F\u00fatbol Club Barcelona, Mercado de Fichajes y F\u00fatbol Internacional en FCBN. La informaci\u00f3n es poder, pero tambi\u00e9n conocimiento.\",\"url\":\"https:\\\/\\\/www.fcbarcelonanoticias.com\\\/en\\\/fc-barcelona\\\/andres-quiroz_17_115.html\"}]}<\/script>\n<!-- \/ Yoast SEO plugin. -->","yoast_head_json":{"title":"Ferran Torres reaches 50 goals with FC Barcelona!","description":"Bar\u00e7a took an early lead against Elche thanks to goals from Lamine Yamal and Ferran Torres. For the 'Shark', it was his 50th goal in 170 matches","robots":{"index":"index","follow":"follow","max-snippet":"max-snippet:-1","max-image-preview":"max-image-preview:large","max-video-preview":"max-video-preview:-1"},"canonical":"https:\/\/www.fcbarcelonanoticias.com\/en\/laliga\/ferran-torres-reaches-50-goals-with-fc-barcelona_315171_102.html","og_locale":"en_US","og_type":"article","og_title":"Ferran Torres reaches 50 goals with FC Barcelona!","og_description":"Bar\u00e7a took an early lead against Elche thanks to goals from Lamine Yamal and Ferran Torres. For the 'Shark', it was his 50th goal in 170 matches","og_url":"https:\/\/www.fcbarcelonanoticias.com\/en\/laliga\/ferran-torres-reaches-50-goals-with-fc-barcelona_315171_102.html","og_site_name":"EN - FC Barcelona Noticias","article_published_time":"2025-11-02T18:29:00+00:00","article_modified_time":"2026-04-16T07:19:22+00:00","og_image":[{"width":1200,"height":675,"url":"https:\/\/www.fcbarcelonanoticias.com\/en\/wp-content\/uploads\/sites\/2\/2025\/11\/ferran-torres-v-elche-laliga-25-26-3.webp","type":"image\/webp"}],"author":"Andr\u00e9s Quiroz","twitter_card":"summary_large_image","twitter_misc":{"Written by":"Andr\u00e9s Quiroz","Est. reading time":"3 minutes"},"schema":{"@context":"https:\/\/schema.org","@graph":[{"@type":"Article","@id":"https:\/\/www.fcbarcelonanoticias.com\/en\/laliga\/ferran-torres-reaches-50-goals-with-fc-barcelona_315171_102.html#article","isPartOf":{"@id":"https:\/\/www.fcbarcelonanoticias.com\/en\/laliga\/ferran-torres-reaches-50-goals-with-fc-barcelona_315171_102.html"},"author":{"name":"Andr\u00e9s Quiroz","@id":"https:\/\/www.fcbarcelonanoticias.com\/en\/#\/schema\/person\/c2cd9f6fa1af5c0d0eccd0fefa575c88"},"headline":"Ferran Torres reaches 50 goals with FC Barcelona!","datePublished":"2025-11-02T18:29:00+00:00","dateModified":"2026-04-16T07:19:22+00:00","mainEntityOfPage":{"@id":"https:\/\/www.fcbarcelonanoticias.com\/en\/laliga\/ferran-torres-reaches-50-goals-with-fc-barcelona_315171_102.html"},"wordCount":533,"image":{"@id":"https:\/\/www.fcbarcelonanoticias.com\/en\/laliga\/ferran-torres-reaches-50-goals-with-fc-barcelona_315171_102.html#primaryimage"},"thumbnailUrl":"https:\/\/www.fcbarcelonanoticias.com\/en\/wp-content\/uploads\/sites\/2\/2025\/11\/ferran-torres-v-elche-laliga-25-26-3.webp","keywords":["Elche CF","Ferran Torres","Ferran Torres","Statistics"],"articleSection":["LaLiga","LaLiga"],"inLanguage":"en-US"},{"@type":"WebPage","@id":"https:\/\/www.fcbarcelonanoticias.com\/en\/laliga\/ferran-torres-reaches-50-goals-with-fc-barcelona_315171_102.html","url":"https:\/\/www.fcbarcelonanoticias.com\/en\/laliga\/ferran-torres-reaches-50-goals-with-fc-barcelona_315171_102.html","name":"Ferran Torres reaches 50 goals with FC Barcelona!","isPartOf":{"@id":"https:\/\/www.fcbarcelonanoticias.com\/en\/#website"},"primaryImageOfPage":{"@id":"https:\/\/www.fcbarcelonanoticias.com\/en\/laliga\/ferran-torres-reaches-50-goals-with-fc-barcelona_315171_102.html#primaryimage"},"image":{"@id":"https:\/\/www.fcbarcelonanoticias.com\/en\/laliga\/ferran-torres-reaches-50-goals-with-fc-barcelona_315171_102.html#primaryimage"},"thumbnailUrl":"https:\/\/www.fcbarcelonanoticias.com\/en\/wp-content\/uploads\/sites\/2\/2025\/11\/ferran-torres-v-elche-laliga-25-26-3.webp","datePublished":"2025-11-02T18:29:00+00:00","dateModified":"2026-04-16T07:19:22+00:00","author":{"@id":"https:\/\/www.fcbarcelonanoticias.com\/en\/#\/schema\/person\/c2cd9f6fa1af5c0d0eccd0fefa575c88"},"description":"Bar\u00e7a took an early lead against Elche thanks to goals from Lamine Yamal and Ferran Torres. For the 'Shark', it was his 50th goal in 170 matches","breadcrumb":{"@id":"https:\/\/www.fcbarcelonanoticias.com\/en\/laliga\/ferran-torres-reaches-50-goals-with-fc-barcelona_315171_102.html#breadcrumb"},"inLanguage":"en-US","potentialAction":[{"@type":"ReadAction","target":["https:\/\/www.fcbarcelonanoticias.com\/en\/laliga\/ferran-torres-reaches-50-goals-with-fc-barcelona_315171_102.html"]}]},{"@type":"ImageObject","inLanguage":"en-US","@id":"https:\/\/www.fcbarcelonanoticias.com\/en\/laliga\/ferran-torres-reaches-50-goals-with-fc-barcelona_315171_102.html#primaryimage","url":"https:\/\/www.fcbarcelonanoticias.com\/en\/wp-content\/uploads\/sites\/2\/2025\/11\/ferran-torres-v-elche-laliga-25-26-3.webp","contentUrl":"https:\/\/www.fcbarcelonanoticias.com\/en\/wp-content\/uploads\/sites\/2\/2025\/11\/ferran-torres-v-elche-laliga-25-26-3.webp","width":1200,"height":675},{"@type":"BreadcrumbList","@id":"https:\/\/www.fcbarcelonanoticias.com\/en\/laliga\/ferran-torres-reaches-50-goals-with-fc-barcelona_315171_102.html#breadcrumb","itemListElement":[{"@type":"ListItem","position":1,"name":"Portada","item":"https:\/\/www.fcbarcelonanoticias.com\/en\/"},{"@type":"ListItem","position":2,"name":"Ferran Torres reaches 50 goals with FC Barcelona!"}]},{"@type":"WebSite","@id":"https:\/\/www.fcbarcelonanoticias.com\/en\/#website","url":"https:\/\/www.fcbarcelonanoticias.com\/en\/","name":"EN - FC Barcelona Noticias","description":"","potentialAction":[{"@type":"SearchAction","target":{"@type":"EntryPoint","urlTemplate":"https:\/\/www.fcbarcelonanoticias.com\/en\/?s={search_term_string}"},"query-input":{"@type":"PropertyValueSpecification","valueRequired":true,"valueName":"search_term_string"}}],"inLanguage":"en-US"},{"@type":"Person","@id":"https:\/\/www.fcbarcelonanoticias.com\/en\/#\/schema\/person\/c2cd9f6fa1af5c0d0eccd0fefa575c88","name":"Andr\u00e9s Quiroz","image":{"@type":"ImageObject","inLanguage":"en-US","@id":"https:\/\/secure.gravatar.com\/avatar\/?s=96&d=mm&r=g","url":"https:\/\/secure.gravatar.com\/avatar\/?s=96&d=mm&r=g","contentUrl":"https:\/\/secure.gravatar.com\/avatar\/?s=96&d=mm&r=g","caption":"Andr\u00e9s Quiroz"},"description":"Licenciado en Periodismo por la Universidad de los Andes. Me encargo de analizar y compartir los contenidos m\u00e1s destacados de la\u00a0actualidad del F\u00fatbol Club Barcelona, Mercado de Fichajes y F\u00fatbol Internacional en FCBN. La informaci\u00f3n es poder, pero tambi\u00e9n conocimiento.","url":"https:\/\/www.fcbarcelonanoticias.com\/en\/fc-barcelona\/andres-quiroz_17_115.html"}]}},"_links":{"self":[{"href":"https:\/\/www.fcbarcelonanoticias.com\/en\/wp-json\/wp\/v2\/posts\/54439","targetHints":{"allow":["GET"]}}],"collection":[{"href":"https:\/\/www.fcbarcelonanoticias.com\/en\/wp-json\/wp\/v2\/posts"}],"about":[{"href":"https:\/\/www.fcbarcelonanoticias.com\/en\/wp-json\/wp\/v2\/types\/post"}],"author":[{"embeddable":true,"href":"https:\/\/www.fcbarcelonanoticias.com\/en\/wp-json\/wp\/v2\/users\/347"}],"replies":[{"embeddable":true,"href":"https:\/\/www.fcbarcelonanoticias.com\/en\/wp-json\/wp\/v2\/comments?post=54439"}],"version-history":[{"count":3,"href":"https:\/\/www.fcbarcelonanoticias.com\/en\/wp-json\/wp\/v2\/posts\/54439\/revisions"}],"predecessor-version":[{"id":171980,"href":"https:\/\/www.fcbarcelonanoticias.com\/en\/wp-json\/wp\/v2\/posts\/54439\/revisions\/171980"}],"wp:featuredmedia":[{"embeddable":true,"href":"https:\/\/www.fcbarcelonanoticias.com\/en\/wp-json\/wp\/v2\/media\/115225"}],"wp:attachment":[{"href":"https:\/\/www.fcbarcelonanoticias.com\/en\/wp-json\/wp\/v2\/media?parent=54439"}],"wp:term":[{"taxonomy":"category","embeddable":true,"href":"https:\/\/www.fcbarcelonanoticias.com\/en\/wp-json\/wp\/v2\/categories?post=54439"},{"taxonomy":"post_tag","embeddable":true,"href":"https:\/\/www.fcbarcelonanoticias.com\/en\/wp-json\/wp\/v2\/tags?post=54439"}],"curies":[{"name":"wp","href":"https:\/\/api.w.org\/{rel}","templated":true}]}}