{"id":54459,"date":"2024-03-18T00:05:00","date_gmt":"2024-03-17T23:05:00","guid":{"rendered":"https:\/\/weisetech.dev\/fc-barcelona-noticias\/en\/fermin-lopez-went-back-to-shine-and-already-is-the-maximum-chamber-goleador-nbsp-of-the-nbsp-barca_301807_102\/"},"modified":"2024-03-18T04:15:00","modified_gmt":"2024-03-18T03:15:00","slug":"fermin-lopez-went-back-to-shine-and-already-is-the-maximum-chamber-goleador-nbsp-of-the-nbsp-barca_301807_102","status":"publish","type":"post","link":"https:\/\/www.fcbarcelonanoticias.com\/en\/laliga\/fermin-lopez-went-back-to-shine-and-already-is-the-maximum-chamber-goleador-nbsp-of-the-nbsp-barca_301807_102.html","title":{"rendered":"Ferm\u00edn L\u00f3pez went back to shine and already is the maximum chamber goleador\u00a0of the\u00a0Bar\u00e7a"},"content":{"rendered":"<h2 class=\"wp-block-heading\">The canterano of The Farm is &#8216;on fire&#8217; of face to the arch. With his so much in the victory in front of the Athletic of Madrid, situates  in the fourth position of the maxima goleadores of the Bar\u00e7a in the present season<\/h2>  \r\n<div class=\"article-addons\">\r\n    <a href=\"https:\/\/www.fcbarcelonanoticias.com\/en\/calendar-fc-barcelona.html\"\r\n       target=\"_self\"\r\n       title=\"Calendar of FC Barcelona\"\r\n       class=\"blue-gredient-btn\">\r\n       \r\n        Calendar of FC Barcelona    <\/a>\r\n<\/div>   <p>The inclusion of Ferm\u00edn L\u00f3pez in the XI initial of the Bar\u00e7a in front of the Athletic of Madrid was a surprise of last minute. <strong>The canterano was of the game by the annoyances of Christensen in the previous warmings to the meeting<\/strong>, and went back to shine <a data-external=\"0\" data-intl-links-en=\"https:\/\/www.fcbarcelonanoticias.com\/en\/fc-barcelona\/gundogan-cubarsi-kounde-barca-1x1-in-their-rout-of-atletico-in-laliga-ea-sports_301806_102.html\" data-intl-links-es=\"https:\/\/www.fcbarcelonanoticias.com\/fc-barcelona\/gundogan-cubarsi-kounde-1x1-barca-en-su-goleada-atletico-en-laliga-ea-sports_301806_102.html\" href=\"https:\/\/www.fcbarcelonanoticias.com\/en\/fc-barcelona\/gundogan-cubarsi-kounde-barca-1x1-in-their-rout-of-atletico-in-laliga-ea-sports_301806_102.html\" rel=\"follow\" target=\"_self\" title=\"G\u00fcndogan, Cubars\u00ed, Kound\u00e9... El 1x1 del Bar\u00e7a en su goleada al Atl\u00e9tico en LaLiga EA Sports\">in the victory (0-3) in the Civitas Metropolitan in front of the &#8216;colchoneros&#8217;<\/a>. Of this way, follows him showing to Xavi Hern\u00e1ndez that deserves more minutes inside the terrain of game.<\/p>  <p>The native player of The Campillo was of the most stood out of the group blaugrana, annotating the third goal after a precise centre of Robert Lewandowski. <strong>The Pole received in the beak of the right area of Kound\u00e9, with all the calm of the world<\/strong>, raised the head seeing to the alone Andalusian facing the porteria defended by Jan Oblak, and after a big precise centre, found the head of Ferm\u00edn, that with a big finish sentenced the 0-3 final with which the FC Barcelona gole\u00f3 to the Atleti.<\/p>  <h2>Ferm\u00edn, the maximum chamber goleador of the Bar\u00e7a in the present season<\/h2>  <p>With this so much <strong>already are six those that carries with the Bar\u00e7a in the present season. Situating like this, in the fourth place of the table of goleadores.<\/strong> The &#8217;16&#8217; cul\u00e9 equalised the same goals that carries his mate Lamine Yamal (6). In the third place, a bit more move# away finds Jo\u00e3or F\u00e9lix, that applied the &#8216;Law of the ex&#8217; and arrived to the 9 so many. More advance that the luso is Ferran Torres with 11 goals, that before his injury was one of the most stood out in the Barcelona offensive. Finally, in the peak of the list appears Robert Lewandowski. The Polish forward referent in the attack blaugrana carries 20 in his statistics.<\/p>  <p>It is to stand out the quantity of goals that has marked Ferm\u00edn in the campaign. <strong>His numbers are very remarkable to play in the midfield and not being usual in the eleven headline.<\/strong> Beyond all doubt, the canterano of &#8216;The Farm&#8217; is answering with grow every time that it touches him play. It subtracts to know if with this performance attains to convince to the mister of Terrassa to put it more been still in a zone of the field that is plagada of injuries.<\/p> ","protected":false},"excerpt":{"rendered":"<p>The canterano of The Farm is &#8216;on fire&#8217; of face to the arch. With his so much in the victory in front of the Athletic of Madrid, situates in the fourth position of the maxima goleadores of the Bar\u00e7a in the present season The inclusion of Ferm\u00edn L\u00f3pez in the XI initial of the Bar\u00e7a [&hellip;]<\/p>\n","protected":false},"author":360,"featured_media":54461,"comment_status":"closed","ping_status":"open","sticky":false,"template":"","format":"standard","meta":{"_acf_changed":false,"inline_featured_image":false,"_nextfly_llmd_date_locked":false,"footnotes":""},"categories":[114,448],"tags":[59,157],"class_list":["post-54459","post","type-post","status-publish","format-standard","has-post-thumbnail","hentry","category-laliga","category-laliga-2","tag-atletico-de-madrid","tag-statistics"],"acf":[],"yoast_head":"<!-- This site is optimized with the Yoast SEO plugin v27.3 - https:\/\/yoast.com\/product\/yoast-seo-wordpress\/ -->\n<title>Ferm\u00edn L\u00f3pez went back to shine and already is the maximum chamber goleador&nbsp;of the&nbsp;Bar\u00e7a<\/title>\n<meta name=\"description\" content=\"The canterano of The Farm is &#039;on fire&#039; of face to the arch. With his so much in the victory in front of the Athletic of Madrid, situates in the fourth position of the maxima goleadores of the Bar\u00e7a in the present season\" \/>\n<meta name=\"robots\" content=\"index, follow, max-snippet:-1, max-image-preview:large, max-video-preview:-1\" \/>\n<link rel=\"canonical\" href=\"https:\/\/www.fcbarcelonanoticias.com\/en\/laliga\/fermin-lopez-went-back-to-shine-and-already-is-the-maximum-chamber-goleador-nbsp-of-the-nbsp-barca_301807_102.html\" \/>\n<meta property=\"og:locale\" content=\"en_US\" \/>\n<meta property=\"og:type\" content=\"article\" \/>\n<meta property=\"og:title\" content=\"Ferm\u00edn L\u00f3pez went back to shine and already is the maximum chamber goleador&nbsp;of the&nbsp;Bar\u00e7a\" \/>\n<meta property=\"og:description\" content=\"The canterano of The Farm is &#039;on fire&#039; of face to the arch. With his so much in the victory in front of the Athletic of Madrid, situates in the fourth position of the maxima goleadores of the Bar\u00e7a in the present season\" \/>\n<meta property=\"og:url\" content=\"https:\/\/www.fcbarcelonanoticias.com\/en\/laliga\/fermin-lopez-went-back-to-shine-and-already-is-the-maximum-chamber-goleador-nbsp-of-the-nbsp-barca_301807_102.html\" \/>\n<meta property=\"og:site_name\" content=\"EN - FC Barcelona Noticias\" \/>\n<meta property=\"article:published_time\" content=\"2024-03-17T23:05:00+00:00\" \/>\n<meta property=\"article:modified_time\" content=\"2024-03-18T03:15:00+00:00\" \/>\n<meta property=\"og:image\" content=\"https:\/\/www.fcbarcelonanoticias.com\/en\/wp-content\/uploads\/sites\/2\/2024\/03\/fermin-celebrando-su-gol-ante-el-atletico-de-madrid.jpeg\" \/>\n\t<meta property=\"og:image:width\" content=\"1300\" \/>\n\t<meta property=\"og:image:height\" content=\"730\" \/>\n\t<meta property=\"og:image:type\" content=\"image\/jpeg\" \/>\n<meta name=\"author\" content=\"Jos\u00e9 Carlos Jaramillo\" \/>\n<meta name=\"twitter:card\" content=\"summary_large_image\" \/>\n<meta name=\"twitter:label1\" content=\"Written by\" \/>\n\t<meta name=\"twitter:data1\" content=\"Jos\u00e9 Carlos Jaramillo\" \/>\n\t<meta name=\"twitter:label2\" content=\"Est. reading time\" \/>\n\t<meta name=\"twitter:data2\" content=\"2 minutes\" \/>\n<script type=\"application\/ld+json\" class=\"yoast-schema-graph\">{\"@context\":\"https:\\\/\\\/schema.org\",\"@graph\":[{\"@type\":\"Article\",\"@id\":\"https:\\\/\\\/www.fcbarcelonanoticias.com\\\/en\\\/laliga\\\/fermin-lopez-went-back-to-shine-and-already-is-the-maximum-chamber-goleador-nbsp-of-the-nbsp-barca_301807_102.html#article\",\"isPartOf\":{\"@id\":\"https:\\\/\\\/www.fcbarcelonanoticias.com\\\/en\\\/laliga\\\/fermin-lopez-went-back-to-shine-and-already-is-the-maximum-chamber-goleador-nbsp-of-the-nbsp-barca_301807_102.html\"},\"author\":{\"name\":\"Jos\u00e9 Carlos Jaramillo\",\"@id\":\"https:\\\/\\\/www.fcbarcelonanoticias.com\\\/en\\\/#\\\/schema\\\/person\\\/7e0029b6b891133992eecb8d3e9829b8\"},\"headline\":\"Ferm\u00edn L\u00f3pez went back to shine and already is the maximum chamber goleador\u00a0of the\u00a0Bar\u00e7a\",\"datePublished\":\"2024-03-17T23:05:00+00:00\",\"dateModified\":\"2024-03-18T03:15:00+00:00\",\"mainEntityOfPage\":{\"@id\":\"https:\\\/\\\/www.fcbarcelonanoticias.com\\\/en\\\/laliga\\\/fermin-lopez-went-back-to-shine-and-already-is-the-maximum-chamber-goleador-nbsp-of-the-nbsp-barca_301807_102.html\"},\"wordCount\":454,\"image\":{\"@id\":\"https:\\\/\\\/www.fcbarcelonanoticias.com\\\/en\\\/laliga\\\/fermin-lopez-went-back-to-shine-and-already-is-the-maximum-chamber-goleador-nbsp-of-the-nbsp-barca_301807_102.html#primaryimage\"},\"thumbnailUrl\":\"https:\\\/\\\/www.fcbarcelonanoticias.com\\\/en\\\/wp-content\\\/uploads\\\/sites\\\/2\\\/2024\\\/03\\\/fermin-celebrando-su-gol-ante-el-atletico-de-madrid.jpeg\",\"keywords\":[\"Atl\u00e9tico de Madrid\",\"Statistics\"],\"articleSection\":[\"LaLiga\",\"LaLiga\"],\"inLanguage\":\"en-US\"},{\"@type\":\"WebPage\",\"@id\":\"https:\\\/\\\/www.fcbarcelonanoticias.com\\\/en\\\/laliga\\\/fermin-lopez-went-back-to-shine-and-already-is-the-maximum-chamber-goleador-nbsp-of-the-nbsp-barca_301807_102.html\",\"url\":\"https:\\\/\\\/www.fcbarcelonanoticias.com\\\/en\\\/laliga\\\/fermin-lopez-went-back-to-shine-and-already-is-the-maximum-chamber-goleador-nbsp-of-the-nbsp-barca_301807_102.html\",\"name\":\"Ferm\u00edn L\u00f3pez went back to shine and already is the maximum chamber goleador&nbsp;of the&nbsp;Bar\u00e7a\",\"isPartOf\":{\"@id\":\"https:\\\/\\\/www.fcbarcelonanoticias.com\\\/en\\\/#website\"},\"primaryImageOfPage\":{\"@id\":\"https:\\\/\\\/www.fcbarcelonanoticias.com\\\/en\\\/laliga\\\/fermin-lopez-went-back-to-shine-and-already-is-the-maximum-chamber-goleador-nbsp-of-the-nbsp-barca_301807_102.html#primaryimage\"},\"image\":{\"@id\":\"https:\\\/\\\/www.fcbarcelonanoticias.com\\\/en\\\/laliga\\\/fermin-lopez-went-back-to-shine-and-already-is-the-maximum-chamber-goleador-nbsp-of-the-nbsp-barca_301807_102.html#primaryimage\"},\"thumbnailUrl\":\"https:\\\/\\\/www.fcbarcelonanoticias.com\\\/en\\\/wp-content\\\/uploads\\\/sites\\\/2\\\/2024\\\/03\\\/fermin-celebrando-su-gol-ante-el-atletico-de-madrid.jpeg\",\"datePublished\":\"2024-03-17T23:05:00+00:00\",\"dateModified\":\"2024-03-18T03:15:00+00:00\",\"author\":{\"@id\":\"https:\\\/\\\/www.fcbarcelonanoticias.com\\\/en\\\/#\\\/schema\\\/person\\\/7e0029b6b891133992eecb8d3e9829b8\"},\"description\":\"The canterano of The Farm is 'on fire' of face to the arch. With his so much in the victory in front of the Athletic of Madrid, situates in the fourth position of the maxima goleadores of the Bar\u00e7a in the present season\",\"breadcrumb\":{\"@id\":\"https:\\\/\\\/www.fcbarcelonanoticias.com\\\/en\\\/laliga\\\/fermin-lopez-went-back-to-shine-and-already-is-the-maximum-chamber-goleador-nbsp-of-the-nbsp-barca_301807_102.html#breadcrumb\"},\"inLanguage\":\"en-US\",\"potentialAction\":[{\"@type\":\"ReadAction\",\"target\":[\"https:\\\/\\\/www.fcbarcelonanoticias.com\\\/en\\\/laliga\\\/fermin-lopez-went-back-to-shine-and-already-is-the-maximum-chamber-goleador-nbsp-of-the-nbsp-barca_301807_102.html\"]}]},{\"@type\":\"ImageObject\",\"inLanguage\":\"en-US\",\"@id\":\"https:\\\/\\\/www.fcbarcelonanoticias.com\\\/en\\\/laliga\\\/fermin-lopez-went-back-to-shine-and-already-is-the-maximum-chamber-goleador-nbsp-of-the-nbsp-barca_301807_102.html#primaryimage\",\"url\":\"https:\\\/\\\/www.fcbarcelonanoticias.com\\\/en\\\/wp-content\\\/uploads\\\/sites\\\/2\\\/2024\\\/03\\\/fermin-celebrando-su-gol-ante-el-atletico-de-madrid.jpeg\",\"contentUrl\":\"https:\\\/\\\/www.fcbarcelonanoticias.com\\\/en\\\/wp-content\\\/uploads\\\/sites\\\/2\\\/2024\\\/03\\\/fermin-celebrando-su-gol-ante-el-atletico-de-madrid.jpeg\",\"width\":1300,\"height\":730},{\"@type\":\"BreadcrumbList\",\"@id\":\"https:\\\/\\\/www.fcbarcelonanoticias.com\\\/en\\\/laliga\\\/fermin-lopez-went-back-to-shine-and-already-is-the-maximum-chamber-goleador-nbsp-of-the-nbsp-barca_301807_102.html#breadcrumb\",\"itemListElement\":[{\"@type\":\"ListItem\",\"position\":1,\"name\":\"Portada\",\"item\":\"https:\\\/\\\/www.fcbarcelonanoticias.com\\\/en\\\/\"},{\"@type\":\"ListItem\",\"position\":2,\"name\":\"Ferm\u00edn L\u00f3pez went back to shine and already is the maximum chamber goleador\u00a0of the\u00a0Bar\u00e7a\"}]},{\"@type\":\"WebSite\",\"@id\":\"https:\\\/\\\/www.fcbarcelonanoticias.com\\\/en\\\/#website\",\"url\":\"https:\\\/\\\/www.fcbarcelonanoticias.com\\\/en\\\/\",\"name\":\"EN - FC Barcelona Noticias\",\"description\":\"\",\"potentialAction\":[{\"@type\":\"SearchAction\",\"target\":{\"@type\":\"EntryPoint\",\"urlTemplate\":\"https:\\\/\\\/www.fcbarcelonanoticias.com\\\/en\\\/?s={search_term_string}\"},\"query-input\":{\"@type\":\"PropertyValueSpecification\",\"valueRequired\":true,\"valueName\":\"search_term_string\"}}],\"inLanguage\":\"en-US\"},{\"@type\":\"Person\",\"@id\":\"https:\\\/\\\/www.fcbarcelonanoticias.com\\\/en\\\/#\\\/schema\\\/person\\\/7e0029b6b891133992eecb8d3e9829b8\",\"name\":\"Jos\u00e9 Carlos Jaramillo\",\"image\":{\"@type\":\"ImageObject\",\"inLanguage\":\"en-US\",\"@id\":\"https:\\\/\\\/secure.gravatar.com\\\/avatar\\\/?s=96&d=mm&r=g\",\"url\":\"https:\\\/\\\/secure.gravatar.com\\\/avatar\\\/?s=96&d=mm&r=g\",\"contentUrl\":\"https:\\\/\\\/secure.gravatar.com\\\/avatar\\\/?s=96&d=mm&r=g\",\"caption\":\"Jos\u00e9 Carlos Jaramillo\"},\"url\":\"https:\\\/\\\/www.fcbarcelonanoticias.com\\\/en\\\/jose-carlos-jaramillo_26_115.html\"}]}<\/script>\n<!-- \/ Yoast SEO plugin. -->","yoast_head_json":{"title":"Ferm\u00edn L\u00f3pez went back to shine and already is the maximum chamber goleador&nbsp;of the&nbsp;Bar\u00e7a","description":"The canterano of The Farm is 'on fire' of face to the arch. With his so much in the victory in front of the Athletic of Madrid, situates in the fourth position of the maxima goleadores of the Bar\u00e7a in the present season","robots":{"index":"index","follow":"follow","max-snippet":"max-snippet:-1","max-image-preview":"max-image-preview:large","max-video-preview":"max-video-preview:-1"},"canonical":"https:\/\/www.fcbarcelonanoticias.com\/en\/laliga\/fermin-lopez-went-back-to-shine-and-already-is-the-maximum-chamber-goleador-nbsp-of-the-nbsp-barca_301807_102.html","og_locale":"en_US","og_type":"article","og_title":"Ferm\u00edn L\u00f3pez went back to shine and already is the maximum chamber goleador&nbsp;of the&nbsp;Bar\u00e7a","og_description":"The canterano of The Farm is 'on fire' of face to the arch. With his so much in the victory in front of the Athletic of Madrid, situates in the fourth position of the maxima goleadores of the Bar\u00e7a in the present season","og_url":"https:\/\/www.fcbarcelonanoticias.com\/en\/laliga\/fermin-lopez-went-back-to-shine-and-already-is-the-maximum-chamber-goleador-nbsp-of-the-nbsp-barca_301807_102.html","og_site_name":"EN - FC Barcelona Noticias","article_published_time":"2024-03-17T23:05:00+00:00","article_modified_time":"2024-03-18T03:15:00+00:00","og_image":[{"width":1300,"height":730,"url":"https:\/\/www.fcbarcelonanoticias.com\/en\/wp-content\/uploads\/sites\/2\/2024\/03\/fermin-celebrando-su-gol-ante-el-atletico-de-madrid.jpeg","type":"image\/jpeg"}],"author":"Jos\u00e9 Carlos Jaramillo","twitter_card":"summary_large_image","twitter_misc":{"Written by":"Jos\u00e9 Carlos Jaramillo","Est. reading time":"2 minutes"},"schema":{"@context":"https:\/\/schema.org","@graph":[{"@type":"Article","@id":"https:\/\/www.fcbarcelonanoticias.com\/en\/laliga\/fermin-lopez-went-back-to-shine-and-already-is-the-maximum-chamber-goleador-nbsp-of-the-nbsp-barca_301807_102.html#article","isPartOf":{"@id":"https:\/\/www.fcbarcelonanoticias.com\/en\/laliga\/fermin-lopez-went-back-to-shine-and-already-is-the-maximum-chamber-goleador-nbsp-of-the-nbsp-barca_301807_102.html"},"author":{"name":"Jos\u00e9 Carlos Jaramillo","@id":"https:\/\/www.fcbarcelonanoticias.com\/en\/#\/schema\/person\/7e0029b6b891133992eecb8d3e9829b8"},"headline":"Ferm\u00edn L\u00f3pez went back to shine and already is the maximum chamber goleador\u00a0of the\u00a0Bar\u00e7a","datePublished":"2024-03-17T23:05:00+00:00","dateModified":"2024-03-18T03:15:00+00:00","mainEntityOfPage":{"@id":"https:\/\/www.fcbarcelonanoticias.com\/en\/laliga\/fermin-lopez-went-back-to-shine-and-already-is-the-maximum-chamber-goleador-nbsp-of-the-nbsp-barca_301807_102.html"},"wordCount":454,"image":{"@id":"https:\/\/www.fcbarcelonanoticias.com\/en\/laliga\/fermin-lopez-went-back-to-shine-and-already-is-the-maximum-chamber-goleador-nbsp-of-the-nbsp-barca_301807_102.html#primaryimage"},"thumbnailUrl":"https:\/\/www.fcbarcelonanoticias.com\/en\/wp-content\/uploads\/sites\/2\/2024\/03\/fermin-celebrando-su-gol-ante-el-atletico-de-madrid.jpeg","keywords":["Atl\u00e9tico de Madrid","Statistics"],"articleSection":["LaLiga","LaLiga"],"inLanguage":"en-US"},{"@type":"WebPage","@id":"https:\/\/www.fcbarcelonanoticias.com\/en\/laliga\/fermin-lopez-went-back-to-shine-and-already-is-the-maximum-chamber-goleador-nbsp-of-the-nbsp-barca_301807_102.html","url":"https:\/\/www.fcbarcelonanoticias.com\/en\/laliga\/fermin-lopez-went-back-to-shine-and-already-is-the-maximum-chamber-goleador-nbsp-of-the-nbsp-barca_301807_102.html","name":"Ferm\u00edn L\u00f3pez went back to shine and already is the maximum chamber goleador&nbsp;of the&nbsp;Bar\u00e7a","isPartOf":{"@id":"https:\/\/www.fcbarcelonanoticias.com\/en\/#website"},"primaryImageOfPage":{"@id":"https:\/\/www.fcbarcelonanoticias.com\/en\/laliga\/fermin-lopez-went-back-to-shine-and-already-is-the-maximum-chamber-goleador-nbsp-of-the-nbsp-barca_301807_102.html#primaryimage"},"image":{"@id":"https:\/\/www.fcbarcelonanoticias.com\/en\/laliga\/fermin-lopez-went-back-to-shine-and-already-is-the-maximum-chamber-goleador-nbsp-of-the-nbsp-barca_301807_102.html#primaryimage"},"thumbnailUrl":"https:\/\/www.fcbarcelonanoticias.com\/en\/wp-content\/uploads\/sites\/2\/2024\/03\/fermin-celebrando-su-gol-ante-el-atletico-de-madrid.jpeg","datePublished":"2024-03-17T23:05:00+00:00","dateModified":"2024-03-18T03:15:00+00:00","author":{"@id":"https:\/\/www.fcbarcelonanoticias.com\/en\/#\/schema\/person\/7e0029b6b891133992eecb8d3e9829b8"},"description":"The canterano of The Farm is 'on fire' of face to the arch. With his so much in the victory in front of the Athletic of Madrid, situates in the fourth position of the maxima goleadores of the Bar\u00e7a in the present season","breadcrumb":{"@id":"https:\/\/www.fcbarcelonanoticias.com\/en\/laliga\/fermin-lopez-went-back-to-shine-and-already-is-the-maximum-chamber-goleador-nbsp-of-the-nbsp-barca_301807_102.html#breadcrumb"},"inLanguage":"en-US","potentialAction":[{"@type":"ReadAction","target":["https:\/\/www.fcbarcelonanoticias.com\/en\/laliga\/fermin-lopez-went-back-to-shine-and-already-is-the-maximum-chamber-goleador-nbsp-of-the-nbsp-barca_301807_102.html"]}]},{"@type":"ImageObject","inLanguage":"en-US","@id":"https:\/\/www.fcbarcelonanoticias.com\/en\/laliga\/fermin-lopez-went-back-to-shine-and-already-is-the-maximum-chamber-goleador-nbsp-of-the-nbsp-barca_301807_102.html#primaryimage","url":"https:\/\/www.fcbarcelonanoticias.com\/en\/wp-content\/uploads\/sites\/2\/2024\/03\/fermin-celebrando-su-gol-ante-el-atletico-de-madrid.jpeg","contentUrl":"https:\/\/www.fcbarcelonanoticias.com\/en\/wp-content\/uploads\/sites\/2\/2024\/03\/fermin-celebrando-su-gol-ante-el-atletico-de-madrid.jpeg","width":1300,"height":730},{"@type":"BreadcrumbList","@id":"https:\/\/www.fcbarcelonanoticias.com\/en\/laliga\/fermin-lopez-went-back-to-shine-and-already-is-the-maximum-chamber-goleador-nbsp-of-the-nbsp-barca_301807_102.html#breadcrumb","itemListElement":[{"@type":"ListItem","position":1,"name":"Portada","item":"https:\/\/www.fcbarcelonanoticias.com\/en\/"},{"@type":"ListItem","position":2,"name":"Ferm\u00edn L\u00f3pez went back to shine and already is the maximum chamber goleador\u00a0of the\u00a0Bar\u00e7a"}]},{"@type":"WebSite","@id":"https:\/\/www.fcbarcelonanoticias.com\/en\/#website","url":"https:\/\/www.fcbarcelonanoticias.com\/en\/","name":"EN - FC Barcelona Noticias","description":"","potentialAction":[{"@type":"SearchAction","target":{"@type":"EntryPoint","urlTemplate":"https:\/\/www.fcbarcelonanoticias.com\/en\/?s={search_term_string}"},"query-input":{"@type":"PropertyValueSpecification","valueRequired":true,"valueName":"search_term_string"}}],"inLanguage":"en-US"},{"@type":"Person","@id":"https:\/\/www.fcbarcelonanoticias.com\/en\/#\/schema\/person\/7e0029b6b891133992eecb8d3e9829b8","name":"Jos\u00e9 Carlos Jaramillo","image":{"@type":"ImageObject","inLanguage":"en-US","@id":"https:\/\/secure.gravatar.com\/avatar\/?s=96&d=mm&r=g","url":"https:\/\/secure.gravatar.com\/avatar\/?s=96&d=mm&r=g","contentUrl":"https:\/\/secure.gravatar.com\/avatar\/?s=96&d=mm&r=g","caption":"Jos\u00e9 Carlos Jaramillo"},"url":"https:\/\/www.fcbarcelonanoticias.com\/en\/jose-carlos-jaramillo_26_115.html"}]}},"_links":{"self":[{"href":"https:\/\/www.fcbarcelonanoticias.com\/en\/wp-json\/wp\/v2\/posts\/54459","targetHints":{"allow":["GET"]}}],"collection":[{"href":"https:\/\/www.fcbarcelonanoticias.com\/en\/wp-json\/wp\/v2\/posts"}],"about":[{"href":"https:\/\/www.fcbarcelonanoticias.com\/en\/wp-json\/wp\/v2\/types\/post"}],"author":[{"embeddable":true,"href":"https:\/\/www.fcbarcelonanoticias.com\/en\/wp-json\/wp\/v2\/users\/360"}],"replies":[{"embeddable":true,"href":"https:\/\/www.fcbarcelonanoticias.com\/en\/wp-json\/wp\/v2\/comments?post=54459"}],"version-history":[{"count":1,"href":"https:\/\/www.fcbarcelonanoticias.com\/en\/wp-json\/wp\/v2\/posts\/54459\/revisions"}],"predecessor-version":[{"id":54460,"href":"https:\/\/www.fcbarcelonanoticias.com\/en\/wp-json\/wp\/v2\/posts\/54459\/revisions\/54460"}],"wp:featuredmedia":[{"embeddable":true,"href":"https:\/\/www.fcbarcelonanoticias.com\/en\/wp-json\/wp\/v2\/media\/54461"}],"wp:attachment":[{"href":"https:\/\/www.fcbarcelonanoticias.com\/en\/wp-json\/wp\/v2\/media?parent=54459"}],"wp:term":[{"taxonomy":"category","embeddable":true,"href":"https:\/\/www.fcbarcelonanoticias.com\/en\/wp-json\/wp\/v2\/categories?post=54459"},{"taxonomy":"post_tag","embeddable":true,"href":"https:\/\/www.fcbarcelonanoticias.com\/en\/wp-json\/wp\/v2\/tags?post=54459"}],"curies":[{"name":"wp","href":"https:\/\/api.w.org\/{rel}","templated":true}]}}