{"id":54511,"date":"2026-01-19T01:12:00","date_gmt":"2026-01-19T00:12:00","guid":{"rendered":"https:\/\/weisetech.dev\/fc-barcelona-noticias\/en\/flick-backs-de-jong-over-criticism-of-gil-manzano_315789_102\/"},"modified":"2026-01-19T01:12:00","modified_gmt":"2026-01-19T00:12:00","slug":"flick-backs-de-jong-over-criticism-of-gil-manzano_315789_102","status":"publish","type":"post","link":"https:\/\/www.fcbarcelonanoticias.com\/en\/laliga\/flick-backs-de-jong-over-criticism-of-gil-manzano_315789_102.html","title":{"rendered":"Hansi Flick backs Frenkie de Jong over criticism of Gil Manzano"},"content":{"rendered":"<h2 class=\"wp-block-heading\">Hansi Flick backed Frenkie de Jong for his outburst against Jes\u00fas Gil Manzano. The Bar\u00e7a coach believes there are evident &#8220;communication problems&#8221; on the field with the referee from Extremadura<\/h2>  \r\n<div class=\"article-addons\">\r\n    <a href=\"https:\/\/www.fcbarcelonanoticias.com\/en\/calendar-fc-barcelona.html\"\r\n       target=\"_self\"\r\n       title=\"Calendar of FC Barcelona\"\r\n       class=\"blue-gredient-btn\">\r\n       \r\n        Calendar of FC Barcelona    <\/a>\r\n<\/div>   <p><strong>Hansi Flick<\/strong> lamented <strong>FC Barcelona<\/strong>&#8216;s defeat against <strong>Real Sociedad<\/strong> (2-1), in a match conditioned by the controversial refereeing of <strong>Jes\u00fas Gil Manzano<\/strong>. In the post-match press conference, the manager preferred not to focus his analysis on the decisions that harmed Bar\u00e7a, although he did back <strong>Frenkie de Jong<\/strong> after his outburst against the main referee at Anoeta.<\/p>  <p>&#8220;**That&#8217;s what he said and I agree. I&#8217;m not going to waste time or energy on that**,&#8221; the Bar\u00e7a coach began. However, faced with the journalists&#8217; insistence, the German made it clear that there are evident communication problems with the referee from Extremadura and other LaLiga referees.<\/p>  <h2>Flick fed up with refereeing, but prefers to hold back to avoid new sanctions<\/h2>  <p>&#8220;Sometimes I also want to talk to the fourth official and I can&#8217;t, you have to accept it. I don&#8217;t know if there&#8217;s a lack of communication with referees in Spain, but with Gil Manzano there certainly is a lack of communication,&#8221; Flick said<\/p>  <p>The manager had already had issues with the 41-year-old referee, who <a data-external=\"0\" data-intl-links-en=\"https:\/\/www.fcbarcelonanoticias.com\/en\/laliga\/hansi-flick-sent-off-against-girona-and-will-miss-clasico_315053_102.html\" data-intl-links-es=\"https:\/\/www.fcbarcelonanoticias.com\/laliga\/barca-pierde-hansi-flick-clasico-gil-manzano-expulso-mister-contra-girona_315053_102.html\" href=\"https:\/\/www.fcbarcelonanoticias.com\/en\/laliga\/hansi-flick-sent-off-against-girona-and-will-miss-clasico_315053_102.html\" rel=\"follow\" target=\"_self\" title=\"El Bar\u00e7a pierde a Hansi Flick para el Cl\u00e1sico: Gil Manzano expuls\u00f3 al m\u00edster contra Girona\">sent him off in the 2-1 victory against Girona<\/a> on matchday 9. Furthermore, regarding Lamine Yamal&#8217;s offside in the first half, he ironically said: &#8220;<strong>Wasn&#8217;t that the referee from last season who disallowed Lewandowski&#8217;s goal?<\/strong>&#8220;<\/p>  <p>Indeed, it was <a data-external=\"0\" data-intl-links-en=\"https:\/\/www.fcbarcelonanoticias.com\/en\/laliga\/del-cerro-grande-causes-stir-in-var-2-barca-goals-disallowed_315785_102.html\" data-intl-links-es=\"https:\/\/www.fcbarcelonanoticias.com\/laliga\/del-cerro-grande-lia-var-dos-goles-anulados-barca-convalidado-real-sociedad_315785_102.html\" href=\"https:\/\/www.fcbarcelonanoticias.com\/en\/laliga\/del-cerro-grande-causes-stir-in-var-2-barca-goals-disallowed_315785_102.html\" rel=\"follow\" target=\"_self\" title=\"Del Cerro Grande la l\u00eda en el VAR: dos goles anulados al Bar\u00e7a y uno convalidado a la Real Sociedad\">Carlos del Cerro Grande<\/a>, whose performance in the VOR room was once again questionable. This time, the Madrid-born referee influenced **two disallowed goals and a penalty for Bar\u00e7a**, in addition to turning a blind eye to a clear foul by Jon Aramburu on Dani Olmo prior to Mikel Oyarzabal&#8217;s goal that made it 1-0.<\/p>  <blockquote> <p>&#8220;I am not disappointed with the referee. Everyone has seen it. I will not waste energy on that. We focus on ourselves&#8221;<\/p> <\/blockquote>  <h2>Disappointment over the defeat and lack of accuracy<\/h2>  <p>On the other hand, Hansi Flick stated that, although Barcelona &#8220;played a good game,&#8221; they ultimately paid dearly for defensive lapses and a lack of accuracy. The second goal, scored by **Gon\u00e7alo Guedes** one minute after **Marcus Rashford**&#8217;s equalizer, ended Bar\u00e7a&#8217;s comeback hopes.<\/p>  <p>&#8220;**I am disappointed, we have enjoyed many clear chances and the result does not reflect what we saw**. But I like how we have played. Now we must focus on the next match, which is very important,&#8221; argued the manager. Continuing with his self-criticism, he added:<\/p>  <p>&#8220;Our game has been good. We could have defended better in a couple of plays, but I&#8217;m satisfied overall. We&#8217;ve played very well in the last two weeks and we have to keep it up, we can&#8217;t focus on the referee, but on the things we can improve,&#8221; Flick pointed out<\/p>  <blockquote> <p>&#8220;We&#8217;ve made defensive errors, we need to defend better. We were also unlucky in attack. We have to accept it. There&#8217;s also been bad luck&#8221;<\/p> <\/blockquote> ","protected":false},"excerpt":{"rendered":"<p>Hansi Flick backed Frenkie de Jong for his outburst against Jes\u00fas Gil Manzano. The Bar\u00e7a coach believes there are evident &#8220;communication problems&#8221; on the field with the referee from Extremadura Hansi Flick lamented FC Barcelona&#8216;s defeat against Real Sociedad (2-1), in a match conditioned by the controversial refereeing of Jes\u00fas Gil Manzano. In the post-match [&hellip;]<\/p>\n","protected":false},"author":353,"featured_media":54512,"comment_status":"closed","ping_status":"open","sticky":false,"template":"","format":"standard","meta":{"_acf_changed":false,"inline_featured_image":false,"_nextfly_llmd_date_locked":false,"footnotes":""},"categories":[114,448],"tags":[83,273,87,190,194],"class_list":["post-54511","post","type-post","status-publish","format-standard","has-post-thumbnail","hentry","category-laliga","category-laliga-2","tag-fc-barcelona-vs-real-sociedad","tag-de-jong","tag-hansi-flick","tag-referees","tag-var"],"acf":[],"yoast_head":"<!-- This site is optimized with the Yoast SEO plugin v27.3 - https:\/\/yoast.com\/product\/yoast-seo-wordpress\/ -->\n<title>Flick backs De Jong over criticism of Gil Manzano<\/title>\n<meta name=\"description\" content=\"Hansi Flick backed Frenkie de Jong for his outburst against Jes\u00fas Gil Manzano. This is what the manager said in the post-Real Sociedad-Bar\u00e7a press conference\" \/>\n<meta name=\"robots\" content=\"index, follow, max-snippet:-1, max-image-preview:large, max-video-preview:-1\" \/>\n<link rel=\"canonical\" href=\"https:\/\/www.fcbarcelonanoticias.com\/en\/laliga\/flick-backs-de-jong-over-criticism-of-gil-manzano_315789_102.html\" \/>\n<meta property=\"og:locale\" content=\"en_US\" \/>\n<meta property=\"og:type\" content=\"article\" \/>\n<meta property=\"og:title\" content=\"Flick backs De Jong over criticism of Gil Manzano\" \/>\n<meta property=\"og:description\" content=\"Hansi Flick backed Frenkie de Jong for his outburst against Jes\u00fas Gil Manzano. This is what the manager said in the post-Real Sociedad-Bar\u00e7a press conference\" \/>\n<meta property=\"og:url\" content=\"https:\/\/www.fcbarcelonanoticias.com\/en\/laliga\/flick-backs-de-jong-over-criticism-of-gil-manzano_315789_102.html\" \/>\n<meta property=\"og:site_name\" content=\"EN - FC Barcelona Noticias\" \/>\n<meta property=\"article:published_time\" content=\"2026-01-19T00:12:00+00:00\" \/>\n<meta property=\"og:image\" content=\"https:\/\/www.fcbarcelonanoticias.com\/en\/wp-content\/uploads\/sites\/2\/2026\/01\/hansi-flick-v-real-sociedad-laliga-25-26.jpeg\" \/>\n\t<meta property=\"og:image:width\" content=\"1300\" \/>\n\t<meta property=\"og:image:height\" content=\"732\" \/>\n\t<meta property=\"og:image:type\" content=\"image\/jpeg\" \/>\n<meta name=\"author\" content=\"FC Barcelona Noticias\" \/>\n<meta name=\"twitter:card\" content=\"summary_large_image\" \/>\n<meta name=\"twitter:label1\" content=\"Written by\" \/>\n\t<meta name=\"twitter:data1\" content=\"FC Barcelona Noticias\" \/>\n\t<meta name=\"twitter:label2\" content=\"Est. reading time\" \/>\n\t<meta name=\"twitter:data2\" content=\"2 minutes\" \/>\n<script type=\"application\/ld+json\" class=\"yoast-schema-graph\">{\"@context\":\"https:\\\/\\\/schema.org\",\"@graph\":[{\"@type\":\"Article\",\"@id\":\"https:\\\/\\\/www.fcbarcelonanoticias.com\\\/en\\\/laliga\\\/flick-backs-de-jong-over-criticism-of-gil-manzano_315789_102.html#article\",\"isPartOf\":{\"@id\":\"https:\\\/\\\/www.fcbarcelonanoticias.com\\\/en\\\/laliga\\\/flick-backs-de-jong-over-criticism-of-gil-manzano_315789_102.html\"},\"author\":{\"name\":\"FC Barcelona Noticias\",\"@id\":\"https:\\\/\\\/www.fcbarcelonanoticias.com\\\/en\\\/#\\\/schema\\\/person\\\/0f2810101d27606974cdb8edb54fa54b\"},\"headline\":\"Hansi Flick backs Frenkie de Jong over criticism of Gil Manzano\",\"datePublished\":\"2026-01-19T00:12:00+00:00\",\"mainEntityOfPage\":{\"@id\":\"https:\\\/\\\/www.fcbarcelonanoticias.com\\\/en\\\/laliga\\\/flick-backs-de-jong-over-criticism-of-gil-manzano_315789_102.html\"},\"wordCount\":525,\"image\":{\"@id\":\"https:\\\/\\\/www.fcbarcelonanoticias.com\\\/en\\\/laliga\\\/flick-backs-de-jong-over-criticism-of-gil-manzano_315789_102.html#primaryimage\"},\"thumbnailUrl\":\"https:\\\/\\\/www.fcbarcelonanoticias.com\\\/en\\\/wp-content\\\/uploads\\\/sites\\\/2\\\/2026\\\/01\\\/hansi-flick-v-real-sociedad-laliga-25-26.jpeg\",\"keywords\":[\"FC Barcelona vs Real Sociedad\",\"Frenkie de Jong\",\"Hansi Flick\",\"Referees\",\"VAR\"],\"articleSection\":[\"LaLiga\",\"LaLiga\"],\"inLanguage\":\"en-US\"},{\"@type\":\"WebPage\",\"@id\":\"https:\\\/\\\/www.fcbarcelonanoticias.com\\\/en\\\/laliga\\\/flick-backs-de-jong-over-criticism-of-gil-manzano_315789_102.html\",\"url\":\"https:\\\/\\\/www.fcbarcelonanoticias.com\\\/en\\\/laliga\\\/flick-backs-de-jong-over-criticism-of-gil-manzano_315789_102.html\",\"name\":\"Flick backs De Jong over criticism of Gil Manzano\",\"isPartOf\":{\"@id\":\"https:\\\/\\\/www.fcbarcelonanoticias.com\\\/en\\\/#website\"},\"primaryImageOfPage\":{\"@id\":\"https:\\\/\\\/www.fcbarcelonanoticias.com\\\/en\\\/laliga\\\/flick-backs-de-jong-over-criticism-of-gil-manzano_315789_102.html#primaryimage\"},\"image\":{\"@id\":\"https:\\\/\\\/www.fcbarcelonanoticias.com\\\/en\\\/laliga\\\/flick-backs-de-jong-over-criticism-of-gil-manzano_315789_102.html#primaryimage\"},\"thumbnailUrl\":\"https:\\\/\\\/www.fcbarcelonanoticias.com\\\/en\\\/wp-content\\\/uploads\\\/sites\\\/2\\\/2026\\\/01\\\/hansi-flick-v-real-sociedad-laliga-25-26.jpeg\",\"datePublished\":\"2026-01-19T00:12:00+00:00\",\"author\":{\"@id\":\"https:\\\/\\\/www.fcbarcelonanoticias.com\\\/en\\\/#\\\/schema\\\/person\\\/0f2810101d27606974cdb8edb54fa54b\"},\"description\":\"Hansi Flick backed Frenkie de Jong for his outburst against Jes\u00fas Gil Manzano. This is what the manager said in the post-Real Sociedad-Bar\u00e7a press conference\",\"breadcrumb\":{\"@id\":\"https:\\\/\\\/www.fcbarcelonanoticias.com\\\/en\\\/laliga\\\/flick-backs-de-jong-over-criticism-of-gil-manzano_315789_102.html#breadcrumb\"},\"inLanguage\":\"en-US\",\"potentialAction\":[{\"@type\":\"ReadAction\",\"target\":[\"https:\\\/\\\/www.fcbarcelonanoticias.com\\\/en\\\/laliga\\\/flick-backs-de-jong-over-criticism-of-gil-manzano_315789_102.html\"]}]},{\"@type\":\"ImageObject\",\"inLanguage\":\"en-US\",\"@id\":\"https:\\\/\\\/www.fcbarcelonanoticias.com\\\/en\\\/laliga\\\/flick-backs-de-jong-over-criticism-of-gil-manzano_315789_102.html#primaryimage\",\"url\":\"https:\\\/\\\/www.fcbarcelonanoticias.com\\\/en\\\/wp-content\\\/uploads\\\/sites\\\/2\\\/2026\\\/01\\\/hansi-flick-v-real-sociedad-laliga-25-26.jpeg\",\"contentUrl\":\"https:\\\/\\\/www.fcbarcelonanoticias.com\\\/en\\\/wp-content\\\/uploads\\\/sites\\\/2\\\/2026\\\/01\\\/hansi-flick-v-real-sociedad-laliga-25-26.jpeg\",\"width\":1300,\"height\":732},{\"@type\":\"BreadcrumbList\",\"@id\":\"https:\\\/\\\/www.fcbarcelonanoticias.com\\\/en\\\/laliga\\\/flick-backs-de-jong-over-criticism-of-gil-manzano_315789_102.html#breadcrumb\",\"itemListElement\":[{\"@type\":\"ListItem\",\"position\":1,\"name\":\"Portada\",\"item\":\"https:\\\/\\\/www.fcbarcelonanoticias.com\\\/en\\\/\"},{\"@type\":\"ListItem\",\"position\":2,\"name\":\"Hansi Flick backs Frenkie de Jong over criticism of Gil Manzano\"}]},{\"@type\":\"WebSite\",\"@id\":\"https:\\\/\\\/www.fcbarcelonanoticias.com\\\/en\\\/#website\",\"url\":\"https:\\\/\\\/www.fcbarcelonanoticias.com\\\/en\\\/\",\"name\":\"EN - FC Barcelona Noticias\",\"description\":\"\",\"potentialAction\":[{\"@type\":\"SearchAction\",\"target\":{\"@type\":\"EntryPoint\",\"urlTemplate\":\"https:\\\/\\\/www.fcbarcelonanoticias.com\\\/en\\\/?s={search_term_string}\"},\"query-input\":{\"@type\":\"PropertyValueSpecification\",\"valueRequired\":true,\"valueName\":\"search_term_string\"}}],\"inLanguage\":\"en-US\"},{\"@type\":\"Person\",\"@id\":\"https:\\\/\\\/www.fcbarcelonanoticias.com\\\/en\\\/#\\\/schema\\\/person\\\/0f2810101d27606974cdb8edb54fa54b\",\"name\":\"FC Barcelona Noticias\",\"image\":{\"@type\":\"ImageObject\",\"inLanguage\":\"en-US\",\"@id\":\"https:\\\/\\\/secure.gravatar.com\\\/avatar\\\/?s=96&d=mm&r=g\",\"url\":\"https:\\\/\\\/secure.gravatar.com\\\/avatar\\\/?s=96&d=mm&r=g\",\"contentUrl\":\"https:\\\/\\\/secure.gravatar.com\\\/avatar\\\/?s=96&d=mm&r=g\",\"caption\":\"FC Barcelona Noticias\"},\"url\":\"https:\\\/\\\/www.fcbarcelonanoticias.com\\\/en\\\/fc-barcelona\\\/fcbn-writing-fc-barcelona-news_6_115.html\"}]}<\/script>\n<!-- \/ Yoast SEO plugin. -->","yoast_head_json":{"title":"Flick backs De Jong over criticism of Gil Manzano","description":"Hansi Flick backed Frenkie de Jong for his outburst against Jes\u00fas Gil Manzano. This is what the manager said in the post-Real Sociedad-Bar\u00e7a press conference","robots":{"index":"index","follow":"follow","max-snippet":"max-snippet:-1","max-image-preview":"max-image-preview:large","max-video-preview":"max-video-preview:-1"},"canonical":"https:\/\/www.fcbarcelonanoticias.com\/en\/laliga\/flick-backs-de-jong-over-criticism-of-gil-manzano_315789_102.html","og_locale":"en_US","og_type":"article","og_title":"Flick backs De Jong over criticism of Gil Manzano","og_description":"Hansi Flick backed Frenkie de Jong for his outburst against Jes\u00fas Gil Manzano. This is what the manager said in the post-Real Sociedad-Bar\u00e7a press conference","og_url":"https:\/\/www.fcbarcelonanoticias.com\/en\/laliga\/flick-backs-de-jong-over-criticism-of-gil-manzano_315789_102.html","og_site_name":"EN - FC Barcelona Noticias","article_published_time":"2026-01-19T00:12:00+00:00","og_image":[{"width":1300,"height":732,"url":"https:\/\/www.fcbarcelonanoticias.com\/en\/wp-content\/uploads\/sites\/2\/2026\/01\/hansi-flick-v-real-sociedad-laliga-25-26.jpeg","type":"image\/jpeg"}],"author":"FC Barcelona Noticias","twitter_card":"summary_large_image","twitter_misc":{"Written by":"FC Barcelona Noticias","Est. reading time":"2 minutes"},"schema":{"@context":"https:\/\/schema.org","@graph":[{"@type":"Article","@id":"https:\/\/www.fcbarcelonanoticias.com\/en\/laliga\/flick-backs-de-jong-over-criticism-of-gil-manzano_315789_102.html#article","isPartOf":{"@id":"https:\/\/www.fcbarcelonanoticias.com\/en\/laliga\/flick-backs-de-jong-over-criticism-of-gil-manzano_315789_102.html"},"author":{"name":"FC Barcelona Noticias","@id":"https:\/\/www.fcbarcelonanoticias.com\/en\/#\/schema\/person\/0f2810101d27606974cdb8edb54fa54b"},"headline":"Hansi Flick backs Frenkie de Jong over criticism of Gil Manzano","datePublished":"2026-01-19T00:12:00+00:00","mainEntityOfPage":{"@id":"https:\/\/www.fcbarcelonanoticias.com\/en\/laliga\/flick-backs-de-jong-over-criticism-of-gil-manzano_315789_102.html"},"wordCount":525,"image":{"@id":"https:\/\/www.fcbarcelonanoticias.com\/en\/laliga\/flick-backs-de-jong-over-criticism-of-gil-manzano_315789_102.html#primaryimage"},"thumbnailUrl":"https:\/\/www.fcbarcelonanoticias.com\/en\/wp-content\/uploads\/sites\/2\/2026\/01\/hansi-flick-v-real-sociedad-laliga-25-26.jpeg","keywords":["FC Barcelona vs Real Sociedad","Frenkie de Jong","Hansi Flick","Referees","VAR"],"articleSection":["LaLiga","LaLiga"],"inLanguage":"en-US"},{"@type":"WebPage","@id":"https:\/\/www.fcbarcelonanoticias.com\/en\/laliga\/flick-backs-de-jong-over-criticism-of-gil-manzano_315789_102.html","url":"https:\/\/www.fcbarcelonanoticias.com\/en\/laliga\/flick-backs-de-jong-over-criticism-of-gil-manzano_315789_102.html","name":"Flick backs De Jong over criticism of Gil Manzano","isPartOf":{"@id":"https:\/\/www.fcbarcelonanoticias.com\/en\/#website"},"primaryImageOfPage":{"@id":"https:\/\/www.fcbarcelonanoticias.com\/en\/laliga\/flick-backs-de-jong-over-criticism-of-gil-manzano_315789_102.html#primaryimage"},"image":{"@id":"https:\/\/www.fcbarcelonanoticias.com\/en\/laliga\/flick-backs-de-jong-over-criticism-of-gil-manzano_315789_102.html#primaryimage"},"thumbnailUrl":"https:\/\/www.fcbarcelonanoticias.com\/en\/wp-content\/uploads\/sites\/2\/2026\/01\/hansi-flick-v-real-sociedad-laliga-25-26.jpeg","datePublished":"2026-01-19T00:12:00+00:00","author":{"@id":"https:\/\/www.fcbarcelonanoticias.com\/en\/#\/schema\/person\/0f2810101d27606974cdb8edb54fa54b"},"description":"Hansi Flick backed Frenkie de Jong for his outburst against Jes\u00fas Gil Manzano. This is what the manager said in the post-Real Sociedad-Bar\u00e7a press conference","breadcrumb":{"@id":"https:\/\/www.fcbarcelonanoticias.com\/en\/laliga\/flick-backs-de-jong-over-criticism-of-gil-manzano_315789_102.html#breadcrumb"},"inLanguage":"en-US","potentialAction":[{"@type":"ReadAction","target":["https:\/\/www.fcbarcelonanoticias.com\/en\/laliga\/flick-backs-de-jong-over-criticism-of-gil-manzano_315789_102.html"]}]},{"@type":"ImageObject","inLanguage":"en-US","@id":"https:\/\/www.fcbarcelonanoticias.com\/en\/laliga\/flick-backs-de-jong-over-criticism-of-gil-manzano_315789_102.html#primaryimage","url":"https:\/\/www.fcbarcelonanoticias.com\/en\/wp-content\/uploads\/sites\/2\/2026\/01\/hansi-flick-v-real-sociedad-laliga-25-26.jpeg","contentUrl":"https:\/\/www.fcbarcelonanoticias.com\/en\/wp-content\/uploads\/sites\/2\/2026\/01\/hansi-flick-v-real-sociedad-laliga-25-26.jpeg","width":1300,"height":732},{"@type":"BreadcrumbList","@id":"https:\/\/www.fcbarcelonanoticias.com\/en\/laliga\/flick-backs-de-jong-over-criticism-of-gil-manzano_315789_102.html#breadcrumb","itemListElement":[{"@type":"ListItem","position":1,"name":"Portada","item":"https:\/\/www.fcbarcelonanoticias.com\/en\/"},{"@type":"ListItem","position":2,"name":"Hansi Flick backs Frenkie de Jong over criticism of Gil Manzano"}]},{"@type":"WebSite","@id":"https:\/\/www.fcbarcelonanoticias.com\/en\/#website","url":"https:\/\/www.fcbarcelonanoticias.com\/en\/","name":"EN - FC Barcelona Noticias","description":"","potentialAction":[{"@type":"SearchAction","target":{"@type":"EntryPoint","urlTemplate":"https:\/\/www.fcbarcelonanoticias.com\/en\/?s={search_term_string}"},"query-input":{"@type":"PropertyValueSpecification","valueRequired":true,"valueName":"search_term_string"}}],"inLanguage":"en-US"},{"@type":"Person","@id":"https:\/\/www.fcbarcelonanoticias.com\/en\/#\/schema\/person\/0f2810101d27606974cdb8edb54fa54b","name":"FC Barcelona Noticias","image":{"@type":"ImageObject","inLanguage":"en-US","@id":"https:\/\/secure.gravatar.com\/avatar\/?s=96&d=mm&r=g","url":"https:\/\/secure.gravatar.com\/avatar\/?s=96&d=mm&r=g","contentUrl":"https:\/\/secure.gravatar.com\/avatar\/?s=96&d=mm&r=g","caption":"FC Barcelona Noticias"},"url":"https:\/\/www.fcbarcelonanoticias.com\/en\/fc-barcelona\/fcbn-writing-fc-barcelona-news_6_115.html"}]}},"_links":{"self":[{"href":"https:\/\/www.fcbarcelonanoticias.com\/en\/wp-json\/wp\/v2\/posts\/54511","targetHints":{"allow":["GET"]}}],"collection":[{"href":"https:\/\/www.fcbarcelonanoticias.com\/en\/wp-json\/wp\/v2\/posts"}],"about":[{"href":"https:\/\/www.fcbarcelonanoticias.com\/en\/wp-json\/wp\/v2\/types\/post"}],"author":[{"embeddable":true,"href":"https:\/\/www.fcbarcelonanoticias.com\/en\/wp-json\/wp\/v2\/users\/353"}],"replies":[{"embeddable":true,"href":"https:\/\/www.fcbarcelonanoticias.com\/en\/wp-json\/wp\/v2\/comments?post=54511"}],"version-history":[{"count":1,"href":"https:\/\/www.fcbarcelonanoticias.com\/en\/wp-json\/wp\/v2\/posts\/54511\/revisions"}],"predecessor-version":[{"id":115518,"href":"https:\/\/www.fcbarcelonanoticias.com\/en\/wp-json\/wp\/v2\/posts\/54511\/revisions\/115518"}],"wp:featuredmedia":[{"embeddable":true,"href":"https:\/\/www.fcbarcelonanoticias.com\/en\/wp-json\/wp\/v2\/media\/54512"}],"wp:attachment":[{"href":"https:\/\/www.fcbarcelonanoticias.com\/en\/wp-json\/wp\/v2\/media?parent=54511"}],"wp:term":[{"taxonomy":"category","embeddable":true,"href":"https:\/\/www.fcbarcelonanoticias.com\/en\/wp-json\/wp\/v2\/categories?post=54511"},{"taxonomy":"post_tag","embeddable":true,"href":"https:\/\/www.fcbarcelonanoticias.com\/en\/wp-json\/wp\/v2\/tags?post=54511"}],"curies":[{"name":"wp","href":"https:\/\/api.w.org\/{rel}","templated":true}]}}