{"id":54550,"date":"2025-10-29T19:03:00","date_gmt":"2025-10-29T18:03:00","guid":{"rendered":"https:\/\/weisetech.dev\/fc-barcelona-noticias\/en\/feud-between-laliga-and-rfef-over-schedule-for-barca-atletico-md19_315148_102\/"},"modified":"2026-03-27T11:33:08","modified_gmt":"2026-03-27T10:33:08","slug":"feud-between-laliga-and-rfef-over-schedule-for-barca-atletico-md19_315148_102","status":"publish","type":"post","link":"https:\/\/www.fcbarcelonanoticias.com\/en\/laliga\/feud-between-laliga-and-rfef-over-schedule-for-barca-atletico-md19_315148_102.html","title":{"rendered":"Controversy between LaLiga and the RFEF over the schedule for Bar\u00e7a-Atl\u00e9tico on Matchday 19"},"content":{"rendered":"<h2 class=\"wp-block-heading\">LaLiga has confirmed the schedules for the two early matches of Matchday 19. Bar\u00e7a will host Atl\u00e9tico on Tuesday, December 2, the same day that Spain plays the final of the Women&#8217;s Nations League<\/h2>  \r\n<div class=\"article-addons\">\r\n    <a href=\"https:\/\/www.fcbarcelonanoticias.com\/en\/calendar-fc-barcelona.html\"\r\n       target=\"_self\"\r\n       title=\"Calendar of FC Barcelona\"\r\n       class=\"blue-gredient-btn\">\r\n       \r\n        Calendar of FC Barcelona    <\/a>\r\n<\/div>   <p><strong>LaLiga EA Sports<\/strong> and the <strong>Royal Spanish Football Federation (RFEF)<\/strong> could have a new disagreement over the making of the calendar for the highest category of Spanish football. The competition chaired by <strong>Javier Tebas<\/strong> confirmed <a data-external=\"1\" href=\"https:\/\/x.com\/en\/LaLiga\/status\/1983483952716189922\" rel=\"nofollow\" target=\"_blank\" title=\"Date and times of matchday 19 - LaLiga\">the schedules for the two matches brought forward from matchday 19<\/a>, due to the dispute of the <a data-external=\"0\" data-intl-links-en=\"https:\/\/www.fcbarcelonanoticias.com\/en\/spanish-super-cup\" data-intl-links-es=\"https:\/\/www.fcbarcelonanoticias.com\/supercopa-de-espana\" href=\"https:\/\/www.fcbarcelonanoticias.com\/en\/football-soccer\/spanish-super-cup.html\" rel=\"follow\" target=\"_self\" title=\"Supercopa de Espa\u00f1a\">Spanish Super Cup<\/a> in January, ignoring an instruction from the RFEF.<\/p>  <p>The Federation had requested LaLiga not to schedule matches for <strong>Tuesday, December 2nd<\/strong>, as the women&#8217;s national team will play the second leg of the <strong>UEFA Nations League<\/strong> final against Germany that day. The match at the Metropolitano stadium in Madrid does not yet have a confirmed time, but the idea is to give maximum media attention to the event.<\/p>  <h2>Bar\u00e7a-Atl\u00e9tico to coincide with the Women&#8217;s Nations League final<\/h2>  <p>However, LaLiga chose that day as the date for the match between <a data-external=\"0\" data-intl-links-en=\"https:\/\/www.fcbarcelonanoticias.com\/en\/tags\/fc-barcelona-vs-atletico-madrid-latest-match-news\" data-intl-links-es=\"https:\/\/www.fcbarcelonanoticias.com\/tags\/fc-barcelona-vs-atletico-madrid\" href=\"https:\/\/www.fcbarcelonanoticias.com\/en\/tags\/fc-barcelona-vs-atletico-madrid-latest-match-news.html\" rel=\"follow\" target=\"_self\" title=\"FC Barcelona vs Atl\u00e9tico Madrid\">FC Barcelona and Atl\u00e9tico de Madrid<\/a>. The match will be played from 9:00 p.m. on Catalan soil, waiting to confirm the venue. In principle, the <strong>Spotify Camp Nou<\/strong>, by then, should already be fully operational in its phase 1B (45,000 spectators).<\/p>  <p>In that sense, the early match of J19 coincides with the second leg of the Women&#8217;s Nations League final. <strong>Spain will play the first leg in Germany on November 28<\/strong> and will have the opportunity to lift the trophy at home four days later.<\/p>  <p>The other match brought forward from matchday 19 is <strong>Athletic-Real Madrid in Bilbao<\/strong>. That match will be played on Wednesday, December 3 at 7:00 p.m., which makes it all the more striking that the league authorities have not also scheduled the Bar\u00e7a-Atl\u00e9tico match for the same day at 9:00 p.m.<\/p>  <ul> <li>\ud83d\udc49 You can follow the complete coverage of&nbsp;<strong><a data-external=\"0\" data-intl-links-en=\"https:\/\/www.fcbarcelonanoticias.com\/en\/laliga.html\" data-intl-links-es=\"https:\/\/www.fcbarcelonanoticias.com\/laliga.html\" href=\"https:\/\/www.fcbarcelonanoticias.com\/en\/laliga.html\" rel=\"follow\" target=\"_self\" title=\"LaLiga\">LaLiga EA Sports 2025-26<\/a><\/strong>&nbsp;on FC Barcelona Noticias<\/li> <\/ul> <h2>LaLiga&#8217;s reasons for scheduling Bar\u00e7a-Atl\u00e9tico on December 2<\/h2>  <div class=\"media media-image\" data-ck-asset-wrapper=\"\"> <div class=\"media-item\"> <img loading=\"lazy\" decoding=\"async\" alt=\"Lamine Yamal, during the Bar\u00e7a-Atl\u00e9tico (4-4)\" data-id=\"1474859\" data-resize=\"9\" height=\"563\" src=\"https:\/\/www.fcbarcelonanoticias.com\/wp-content\/uploads\/sites\/2\/2025\/10\/fcbn-8f63ca809088e6f656196f38d56a0beb.jpeg\" title=\"Lamine Yamal, during the Bar\u00e7a-Atl\u00e9tico (4-4)\" width=\"1000\"><div class=\"media-title\">Lamine Yamal, during the Bar\u00e7a-Atl\u00e9tico (4-4)<\/div> <\/div> <\/div>  <p>According to the calendar, <strong>there was no more space in December to reschedule the matches<\/strong> of the teams that will play the Super Cup in January. The following week is matchday 6 of the Champions League group stage, and then the round of 32 of the Copa del Rey will also be played.<\/p>  <p>The Spanish clubs are going on holiday for Christmas and New Year&#8217;s on December 21st, returning to work on January 2nd. The first weekend of 2026 will see matchday 18 of La Liga played and, immediately afterwards, <a data-external=\"0\" data-intl-links-en=\"https:\/\/www.fcbarcelonanoticias.com\/en\/spanish-super-cup\/spanish-super-cup-2026-schedule_314888_102.html\" data-intl-links-es=\"https:\/\/www.fcbarcelonanoticias.com\/supercopa-de-espana\/calendario-supercopa-espana-2026_314888_102.html\" href=\"https:\/\/www.fcbarcelonanoticias.com\/en\/spanish-super-cup\/spanish-super-cup-2026-schedule_314888_102.html\" rel=\"follow\" target=\"_self\" title=\"Calendario de la Supercopa de Espa\u00f1a 2026\">Bar\u00e7a, Athletic, Real Madrid and Atl\u00e9tico<\/a> will travel to Arabia to play in the Super Cup.<\/p>  <p><strong>The &#8220;cul\u00e9s&#8221; will face the Basques on January 7<\/strong> in Jeddah, while the Madrid derby will be played on Wednesday the 8th in the other bracket. The final is scheduled for Sunday, January 12, also in Jeddah. Before the end of 2025, Bar\u00e7a will play, in La Liga, against Betis, Osasuna and Villarreal, the latter being the match that was supposed to be played in Miami.<\/p> ","protected":false},"excerpt":{"rendered":"<p>LaLiga has confirmed the schedules for the two early matches of Matchday 19. Bar\u00e7a will host Atl\u00e9tico on Tuesday, December 2, the same day that Spain plays the final of the Women&#8217;s Nations League LaLiga EA Sports and the Royal Spanish Football Federation (RFEF) could have a new disagreement over the making of the calendar [&hellip;]<\/p>\n","protected":false},"author":347,"featured_media":54551,"comment_status":"closed","ping_status":"open","sticky":false,"template":"","format":"standard","meta":{"_acf_changed":false,"inline_featured_image":false,"_nextfly_llmd_date_locked":false,"footnotes":""},"categories":[114,448],"tags":[58,95],"class_list":["post-54550","post","type-post","status-publish","format-standard","has-post-thumbnail","hentry","category-laliga","category-laliga-2","tag-fc-barcelona-vs-atletico-madrid-latest-match-news","tag-rfef"],"acf":[],"yoast_head":"<!-- This site is optimized with the Yoast SEO plugin v27.3 - https:\/\/yoast.com\/product\/yoast-seo-wordpress\/ -->\n<title>Feud between LaLiga and the RFEF over the schedule for Bar\u00e7a-Atl\u00e9tico<\/title>\n<meta name=\"description\" content=\"LaLiga has confirmed the schedules for the two matches brought forward from Matchday 19. Bar\u00e7a will host Atl\u00e9tico on Tuesday, December 2\" \/>\n<meta name=\"robots\" content=\"index, follow, max-snippet:-1, max-image-preview:large, max-video-preview:-1\" \/>\n<link rel=\"canonical\" href=\"https:\/\/www.fcbarcelonanoticias.com\/en\/laliga\/feud-between-laliga-and-rfef-over-schedule-for-barca-atletico-md19_315148_102.html\" \/>\n<meta property=\"og:locale\" content=\"en_US\" \/>\n<meta property=\"og:type\" content=\"article\" \/>\n<meta property=\"og:title\" content=\"Feud between LaLiga and the RFEF over the schedule for Bar\u00e7a-Atl\u00e9tico\" \/>\n<meta property=\"og:description\" content=\"LaLiga has confirmed the schedules for the two matches brought forward from Matchday 19. Bar\u00e7a will host Atl\u00e9tico on Tuesday, December 2\" \/>\n<meta property=\"og:url\" content=\"https:\/\/www.fcbarcelonanoticias.com\/en\/laliga\/feud-between-laliga-and-rfef-over-schedule-for-barca-atletico-md19_315148_102.html\" \/>\n<meta property=\"og:site_name\" content=\"EN - FC Barcelona Noticias\" \/>\n<meta property=\"article:published_time\" content=\"2025-10-29T18:03:00+00:00\" \/>\n<meta property=\"article:modified_time\" content=\"2026-03-27T10:33:08+00:00\" \/>\n<meta property=\"og:image\" content=\"https:\/\/www.fcbarcelonanoticias.com\/en\/wp-content\/uploads\/sites\/2\/2025\/10\/dani-olmo-v-atletico-laliga-24-25.webp\" \/>\n\t<meta property=\"og:image:width\" content=\"1200\" \/>\n\t<meta property=\"og:image:height\" content=\"675\" \/>\n\t<meta property=\"og:image:type\" content=\"image\/webp\" \/>\n<meta name=\"author\" content=\"Andr\u00e9s Quiroz\" \/>\n<meta name=\"twitter:card\" content=\"summary_large_image\" \/>\n<meta name=\"twitter:label1\" content=\"Written by\" \/>\n\t<meta name=\"twitter:data1\" content=\"Andr\u00e9s Quiroz\" \/>\n\t<meta name=\"twitter:label2\" content=\"Est. reading time\" \/>\n\t<meta name=\"twitter:data2\" content=\"3 minutes\" \/>\n<script type=\"application\/ld+json\" class=\"yoast-schema-graph\">{\"@context\":\"https:\\\/\\\/schema.org\",\"@graph\":[{\"@type\":\"Article\",\"@id\":\"https:\\\/\\\/www.fcbarcelonanoticias.com\\\/en\\\/laliga\\\/feud-between-laliga-and-rfef-over-schedule-for-barca-atletico-md19_315148_102.html#article\",\"isPartOf\":{\"@id\":\"https:\\\/\\\/www.fcbarcelonanoticias.com\\\/en\\\/laliga\\\/feud-between-laliga-and-rfef-over-schedule-for-barca-atletico-md19_315148_102.html\"},\"author\":{\"name\":\"Andr\u00e9s Quiroz\",\"@id\":\"https:\\\/\\\/www.fcbarcelonanoticias.com\\\/en\\\/#\\\/schema\\\/person\\\/c2cd9f6fa1af5c0d0eccd0fefa575c88\"},\"headline\":\"Controversy between LaLiga and the RFEF over the schedule for Bar\u00e7a-Atl\u00e9tico on Matchday 19\",\"datePublished\":\"2025-10-29T18:03:00+00:00\",\"dateModified\":\"2026-03-27T10:33:08+00:00\",\"mainEntityOfPage\":{\"@id\":\"https:\\\/\\\/www.fcbarcelonanoticias.com\\\/en\\\/laliga\\\/feud-between-laliga-and-rfef-over-schedule-for-barca-atletico-md19_315148_102.html\"},\"wordCount\":537,\"image\":{\"@id\":\"https:\\\/\\\/www.fcbarcelonanoticias.com\\\/en\\\/laliga\\\/feud-between-laliga-and-rfef-over-schedule-for-barca-atletico-md19_315148_102.html#primaryimage\"},\"thumbnailUrl\":\"https:\\\/\\\/www.fcbarcelonanoticias.com\\\/en\\\/wp-content\\\/uploads\\\/sites\\\/2\\\/2025\\\/10\\\/dani-olmo-v-atletico-laliga-24-25.webp\",\"keywords\":[\"FC Barcelona vs Atl\u00e9tico Madrid\",\"RFEF\"],\"articleSection\":[\"LaLiga\",\"LaLiga\"],\"inLanguage\":\"en-US\"},{\"@type\":\"WebPage\",\"@id\":\"https:\\\/\\\/www.fcbarcelonanoticias.com\\\/en\\\/laliga\\\/feud-between-laliga-and-rfef-over-schedule-for-barca-atletico-md19_315148_102.html\",\"url\":\"https:\\\/\\\/www.fcbarcelonanoticias.com\\\/en\\\/laliga\\\/feud-between-laliga-and-rfef-over-schedule-for-barca-atletico-md19_315148_102.html\",\"name\":\"Feud between LaLiga and the RFEF over the schedule for Bar\u00e7a-Atl\u00e9tico\",\"isPartOf\":{\"@id\":\"https:\\\/\\\/www.fcbarcelonanoticias.com\\\/en\\\/#website\"},\"primaryImageOfPage\":{\"@id\":\"https:\\\/\\\/www.fcbarcelonanoticias.com\\\/en\\\/laliga\\\/feud-between-laliga-and-rfef-over-schedule-for-barca-atletico-md19_315148_102.html#primaryimage\"},\"image\":{\"@id\":\"https:\\\/\\\/www.fcbarcelonanoticias.com\\\/en\\\/laliga\\\/feud-between-laliga-and-rfef-over-schedule-for-barca-atletico-md19_315148_102.html#primaryimage\"},\"thumbnailUrl\":\"https:\\\/\\\/www.fcbarcelonanoticias.com\\\/en\\\/wp-content\\\/uploads\\\/sites\\\/2\\\/2025\\\/10\\\/dani-olmo-v-atletico-laliga-24-25.webp\",\"datePublished\":\"2025-10-29T18:03:00+00:00\",\"dateModified\":\"2026-03-27T10:33:08+00:00\",\"author\":{\"@id\":\"https:\\\/\\\/www.fcbarcelonanoticias.com\\\/en\\\/#\\\/schema\\\/person\\\/c2cd9f6fa1af5c0d0eccd0fefa575c88\"},\"description\":\"LaLiga has confirmed the schedules for the two matches brought forward from Matchday 19. Bar\u00e7a will host Atl\u00e9tico on Tuesday, December 2\",\"breadcrumb\":{\"@id\":\"https:\\\/\\\/www.fcbarcelonanoticias.com\\\/en\\\/laliga\\\/feud-between-laliga-and-rfef-over-schedule-for-barca-atletico-md19_315148_102.html#breadcrumb\"},\"inLanguage\":\"en-US\",\"potentialAction\":[{\"@type\":\"ReadAction\",\"target\":[\"https:\\\/\\\/www.fcbarcelonanoticias.com\\\/en\\\/laliga\\\/feud-between-laliga-and-rfef-over-schedule-for-barca-atletico-md19_315148_102.html\"]}]},{\"@type\":\"ImageObject\",\"inLanguage\":\"en-US\",\"@id\":\"https:\\\/\\\/www.fcbarcelonanoticias.com\\\/en\\\/laliga\\\/feud-between-laliga-and-rfef-over-schedule-for-barca-atletico-md19_315148_102.html#primaryimage\",\"url\":\"https:\\\/\\\/www.fcbarcelonanoticias.com\\\/en\\\/wp-content\\\/uploads\\\/sites\\\/2\\\/2025\\\/10\\\/dani-olmo-v-atletico-laliga-24-25.webp\",\"contentUrl\":\"https:\\\/\\\/www.fcbarcelonanoticias.com\\\/en\\\/wp-content\\\/uploads\\\/sites\\\/2\\\/2025\\\/10\\\/dani-olmo-v-atletico-laliga-24-25.webp\",\"width\":1200,\"height\":675},{\"@type\":\"BreadcrumbList\",\"@id\":\"https:\\\/\\\/www.fcbarcelonanoticias.com\\\/en\\\/laliga\\\/feud-between-laliga-and-rfef-over-schedule-for-barca-atletico-md19_315148_102.html#breadcrumb\",\"itemListElement\":[{\"@type\":\"ListItem\",\"position\":1,\"name\":\"Portada\",\"item\":\"https:\\\/\\\/www.fcbarcelonanoticias.com\\\/en\\\/\"},{\"@type\":\"ListItem\",\"position\":2,\"name\":\"Controversy between LaLiga and the RFEF over the schedule for Bar\u00e7a-Atl\u00e9tico on Matchday 19\"}]},{\"@type\":\"WebSite\",\"@id\":\"https:\\\/\\\/www.fcbarcelonanoticias.com\\\/en\\\/#website\",\"url\":\"https:\\\/\\\/www.fcbarcelonanoticias.com\\\/en\\\/\",\"name\":\"EN - FC Barcelona Noticias\",\"description\":\"\",\"potentialAction\":[{\"@type\":\"SearchAction\",\"target\":{\"@type\":\"EntryPoint\",\"urlTemplate\":\"https:\\\/\\\/www.fcbarcelonanoticias.com\\\/en\\\/?s={search_term_string}\"},\"query-input\":{\"@type\":\"PropertyValueSpecification\",\"valueRequired\":true,\"valueName\":\"search_term_string\"}}],\"inLanguage\":\"en-US\"},{\"@type\":\"Person\",\"@id\":\"https:\\\/\\\/www.fcbarcelonanoticias.com\\\/en\\\/#\\\/schema\\\/person\\\/c2cd9f6fa1af5c0d0eccd0fefa575c88\",\"name\":\"Andr\u00e9s Quiroz\",\"image\":{\"@type\":\"ImageObject\",\"inLanguage\":\"en-US\",\"@id\":\"https:\\\/\\\/secure.gravatar.com\\\/avatar\\\/?s=96&d=mm&r=g\",\"url\":\"https:\\\/\\\/secure.gravatar.com\\\/avatar\\\/?s=96&d=mm&r=g\",\"contentUrl\":\"https:\\\/\\\/secure.gravatar.com\\\/avatar\\\/?s=96&d=mm&r=g\",\"caption\":\"Andr\u00e9s Quiroz\"},\"description\":\"Licenciado en Periodismo por la Universidad de los Andes. Me encargo de analizar y compartir los contenidos m\u00e1s destacados de la\u00a0actualidad del F\u00fatbol Club Barcelona, Mercado de Fichajes y F\u00fatbol Internacional en FCBN. La informaci\u00f3n es poder, pero tambi\u00e9n conocimiento.\",\"url\":\"https:\\\/\\\/www.fcbarcelonanoticias.com\\\/en\\\/fc-barcelona\\\/andres-quiroz_17_115.html\"}]}<\/script>\n<!-- \/ Yoast SEO plugin. -->","yoast_head_json":{"title":"Feud between LaLiga and the RFEF over the schedule for Bar\u00e7a-Atl\u00e9tico","description":"LaLiga has confirmed the schedules for the two matches brought forward from Matchday 19. Bar\u00e7a will host Atl\u00e9tico on Tuesday, December 2","robots":{"index":"index","follow":"follow","max-snippet":"max-snippet:-1","max-image-preview":"max-image-preview:large","max-video-preview":"max-video-preview:-1"},"canonical":"https:\/\/www.fcbarcelonanoticias.com\/en\/laliga\/feud-between-laliga-and-rfef-over-schedule-for-barca-atletico-md19_315148_102.html","og_locale":"en_US","og_type":"article","og_title":"Feud between LaLiga and the RFEF over the schedule for Bar\u00e7a-Atl\u00e9tico","og_description":"LaLiga has confirmed the schedules for the two matches brought forward from Matchday 19. Bar\u00e7a will host Atl\u00e9tico on Tuesday, December 2","og_url":"https:\/\/www.fcbarcelonanoticias.com\/en\/laliga\/feud-between-laliga-and-rfef-over-schedule-for-barca-atletico-md19_315148_102.html","og_site_name":"EN - FC Barcelona Noticias","article_published_time":"2025-10-29T18:03:00+00:00","article_modified_time":"2026-03-27T10:33:08+00:00","og_image":[{"width":1200,"height":675,"url":"https:\/\/www.fcbarcelonanoticias.com\/en\/wp-content\/uploads\/sites\/2\/2025\/10\/dani-olmo-v-atletico-laliga-24-25.webp","type":"image\/webp"}],"author":"Andr\u00e9s Quiroz","twitter_card":"summary_large_image","twitter_misc":{"Written by":"Andr\u00e9s Quiroz","Est. reading time":"3 minutes"},"schema":{"@context":"https:\/\/schema.org","@graph":[{"@type":"Article","@id":"https:\/\/www.fcbarcelonanoticias.com\/en\/laliga\/feud-between-laliga-and-rfef-over-schedule-for-barca-atletico-md19_315148_102.html#article","isPartOf":{"@id":"https:\/\/www.fcbarcelonanoticias.com\/en\/laliga\/feud-between-laliga-and-rfef-over-schedule-for-barca-atletico-md19_315148_102.html"},"author":{"name":"Andr\u00e9s Quiroz","@id":"https:\/\/www.fcbarcelonanoticias.com\/en\/#\/schema\/person\/c2cd9f6fa1af5c0d0eccd0fefa575c88"},"headline":"Controversy between LaLiga and the RFEF over the schedule for Bar\u00e7a-Atl\u00e9tico on Matchday 19","datePublished":"2025-10-29T18:03:00+00:00","dateModified":"2026-03-27T10:33:08+00:00","mainEntityOfPage":{"@id":"https:\/\/www.fcbarcelonanoticias.com\/en\/laliga\/feud-between-laliga-and-rfef-over-schedule-for-barca-atletico-md19_315148_102.html"},"wordCount":537,"image":{"@id":"https:\/\/www.fcbarcelonanoticias.com\/en\/laliga\/feud-between-laliga-and-rfef-over-schedule-for-barca-atletico-md19_315148_102.html#primaryimage"},"thumbnailUrl":"https:\/\/www.fcbarcelonanoticias.com\/en\/wp-content\/uploads\/sites\/2\/2025\/10\/dani-olmo-v-atletico-laliga-24-25.webp","keywords":["FC Barcelona vs Atl\u00e9tico Madrid","RFEF"],"articleSection":["LaLiga","LaLiga"],"inLanguage":"en-US"},{"@type":"WebPage","@id":"https:\/\/www.fcbarcelonanoticias.com\/en\/laliga\/feud-between-laliga-and-rfef-over-schedule-for-barca-atletico-md19_315148_102.html","url":"https:\/\/www.fcbarcelonanoticias.com\/en\/laliga\/feud-between-laliga-and-rfef-over-schedule-for-barca-atletico-md19_315148_102.html","name":"Feud between LaLiga and the RFEF over the schedule for Bar\u00e7a-Atl\u00e9tico","isPartOf":{"@id":"https:\/\/www.fcbarcelonanoticias.com\/en\/#website"},"primaryImageOfPage":{"@id":"https:\/\/www.fcbarcelonanoticias.com\/en\/laliga\/feud-between-laliga-and-rfef-over-schedule-for-barca-atletico-md19_315148_102.html#primaryimage"},"image":{"@id":"https:\/\/www.fcbarcelonanoticias.com\/en\/laliga\/feud-between-laliga-and-rfef-over-schedule-for-barca-atletico-md19_315148_102.html#primaryimage"},"thumbnailUrl":"https:\/\/www.fcbarcelonanoticias.com\/en\/wp-content\/uploads\/sites\/2\/2025\/10\/dani-olmo-v-atletico-laliga-24-25.webp","datePublished":"2025-10-29T18:03:00+00:00","dateModified":"2026-03-27T10:33:08+00:00","author":{"@id":"https:\/\/www.fcbarcelonanoticias.com\/en\/#\/schema\/person\/c2cd9f6fa1af5c0d0eccd0fefa575c88"},"description":"LaLiga has confirmed the schedules for the two matches brought forward from Matchday 19. Bar\u00e7a will host Atl\u00e9tico on Tuesday, December 2","breadcrumb":{"@id":"https:\/\/www.fcbarcelonanoticias.com\/en\/laliga\/feud-between-laliga-and-rfef-over-schedule-for-barca-atletico-md19_315148_102.html#breadcrumb"},"inLanguage":"en-US","potentialAction":[{"@type":"ReadAction","target":["https:\/\/www.fcbarcelonanoticias.com\/en\/laliga\/feud-between-laliga-and-rfef-over-schedule-for-barca-atletico-md19_315148_102.html"]}]},{"@type":"ImageObject","inLanguage":"en-US","@id":"https:\/\/www.fcbarcelonanoticias.com\/en\/laliga\/feud-between-laliga-and-rfef-over-schedule-for-barca-atletico-md19_315148_102.html#primaryimage","url":"https:\/\/www.fcbarcelonanoticias.com\/en\/wp-content\/uploads\/sites\/2\/2025\/10\/dani-olmo-v-atletico-laliga-24-25.webp","contentUrl":"https:\/\/www.fcbarcelonanoticias.com\/en\/wp-content\/uploads\/sites\/2\/2025\/10\/dani-olmo-v-atletico-laliga-24-25.webp","width":1200,"height":675},{"@type":"BreadcrumbList","@id":"https:\/\/www.fcbarcelonanoticias.com\/en\/laliga\/feud-between-laliga-and-rfef-over-schedule-for-barca-atletico-md19_315148_102.html#breadcrumb","itemListElement":[{"@type":"ListItem","position":1,"name":"Portada","item":"https:\/\/www.fcbarcelonanoticias.com\/en\/"},{"@type":"ListItem","position":2,"name":"Controversy between LaLiga and the RFEF over the schedule for Bar\u00e7a-Atl\u00e9tico on Matchday 19"}]},{"@type":"WebSite","@id":"https:\/\/www.fcbarcelonanoticias.com\/en\/#website","url":"https:\/\/www.fcbarcelonanoticias.com\/en\/","name":"EN - FC Barcelona Noticias","description":"","potentialAction":[{"@type":"SearchAction","target":{"@type":"EntryPoint","urlTemplate":"https:\/\/www.fcbarcelonanoticias.com\/en\/?s={search_term_string}"},"query-input":{"@type":"PropertyValueSpecification","valueRequired":true,"valueName":"search_term_string"}}],"inLanguage":"en-US"},{"@type":"Person","@id":"https:\/\/www.fcbarcelonanoticias.com\/en\/#\/schema\/person\/c2cd9f6fa1af5c0d0eccd0fefa575c88","name":"Andr\u00e9s Quiroz","image":{"@type":"ImageObject","inLanguage":"en-US","@id":"https:\/\/secure.gravatar.com\/avatar\/?s=96&d=mm&r=g","url":"https:\/\/secure.gravatar.com\/avatar\/?s=96&d=mm&r=g","contentUrl":"https:\/\/secure.gravatar.com\/avatar\/?s=96&d=mm&r=g","caption":"Andr\u00e9s Quiroz"},"description":"Licenciado en Periodismo por la Universidad de los Andes. Me encargo de analizar y compartir los contenidos m\u00e1s destacados de la\u00a0actualidad del F\u00fatbol Club Barcelona, Mercado de Fichajes y F\u00fatbol Internacional en FCBN. La informaci\u00f3n es poder, pero tambi\u00e9n conocimiento.","url":"https:\/\/www.fcbarcelonanoticias.com\/en\/fc-barcelona\/andres-quiroz_17_115.html"}]}},"_links":{"self":[{"href":"https:\/\/www.fcbarcelonanoticias.com\/en\/wp-json\/wp\/v2\/posts\/54550","targetHints":{"allow":["GET"]}}],"collection":[{"href":"https:\/\/www.fcbarcelonanoticias.com\/en\/wp-json\/wp\/v2\/posts"}],"about":[{"href":"https:\/\/www.fcbarcelonanoticias.com\/en\/wp-json\/wp\/v2\/types\/post"}],"author":[{"embeddable":true,"href":"https:\/\/www.fcbarcelonanoticias.com\/en\/wp-json\/wp\/v2\/users\/347"}],"replies":[{"embeddable":true,"href":"https:\/\/www.fcbarcelonanoticias.com\/en\/wp-json\/wp\/v2\/comments?post=54550"}],"version-history":[{"count":2,"href":"https:\/\/www.fcbarcelonanoticias.com\/en\/wp-json\/wp\/v2\/posts\/54550\/revisions"}],"predecessor-version":[{"id":159188,"href":"https:\/\/www.fcbarcelonanoticias.com\/en\/wp-json\/wp\/v2\/posts\/54550\/revisions\/159188"}],"wp:featuredmedia":[{"embeddable":true,"href":"https:\/\/www.fcbarcelonanoticias.com\/en\/wp-json\/wp\/v2\/media\/54551"}],"wp:attachment":[{"href":"https:\/\/www.fcbarcelonanoticias.com\/en\/wp-json\/wp\/v2\/media?parent=54550"}],"wp:term":[{"taxonomy":"category","embeddable":true,"href":"https:\/\/www.fcbarcelonanoticias.com\/en\/wp-json\/wp\/v2\/categories?post=54550"},{"taxonomy":"post_tag","embeddable":true,"href":"https:\/\/www.fcbarcelonanoticias.com\/en\/wp-json\/wp\/v2\/tags?post=54550"}],"curies":[{"name":"wp","href":"https:\/\/api.w.org\/{rel}","templated":true}]}}