{"id":5456,"date":"2022-09-29T00:00:00","date_gmt":"2022-09-28T22:00:00","guid":{"rendered":"https:\/\/weisetech.dev\/fc-barcelona-noticias\/en\/lukaku-follows-without-playing-and-is-serious-doubt-for-the-inter-barca_284875_102\/"},"modified":"2022-09-29T00:00:00","modified_gmt":"2022-09-28T22:00:00","slug":"lukaku-follows-without-playing-and-is-serious-doubt-for-the-inter-barca_284875_102","status":"publish","type":"post","link":"https:\/\/www.fcbarcelonanoticias.com\/en\/champions-league\/lukaku-follows-without-playing-and-is-serious-doubt-for-the-inter-barca_284875_102.html","title":{"rendered":"Lukaku is still not playing and is a serious doubt for Inter-Bar\u00e7a"},"content":{"rendered":"<h2 class=\"wp-block-heading\">Inter Milan could arrive at next Tuesday&#8217;s match against FC Barcelona with a significant loss: Romelu Lukaku, ruled out for the match against Roma on Saturday, will probably miss the match at the Meazza for the Champions League<\/h2>  \r\n<div class=\"article-addons\">\r\n    <a href=\"https:\/\/www.fcbarcelonanoticias.com\/en\/calendar-fc-barcelona.html\"\r\n       target=\"_self\"\r\n       title=\"Calendar of FC Barcelona\"\r\n       class=\"blue-gredient-btn\">\r\n       \r\n        Calendar of FC Barcelona    <\/a>\r\n<\/div>   <p>To five days for the decisive Inter-Bar\u00e7a of the next Tuesday in the UEFA Champions League, <strong>Romelu Lukaku is very near to lose the crash by not to recover to time of the muscular injury<\/strong> that has kept him moved away of the field during the last month. With the one of the Saturday in front of the Rome, will be seven the parties that will lose the Belgian by <strong>the distenci\u00f3n muscular in the left thigh<\/strong> to finals of August.<\/p>  <p>As &#8216;The Gazzetta dello Sport&#8217;, <strong>the forward would have 5% of probabilities to arrive to the crash in front of the <a data-external=\"0\" data-intl-links-en=\"https:\/\/www.fcbarcelonanoticias.com\/en\/fc-barcelona\/lights-and-shadows-like-this-it-went-them-to-the-footballers-of-the-barca_284872_102.html\" data-intl-links-es=\"https:\/\/www.fcbarcelonanoticias.com\/fc-barcelona\/luces-sombras-fue-futbolistas-barcelona-en-este-paron_284872_102.html\" href=\"https:\/\/www.fcbarcelonanoticias.com\/en\/fc-barcelona\/lights-and-shadows-like-this-it-went-them-to-the-footballers-of-the-barca_284872_102.html\" rel=\"follow\" target=\"_self\" title=\"Luces y sombras: as\u00ed les fue a los futbolistas del Bar\u00e7a en este par\u00f3n\">FC Barcelona<\/a><\/strong> if it does not add minutes the Saturday in front of the group directed by Jos\u00e9 Mourinho. With this, the &#8216;neroazzurros&#8217; will have a key drop for a party in which they can define many of his possibilities in the Group C of the League of Champions. The ones of Simone Inzaghi won in the date 2 to Viktoria Plzen (0-2) and are third with three points, the same that the Bar\u00e7a.<\/p>  <p>Nevertheless, the group blaugrana is second by better difference of goal. With a Bayern solid Munich in the tip (could close his early classification if it wins in the two parties to the Plzen),<strong> the confrontation between Italians and Catalans will define to the another qualifier<\/strong>. A prick of the Inter home the Tuesday could leave them to the edge of the abyss if <a data-external=\"0\" data-intl-links-en=\"https:\/\/www.fcbarcelonanoticias.com\/en\/transfers\/survey-how-much-would-he-pay-barcelona-messi-close-his-turn_284871_102.html\" data-intl-links-es=\"https:\/\/www.fcbarcelonanoticias.com\/fichajes\/encuesta-cuanto-tendria-pagarle-barcelona-messi-cerrar-su-vuelta_284871_102.html\" href=\"https:\/\/www.fcbarcelonanoticias.com\/en\/transfers\/survey-how-much-would-he-pay-barcelona-messi-close-his-turn_284871_102.html\" rel=\"follow\" target=\"_self\" title=\"ENCUESTA: \u00bfCu\u00e1nto tendr\u00eda que pagarle el Bar\u00e7a a Messi para cerrar su vuelta?\">the Bar\u00e7a<\/a> does the deberas the following week in Catalonia.<\/p>  <p>In addition to Lukaku, the &#8216;neroazzurros&#8217; already know another important drop for the next week: <strong>Marcelo Brozovic<\/strong>. The mediocentro suffered <strong>a partial injury in the flexor of the left thigh in the Austria-Croatia <\/strong>of the past Sunday (1-3) and will be at least three weeks of drop. Like this the things, to the Inter begins to complicate him the panorama with a calendar that will not give break to the European clubs between October and November.<\/p>  <h3>The Inter will look for to go out of his bad moment<\/h3>  <p>Before the stopped of selections, the ones of Simone Inzaghi fell in front of the Udinese like visitors (3-1), with which fell to the place 7 of the table in the Series To. <strong>The current runners-up of the Italian League add four triumphs and three falls in the first seven days<\/strong>, a performance very underneath of the expected, in good measure, by the absence of a Romelu Lukaku that has returned this year with the aim to lead again the attack interista beside the Argentinian Lautaro Mart\u00ednez. Except surprise, <strong>the Belgian will not be a problem for the decimated defence blaugrana<\/strong> in front of the injuries of Ronald Ara\u00fajo and Jules Kound\u00e9.<\/p> ","protected":false},"excerpt":{"rendered":"<p>Inter Milan could arrive at next Tuesday&#8217;s match against FC Barcelona with a significant loss: Romelu Lukaku, ruled out for the match against Roma on Saturday, will probably miss the match at the Meazza for the Champions League To five days for the decisive Inter-Bar\u00e7a of the next Tuesday in the UEFA Champions League, Romelu [&hellip;]<\/p>\n","protected":false},"author":347,"featured_media":5457,"comment_status":"closed","ping_status":"open","sticky":false,"template":"","format":"standard","meta":{"_acf_changed":false,"inline_featured_image":false,"_nextfly_llmd_date_locked":false,"footnotes":""},"categories":[447,112],"tags":[100],"class_list":["post-5456","post","type-post","status-publish","format-standard","has-post-thumbnail","hentry","category-champions-league-2","category-champions-league","tag-inter-milan"],"acf":[],"yoast_head":"<!-- This site is optimized with the Yoast SEO plugin v27.3 - https:\/\/yoast.com\/product\/yoast-seo-wordpress\/ -->\n<title>Lukaku Follows without playing and is serious doubt for the Inter-Bar\u00e7a<\/title>\n<meta name=\"description\" content=\"The Inter of Milan could arrive to the party of the next Tuesday in front of the FC Barcelona with a sensitive drop: Romelu Lukaku, descartado for the party in front of the s...\" \/>\n<meta name=\"robots\" content=\"index, follow, max-snippet:-1, max-image-preview:large, max-video-preview:-1\" \/>\n<link rel=\"canonical\" href=\"https:\/\/www.fcbarcelonanoticias.com\/en\/champions-league\/lukaku-follows-without-playing-and-is-serious-doubt-for-the-inter-barca_284875_102.html\" \/>\n<meta property=\"og:locale\" content=\"en_US\" \/>\n<meta property=\"og:type\" content=\"article\" \/>\n<meta property=\"og:title\" content=\"Lukaku Follows without playing and is serious doubt for the Inter-Bar\u00e7a\" \/>\n<meta property=\"og:description\" content=\"The Inter of Milan could arrive to the party of the next Tuesday in front of the FC Barcelona with a sensitive drop: Romelu Lukaku, descartado for the party in front of the s...\" \/>\n<meta property=\"og:url\" content=\"https:\/\/www.fcbarcelonanoticias.com\/en\/champions-league\/lukaku-follows-without-playing-and-is-serious-doubt-for-the-inter-barca_284875_102.html\" \/>\n<meta property=\"og:site_name\" content=\"EN - FC Barcelona Noticias\" \/>\n<meta property=\"article:published_time\" content=\"2022-09-28T22:00:00+00:00\" \/>\n<meta property=\"og:image\" content=\"https:\/\/www.fcbarcelonanoticias.com\/en\/wp-content\/uploads\/sites\/2\/2022\/09\/romelu-lukaku-belgica.jpeg\" \/>\n\t<meta property=\"og:image:width\" content=\"1300\" \/>\n\t<meta property=\"og:image:height\" content=\"732\" \/>\n\t<meta property=\"og:image:type\" content=\"image\/jpeg\" \/>\n<meta name=\"author\" content=\"Andr\u00e9s Quiroz\" \/>\n<meta name=\"twitter:card\" content=\"summary_large_image\" \/>\n<meta name=\"twitter:label1\" content=\"Written by\" \/>\n\t<meta name=\"twitter:data1\" content=\"Andr\u00e9s Quiroz\" \/>\n\t<meta name=\"twitter:label2\" content=\"Est. reading time\" \/>\n\t<meta name=\"twitter:data2\" content=\"2 minutes\" \/>\n<script type=\"application\/ld+json\" class=\"yoast-schema-graph\">{\"@context\":\"https:\\\/\\\/schema.org\",\"@graph\":[{\"@type\":\"Article\",\"@id\":\"https:\\\/\\\/www.fcbarcelonanoticias.com\\\/en\\\/champions-league\\\/lukaku-follows-without-playing-and-is-serious-doubt-for-the-inter-barca_284875_102.html#article\",\"isPartOf\":{\"@id\":\"https:\\\/\\\/www.fcbarcelonanoticias.com\\\/en\\\/champions-league\\\/lukaku-follows-without-playing-and-is-serious-doubt-for-the-inter-barca_284875_102.html\"},\"author\":{\"name\":\"Andr\u00e9s Quiroz\",\"@id\":\"https:\\\/\\\/www.fcbarcelonanoticias.com\\\/en\\\/#\\\/schema\\\/person\\\/c2cd9f6fa1af5c0d0eccd0fefa575c88\"},\"headline\":\"Lukaku is still not playing and is a serious doubt for Inter-Bar\u00e7a\",\"datePublished\":\"2022-09-28T22:00:00+00:00\",\"mainEntityOfPage\":{\"@id\":\"https:\\\/\\\/www.fcbarcelonanoticias.com\\\/en\\\/champions-league\\\/lukaku-follows-without-playing-and-is-serious-doubt-for-the-inter-barca_284875_102.html\"},\"wordCount\":505,\"image\":{\"@id\":\"https:\\\/\\\/www.fcbarcelonanoticias.com\\\/en\\\/champions-league\\\/lukaku-follows-without-playing-and-is-serious-doubt-for-the-inter-barca_284875_102.html#primaryimage\"},\"thumbnailUrl\":\"https:\\\/\\\/www.fcbarcelonanoticias.com\\\/en\\\/wp-content\\\/uploads\\\/sites\\\/2\\\/2022\\\/09\\\/romelu-lukaku-belgica.jpeg\",\"keywords\":[\"Inter Milan\"],\"articleSection\":[\"Champions League\",\"Champions League\"],\"inLanguage\":\"en-US\"},{\"@type\":\"WebPage\",\"@id\":\"https:\\\/\\\/www.fcbarcelonanoticias.com\\\/en\\\/champions-league\\\/lukaku-follows-without-playing-and-is-serious-doubt-for-the-inter-barca_284875_102.html\",\"url\":\"https:\\\/\\\/www.fcbarcelonanoticias.com\\\/en\\\/champions-league\\\/lukaku-follows-without-playing-and-is-serious-doubt-for-the-inter-barca_284875_102.html\",\"name\":\"Lukaku Follows without playing and is serious doubt for the Inter-Bar\u00e7a\",\"isPartOf\":{\"@id\":\"https:\\\/\\\/www.fcbarcelonanoticias.com\\\/en\\\/#website\"},\"primaryImageOfPage\":{\"@id\":\"https:\\\/\\\/www.fcbarcelonanoticias.com\\\/en\\\/champions-league\\\/lukaku-follows-without-playing-and-is-serious-doubt-for-the-inter-barca_284875_102.html#primaryimage\"},\"image\":{\"@id\":\"https:\\\/\\\/www.fcbarcelonanoticias.com\\\/en\\\/champions-league\\\/lukaku-follows-without-playing-and-is-serious-doubt-for-the-inter-barca_284875_102.html#primaryimage\"},\"thumbnailUrl\":\"https:\\\/\\\/www.fcbarcelonanoticias.com\\\/en\\\/wp-content\\\/uploads\\\/sites\\\/2\\\/2022\\\/09\\\/romelu-lukaku-belgica.jpeg\",\"datePublished\":\"2022-09-28T22:00:00+00:00\",\"author\":{\"@id\":\"https:\\\/\\\/www.fcbarcelonanoticias.com\\\/en\\\/#\\\/schema\\\/person\\\/c2cd9f6fa1af5c0d0eccd0fefa575c88\"},\"description\":\"The Inter of Milan could arrive to the party of the next Tuesday in front of the FC Barcelona with a sensitive drop: Romelu Lukaku, descartado for the party in front of the s...\",\"breadcrumb\":{\"@id\":\"https:\\\/\\\/www.fcbarcelonanoticias.com\\\/en\\\/champions-league\\\/lukaku-follows-without-playing-and-is-serious-doubt-for-the-inter-barca_284875_102.html#breadcrumb\"},\"inLanguage\":\"en-US\",\"potentialAction\":[{\"@type\":\"ReadAction\",\"target\":[\"https:\\\/\\\/www.fcbarcelonanoticias.com\\\/en\\\/champions-league\\\/lukaku-follows-without-playing-and-is-serious-doubt-for-the-inter-barca_284875_102.html\"]}]},{\"@type\":\"ImageObject\",\"inLanguage\":\"en-US\",\"@id\":\"https:\\\/\\\/www.fcbarcelonanoticias.com\\\/en\\\/champions-league\\\/lukaku-follows-without-playing-and-is-serious-doubt-for-the-inter-barca_284875_102.html#primaryimage\",\"url\":\"https:\\\/\\\/www.fcbarcelonanoticias.com\\\/en\\\/wp-content\\\/uploads\\\/sites\\\/2\\\/2022\\\/09\\\/romelu-lukaku-belgica.jpeg\",\"contentUrl\":\"https:\\\/\\\/www.fcbarcelonanoticias.com\\\/en\\\/wp-content\\\/uploads\\\/sites\\\/2\\\/2022\\\/09\\\/romelu-lukaku-belgica.jpeg\",\"width\":1300,\"height\":732},{\"@type\":\"BreadcrumbList\",\"@id\":\"https:\\\/\\\/www.fcbarcelonanoticias.com\\\/en\\\/champions-league\\\/lukaku-follows-without-playing-and-is-serious-doubt-for-the-inter-barca_284875_102.html#breadcrumb\",\"itemListElement\":[{\"@type\":\"ListItem\",\"position\":1,\"name\":\"Portada\",\"item\":\"https:\\\/\\\/www.fcbarcelonanoticias.com\\\/en\\\/\"},{\"@type\":\"ListItem\",\"position\":2,\"name\":\"Lukaku is still not playing and is a serious doubt for Inter-Bar\u00e7a\"}]},{\"@type\":\"WebSite\",\"@id\":\"https:\\\/\\\/www.fcbarcelonanoticias.com\\\/en\\\/#website\",\"url\":\"https:\\\/\\\/www.fcbarcelonanoticias.com\\\/en\\\/\",\"name\":\"EN - FC Barcelona Noticias\",\"description\":\"\",\"potentialAction\":[{\"@type\":\"SearchAction\",\"target\":{\"@type\":\"EntryPoint\",\"urlTemplate\":\"https:\\\/\\\/www.fcbarcelonanoticias.com\\\/en\\\/?s={search_term_string}\"},\"query-input\":{\"@type\":\"PropertyValueSpecification\",\"valueRequired\":true,\"valueName\":\"search_term_string\"}}],\"inLanguage\":\"en-US\"},{\"@type\":\"Person\",\"@id\":\"https:\\\/\\\/www.fcbarcelonanoticias.com\\\/en\\\/#\\\/schema\\\/person\\\/c2cd9f6fa1af5c0d0eccd0fefa575c88\",\"name\":\"Andr\u00e9s Quiroz\",\"image\":{\"@type\":\"ImageObject\",\"inLanguage\":\"en-US\",\"@id\":\"https:\\\/\\\/secure.gravatar.com\\\/avatar\\\/?s=96&d=mm&r=g\",\"url\":\"https:\\\/\\\/secure.gravatar.com\\\/avatar\\\/?s=96&d=mm&r=g\",\"contentUrl\":\"https:\\\/\\\/secure.gravatar.com\\\/avatar\\\/?s=96&d=mm&r=g\",\"caption\":\"Andr\u00e9s Quiroz\"},\"description\":\"Licenciado en Periodismo por la Universidad de los Andes. Me encargo de analizar y compartir los contenidos m\u00e1s destacados de la\u00a0actualidad del F\u00fatbol Club Barcelona, Mercado de Fichajes y F\u00fatbol Internacional en FCBN. La informaci\u00f3n es poder, pero tambi\u00e9n conocimiento.\",\"url\":\"https:\\\/\\\/www.fcbarcelonanoticias.com\\\/en\\\/fc-barcelona\\\/andres-quiroz_17_115.html\"}]}<\/script>\n<!-- \/ Yoast SEO plugin. -->","yoast_head_json":{"title":"Lukaku Follows without playing and is serious doubt for the Inter-Bar\u00e7a","description":"The Inter of Milan could arrive to the party of the next Tuesday in front of the FC Barcelona with a sensitive drop: Romelu Lukaku, descartado for the party in front of the s...","robots":{"index":"index","follow":"follow","max-snippet":"max-snippet:-1","max-image-preview":"max-image-preview:large","max-video-preview":"max-video-preview:-1"},"canonical":"https:\/\/www.fcbarcelonanoticias.com\/en\/champions-league\/lukaku-follows-without-playing-and-is-serious-doubt-for-the-inter-barca_284875_102.html","og_locale":"en_US","og_type":"article","og_title":"Lukaku Follows without playing and is serious doubt for the Inter-Bar\u00e7a","og_description":"The Inter of Milan could arrive to the party of the next Tuesday in front of the FC Barcelona with a sensitive drop: Romelu Lukaku, descartado for the party in front of the s...","og_url":"https:\/\/www.fcbarcelonanoticias.com\/en\/champions-league\/lukaku-follows-without-playing-and-is-serious-doubt-for-the-inter-barca_284875_102.html","og_site_name":"EN - FC Barcelona Noticias","article_published_time":"2022-09-28T22:00:00+00:00","og_image":[{"width":1300,"height":732,"url":"https:\/\/www.fcbarcelonanoticias.com\/en\/wp-content\/uploads\/sites\/2\/2022\/09\/romelu-lukaku-belgica.jpeg","type":"image\/jpeg"}],"author":"Andr\u00e9s Quiroz","twitter_card":"summary_large_image","twitter_misc":{"Written by":"Andr\u00e9s Quiroz","Est. reading time":"2 minutes"},"schema":{"@context":"https:\/\/schema.org","@graph":[{"@type":"Article","@id":"https:\/\/www.fcbarcelonanoticias.com\/en\/champions-league\/lukaku-follows-without-playing-and-is-serious-doubt-for-the-inter-barca_284875_102.html#article","isPartOf":{"@id":"https:\/\/www.fcbarcelonanoticias.com\/en\/champions-league\/lukaku-follows-without-playing-and-is-serious-doubt-for-the-inter-barca_284875_102.html"},"author":{"name":"Andr\u00e9s Quiroz","@id":"https:\/\/www.fcbarcelonanoticias.com\/en\/#\/schema\/person\/c2cd9f6fa1af5c0d0eccd0fefa575c88"},"headline":"Lukaku is still not playing and is a serious doubt for Inter-Bar\u00e7a","datePublished":"2022-09-28T22:00:00+00:00","mainEntityOfPage":{"@id":"https:\/\/www.fcbarcelonanoticias.com\/en\/champions-league\/lukaku-follows-without-playing-and-is-serious-doubt-for-the-inter-barca_284875_102.html"},"wordCount":505,"image":{"@id":"https:\/\/www.fcbarcelonanoticias.com\/en\/champions-league\/lukaku-follows-without-playing-and-is-serious-doubt-for-the-inter-barca_284875_102.html#primaryimage"},"thumbnailUrl":"https:\/\/www.fcbarcelonanoticias.com\/en\/wp-content\/uploads\/sites\/2\/2022\/09\/romelu-lukaku-belgica.jpeg","keywords":["Inter Milan"],"articleSection":["Champions League","Champions League"],"inLanguage":"en-US"},{"@type":"WebPage","@id":"https:\/\/www.fcbarcelonanoticias.com\/en\/champions-league\/lukaku-follows-without-playing-and-is-serious-doubt-for-the-inter-barca_284875_102.html","url":"https:\/\/www.fcbarcelonanoticias.com\/en\/champions-league\/lukaku-follows-without-playing-and-is-serious-doubt-for-the-inter-barca_284875_102.html","name":"Lukaku Follows without playing and is serious doubt for the Inter-Bar\u00e7a","isPartOf":{"@id":"https:\/\/www.fcbarcelonanoticias.com\/en\/#website"},"primaryImageOfPage":{"@id":"https:\/\/www.fcbarcelonanoticias.com\/en\/champions-league\/lukaku-follows-without-playing-and-is-serious-doubt-for-the-inter-barca_284875_102.html#primaryimage"},"image":{"@id":"https:\/\/www.fcbarcelonanoticias.com\/en\/champions-league\/lukaku-follows-without-playing-and-is-serious-doubt-for-the-inter-barca_284875_102.html#primaryimage"},"thumbnailUrl":"https:\/\/www.fcbarcelonanoticias.com\/en\/wp-content\/uploads\/sites\/2\/2022\/09\/romelu-lukaku-belgica.jpeg","datePublished":"2022-09-28T22:00:00+00:00","author":{"@id":"https:\/\/www.fcbarcelonanoticias.com\/en\/#\/schema\/person\/c2cd9f6fa1af5c0d0eccd0fefa575c88"},"description":"The Inter of Milan could arrive to the party of the next Tuesday in front of the FC Barcelona with a sensitive drop: Romelu Lukaku, descartado for the party in front of the s...","breadcrumb":{"@id":"https:\/\/www.fcbarcelonanoticias.com\/en\/champions-league\/lukaku-follows-without-playing-and-is-serious-doubt-for-the-inter-barca_284875_102.html#breadcrumb"},"inLanguage":"en-US","potentialAction":[{"@type":"ReadAction","target":["https:\/\/www.fcbarcelonanoticias.com\/en\/champions-league\/lukaku-follows-without-playing-and-is-serious-doubt-for-the-inter-barca_284875_102.html"]}]},{"@type":"ImageObject","inLanguage":"en-US","@id":"https:\/\/www.fcbarcelonanoticias.com\/en\/champions-league\/lukaku-follows-without-playing-and-is-serious-doubt-for-the-inter-barca_284875_102.html#primaryimage","url":"https:\/\/www.fcbarcelonanoticias.com\/en\/wp-content\/uploads\/sites\/2\/2022\/09\/romelu-lukaku-belgica.jpeg","contentUrl":"https:\/\/www.fcbarcelonanoticias.com\/en\/wp-content\/uploads\/sites\/2\/2022\/09\/romelu-lukaku-belgica.jpeg","width":1300,"height":732},{"@type":"BreadcrumbList","@id":"https:\/\/www.fcbarcelonanoticias.com\/en\/champions-league\/lukaku-follows-without-playing-and-is-serious-doubt-for-the-inter-barca_284875_102.html#breadcrumb","itemListElement":[{"@type":"ListItem","position":1,"name":"Portada","item":"https:\/\/www.fcbarcelonanoticias.com\/en\/"},{"@type":"ListItem","position":2,"name":"Lukaku is still not playing and is a serious doubt for Inter-Bar\u00e7a"}]},{"@type":"WebSite","@id":"https:\/\/www.fcbarcelonanoticias.com\/en\/#website","url":"https:\/\/www.fcbarcelonanoticias.com\/en\/","name":"EN - FC Barcelona Noticias","description":"","potentialAction":[{"@type":"SearchAction","target":{"@type":"EntryPoint","urlTemplate":"https:\/\/www.fcbarcelonanoticias.com\/en\/?s={search_term_string}"},"query-input":{"@type":"PropertyValueSpecification","valueRequired":true,"valueName":"search_term_string"}}],"inLanguage":"en-US"},{"@type":"Person","@id":"https:\/\/www.fcbarcelonanoticias.com\/en\/#\/schema\/person\/c2cd9f6fa1af5c0d0eccd0fefa575c88","name":"Andr\u00e9s Quiroz","image":{"@type":"ImageObject","inLanguage":"en-US","@id":"https:\/\/secure.gravatar.com\/avatar\/?s=96&d=mm&r=g","url":"https:\/\/secure.gravatar.com\/avatar\/?s=96&d=mm&r=g","contentUrl":"https:\/\/secure.gravatar.com\/avatar\/?s=96&d=mm&r=g","caption":"Andr\u00e9s Quiroz"},"description":"Licenciado en Periodismo por la Universidad de los Andes. Me encargo de analizar y compartir los contenidos m\u00e1s destacados de la\u00a0actualidad del F\u00fatbol Club Barcelona, Mercado de Fichajes y F\u00fatbol Internacional en FCBN. La informaci\u00f3n es poder, pero tambi\u00e9n conocimiento.","url":"https:\/\/www.fcbarcelonanoticias.com\/en\/fc-barcelona\/andres-quiroz_17_115.html"}]}},"_links":{"self":[{"href":"https:\/\/www.fcbarcelonanoticias.com\/en\/wp-json\/wp\/v2\/posts\/5456","targetHints":{"allow":["GET"]}}],"collection":[{"href":"https:\/\/www.fcbarcelonanoticias.com\/en\/wp-json\/wp\/v2\/posts"}],"about":[{"href":"https:\/\/www.fcbarcelonanoticias.com\/en\/wp-json\/wp\/v2\/types\/post"}],"author":[{"embeddable":true,"href":"https:\/\/www.fcbarcelonanoticias.com\/en\/wp-json\/wp\/v2\/users\/347"}],"replies":[{"embeddable":true,"href":"https:\/\/www.fcbarcelonanoticias.com\/en\/wp-json\/wp\/v2\/comments?post=5456"}],"version-history":[{"count":1,"href":"https:\/\/www.fcbarcelonanoticias.com\/en\/wp-json\/wp\/v2\/posts\/5456\/revisions"}],"predecessor-version":[{"id":103644,"href":"https:\/\/www.fcbarcelonanoticias.com\/en\/wp-json\/wp\/v2\/posts\/5456\/revisions\/103644"}],"wp:featuredmedia":[{"embeddable":true,"href":"https:\/\/www.fcbarcelonanoticias.com\/en\/wp-json\/wp\/v2\/media\/5457"}],"wp:attachment":[{"href":"https:\/\/www.fcbarcelonanoticias.com\/en\/wp-json\/wp\/v2\/media?parent=5456"}],"wp:term":[{"taxonomy":"category","embeddable":true,"href":"https:\/\/www.fcbarcelonanoticias.com\/en\/wp-json\/wp\/v2\/categories?post=5456"},{"taxonomy":"post_tag","embeddable":true,"href":"https:\/\/www.fcbarcelonanoticias.com\/en\/wp-json\/wp\/v2\/tags?post=5456"}],"curies":[{"name":"wp","href":"https:\/\/api.w.org\/{rel}","templated":true}]}}