{"id":54563,"date":"2025-11-08T15:37:00","date_gmt":"2025-11-08T14:37:00","guid":{"rendered":"https:\/\/weisetech.dev\/fc-barcelona-noticias\/en\/flick-asks-national-team-to-take-care-of-lamine-during-break_315214_102\/"},"modified":"2026-04-06T20:01:25","modified_gmt":"2026-04-06T18:01:25","slug":"flick-asks-national-team-to-take-care-of-lamine-during-break_315214_102","status":"publish","type":"post","link":"https:\/\/www.fcbarcelonanoticias.com\/en\/laliga\/flick-asks-national-team-to-take-care-of-lamine-during-break_315214_102.html","title":{"rendered":"Flick asks the National Team to &#8220;take care of Lamine&#8221; and postpones Joan Garc\u00eda&#8217;s return"},"content":{"rendered":"<h2 class=\"wp-block-heading\">Hansi Flick spoke again about the physical condition of Lamine Yamal and Joan Garc\u00eda on the eve of Celta-Bar\u00e7a. Regarding the &#8217;10&#8217;, he reiterated his concern about his call-up to La Roja. The goalkeeper will reappear after the break<\/h2>  \r\n<div class=\"article-addons\">\r\n    <a href=\"https:\/\/www.fcbarcelonanoticias.com\/en\/calendar-fc-barcelona.html\"\r\n       target=\"_self\"\r\n       title=\"Calendar of FC Barcelona\"\r\n       class=\"blue-gredient-btn\">\r\n       \r\n        Calendar of FC Barcelona    <\/a>\r\n<\/div>   <p><strong>Lamine Yamal<\/strong> will return with <strong>Spain <\/strong>for the November FIFA international break for the last two World Cup qualifying matches, against <strong>Georgia <\/strong>(11\/15) and <strong>Turkey <\/strong>(11\/18). The <strong>FC Barcelona<\/strong> winger is still undergoing specific work to overcome the <a data-external=\"0\" data-intl-links-en=\"https:\/\/www.fcbarcelonanoticias.com\/en\/fc-barcelona\/lamine-yamal-effects-of-pubalgia-and-barcelona-plan_315139_102.html\" data-intl-links-es=\"https:\/\/www.fcbarcelonanoticias.com\/fc-barcelona\/asi-afecta-pubalgia-lamine-yamal-10-barcelona-no-esta-tope_315139_102.html\" href=\"https:\/\/www.fcbarcelonanoticias.com\/en\/fc-barcelona\/lamine-yamal-effects-of-pubalgia-and-barcelona-plan_315139_102.html\" rel=\"follow\" target=\"_self\" title=\"As\u00ed afecta la pubalgia a Lamine Yamal: el '10' del Bar\u00e7a a\u00fan no est\u00e1 a tope\">pubalgia<\/a> that hampered his performance last month and, in this regard, <strong>Hansi Flick<\/strong> was clear in reiterating his concern about the workload with La Roja.<\/p>  <p>The player from Matar\u00f3 returned injured in September after the matches against <strong>Bulgaria <\/strong>(0-3) and <strong>Turkey <\/strong>(0-6), where the minute management by <a data-external=\"0\" data-intl-links-en=\"https:\/\/www.fcbarcelonanoticias.com\/en\/football\/fuente-denies-conflict-with-flick-and-defends-management-of-lamine_314920_102.html\" data-intl-links-es=\"https:\/\/www.fcbarcelonanoticias.com\/futbol\/de-la-fuente-niega-conflicto-flick-defiende-lamine-yamal_314920_102.html\" href=\"https:\/\/www.fcbarcelonanoticias.com\/en\/football\/fuente-denies-conflict-with-flick-and-defends-management-of-lamine_314920_102.html\" rel=\"follow\" target=\"_self\" title=\"Luis de la Fuente `niega' conflicto con Flick y defiende su gesti\u00f3n con Lamine Yamal\">Luis de la Fuente<\/a> was harshly criticized. In this regard, Flick hopes that, this time, the National Team will take care of Lamine and avoid forcing him to play if the forward is not physically at one hundred percent.<\/p>  <p>&#8220;Lamine has changed, he&#8217;s much better and training very well, he&#8217;s undergoing daily treatment in the gym&#8230; <strong>He can return to his best level, but he&#8217;s not yet at one hundred percent. He needs to be looked after, here and with the National Team<\/strong>. And I think they will also do so from the National Team,&#8221; argued the Bar\u00e7a coach.<\/p>  <p>So far in the 25\/26 season, Yamal has missed 5 of the Catalan club&#8217;s 15 official matches due to his pubis discomfort. He played almost full matches in the last three games (coming off in the 87th minute against Elche) and has accumulated 799 minutes of action in 10 appearances, with 5 goals and 6 assists<\/p>  <h2>Flick has Joan Garc\u00eda available after the break and doubts Kound\u00e9 for Celta-Bar\u00e7a<\/h2>  <p>On the other hand, the German coach valued Joan Garc\u00eda&#8217;s recovery. The Catalan goalkeeper is already ready to be medically discharged after undergoing surgery on his left meniscus, but the club prefers to give him a little more rest. The player from Sallent will reappear after the break, which means Szczesny must return to the bench.&#8221;We are very happy with his progress, but we will wait for his return after the break,&#8221; Flick said about Joan. The outlook for Jules Kound\u00e9 is less optimistic.<\/p>  <p>The Frenchman did not complete Saturday&#8217;s training session, the last one before the visit to Celta this Sunday (21:00 CEST), after missing <a data-external=\"0\" data-intl-links-en=\"https:\/\/www.fcbarcelonanoticias.com\/en\/fc-barcelona\/first-barca-training-session-at-spotify-camp-nou_315210_102.html\" data-intl-links-es=\"https:\/\/www.fcbarcelonanoticias.com\/fc-barcelona\/nuevo-spotify-camp-nou-primer-entrenamiento-barca-21795-aficionados_315210_102.html\" href=\"https:\/\/www.fcbarcelonanoticias.com\/en\/fc-barcelona\/first-barca-training-session-at-spotify-camp-nou_315210_102.html\" rel=\"follow\" target=\"_self\" title=\"Spotify Camp Nou: primer entrenamiento del Bar\u00e7a ante m\u00e1s de 22.000 aficionados\">Friday&#8217;s session at Spotify Camp Nou<\/a> due to a knock sustained against Bruges. Although he started the work without problems, he had to leave for the locker room due to discomfort.<\/p>  <p>Regarding this, Flick stated that &#8220;<strong>Jules has not finished the session and I doubt he will be on the list, I don&#8217;t think he will make it (to Bala\u00eddos)<\/strong>. We will wait and see&#8221;. Those who will be present against Celta are <strong>Andreas Christensen<\/strong> and <strong>Eric Garc\u00eda<\/strong>, the latter with a protective mask after the nasal fracture suffered in the final minutes against Bruges.<\/p>  <h2>Flick believes Celta is in better shape than Bar\u00e7a for LaLiga Matchday 12<\/h2>  <p>Regarding the visit to Bala\u00eddos, Hansi Flick did not hesitate to be self-critical about Barcelona&#8217;s current form. The Catalans are coming off a draw in the Champions League against Bruges (3-3) and have conceded 8 goals in their last 5 matches. Celta, on the other hand, arrives with renewed spirits after five consecutive victories in the League, Cup, and Europa League.<\/p>  <p>Therefore, the Bar\u00e7a coach does not hesitate to acknowledge his rival&#8217;s good form on Sunday. &#8220;<strong>Right now, Celta is in good form. In a better situation than us. But it has to do with mentality, and we&#8217;ve talked about it<\/strong>. We want to win, we want to reach the break with three more points,&#8221; commented the manager.<\/p>  <p>In turn, he reiterated that he expects to see greater sacrifice from all his players on the field, as well as the certainty of seeing a much more reliable version of the team when most of the injured players return after the break&#8221;In Bruges we got a point. And we are second in LaLiga. It&#8217;s November, we have a long way to go. The players know they have to play better. When everyone is back, after two or three games, they will be better,&#8221; Flick pointed out<\/p>  <blockquote> <p>&#8220;Last season was different, we played at another level. We&#8217;ve talked about the match against Bruges and they know what I want. I want to see it reflected on the pitch&#8221;<\/p> <\/blockquote> ","protected":false},"excerpt":{"rendered":"<p>Hansi Flick spoke again about the physical condition of Lamine Yamal and Joan Garc\u00eda on the eve of Celta-Bar\u00e7a. Regarding the &#8217;10&#8217;, he reiterated his concern about his call-up to La Roja. The goalkeeper will reappear after the break Lamine Yamal will return with Spain for the November FIFA international break for the last two [&hellip;]<\/p>\n","protected":false},"author":347,"featured_media":54564,"comment_status":"closed","ping_status":"open","sticky":false,"template":"","format":"standard","meta":{"_acf_changed":false,"inline_featured_image":false,"_nextfly_llmd_date_locked":false,"footnotes":""},"categories":[438,443,448,114],"tags":[61,87,136,185,248,147],"class_list":["post-54563","post","type-post","status-publish","format-standard","has-post-thumbnail","hentry","category-joan-garcia","category-jules-kounde","category-laliga-2","category-laliga","tag-fc-barcelona-vs-celta","tag-hansi-flick","tag-injured","tag-joan-garcia","tag-jules-kounde","tag-lamine-yamal"],"acf":[],"yoast_head":"<!-- This site is optimized with the Yoast SEO plugin v27.3 - https:\/\/yoast.com\/product\/yoast-seo-wordpress\/ -->\n<title>Flick asks the National Team to &quot;take care of Lamine&quot; and postpones Joan Garc\u00eda&#039;s return<\/title>\n<meta name=\"description\" content=\"Hansi Flick spoke again about the physical condition of Lamine Yamal and Joan Garc\u00eda. This is what the manager said at the pre-match press conference for Celta-Bar\u00e7a\" \/>\n<meta name=\"robots\" content=\"index, follow, max-snippet:-1, max-image-preview:large, max-video-preview:-1\" \/>\n<link rel=\"canonical\" href=\"https:\/\/www.fcbarcelonanoticias.com\/en\/laliga\/flick-asks-national-team-to-take-care-of-lamine-during-break_315214_102.html\" \/>\n<meta property=\"og:locale\" content=\"en_US\" \/>\n<meta property=\"og:type\" content=\"article\" \/>\n<meta property=\"og:title\" content=\"Flick asks the National Team to &quot;take care of Lamine&quot; and postpones Joan Garc\u00eda&#039;s return\" \/>\n<meta property=\"og:description\" content=\"Hansi Flick spoke again about the physical condition of Lamine Yamal and Joan Garc\u00eda. This is what the manager said at the pre-match press conference for Celta-Bar\u00e7a\" \/>\n<meta property=\"og:url\" content=\"https:\/\/www.fcbarcelonanoticias.com\/en\/laliga\/flick-asks-national-team-to-take-care-of-lamine-during-break_315214_102.html\" \/>\n<meta property=\"og:site_name\" content=\"EN - FC Barcelona Noticias\" \/>\n<meta property=\"article:published_time\" content=\"2025-11-08T14:37:00+00:00\" \/>\n<meta property=\"article:modified_time\" content=\"2026-04-06T18:01:25+00:00\" \/>\n<meta property=\"og:image\" content=\"https:\/\/www.fcbarcelonanoticias.com\/en\/wp-content\/uploads\/sites\/2\/2025\/11\/hansi-flick-rdp-celta-barca-laliga-25-26.webp\" \/>\n\t<meta property=\"og:image:width\" content=\"1200\" \/>\n\t<meta property=\"og:image:height\" content=\"675\" \/>\n\t<meta property=\"og:image:type\" content=\"image\/webp\" \/>\n<meta name=\"author\" content=\"Andr\u00e9s Quiroz\" \/>\n<meta name=\"twitter:card\" content=\"summary_large_image\" \/>\n<meta name=\"twitter:label1\" content=\"Written by\" \/>\n\t<meta name=\"twitter:data1\" content=\"Andr\u00e9s Quiroz\" \/>\n\t<meta name=\"twitter:label2\" content=\"Est. reading time\" \/>\n\t<meta name=\"twitter:data2\" content=\"4 minutes\" \/>\n<script type=\"application\/ld+json\" class=\"yoast-schema-graph\">{\"@context\":\"https:\\\/\\\/schema.org\",\"@graph\":[{\"@type\":\"Article\",\"@id\":\"https:\\\/\\\/www.fcbarcelonanoticias.com\\\/en\\\/laliga\\\/flick-asks-national-team-to-take-care-of-lamine-during-break_315214_102.html#article\",\"isPartOf\":{\"@id\":\"https:\\\/\\\/www.fcbarcelonanoticias.com\\\/en\\\/laliga\\\/flick-asks-national-team-to-take-care-of-lamine-during-break_315214_102.html\"},\"author\":{\"name\":\"Andr\u00e9s Quiroz\",\"@id\":\"https:\\\/\\\/www.fcbarcelonanoticias.com\\\/en\\\/#\\\/schema\\\/person\\\/c2cd9f6fa1af5c0d0eccd0fefa575c88\"},\"headline\":\"Flick asks the National Team to &#8220;take care of Lamine&#8221; and postpones Joan Garc\u00eda&#8217;s return\",\"datePublished\":\"2025-11-08T14:37:00+00:00\",\"dateModified\":\"2026-04-06T18:01:25+00:00\",\"mainEntityOfPage\":{\"@id\":\"https:\\\/\\\/www.fcbarcelonanoticias.com\\\/en\\\/laliga\\\/flick-asks-national-team-to-take-care-of-lamine-during-break_315214_102.html\"},\"wordCount\":771,\"image\":{\"@id\":\"https:\\\/\\\/www.fcbarcelonanoticias.com\\\/en\\\/laliga\\\/flick-asks-national-team-to-take-care-of-lamine-during-break_315214_102.html#primaryimage\"},\"thumbnailUrl\":\"https:\\\/\\\/www.fcbarcelonanoticias.com\\\/en\\\/wp-content\\\/uploads\\\/sites\\\/2\\\/2025\\\/11\\\/hansi-flick-rdp-celta-barca-laliga-25-26.webp\",\"keywords\":[\"FC Barcelona vs Celta Vigo\",\"Hansi Flick\",\"injured\",\"Joan Garc\u00eda\",\"Jules Kound\u00e9\",\"Lamine Yamal\"],\"articleSection\":[\"Joan Garc\u00eda\",\"Jules Kound\u00e9\",\"LaLiga\",\"LaLiga\"],\"inLanguage\":\"en-US\"},{\"@type\":\"WebPage\",\"@id\":\"https:\\\/\\\/www.fcbarcelonanoticias.com\\\/en\\\/laliga\\\/flick-asks-national-team-to-take-care-of-lamine-during-break_315214_102.html\",\"url\":\"https:\\\/\\\/www.fcbarcelonanoticias.com\\\/en\\\/laliga\\\/flick-asks-national-team-to-take-care-of-lamine-during-break_315214_102.html\",\"name\":\"Flick asks the National Team to \\\"take care of Lamine\\\" and postpones Joan Garc\u00eda's return\",\"isPartOf\":{\"@id\":\"https:\\\/\\\/www.fcbarcelonanoticias.com\\\/en\\\/#website\"},\"primaryImageOfPage\":{\"@id\":\"https:\\\/\\\/www.fcbarcelonanoticias.com\\\/en\\\/laliga\\\/flick-asks-national-team-to-take-care-of-lamine-during-break_315214_102.html#primaryimage\"},\"image\":{\"@id\":\"https:\\\/\\\/www.fcbarcelonanoticias.com\\\/en\\\/laliga\\\/flick-asks-national-team-to-take-care-of-lamine-during-break_315214_102.html#primaryimage\"},\"thumbnailUrl\":\"https:\\\/\\\/www.fcbarcelonanoticias.com\\\/en\\\/wp-content\\\/uploads\\\/sites\\\/2\\\/2025\\\/11\\\/hansi-flick-rdp-celta-barca-laliga-25-26.webp\",\"datePublished\":\"2025-11-08T14:37:00+00:00\",\"dateModified\":\"2026-04-06T18:01:25+00:00\",\"author\":{\"@id\":\"https:\\\/\\\/www.fcbarcelonanoticias.com\\\/en\\\/#\\\/schema\\\/person\\\/c2cd9f6fa1af5c0d0eccd0fefa575c88\"},\"description\":\"Hansi Flick spoke again about the physical condition of Lamine Yamal and Joan Garc\u00eda. This is what the manager said at the pre-match press conference for Celta-Bar\u00e7a\",\"breadcrumb\":{\"@id\":\"https:\\\/\\\/www.fcbarcelonanoticias.com\\\/en\\\/laliga\\\/flick-asks-national-team-to-take-care-of-lamine-during-break_315214_102.html#breadcrumb\"},\"inLanguage\":\"en-US\",\"potentialAction\":[{\"@type\":\"ReadAction\",\"target\":[\"https:\\\/\\\/www.fcbarcelonanoticias.com\\\/en\\\/laliga\\\/flick-asks-national-team-to-take-care-of-lamine-during-break_315214_102.html\"]}]},{\"@type\":\"ImageObject\",\"inLanguage\":\"en-US\",\"@id\":\"https:\\\/\\\/www.fcbarcelonanoticias.com\\\/en\\\/laliga\\\/flick-asks-national-team-to-take-care-of-lamine-during-break_315214_102.html#primaryimage\",\"url\":\"https:\\\/\\\/www.fcbarcelonanoticias.com\\\/en\\\/wp-content\\\/uploads\\\/sites\\\/2\\\/2025\\\/11\\\/hansi-flick-rdp-celta-barca-laliga-25-26.webp\",\"contentUrl\":\"https:\\\/\\\/www.fcbarcelonanoticias.com\\\/en\\\/wp-content\\\/uploads\\\/sites\\\/2\\\/2025\\\/11\\\/hansi-flick-rdp-celta-barca-laliga-25-26.webp\",\"width\":1200,\"height\":675},{\"@type\":\"BreadcrumbList\",\"@id\":\"https:\\\/\\\/www.fcbarcelonanoticias.com\\\/en\\\/laliga\\\/flick-asks-national-team-to-take-care-of-lamine-during-break_315214_102.html#breadcrumb\",\"itemListElement\":[{\"@type\":\"ListItem\",\"position\":1,\"name\":\"Portada\",\"item\":\"https:\\\/\\\/www.fcbarcelonanoticias.com\\\/en\\\/\"},{\"@type\":\"ListItem\",\"position\":2,\"name\":\"Flick asks the National Team to &#8220;take care of Lamine&#8221; and postpones Joan Garc\u00eda&#8217;s return\"}]},{\"@type\":\"WebSite\",\"@id\":\"https:\\\/\\\/www.fcbarcelonanoticias.com\\\/en\\\/#website\",\"url\":\"https:\\\/\\\/www.fcbarcelonanoticias.com\\\/en\\\/\",\"name\":\"EN - FC Barcelona Noticias\",\"description\":\"\",\"potentialAction\":[{\"@type\":\"SearchAction\",\"target\":{\"@type\":\"EntryPoint\",\"urlTemplate\":\"https:\\\/\\\/www.fcbarcelonanoticias.com\\\/en\\\/?s={search_term_string}\"},\"query-input\":{\"@type\":\"PropertyValueSpecification\",\"valueRequired\":true,\"valueName\":\"search_term_string\"}}],\"inLanguage\":\"en-US\"},{\"@type\":\"Person\",\"@id\":\"https:\\\/\\\/www.fcbarcelonanoticias.com\\\/en\\\/#\\\/schema\\\/person\\\/c2cd9f6fa1af5c0d0eccd0fefa575c88\",\"name\":\"Andr\u00e9s Quiroz\",\"image\":{\"@type\":\"ImageObject\",\"inLanguage\":\"en-US\",\"@id\":\"https:\\\/\\\/secure.gravatar.com\\\/avatar\\\/?s=96&d=mm&r=g\",\"url\":\"https:\\\/\\\/secure.gravatar.com\\\/avatar\\\/?s=96&d=mm&r=g\",\"contentUrl\":\"https:\\\/\\\/secure.gravatar.com\\\/avatar\\\/?s=96&d=mm&r=g\",\"caption\":\"Andr\u00e9s Quiroz\"},\"description\":\"Licenciado en Periodismo por la Universidad de los Andes. Me encargo de analizar y compartir los contenidos m\u00e1s destacados de la\u00a0actualidad del F\u00fatbol Club Barcelona, Mercado de Fichajes y F\u00fatbol Internacional en FCBN. La informaci\u00f3n es poder, pero tambi\u00e9n conocimiento.\",\"url\":\"https:\\\/\\\/www.fcbarcelonanoticias.com\\\/en\\\/fc-barcelona\\\/andres-quiroz_17_115.html\"}]}<\/script>\n<!-- \/ Yoast SEO plugin. -->","yoast_head_json":{"title":"Flick asks the National Team to \"take care of Lamine\" and postpones Joan Garc\u00eda's return","description":"Hansi Flick spoke again about the physical condition of Lamine Yamal and Joan Garc\u00eda. This is what the manager said at the pre-match press conference for Celta-Bar\u00e7a","robots":{"index":"index","follow":"follow","max-snippet":"max-snippet:-1","max-image-preview":"max-image-preview:large","max-video-preview":"max-video-preview:-1"},"canonical":"https:\/\/www.fcbarcelonanoticias.com\/en\/laliga\/flick-asks-national-team-to-take-care-of-lamine-during-break_315214_102.html","og_locale":"en_US","og_type":"article","og_title":"Flick asks the National Team to \"take care of Lamine\" and postpones Joan Garc\u00eda's return","og_description":"Hansi Flick spoke again about the physical condition of Lamine Yamal and Joan Garc\u00eda. This is what the manager said at the pre-match press conference for Celta-Bar\u00e7a","og_url":"https:\/\/www.fcbarcelonanoticias.com\/en\/laliga\/flick-asks-national-team-to-take-care-of-lamine-during-break_315214_102.html","og_site_name":"EN - FC Barcelona Noticias","article_published_time":"2025-11-08T14:37:00+00:00","article_modified_time":"2026-04-06T18:01:25+00:00","og_image":[{"width":1200,"height":675,"url":"https:\/\/www.fcbarcelonanoticias.com\/en\/wp-content\/uploads\/sites\/2\/2025\/11\/hansi-flick-rdp-celta-barca-laliga-25-26.webp","type":"image\/webp"}],"author":"Andr\u00e9s Quiroz","twitter_card":"summary_large_image","twitter_misc":{"Written by":"Andr\u00e9s Quiroz","Est. reading time":"4 minutes"},"schema":{"@context":"https:\/\/schema.org","@graph":[{"@type":"Article","@id":"https:\/\/www.fcbarcelonanoticias.com\/en\/laliga\/flick-asks-national-team-to-take-care-of-lamine-during-break_315214_102.html#article","isPartOf":{"@id":"https:\/\/www.fcbarcelonanoticias.com\/en\/laliga\/flick-asks-national-team-to-take-care-of-lamine-during-break_315214_102.html"},"author":{"name":"Andr\u00e9s Quiroz","@id":"https:\/\/www.fcbarcelonanoticias.com\/en\/#\/schema\/person\/c2cd9f6fa1af5c0d0eccd0fefa575c88"},"headline":"Flick asks the National Team to &#8220;take care of Lamine&#8221; and postpones Joan Garc\u00eda&#8217;s return","datePublished":"2025-11-08T14:37:00+00:00","dateModified":"2026-04-06T18:01:25+00:00","mainEntityOfPage":{"@id":"https:\/\/www.fcbarcelonanoticias.com\/en\/laliga\/flick-asks-national-team-to-take-care-of-lamine-during-break_315214_102.html"},"wordCount":771,"image":{"@id":"https:\/\/www.fcbarcelonanoticias.com\/en\/laliga\/flick-asks-national-team-to-take-care-of-lamine-during-break_315214_102.html#primaryimage"},"thumbnailUrl":"https:\/\/www.fcbarcelonanoticias.com\/en\/wp-content\/uploads\/sites\/2\/2025\/11\/hansi-flick-rdp-celta-barca-laliga-25-26.webp","keywords":["FC Barcelona vs Celta Vigo","Hansi Flick","injured","Joan Garc\u00eda","Jules Kound\u00e9","Lamine Yamal"],"articleSection":["Joan Garc\u00eda","Jules Kound\u00e9","LaLiga","LaLiga"],"inLanguage":"en-US"},{"@type":"WebPage","@id":"https:\/\/www.fcbarcelonanoticias.com\/en\/laliga\/flick-asks-national-team-to-take-care-of-lamine-during-break_315214_102.html","url":"https:\/\/www.fcbarcelonanoticias.com\/en\/laliga\/flick-asks-national-team-to-take-care-of-lamine-during-break_315214_102.html","name":"Flick asks the National Team to \"take care of Lamine\" and postpones Joan Garc\u00eda's return","isPartOf":{"@id":"https:\/\/www.fcbarcelonanoticias.com\/en\/#website"},"primaryImageOfPage":{"@id":"https:\/\/www.fcbarcelonanoticias.com\/en\/laliga\/flick-asks-national-team-to-take-care-of-lamine-during-break_315214_102.html#primaryimage"},"image":{"@id":"https:\/\/www.fcbarcelonanoticias.com\/en\/laliga\/flick-asks-national-team-to-take-care-of-lamine-during-break_315214_102.html#primaryimage"},"thumbnailUrl":"https:\/\/www.fcbarcelonanoticias.com\/en\/wp-content\/uploads\/sites\/2\/2025\/11\/hansi-flick-rdp-celta-barca-laliga-25-26.webp","datePublished":"2025-11-08T14:37:00+00:00","dateModified":"2026-04-06T18:01:25+00:00","author":{"@id":"https:\/\/www.fcbarcelonanoticias.com\/en\/#\/schema\/person\/c2cd9f6fa1af5c0d0eccd0fefa575c88"},"description":"Hansi Flick spoke again about the physical condition of Lamine Yamal and Joan Garc\u00eda. This is what the manager said at the pre-match press conference for Celta-Bar\u00e7a","breadcrumb":{"@id":"https:\/\/www.fcbarcelonanoticias.com\/en\/laliga\/flick-asks-national-team-to-take-care-of-lamine-during-break_315214_102.html#breadcrumb"},"inLanguage":"en-US","potentialAction":[{"@type":"ReadAction","target":["https:\/\/www.fcbarcelonanoticias.com\/en\/laliga\/flick-asks-national-team-to-take-care-of-lamine-during-break_315214_102.html"]}]},{"@type":"ImageObject","inLanguage":"en-US","@id":"https:\/\/www.fcbarcelonanoticias.com\/en\/laliga\/flick-asks-national-team-to-take-care-of-lamine-during-break_315214_102.html#primaryimage","url":"https:\/\/www.fcbarcelonanoticias.com\/en\/wp-content\/uploads\/sites\/2\/2025\/11\/hansi-flick-rdp-celta-barca-laliga-25-26.webp","contentUrl":"https:\/\/www.fcbarcelonanoticias.com\/en\/wp-content\/uploads\/sites\/2\/2025\/11\/hansi-flick-rdp-celta-barca-laliga-25-26.webp","width":1200,"height":675},{"@type":"BreadcrumbList","@id":"https:\/\/www.fcbarcelonanoticias.com\/en\/laliga\/flick-asks-national-team-to-take-care-of-lamine-during-break_315214_102.html#breadcrumb","itemListElement":[{"@type":"ListItem","position":1,"name":"Portada","item":"https:\/\/www.fcbarcelonanoticias.com\/en\/"},{"@type":"ListItem","position":2,"name":"Flick asks the National Team to &#8220;take care of Lamine&#8221; and postpones Joan Garc\u00eda&#8217;s return"}]},{"@type":"WebSite","@id":"https:\/\/www.fcbarcelonanoticias.com\/en\/#website","url":"https:\/\/www.fcbarcelonanoticias.com\/en\/","name":"EN - FC Barcelona Noticias","description":"","potentialAction":[{"@type":"SearchAction","target":{"@type":"EntryPoint","urlTemplate":"https:\/\/www.fcbarcelonanoticias.com\/en\/?s={search_term_string}"},"query-input":{"@type":"PropertyValueSpecification","valueRequired":true,"valueName":"search_term_string"}}],"inLanguage":"en-US"},{"@type":"Person","@id":"https:\/\/www.fcbarcelonanoticias.com\/en\/#\/schema\/person\/c2cd9f6fa1af5c0d0eccd0fefa575c88","name":"Andr\u00e9s Quiroz","image":{"@type":"ImageObject","inLanguage":"en-US","@id":"https:\/\/secure.gravatar.com\/avatar\/?s=96&d=mm&r=g","url":"https:\/\/secure.gravatar.com\/avatar\/?s=96&d=mm&r=g","contentUrl":"https:\/\/secure.gravatar.com\/avatar\/?s=96&d=mm&r=g","caption":"Andr\u00e9s Quiroz"},"description":"Licenciado en Periodismo por la Universidad de los Andes. Me encargo de analizar y compartir los contenidos m\u00e1s destacados de la\u00a0actualidad del F\u00fatbol Club Barcelona, Mercado de Fichajes y F\u00fatbol Internacional en FCBN. La informaci\u00f3n es poder, pero tambi\u00e9n conocimiento.","url":"https:\/\/www.fcbarcelonanoticias.com\/en\/fc-barcelona\/andres-quiroz_17_115.html"}]}},"_links":{"self":[{"href":"https:\/\/www.fcbarcelonanoticias.com\/en\/wp-json\/wp\/v2\/posts\/54563","targetHints":{"allow":["GET"]}}],"collection":[{"href":"https:\/\/www.fcbarcelonanoticias.com\/en\/wp-json\/wp\/v2\/posts"}],"about":[{"href":"https:\/\/www.fcbarcelonanoticias.com\/en\/wp-json\/wp\/v2\/types\/post"}],"author":[{"embeddable":true,"href":"https:\/\/www.fcbarcelonanoticias.com\/en\/wp-json\/wp\/v2\/users\/347"}],"replies":[{"embeddable":true,"href":"https:\/\/www.fcbarcelonanoticias.com\/en\/wp-json\/wp\/v2\/comments?post=54563"}],"version-history":[{"count":1,"href":"https:\/\/www.fcbarcelonanoticias.com\/en\/wp-json\/wp\/v2\/posts\/54563\/revisions"}],"predecessor-version":[{"id":115522,"href":"https:\/\/www.fcbarcelonanoticias.com\/en\/wp-json\/wp\/v2\/posts\/54563\/revisions\/115522"}],"wp:featuredmedia":[{"embeddable":true,"href":"https:\/\/www.fcbarcelonanoticias.com\/en\/wp-json\/wp\/v2\/media\/54564"}],"wp:attachment":[{"href":"https:\/\/www.fcbarcelonanoticias.com\/en\/wp-json\/wp\/v2\/media?parent=54563"}],"wp:term":[{"taxonomy":"category","embeddable":true,"href":"https:\/\/www.fcbarcelonanoticias.com\/en\/wp-json\/wp\/v2\/categories?post=54563"},{"taxonomy":"post_tag","embeddable":true,"href":"https:\/\/www.fcbarcelonanoticias.com\/en\/wp-json\/wp\/v2\/tags?post=54563"}],"curies":[{"name":"wp","href":"https:\/\/api.w.org\/{rel}","templated":true}]}}