{"id":54611,"date":"2025-09-25T20:40:00","date_gmt":"2025-09-25T18:40:00","guid":{"rendered":"https:\/\/weisetech.dev\/fc-barcelona-noticias\/en\/flick-makes-5-changes-lineups-for-oviedo-barcelona_314827_102\/"},"modified":"2026-03-27T11:33:09","modified_gmt":"2026-03-27T10:33:09","slug":"flick-makes-5-changes-lineups-for-oviedo-barcelona_314827_102","status":"publish","type":"post","link":"https:\/\/www.fcbarcelonanoticias.com\/en\/laliga\/flick-makes-5-changes-lineups-for-oviedo-barcelona_314827_102.html","title":{"rendered":"Flick makes 5 changes! Official lineups for Oviedo-Bar\u00e7a"},"content":{"rendered":"<h2 class=\"wp-block-heading\">Hansi Flick rotates in defense and attack for Oviedo-Bar\u00e7a. In total, the coach makes five changes compared to the lineup against Getafe<\/h2>  \r\n<div class=\"article-addons\">\r\n    <a href=\"https:\/\/www.fcbarcelonanoticias.com\/en\/calendar-fc-barcelona.html\"\r\n       target=\"_self\"\r\n       title=\"Calendar of FC Barcelona\"\r\n       class=\"blue-gredient-btn\">\r\n       \r\n        Calendar of FC Barcelona    <\/a>\r\n<\/div>   <p><a data-external=\"0\" data-intl-links-en=\"https:\/\/www.fcbarcelonanoticias.com\/en\/laliga\/oviedo-vs-barcelona-on-tv-when-and-where-to-watch-the-match_314826_102.html\" data-intl-links-es=\"https:\/\/www.fcbarcelonanoticias.com\/laliga\/oviedo-vs-barcelona-directo-tv-online-cuando-donde-ver_314826_102.html\" href=\"https:\/\/www.fcbarcelonanoticias.com\/en\/laliga\/oviedo-vs-barcelona-on-tv-when-and-where-to-watch-the-match_314826_102.html\" rel=\"follow\" target=\"_self\" title=\"Oviedo vs Barcelona en directo y online: cu\u00e1ndo y d\u00f3nde ver el partido en TV\">Real Oviedo and FC Barcelona<\/a>&nbsp;face each other for matchday 6 of&nbsp;<strong>LaLiga EA Sports 2025\/26<\/strong>&nbsp;at the Carlos Tartiere Stadium. The Azulgrana team arrives at the match with five players out due to injury and&nbsp;<strong>Hansi Flick<\/strong>&nbsp;makes five changes in the lineup compared to the match against Getafe, with&nbsp;<b>the return of the Araujo-Cubars\u00ed central duo<\/b>&nbsp;being the main novelty.<\/p>  <p>We review&nbsp;the&nbsp;<strong>starting lineup, the substitutes&#8217; bench, and the injured and suspended players of Barcelona<\/strong>&nbsp;under Hansi Flick for the duel against Oviedo.&nbsp;Complete analysis!<\/p>  <p><strong>Bar\u00e7a&#8217;s starting XI:&nbsp;<\/strong><\/p>  <p>&nbsp;<\/p>  <ol> <li>(#13, GK) Joan Garc\u00eda<\/li> \t<li>(#24) Eric Garc\u00eda<\/li> \t<li>(#04) Ronald Araujo<\/li> \t<li>(#05) Pau Cubars\u00ed<\/li> \t<li>(#18) Gerard Mart\u00edn<\/li> \t<li>(#17) Marc Casad\u00f3<\/li> \t<li>(#08) Pedri<\/li> \t<li>(#20) Dani Olmo<\/li> \t<li>(#11) Raphinha<\/li> \t<li>(#14) Marcus Rashford<\/li> \t<li>(#07) Ferran Torres<\/li> <\/ol> <p><strong>Bar\u00e7a&#8217;s bench (substitute players):&nbsp;<\/strong><\/p>  <ol> <li>(#25, GK) Szczesny<\/li> \t<li>(#31, GK) Diego Kochen<\/li> \t<li>(#09) Robert Lewandowski<\/li> \t<li>(#15) Andreas Christensen<\/li> \t<li>(#21) Frenkie de Jong<\/li> \t<li>(#22) Marc Bernal<\/li> \t<li>(#23) Jules Kound\u00e9<\/li> \t<li>(#26) Jofre Torrents<\/li> \t<li>(#27). Dro Fern\u00e1ndez<\/li> \t<li>(#28) Roony Bardghji<\/li> \t<li>(#29) Toni Fern\u00e1ndez<\/li> <\/ol> <p><strong>Injured Barcelona players:<\/strong><\/p>  <ol> <li>(#01) Marc-Andr\u00e9 ter Stegen<\/li> \t<li>(#03) Alejandro Balde<\/li> \t<li>(#06) Gavi<\/li> \t<li>(#10) Lamine Yamal<\/li> \t<li>(#16) Ferm\u00edn L\u00f3pez<\/li> <\/ol> <h2>What will be the surprises and tactical variations of Flick&#8217;s Bar\u00e7a against Oviedo?<\/h2>  <p>Hansi Flick returns to tweak his defensive zone, with the entries of <strong>Ronald Araujo and Pau Cubars\u00ed<\/strong>.&nbsp;Lewandowski and Frenkie de Jong will go to the bench, as will Jules Kound\u00e9, while <strong>Lamine Yamal is out due to injury<\/strong>. For his part, <strong>Marc Casad\u00f3<\/strong> returns to the XI along with <strong>Marcus Rashford<\/strong>.<\/p>  <p><strong>Goalkeeping and defense<\/strong><\/p>  <ul> <li> \t<p>Joan Garc\u00eda will be in goal, while Eric Garc\u00eda and Gerard Mart\u00edn will be the full-backs. Jules Kound\u00e9 rests and&nbsp;Alejandro Balde is still out due to injury. The central duo changes again with the returns of <a data-external=\"0\" data-intl-links-en=\"https:\/\/www.fcbarcelonanoticias.com\/en\/fc-barcelona\/araujo-and-cubarsi-put-to-test-starters-against-valencia_314591_102.html\" data-intl-links-es=\"https:\/\/www.fcbarcelonanoticias.com\/fc-barcelona\/araujo-cubarsi-prueba-desafio-enfrentan-paron_314591_102.html\" href=\"https:\/\/www.fcbarcelonanoticias.com\/en\/fc-barcelona\/araujo-and-cubarsi-put-to-test-starters-against-valencia_314591_102.html\" rel=\"follow\" target=\"_self\" title=\"Araujo y Cubars\u00ed, a prueba: El desaf\u00edo que enfrentan tras el par\u00f3n\">Ronald Araujo and Pau Cubars\u00ed<\/a>. Andreas Christensen will wait for his opportunity on the bench along with Jofre Torrents.<\/p> \t<\/li> <\/ul> <p><strong>Midfield:<\/strong><\/p>  <ul> <li> \t<p>As a pivot,&nbsp;<strong>Marc Casad\u00f3<\/strong>&nbsp;will be Pedri&#8217;s partner in midfield, while&nbsp;<strong>Dani Olmo<\/strong>&nbsp;remains as an attacking midfielder after Ferm\u00edn L\u00f3pez&#8217;s injury. Frenkie de Jong and&nbsp;Marc Bernal must wait for their opportunity on the bench along with Dro Fern\u00e1ndez. Gavi is also out due to injury.<\/p> \t<\/li> <\/ul> <p><strong>Attack:<\/strong><\/p>  <ul> <li> \t<p>In attack,&nbsp;<b>Ferran Torres and Raphinha<\/b>&nbsp;complete the Azulgrana attack alongside Marcus Rashford. The &#8216;Shark&#8217; has six consecutive starts in La Liga and is coming off scoring a brace, while&nbsp;<strong>Lewandowski and Roony Bardhji<\/strong>&nbsp;will have minutes in the second half. The Englishman, finally, returns to the XI after serving a &#8216;punishment&#8217; day against Getafe.<\/p> \t<\/li> <\/ul> <h2>Barcelona&#8217;s absentees: Who misses the duel against Oviedo?<\/h2>  <div class=\"media media-image\" data-ck-asset-wrapper=\"\"> <div class=\"media-item\"> <img loading=\"lazy\" decoding=\"async\" alt=\"Ferm\u00edn L\u00f3pez y Lamine Yamal festejando un gol en el Trofeo Joan Gamper 2025\" data-id=\"1518997\" data-resize=\"9\" height=\"563\" src=\"https:\/\/www.fcbarcelonanoticias.com\/wp-content\/uploads\/sites\/2\/2025\/09\/fcbn-7635816689ce2de15f3cfbe27f77b651.jpeg\" title=\"Ferm\u00edn L\u00f3pez y Lamine Yamal festejando un gol en el Trofeo Joan Gamper 2025\" width=\"1000\"><div class=\"media-title\">Ferm\u00edn L\u00f3pez and Lamine Yamal celebrating a goal in the 2025 Joan Gamper Trophy<\/div> <\/div> <\/div>  <p>A total of&nbsp;<strong>five&nbsp;Barcelona players will be confirmed absentees due to physical problems<\/strong>.&nbsp;<a data-external=\"0\" data-intl-links-en=\"https:\/\/www.fcbarcelonanoticias.com\/en\/laliga\/flick-reveals-physical-and-emotional-state-of-gavi-and-lamine_314815_102.html\" data-intl-links-es=\"https:\/\/www.fcbarcelonanoticias.com\/laliga\/hansi-flick-valora-baja-gavi-asegura-lamine-yamal-volvera-pronto_314815_102.html\" href=\"https:\/\/www.fcbarcelonanoticias.com\/en\/laliga\/flick-reveals-physical-and-emotional-state-of-gavi-and-lamine_314815_102.html\" rel=\"follow\" target=\"_self\" title=\"Hansi Flick valora la baja de Gavi y asegura que Lamine Yamal \" volver=\"\">Lamine Yamal<\/a>&nbsp;remains sidelined due to pubalgia and his return date is still uncertain, although the &#8217;10&#8217; is confident of being available on Sunday against Real Sociedad.<\/p>  <p>The outlook is much more complex for&nbsp;<a data-external=\"0\" data-intl-links-en=\"https:\/\/www.fcbarcelonanoticias.com\/en\/fc-barcelona\/gavi-breaks-down-ko-for-4-5-months-with-flick-barcelona_314804_102.html\" data-intl-links-es=\"https:\/\/www.fcbarcelonanoticias.com\/fc-barcelona\/gavi-sera-baja-hasta-2026-barcelona-confirma-peores-presagios_314804_102.html\" href=\"https:\/\/www.fcbarcelonanoticias.com\/en\/fc-barcelona\/gavi-breaks-down-ko-for-4-5-months-with-flick-barcelona_314804_102.html\" rel=\"follow\" target=\"_self\" title=\"Gavi ser\u00e1 baja hasta 2026: el Barcelona confirma los peores presagios\">Gavi<\/a>. The midfielder underwent an arthroscopy and, finally, had to have surgery on the internal meniscus of his right knee. Therefore, the &#8216;6&#8217; will be out for between four and five months, with February 2026 being the tentative date for his return.<\/p>  <p>Another who will be out of action until mid-October is&nbsp;<a data-external=\"0\" data-intl-links-en=\"https:\/\/www.fcbarcelonanoticias.com\/en\/fc-barcelona\/fermin-lopez-ko-how-long-will-midfielder-be-out_314785_102.html\" data-intl-links-es=\"https:\/\/www.fcbarcelonanoticias.com\/fc-barcelona\/fermin-lopez-ko-barcelona-confirma-tiempo-baja-mediapunta_314785_102.html\" href=\"https:\/\/www.fcbarcelonanoticias.com\/en\/fc-barcelona\/fermin-lopez-ko-how-long-will-midfielder-be-out_314785_102.html\" rel=\"follow\" target=\"_self\" title=\"Ferm\u00edn L\u00f3pez KO: el Barcelona confirma el tiempo de baja del mediapunta\">Ferm\u00edn L\u00f3pez<\/a>. The player from Huelva suffered&nbsp;a muscle injury in the left iliac psoas in the final moments of Sunday&#8217;s match against Getafe and will be out for three weeks. Due to the October break, in theory, the &#8217;16&#8217; will miss, at a minimum,&nbsp;three La Liga matches and one Champions League match.<\/p>  <p><a data-external=\"0\" data-intl-links-en=\"https:\/\/www.fcbarcelonanoticias.com\/en\/fc-barcelona\/key-loss-for-barca-alejandro-balde-suffers-new-hamstring-injury_314573_102.html\" data-intl-links-es=\"https:\/\/www.fcbarcelonanoticias.com\/fc-barcelona\/alejandro-balde-nueva-lesion-fc-barcelona-tiempo-baja_314573_102.html\" href=\"https:\/\/www.fcbarcelonanoticias.com\/en\/fc-barcelona\/key-loss-for-barca-alejandro-balde-suffers-new-hamstring-injury_314573_102.html\" rel=\"follow\" target=\"_self\" title=\"Alejandro Balde sufre nueva lesi\u00f3n: \u00bfCu\u00e1nto tiempo estar\u00e1 de baja?\">Alejandro Balde<\/a>, meanwhile, is in the final stretch of recovery from the injury to his left femoral biceps that he suffered at the beginning of September. Probably, the &#8216;3&#8217; will receive medical discharge this weekend. The fourth absentee is&nbsp;<strong><a data-external=\"0\" data-intl-links-en=\"https:\/\/www.fcbarcelonanoticias.com\/en\/fc-barcelona\/flick-is-honest-about-ter-stegen-future-at-barcelona-i-don-make-promises_314393_102.html\" data-intl-links-es=\"https:\/\/www.fcbarcelonanoticias.com\/fc-barcelona\/flick-ter-stegen-lamine-yamal-barca_314393_102.html\" href=\"https:\/\/www.fcbarcelonanoticias.com\/en\/fc-barcelona\/flick-is-honest-about-ter-stegen-future-at-barcelona-i-don-make-promises_314393_102.html\" rel=\"follow\" target=\"_self\" title=\"Flick se sincera sobre el futuro de Ter Stegen en el Barcelona: \u201cNo hago promesas\">Ter Stegen<\/a><\/strong>, who will be out of action, at least, until the end of November or the beginning of December.<\/p>  <h2>Official lineup of Real Oviedo against Barcelona<\/h2>  <ul> <li> <strong>Starting XI<\/strong>: Aar\u00f3n Escandell; Ahijado, Bertrand, Carmo, Alhassane; Dendoncker, Reina, Chaira, Hassan; Cazorla and Rond\u00f3n.<\/li> \t<li> <strong>Bench<\/strong>: Moldovan (GK), Calvo, Sibo, Nacho Vidal, Javi L\u00f3pez, Ilic, Gueye, Colombatto, Brekalo, Luengo, Esteban, Domingues.<\/li> \t<li> <strong>Injured<\/strong>: Ovie Ejaria and David Costas.<\/li> \t<li> <strong>Suspended<\/strong>: Fede Vi\u00f1as.<\/li> <\/ul> <p>Oviedo, for its part, arrives in a complex situation to matchday 6 of LaLiga. The team of&nbsp;<strong>Veljko Paunovic<\/strong>&nbsp;has only one victory in five presentations and is coming off losses against Getafe (2-0) and Elche (1-0), both matches away from home.&nbsp;<\/p>  <p>In addition, the &#8216;carbayones&#8217; arrive at the match against Barcelona with two&nbsp;sensitive absentees.&nbsp;<strong>Fede Vi\u00f1as<\/strong>&nbsp;is still absent due to suspension, while the midfielder&nbsp;<strong>Ovie Ejaria<\/strong>&nbsp;is&nbsp;out due to injury along with the&nbsp;center-back&nbsp;<strong>David Costas<\/strong>.<\/p>  <p>Thus, Oviedo could receive Bar\u00e7a with&nbsp;<strong>Aar\u00f3n Escandell in goal<\/strong>&nbsp;and a line of four at the back formed by the full-backs&nbsp;<strong>Ahijado and&nbsp;Alhassane<\/strong>, along with the duo&nbsp;<strong>Bertrand-Carmo<\/strong>&nbsp;in the center of defense.&nbsp;<strong>Dendoncker and Reina<\/strong>&nbsp;would be the defensive pivots, with&nbsp;<strong>Chaira and Hassan<\/strong>&nbsp;further forward. Up front,&nbsp;<strong>Salom\u00f3n Rond\u00f3n<\/strong>&nbsp;will be accompanied by the eternal <strong>Santi Cazorla<\/strong>.<\/p>  <ul> <li>\ud83d\udc49 Follow&nbsp;the complete coverage of&nbsp;<strong><a data-external=\"0\" data-intl-links-en=\"https:\/\/www.fcbarcelonanoticias.com\/en\/laliga.html\" data-intl-links-es=\"https:\/\/www.fcbarcelonanoticias.com\/laliga.html\" href=\"https:\/\/www.fcbarcelonanoticias.com\/en\/laliga.html\" rel=\"follow\" target=\"_self\" title=\"LaLiga\">LaLiga EA Sports 2025-26<\/a><\/strong>&nbsp;on FC Barcelona Noticias<\/li> <\/ul> ","protected":false},"excerpt":{"rendered":"<p>Hansi Flick rotates in defense and attack for Oviedo-Bar\u00e7a. In total, the coach makes five changes compared to the lineup against Getafe Real Oviedo and FC Barcelona&nbsp;face each other for matchday 6 of&nbsp;LaLiga EA Sports 2025\/26&nbsp;at the Carlos Tartiere Stadium. The Azulgrana team arrives at the match with five players out due to injury and&nbsp;Hansi [&hellip;]<\/p>\n","protected":false},"author":347,"featured_media":54613,"comment_status":"closed","ping_status":"open","sticky":false,"template":"","format":"standard","meta":{"_acf_changed":false,"inline_featured_image":false,"_nextfly_llmd_date_locked":false,"footnotes":""},"categories":[114,448],"tags":[201,78,87],"class_list":["post-54611","post","type-post","status-publish","format-standard","has-post-thumbnail","hentry","category-laliga","category-laliga-2","tag-lineups","tag-fc-barcelona-vs-oviedo-news-matches-and-results","tag-hansi-flick"],"acf":[],"yoast_head":"<!-- This site is optimized with the Yoast SEO plugin v27.3 - https:\/\/yoast.com\/product\/yoast-seo-wordpress\/ -->\n<title>Flick makes 5 changes! Lineups for Oviedo-Bar\u00e7a<\/title>\n<meta name=\"description\" content=\"Hansi Flick rotates in defense and attack for Oviedo-Bar\u00e7a. In total, the coach makes five changes compared to the lineup against Getafe\" \/>\n<meta name=\"robots\" content=\"index, follow, max-snippet:-1, max-image-preview:large, max-video-preview:-1\" \/>\n<link rel=\"canonical\" href=\"https:\/\/www.fcbarcelonanoticias.com\/en\/laliga\/flick-makes-5-changes-lineups-for-oviedo-barcelona_314827_102.html\" \/>\n<meta property=\"og:locale\" content=\"en_US\" \/>\n<meta property=\"og:type\" content=\"article\" \/>\n<meta property=\"og:title\" content=\"Flick makes 5 changes! Lineups for Oviedo-Bar\u00e7a\" \/>\n<meta property=\"og:description\" content=\"Hansi Flick rotates in defense and attack for Oviedo-Bar\u00e7a. In total, the coach makes five changes compared to the lineup against Getafe\" \/>\n<meta property=\"og:url\" content=\"https:\/\/www.fcbarcelonanoticias.com\/en\/laliga\/flick-makes-5-changes-lineups-for-oviedo-barcelona_314827_102.html\" \/>\n<meta property=\"og:site_name\" content=\"EN - FC Barcelona Noticias\" \/>\n<meta property=\"article:published_time\" content=\"2025-09-25T18:40:00+00:00\" \/>\n<meta property=\"article:modified_time\" content=\"2026-03-27T10:33:09+00:00\" \/>\n<meta property=\"og:image\" content=\"https:\/\/www.fcbarcelonanoticias.com\/en\/wp-content\/uploads\/sites\/2\/2025\/09\/alineaciones-oficiales-real-oviedo-v-fc-barcelona-laliga.webp\" \/>\n\t<meta property=\"og:image:width\" content=\"1200\" \/>\n\t<meta property=\"og:image:height\" content=\"675\" \/>\n\t<meta property=\"og:image:type\" content=\"image\/webp\" \/>\n<meta name=\"author\" content=\"Andr\u00e9s Quiroz\" \/>\n<meta name=\"twitter:card\" content=\"summary_large_image\" \/>\n<meta name=\"twitter:label1\" content=\"Written by\" \/>\n\t<meta name=\"twitter:data1\" content=\"Andr\u00e9s Quiroz\" \/>\n\t<meta name=\"twitter:label2\" content=\"Est. reading time\" \/>\n\t<meta name=\"twitter:data2\" content=\"5 minutes\" \/>\n<script type=\"application\/ld+json\" class=\"yoast-schema-graph\">{\"@context\":\"https:\\\/\\\/schema.org\",\"@graph\":[{\"@type\":\"Article\",\"@id\":\"https:\\\/\\\/www.fcbarcelonanoticias.com\\\/en\\\/laliga\\\/flick-makes-5-changes-lineups-for-oviedo-barcelona_314827_102.html#article\",\"isPartOf\":{\"@id\":\"https:\\\/\\\/www.fcbarcelonanoticias.com\\\/en\\\/laliga\\\/flick-makes-5-changes-lineups-for-oviedo-barcelona_314827_102.html\"},\"author\":{\"name\":\"Andr\u00e9s Quiroz\",\"@id\":\"https:\\\/\\\/www.fcbarcelonanoticias.com\\\/en\\\/#\\\/schema\\\/person\\\/c2cd9f6fa1af5c0d0eccd0fefa575c88\"},\"headline\":\"Flick makes 5 changes! Official lineups for Oviedo-Bar\u00e7a\",\"datePublished\":\"2025-09-25T18:40:00+00:00\",\"dateModified\":\"2026-03-27T10:33:09+00:00\",\"mainEntityOfPage\":{\"@id\":\"https:\\\/\\\/www.fcbarcelonanoticias.com\\\/en\\\/laliga\\\/flick-makes-5-changes-lineups-for-oviedo-barcelona_314827_102.html\"},\"wordCount\":936,\"image\":{\"@id\":\"https:\\\/\\\/www.fcbarcelonanoticias.com\\\/en\\\/laliga\\\/flick-makes-5-changes-lineups-for-oviedo-barcelona_314827_102.html#primaryimage\"},\"thumbnailUrl\":\"https:\\\/\\\/www.fcbarcelonanoticias.com\\\/en\\\/wp-content\\\/uploads\\\/sites\\\/2\\\/2025\\\/09\\\/alineaciones-oficiales-real-oviedo-v-fc-barcelona-laliga.webp\",\"keywords\":[\"FC Barcelona Lineups\",\"FC Barcelona vs Real Oviedo\",\"Hansi Flick\"],\"articleSection\":[\"LaLiga\",\"LaLiga\"],\"inLanguage\":\"en-US\"},{\"@type\":\"WebPage\",\"@id\":\"https:\\\/\\\/www.fcbarcelonanoticias.com\\\/en\\\/laliga\\\/flick-makes-5-changes-lineups-for-oviedo-barcelona_314827_102.html\",\"url\":\"https:\\\/\\\/www.fcbarcelonanoticias.com\\\/en\\\/laliga\\\/flick-makes-5-changes-lineups-for-oviedo-barcelona_314827_102.html\",\"name\":\"Flick makes 5 changes! Lineups for Oviedo-Bar\u00e7a\",\"isPartOf\":{\"@id\":\"https:\\\/\\\/www.fcbarcelonanoticias.com\\\/en\\\/#website\"},\"primaryImageOfPage\":{\"@id\":\"https:\\\/\\\/www.fcbarcelonanoticias.com\\\/en\\\/laliga\\\/flick-makes-5-changes-lineups-for-oviedo-barcelona_314827_102.html#primaryimage\"},\"image\":{\"@id\":\"https:\\\/\\\/www.fcbarcelonanoticias.com\\\/en\\\/laliga\\\/flick-makes-5-changes-lineups-for-oviedo-barcelona_314827_102.html#primaryimage\"},\"thumbnailUrl\":\"https:\\\/\\\/www.fcbarcelonanoticias.com\\\/en\\\/wp-content\\\/uploads\\\/sites\\\/2\\\/2025\\\/09\\\/alineaciones-oficiales-real-oviedo-v-fc-barcelona-laliga.webp\",\"datePublished\":\"2025-09-25T18:40:00+00:00\",\"dateModified\":\"2026-03-27T10:33:09+00:00\",\"author\":{\"@id\":\"https:\\\/\\\/www.fcbarcelonanoticias.com\\\/en\\\/#\\\/schema\\\/person\\\/c2cd9f6fa1af5c0d0eccd0fefa575c88\"},\"description\":\"Hansi Flick rotates in defense and attack for Oviedo-Bar\u00e7a. In total, the coach makes five changes compared to the lineup against Getafe\",\"breadcrumb\":{\"@id\":\"https:\\\/\\\/www.fcbarcelonanoticias.com\\\/en\\\/laliga\\\/flick-makes-5-changes-lineups-for-oviedo-barcelona_314827_102.html#breadcrumb\"},\"inLanguage\":\"en-US\",\"potentialAction\":[{\"@type\":\"ReadAction\",\"target\":[\"https:\\\/\\\/www.fcbarcelonanoticias.com\\\/en\\\/laliga\\\/flick-makes-5-changes-lineups-for-oviedo-barcelona_314827_102.html\"]}]},{\"@type\":\"ImageObject\",\"inLanguage\":\"en-US\",\"@id\":\"https:\\\/\\\/www.fcbarcelonanoticias.com\\\/en\\\/laliga\\\/flick-makes-5-changes-lineups-for-oviedo-barcelona_314827_102.html#primaryimage\",\"url\":\"https:\\\/\\\/www.fcbarcelonanoticias.com\\\/en\\\/wp-content\\\/uploads\\\/sites\\\/2\\\/2025\\\/09\\\/alineaciones-oficiales-real-oviedo-v-fc-barcelona-laliga.webp\",\"contentUrl\":\"https:\\\/\\\/www.fcbarcelonanoticias.com\\\/en\\\/wp-content\\\/uploads\\\/sites\\\/2\\\/2025\\\/09\\\/alineaciones-oficiales-real-oviedo-v-fc-barcelona-laliga.webp\",\"width\":1200,\"height\":675},{\"@type\":\"BreadcrumbList\",\"@id\":\"https:\\\/\\\/www.fcbarcelonanoticias.com\\\/en\\\/laliga\\\/flick-makes-5-changes-lineups-for-oviedo-barcelona_314827_102.html#breadcrumb\",\"itemListElement\":[{\"@type\":\"ListItem\",\"position\":1,\"name\":\"Portada\",\"item\":\"https:\\\/\\\/www.fcbarcelonanoticias.com\\\/en\\\/\"},{\"@type\":\"ListItem\",\"position\":2,\"name\":\"Flick makes 5 changes! Official lineups for Oviedo-Bar\u00e7a\"}]},{\"@type\":\"WebSite\",\"@id\":\"https:\\\/\\\/www.fcbarcelonanoticias.com\\\/en\\\/#website\",\"url\":\"https:\\\/\\\/www.fcbarcelonanoticias.com\\\/en\\\/\",\"name\":\"EN - FC Barcelona Noticias\",\"description\":\"\",\"potentialAction\":[{\"@type\":\"SearchAction\",\"target\":{\"@type\":\"EntryPoint\",\"urlTemplate\":\"https:\\\/\\\/www.fcbarcelonanoticias.com\\\/en\\\/?s={search_term_string}\"},\"query-input\":{\"@type\":\"PropertyValueSpecification\",\"valueRequired\":true,\"valueName\":\"search_term_string\"}}],\"inLanguage\":\"en-US\"},{\"@type\":\"Person\",\"@id\":\"https:\\\/\\\/www.fcbarcelonanoticias.com\\\/en\\\/#\\\/schema\\\/person\\\/c2cd9f6fa1af5c0d0eccd0fefa575c88\",\"name\":\"Andr\u00e9s Quiroz\",\"image\":{\"@type\":\"ImageObject\",\"inLanguage\":\"en-US\",\"@id\":\"https:\\\/\\\/secure.gravatar.com\\\/avatar\\\/?s=96&d=mm&r=g\",\"url\":\"https:\\\/\\\/secure.gravatar.com\\\/avatar\\\/?s=96&d=mm&r=g\",\"contentUrl\":\"https:\\\/\\\/secure.gravatar.com\\\/avatar\\\/?s=96&d=mm&r=g\",\"caption\":\"Andr\u00e9s Quiroz\"},\"description\":\"Licenciado en Periodismo por la Universidad de los Andes. Me encargo de analizar y compartir los contenidos m\u00e1s destacados de la\u00a0actualidad del F\u00fatbol Club Barcelona, Mercado de Fichajes y F\u00fatbol Internacional en FCBN. La informaci\u00f3n es poder, pero tambi\u00e9n conocimiento.\",\"url\":\"https:\\\/\\\/www.fcbarcelonanoticias.com\\\/en\\\/fc-barcelona\\\/andres-quiroz_17_115.html\"}]}<\/script>\n<!-- \/ Yoast SEO plugin. -->","yoast_head_json":{"title":"Flick makes 5 changes! Lineups for Oviedo-Bar\u00e7a","description":"Hansi Flick rotates in defense and attack for Oviedo-Bar\u00e7a. In total, the coach makes five changes compared to the lineup against Getafe","robots":{"index":"index","follow":"follow","max-snippet":"max-snippet:-1","max-image-preview":"max-image-preview:large","max-video-preview":"max-video-preview:-1"},"canonical":"https:\/\/www.fcbarcelonanoticias.com\/en\/laliga\/flick-makes-5-changes-lineups-for-oviedo-barcelona_314827_102.html","og_locale":"en_US","og_type":"article","og_title":"Flick makes 5 changes! Lineups for Oviedo-Bar\u00e7a","og_description":"Hansi Flick rotates in defense and attack for Oviedo-Bar\u00e7a. In total, the coach makes five changes compared to the lineup against Getafe","og_url":"https:\/\/www.fcbarcelonanoticias.com\/en\/laliga\/flick-makes-5-changes-lineups-for-oviedo-barcelona_314827_102.html","og_site_name":"EN - FC Barcelona Noticias","article_published_time":"2025-09-25T18:40:00+00:00","article_modified_time":"2026-03-27T10:33:09+00:00","og_image":[{"width":1200,"height":675,"url":"https:\/\/www.fcbarcelonanoticias.com\/en\/wp-content\/uploads\/sites\/2\/2025\/09\/alineaciones-oficiales-real-oviedo-v-fc-barcelona-laliga.webp","type":"image\/webp"}],"author":"Andr\u00e9s Quiroz","twitter_card":"summary_large_image","twitter_misc":{"Written by":"Andr\u00e9s Quiroz","Est. reading time":"5 minutes"},"schema":{"@context":"https:\/\/schema.org","@graph":[{"@type":"Article","@id":"https:\/\/www.fcbarcelonanoticias.com\/en\/laliga\/flick-makes-5-changes-lineups-for-oviedo-barcelona_314827_102.html#article","isPartOf":{"@id":"https:\/\/www.fcbarcelonanoticias.com\/en\/laliga\/flick-makes-5-changes-lineups-for-oviedo-barcelona_314827_102.html"},"author":{"name":"Andr\u00e9s Quiroz","@id":"https:\/\/www.fcbarcelonanoticias.com\/en\/#\/schema\/person\/c2cd9f6fa1af5c0d0eccd0fefa575c88"},"headline":"Flick makes 5 changes! Official lineups for Oviedo-Bar\u00e7a","datePublished":"2025-09-25T18:40:00+00:00","dateModified":"2026-03-27T10:33:09+00:00","mainEntityOfPage":{"@id":"https:\/\/www.fcbarcelonanoticias.com\/en\/laliga\/flick-makes-5-changes-lineups-for-oviedo-barcelona_314827_102.html"},"wordCount":936,"image":{"@id":"https:\/\/www.fcbarcelonanoticias.com\/en\/laliga\/flick-makes-5-changes-lineups-for-oviedo-barcelona_314827_102.html#primaryimage"},"thumbnailUrl":"https:\/\/www.fcbarcelonanoticias.com\/en\/wp-content\/uploads\/sites\/2\/2025\/09\/alineaciones-oficiales-real-oviedo-v-fc-barcelona-laliga.webp","keywords":["FC Barcelona Lineups","FC Barcelona vs Real Oviedo","Hansi Flick"],"articleSection":["LaLiga","LaLiga"],"inLanguage":"en-US"},{"@type":"WebPage","@id":"https:\/\/www.fcbarcelonanoticias.com\/en\/laliga\/flick-makes-5-changes-lineups-for-oviedo-barcelona_314827_102.html","url":"https:\/\/www.fcbarcelonanoticias.com\/en\/laliga\/flick-makes-5-changes-lineups-for-oviedo-barcelona_314827_102.html","name":"Flick makes 5 changes! Lineups for Oviedo-Bar\u00e7a","isPartOf":{"@id":"https:\/\/www.fcbarcelonanoticias.com\/en\/#website"},"primaryImageOfPage":{"@id":"https:\/\/www.fcbarcelonanoticias.com\/en\/laliga\/flick-makes-5-changes-lineups-for-oviedo-barcelona_314827_102.html#primaryimage"},"image":{"@id":"https:\/\/www.fcbarcelonanoticias.com\/en\/laliga\/flick-makes-5-changes-lineups-for-oviedo-barcelona_314827_102.html#primaryimage"},"thumbnailUrl":"https:\/\/www.fcbarcelonanoticias.com\/en\/wp-content\/uploads\/sites\/2\/2025\/09\/alineaciones-oficiales-real-oviedo-v-fc-barcelona-laliga.webp","datePublished":"2025-09-25T18:40:00+00:00","dateModified":"2026-03-27T10:33:09+00:00","author":{"@id":"https:\/\/www.fcbarcelonanoticias.com\/en\/#\/schema\/person\/c2cd9f6fa1af5c0d0eccd0fefa575c88"},"description":"Hansi Flick rotates in defense and attack for Oviedo-Bar\u00e7a. In total, the coach makes five changes compared to the lineup against Getafe","breadcrumb":{"@id":"https:\/\/www.fcbarcelonanoticias.com\/en\/laliga\/flick-makes-5-changes-lineups-for-oviedo-barcelona_314827_102.html#breadcrumb"},"inLanguage":"en-US","potentialAction":[{"@type":"ReadAction","target":["https:\/\/www.fcbarcelonanoticias.com\/en\/laliga\/flick-makes-5-changes-lineups-for-oviedo-barcelona_314827_102.html"]}]},{"@type":"ImageObject","inLanguage":"en-US","@id":"https:\/\/www.fcbarcelonanoticias.com\/en\/laliga\/flick-makes-5-changes-lineups-for-oviedo-barcelona_314827_102.html#primaryimage","url":"https:\/\/www.fcbarcelonanoticias.com\/en\/wp-content\/uploads\/sites\/2\/2025\/09\/alineaciones-oficiales-real-oviedo-v-fc-barcelona-laliga.webp","contentUrl":"https:\/\/www.fcbarcelonanoticias.com\/en\/wp-content\/uploads\/sites\/2\/2025\/09\/alineaciones-oficiales-real-oviedo-v-fc-barcelona-laliga.webp","width":1200,"height":675},{"@type":"BreadcrumbList","@id":"https:\/\/www.fcbarcelonanoticias.com\/en\/laliga\/flick-makes-5-changes-lineups-for-oviedo-barcelona_314827_102.html#breadcrumb","itemListElement":[{"@type":"ListItem","position":1,"name":"Portada","item":"https:\/\/www.fcbarcelonanoticias.com\/en\/"},{"@type":"ListItem","position":2,"name":"Flick makes 5 changes! Official lineups for Oviedo-Bar\u00e7a"}]},{"@type":"WebSite","@id":"https:\/\/www.fcbarcelonanoticias.com\/en\/#website","url":"https:\/\/www.fcbarcelonanoticias.com\/en\/","name":"EN - FC Barcelona Noticias","description":"","potentialAction":[{"@type":"SearchAction","target":{"@type":"EntryPoint","urlTemplate":"https:\/\/www.fcbarcelonanoticias.com\/en\/?s={search_term_string}"},"query-input":{"@type":"PropertyValueSpecification","valueRequired":true,"valueName":"search_term_string"}}],"inLanguage":"en-US"},{"@type":"Person","@id":"https:\/\/www.fcbarcelonanoticias.com\/en\/#\/schema\/person\/c2cd9f6fa1af5c0d0eccd0fefa575c88","name":"Andr\u00e9s Quiroz","image":{"@type":"ImageObject","inLanguage":"en-US","@id":"https:\/\/secure.gravatar.com\/avatar\/?s=96&d=mm&r=g","url":"https:\/\/secure.gravatar.com\/avatar\/?s=96&d=mm&r=g","contentUrl":"https:\/\/secure.gravatar.com\/avatar\/?s=96&d=mm&r=g","caption":"Andr\u00e9s Quiroz"},"description":"Licenciado en Periodismo por la Universidad de los Andes. Me encargo de analizar y compartir los contenidos m\u00e1s destacados de la\u00a0actualidad del F\u00fatbol Club Barcelona, Mercado de Fichajes y F\u00fatbol Internacional en FCBN. La informaci\u00f3n es poder, pero tambi\u00e9n conocimiento.","url":"https:\/\/www.fcbarcelonanoticias.com\/en\/fc-barcelona\/andres-quiroz_17_115.html"}]}},"_links":{"self":[{"href":"https:\/\/www.fcbarcelonanoticias.com\/en\/wp-json\/wp\/v2\/posts\/54611","targetHints":{"allow":["GET"]}}],"collection":[{"href":"https:\/\/www.fcbarcelonanoticias.com\/en\/wp-json\/wp\/v2\/posts"}],"about":[{"href":"https:\/\/www.fcbarcelonanoticias.com\/en\/wp-json\/wp\/v2\/types\/post"}],"author":[{"embeddable":true,"href":"https:\/\/www.fcbarcelonanoticias.com\/en\/wp-json\/wp\/v2\/users\/347"}],"replies":[{"embeddable":true,"href":"https:\/\/www.fcbarcelonanoticias.com\/en\/wp-json\/wp\/v2\/comments?post=54611"}],"version-history":[{"count":2,"href":"https:\/\/www.fcbarcelonanoticias.com\/en\/wp-json\/wp\/v2\/posts\/54611\/revisions"}],"predecessor-version":[{"id":159192,"href":"https:\/\/www.fcbarcelonanoticias.com\/en\/wp-json\/wp\/v2\/posts\/54611\/revisions\/159192"}],"wp:featuredmedia":[{"embeddable":true,"href":"https:\/\/www.fcbarcelonanoticias.com\/en\/wp-json\/wp\/v2\/media\/54613"}],"wp:attachment":[{"href":"https:\/\/www.fcbarcelonanoticias.com\/en\/wp-json\/wp\/v2\/media?parent=54611"}],"wp:term":[{"taxonomy":"category","embeddable":true,"href":"https:\/\/www.fcbarcelonanoticias.com\/en\/wp-json\/wp\/v2\/categories?post=54611"},{"taxonomy":"post_tag","embeddable":true,"href":"https:\/\/www.fcbarcelonanoticias.com\/en\/wp-json\/wp\/v2\/tags?post=54611"}],"curies":[{"name":"wp","href":"https:\/\/api.w.org\/{rel}","templated":true}]}}