{"id":54615,"date":"2026-01-25T19:54:00","date_gmt":"2026-01-25T18:54:00","guid":{"rendered":"https:\/\/weisetech.dev\/fc-barcelona-noticias\/en\/flick-praises-lamine-work-and-values-thrashing-vs-oviedo_315838_102\/"},"modified":"2026-01-25T19:54:00","modified_gmt":"2026-01-25T18:54:00","slug":"flick-praises-lamine-work-and-values-thrashing-vs-oviedo_315838_102","status":"publish","type":"post","link":"https:\/\/www.fcbarcelonanoticias.com\/en\/laliga\/flick-praises-lamine-work-and-values-thrashing-vs-oviedo_315838_102.html","title":{"rendered":"Flick praises Lamine Yamal&#8217;s work and highlights Bar\u00e7a&#8217;s second-half reaction"},"content":{"rendered":"<h2 class=\"wp-block-heading\">Hansi Flick highlighted Lamine Yamal&#8217;s performance against Oviedo (3-0). The &#8217;10&#8217; scored a great goal and created the first Bar\u00e7a goal thanks to high pressing<\/h2>  \r\n<div class=\"article-addons\">\r\n    <a href=\"https:\/\/www.fcbarcelonanoticias.com\/en\/calendar-fc-barcelona.html\"\r\n       target=\"_self\"\r\n       title=\"Calendar of FC Barcelona\"\r\n       class=\"blue-gredient-btn\">\r\n       \r\n        Calendar of FC Barcelona    <\/a>\r\n<\/div>   <p><a data-external=\"0\" data-intl-links-en=\"https:\/\/www.fcbarcelonanoticias.com\/en\/laliga\/barcelona-3-0-oviedo-laliga-leaders-show-their-striking-power_315835_102.html\" data-intl-links-es=\"https:\/\/www.fcbarcelonanoticias.com\/laliga\/barcelona-3-0-oviedo-lider-laliga-exhibe-pegada-ante-colista_315835_102.html\" href=\"https:\/\/www.fcbarcelonanoticias.com\/en\/laliga\/barcelona-3-0-oviedo-laliga-leaders-show-their-striking-power_315835_102.html\" rel=\"follow\" target=\"_self\" title=\"Barcelona 3-0 Oviedo: el l\u00edder de LaLiga exhibe su pegada ante el colista\">FC Barcelona thrashed Real Oviedo (3-0)<\/a> in their return to <strong>Spotify Camp Nou<\/strong> for matchday 21 of LaLiga. The Blaugrana team went from less to more and, in the second half, punished the defensive errors of the Asturian team with a notable performance from <strong>Dani Olmo<\/strong>, <strong>Raphinha<\/strong>, and <strong>Lamine Yamal.<\/strong> In the post-match press conference, <strong>Hansi Flick<\/strong> particularly praised the work of the &#8217;10&#8217;.<\/p>  <p>The player from Matar\u00f3 was key in two of Bar\u00e7a&#8217;s three goals, creating the 1-0 scored by Olmo with **effective pressure on David Carmo**. He also treated himself to scoring <a data-external=\"0\" data-intl-links-en=\"https:\/\/www.fcbarcelonanoticias.com\/en\/laliga\/lamine-yamal-stunning-half-bicycle-goal-against-oviedo-3-0_315836_102.html\" data-intl-links-es=\"https:\/\/www.fcbarcelonanoticias.com\/laliga\/lamine-yamal-cerro-triunfo-barca-oviedo-con-golazo-temporada_315836_102.html\" href=\"https:\/\/www.fcbarcelonanoticias.com\/en\/laliga\/lamine-yamal-stunning-half-bicycle-goal-against-oviedo-3-0_315836_102.html\" rel=\"follow\" target=\"_self\" title=\"Lamine Yamal cerr\u00f3 el triunfo del Bar\u00e7a ante Oviedo con el golazo de la temporada\">a true golazo<\/a> with a memorable overhead kick that sealed the Catalan team&#8217;s rout in the 73rd minute.<\/p>  <p>&#8220;<strong>I&#8217;m happy for his goal, but what I liked most was the pressure<\/strong>. In the second half we were better,&#8221; the manager began in his post-match analysis. With the victory, Bar\u00e7a <a data-external=\"0\" data-intl-links-en=\"https:\/\/www.fcbarcelonanoticias.com\/en\/laliga\/laliga-standings-25-26-after-barcelona-rout-of-oviedo_315837_102.html\" data-intl-links-es=\"https:\/\/www.fcbarcelonanoticias.com\/laliga\/clasificacion-laliga-25-26-goleada-barcelona-oviedo_315837_102.html\" href=\"https:\/\/www.fcbarcelonanoticias.com\/en\/laliga\/laliga-standings-25-26-after-barcelona-rout-of-oviedo_315837_102.html\" rel=\"follow\" target=\"_self\" title=\"Clasificaci\u00f3n de LaLiga 25-26 tras la goleada del Bar\u00e7a al Oviedo\">maintained their lead in LaLiga with 52 points<\/a>, one more than Real Madrid<\/p>  <h2>Flick highlights Bar\u00e7a&#8217;s second-half reaction<\/h2>  <p>After a goalless first half, the Blaugrana team made their striking power count to punish Oviedo&#8217;s defense in the second half. In this regard, Flick believes that the accumulation of matches is beginning to take its toll on the team&#8217;s intensity, but the players continue to give their all to achieve results.<\/p>  <p>&#8220;**There are many games and trips, and it&#8217;s not an excuse, but it has cost us a bit more to reach our best level**. We did it in the second half,&#8221; argued Flick. The German could not count on <a data-external=\"0\" data-intl-links-en=\"https:\/\/www.fcbarcelonanoticias.com\/en\/fc-barcelona\/pedri-injured-how-many-games-will-he-miss-with-barca_315826_102.html\" data-intl-links-es=\"https:\/\/www.fcbarcelonanoticias.com\/fc-barcelona\/pedri-gonzalez-ko-lesion-tiempo-baja-mediocentro-barca_315826_102.html\" href=\"https:\/\/www.fcbarcelonanoticias.com\/en\/fc-barcelona\/pedri-injured-how-many-games-will-he-miss-with-barca_315826_102.html\" rel=\"follow\" target=\"_self\" title=\"Pedri Gonz\u00e1lez KO: lesi\u00f3n y tiempo de baja del mediocentro del Bar\u00e7a\">Pedri Gonz\u00e1lez<\/a> or <a data-external=\"0\" data-intl-links-en=\"https:\/\/www.fcbarcelonanoticias.com\/en\/fc-barcelona\/ferran-torres-ko-how-many-games-will-he-miss-with-barcelona_315801_102.html\" data-intl-links-es=\"https:\/\/www.fcbarcelonanoticias.com\/fc-barcelona\/ferran-torres-lesionado-cuando-volvera-jugar-con-barcelona_315801_102.html\" href=\"https:\/\/www.fcbarcelonanoticias.com\/en\/fc-barcelona\/ferran-torres-ko-how-many-games-will-he-miss-with-barcelona_315801_102.html\" rel=\"follow\" target=\"_self\" title=\"Ferran Torres lesionado: \u00bfcu\u00e1ndo volver\u00e1 a jugar con el Barcelona?\">Ferran Torres<\/a>, both injured. In this regard, he highlighted the contribution of **Marc Casad\u00f3**, who returned to midfield due to the absence of the &#8216;8&#8217;.<\/p>  <p>&#8220;Of course, he can repeat. (Casad\u00f3 and Bernal) **They are a good option, they can play together. They are a bit different. Casad\u00f3 is very intelligent and Bernal plays very well with the ball**,&#8221; he said about his midfield options.<\/p>  <h2>Hansi Flick Praises Dani Olmo and Joao Cancelo<\/h2>  <p>Hansi Flick also highlighted the contributions of **Dani Olmo** and <a data-external=\"0\" data-intl-links-en=\"https:\/\/www.fcbarcelonanoticias.com\/en\/laliga\/joao-cancelo-starter-in-his-first-match-at-camp-nou_315833_102.html\" data-intl-links-es=\"https:\/\/www.fcbarcelonanoticias.com\/laliga\/joao-cancelo-titular-primer-partido-spotify-camp-nou_315833_102.html\" href=\"https:\/\/www.fcbarcelonanoticias.com\/en\/laliga\/joao-cancelo-starter-in-his-first-match-at-camp-nou_315833_102.html\" rel=\"follow\" target=\"_self\" title=\"Joao Cancelo, titular en su primer partido en el Spotify Camp Nou\">Joao Cancelo<\/a>. The Portuguese player played his first match as a starter, while the Terrassa native already has 6 goals in his last 11 games and once again appeared at the right moment to unblock a rather dull Barcelona until the partial 1-0.<\/p>  <p>&#8220;(Joao) He has just arrived, but we see his quality in training. In some game situations he has also done very well, but he has to adapt to our philosophy. **He has room for improvement, but he has already taken the first step. He started and was very good**,&#8221; said the Bar\u00e7a coach about the Portuguese full-back.<\/p>  <p>Regarding Olmo, he added: &#8220;He has improved a lot in the last two games, he scores, he assists, he controls&#8230; This is what I want from him.&#8221; The &#8217;20&#8217; should repeat as a starter on Wednesday against Copenhagen, perhaps playing deeper to help with recovery due to the absences of Frenkie de Jong (suspended) and Pedri.<\/p> ","protected":false},"excerpt":{"rendered":"<p>Hansi Flick highlighted Lamine Yamal&#8217;s performance against Oviedo (3-0). The &#8217;10&#8217; scored a great goal and created the first Bar\u00e7a goal thanks to high pressing FC Barcelona thrashed Real Oviedo (3-0) in their return to Spotify Camp Nou for matchday 21 of LaLiga. The Blaugrana team went from less to more and, in the second [&hellip;]<\/p>\n","protected":false},"author":353,"featured_media":54617,"comment_status":"closed","ping_status":"open","sticky":false,"template":"","format":"standard","meta":{"_acf_changed":false,"inline_featured_image":false,"_nextfly_llmd_date_locked":false,"footnotes":""},"categories":[448,114],"tags":[78,87],"class_list":["post-54615","post","type-post","status-publish","format-standard","has-post-thumbnail","hentry","category-laliga-2","category-laliga","tag-fc-barcelona-vs-oviedo-news-matches-and-results","tag-hansi-flick"],"acf":[],"yoast_head":"<!-- This site is optimized with the Yoast SEO plugin v27.3 - https:\/\/yoast.com\/product\/yoast-seo-wordpress\/ -->\n<title>Flick praises Lamine&#039;s work and values the thrashing vs Oviedo<\/title>\n<meta name=\"description\" content=\"Flick highlighted Lamine Yamal&#039;s performance against Oviedo (3-0). The &#039;10&#039; scored a great goal and created the first Bar\u00e7a goal thanks to high pressing\" \/>\n<meta name=\"robots\" content=\"index, follow, max-snippet:-1, max-image-preview:large, max-video-preview:-1\" \/>\n<link rel=\"canonical\" href=\"https:\/\/www.fcbarcelonanoticias.com\/en\/laliga\/flick-praises-lamine-work-and-values-thrashing-vs-oviedo_315838_102.html\" \/>\n<meta property=\"og:locale\" content=\"en_US\" \/>\n<meta property=\"og:type\" content=\"article\" \/>\n<meta property=\"og:title\" content=\"Flick praises Lamine&#039;s work and values the thrashing vs Oviedo\" \/>\n<meta property=\"og:description\" content=\"Flick highlighted Lamine Yamal&#039;s performance against Oviedo (3-0). The &#039;10&#039; scored a great goal and created the first Bar\u00e7a goal thanks to high pressing\" \/>\n<meta property=\"og:url\" content=\"https:\/\/www.fcbarcelonanoticias.com\/en\/laliga\/flick-praises-lamine-work-and-values-thrashing-vs-oviedo_315838_102.html\" \/>\n<meta property=\"og:site_name\" content=\"EN - FC Barcelona Noticias\" \/>\n<meta property=\"article:published_time\" content=\"2026-01-25T18:54:00+00:00\" \/>\n<meta property=\"og:image\" content=\"https:\/\/www.fcbarcelonanoticias.com\/en\/wp-content\/uploads\/sites\/2\/2026\/01\/hansi-flick-barcelona-v-oviedo-laliga-25-26-1.jpeg\" \/>\n\t<meta property=\"og:image:width\" content=\"1300\" \/>\n\t<meta property=\"og:image:height\" content=\"732\" \/>\n\t<meta property=\"og:image:type\" content=\"image\/jpeg\" \/>\n<meta name=\"author\" content=\"FC Barcelona Noticias\" \/>\n<meta name=\"twitter:card\" content=\"summary_large_image\" \/>\n<meta name=\"twitter:label1\" content=\"Written by\" \/>\n\t<meta name=\"twitter:data1\" content=\"FC Barcelona Noticias\" \/>\n\t<meta name=\"twitter:label2\" content=\"Est. reading time\" \/>\n\t<meta name=\"twitter:data2\" content=\"3 minutes\" \/>\n<script type=\"application\/ld+json\" class=\"yoast-schema-graph\">{\"@context\":\"https:\\\/\\\/schema.org\",\"@graph\":[{\"@type\":\"Article\",\"@id\":\"https:\\\/\\\/www.fcbarcelonanoticias.com\\\/en\\\/laliga\\\/flick-praises-lamine-work-and-values-thrashing-vs-oviedo_315838_102.html#article\",\"isPartOf\":{\"@id\":\"https:\\\/\\\/www.fcbarcelonanoticias.com\\\/en\\\/laliga\\\/flick-praises-lamine-work-and-values-thrashing-vs-oviedo_315838_102.html\"},\"author\":{\"name\":\"FC Barcelona Noticias\",\"@id\":\"https:\\\/\\\/www.fcbarcelonanoticias.com\\\/en\\\/#\\\/schema\\\/person\\\/0f2810101d27606974cdb8edb54fa54b\"},\"headline\":\"Flick praises Lamine Yamal&#8217;s work and highlights Bar\u00e7a&#8217;s second-half reaction\",\"datePublished\":\"2026-01-25T18:54:00+00:00\",\"mainEntityOfPage\":{\"@id\":\"https:\\\/\\\/www.fcbarcelonanoticias.com\\\/en\\\/laliga\\\/flick-praises-lamine-work-and-values-thrashing-vs-oviedo_315838_102.html\"},\"wordCount\":538,\"image\":{\"@id\":\"https:\\\/\\\/www.fcbarcelonanoticias.com\\\/en\\\/laliga\\\/flick-praises-lamine-work-and-values-thrashing-vs-oviedo_315838_102.html#primaryimage\"},\"thumbnailUrl\":\"https:\\\/\\\/www.fcbarcelonanoticias.com\\\/en\\\/wp-content\\\/uploads\\\/sites\\\/2\\\/2026\\\/01\\\/hansi-flick-barcelona-v-oviedo-laliga-25-26-1.jpeg\",\"keywords\":[\"FC Barcelona vs Real Oviedo\",\"Hansi Flick\"],\"articleSection\":[\"LaLiga\",\"LaLiga\"],\"inLanguage\":\"en-US\"},{\"@type\":\"WebPage\",\"@id\":\"https:\\\/\\\/www.fcbarcelonanoticias.com\\\/en\\\/laliga\\\/flick-praises-lamine-work-and-values-thrashing-vs-oviedo_315838_102.html\",\"url\":\"https:\\\/\\\/www.fcbarcelonanoticias.com\\\/en\\\/laliga\\\/flick-praises-lamine-work-and-values-thrashing-vs-oviedo_315838_102.html\",\"name\":\"Flick praises Lamine's work and values the thrashing vs Oviedo\",\"isPartOf\":{\"@id\":\"https:\\\/\\\/www.fcbarcelonanoticias.com\\\/en\\\/#website\"},\"primaryImageOfPage\":{\"@id\":\"https:\\\/\\\/www.fcbarcelonanoticias.com\\\/en\\\/laliga\\\/flick-praises-lamine-work-and-values-thrashing-vs-oviedo_315838_102.html#primaryimage\"},\"image\":{\"@id\":\"https:\\\/\\\/www.fcbarcelonanoticias.com\\\/en\\\/laliga\\\/flick-praises-lamine-work-and-values-thrashing-vs-oviedo_315838_102.html#primaryimage\"},\"thumbnailUrl\":\"https:\\\/\\\/www.fcbarcelonanoticias.com\\\/en\\\/wp-content\\\/uploads\\\/sites\\\/2\\\/2026\\\/01\\\/hansi-flick-barcelona-v-oviedo-laliga-25-26-1.jpeg\",\"datePublished\":\"2026-01-25T18:54:00+00:00\",\"author\":{\"@id\":\"https:\\\/\\\/www.fcbarcelonanoticias.com\\\/en\\\/#\\\/schema\\\/person\\\/0f2810101d27606974cdb8edb54fa54b\"},\"description\":\"Flick highlighted Lamine Yamal's performance against Oviedo (3-0). The '10' scored a great goal and created the first Bar\u00e7a goal thanks to high pressing\",\"breadcrumb\":{\"@id\":\"https:\\\/\\\/www.fcbarcelonanoticias.com\\\/en\\\/laliga\\\/flick-praises-lamine-work-and-values-thrashing-vs-oviedo_315838_102.html#breadcrumb\"},\"inLanguage\":\"en-US\",\"potentialAction\":[{\"@type\":\"ReadAction\",\"target\":[\"https:\\\/\\\/www.fcbarcelonanoticias.com\\\/en\\\/laliga\\\/flick-praises-lamine-work-and-values-thrashing-vs-oviedo_315838_102.html\"]}]},{\"@type\":\"ImageObject\",\"inLanguage\":\"en-US\",\"@id\":\"https:\\\/\\\/www.fcbarcelonanoticias.com\\\/en\\\/laliga\\\/flick-praises-lamine-work-and-values-thrashing-vs-oviedo_315838_102.html#primaryimage\",\"url\":\"https:\\\/\\\/www.fcbarcelonanoticias.com\\\/en\\\/wp-content\\\/uploads\\\/sites\\\/2\\\/2026\\\/01\\\/hansi-flick-barcelona-v-oviedo-laliga-25-26-1.jpeg\",\"contentUrl\":\"https:\\\/\\\/www.fcbarcelonanoticias.com\\\/en\\\/wp-content\\\/uploads\\\/sites\\\/2\\\/2026\\\/01\\\/hansi-flick-barcelona-v-oviedo-laliga-25-26-1.jpeg\",\"width\":1300,\"height\":732},{\"@type\":\"BreadcrumbList\",\"@id\":\"https:\\\/\\\/www.fcbarcelonanoticias.com\\\/en\\\/laliga\\\/flick-praises-lamine-work-and-values-thrashing-vs-oviedo_315838_102.html#breadcrumb\",\"itemListElement\":[{\"@type\":\"ListItem\",\"position\":1,\"name\":\"Portada\",\"item\":\"https:\\\/\\\/www.fcbarcelonanoticias.com\\\/en\\\/\"},{\"@type\":\"ListItem\",\"position\":2,\"name\":\"Flick praises Lamine Yamal&#8217;s work and highlights Bar\u00e7a&#8217;s second-half reaction\"}]},{\"@type\":\"WebSite\",\"@id\":\"https:\\\/\\\/www.fcbarcelonanoticias.com\\\/en\\\/#website\",\"url\":\"https:\\\/\\\/www.fcbarcelonanoticias.com\\\/en\\\/\",\"name\":\"EN - FC Barcelona Noticias\",\"description\":\"\",\"potentialAction\":[{\"@type\":\"SearchAction\",\"target\":{\"@type\":\"EntryPoint\",\"urlTemplate\":\"https:\\\/\\\/www.fcbarcelonanoticias.com\\\/en\\\/?s={search_term_string}\"},\"query-input\":{\"@type\":\"PropertyValueSpecification\",\"valueRequired\":true,\"valueName\":\"search_term_string\"}}],\"inLanguage\":\"en-US\"},{\"@type\":\"Person\",\"@id\":\"https:\\\/\\\/www.fcbarcelonanoticias.com\\\/en\\\/#\\\/schema\\\/person\\\/0f2810101d27606974cdb8edb54fa54b\",\"name\":\"FC Barcelona Noticias\",\"image\":{\"@type\":\"ImageObject\",\"inLanguage\":\"en-US\",\"@id\":\"https:\\\/\\\/secure.gravatar.com\\\/avatar\\\/?s=96&d=mm&r=g\",\"url\":\"https:\\\/\\\/secure.gravatar.com\\\/avatar\\\/?s=96&d=mm&r=g\",\"contentUrl\":\"https:\\\/\\\/secure.gravatar.com\\\/avatar\\\/?s=96&d=mm&r=g\",\"caption\":\"FC Barcelona Noticias\"},\"url\":\"https:\\\/\\\/www.fcbarcelonanoticias.com\\\/en\\\/fc-barcelona\\\/fcbn-writing-fc-barcelona-news_6_115.html\"}]}<\/script>\n<!-- \/ Yoast SEO plugin. -->","yoast_head_json":{"title":"Flick praises Lamine's work and values the thrashing vs Oviedo","description":"Flick highlighted Lamine Yamal's performance against Oviedo (3-0). The '10' scored a great goal and created the first Bar\u00e7a goal thanks to high pressing","robots":{"index":"index","follow":"follow","max-snippet":"max-snippet:-1","max-image-preview":"max-image-preview:large","max-video-preview":"max-video-preview:-1"},"canonical":"https:\/\/www.fcbarcelonanoticias.com\/en\/laliga\/flick-praises-lamine-work-and-values-thrashing-vs-oviedo_315838_102.html","og_locale":"en_US","og_type":"article","og_title":"Flick praises Lamine's work and values the thrashing vs Oviedo","og_description":"Flick highlighted Lamine Yamal's performance against Oviedo (3-0). The '10' scored a great goal and created the first Bar\u00e7a goal thanks to high pressing","og_url":"https:\/\/www.fcbarcelonanoticias.com\/en\/laliga\/flick-praises-lamine-work-and-values-thrashing-vs-oviedo_315838_102.html","og_site_name":"EN - FC Barcelona Noticias","article_published_time":"2026-01-25T18:54:00+00:00","og_image":[{"width":1300,"height":732,"url":"https:\/\/www.fcbarcelonanoticias.com\/en\/wp-content\/uploads\/sites\/2\/2026\/01\/hansi-flick-barcelona-v-oviedo-laliga-25-26-1.jpeg","type":"image\/jpeg"}],"author":"FC Barcelona Noticias","twitter_card":"summary_large_image","twitter_misc":{"Written by":"FC Barcelona Noticias","Est. reading time":"3 minutes"},"schema":{"@context":"https:\/\/schema.org","@graph":[{"@type":"Article","@id":"https:\/\/www.fcbarcelonanoticias.com\/en\/laliga\/flick-praises-lamine-work-and-values-thrashing-vs-oviedo_315838_102.html#article","isPartOf":{"@id":"https:\/\/www.fcbarcelonanoticias.com\/en\/laliga\/flick-praises-lamine-work-and-values-thrashing-vs-oviedo_315838_102.html"},"author":{"name":"FC Barcelona Noticias","@id":"https:\/\/www.fcbarcelonanoticias.com\/en\/#\/schema\/person\/0f2810101d27606974cdb8edb54fa54b"},"headline":"Flick praises Lamine Yamal&#8217;s work and highlights Bar\u00e7a&#8217;s second-half reaction","datePublished":"2026-01-25T18:54:00+00:00","mainEntityOfPage":{"@id":"https:\/\/www.fcbarcelonanoticias.com\/en\/laliga\/flick-praises-lamine-work-and-values-thrashing-vs-oviedo_315838_102.html"},"wordCount":538,"image":{"@id":"https:\/\/www.fcbarcelonanoticias.com\/en\/laliga\/flick-praises-lamine-work-and-values-thrashing-vs-oviedo_315838_102.html#primaryimage"},"thumbnailUrl":"https:\/\/www.fcbarcelonanoticias.com\/en\/wp-content\/uploads\/sites\/2\/2026\/01\/hansi-flick-barcelona-v-oviedo-laliga-25-26-1.jpeg","keywords":["FC Barcelona vs Real Oviedo","Hansi Flick"],"articleSection":["LaLiga","LaLiga"],"inLanguage":"en-US"},{"@type":"WebPage","@id":"https:\/\/www.fcbarcelonanoticias.com\/en\/laliga\/flick-praises-lamine-work-and-values-thrashing-vs-oviedo_315838_102.html","url":"https:\/\/www.fcbarcelonanoticias.com\/en\/laliga\/flick-praises-lamine-work-and-values-thrashing-vs-oviedo_315838_102.html","name":"Flick praises Lamine's work and values the thrashing vs Oviedo","isPartOf":{"@id":"https:\/\/www.fcbarcelonanoticias.com\/en\/#website"},"primaryImageOfPage":{"@id":"https:\/\/www.fcbarcelonanoticias.com\/en\/laliga\/flick-praises-lamine-work-and-values-thrashing-vs-oviedo_315838_102.html#primaryimage"},"image":{"@id":"https:\/\/www.fcbarcelonanoticias.com\/en\/laliga\/flick-praises-lamine-work-and-values-thrashing-vs-oviedo_315838_102.html#primaryimage"},"thumbnailUrl":"https:\/\/www.fcbarcelonanoticias.com\/en\/wp-content\/uploads\/sites\/2\/2026\/01\/hansi-flick-barcelona-v-oviedo-laliga-25-26-1.jpeg","datePublished":"2026-01-25T18:54:00+00:00","author":{"@id":"https:\/\/www.fcbarcelonanoticias.com\/en\/#\/schema\/person\/0f2810101d27606974cdb8edb54fa54b"},"description":"Flick highlighted Lamine Yamal's performance against Oviedo (3-0). The '10' scored a great goal and created the first Bar\u00e7a goal thanks to high pressing","breadcrumb":{"@id":"https:\/\/www.fcbarcelonanoticias.com\/en\/laliga\/flick-praises-lamine-work-and-values-thrashing-vs-oviedo_315838_102.html#breadcrumb"},"inLanguage":"en-US","potentialAction":[{"@type":"ReadAction","target":["https:\/\/www.fcbarcelonanoticias.com\/en\/laliga\/flick-praises-lamine-work-and-values-thrashing-vs-oviedo_315838_102.html"]}]},{"@type":"ImageObject","inLanguage":"en-US","@id":"https:\/\/www.fcbarcelonanoticias.com\/en\/laliga\/flick-praises-lamine-work-and-values-thrashing-vs-oviedo_315838_102.html#primaryimage","url":"https:\/\/www.fcbarcelonanoticias.com\/en\/wp-content\/uploads\/sites\/2\/2026\/01\/hansi-flick-barcelona-v-oviedo-laliga-25-26-1.jpeg","contentUrl":"https:\/\/www.fcbarcelonanoticias.com\/en\/wp-content\/uploads\/sites\/2\/2026\/01\/hansi-flick-barcelona-v-oviedo-laliga-25-26-1.jpeg","width":1300,"height":732},{"@type":"BreadcrumbList","@id":"https:\/\/www.fcbarcelonanoticias.com\/en\/laliga\/flick-praises-lamine-work-and-values-thrashing-vs-oviedo_315838_102.html#breadcrumb","itemListElement":[{"@type":"ListItem","position":1,"name":"Portada","item":"https:\/\/www.fcbarcelonanoticias.com\/en\/"},{"@type":"ListItem","position":2,"name":"Flick praises Lamine Yamal&#8217;s work and highlights Bar\u00e7a&#8217;s second-half reaction"}]},{"@type":"WebSite","@id":"https:\/\/www.fcbarcelonanoticias.com\/en\/#website","url":"https:\/\/www.fcbarcelonanoticias.com\/en\/","name":"EN - FC Barcelona Noticias","description":"","potentialAction":[{"@type":"SearchAction","target":{"@type":"EntryPoint","urlTemplate":"https:\/\/www.fcbarcelonanoticias.com\/en\/?s={search_term_string}"},"query-input":{"@type":"PropertyValueSpecification","valueRequired":true,"valueName":"search_term_string"}}],"inLanguage":"en-US"},{"@type":"Person","@id":"https:\/\/www.fcbarcelonanoticias.com\/en\/#\/schema\/person\/0f2810101d27606974cdb8edb54fa54b","name":"FC Barcelona Noticias","image":{"@type":"ImageObject","inLanguage":"en-US","@id":"https:\/\/secure.gravatar.com\/avatar\/?s=96&d=mm&r=g","url":"https:\/\/secure.gravatar.com\/avatar\/?s=96&d=mm&r=g","contentUrl":"https:\/\/secure.gravatar.com\/avatar\/?s=96&d=mm&r=g","caption":"FC Barcelona Noticias"},"url":"https:\/\/www.fcbarcelonanoticias.com\/en\/fc-barcelona\/fcbn-writing-fc-barcelona-news_6_115.html"}]}},"_links":{"self":[{"href":"https:\/\/www.fcbarcelonanoticias.com\/en\/wp-json\/wp\/v2\/posts\/54615","targetHints":{"allow":["GET"]}}],"collection":[{"href":"https:\/\/www.fcbarcelonanoticias.com\/en\/wp-json\/wp\/v2\/posts"}],"about":[{"href":"https:\/\/www.fcbarcelonanoticias.com\/en\/wp-json\/wp\/v2\/types\/post"}],"author":[{"embeddable":true,"href":"https:\/\/www.fcbarcelonanoticias.com\/en\/wp-json\/wp\/v2\/users\/353"}],"replies":[{"embeddable":true,"href":"https:\/\/www.fcbarcelonanoticias.com\/en\/wp-json\/wp\/v2\/comments?post=54615"}],"version-history":[{"count":1,"href":"https:\/\/www.fcbarcelonanoticias.com\/en\/wp-json\/wp\/v2\/posts\/54615\/revisions"}],"predecessor-version":[{"id":115707,"href":"https:\/\/www.fcbarcelonanoticias.com\/en\/wp-json\/wp\/v2\/posts\/54615\/revisions\/115707"}],"wp:featuredmedia":[{"embeddable":true,"href":"https:\/\/www.fcbarcelonanoticias.com\/en\/wp-json\/wp\/v2\/media\/54617"}],"wp:attachment":[{"href":"https:\/\/www.fcbarcelonanoticias.com\/en\/wp-json\/wp\/v2\/media?parent=54615"}],"wp:term":[{"taxonomy":"category","embeddable":true,"href":"https:\/\/www.fcbarcelonanoticias.com\/en\/wp-json\/wp\/v2\/categories?post=54615"},{"taxonomy":"post_tag","embeddable":true,"href":"https:\/\/www.fcbarcelonanoticias.com\/en\/wp-json\/wp\/v2\/tags?post=54615"}],"curies":[{"name":"wp","href":"https:\/\/api.w.org\/{rel}","templated":true}]}}