{"id":54619,"date":"2025-12-01T16:37:00","date_gmt":"2025-12-01T15:37:00","guid":{"rendered":"https:\/\/weisetech.dev\/fc-barcelona-noticias\/en\/flick-opens-up-about-araujo-and-ter-stegen-current-situation_315388_102\/"},"modified":"2025-12-01T16:37:00","modified_gmt":"2025-12-01T15:37:00","slug":"flick-opens-up-about-araujo-and-ter-stegen-current-situation_315388_102","status":"publish","type":"post","link":"https:\/\/www.fcbarcelonanoticias.com\/en\/laliga\/flick-opens-up-about-araujo-and-ter-stegen-current-situation_315388_102.html","title":{"rendered":"Flick confirms Araujo&#8217;s absence against Atl\u00e9tico and explains his reaction at end of Bar\u00e7a-Alav\u00e9s"},"content":{"rendered":"<h2 class=\"wp-block-heading\">Hansi Flick explained the reason for his reaction on the bench at the end of the Bar\u00e7a-Alav\u00e9s match. The coach lamented the expulsion of two of his collaborators, including his first assistant, Marcus Sorg<\/h2>  \r\n<div class=\"article-addons\">\r\n    <a href=\"https:\/\/www.fcbarcelonanoticias.com\/en\/calendar-fc-barcelona.html\"\r\n       target=\"_self\"\r\n       title=\"Calendar of FC Barcelona\"\r\n       class=\"blue-gredient-btn\">\r\n       \r\n        Calendar of FC Barcelona    <\/a>\r\n<\/div>   <p>The image of <strong>Raphinha <\/strong>trying to console an apparently dejected <strong>Hansi Flick<\/strong> after the final whistle of the <a data-external=\"0\" data-intl-links-en=\"https:\/\/www.fcbarcelonanoticias.com\/en\/laliga\/fc-barcelona-3-1-alaves-laliga-25-26-summary_315378_102.html\" data-intl-links-es=\"https:\/\/www.fcbarcelonanoticias.com\/laliga\/resumen-fc-barcelona-3-1-alaves-laliga-25-26_315378_102.html\" href=\"https:\/\/www.fcbarcelonanoticias.com\/en\/laliga\/fc-barcelona-3-1-alaves-laliga-25-26-summary_315378_102.html\" rel=\"follow\" target=\"_self\" title=\"Resumen del FC Barcelona 3-1 Alav\u00e9s - LaLiga 25\/26\">Barcelona-Alav\u00e9s (3-1)<\/a> went viral on social media on Saturday. In the press conference prior to the clash against <strong>Atl\u00e9tico de Madrid<\/strong>, for matchday 19 (postponed) of <strong>LaLiga<\/strong>, the Bar\u00e7a coach revealed the reason for his consternation on the bench at the <strong>Spotify Camp Nou<\/strong>.<\/p>  <p>According to Flick, his image at the end of the match against Alav\u00e9s had to do with the expulsion of Marcus Sorg, his first assistant, along with another collaborator for complaints from the bench and some exchange of words with the rival bench.<\/p>  <p>&#8220;I was disappointed because we lost a lot of balls, there were two red cards for the bench&#8230; <strong>When we scored the third, Marcus was shown the red card and I had spoken with him, he is my friend, he is the most important person I have here;<\/strong> I had the conversation in my head,&#8221; commented the German.<\/p>  <blockquote> <p>&#8220;I wanted to get some air, I didn&#8217;t want to argue. But I&#8217;m fine, and strong for whatever the club has in store. I&#8217;m very happy to be here&#8221;<\/p> <\/blockquote>  <h2>Flick confirms Araujo&#8217;s absence against Atl\u00e9tico and Ter Stegen&#8217;s return to training<\/h2>  <p>On the other hand, Flick also confirmed that **Ronald Araujo** will not be available on Tuesday against Atl\u00e9tico. The &#8216;charr\u00faa&#8217; was out for matchday 14 of La Liga due to a stomach problem and, now, is attending to a personal matter that prevented him from training normally&#8221;**Ronald is not ready. It&#8217;s a private situation and I won&#8217;t say more and I ask that you respect it, that&#8217;s what I can and will say**,&#8221; the coach clarified. Regarding **Raphinha**, the manager is confident that the Brazilian can play 90 minutes for the first time in over two months. Furthermore, he does not rule out **Pedri**&#8217;s presence in the lineup.<\/p>  <p>The big news from Monday&#8217;s training session was the return of <strong>Ter Stegen<\/strong>. The German worked with the group and, although he has not yet been medically cleared, he is very close to returning. Regarding this, Flick avoided the controversy about what the &#8216;1&#8217;s role in the squad will be. In principle, he will be the third goalkeeper behind <strong>Joan Garcia<\/strong> and <strong>Szczesny<\/strong>, which means he <a data-external=\"0\" data-intl-links-en=\"https:\/\/www.fcbarcelonanoticias.com\/en\/transfers\/first-formal-offer-from-besiktas-to-barca-ter-stegen_315288_102.html\" data-intl-links-es=\"https:\/\/www.fcbarcelonanoticias.com\/fichajes\/primera-oferta-formal-besiktas-barca-por-ter-stegen_315288_102.html\" href=\"https:\/\/www.fcbarcelonanoticias.com\/en\/transfers\/first-formal-offer-from-besiktas-to-barca-ter-stegen_315288_102.html\" rel=\"follow\" target=\"_self\" title=\"\u00a1Primera oferta formal del Besiktas al Bar\u00e7a por Ter Stegen!\">should leave in the winter transfer window<\/a><\/p>  <p>However, the Bar\u00e7a coach prefers, for now, to keep the focus on each game. &#8220;<strong>It&#8217;s not the time to talk about this. He&#8217;s not ready to play. We have to wait and take the next steps<\/strong>. It&#8217;s good for him. We are happy with his progress.&#8221;<\/p>  <blockquote> <p>&#8220;The other day (Alav\u00e9s) we made many mistakes. We have the quality to control the game better, and the other day I missed that. We have to raise the level; there is quality and the ability to do it&#8221;<\/p> <\/blockquote>  <h2>Atl\u00e9tico, a tough opponent at a &#8220;fantastic&#8221; moment<\/h2>  <p>Regarding Tuesday&#8217;s opponent at Spotify Camp Nou, Hansi Flick believes they are a &#8220;fantastic&#8221; team with a great coach. The &#8216;Colchoneros&#8217; **have won six consecutive league games** and are now just 3 points behind leaders Bar\u00e7a.<\/p>  <p>&#8220;We have to play at our maximum level, it&#8217;s one of the best teams in Europe. <strong>They have increased their quality in the summer market. It&#8217;s a fantastic team, in defense and attack<\/strong>. But we have quality and we have to show it,&#8221; argued the German coach.<\/p>  <p>In this regard, he warns of the need to know how to handle the pressure of being leaders again and to improve game by game. &#8220;<strong>We are first, but we are not at our best level. We have to recover it<\/strong>,&#8221; he pointed out<\/p>  <blockquote> <p>&#8220;It&#8217;s always important to be leaders, but in the end, if you look at what we&#8217;ve gone through: there have been injuries&#8230; we&#8217;ve never made excuses for them&#8230; and we&#8217;re at the top&#8221;<\/p> <\/blockquote>  <ul> <li>\ud83d\udc49Consult more FC Barcelona news in our section dedicated to&nbsp;<strong><a data-external=\"0\" data-intl-links-en=\"https:\/\/www.fcbarcelonanoticias.com\/en\/fc-barcelona\" data-intl-links-es=\"https:\/\/www.fcbarcelonanoticias.com\/fc-barcelona\" href=\"https:\/\/www.fcbarcelonanoticias.com\/en\/football-soccer\/fc-barcelona.html\" rel=\"follow\" target=\"_self\" title=\"FC Barcelona\">Football Club Barcelona<\/a><\/strong>.<\/li> <\/ul> ","protected":false},"excerpt":{"rendered":"<p>Hansi Flick explained the reason for his reaction on the bench at the end of the Bar\u00e7a-Alav\u00e9s match. The coach lamented the expulsion of two of his collaborators, including his first assistant, Marcus Sorg The image of Raphinha trying to console an apparently dejected Hansi Flick after the final whistle of the Barcelona-Alav\u00e9s (3-1) went [&hellip;]<\/p>\n","protected":false},"author":347,"featured_media":54622,"comment_status":"closed","ping_status":"open","sticky":false,"template":"","format":"standard","meta":{"_acf_changed":false,"inline_featured_image":false,"_nextfly_llmd_date_locked":false,"footnotes":""},"categories":[448,114],"tags":[58,87,460,285],"class_list":["post-54619","post","type-post","status-publish","format-standard","has-post-thumbnail","hentry","category-laliga-2","category-laliga","tag-fc-barcelona-vs-atletico-madrid-latest-match-news","tag-hansi-flick","tag-ronald-araujo-2","tag-ronald-araujo"],"acf":[],"yoast_head":"<!-- This site is optimized with the Yoast SEO plugin v27.3 - https:\/\/yoast.com\/product\/yoast-seo-wordpress\/ -->\n<title>Flick opens up about Araujo and Ter Stegen&#039;s current situation<\/title>\n<meta name=\"description\" content=\"Flick confirmed Araujo&#039;s absence against Atl\u00e9tico due to a private matter. He also spoke about Ter Stegen&#039;s imminent return and his reaction post-Bar\u00e7a-Alav\u00e9s\" \/>\n<meta name=\"robots\" content=\"index, follow, max-snippet:-1, max-image-preview:large, max-video-preview:-1\" \/>\n<link rel=\"canonical\" href=\"https:\/\/www.fcbarcelonanoticias.com\/en\/laliga\/flick-opens-up-about-araujo-and-ter-stegen-current-situation_315388_102.html\" \/>\n<meta property=\"og:locale\" content=\"en_US\" \/>\n<meta property=\"og:type\" content=\"article\" \/>\n<meta property=\"og:title\" content=\"Flick opens up about Araujo and Ter Stegen&#039;s current situation\" \/>\n<meta property=\"og:description\" content=\"Flick confirmed Araujo&#039;s absence against Atl\u00e9tico due to a private matter. He also spoke about Ter Stegen&#039;s imminent return and his reaction post-Bar\u00e7a-Alav\u00e9s\" \/>\n<meta property=\"og:url\" content=\"https:\/\/www.fcbarcelonanoticias.com\/en\/laliga\/flick-opens-up-about-araujo-and-ter-stegen-current-situation_315388_102.html\" \/>\n<meta property=\"og:site_name\" content=\"EN - FC Barcelona Noticias\" \/>\n<meta property=\"article:published_time\" content=\"2025-12-01T15:37:00+00:00\" \/>\n<meta property=\"og:image\" content=\"https:\/\/www.fcbarcelonanoticias.com\/en\/wp-content\/uploads\/sites\/2\/2025\/12\/hansi-flick-rdp-barca-atletico-1.webp\" \/>\n\t<meta property=\"og:image:width\" content=\"1200\" \/>\n\t<meta property=\"og:image:height\" content=\"675\" \/>\n\t<meta property=\"og:image:type\" content=\"image\/webp\" \/>\n<meta name=\"author\" content=\"Andr\u00e9s Quiroz\" \/>\n<meta name=\"twitter:card\" content=\"summary_large_image\" \/>\n<meta name=\"twitter:label1\" content=\"Written by\" \/>\n\t<meta name=\"twitter:data1\" content=\"Andr\u00e9s Quiroz\" \/>\n\t<meta name=\"twitter:label2\" content=\"Est. reading time\" \/>\n\t<meta name=\"twitter:data2\" content=\"3 minutes\" \/>\n<script type=\"application\/ld+json\" class=\"yoast-schema-graph\">{\"@context\":\"https:\\\/\\\/schema.org\",\"@graph\":[{\"@type\":\"Article\",\"@id\":\"https:\\\/\\\/www.fcbarcelonanoticias.com\\\/en\\\/laliga\\\/flick-opens-up-about-araujo-and-ter-stegen-current-situation_315388_102.html#article\",\"isPartOf\":{\"@id\":\"https:\\\/\\\/www.fcbarcelonanoticias.com\\\/en\\\/laliga\\\/flick-opens-up-about-araujo-and-ter-stegen-current-situation_315388_102.html\"},\"author\":{\"name\":\"Andr\u00e9s Quiroz\",\"@id\":\"https:\\\/\\\/www.fcbarcelonanoticias.com\\\/en\\\/#\\\/schema\\\/person\\\/c2cd9f6fa1af5c0d0eccd0fefa575c88\"},\"headline\":\"Flick confirms Araujo&#8217;s absence against Atl\u00e9tico and explains his reaction at end of Bar\u00e7a-Alav\u00e9s\",\"datePublished\":\"2025-12-01T15:37:00+00:00\",\"mainEntityOfPage\":{\"@id\":\"https:\\\/\\\/www.fcbarcelonanoticias.com\\\/en\\\/laliga\\\/flick-opens-up-about-araujo-and-ter-stegen-current-situation_315388_102.html\"},\"wordCount\":734,\"image\":{\"@id\":\"https:\\\/\\\/www.fcbarcelonanoticias.com\\\/en\\\/laliga\\\/flick-opens-up-about-araujo-and-ter-stegen-current-situation_315388_102.html#primaryimage\"},\"thumbnailUrl\":\"https:\\\/\\\/www.fcbarcelonanoticias.com\\\/en\\\/wp-content\\\/uploads\\\/sites\\\/2\\\/2025\\\/12\\\/hansi-flick-rdp-barca-atletico-1.webp\",\"keywords\":[\"FC Barcelona vs Atl\u00e9tico Madrid\",\"Hansi Flick\",\"Ronald Araujo\",\"Ronald Araujo\"],\"articleSection\":[\"LaLiga\",\"LaLiga\"],\"inLanguage\":\"en-US\"},{\"@type\":\"WebPage\",\"@id\":\"https:\\\/\\\/www.fcbarcelonanoticias.com\\\/en\\\/laliga\\\/flick-opens-up-about-araujo-and-ter-stegen-current-situation_315388_102.html\",\"url\":\"https:\\\/\\\/www.fcbarcelonanoticias.com\\\/en\\\/laliga\\\/flick-opens-up-about-araujo-and-ter-stegen-current-situation_315388_102.html\",\"name\":\"Flick opens up about Araujo and Ter Stegen's current situation\",\"isPartOf\":{\"@id\":\"https:\\\/\\\/www.fcbarcelonanoticias.com\\\/en\\\/#website\"},\"primaryImageOfPage\":{\"@id\":\"https:\\\/\\\/www.fcbarcelonanoticias.com\\\/en\\\/laliga\\\/flick-opens-up-about-araujo-and-ter-stegen-current-situation_315388_102.html#primaryimage\"},\"image\":{\"@id\":\"https:\\\/\\\/www.fcbarcelonanoticias.com\\\/en\\\/laliga\\\/flick-opens-up-about-araujo-and-ter-stegen-current-situation_315388_102.html#primaryimage\"},\"thumbnailUrl\":\"https:\\\/\\\/www.fcbarcelonanoticias.com\\\/en\\\/wp-content\\\/uploads\\\/sites\\\/2\\\/2025\\\/12\\\/hansi-flick-rdp-barca-atletico-1.webp\",\"datePublished\":\"2025-12-01T15:37:00+00:00\",\"author\":{\"@id\":\"https:\\\/\\\/www.fcbarcelonanoticias.com\\\/en\\\/#\\\/schema\\\/person\\\/c2cd9f6fa1af5c0d0eccd0fefa575c88\"},\"description\":\"Flick confirmed Araujo's absence against Atl\u00e9tico due to a private matter. He also spoke about Ter Stegen's imminent return and his reaction post-Bar\u00e7a-Alav\u00e9s\",\"breadcrumb\":{\"@id\":\"https:\\\/\\\/www.fcbarcelonanoticias.com\\\/en\\\/laliga\\\/flick-opens-up-about-araujo-and-ter-stegen-current-situation_315388_102.html#breadcrumb\"},\"inLanguage\":\"en-US\",\"potentialAction\":[{\"@type\":\"ReadAction\",\"target\":[\"https:\\\/\\\/www.fcbarcelonanoticias.com\\\/en\\\/laliga\\\/flick-opens-up-about-araujo-and-ter-stegen-current-situation_315388_102.html\"]}]},{\"@type\":\"ImageObject\",\"inLanguage\":\"en-US\",\"@id\":\"https:\\\/\\\/www.fcbarcelonanoticias.com\\\/en\\\/laliga\\\/flick-opens-up-about-araujo-and-ter-stegen-current-situation_315388_102.html#primaryimage\",\"url\":\"https:\\\/\\\/www.fcbarcelonanoticias.com\\\/en\\\/wp-content\\\/uploads\\\/sites\\\/2\\\/2025\\\/12\\\/hansi-flick-rdp-barca-atletico-1.webp\",\"contentUrl\":\"https:\\\/\\\/www.fcbarcelonanoticias.com\\\/en\\\/wp-content\\\/uploads\\\/sites\\\/2\\\/2025\\\/12\\\/hansi-flick-rdp-barca-atletico-1.webp\",\"width\":1200,\"height\":675},{\"@type\":\"BreadcrumbList\",\"@id\":\"https:\\\/\\\/www.fcbarcelonanoticias.com\\\/en\\\/laliga\\\/flick-opens-up-about-araujo-and-ter-stegen-current-situation_315388_102.html#breadcrumb\",\"itemListElement\":[{\"@type\":\"ListItem\",\"position\":1,\"name\":\"Portada\",\"item\":\"https:\\\/\\\/www.fcbarcelonanoticias.com\\\/en\\\/\"},{\"@type\":\"ListItem\",\"position\":2,\"name\":\"Flick confirms Araujo&#8217;s absence against Atl\u00e9tico and explains his reaction at end of Bar\u00e7a-Alav\u00e9s\"}]},{\"@type\":\"WebSite\",\"@id\":\"https:\\\/\\\/www.fcbarcelonanoticias.com\\\/en\\\/#website\",\"url\":\"https:\\\/\\\/www.fcbarcelonanoticias.com\\\/en\\\/\",\"name\":\"EN - FC Barcelona Noticias\",\"description\":\"\",\"potentialAction\":[{\"@type\":\"SearchAction\",\"target\":{\"@type\":\"EntryPoint\",\"urlTemplate\":\"https:\\\/\\\/www.fcbarcelonanoticias.com\\\/en\\\/?s={search_term_string}\"},\"query-input\":{\"@type\":\"PropertyValueSpecification\",\"valueRequired\":true,\"valueName\":\"search_term_string\"}}],\"inLanguage\":\"en-US\"},{\"@type\":\"Person\",\"@id\":\"https:\\\/\\\/www.fcbarcelonanoticias.com\\\/en\\\/#\\\/schema\\\/person\\\/c2cd9f6fa1af5c0d0eccd0fefa575c88\",\"name\":\"Andr\u00e9s Quiroz\",\"image\":{\"@type\":\"ImageObject\",\"inLanguage\":\"en-US\",\"@id\":\"https:\\\/\\\/secure.gravatar.com\\\/avatar\\\/?s=96&d=mm&r=g\",\"url\":\"https:\\\/\\\/secure.gravatar.com\\\/avatar\\\/?s=96&d=mm&r=g\",\"contentUrl\":\"https:\\\/\\\/secure.gravatar.com\\\/avatar\\\/?s=96&d=mm&r=g\",\"caption\":\"Andr\u00e9s Quiroz\"},\"description\":\"Licenciado en Periodismo por la Universidad de los Andes. Me encargo de analizar y compartir los contenidos m\u00e1s destacados de la\u00a0actualidad del F\u00fatbol Club Barcelona, Mercado de Fichajes y F\u00fatbol Internacional en FCBN. La informaci\u00f3n es poder, pero tambi\u00e9n conocimiento.\",\"url\":\"https:\\\/\\\/www.fcbarcelonanoticias.com\\\/en\\\/fc-barcelona\\\/andres-quiroz_17_115.html\"}]}<\/script>\n<!-- \/ Yoast SEO plugin. -->","yoast_head_json":{"title":"Flick opens up about Araujo and Ter Stegen's current situation","description":"Flick confirmed Araujo's absence against Atl\u00e9tico due to a private matter. He also spoke about Ter Stegen's imminent return and his reaction post-Bar\u00e7a-Alav\u00e9s","robots":{"index":"index","follow":"follow","max-snippet":"max-snippet:-1","max-image-preview":"max-image-preview:large","max-video-preview":"max-video-preview:-1"},"canonical":"https:\/\/www.fcbarcelonanoticias.com\/en\/laliga\/flick-opens-up-about-araujo-and-ter-stegen-current-situation_315388_102.html","og_locale":"en_US","og_type":"article","og_title":"Flick opens up about Araujo and Ter Stegen's current situation","og_description":"Flick confirmed Araujo's absence against Atl\u00e9tico due to a private matter. He also spoke about Ter Stegen's imminent return and his reaction post-Bar\u00e7a-Alav\u00e9s","og_url":"https:\/\/www.fcbarcelonanoticias.com\/en\/laliga\/flick-opens-up-about-araujo-and-ter-stegen-current-situation_315388_102.html","og_site_name":"EN - FC Barcelona Noticias","article_published_time":"2025-12-01T15:37:00+00:00","og_image":[{"width":1200,"height":675,"url":"https:\/\/www.fcbarcelonanoticias.com\/en\/wp-content\/uploads\/sites\/2\/2025\/12\/hansi-flick-rdp-barca-atletico-1.webp","type":"image\/webp"}],"author":"Andr\u00e9s Quiroz","twitter_card":"summary_large_image","twitter_misc":{"Written by":"Andr\u00e9s Quiroz","Est. reading time":"3 minutes"},"schema":{"@context":"https:\/\/schema.org","@graph":[{"@type":"Article","@id":"https:\/\/www.fcbarcelonanoticias.com\/en\/laliga\/flick-opens-up-about-araujo-and-ter-stegen-current-situation_315388_102.html#article","isPartOf":{"@id":"https:\/\/www.fcbarcelonanoticias.com\/en\/laliga\/flick-opens-up-about-araujo-and-ter-stegen-current-situation_315388_102.html"},"author":{"name":"Andr\u00e9s Quiroz","@id":"https:\/\/www.fcbarcelonanoticias.com\/en\/#\/schema\/person\/c2cd9f6fa1af5c0d0eccd0fefa575c88"},"headline":"Flick confirms Araujo&#8217;s absence against Atl\u00e9tico and explains his reaction at end of Bar\u00e7a-Alav\u00e9s","datePublished":"2025-12-01T15:37:00+00:00","mainEntityOfPage":{"@id":"https:\/\/www.fcbarcelonanoticias.com\/en\/laliga\/flick-opens-up-about-araujo-and-ter-stegen-current-situation_315388_102.html"},"wordCount":734,"image":{"@id":"https:\/\/www.fcbarcelonanoticias.com\/en\/laliga\/flick-opens-up-about-araujo-and-ter-stegen-current-situation_315388_102.html#primaryimage"},"thumbnailUrl":"https:\/\/www.fcbarcelonanoticias.com\/en\/wp-content\/uploads\/sites\/2\/2025\/12\/hansi-flick-rdp-barca-atletico-1.webp","keywords":["FC Barcelona vs Atl\u00e9tico Madrid","Hansi Flick","Ronald Araujo","Ronald Araujo"],"articleSection":["LaLiga","LaLiga"],"inLanguage":"en-US"},{"@type":"WebPage","@id":"https:\/\/www.fcbarcelonanoticias.com\/en\/laliga\/flick-opens-up-about-araujo-and-ter-stegen-current-situation_315388_102.html","url":"https:\/\/www.fcbarcelonanoticias.com\/en\/laliga\/flick-opens-up-about-araujo-and-ter-stegen-current-situation_315388_102.html","name":"Flick opens up about Araujo and Ter Stegen's current situation","isPartOf":{"@id":"https:\/\/www.fcbarcelonanoticias.com\/en\/#website"},"primaryImageOfPage":{"@id":"https:\/\/www.fcbarcelonanoticias.com\/en\/laliga\/flick-opens-up-about-araujo-and-ter-stegen-current-situation_315388_102.html#primaryimage"},"image":{"@id":"https:\/\/www.fcbarcelonanoticias.com\/en\/laliga\/flick-opens-up-about-araujo-and-ter-stegen-current-situation_315388_102.html#primaryimage"},"thumbnailUrl":"https:\/\/www.fcbarcelonanoticias.com\/en\/wp-content\/uploads\/sites\/2\/2025\/12\/hansi-flick-rdp-barca-atletico-1.webp","datePublished":"2025-12-01T15:37:00+00:00","author":{"@id":"https:\/\/www.fcbarcelonanoticias.com\/en\/#\/schema\/person\/c2cd9f6fa1af5c0d0eccd0fefa575c88"},"description":"Flick confirmed Araujo's absence against Atl\u00e9tico due to a private matter. He also spoke about Ter Stegen's imminent return and his reaction post-Bar\u00e7a-Alav\u00e9s","breadcrumb":{"@id":"https:\/\/www.fcbarcelonanoticias.com\/en\/laliga\/flick-opens-up-about-araujo-and-ter-stegen-current-situation_315388_102.html#breadcrumb"},"inLanguage":"en-US","potentialAction":[{"@type":"ReadAction","target":["https:\/\/www.fcbarcelonanoticias.com\/en\/laliga\/flick-opens-up-about-araujo-and-ter-stegen-current-situation_315388_102.html"]}]},{"@type":"ImageObject","inLanguage":"en-US","@id":"https:\/\/www.fcbarcelonanoticias.com\/en\/laliga\/flick-opens-up-about-araujo-and-ter-stegen-current-situation_315388_102.html#primaryimage","url":"https:\/\/www.fcbarcelonanoticias.com\/en\/wp-content\/uploads\/sites\/2\/2025\/12\/hansi-flick-rdp-barca-atletico-1.webp","contentUrl":"https:\/\/www.fcbarcelonanoticias.com\/en\/wp-content\/uploads\/sites\/2\/2025\/12\/hansi-flick-rdp-barca-atletico-1.webp","width":1200,"height":675},{"@type":"BreadcrumbList","@id":"https:\/\/www.fcbarcelonanoticias.com\/en\/laliga\/flick-opens-up-about-araujo-and-ter-stegen-current-situation_315388_102.html#breadcrumb","itemListElement":[{"@type":"ListItem","position":1,"name":"Portada","item":"https:\/\/www.fcbarcelonanoticias.com\/en\/"},{"@type":"ListItem","position":2,"name":"Flick confirms Araujo&#8217;s absence against Atl\u00e9tico and explains his reaction at end of Bar\u00e7a-Alav\u00e9s"}]},{"@type":"WebSite","@id":"https:\/\/www.fcbarcelonanoticias.com\/en\/#website","url":"https:\/\/www.fcbarcelonanoticias.com\/en\/","name":"EN - FC Barcelona Noticias","description":"","potentialAction":[{"@type":"SearchAction","target":{"@type":"EntryPoint","urlTemplate":"https:\/\/www.fcbarcelonanoticias.com\/en\/?s={search_term_string}"},"query-input":{"@type":"PropertyValueSpecification","valueRequired":true,"valueName":"search_term_string"}}],"inLanguage":"en-US"},{"@type":"Person","@id":"https:\/\/www.fcbarcelonanoticias.com\/en\/#\/schema\/person\/c2cd9f6fa1af5c0d0eccd0fefa575c88","name":"Andr\u00e9s Quiroz","image":{"@type":"ImageObject","inLanguage":"en-US","@id":"https:\/\/secure.gravatar.com\/avatar\/?s=96&d=mm&r=g","url":"https:\/\/secure.gravatar.com\/avatar\/?s=96&d=mm&r=g","contentUrl":"https:\/\/secure.gravatar.com\/avatar\/?s=96&d=mm&r=g","caption":"Andr\u00e9s Quiroz"},"description":"Licenciado en Periodismo por la Universidad de los Andes. Me encargo de analizar y compartir los contenidos m\u00e1s destacados de la\u00a0actualidad del F\u00fatbol Club Barcelona, Mercado de Fichajes y F\u00fatbol Internacional en FCBN. La informaci\u00f3n es poder, pero tambi\u00e9n conocimiento.","url":"https:\/\/www.fcbarcelonanoticias.com\/en\/fc-barcelona\/andres-quiroz_17_115.html"}]}},"_links":{"self":[{"href":"https:\/\/www.fcbarcelonanoticias.com\/en\/wp-json\/wp\/v2\/posts\/54619","targetHints":{"allow":["GET"]}}],"collection":[{"href":"https:\/\/www.fcbarcelonanoticias.com\/en\/wp-json\/wp\/v2\/posts"}],"about":[{"href":"https:\/\/www.fcbarcelonanoticias.com\/en\/wp-json\/wp\/v2\/types\/post"}],"author":[{"embeddable":true,"href":"https:\/\/www.fcbarcelonanoticias.com\/en\/wp-json\/wp\/v2\/users\/347"}],"replies":[{"embeddable":true,"href":"https:\/\/www.fcbarcelonanoticias.com\/en\/wp-json\/wp\/v2\/comments?post=54619"}],"version-history":[{"count":1,"href":"https:\/\/www.fcbarcelonanoticias.com\/en\/wp-json\/wp\/v2\/posts\/54619\/revisions"}],"predecessor-version":[{"id":54620,"href":"https:\/\/www.fcbarcelonanoticias.com\/en\/wp-json\/wp\/v2\/posts\/54619\/revisions\/54620"}],"wp:featuredmedia":[{"embeddable":true,"href":"https:\/\/www.fcbarcelonanoticias.com\/en\/wp-json\/wp\/v2\/media\/54622"}],"wp:attachment":[{"href":"https:\/\/www.fcbarcelonanoticias.com\/en\/wp-json\/wp\/v2\/media?parent=54619"}],"wp:term":[{"taxonomy":"category","embeddable":true,"href":"https:\/\/www.fcbarcelonanoticias.com\/en\/wp-json\/wp\/v2\/categories?post=54619"},{"taxonomy":"post_tag","embeddable":true,"href":"https:\/\/www.fcbarcelonanoticias.com\/en\/wp-json\/wp\/v2\/tags?post=54619"}],"curies":[{"name":"wp","href":"https:\/\/api.w.org\/{rel}","templated":true}]}}