{"id":54623,"date":"2025-08-23T22:13:00","date_gmt":"2025-08-23T20:13:00","guid":{"rendered":"https:\/\/weisetech.dev\/fc-barcelona-noticias\/en\/flick-speaks-on-and-off-field-marc-casado-starter_314339_102\/"},"modified":"2026-04-06T19:08:20","modified_gmt":"2026-04-06T17:08:20","slug":"flick-speaks-on-and-off-field-marc-casado-starter_314339_102","status":"publish","type":"post","link":"https:\/\/www.fcbarcelonanoticias.com\/en\/laliga\/flick-speaks-on-and-off-field-marc-casado-starter_314339_102.html","title":{"rendered":"Flick speaks on and off the field: Marc Casad\u00f3, a starter against Levante"},"content":{"rendered":"<h2 class=\"wp-block-heading\">Hansi Flick closed the exit door to Marc Casad\u00f3 and, in Levante, confirmed his position by putting &#8217;17&#8217; as a starter in the absence of Frenkie de Jong<\/h2>  \r\n<div class=\"article-addons\">\r\n    <a href=\"https:\/\/www.fcbarcelonanoticias.com\/en\/calendar-fc-barcelona.html\"\r\n       target=\"_self\"\r\n       title=\"Calendar of FC Barcelona\"\r\n       class=\"blue-gredient-btn\">\r\n       \r\n        Calendar of FC Barcelona    <\/a>\r\n<\/div>   <p><strong>Hansi Flick<\/strong> has demonstrated time and again, since his arrival on the bench of <strong>FC Barcelona<\/strong>, to be a coach of character and very clear ideas. In the press conference prior to the match against <strong>Levante<\/strong>, the coach stopped the rumors about the possible departure of <strong>Marc Casad\u00f3<\/strong> in the final stretch of the summer market.<\/p>  <p>Well, the coach ratified his position by returning the &#8217;17&#8217; to <a data-external=\"0\" data-intl-links-en=\"https:\/\/www.fcbarcelonanoticias.com\/en\/laliga\/xi-confirmed-official-lineups-for-levante-fc-barcelona_314334_102.html\" data-intl-links-es=\"https:\/\/www.fcbarcelonanoticias.com\/laliga\/xi-confirmado-alineaciones-oficiales-levante-fc-barcelona-rashford-es-titular_314334_102.html\" href=\"https:\/\/www.fcbarcelonanoticias.com\/en\/laliga\/xi-confirmed-official-lineups-for-levante-fc-barcelona_314334_102.html\" rel=\"follow\" target=\"_self\" title=\"XI confirmed: Official lineups for Levante-Bar\u00e7a - Rashford starts!\">his lineup at the Ciutat de Valencia<\/a>. With <strong>Frenkie de Jong<\/strong> out of the squad due to the birth of his son, the player from Sant Pere de Vilamajor was chosen to accompany <strong>Pedri Gonz\u00e1lez<\/strong> as a defensive pivot.<\/p>  <p><strong>Gavi<\/strong>, who had a very good preseason (scoring 3 goals on the Asian tour), was aiming to replace the Dutchman, but Flick speaks clearly on and off the field.&nbsp;<\/p>  <h2>Flick returns Casad\u00f3 to his XI in a complicated place<\/h2>  <p>If there are rumors about <a data-external=\"0\" data-intl-links-en=\"https:\/\/www.fcbarcelonanoticias.com\/en\/transfers\/surprise-interest-in-marc-casado-champions-league-club-goes-all-out_314292_102.html\" data-intl-links-es=\"https:\/\/www.fcbarcelonanoticias.com\/fichajes\/marc-casado-fichaje-olympique-marsella-champions_314292_102.html\" href=\"https:\/\/www.fcbarcelonanoticias.com\/en\/transfers\/surprise-interest-in-marc-casado-champions-league-club-goes-all-out_314292_102.html\" rel=\"follow\" target=\"_self\" title=\"Surprise interest in Marc Casad\u00f3: a Champions League club goes all out\">the little prominence that Casad\u00f3 will have in the 25\/26 season and his possible departure via transfer<\/a>, the coach does not hesitate to return him to the XI in an away game marked on the calendar as &#8216;risky&#8217;. Although the Granota team has just returned to the First Division after three years in the Spanish silver category, it is still a rival to be careful and respectful of.<\/p>  <p>Not surprisingly, <strong>the Valencians took the lead in the 15th minute<\/strong> with a remarkable finish by <strong>Iv\u00e1n Romero<\/strong>. Alejandro Balde was very close to scoring a couple of minutes before, but it was the locals, after a lethal counterattack, who were in charge of breaking the deadlock.<\/p>  <p>Marc, always organized in the build-up, <strong>could do little to prevent the first goal conceded by Bar\u00e7a in the 25\/26 season<\/strong>. The counterattack was gestated after a loss by Lamine Yamal and a quick transition that left the Azulgrana defense badly positioned. Romero dribbled past Joan Garc\u00eda and finished at will.<\/p> ","protected":false},"excerpt":{"rendered":"<p>Hansi Flick closed the exit door to Marc Casad\u00f3 and, in Levante, confirmed his position by putting &#8217;17&#8217; as a starter in the absence of Frenkie de Jong Hansi Flick has demonstrated time and again, since his arrival on the bench of FC Barcelona, to be a coach of character and very clear ideas. In [&hellip;]<\/p>\n","protected":false},"author":347,"featured_media":54626,"comment_status":"closed","ping_status":"open","sticky":false,"template":"","format":"standard","meta":{"_acf_changed":false,"inline_featured_image":false,"_nextfly_llmd_date_locked":false,"footnotes":""},"categories":[114,448,441],"tags":[368,87,186],"class_list":["post-54623","post","type-post","status-publish","format-standard","has-post-thumbnail","hentry","category-laliga","category-laliga-2","category-marc-casado","tag-fc-barcelona-vs-levante","tag-hansi-flick","tag-marc-casado"],"acf":[],"yoast_head":"<!-- This site is optimized with the Yoast SEO plugin v27.3 - https:\/\/yoast.com\/product\/yoast-seo-wordpress\/ -->\n<title>Flick speaks on and off the field: Marc Casad\u00f3, a starter against Levante<\/title>\n<meta name=\"description\" content=\"Hansi Flick closed the exit door to Marc Casad\u00f3 and, in Levante, confirmed his position by putting 17 as a starter in the absence of Frenkie de Jong\" \/>\n<meta name=\"robots\" content=\"index, follow, max-snippet:-1, max-image-preview:large, max-video-preview:-1\" \/>\n<link rel=\"canonical\" href=\"https:\/\/www.fcbarcelonanoticias.com\/en\/laliga\/flick-speaks-on-and-off-field-marc-casado-starter_314339_102.html\" \/>\n<meta property=\"og:locale\" content=\"en_US\" \/>\n<meta property=\"og:type\" content=\"article\" \/>\n<meta property=\"og:title\" content=\"Flick speaks on and off the field: Marc Casad\u00f3, a starter against Levante\" \/>\n<meta property=\"og:description\" content=\"Hansi Flick closed the exit door to Marc Casad\u00f3 and, in Levante, confirmed his position by putting 17 as a starter in the absence of Frenkie de Jong\" \/>\n<meta property=\"og:url\" content=\"https:\/\/www.fcbarcelonanoticias.com\/en\/laliga\/flick-speaks-on-and-off-field-marc-casado-starter_314339_102.html\" \/>\n<meta property=\"og:site_name\" content=\"EN - FC Barcelona Noticias\" \/>\n<meta property=\"article:published_time\" content=\"2025-08-23T20:13:00+00:00\" \/>\n<meta property=\"article:modified_time\" content=\"2026-04-06T17:08:20+00:00\" \/>\n<meta property=\"og:image\" content=\"https:\/\/www.fcbarcelonanoticias.com\/en\/wp-content\/uploads\/sites\/2\/2025\/08\/marc-casado-v-levante-laliga-25-26.webp\" \/>\n\t<meta property=\"og:image:width\" content=\"1200\" \/>\n\t<meta property=\"og:image:height\" content=\"675\" \/>\n\t<meta property=\"og:image:type\" content=\"image\/webp\" \/>\n<meta name=\"author\" content=\"Andr\u00e9s Quiroz\" \/>\n<meta name=\"twitter:card\" content=\"summary_large_image\" \/>\n<meta name=\"twitter:label1\" content=\"Written by\" \/>\n\t<meta name=\"twitter:data1\" content=\"Andr\u00e9s Quiroz\" \/>\n\t<meta name=\"twitter:label2\" content=\"Est. reading time\" \/>\n\t<meta name=\"twitter:data2\" content=\"2 minutes\" \/>\n<script type=\"application\/ld+json\" class=\"yoast-schema-graph\">{\"@context\":\"https:\\\/\\\/schema.org\",\"@graph\":[{\"@type\":\"Article\",\"@id\":\"https:\\\/\\\/www.fcbarcelonanoticias.com\\\/en\\\/laliga\\\/flick-speaks-on-and-off-field-marc-casado-starter_314339_102.html#article\",\"isPartOf\":{\"@id\":\"https:\\\/\\\/www.fcbarcelonanoticias.com\\\/en\\\/laliga\\\/flick-speaks-on-and-off-field-marc-casado-starter_314339_102.html\"},\"author\":{\"name\":\"Andr\u00e9s Quiroz\",\"@id\":\"https:\\\/\\\/www.fcbarcelonanoticias.com\\\/en\\\/#\\\/schema\\\/person\\\/c2cd9f6fa1af5c0d0eccd0fefa575c88\"},\"headline\":\"Flick speaks on and off the field: Marc Casad\u00f3, a starter against Levante\",\"datePublished\":\"2025-08-23T20:13:00+00:00\",\"dateModified\":\"2026-04-06T17:08:20+00:00\",\"mainEntityOfPage\":{\"@id\":\"https:\\\/\\\/www.fcbarcelonanoticias.com\\\/en\\\/laliga\\\/flick-speaks-on-and-off-field-marc-casado-starter_314339_102.html\"},\"wordCount\":357,\"image\":{\"@id\":\"https:\\\/\\\/www.fcbarcelonanoticias.com\\\/en\\\/laliga\\\/flick-speaks-on-and-off-field-marc-casado-starter_314339_102.html#primaryimage\"},\"thumbnailUrl\":\"https:\\\/\\\/www.fcbarcelonanoticias.com\\\/en\\\/wp-content\\\/uploads\\\/sites\\\/2\\\/2025\\\/08\\\/marc-casado-v-levante-laliga-25-26.webp\",\"keywords\":[\"FC Barcelona vs Levante\",\"Hansi Flick\",\"Marc Casad\u00f3\"],\"articleSection\":[\"LaLiga\",\"LaLiga\",\"Marc Casad\u00f3\"],\"inLanguage\":\"en-US\"},{\"@type\":\"WebPage\",\"@id\":\"https:\\\/\\\/www.fcbarcelonanoticias.com\\\/en\\\/laliga\\\/flick-speaks-on-and-off-field-marc-casado-starter_314339_102.html\",\"url\":\"https:\\\/\\\/www.fcbarcelonanoticias.com\\\/en\\\/laliga\\\/flick-speaks-on-and-off-field-marc-casado-starter_314339_102.html\",\"name\":\"Flick speaks on and off the field: Marc Casad\u00f3, a starter against Levante\",\"isPartOf\":{\"@id\":\"https:\\\/\\\/www.fcbarcelonanoticias.com\\\/en\\\/#website\"},\"primaryImageOfPage\":{\"@id\":\"https:\\\/\\\/www.fcbarcelonanoticias.com\\\/en\\\/laliga\\\/flick-speaks-on-and-off-field-marc-casado-starter_314339_102.html#primaryimage\"},\"image\":{\"@id\":\"https:\\\/\\\/www.fcbarcelonanoticias.com\\\/en\\\/laliga\\\/flick-speaks-on-and-off-field-marc-casado-starter_314339_102.html#primaryimage\"},\"thumbnailUrl\":\"https:\\\/\\\/www.fcbarcelonanoticias.com\\\/en\\\/wp-content\\\/uploads\\\/sites\\\/2\\\/2025\\\/08\\\/marc-casado-v-levante-laliga-25-26.webp\",\"datePublished\":\"2025-08-23T20:13:00+00:00\",\"dateModified\":\"2026-04-06T17:08:20+00:00\",\"author\":{\"@id\":\"https:\\\/\\\/www.fcbarcelonanoticias.com\\\/en\\\/#\\\/schema\\\/person\\\/c2cd9f6fa1af5c0d0eccd0fefa575c88\"},\"description\":\"Hansi Flick closed the exit door to Marc Casad\u00f3 and, in Levante, confirmed his position by putting 17 as a starter in the absence of Frenkie de Jong\",\"breadcrumb\":{\"@id\":\"https:\\\/\\\/www.fcbarcelonanoticias.com\\\/en\\\/laliga\\\/flick-speaks-on-and-off-field-marc-casado-starter_314339_102.html#breadcrumb\"},\"inLanguage\":\"en-US\",\"potentialAction\":[{\"@type\":\"ReadAction\",\"target\":[\"https:\\\/\\\/www.fcbarcelonanoticias.com\\\/en\\\/laliga\\\/flick-speaks-on-and-off-field-marc-casado-starter_314339_102.html\"]}]},{\"@type\":\"ImageObject\",\"inLanguage\":\"en-US\",\"@id\":\"https:\\\/\\\/www.fcbarcelonanoticias.com\\\/en\\\/laliga\\\/flick-speaks-on-and-off-field-marc-casado-starter_314339_102.html#primaryimage\",\"url\":\"https:\\\/\\\/www.fcbarcelonanoticias.com\\\/en\\\/wp-content\\\/uploads\\\/sites\\\/2\\\/2025\\\/08\\\/marc-casado-v-levante-laliga-25-26.webp\",\"contentUrl\":\"https:\\\/\\\/www.fcbarcelonanoticias.com\\\/en\\\/wp-content\\\/uploads\\\/sites\\\/2\\\/2025\\\/08\\\/marc-casado-v-levante-laliga-25-26.webp\",\"width\":1200,\"height\":675},{\"@type\":\"BreadcrumbList\",\"@id\":\"https:\\\/\\\/www.fcbarcelonanoticias.com\\\/en\\\/laliga\\\/flick-speaks-on-and-off-field-marc-casado-starter_314339_102.html#breadcrumb\",\"itemListElement\":[{\"@type\":\"ListItem\",\"position\":1,\"name\":\"Portada\",\"item\":\"https:\\\/\\\/www.fcbarcelonanoticias.com\\\/en\\\/\"},{\"@type\":\"ListItem\",\"position\":2,\"name\":\"Flick speaks on and off the field: Marc Casad\u00f3, a starter against Levante\"}]},{\"@type\":\"WebSite\",\"@id\":\"https:\\\/\\\/www.fcbarcelonanoticias.com\\\/en\\\/#website\",\"url\":\"https:\\\/\\\/www.fcbarcelonanoticias.com\\\/en\\\/\",\"name\":\"EN - FC Barcelona Noticias\",\"description\":\"\",\"potentialAction\":[{\"@type\":\"SearchAction\",\"target\":{\"@type\":\"EntryPoint\",\"urlTemplate\":\"https:\\\/\\\/www.fcbarcelonanoticias.com\\\/en\\\/?s={search_term_string}\"},\"query-input\":{\"@type\":\"PropertyValueSpecification\",\"valueRequired\":true,\"valueName\":\"search_term_string\"}}],\"inLanguage\":\"en-US\"},{\"@type\":\"Person\",\"@id\":\"https:\\\/\\\/www.fcbarcelonanoticias.com\\\/en\\\/#\\\/schema\\\/person\\\/c2cd9f6fa1af5c0d0eccd0fefa575c88\",\"name\":\"Andr\u00e9s Quiroz\",\"image\":{\"@type\":\"ImageObject\",\"inLanguage\":\"en-US\",\"@id\":\"https:\\\/\\\/secure.gravatar.com\\\/avatar\\\/?s=96&d=mm&r=g\",\"url\":\"https:\\\/\\\/secure.gravatar.com\\\/avatar\\\/?s=96&d=mm&r=g\",\"contentUrl\":\"https:\\\/\\\/secure.gravatar.com\\\/avatar\\\/?s=96&d=mm&r=g\",\"caption\":\"Andr\u00e9s Quiroz\"},\"description\":\"Licenciado en Periodismo por la Universidad de los Andes. Me encargo de analizar y compartir los contenidos m\u00e1s destacados de la\u00a0actualidad del F\u00fatbol Club Barcelona, Mercado de Fichajes y F\u00fatbol Internacional en FCBN. La informaci\u00f3n es poder, pero tambi\u00e9n conocimiento.\",\"url\":\"https:\\\/\\\/www.fcbarcelonanoticias.com\\\/en\\\/fc-barcelona\\\/andres-quiroz_17_115.html\"}]}<\/script>\n<!-- \/ Yoast SEO plugin. -->","yoast_head_json":{"title":"Flick speaks on and off the field: Marc Casad\u00f3, a starter against Levante","description":"Hansi Flick closed the exit door to Marc Casad\u00f3 and, in Levante, confirmed his position by putting 17 as a starter in the absence of Frenkie de Jong","robots":{"index":"index","follow":"follow","max-snippet":"max-snippet:-1","max-image-preview":"max-image-preview:large","max-video-preview":"max-video-preview:-1"},"canonical":"https:\/\/www.fcbarcelonanoticias.com\/en\/laliga\/flick-speaks-on-and-off-field-marc-casado-starter_314339_102.html","og_locale":"en_US","og_type":"article","og_title":"Flick speaks on and off the field: Marc Casad\u00f3, a starter against Levante","og_description":"Hansi Flick closed the exit door to Marc Casad\u00f3 and, in Levante, confirmed his position by putting 17 as a starter in the absence of Frenkie de Jong","og_url":"https:\/\/www.fcbarcelonanoticias.com\/en\/laliga\/flick-speaks-on-and-off-field-marc-casado-starter_314339_102.html","og_site_name":"EN - FC Barcelona Noticias","article_published_time":"2025-08-23T20:13:00+00:00","article_modified_time":"2026-04-06T17:08:20+00:00","og_image":[{"width":1200,"height":675,"url":"https:\/\/www.fcbarcelonanoticias.com\/en\/wp-content\/uploads\/sites\/2\/2025\/08\/marc-casado-v-levante-laliga-25-26.webp","type":"image\/webp"}],"author":"Andr\u00e9s Quiroz","twitter_card":"summary_large_image","twitter_misc":{"Written by":"Andr\u00e9s Quiroz","Est. reading time":"2 minutes"},"schema":{"@context":"https:\/\/schema.org","@graph":[{"@type":"Article","@id":"https:\/\/www.fcbarcelonanoticias.com\/en\/laliga\/flick-speaks-on-and-off-field-marc-casado-starter_314339_102.html#article","isPartOf":{"@id":"https:\/\/www.fcbarcelonanoticias.com\/en\/laliga\/flick-speaks-on-and-off-field-marc-casado-starter_314339_102.html"},"author":{"name":"Andr\u00e9s Quiroz","@id":"https:\/\/www.fcbarcelonanoticias.com\/en\/#\/schema\/person\/c2cd9f6fa1af5c0d0eccd0fefa575c88"},"headline":"Flick speaks on and off the field: Marc Casad\u00f3, a starter against Levante","datePublished":"2025-08-23T20:13:00+00:00","dateModified":"2026-04-06T17:08:20+00:00","mainEntityOfPage":{"@id":"https:\/\/www.fcbarcelonanoticias.com\/en\/laliga\/flick-speaks-on-and-off-field-marc-casado-starter_314339_102.html"},"wordCount":357,"image":{"@id":"https:\/\/www.fcbarcelonanoticias.com\/en\/laliga\/flick-speaks-on-and-off-field-marc-casado-starter_314339_102.html#primaryimage"},"thumbnailUrl":"https:\/\/www.fcbarcelonanoticias.com\/en\/wp-content\/uploads\/sites\/2\/2025\/08\/marc-casado-v-levante-laliga-25-26.webp","keywords":["FC Barcelona vs Levante","Hansi Flick","Marc Casad\u00f3"],"articleSection":["LaLiga","LaLiga","Marc Casad\u00f3"],"inLanguage":"en-US"},{"@type":"WebPage","@id":"https:\/\/www.fcbarcelonanoticias.com\/en\/laliga\/flick-speaks-on-and-off-field-marc-casado-starter_314339_102.html","url":"https:\/\/www.fcbarcelonanoticias.com\/en\/laliga\/flick-speaks-on-and-off-field-marc-casado-starter_314339_102.html","name":"Flick speaks on and off the field: Marc Casad\u00f3, a starter against Levante","isPartOf":{"@id":"https:\/\/www.fcbarcelonanoticias.com\/en\/#website"},"primaryImageOfPage":{"@id":"https:\/\/www.fcbarcelonanoticias.com\/en\/laliga\/flick-speaks-on-and-off-field-marc-casado-starter_314339_102.html#primaryimage"},"image":{"@id":"https:\/\/www.fcbarcelonanoticias.com\/en\/laliga\/flick-speaks-on-and-off-field-marc-casado-starter_314339_102.html#primaryimage"},"thumbnailUrl":"https:\/\/www.fcbarcelonanoticias.com\/en\/wp-content\/uploads\/sites\/2\/2025\/08\/marc-casado-v-levante-laliga-25-26.webp","datePublished":"2025-08-23T20:13:00+00:00","dateModified":"2026-04-06T17:08:20+00:00","author":{"@id":"https:\/\/www.fcbarcelonanoticias.com\/en\/#\/schema\/person\/c2cd9f6fa1af5c0d0eccd0fefa575c88"},"description":"Hansi Flick closed the exit door to Marc Casad\u00f3 and, in Levante, confirmed his position by putting 17 as a starter in the absence of Frenkie de Jong","breadcrumb":{"@id":"https:\/\/www.fcbarcelonanoticias.com\/en\/laliga\/flick-speaks-on-and-off-field-marc-casado-starter_314339_102.html#breadcrumb"},"inLanguage":"en-US","potentialAction":[{"@type":"ReadAction","target":["https:\/\/www.fcbarcelonanoticias.com\/en\/laliga\/flick-speaks-on-and-off-field-marc-casado-starter_314339_102.html"]}]},{"@type":"ImageObject","inLanguage":"en-US","@id":"https:\/\/www.fcbarcelonanoticias.com\/en\/laliga\/flick-speaks-on-and-off-field-marc-casado-starter_314339_102.html#primaryimage","url":"https:\/\/www.fcbarcelonanoticias.com\/en\/wp-content\/uploads\/sites\/2\/2025\/08\/marc-casado-v-levante-laliga-25-26.webp","contentUrl":"https:\/\/www.fcbarcelonanoticias.com\/en\/wp-content\/uploads\/sites\/2\/2025\/08\/marc-casado-v-levante-laliga-25-26.webp","width":1200,"height":675},{"@type":"BreadcrumbList","@id":"https:\/\/www.fcbarcelonanoticias.com\/en\/laliga\/flick-speaks-on-and-off-field-marc-casado-starter_314339_102.html#breadcrumb","itemListElement":[{"@type":"ListItem","position":1,"name":"Portada","item":"https:\/\/www.fcbarcelonanoticias.com\/en\/"},{"@type":"ListItem","position":2,"name":"Flick speaks on and off the field: Marc Casad\u00f3, a starter against Levante"}]},{"@type":"WebSite","@id":"https:\/\/www.fcbarcelonanoticias.com\/en\/#website","url":"https:\/\/www.fcbarcelonanoticias.com\/en\/","name":"EN - FC Barcelona Noticias","description":"","potentialAction":[{"@type":"SearchAction","target":{"@type":"EntryPoint","urlTemplate":"https:\/\/www.fcbarcelonanoticias.com\/en\/?s={search_term_string}"},"query-input":{"@type":"PropertyValueSpecification","valueRequired":true,"valueName":"search_term_string"}}],"inLanguage":"en-US"},{"@type":"Person","@id":"https:\/\/www.fcbarcelonanoticias.com\/en\/#\/schema\/person\/c2cd9f6fa1af5c0d0eccd0fefa575c88","name":"Andr\u00e9s Quiroz","image":{"@type":"ImageObject","inLanguage":"en-US","@id":"https:\/\/secure.gravatar.com\/avatar\/?s=96&d=mm&r=g","url":"https:\/\/secure.gravatar.com\/avatar\/?s=96&d=mm&r=g","contentUrl":"https:\/\/secure.gravatar.com\/avatar\/?s=96&d=mm&r=g","caption":"Andr\u00e9s Quiroz"},"description":"Licenciado en Periodismo por la Universidad de los Andes. Me encargo de analizar y compartir los contenidos m\u00e1s destacados de la\u00a0actualidad del F\u00fatbol Club Barcelona, Mercado de Fichajes y F\u00fatbol Internacional en FCBN. La informaci\u00f3n es poder, pero tambi\u00e9n conocimiento.","url":"https:\/\/www.fcbarcelonanoticias.com\/en\/fc-barcelona\/andres-quiroz_17_115.html"}]}},"_links":{"self":[{"href":"https:\/\/www.fcbarcelonanoticias.com\/en\/wp-json\/wp\/v2\/posts\/54623","targetHints":{"allow":["GET"]}}],"collection":[{"href":"https:\/\/www.fcbarcelonanoticias.com\/en\/wp-json\/wp\/v2\/posts"}],"about":[{"href":"https:\/\/www.fcbarcelonanoticias.com\/en\/wp-json\/wp\/v2\/types\/post"}],"author":[{"embeddable":true,"href":"https:\/\/www.fcbarcelonanoticias.com\/en\/wp-json\/wp\/v2\/users\/347"}],"replies":[{"embeddable":true,"href":"https:\/\/www.fcbarcelonanoticias.com\/en\/wp-json\/wp\/v2\/comments?post=54623"}],"version-history":[{"count":1,"href":"https:\/\/www.fcbarcelonanoticias.com\/en\/wp-json\/wp\/v2\/posts\/54623\/revisions"}],"predecessor-version":[{"id":115702,"href":"https:\/\/www.fcbarcelonanoticias.com\/en\/wp-json\/wp\/v2\/posts\/54623\/revisions\/115702"}],"wp:featuredmedia":[{"embeddable":true,"href":"https:\/\/www.fcbarcelonanoticias.com\/en\/wp-json\/wp\/v2\/media\/54626"}],"wp:attachment":[{"href":"https:\/\/www.fcbarcelonanoticias.com\/en\/wp-json\/wp\/v2\/media?parent=54623"}],"wp:term":[{"taxonomy":"category","embeddable":true,"href":"https:\/\/www.fcbarcelonanoticias.com\/en\/wp-json\/wp\/v2\/categories?post=54623"},{"taxonomy":"post_tag","embeddable":true,"href":"https:\/\/www.fcbarcelonanoticias.com\/en\/wp-json\/wp\/v2\/tags?post=54623"}],"curies":[{"name":"wp","href":"https:\/\/api.w.org\/{rel}","templated":true}]}}